{"id":23364,"date":"2023-08-23T15:14:38","date_gmt":"2023-08-23T13:14:38","guid":{"rendered":"https:\/\/radioleinewelle.de\/?p=23364"},"modified":"2023-08-23T15:14:40","modified_gmt":"2023-08-23T13:14:40","slug":"album-der-woche-janelle-monae-the-age-of-pleasure","status":"publish","type":"post","link":"https:\/\/radioleinewelle.de\/index.php\/2023\/08\/23\/album-der-woche-janelle-monae-the-age-of-pleasure\/","title":{"rendered":"Album der Woche: Janelle Mon\u00e1e &#8211; The Age Of Pleasure"},"content":{"rendered":"\n<p>Sie hat sich musikalisch rah gemacht in den letzten Jahren: das US-amerikanische Multitalent Janelle Mon\u00e1e, S\u00e4ngerin, Songwriterin, Schauspielerin und T\u00e4nzerin. Nach f\u00fcnf Jahren diesmal kein Konzeptalbum. Party ist angesagt, der Name des Albums &#8222;The Age Of Pleasure&#8220; ist Programm. Die achtmal Grammy\u00a9 nomminierte S\u00e4ngerin hat sich noch nie um Genregrenzen gek\u00fcmmert. Fest verwurzelt in der Tradition<\/p>\n\n\n\n<figure class=\"wp-block-embed is-type-rich is-provider-handler-einbetten wp-block-embed-handler-einbetten wp-embed-aspect-16-9 wp-has-aspect-ratio\"><div class=\"wp-block-embed__wrapper\">\n<iframe loading=\"lazy\" title=\"Janelle Mon\u00e1e - Champagne Shit [Official Audio]\" width=\"500\" height=\"281\" src=\"https:\/\/www.youtube.com\/embed\/iofidfeWMlY?feature=oembed\" frameborder=\"0\" allow=\"accelerometer; autoplay; clipboard-write; encrypted-media; gyroscope; picture-in-picture; web-share\" referrerpolicy=\"strict-origin-when-cross-origin\" allowfullscreen><\/iframe>\n<\/div><\/figure>\n\n\n\n<p>des Soul und Funk greift sie gern auch andere Spielarten auf, eine N\u00e4he zu House oder Hip Hop lastiger Musik ist ihr nicht fremd. Auf dem neuen Album pflegt sie dem puren Hedonismus, die Poolathmosph\u00e4re ist Program. Warum auch nicht, die Zeiten sind hart genug. Nach den Phasen des Kampfes , der \u00c4ngste und der Depressionen ist nun ein neues Zeitalter f\u00fcr die K\u00fcnstlerin angebrochen. Und das ist gut so! Anspieltipps er\u00fcbrigen sich &#8211; play it loud and enjoy!<\/p>\n\n\n\n<p><strong>Foto:<\/strong> Plattencover<\/p>\n","protected":false},"excerpt":{"rendered":"<p>Sie hat sich musikalisch rah gemacht in den letzten Jahren: das US-amerikanische Multitalent Janelle Mon\u00e1e, S\u00e4ngerin, Songwriterin, Schauspielerin und T\u00e4nzerin. Nach f\u00fcnf Jahren diesmal kein Konzeptalbum. Party ist angesagt, der Name des Albums &#8222;The Age Of Pleasure&#8220; ist Programm. Die achtmal Grammy\u00a9 nomminierte S\u00e4ngerin hat sich noch nie um Genregrenzen gek\u00fcmmert. Fest verwurzelt in der [&hellip;]<\/p>\n","protected":false},"author":1,"featured_media":23369,"comment_status":"open","ping_status":"open","sticky":true,"template":"","format":"standard","meta":{"saved_in_kubio":false,"footnotes":""},"categories":[4013],"tags":[],"class_list":["post-23364","post","type-post","status-publish","format-standard","has-post-thumbnail","hentry","category-album-der-woche"],"yoast_head":"<!-- This site is optimized with the Yoast SEO plugin v27.5 - https:\/\/yoast.com\/product\/yoast-seo-wordpress\/ -->\n<title>Album der Woche: Janelle Mon\u00e1e - The Age Of Pleasure - Radio Leinewelle<\/title>\n<meta name=\"robots\" content=\"index, follow, max-snippet:-1, max-image-preview:large, max-video-preview:-1\" \/>\n<link rel=\"canonical\" href=\"https:\/\/radioleinewelle.de\/index.php\/2023\/08\/23\/album-der-woche-janelle-monae-the-age-of-pleasure\/\" \/>\n<meta property=\"og:locale\" content=\"de_DE\" \/>\n<meta property=\"og:type\" content=\"article\" \/>\n<meta property=\"og:title\" content=\"Album der Woche: Janelle Mon\u00e1e - The Age Of Pleasure - Radio Leinewelle\" \/>\n<meta property=\"og:description\" content=\"Sie hat sich musikalisch rah gemacht in den letzten Jahren: das US-amerikanische Multitalent Janelle Mon\u00e1e, S\u00e4ngerin, Songwriterin, Schauspielerin und T\u00e4nzerin. Nach f\u00fcnf Jahren diesmal kein Konzeptalbum. Party ist angesagt, der Name des Albums &#8222;The Age Of Pleasure&#8220; ist Programm. Die achtmal Grammy\u00a9 nomminierte S\u00e4ngerin hat sich noch nie um Genregrenzen gek\u00fcmmert. Fest verwurzelt in der [&hellip;]\" \/>\n<meta property=\"og:url\" content=\"https:\/\/radioleinewelle.de\/index.php\/2023\/08\/23\/album-der-woche-janelle-monae-the-age-of-pleasure\/\" \/>\n<meta property=\"og:site_name\" content=\"Radio Leinewelle\" \/>\n<meta property=\"article:publisher\" content=\"https:\/\/www.facebook.com\/radioleinewelle\" \/>\n<meta property=\"article:author\" content=\"https:\/\/www.facebook.com\/radioleinewelle\" \/>\n<meta property=\"article:published_time\" content=\"2023-08-23T13:14:38+00:00\" \/>\n<meta property=\"article:modified_time\" content=\"2023-08-23T13:14:40+00:00\" \/>\n<meta property=\"og:image\" content=\"https:\/\/radioleinewelle.de\/wp-content\/uploads\/2023\/08\/The-Age-Of-Plesure.jpeg\" \/>\n\t<meta property=\"og:image:width\" content=\"1029\" \/>\n\t<meta property=\"og:image:height\" content=\"1030\" \/>\n\t<meta property=\"og:image:type\" content=\"image\/jpeg\" \/>\n<meta name=\"author\" content=\"Leinewelle\" \/>\n<meta name=\"twitter:card\" content=\"summary_large_image\" \/>\n<meta name=\"twitter:creator\" content=\"@https:\/\/twitter.com\/RLeinewelle?ref_src=twsrcgoogletwcampserptwgrauthor\" \/>\n<meta name=\"twitter:site\" content=\"@RLeinewelle\" \/>\n<meta name=\"twitter:label1\" content=\"Verfasst von\" \/>\n\t<meta name=\"twitter:data1\" content=\"Leinewelle\" \/>\n\t<meta name=\"twitter:label2\" content=\"Gesch\u00e4tzte Lesezeit\" \/>\n\t<meta name=\"twitter:data2\" content=\"1\u00a0Minute\" \/>\n<script type=\"application\/ld+json\" class=\"yoast-schema-graph\">{\"@context\":\"https:\\\/\\\/schema.org\",\"@graph\":[{\"@type\":\"Article\",\"@id\":\"https:\\\/\\\/radioleinewelle.de\\\/index.php\\\/2023\\\/08\\\/23\\\/album-der-woche-janelle-monae-the-age-of-pleasure\\\/#article\",\"isPartOf\":{\"@id\":\"https:\\\/\\\/radioleinewelle.de\\\/index.php\\\/2023\\\/08\\\/23\\\/album-der-woche-janelle-monae-the-age-of-pleasure\\\/\"},\"author\":{\"name\":\"Leinewelle\",\"@id\":\"https:\\\/\\\/radioleinewelle.de\\\/#\\\/schema\\\/person\\\/45606f348637df637192dc1b68399a63\"},\"headline\":\"Album der Woche: Janelle Mon\u00e1e &#8211; The Age Of Pleasure\",\"datePublished\":\"2023-08-23T13:14:38+00:00\",\"dateModified\":\"2023-08-23T13:14:40+00:00\",\"mainEntityOfPage\":{\"@id\":\"https:\\\/\\\/radioleinewelle.de\\\/index.php\\\/2023\\\/08\\\/23\\\/album-der-woche-janelle-monae-the-age-of-pleasure\\\/\"},\"wordCount\":164,\"commentCount\":0,\"publisher\":{\"@id\":\"https:\\\/\\\/radioleinewelle.de\\\/#organization\"},\"image\":{\"@id\":\"https:\\\/\\\/radioleinewelle.de\\\/index.php\\\/2023\\\/08\\\/23\\\/album-der-woche-janelle-monae-the-age-of-pleasure\\\/#primaryimage\"},\"thumbnailUrl\":\"https:\\\/\\\/radioleinewelle.de\\\/wp-content\\\/uploads\\\/2023\\\/08\\\/The-Age-Of-Plesure.jpeg\",\"articleSection\":[\"Album der Woche\"],\"inLanguage\":\"de\",\"potentialAction\":[{\"@type\":\"CommentAction\",\"name\":\"Comment\",\"target\":[\"https:\\\/\\\/radioleinewelle.de\\\/index.php\\\/2023\\\/08\\\/23\\\/album-der-woche-janelle-monae-the-age-of-pleasure\\\/#respond\"]}]},{\"@type\":\"WebPage\",\"@id\":\"https:\\\/\\\/radioleinewelle.de\\\/index.php\\\/2023\\\/08\\\/23\\\/album-der-woche-janelle-monae-the-age-of-pleasure\\\/\",\"url\":\"https:\\\/\\\/radioleinewelle.de\\\/index.php\\\/2023\\\/08\\\/23\\\/album-der-woche-janelle-monae-the-age-of-pleasure\\\/\",\"name\":\"Album der Woche: Janelle Mon\u00e1e - The Age Of Pleasure - Radio Leinewelle\",\"isPartOf\":{\"@id\":\"https:\\\/\\\/radioleinewelle.de\\\/#website\"},\"primaryImageOfPage\":{\"@id\":\"https:\\\/\\\/radioleinewelle.de\\\/index.php\\\/2023\\\/08\\\/23\\\/album-der-woche-janelle-monae-the-age-of-pleasure\\\/#primaryimage\"},\"image\":{\"@id\":\"https:\\\/\\\/radioleinewelle.de\\\/index.php\\\/2023\\\/08\\\/23\\\/album-der-woche-janelle-monae-the-age-of-pleasure\\\/#primaryimage\"},\"thumbnailUrl\":\"https:\\\/\\\/radioleinewelle.de\\\/wp-content\\\/uploads\\\/2023\\\/08\\\/The-Age-Of-Plesure.jpeg\",\"datePublished\":\"2023-08-23T13:14:38+00:00\",\"dateModified\":\"2023-08-23T13:14:40+00:00\",\"breadcrumb\":{\"@id\":\"https:\\\/\\\/radioleinewelle.de\\\/index.php\\\/2023\\\/08\\\/23\\\/album-der-woche-janelle-monae-the-age-of-pleasure\\\/#breadcrumb\"},\"inLanguage\":\"de\",\"potentialAction\":[{\"@type\":\"ReadAction\",\"target\":[\"https:\\\/\\\/radioleinewelle.de\\\/index.php\\\/2023\\\/08\\\/23\\\/album-der-woche-janelle-monae-the-age-of-pleasure\\\/\"]}]},{\"@type\":\"ImageObject\",\"inLanguage\":\"de\",\"@id\":\"https:\\\/\\\/radioleinewelle.de\\\/index.php\\\/2023\\\/08\\\/23\\\/album-der-woche-janelle-monae-the-age-of-pleasure\\\/#primaryimage\",\"url\":\"https:\\\/\\\/radioleinewelle.de\\\/wp-content\\\/uploads\\\/2023\\\/08\\\/The-Age-Of-Plesure.jpeg\",\"contentUrl\":\"https:\\\/\\\/radioleinewelle.de\\\/wp-content\\\/uploads\\\/2023\\\/08\\\/The-Age-Of-Plesure.jpeg\",\"width\":1029,\"height\":1030},{\"@type\":\"BreadcrumbList\",\"@id\":\"https:\\\/\\\/radioleinewelle.de\\\/index.php\\\/2023\\\/08\\\/23\\\/album-der-woche-janelle-monae-the-age-of-pleasure\\\/#breadcrumb\",\"itemListElement\":[{\"@type\":\"ListItem\",\"position\":1,\"name\":\"Startseite\",\"item\":\"https:\\\/\\\/radioleinewelle.de\\\/\"},{\"@type\":\"ListItem\",\"position\":2,\"name\":\"Album der Woche: Janelle Mon\u00e1e &#8211; The Age Of Pleasure\"}]},{\"@type\":\"WebSite\",\"@id\":\"https:\\\/\\\/radioleinewelle.de\\\/#website\",\"url\":\"https:\\\/\\\/radioleinewelle.de\\\/\",\"name\":\"Radio Leinewelle\",\"description\":\"\",\"publisher\":{\"@id\":\"https:\\\/\\\/radioleinewelle.de\\\/#organization\"},\"potentialAction\":[{\"@type\":\"SearchAction\",\"target\":{\"@type\":\"EntryPoint\",\"urlTemplate\":\"https:\\\/\\\/radioleinewelle.de\\\/?s={search_term_string}\"},\"query-input\":{\"@type\":\"PropertyValueSpecification\",\"valueRequired\":true,\"valueName\":\"search_term_string\"}}],\"inLanguage\":\"de\"},{\"@type\":\"Organization\",\"@id\":\"https:\\\/\\\/radioleinewelle.de\\\/#organization\",\"name\":\"Radio Leinewelle\",\"alternateName\":\"Mein Radio f\u00fcr S\u00fcdniedersachsen\",\"url\":\"https:\\\/\\\/radioleinewelle.de\\\/\",\"logo\":{\"@type\":\"ImageObject\",\"inLanguage\":\"de\",\"@id\":\"https:\\\/\\\/radioleinewelle.de\\\/#\\\/schema\\\/logo\\\/image\\\/\",\"url\":\"https:\\\/\\\/radioleinewelle.de\\\/wp-content\\\/uploads\\\/2023\\\/11\\\/cropped-Leinewelle_Logo_weiss.png\",\"contentUrl\":\"https:\\\/\\\/radioleinewelle.de\\\/wp-content\\\/uploads\\\/2023\\\/11\\\/cropped-Leinewelle_Logo_weiss.png\",\"width\":854,\"height\":260,\"caption\":\"Radio Leinewelle\"},\"image\":{\"@id\":\"https:\\\/\\\/radioleinewelle.de\\\/#\\\/schema\\\/logo\\\/image\\\/\"},\"sameAs\":[\"https:\\\/\\\/www.facebook.com\\\/radioleinewelle\",\"https:\\\/\\\/x.com\\\/RLeinewelle\",\"https:\\\/\\\/www.instagram.com\\\/radioleinewelle\\\/?hl=de\"]},{\"@type\":\"Person\",\"@id\":\"https:\\\/\\\/radioleinewelle.de\\\/#\\\/schema\\\/person\\\/45606f348637df637192dc1b68399a63\",\"name\":\"Leinewelle\",\"image\":{\"@type\":\"ImageObject\",\"inLanguage\":\"de\",\"@id\":\"https:\\\/\\\/secure.gravatar.com\\\/avatar\\\/05c9a17bc973052ee5d91549bd32fb4dd0dc85b7b85ae94b2e2b4943476bbea5?s=96&d=blank&r=g\",\"url\":\"https:\\\/\\\/secure.gravatar.com\\\/avatar\\\/05c9a17bc973052ee5d91549bd32fb4dd0dc85b7b85ae94b2e2b4943476bbea5?s=96&d=blank&r=g\",\"contentUrl\":\"https:\\\/\\\/secure.gravatar.com\\\/avatar\\\/05c9a17bc973052ee5d91549bd32fb4dd0dc85b7b85ae94b2e2b4943476bbea5?s=96&d=blank&r=g\",\"caption\":\"Leinewelle\"},\"sameAs\":[\"http:\\\/\\\/localhost\\\/radio%20leinewelle\\\/wordpress\",\"https:\\\/\\\/www.facebook.com\\\/radioleinewelle\",\"https:\\\/\\\/www.instagram.com\\\/radioleinewelle\",\"https:\\\/\\\/x.com\\\/https:\\\/\\\/twitter.com\\\/RLeinewelle?ref_src=twsrcgoogletwcampserptwgrauthor\",\"https:\\\/\\\/soundcloud.com\\\/foerderverein-lokalradio?utm_source=clipboard&utm_medium=text&utm_campaign=social_sharing\"],\"url\":\"https:\\\/\\\/radioleinewelle.de\\\/index.php\\\/author\\\/leinewelle\\\/\"}]}<\/script>\n<!-- \/ Yoast SEO plugin. -->","yoast_head_json":{"title":"Album der Woche: Janelle Mon\u00e1e - The Age Of Pleasure - Radio Leinewelle","robots":{"index":"index","follow":"follow","max-snippet":"max-snippet:-1","max-image-preview":"max-image-preview:large","max-video-preview":"max-video-preview:-1"},"canonical":"https:\/\/radioleinewelle.de\/index.php\/2023\/08\/23\/album-der-woche-janelle-monae-the-age-of-pleasure\/","og_locale":"de_DE","og_type":"article","og_title":"Album der Woche: Janelle Mon\u00e1e - The Age Of Pleasure - Radio Leinewelle","og_description":"Sie hat sich musikalisch rah gemacht in den letzten Jahren: das US-amerikanische Multitalent Janelle Mon\u00e1e, S\u00e4ngerin, Songwriterin, Schauspielerin und T\u00e4nzerin. Nach f\u00fcnf Jahren diesmal kein Konzeptalbum. Party ist angesagt, der Name des Albums &#8222;The Age Of Pleasure&#8220; ist Programm. Die achtmal Grammy\u00a9 nomminierte S\u00e4ngerin hat sich noch nie um Genregrenzen gek\u00fcmmert. Fest verwurzelt in der [&hellip;]","og_url":"https:\/\/radioleinewelle.de\/index.php\/2023\/08\/23\/album-der-woche-janelle-monae-the-age-of-pleasure\/","og_site_name":"Radio Leinewelle","article_publisher":"https:\/\/www.facebook.com\/radioleinewelle","article_author":"https:\/\/www.facebook.com\/radioleinewelle","article_published_time":"2023-08-23T13:14:38+00:00","article_modified_time":"2023-08-23T13:14:40+00:00","og_image":[{"width":1029,"height":1030,"url":"https:\/\/radioleinewelle.de\/wp-content\/uploads\/2023\/08\/The-Age-Of-Plesure.jpeg","type":"image\/jpeg"}],"author":"Leinewelle","twitter_card":"summary_large_image","twitter_creator":"@https:\/\/twitter.com\/RLeinewelle?ref_src=twsrcgoogletwcampserptwgrauthor","twitter_site":"@RLeinewelle","twitter_misc":{"Verfasst von":"Leinewelle","Gesch\u00e4tzte Lesezeit":"1\u00a0Minute"},"schema":{"@context":"https:\/\/schema.org","@graph":[{"@type":"Article","@id":"https:\/\/radioleinewelle.de\/index.php\/2023\/08\/23\/album-der-woche-janelle-monae-the-age-of-pleasure\/#article","isPartOf":{"@id":"https:\/\/radioleinewelle.de\/index.php\/2023\/08\/23\/album-der-woche-janelle-monae-the-age-of-pleasure\/"},"author":{"name":"Leinewelle","@id":"https:\/\/radioleinewelle.de\/#\/schema\/person\/45606f348637df637192dc1b68399a63"},"headline":"Album der Woche: Janelle Mon\u00e1e &#8211; The Age Of Pleasure","datePublished":"2023-08-23T13:14:38+00:00","dateModified":"2023-08-23T13:14:40+00:00","mainEntityOfPage":{"@id":"https:\/\/radioleinewelle.de\/index.php\/2023\/08\/23\/album-der-woche-janelle-monae-the-age-of-pleasure\/"},"wordCount":164,"commentCount":0,"publisher":{"@id":"https:\/\/radioleinewelle.de\/#organization"},"image":{"@id":"https:\/\/radioleinewelle.de\/index.php\/2023\/08\/23\/album-der-woche-janelle-monae-the-age-of-pleasure\/#primaryimage"},"thumbnailUrl":"https:\/\/radioleinewelle.de\/wp-content\/uploads\/2023\/08\/The-Age-Of-Plesure.jpeg","articleSection":["Album der Woche"],"inLanguage":"de","potentialAction":[{"@type":"CommentAction","name":"Comment","target":["https:\/\/radioleinewelle.de\/index.php\/2023\/08\/23\/album-der-woche-janelle-monae-the-age-of-pleasure\/#respond"]}]},{"@type":"WebPage","@id":"https:\/\/radioleinewelle.de\/index.php\/2023\/08\/23\/album-der-woche-janelle-monae-the-age-of-pleasure\/","url":"https:\/\/radioleinewelle.de\/index.php\/2023\/08\/23\/album-der-woche-janelle-monae-the-age-of-pleasure\/","name":"Album der Woche: Janelle Mon\u00e1e - The Age Of Pleasure - Radio Leinewelle","isPartOf":{"@id":"https:\/\/radioleinewelle.de\/#website"},"primaryImageOfPage":{"@id":"https:\/\/radioleinewelle.de\/index.php\/2023\/08\/23\/album-der-woche-janelle-monae-the-age-of-pleasure\/#primaryimage"},"image":{"@id":"https:\/\/radioleinewelle.de\/index.php\/2023\/08\/23\/album-der-woche-janelle-monae-the-age-of-pleasure\/#primaryimage"},"thumbnailUrl":"https:\/\/radioleinewelle.de\/wp-content\/uploads\/2023\/08\/The-Age-Of-Plesure.jpeg","datePublished":"2023-08-23T13:14:38+00:00","dateModified":"2023-08-23T13:14:40+00:00","breadcrumb":{"@id":"https:\/\/radioleinewelle.de\/index.php\/2023\/08\/23\/album-der-woche-janelle-monae-the-age-of-pleasure\/#breadcrumb"},"inLanguage":"de","potentialAction":[{"@type":"ReadAction","target":["https:\/\/radioleinewelle.de\/index.php\/2023\/08\/23\/album-der-woche-janelle-monae-the-age-of-pleasure\/"]}]},{"@type":"ImageObject","inLanguage":"de","@id":"https:\/\/radioleinewelle.de\/index.php\/2023\/08\/23\/album-der-woche-janelle-monae-the-age-of-pleasure\/#primaryimage","url":"https:\/\/radioleinewelle.de\/wp-content\/uploads\/2023\/08\/The-Age-Of-Plesure.jpeg","contentUrl":"https:\/\/radioleinewelle.de\/wp-content\/uploads\/2023\/08\/The-Age-Of-Plesure.jpeg","width":1029,"height":1030},{"@type":"BreadcrumbList","@id":"https:\/\/radioleinewelle.de\/index.php\/2023\/08\/23\/album-der-woche-janelle-monae-the-age-of-pleasure\/#breadcrumb","itemListElement":[{"@type":"ListItem","position":1,"name":"Startseite","item":"https:\/\/radioleinewelle.de\/"},{"@type":"ListItem","position":2,"name":"Album der Woche: Janelle Mon\u00e1e &#8211; The Age Of Pleasure"}]},{"@type":"WebSite","@id":"https:\/\/radioleinewelle.de\/#website","url":"https:\/\/radioleinewelle.de\/","name":"Radio Leinewelle","description":"","publisher":{"@id":"https:\/\/radioleinewelle.de\/#organization"},"potentialAction":[{"@type":"SearchAction","target":{"@type":"EntryPoint","urlTemplate":"https:\/\/radioleinewelle.de\/?s={search_term_string}"},"query-input":{"@type":"PropertyValueSpecification","valueRequired":true,"valueName":"search_term_string"}}],"inLanguage":"de"},{"@type":"Organization","@id":"https:\/\/radioleinewelle.de\/#organization","name":"Radio Leinewelle","alternateName":"Mein Radio f\u00fcr S\u00fcdniedersachsen","url":"https:\/\/radioleinewelle.de\/","logo":{"@type":"ImageObject","inLanguage":"de","@id":"https:\/\/radioleinewelle.de\/#\/schema\/logo\/image\/","url":"https:\/\/radioleinewelle.de\/wp-content\/uploads\/2023\/11\/cropped-Leinewelle_Logo_weiss.png","contentUrl":"https:\/\/radioleinewelle.de\/wp-content\/uploads\/2023\/11\/cropped-Leinewelle_Logo_weiss.png","width":854,"height":260,"caption":"Radio Leinewelle"},"image":{"@id":"https:\/\/radioleinewelle.de\/#\/schema\/logo\/image\/"},"sameAs":["https:\/\/www.facebook.com\/radioleinewelle","https:\/\/x.com\/RLeinewelle","https:\/\/www.instagram.com\/radioleinewelle\/?hl=de"]},{"@type":"Person","@id":"https:\/\/radioleinewelle.de\/#\/schema\/person\/45606f348637df637192dc1b68399a63","name":"Leinewelle","image":{"@type":"ImageObject","inLanguage":"de","@id":"https:\/\/secure.gravatar.com\/avatar\/05c9a17bc973052ee5d91549bd32fb4dd0dc85b7b85ae94b2e2b4943476bbea5?s=96&d=blank&r=g","url":"https:\/\/secure.gravatar.com\/avatar\/05c9a17bc973052ee5d91549bd32fb4dd0dc85b7b85ae94b2e2b4943476bbea5?s=96&d=blank&r=g","contentUrl":"https:\/\/secure.gravatar.com\/avatar\/05c9a17bc973052ee5d91549bd32fb4dd0dc85b7b85ae94b2e2b4943476bbea5?s=96&d=blank&r=g","caption":"Leinewelle"},"sameAs":["http:\/\/localhost\/radio%20leinewelle\/wordpress","https:\/\/www.facebook.com\/radioleinewelle","https:\/\/www.instagram.com\/radioleinewelle","https:\/\/x.com\/https:\/\/twitter.com\/RLeinewelle?ref_src=twsrcgoogletwcampserptwgrauthor","https:\/\/soundcloud.com\/foerderverein-lokalradio?utm_source=clipboard&utm_medium=text&utm_campaign=social_sharing"],"url":"https:\/\/radioleinewelle.de\/index.php\/author\/leinewelle\/"}]}},"_links":{"self":[{"href":"https:\/\/radioleinewelle.de\/index.php\/wp-json\/wp\/v2\/posts\/23364","targetHints":{"allow":["GET"]}}],"collection":[{"href":"https:\/\/radioleinewelle.de\/index.php\/wp-json\/wp\/v2\/posts"}],"about":[{"href":"https:\/\/radioleinewelle.de\/index.php\/wp-json\/wp\/v2\/types\/post"}],"author":[{"embeddable":true,"href":"https:\/\/radioleinewelle.de\/index.php\/wp-json\/wp\/v2\/users\/1"}],"replies":[{"embeddable":true,"href":"https:\/\/radioleinewelle.de\/index.php\/wp-json\/wp\/v2\/comments?post=23364"}],"version-history":[{"count":4,"href":"https:\/\/radioleinewelle.de\/index.php\/wp-json\/wp\/v2\/posts\/23364\/revisions"}],"predecessor-version":[{"id":23370,"href":"https:\/\/radioleinewelle.de\/index.php\/wp-json\/wp\/v2\/posts\/23364\/revisions\/23370"}],"wp:featuredmedia":[{"embeddable":true,"href":"https:\/\/radioleinewelle.de\/index.php\/wp-json\/wp\/v2\/media\/23369"}],"wp:attachment":[{"href":"https:\/\/radioleinewelle.de\/index.php\/wp-json\/wp\/v2\/media?parent=23364"}],"wp:term":[{"taxonomy":"category","embeddable":true,"href":"https:\/\/radioleinewelle.de\/index.php\/wp-json\/wp\/v2\/categories?post=23364"},{"taxonomy":"post_tag","embeddable":true,"href":"https:\/\/radioleinewelle.de\/index.php\/wp-json\/wp\/v2\/tags?post=23364"}],"curies":[{"name":"wp","href":"https:\/\/api.w.org\/{rel}","templated":true}]}}