{"id":23374,"date":"2023-08-26T07:43:53","date_gmt":"2023-08-26T05:43:53","guid":{"rendered":"https:\/\/radioleinewelle.de\/?p=23374"},"modified":"2023-08-26T11:24:09","modified_gmt":"2023-08-26T09:24:09","slug":"23374","status":"publish","type":"post","link":"https:\/\/radioleinewelle.de\/index.php\/2023\/08\/26\/23374\/","title":{"rendered":"Heute ist Christopher Street Day in G\u00f6ttingen"},"content":{"rendered":"\n<p>Aus Anlass des Christopher-Street-Days (CSD), der in heute G\u00f6ttingen stattfindet, haben die Stadt und die Gesellschaft f\u00fcr Wirtschaftsf\u00f6rderung und Stadtentwicklung GWG sichtbare Zeichen f\u00fcr Toleranz und Vielfalt gesetzt: Am Albaniplatz, auf dem die Abschlusskundgebung und anschlie\u00dfende Feier des CSD stattfindet, wurden Banner in Regenbogenfarben aufgestellt. Zus\u00e4tzlich zu den Bannern wurden die Treppenstufen hinauf auf den Albaniplatz, Ecke Theaterplatz in Regenbogenfarben angestrichen.<\/p>\n\n\n\n<figure class=\"wp-block-gallery has-nested-images columns-default is-cropped wp-block-gallery-1 is-layout-flex wp-block-gallery-is-layout-flex\">\n<figure class=\"wp-block-image size-large\"><img loading=\"lazy\" decoding=\"async\" width=\"1024\" height=\"768\" data-id=\"23384\" src=\"https:\/\/radioleinewelle.de\/wp-content\/uploads\/2023\/08\/csd-2023-1024x768.jpg\" alt=\"\" class=\"wp-image-23384\" srcset=\"https:\/\/radioleinewelle.de\/wp-content\/uploads\/2023\/08\/csd-2023-1024x768.jpg 1024w, https:\/\/radioleinewelle.de\/wp-content\/uploads\/2023\/08\/csd-2023-300x225.jpg 300w, https:\/\/radioleinewelle.de\/wp-content\/uploads\/2023\/08\/csd-2023-768x576.jpg 768w, https:\/\/radioleinewelle.de\/wp-content\/uploads\/2023\/08\/csd-2023-1536x1152.jpg 1536w, https:\/\/radioleinewelle.de\/wp-content\/uploads\/2023\/08\/csd-2023-200x150.jpg 200w, https:\/\/radioleinewelle.de\/wp-content\/uploads\/2023\/08\/csd-2023.jpg 2016w\" sizes=\"(max-width: 1024px) 100vw, 1024px\" \/><\/figure>\n\n\n\n<figure class=\"wp-block-image size-large\"><img loading=\"lazy\" decoding=\"async\" width=\"1024\" height=\"768\" data-id=\"23386\" src=\"https:\/\/radioleinewelle.de\/wp-content\/uploads\/2023\/08\/csd-2023-2-1024x768.jpg\" alt=\"\" class=\"wp-image-23386\" srcset=\"https:\/\/radioleinewelle.de\/wp-content\/uploads\/2023\/08\/csd-2023-2-1024x768.jpg 1024w, https:\/\/radioleinewelle.de\/wp-content\/uploads\/2023\/08\/csd-2023-2-300x225.jpg 300w, https:\/\/radioleinewelle.de\/wp-content\/uploads\/2023\/08\/csd-2023-2-768x576.jpg 768w, https:\/\/radioleinewelle.de\/wp-content\/uploads\/2023\/08\/csd-2023-2-1536x1152.jpg 1536w, https:\/\/radioleinewelle.de\/wp-content\/uploads\/2023\/08\/csd-2023-2-200x150.jpg 200w, https:\/\/radioleinewelle.de\/wp-content\/uploads\/2023\/08\/csd-2023-2.jpg 2016w\" sizes=\"(max-width: 1024px) 100vw, 1024px\" \/><\/figure>\n<\/figure>\n\n\n\n<p>Au\u00dferdem wird die Stadt zudem die Regenbogenfahne am Neuen Rathaus hissen. Im Stadtgebiet werden au\u00dferdem entlang der CSD-Route weitere Banner aufgestellt werden. Ab heute Mittag startet die gro\u00dfe Demo vor dem Neuen Rathaus. Hier das komplette Programm:<\/p>\n\n\n\n<figure class=\"wp-block-image size-large is-resized\"><img loading=\"lazy\" decoding=\"async\" src=\"https:\/\/radioleinewelle.de\/wp-content\/uploads\/2023\/08\/Programm-Final-2-1024x1024.png\" alt=\"\" class=\"wp-image-23379\" style=\"width:663px;height:663px\" width=\"663\" height=\"663\" srcset=\"https:\/\/radioleinewelle.de\/wp-content\/uploads\/2023\/08\/Programm-Final-2-1024x1024.png 1024w, https:\/\/radioleinewelle.de\/wp-content\/uploads\/2023\/08\/Programm-Final-2-300x300.png 300w, https:\/\/radioleinewelle.de\/wp-content\/uploads\/2023\/08\/Programm-Final-2-150x150.png 150w, https:\/\/radioleinewelle.de\/wp-content\/uploads\/2023\/08\/Programm-Final-2-768x768.png 768w, https:\/\/radioleinewelle.de\/wp-content\/uploads\/2023\/08\/Programm-Final-2-200x200.png 200w, https:\/\/radioleinewelle.de\/wp-content\/uploads\/2023\/08\/Programm-Final-2-520x520.png 520w, https:\/\/radioleinewelle.de\/wp-content\/uploads\/2023\/08\/Programm-Final-2.png 1350w\" sizes=\"(max-width: 663px) 100vw, 663px\" \/><\/figure>\n\n\n\n<p><strong><a href=\"https:\/\/csd-goettingen.de\/programm\/\">Programm und Infos zum CSD in G\u00f6ttingen<\/a><\/strong><\/p>\n\n\n\n<p>\u201eSei, wer Du sein m\u00f6chtest. Liebe, wen Du lieben m\u00f6chtest.\u201c Wertsch\u00e4tzende Aussagen wie diese zieren die Banner, die die Stadt am Albaniplatz aufgestellt hat. F\u00fcr die Stadt G\u00f6ttingen w\u00fcnschen Anja Krause (Sozial- und Kulturdezernentin), Jens D\u00fcwel (GWG), Frithjof Look (Stadtbaurat), Simone Kamin (Queeres Zentrum) und Caro Hoff (CSD Aktionsb\u00fcndnis G\u00f6ttingen) alles Gute zum CSD 2023. (von links nach rechts) <strong>Foto:<\/strong> \u00a9Dominik Kimyon\/Stadt G\u00f6ttingen<\/p>\n\n\n\n<p>Programm: Queeres Zentrum G\u00f6ttingen<\/p>\n\n\n\n<p><\/p>\n\n\n\n\n","protected":false},"excerpt":{"rendered":"<p>Aus Anlass des Christopher-Street-Days (CSD), der in heute G\u00f6ttingen stattfindet, haben die Stadt und die Gesellschaft f\u00fcr Wirtschaftsf\u00f6rderung und Stadtentwicklung GWG sichtbare Zeichen f\u00fcr Toleranz und Vielfalt gesetzt: Am Albaniplatz, auf dem die Abschlusskundgebung und anschlie\u00dfende Feier des CSD stattfindet, wurden Banner in Regenbogenfarben aufgestellt. Zus\u00e4tzlich zu den Bannern wurden die Treppenstufen hinauf auf den [&hellip;]<\/p>\n","protected":false},"author":1,"featured_media":23375,"comment_status":"open","ping_status":"open","sticky":true,"template":"","format":"standard","meta":{"saved_in_kubio":false,"footnotes":""},"categories":[3475],"tags":[],"class_list":["post-23374","post","type-post","status-publish","format-standard","has-post-thumbnail","hentry","category-queer"],"yoast_head":"<!-- This site is optimized with the Yoast SEO plugin v27.5 - https:\/\/yoast.com\/product\/yoast-seo-wordpress\/ -->\n<title>Heute ist Christopher Street Day in G\u00f6ttingen - Radio Leinewelle<\/title>\n<meta name=\"robots\" content=\"index, follow, max-snippet:-1, max-image-preview:large, max-video-preview:-1\" \/>\n<link rel=\"canonical\" href=\"https:\/\/radioleinewelle.de\/index.php\/2023\/08\/26\/23374\/\" \/>\n<meta property=\"og:locale\" content=\"de_DE\" \/>\n<meta property=\"og:type\" content=\"article\" \/>\n<meta property=\"og:title\" content=\"Heute ist Christopher Street Day in G\u00f6ttingen - Radio Leinewelle\" \/>\n<meta property=\"og:description\" content=\"Aus Anlass des Christopher-Street-Days (CSD), der in heute G\u00f6ttingen stattfindet, haben die Stadt und die Gesellschaft f\u00fcr Wirtschaftsf\u00f6rderung und Stadtentwicklung GWG sichtbare Zeichen f\u00fcr Toleranz und Vielfalt gesetzt: Am Albaniplatz, auf dem die Abschlusskundgebung und anschlie\u00dfende Feier des CSD stattfindet, wurden Banner in Regenbogenfarben aufgestellt. Zus\u00e4tzlich zu den Bannern wurden die Treppenstufen hinauf auf den [&hellip;]\" \/>\n<meta property=\"og:url\" content=\"https:\/\/radioleinewelle.de\/index.php\/2023\/08\/26\/23374\/\" \/>\n<meta property=\"og:site_name\" content=\"Radio Leinewelle\" \/>\n<meta property=\"article:publisher\" content=\"https:\/\/www.facebook.com\/radioleinewelle\" \/>\n<meta property=\"article:author\" content=\"https:\/\/www.facebook.com\/radioleinewelle\" \/>\n<meta property=\"article:published_time\" content=\"2023-08-26T05:43:53+00:00\" \/>\n<meta property=\"article:modified_time\" content=\"2023-08-26T09:24:09+00:00\" \/>\n<meta property=\"og:image\" content=\"https:\/\/radioleinewelle.de\/wp-content\/uploads\/2023\/08\/600.jpg\" \/>\n\t<meta property=\"og:image:width\" content=\"600\" \/>\n\t<meta property=\"og:image:height\" content=\"450\" \/>\n\t<meta property=\"og:image:type\" content=\"image\/jpeg\" \/>\n<meta name=\"author\" content=\"Leinewelle\" \/>\n<meta name=\"twitter:card\" content=\"summary_large_image\" \/>\n<meta name=\"twitter:creator\" content=\"@https:\/\/twitter.com\/RLeinewelle?ref_src=twsrcgoogletwcampserptwgrauthor\" \/>\n<meta name=\"twitter:site\" content=\"@RLeinewelle\" \/>\n<meta name=\"twitter:label1\" content=\"Verfasst von\" \/>\n\t<meta name=\"twitter:data1\" content=\"Leinewelle\" \/>\n\t<meta name=\"twitter:label2\" content=\"Gesch\u00e4tzte Lesezeit\" \/>\n\t<meta name=\"twitter:data2\" content=\"2\u00a0Minuten\" \/>\n<script type=\"application\/ld+json\" class=\"yoast-schema-graph\">{\"@context\":\"https:\\\/\\\/schema.org\",\"@graph\":[{\"@type\":\"Article\",\"@id\":\"https:\\\/\\\/radioleinewelle.de\\\/index.php\\\/2023\\\/08\\\/26\\\/23374\\\/#article\",\"isPartOf\":{\"@id\":\"https:\\\/\\\/radioleinewelle.de\\\/index.php\\\/2023\\\/08\\\/26\\\/23374\\\/\"},\"author\":{\"name\":\"Leinewelle\",\"@id\":\"https:\\\/\\\/radioleinewelle.de\\\/#\\\/schema\\\/person\\\/45606f348637df637192dc1b68399a63\"},\"headline\":\"Heute ist Christopher Street Day in G\u00f6ttingen\",\"datePublished\":\"2023-08-26T05:43:53+00:00\",\"dateModified\":\"2023-08-26T09:24:09+00:00\",\"mainEntityOfPage\":{\"@id\":\"https:\\\/\\\/radioleinewelle.de\\\/index.php\\\/2023\\\/08\\\/26\\\/23374\\\/\"},\"wordCount\":201,\"commentCount\":0,\"publisher\":{\"@id\":\"https:\\\/\\\/radioleinewelle.de\\\/#organization\"},\"image\":{\"@id\":\"https:\\\/\\\/radioleinewelle.de\\\/index.php\\\/2023\\\/08\\\/26\\\/23374\\\/#primaryimage\"},\"thumbnailUrl\":\"https:\\\/\\\/radioleinewelle.de\\\/wp-content\\\/uploads\\\/2023\\\/08\\\/600.jpg\",\"articleSection\":[\"Queer\"],\"inLanguage\":\"de\",\"potentialAction\":[{\"@type\":\"CommentAction\",\"name\":\"Comment\",\"target\":[\"https:\\\/\\\/radioleinewelle.de\\\/index.php\\\/2023\\\/08\\\/26\\\/23374\\\/#respond\"]}]},{\"@type\":\"WebPage\",\"@id\":\"https:\\\/\\\/radioleinewelle.de\\\/index.php\\\/2023\\\/08\\\/26\\\/23374\\\/\",\"url\":\"https:\\\/\\\/radioleinewelle.de\\\/index.php\\\/2023\\\/08\\\/26\\\/23374\\\/\",\"name\":\"Heute ist Christopher Street Day in G\u00f6ttingen - Radio Leinewelle\",\"isPartOf\":{\"@id\":\"https:\\\/\\\/radioleinewelle.de\\\/#website\"},\"primaryImageOfPage\":{\"@id\":\"https:\\\/\\\/radioleinewelle.de\\\/index.php\\\/2023\\\/08\\\/26\\\/23374\\\/#primaryimage\"},\"image\":{\"@id\":\"https:\\\/\\\/radioleinewelle.de\\\/index.php\\\/2023\\\/08\\\/26\\\/23374\\\/#primaryimage\"},\"thumbnailUrl\":\"https:\\\/\\\/radioleinewelle.de\\\/wp-content\\\/uploads\\\/2023\\\/08\\\/600.jpg\",\"datePublished\":\"2023-08-26T05:43:53+00:00\",\"dateModified\":\"2023-08-26T09:24:09+00:00\",\"breadcrumb\":{\"@id\":\"https:\\\/\\\/radioleinewelle.de\\\/index.php\\\/2023\\\/08\\\/26\\\/23374\\\/#breadcrumb\"},\"inLanguage\":\"de\",\"potentialAction\":[{\"@type\":\"ReadAction\",\"target\":[\"https:\\\/\\\/radioleinewelle.de\\\/index.php\\\/2023\\\/08\\\/26\\\/23374\\\/\"]}]},{\"@type\":\"ImageObject\",\"inLanguage\":\"de\",\"@id\":\"https:\\\/\\\/radioleinewelle.de\\\/index.php\\\/2023\\\/08\\\/26\\\/23374\\\/#primaryimage\",\"url\":\"https:\\\/\\\/radioleinewelle.de\\\/wp-content\\\/uploads\\\/2023\\\/08\\\/600.jpg\",\"contentUrl\":\"https:\\\/\\\/radioleinewelle.de\\\/wp-content\\\/uploads\\\/2023\\\/08\\\/600.jpg\",\"width\":600,\"height\":450},{\"@type\":\"BreadcrumbList\",\"@id\":\"https:\\\/\\\/radioleinewelle.de\\\/index.php\\\/2023\\\/08\\\/26\\\/23374\\\/#breadcrumb\",\"itemListElement\":[{\"@type\":\"ListItem\",\"position\":1,\"name\":\"Startseite\",\"item\":\"https:\\\/\\\/radioleinewelle.de\\\/\"},{\"@type\":\"ListItem\",\"position\":2,\"name\":\"Heute ist Christopher Street Day in G\u00f6ttingen\"}]},{\"@type\":\"WebSite\",\"@id\":\"https:\\\/\\\/radioleinewelle.de\\\/#website\",\"url\":\"https:\\\/\\\/radioleinewelle.de\\\/\",\"name\":\"Radio Leinewelle\",\"description\":\"\",\"publisher\":{\"@id\":\"https:\\\/\\\/radioleinewelle.de\\\/#organization\"},\"potentialAction\":[{\"@type\":\"SearchAction\",\"target\":{\"@type\":\"EntryPoint\",\"urlTemplate\":\"https:\\\/\\\/radioleinewelle.de\\\/?s={search_term_string}\"},\"query-input\":{\"@type\":\"PropertyValueSpecification\",\"valueRequired\":true,\"valueName\":\"search_term_string\"}}],\"inLanguage\":\"de\"},{\"@type\":\"Organization\",\"@id\":\"https:\\\/\\\/radioleinewelle.de\\\/#organization\",\"name\":\"Radio Leinewelle\",\"alternateName\":\"Mein Radio f\u00fcr S\u00fcdniedersachsen\",\"url\":\"https:\\\/\\\/radioleinewelle.de\\\/\",\"logo\":{\"@type\":\"ImageObject\",\"inLanguage\":\"de\",\"@id\":\"https:\\\/\\\/radioleinewelle.de\\\/#\\\/schema\\\/logo\\\/image\\\/\",\"url\":\"https:\\\/\\\/radioleinewelle.de\\\/wp-content\\\/uploads\\\/2023\\\/11\\\/cropped-Leinewelle_Logo_weiss.png\",\"contentUrl\":\"https:\\\/\\\/radioleinewelle.de\\\/wp-content\\\/uploads\\\/2023\\\/11\\\/cropped-Leinewelle_Logo_weiss.png\",\"width\":854,\"height\":260,\"caption\":\"Radio Leinewelle\"},\"image\":{\"@id\":\"https:\\\/\\\/radioleinewelle.de\\\/#\\\/schema\\\/logo\\\/image\\\/\"},\"sameAs\":[\"https:\\\/\\\/www.facebook.com\\\/radioleinewelle\",\"https:\\\/\\\/x.com\\\/RLeinewelle\",\"https:\\\/\\\/www.instagram.com\\\/radioleinewelle\\\/?hl=de\"]},{\"@type\":\"Person\",\"@id\":\"https:\\\/\\\/radioleinewelle.de\\\/#\\\/schema\\\/person\\\/45606f348637df637192dc1b68399a63\",\"name\":\"Leinewelle\",\"image\":{\"@type\":\"ImageObject\",\"inLanguage\":\"de\",\"@id\":\"https:\\\/\\\/secure.gravatar.com\\\/avatar\\\/05c9a17bc973052ee5d91549bd32fb4dd0dc85b7b85ae94b2e2b4943476bbea5?s=96&d=blank&r=g\",\"url\":\"https:\\\/\\\/secure.gravatar.com\\\/avatar\\\/05c9a17bc973052ee5d91549bd32fb4dd0dc85b7b85ae94b2e2b4943476bbea5?s=96&d=blank&r=g\",\"contentUrl\":\"https:\\\/\\\/secure.gravatar.com\\\/avatar\\\/05c9a17bc973052ee5d91549bd32fb4dd0dc85b7b85ae94b2e2b4943476bbea5?s=96&d=blank&r=g\",\"caption\":\"Leinewelle\"},\"sameAs\":[\"http:\\\/\\\/localhost\\\/radio%20leinewelle\\\/wordpress\",\"https:\\\/\\\/www.facebook.com\\\/radioleinewelle\",\"https:\\\/\\\/www.instagram.com\\\/radioleinewelle\",\"https:\\\/\\\/x.com\\\/https:\\\/\\\/twitter.com\\\/RLeinewelle?ref_src=twsrcgoogletwcampserptwgrauthor\",\"https:\\\/\\\/soundcloud.com\\\/foerderverein-lokalradio?utm_source=clipboard&utm_medium=text&utm_campaign=social_sharing\"],\"url\":\"https:\\\/\\\/radioleinewelle.de\\\/index.php\\\/author\\\/leinewelle\\\/\"}]}<\/script>\n<!-- \/ Yoast SEO plugin. -->","yoast_head_json":{"title":"Heute ist Christopher Street Day in G\u00f6ttingen - Radio Leinewelle","robots":{"index":"index","follow":"follow","max-snippet":"max-snippet:-1","max-image-preview":"max-image-preview:large","max-video-preview":"max-video-preview:-1"},"canonical":"https:\/\/radioleinewelle.de\/index.php\/2023\/08\/26\/23374\/","og_locale":"de_DE","og_type":"article","og_title":"Heute ist Christopher Street Day in G\u00f6ttingen - Radio Leinewelle","og_description":"Aus Anlass des Christopher-Street-Days (CSD), der in heute G\u00f6ttingen stattfindet, haben die Stadt und die Gesellschaft f\u00fcr Wirtschaftsf\u00f6rderung und Stadtentwicklung GWG sichtbare Zeichen f\u00fcr Toleranz und Vielfalt gesetzt: Am Albaniplatz, auf dem die Abschlusskundgebung und anschlie\u00dfende Feier des CSD stattfindet, wurden Banner in Regenbogenfarben aufgestellt. Zus\u00e4tzlich zu den Bannern wurden die Treppenstufen hinauf auf den [&hellip;]","og_url":"https:\/\/radioleinewelle.de\/index.php\/2023\/08\/26\/23374\/","og_site_name":"Radio Leinewelle","article_publisher":"https:\/\/www.facebook.com\/radioleinewelle","article_author":"https:\/\/www.facebook.com\/radioleinewelle","article_published_time":"2023-08-26T05:43:53+00:00","article_modified_time":"2023-08-26T09:24:09+00:00","og_image":[{"width":600,"height":450,"url":"https:\/\/radioleinewelle.de\/wp-content\/uploads\/2023\/08\/600.jpg","type":"image\/jpeg"}],"author":"Leinewelle","twitter_card":"summary_large_image","twitter_creator":"@https:\/\/twitter.com\/RLeinewelle?ref_src=twsrcgoogletwcampserptwgrauthor","twitter_site":"@RLeinewelle","twitter_misc":{"Verfasst von":"Leinewelle","Gesch\u00e4tzte Lesezeit":"2\u00a0Minuten"},"schema":{"@context":"https:\/\/schema.org","@graph":[{"@type":"Article","@id":"https:\/\/radioleinewelle.de\/index.php\/2023\/08\/26\/23374\/#article","isPartOf":{"@id":"https:\/\/radioleinewelle.de\/index.php\/2023\/08\/26\/23374\/"},"author":{"name":"Leinewelle","@id":"https:\/\/radioleinewelle.de\/#\/schema\/person\/45606f348637df637192dc1b68399a63"},"headline":"Heute ist Christopher Street Day in G\u00f6ttingen","datePublished":"2023-08-26T05:43:53+00:00","dateModified":"2023-08-26T09:24:09+00:00","mainEntityOfPage":{"@id":"https:\/\/radioleinewelle.de\/index.php\/2023\/08\/26\/23374\/"},"wordCount":201,"commentCount":0,"publisher":{"@id":"https:\/\/radioleinewelle.de\/#organization"},"image":{"@id":"https:\/\/radioleinewelle.de\/index.php\/2023\/08\/26\/23374\/#primaryimage"},"thumbnailUrl":"https:\/\/radioleinewelle.de\/wp-content\/uploads\/2023\/08\/600.jpg","articleSection":["Queer"],"inLanguage":"de","potentialAction":[{"@type":"CommentAction","name":"Comment","target":["https:\/\/radioleinewelle.de\/index.php\/2023\/08\/26\/23374\/#respond"]}]},{"@type":"WebPage","@id":"https:\/\/radioleinewelle.de\/index.php\/2023\/08\/26\/23374\/","url":"https:\/\/radioleinewelle.de\/index.php\/2023\/08\/26\/23374\/","name":"Heute ist Christopher Street Day in G\u00f6ttingen - Radio Leinewelle","isPartOf":{"@id":"https:\/\/radioleinewelle.de\/#website"},"primaryImageOfPage":{"@id":"https:\/\/radioleinewelle.de\/index.php\/2023\/08\/26\/23374\/#primaryimage"},"image":{"@id":"https:\/\/radioleinewelle.de\/index.php\/2023\/08\/26\/23374\/#primaryimage"},"thumbnailUrl":"https:\/\/radioleinewelle.de\/wp-content\/uploads\/2023\/08\/600.jpg","datePublished":"2023-08-26T05:43:53+00:00","dateModified":"2023-08-26T09:24:09+00:00","breadcrumb":{"@id":"https:\/\/radioleinewelle.de\/index.php\/2023\/08\/26\/23374\/#breadcrumb"},"inLanguage":"de","potentialAction":[{"@type":"ReadAction","target":["https:\/\/radioleinewelle.de\/index.php\/2023\/08\/26\/23374\/"]}]},{"@type":"ImageObject","inLanguage":"de","@id":"https:\/\/radioleinewelle.de\/index.php\/2023\/08\/26\/23374\/#primaryimage","url":"https:\/\/radioleinewelle.de\/wp-content\/uploads\/2023\/08\/600.jpg","contentUrl":"https:\/\/radioleinewelle.de\/wp-content\/uploads\/2023\/08\/600.jpg","width":600,"height":450},{"@type":"BreadcrumbList","@id":"https:\/\/radioleinewelle.de\/index.php\/2023\/08\/26\/23374\/#breadcrumb","itemListElement":[{"@type":"ListItem","position":1,"name":"Startseite","item":"https:\/\/radioleinewelle.de\/"},{"@type":"ListItem","position":2,"name":"Heute ist Christopher Street Day in G\u00f6ttingen"}]},{"@type":"WebSite","@id":"https:\/\/radioleinewelle.de\/#website","url":"https:\/\/radioleinewelle.de\/","name":"Radio Leinewelle","description":"","publisher":{"@id":"https:\/\/radioleinewelle.de\/#organization"},"potentialAction":[{"@type":"SearchAction","target":{"@type":"EntryPoint","urlTemplate":"https:\/\/radioleinewelle.de\/?s={search_term_string}"},"query-input":{"@type":"PropertyValueSpecification","valueRequired":true,"valueName":"search_term_string"}}],"inLanguage":"de"},{"@type":"Organization","@id":"https:\/\/radioleinewelle.de\/#organization","name":"Radio Leinewelle","alternateName":"Mein Radio f\u00fcr S\u00fcdniedersachsen","url":"https:\/\/radioleinewelle.de\/","logo":{"@type":"ImageObject","inLanguage":"de","@id":"https:\/\/radioleinewelle.de\/#\/schema\/logo\/image\/","url":"https:\/\/radioleinewelle.de\/wp-content\/uploads\/2023\/11\/cropped-Leinewelle_Logo_weiss.png","contentUrl":"https:\/\/radioleinewelle.de\/wp-content\/uploads\/2023\/11\/cropped-Leinewelle_Logo_weiss.png","width":854,"height":260,"caption":"Radio Leinewelle"},"image":{"@id":"https:\/\/radioleinewelle.de\/#\/schema\/logo\/image\/"},"sameAs":["https:\/\/www.facebook.com\/radioleinewelle","https:\/\/x.com\/RLeinewelle","https:\/\/www.instagram.com\/radioleinewelle\/?hl=de"]},{"@type":"Person","@id":"https:\/\/radioleinewelle.de\/#\/schema\/person\/45606f348637df637192dc1b68399a63","name":"Leinewelle","image":{"@type":"ImageObject","inLanguage":"de","@id":"https:\/\/secure.gravatar.com\/avatar\/05c9a17bc973052ee5d91549bd32fb4dd0dc85b7b85ae94b2e2b4943476bbea5?s=96&d=blank&r=g","url":"https:\/\/secure.gravatar.com\/avatar\/05c9a17bc973052ee5d91549bd32fb4dd0dc85b7b85ae94b2e2b4943476bbea5?s=96&d=blank&r=g","contentUrl":"https:\/\/secure.gravatar.com\/avatar\/05c9a17bc973052ee5d91549bd32fb4dd0dc85b7b85ae94b2e2b4943476bbea5?s=96&d=blank&r=g","caption":"Leinewelle"},"sameAs":["http:\/\/localhost\/radio%20leinewelle\/wordpress","https:\/\/www.facebook.com\/radioleinewelle","https:\/\/www.instagram.com\/radioleinewelle","https:\/\/x.com\/https:\/\/twitter.com\/RLeinewelle?ref_src=twsrcgoogletwcampserptwgrauthor","https:\/\/soundcloud.com\/foerderverein-lokalradio?utm_source=clipboard&utm_medium=text&utm_campaign=social_sharing"],"url":"https:\/\/radioleinewelle.de\/index.php\/author\/leinewelle\/"}]}},"_links":{"self":[{"href":"https:\/\/radioleinewelle.de\/index.php\/wp-json\/wp\/v2\/posts\/23374","targetHints":{"allow":["GET"]}}],"collection":[{"href":"https:\/\/radioleinewelle.de\/index.php\/wp-json\/wp\/v2\/posts"}],"about":[{"href":"https:\/\/radioleinewelle.de\/index.php\/wp-json\/wp\/v2\/types\/post"}],"author":[{"embeddable":true,"href":"https:\/\/radioleinewelle.de\/index.php\/wp-json\/wp\/v2\/users\/1"}],"replies":[{"embeddable":true,"href":"https:\/\/radioleinewelle.de\/index.php\/wp-json\/wp\/v2\/comments?post=23374"}],"version-history":[{"count":6,"href":"https:\/\/radioleinewelle.de\/index.php\/wp-json\/wp\/v2\/posts\/23374\/revisions"}],"predecessor-version":[{"id":23388,"href":"https:\/\/radioleinewelle.de\/index.php\/wp-json\/wp\/v2\/posts\/23374\/revisions\/23388"}],"wp:featuredmedia":[{"embeddable":true,"href":"https:\/\/radioleinewelle.de\/index.php\/wp-json\/wp\/v2\/media\/23375"}],"wp:attachment":[{"href":"https:\/\/radioleinewelle.de\/index.php\/wp-json\/wp\/v2\/media?parent=23374"}],"wp:term":[{"taxonomy":"category","embeddable":true,"href":"https:\/\/radioleinewelle.de\/index.php\/wp-json\/wp\/v2\/categories?post=23374"},{"taxonomy":"post_tag","embeddable":true,"href":"https:\/\/radioleinewelle.de\/index.php\/wp-json\/wp\/v2\/tags?post=23374"}],"curies":[{"name":"wp","href":"https:\/\/api.w.org\/{rel}","templated":true}]}}