{"id":23395,"date":"2023-08-28T11:06:13","date_gmt":"2023-08-28T09:06:13","guid":{"rendered":"https:\/\/radioleinewelle.de\/?p=23395"},"modified":"2023-08-28T11:06:17","modified_gmt":"2023-08-28T09:06:17","slug":"news-und-infos-am-28-08","status":"publish","type":"post","link":"https:\/\/radioleinewelle.de\/index.php\/2023\/08\/28\/news-und-infos-am-28-08\/","title":{"rendered":"News und Infos am 28.08."},"content":{"rendered":"\n<p>+++ Auf der <strong>Kreisstra\u00dfe 342<\/strong> kam es zwischen den Ortschaften Barterode und Adelebsen (Landkreis G\u00f6ttingen) am Sonntagabend (27.08.23) gegen 21.44 Uhr zu einem <strong>schweren Verkehrsunfall<\/strong>, bei dem der Fahrer eines Jaguars t\u00f6dlich verletzt wurde. Ersten Ermittlungen zufolge befuhr ein 31 Jahre alter Mann aus dem Landkreis G\u00f6ttingen mit seinem Fahrzeug die K 342 in Fahrtrichtung Adelebsen, als er aus bislang ungekl\u00e4rter Ursache im Kurvenbereich nach rechts von der Fahrbahn abkam und sich in der Folge mehrfach \u00fcberschlagen hat. Eine kurz darauf eintreffende Ersthelferin wird auf den Unfall aufmerksam und verst\u00e4ndigt Polizei und Rettungsdienst. Nach der Bergung des 31- J\u00e4hrigen wird dieser umgehend reanimationspflichtig. Er erlag seinen schweren Verletzungen noch an der Unfallstelle. +++ <\/p>\n\n\n\n<p>+++ <strong>Ein internationales Forschungsteam mit Beteiligung der Universit\u00e4t G\u00f6ttingen<\/strong> hat sieben neue Arten von Wandelnden Bl\u00e4ttern beschrieben. Die Insekten geh\u00f6ren zu den Stab- und Gespenstschrecken, die f\u00fcr ihre au\u00dfergew\u00f6hnliche Erscheinung bekannt sind: Sie sehen Pflanzenteilen wie Zweigen, Rinde oder \u2013 im Fall der Wandelnden Bl\u00e4tter \u2013 Laubbl\u00e4ttern zum Verwechseln \u00e4hnlich und sind durch die raffinierte Tarnung hervorragend vor Fressfeinden gesch\u00fctzt. Mit genetischen Untersuchungen deckten die Forschenden auch sogenannte kryptische Arten auf, die nach ihrer \u00e4u\u00dferen Gestalt nicht unterscheidbar sind. Die Erkenntnisse haben nicht nur eine Bedeutung f\u00fcr die systematische Erforschung der Wandelnden Bl\u00e4tter, sondern auch f\u00fcr den Schutz ihrer Vielfalt. Die Ergebnisse sind in der Fachzeitschrift\u00a0<em>ZooKeys<\/em>\u00a0erschienen. +++<\/p>\n\n\n\n<p>+++ <strong>Im Rahmen der Kontrolle<\/strong> von einem Transporter, der in den fr\u00fchen Morgenstunden unterwegs war, stellten die kontrollieren Beamten bei dem Fahrzeugf\u00fchrer, der aus dem Bereich Homberg stammt und dreiundzwanzig Jahre alt ist, Atemalkoholgeruch fest. Das Ergebnis des Atemalkoholtests lag bei 1,35 Promille, so dass er sich der Entnahme einer Blutprobe unterziehen musste. Da er mit der Sicherstellung seines F\u00fchrerscheins nicht einverstanden war wurde dieser beschlagnahmt. Die Weiterfahrt wurde ebenfalls untersagt. +++<\/p>\n\n\n\n<p>+++ Bekannte und weniger bekannte Bewohner*innen G\u00f6ttingens stehen im Mittelpunkt der <strong>Stadtf\u00fchrung &#8222;Gelehrte, B\u00fcrger, Originale &#8211; G\u00f6ttinger Pers\u00f6nlichkeiten&#8220;<\/strong>. Die Tourist-Information G\u00f6ttingen organisiert die Themenf\u00fchrung am Sonntag, 3. September, um 11 Uhr. Bei dieser interessanten Stadtf\u00fchrung werden au\u00dfergew\u00f6hnliche Menschen vorgestellt, die die Geschichte der Stadt gepr\u00e4gt oder den exzellenten Ruf der Georgia Augusta begr\u00fcndet haben. Neben Schilderungen von Ber\u00fchmtheiten wie den genialen Wissenschaftlern Georg Christoph Lichtenberg und Carl Friedrich Gau\u00df oder Friedrich W\u00f6hler, der Entdecker des Aluminiums, begegnet man auch prominenten Frauen. Darunter waren Dorothea Schl\u00f6zer &#8211; die erste Frau, die zum Dr. phil promovierte &#8211; und deren Freundinnen, die Schriftstellerinnen Caroline Michaelis und Therese Heyne. Die F\u00fchrung dauert etwa 120 Minuten und startet vor der Tourist-Information G\u00f6ttingen, Markt 8. Karten sind f\u00fcr 10 Euro pro Person\u00a0\u00a0<a href=\"https:\/\/mein-goe.de\/persoenlichkeiten\" target=\"_blank\" rel=\"noreferrer noopener\">online<\/a>\u00a0oder in der Tourist-Information erh\u00e4ltlich. Alle Infos &amp; Buchung unter <a href=\"http:\/\/mein-goe.de\/persoenlichkeiten\"><strong>mein-goe.de\/persoenlichkeiten<\/strong><\/a>. +++<\/p>\n","protected":false},"excerpt":{"rendered":"<p>+++ Auf der Kreisstra\u00dfe 342 kam es zwischen den Ortschaften Barterode und Adelebsen (Landkreis G\u00f6ttingen) am Sonntagabend (27.08.23) gegen 21.44 Uhr zu einem schweren Verkehrsunfall, bei dem der Fahrer eines Jaguars t\u00f6dlich verletzt wurde. Ersten Ermittlungen zufolge befuhr ein 31 Jahre alter Mann aus dem Landkreis G\u00f6ttingen mit seinem Fahrzeug die K 342 in Fahrtrichtung [&hellip;]<\/p>\n","protected":false},"author":1,"featured_media":21592,"comment_status":"open","ping_status":"open","sticky":true,"template":"","format":"standard","meta":{"saved_in_kubio":false,"footnotes":""},"categories":[24],"tags":[],"class_list":["post-23395","post","type-post","status-publish","format-standard","has-post-thumbnail","hentry","category-news"],"yoast_head":"<!-- This site is optimized with the Yoast SEO plugin v27.5 - https:\/\/yoast.com\/product\/yoast-seo-wordpress\/ -->\n<title>News und Infos am 28.08. - Radio Leinewelle<\/title>\n<meta name=\"robots\" content=\"index, follow, max-snippet:-1, max-image-preview:large, max-video-preview:-1\" \/>\n<link rel=\"canonical\" href=\"https:\/\/radioleinewelle.de\/index.php\/2023\/08\/28\/news-und-infos-am-28-08\/\" \/>\n<meta property=\"og:locale\" content=\"de_DE\" \/>\n<meta property=\"og:type\" content=\"article\" \/>\n<meta property=\"og:title\" content=\"News und Infos am 28.08. - Radio Leinewelle\" \/>\n<meta property=\"og:description\" content=\"+++ Auf der Kreisstra\u00dfe 342 kam es zwischen den Ortschaften Barterode und Adelebsen (Landkreis G\u00f6ttingen) am Sonntagabend (27.08.23) gegen 21.44 Uhr zu einem schweren Verkehrsunfall, bei dem der Fahrer eines Jaguars t\u00f6dlich verletzt wurde. Ersten Ermittlungen zufolge befuhr ein 31 Jahre alter Mann aus dem Landkreis G\u00f6ttingen mit seinem Fahrzeug die K 342 in Fahrtrichtung [&hellip;]\" \/>\n<meta property=\"og:url\" content=\"https:\/\/radioleinewelle.de\/index.php\/2023\/08\/28\/news-und-infos-am-28-08\/\" \/>\n<meta property=\"og:site_name\" content=\"Radio Leinewelle\" \/>\n<meta property=\"article:publisher\" content=\"https:\/\/www.facebook.com\/radioleinewelle\" \/>\n<meta property=\"article:author\" content=\"https:\/\/www.facebook.com\/radioleinewelle\" \/>\n<meta property=\"article:published_time\" content=\"2023-08-28T09:06:13+00:00\" \/>\n<meta property=\"article:modified_time\" content=\"2023-08-28T09:06:17+00:00\" \/>\n<meta property=\"og:image\" content=\"https:\/\/radioleinewelle.de\/wp-content\/uploads\/2023\/02\/Leinewelle-News-scaled.jpeg\" \/>\n\t<meta property=\"og:image:width\" content=\"2560\" \/>\n\t<meta property=\"og:image:height\" content=\"2560\" \/>\n\t<meta property=\"og:image:type\" content=\"image\/jpeg\" \/>\n<meta name=\"author\" content=\"Leinewelle\" \/>\n<meta name=\"twitter:card\" content=\"summary_large_image\" \/>\n<meta name=\"twitter:creator\" content=\"@https:\/\/twitter.com\/RLeinewelle?ref_src=twsrcgoogletwcampserptwgrauthor\" \/>\n<meta name=\"twitter:site\" content=\"@RLeinewelle\" \/>\n<meta name=\"twitter:label1\" content=\"Verfasst von\" \/>\n\t<meta name=\"twitter:data1\" content=\"Leinewelle\" \/>\n\t<meta name=\"twitter:label2\" content=\"Gesch\u00e4tzte Lesezeit\" \/>\n\t<meta name=\"twitter:data2\" content=\"3\u00a0Minuten\" \/>\n<script type=\"application\/ld+json\" class=\"yoast-schema-graph\">{\"@context\":\"https:\\\/\\\/schema.org\",\"@graph\":[{\"@type\":\"Article\",\"@id\":\"https:\\\/\\\/radioleinewelle.de\\\/index.php\\\/2023\\\/08\\\/28\\\/news-und-infos-am-28-08\\\/#article\",\"isPartOf\":{\"@id\":\"https:\\\/\\\/radioleinewelle.de\\\/index.php\\\/2023\\\/08\\\/28\\\/news-und-infos-am-28-08\\\/\"},\"author\":{\"name\":\"Leinewelle\",\"@id\":\"https:\\\/\\\/radioleinewelle.de\\\/#\\\/schema\\\/person\\\/45606f348637df637192dc1b68399a63\"},\"headline\":\"News und Infos am 28.08.\",\"datePublished\":\"2023-08-28T09:06:13+00:00\",\"dateModified\":\"2023-08-28T09:06:17+00:00\",\"mainEntityOfPage\":{\"@id\":\"https:\\\/\\\/radioleinewelle.de\\\/index.php\\\/2023\\\/08\\\/28\\\/news-und-infos-am-28-08\\\/\"},\"wordCount\":462,\"commentCount\":0,\"publisher\":{\"@id\":\"https:\\\/\\\/radioleinewelle.de\\\/#organization\"},\"image\":{\"@id\":\"https:\\\/\\\/radioleinewelle.de\\\/index.php\\\/2023\\\/08\\\/28\\\/news-und-infos-am-28-08\\\/#primaryimage\"},\"thumbnailUrl\":\"https:\\\/\\\/radioleinewelle.de\\\/wp-content\\\/uploads\\\/2023\\\/02\\\/Leinewelle-News-scaled.jpeg\",\"articleSection\":[\"Aktuelle Nachrichten\"],\"inLanguage\":\"de\",\"potentialAction\":[{\"@type\":\"CommentAction\",\"name\":\"Comment\",\"target\":[\"https:\\\/\\\/radioleinewelle.de\\\/index.php\\\/2023\\\/08\\\/28\\\/news-und-infos-am-28-08\\\/#respond\"]}]},{\"@type\":\"WebPage\",\"@id\":\"https:\\\/\\\/radioleinewelle.de\\\/index.php\\\/2023\\\/08\\\/28\\\/news-und-infos-am-28-08\\\/\",\"url\":\"https:\\\/\\\/radioleinewelle.de\\\/index.php\\\/2023\\\/08\\\/28\\\/news-und-infos-am-28-08\\\/\",\"name\":\"News und Infos am 28.08. - Radio Leinewelle\",\"isPartOf\":{\"@id\":\"https:\\\/\\\/radioleinewelle.de\\\/#website\"},\"primaryImageOfPage\":{\"@id\":\"https:\\\/\\\/radioleinewelle.de\\\/index.php\\\/2023\\\/08\\\/28\\\/news-und-infos-am-28-08\\\/#primaryimage\"},\"image\":{\"@id\":\"https:\\\/\\\/radioleinewelle.de\\\/index.php\\\/2023\\\/08\\\/28\\\/news-und-infos-am-28-08\\\/#primaryimage\"},\"thumbnailUrl\":\"https:\\\/\\\/radioleinewelle.de\\\/wp-content\\\/uploads\\\/2023\\\/02\\\/Leinewelle-News-scaled.jpeg\",\"datePublished\":\"2023-08-28T09:06:13+00:00\",\"dateModified\":\"2023-08-28T09:06:17+00:00\",\"breadcrumb\":{\"@id\":\"https:\\\/\\\/radioleinewelle.de\\\/index.php\\\/2023\\\/08\\\/28\\\/news-und-infos-am-28-08\\\/#breadcrumb\"},\"inLanguage\":\"de\",\"potentialAction\":[{\"@type\":\"ReadAction\",\"target\":[\"https:\\\/\\\/radioleinewelle.de\\\/index.php\\\/2023\\\/08\\\/28\\\/news-und-infos-am-28-08\\\/\"]}]},{\"@type\":\"ImageObject\",\"inLanguage\":\"de\",\"@id\":\"https:\\\/\\\/radioleinewelle.de\\\/index.php\\\/2023\\\/08\\\/28\\\/news-und-infos-am-28-08\\\/#primaryimage\",\"url\":\"https:\\\/\\\/radioleinewelle.de\\\/wp-content\\\/uploads\\\/2023\\\/02\\\/Leinewelle-News-scaled.jpeg\",\"contentUrl\":\"https:\\\/\\\/radioleinewelle.de\\\/wp-content\\\/uploads\\\/2023\\\/02\\\/Leinewelle-News-scaled.jpeg\",\"width\":2560,\"height\":2560},{\"@type\":\"BreadcrumbList\",\"@id\":\"https:\\\/\\\/radioleinewelle.de\\\/index.php\\\/2023\\\/08\\\/28\\\/news-und-infos-am-28-08\\\/#breadcrumb\",\"itemListElement\":[{\"@type\":\"ListItem\",\"position\":1,\"name\":\"Startseite\",\"item\":\"https:\\\/\\\/radioleinewelle.de\\\/\"},{\"@type\":\"ListItem\",\"position\":2,\"name\":\"News und Infos am 28.08.\"}]},{\"@type\":\"WebSite\",\"@id\":\"https:\\\/\\\/radioleinewelle.de\\\/#website\",\"url\":\"https:\\\/\\\/radioleinewelle.de\\\/\",\"name\":\"Radio Leinewelle\",\"description\":\"\",\"publisher\":{\"@id\":\"https:\\\/\\\/radioleinewelle.de\\\/#organization\"},\"potentialAction\":[{\"@type\":\"SearchAction\",\"target\":{\"@type\":\"EntryPoint\",\"urlTemplate\":\"https:\\\/\\\/radioleinewelle.de\\\/?s={search_term_string}\"},\"query-input\":{\"@type\":\"PropertyValueSpecification\",\"valueRequired\":true,\"valueName\":\"search_term_string\"}}],\"inLanguage\":\"de\"},{\"@type\":\"Organization\",\"@id\":\"https:\\\/\\\/radioleinewelle.de\\\/#organization\",\"name\":\"Radio Leinewelle\",\"alternateName\":\"Mein Radio f\u00fcr S\u00fcdniedersachsen\",\"url\":\"https:\\\/\\\/radioleinewelle.de\\\/\",\"logo\":{\"@type\":\"ImageObject\",\"inLanguage\":\"de\",\"@id\":\"https:\\\/\\\/radioleinewelle.de\\\/#\\\/schema\\\/logo\\\/image\\\/\",\"url\":\"https:\\\/\\\/radioleinewelle.de\\\/wp-content\\\/uploads\\\/2023\\\/11\\\/cropped-Leinewelle_Logo_weiss.png\",\"contentUrl\":\"https:\\\/\\\/radioleinewelle.de\\\/wp-content\\\/uploads\\\/2023\\\/11\\\/cropped-Leinewelle_Logo_weiss.png\",\"width\":854,\"height\":260,\"caption\":\"Radio Leinewelle\"},\"image\":{\"@id\":\"https:\\\/\\\/radioleinewelle.de\\\/#\\\/schema\\\/logo\\\/image\\\/\"},\"sameAs\":[\"https:\\\/\\\/www.facebook.com\\\/radioleinewelle\",\"https:\\\/\\\/x.com\\\/RLeinewelle\",\"https:\\\/\\\/www.instagram.com\\\/radioleinewelle\\\/?hl=de\"]},{\"@type\":\"Person\",\"@id\":\"https:\\\/\\\/radioleinewelle.de\\\/#\\\/schema\\\/person\\\/45606f348637df637192dc1b68399a63\",\"name\":\"Leinewelle\",\"image\":{\"@type\":\"ImageObject\",\"inLanguage\":\"de\",\"@id\":\"https:\\\/\\\/secure.gravatar.com\\\/avatar\\\/05c9a17bc973052ee5d91549bd32fb4dd0dc85b7b85ae94b2e2b4943476bbea5?s=96&d=blank&r=g\",\"url\":\"https:\\\/\\\/secure.gravatar.com\\\/avatar\\\/05c9a17bc973052ee5d91549bd32fb4dd0dc85b7b85ae94b2e2b4943476bbea5?s=96&d=blank&r=g\",\"contentUrl\":\"https:\\\/\\\/secure.gravatar.com\\\/avatar\\\/05c9a17bc973052ee5d91549bd32fb4dd0dc85b7b85ae94b2e2b4943476bbea5?s=96&d=blank&r=g\",\"caption\":\"Leinewelle\"},\"sameAs\":[\"http:\\\/\\\/localhost\\\/radio%20leinewelle\\\/wordpress\",\"https:\\\/\\\/www.facebook.com\\\/radioleinewelle\",\"https:\\\/\\\/www.instagram.com\\\/radioleinewelle\",\"https:\\\/\\\/x.com\\\/https:\\\/\\\/twitter.com\\\/RLeinewelle?ref_src=twsrcgoogletwcampserptwgrauthor\",\"https:\\\/\\\/soundcloud.com\\\/foerderverein-lokalradio?utm_source=clipboard&utm_medium=text&utm_campaign=social_sharing\"],\"url\":\"https:\\\/\\\/radioleinewelle.de\\\/index.php\\\/author\\\/leinewelle\\\/\"}]}<\/script>\n<!-- \/ Yoast SEO plugin. -->","yoast_head_json":{"title":"News und Infos am 28.08. - Radio Leinewelle","robots":{"index":"index","follow":"follow","max-snippet":"max-snippet:-1","max-image-preview":"max-image-preview:large","max-video-preview":"max-video-preview:-1"},"canonical":"https:\/\/radioleinewelle.de\/index.php\/2023\/08\/28\/news-und-infos-am-28-08\/","og_locale":"de_DE","og_type":"article","og_title":"News und Infos am 28.08. - Radio Leinewelle","og_description":"+++ Auf der Kreisstra\u00dfe 342 kam es zwischen den Ortschaften Barterode und Adelebsen (Landkreis G\u00f6ttingen) am Sonntagabend (27.08.23) gegen 21.44 Uhr zu einem schweren Verkehrsunfall, bei dem der Fahrer eines Jaguars t\u00f6dlich verletzt wurde. Ersten Ermittlungen zufolge befuhr ein 31 Jahre alter Mann aus dem Landkreis G\u00f6ttingen mit seinem Fahrzeug die K 342 in Fahrtrichtung [&hellip;]","og_url":"https:\/\/radioleinewelle.de\/index.php\/2023\/08\/28\/news-und-infos-am-28-08\/","og_site_name":"Radio Leinewelle","article_publisher":"https:\/\/www.facebook.com\/radioleinewelle","article_author":"https:\/\/www.facebook.com\/radioleinewelle","article_published_time":"2023-08-28T09:06:13+00:00","article_modified_time":"2023-08-28T09:06:17+00:00","og_image":[{"width":2560,"height":2560,"url":"https:\/\/radioleinewelle.de\/wp-content\/uploads\/2023\/02\/Leinewelle-News-scaled.jpeg","type":"image\/jpeg"}],"author":"Leinewelle","twitter_card":"summary_large_image","twitter_creator":"@https:\/\/twitter.com\/RLeinewelle?ref_src=twsrcgoogletwcampserptwgrauthor","twitter_site":"@RLeinewelle","twitter_misc":{"Verfasst von":"Leinewelle","Gesch\u00e4tzte Lesezeit":"3\u00a0Minuten"},"schema":{"@context":"https:\/\/schema.org","@graph":[{"@type":"Article","@id":"https:\/\/radioleinewelle.de\/index.php\/2023\/08\/28\/news-und-infos-am-28-08\/#article","isPartOf":{"@id":"https:\/\/radioleinewelle.de\/index.php\/2023\/08\/28\/news-und-infos-am-28-08\/"},"author":{"name":"Leinewelle","@id":"https:\/\/radioleinewelle.de\/#\/schema\/person\/45606f348637df637192dc1b68399a63"},"headline":"News und Infos am 28.08.","datePublished":"2023-08-28T09:06:13+00:00","dateModified":"2023-08-28T09:06:17+00:00","mainEntityOfPage":{"@id":"https:\/\/radioleinewelle.de\/index.php\/2023\/08\/28\/news-und-infos-am-28-08\/"},"wordCount":462,"commentCount":0,"publisher":{"@id":"https:\/\/radioleinewelle.de\/#organization"},"image":{"@id":"https:\/\/radioleinewelle.de\/index.php\/2023\/08\/28\/news-und-infos-am-28-08\/#primaryimage"},"thumbnailUrl":"https:\/\/radioleinewelle.de\/wp-content\/uploads\/2023\/02\/Leinewelle-News-scaled.jpeg","articleSection":["Aktuelle Nachrichten"],"inLanguage":"de","potentialAction":[{"@type":"CommentAction","name":"Comment","target":["https:\/\/radioleinewelle.de\/index.php\/2023\/08\/28\/news-und-infos-am-28-08\/#respond"]}]},{"@type":"WebPage","@id":"https:\/\/radioleinewelle.de\/index.php\/2023\/08\/28\/news-und-infos-am-28-08\/","url":"https:\/\/radioleinewelle.de\/index.php\/2023\/08\/28\/news-und-infos-am-28-08\/","name":"News und Infos am 28.08. - Radio Leinewelle","isPartOf":{"@id":"https:\/\/radioleinewelle.de\/#website"},"primaryImageOfPage":{"@id":"https:\/\/radioleinewelle.de\/index.php\/2023\/08\/28\/news-und-infos-am-28-08\/#primaryimage"},"image":{"@id":"https:\/\/radioleinewelle.de\/index.php\/2023\/08\/28\/news-und-infos-am-28-08\/#primaryimage"},"thumbnailUrl":"https:\/\/radioleinewelle.de\/wp-content\/uploads\/2023\/02\/Leinewelle-News-scaled.jpeg","datePublished":"2023-08-28T09:06:13+00:00","dateModified":"2023-08-28T09:06:17+00:00","breadcrumb":{"@id":"https:\/\/radioleinewelle.de\/index.php\/2023\/08\/28\/news-und-infos-am-28-08\/#breadcrumb"},"inLanguage":"de","potentialAction":[{"@type":"ReadAction","target":["https:\/\/radioleinewelle.de\/index.php\/2023\/08\/28\/news-und-infos-am-28-08\/"]}]},{"@type":"ImageObject","inLanguage":"de","@id":"https:\/\/radioleinewelle.de\/index.php\/2023\/08\/28\/news-und-infos-am-28-08\/#primaryimage","url":"https:\/\/radioleinewelle.de\/wp-content\/uploads\/2023\/02\/Leinewelle-News-scaled.jpeg","contentUrl":"https:\/\/radioleinewelle.de\/wp-content\/uploads\/2023\/02\/Leinewelle-News-scaled.jpeg","width":2560,"height":2560},{"@type":"BreadcrumbList","@id":"https:\/\/radioleinewelle.de\/index.php\/2023\/08\/28\/news-und-infos-am-28-08\/#breadcrumb","itemListElement":[{"@type":"ListItem","position":1,"name":"Startseite","item":"https:\/\/radioleinewelle.de\/"},{"@type":"ListItem","position":2,"name":"News und Infos am 28.08."}]},{"@type":"WebSite","@id":"https:\/\/radioleinewelle.de\/#website","url":"https:\/\/radioleinewelle.de\/","name":"Radio Leinewelle","description":"","publisher":{"@id":"https:\/\/radioleinewelle.de\/#organization"},"potentialAction":[{"@type":"SearchAction","target":{"@type":"EntryPoint","urlTemplate":"https:\/\/radioleinewelle.de\/?s={search_term_string}"},"query-input":{"@type":"PropertyValueSpecification","valueRequired":true,"valueName":"search_term_string"}}],"inLanguage":"de"},{"@type":"Organization","@id":"https:\/\/radioleinewelle.de\/#organization","name":"Radio Leinewelle","alternateName":"Mein Radio f\u00fcr S\u00fcdniedersachsen","url":"https:\/\/radioleinewelle.de\/","logo":{"@type":"ImageObject","inLanguage":"de","@id":"https:\/\/radioleinewelle.de\/#\/schema\/logo\/image\/","url":"https:\/\/radioleinewelle.de\/wp-content\/uploads\/2023\/11\/cropped-Leinewelle_Logo_weiss.png","contentUrl":"https:\/\/radioleinewelle.de\/wp-content\/uploads\/2023\/11\/cropped-Leinewelle_Logo_weiss.png","width":854,"height":260,"caption":"Radio Leinewelle"},"image":{"@id":"https:\/\/radioleinewelle.de\/#\/schema\/logo\/image\/"},"sameAs":["https:\/\/www.facebook.com\/radioleinewelle","https:\/\/x.com\/RLeinewelle","https:\/\/www.instagram.com\/radioleinewelle\/?hl=de"]},{"@type":"Person","@id":"https:\/\/radioleinewelle.de\/#\/schema\/person\/45606f348637df637192dc1b68399a63","name":"Leinewelle","image":{"@type":"ImageObject","inLanguage":"de","@id":"https:\/\/secure.gravatar.com\/avatar\/05c9a17bc973052ee5d91549bd32fb4dd0dc85b7b85ae94b2e2b4943476bbea5?s=96&d=blank&r=g","url":"https:\/\/secure.gravatar.com\/avatar\/05c9a17bc973052ee5d91549bd32fb4dd0dc85b7b85ae94b2e2b4943476bbea5?s=96&d=blank&r=g","contentUrl":"https:\/\/secure.gravatar.com\/avatar\/05c9a17bc973052ee5d91549bd32fb4dd0dc85b7b85ae94b2e2b4943476bbea5?s=96&d=blank&r=g","caption":"Leinewelle"},"sameAs":["http:\/\/localhost\/radio%20leinewelle\/wordpress","https:\/\/www.facebook.com\/radioleinewelle","https:\/\/www.instagram.com\/radioleinewelle","https:\/\/x.com\/https:\/\/twitter.com\/RLeinewelle?ref_src=twsrcgoogletwcampserptwgrauthor","https:\/\/soundcloud.com\/foerderverein-lokalradio?utm_source=clipboard&utm_medium=text&utm_campaign=social_sharing"],"url":"https:\/\/radioleinewelle.de\/index.php\/author\/leinewelle\/"}]}},"_links":{"self":[{"href":"https:\/\/radioleinewelle.de\/index.php\/wp-json\/wp\/v2\/posts\/23395","targetHints":{"allow":["GET"]}}],"collection":[{"href":"https:\/\/radioleinewelle.de\/index.php\/wp-json\/wp\/v2\/posts"}],"about":[{"href":"https:\/\/radioleinewelle.de\/index.php\/wp-json\/wp\/v2\/types\/post"}],"author":[{"embeddable":true,"href":"https:\/\/radioleinewelle.de\/index.php\/wp-json\/wp\/v2\/users\/1"}],"replies":[{"embeddable":true,"href":"https:\/\/radioleinewelle.de\/index.php\/wp-json\/wp\/v2\/comments?post=23395"}],"version-history":[{"count":3,"href":"https:\/\/radioleinewelle.de\/index.php\/wp-json\/wp\/v2\/posts\/23395\/revisions"}],"predecessor-version":[{"id":23398,"href":"https:\/\/radioleinewelle.de\/index.php\/wp-json\/wp\/v2\/posts\/23395\/revisions\/23398"}],"wp:featuredmedia":[{"embeddable":true,"href":"https:\/\/radioleinewelle.de\/index.php\/wp-json\/wp\/v2\/media\/21592"}],"wp:attachment":[{"href":"https:\/\/radioleinewelle.de\/index.php\/wp-json\/wp\/v2\/media?parent=23395"}],"wp:term":[{"taxonomy":"category","embeddable":true,"href":"https:\/\/radioleinewelle.de\/index.php\/wp-json\/wp\/v2\/categories?post=23395"},{"taxonomy":"post_tag","embeddable":true,"href":"https:\/\/radioleinewelle.de\/index.php\/wp-json\/wp\/v2\/tags?post=23395"}],"curies":[{"name":"wp","href":"https:\/\/api.w.org\/{rel}","templated":true}]}}