{"id":23497,"date":"2023-09-07T12:41:51","date_gmt":"2023-09-07T10:41:51","guid":{"rendered":"https:\/\/radioleinewelle.de\/?p=23497"},"modified":"2023-09-07T12:41:53","modified_gmt":"2023-09-07T10:41:53","slug":"news-und-infos-am-07-08","status":"publish","type":"post","link":"https:\/\/radioleinewelle.de\/index.php\/2023\/09\/07\/news-und-infos-am-07-08\/","title":{"rendered":"News und Infos am 07.08."},"content":{"rendered":"\n<p>+++ Am Mittwoch kam es zu einer <strong>Verkehrsunfallflucht in Northeim<\/strong>, bei dem sich zwei Personen leicht verletzten. Ein 51-j\u00e4hriger Northeimer befuhr mit einem besetzten Linienbus die M\u00fchlenstra\u00dfe in Richtung R\u00fcckingsallee und musste auf H\u00f6he der Kreuzung zur Mauerstra\u00dfe verkehrsbedingt halten. Ein unbekannter Fahrzeugf\u00fchrer befuhr mit einem Pkw VW zeitgleich die Mauerstra\u00dfe und wollte nach links in die M\u00fchlenstra\u00dfe in Richtung Innenstadt abbiegen. Dabei kam es zu einem Zusammensto\u00df der beiden Fahrzeuge. Der unbekannte Fahrzeugf\u00fchrer entfernte sich anschlie\u00dfend unerlaubt vom Unfallort.Bei dem Unfall verletzte sich eine 27-j\u00e4hrige Northeimerin leicht und wurde nach einer Erstversorgung vor Ort in ein umliegendes Krankenhaus gebracht. Zudem verletzte sich auch der S\u00e4ugling der 27-J\u00e4hrigen leicht. \u00c4u\u00dferliche Verletzungen konnten durch Rettungskr\u00e4fte zwar nicht festgestellt werden. Da das Kind jedoch mit der Stirn gegen eine Scheibe gesto\u00dfen war und aufgrund der Reaktion wahrscheinlich Schmerzen empfand, wurde das Kind vorsorglich einem Arzt vorgef\u00fchrt. Im Besenbinderweg konnte der Pkw VW angetroffen und kontrolliert werden. Der 26-j\u00e4hrige Fahrzeugf\u00fchrer aus Serbien gab an, den Zusammensto\u00df nicht bemerkt zu haben. Nach R\u00fccksprache mit der Staatsanwaltschaft G\u00f6ttingen wurde durch einen Richter vom Amtsgericht G\u00f6ttingen die Beschlagnahme der ausl\u00e4ndischen Fahrerlaubnis angeordnet, sowie ein Strafverfahren wegen der fahrl\u00e4ssigen K\u00f6rperverletzung und dem unerlaubten Entfernen vom Unfallort eingeleitet. +++<\/p>\n\n\n\n<p>+++ Im Zuge von <strong>Bauarbeiten<\/strong> kommt es ab Montag, 11. September 2023, in verschiedenen Bauabschnitten zu Verkehrseinschr\u00e4nkungen in <strong>Nikolausberg<\/strong>. Betroffen sind die Stra\u00dfen Ulrideshuser Stra\u00dfe am Ortseingang, In der Worth\/Ecke Kalklage, sowie Senderstra\u00dfe\/Ecke Kalklage. Gr\u00fcnde f\u00fcr die Bauarbeiten sind der Neubau einer Fahrbahnverengung und einer Querungshilfe. W\u00e4hrend der einzelnen Bauabschnitte kommt es in der Ulrideshuser Stra\u00dfe am Ortseingang sowie in der Stra\u00dfe In der Worth\/Ecke Kalklage zu einseitigen, teils die Stra\u00dfenseite wechselnden Sperrungen. Die Senderstra\u00dfe wird im Kreuzungsbereich zur Stra\u00dfe Kalklage nach Abschluss der Bauarbeiten in der Stra\u00dfe In der Worth\/Ecke Kalklage vorr\u00fcbergehend vollst\u00e4ndig gesperrt. Die Bauarbeiten werden voraussichtlich bis Mittwoch, 4. Oktober 2023, abgeschlossen sein. Im\u00a0<a href=\"http:\/\/mailings.goettingen.de\/c\/86710928\/8437d312179c-s0lsbo\"><strong>digitalen Stadtplan<\/strong><\/a>\u00a0sind gr\u00f6\u00dfere Baustellen f\u00fcr die Dauer der Ma\u00dfnahmen zu finden. +++<\/p>\n\n\n\n<p>+++ Auf dem <strong>Parkplatz eines Getr\u00e4nkemarktes<\/strong> an der Stra\u00dfe &#8222;Hinter der Blume&#8220; in <strong>Hann. M\u00fcnden<\/strong>  haben Unbekannte am Sonntagabend (03.09.23) in der Zeit zwischen 20.30 und 22.30 Uhr einen grauen VW T-Roc aufgebrochen. Die genaue Schadensh\u00f6he ist noch unbekannt. Ersten Erkenntnissen zufolge schlugen die T\u00e4ter die Seitenscheibe der Beifahrert\u00fcr des Wagens ein und durchsuchten anschlie\u00dfend den Innenraum. Zeugen wollen zwei dunkel gekleidete Personen beobachtet haben, die vom Tatort in Richtung der Kleingartenkolonie gefl\u00fcchtet seien. Weiteres ist bislang nicht bekannt. Sachdienliche Hinweise bitte an das Polizeikommissariat Hann. M\u00fcnden, Telefon 05541\/9510.+++<\/p>\n\n\n\n<p>+++ <strong>Fortsetzung der Br\u00fcckenbauarbeiten \u201eAm Nolten Sumpf\u201c \/ \u201eBremkestra\u00dfe\u201c in Osterode.<\/strong> F\u00fcr die Umsetzung der Br\u00fcckenbauma\u00dfnahme ist der Kreuzungsbereich ab der 36. Kalenderwoche 2023 in G\u00e4nze gesperrt. In der folgenden Kalenderwoche erfolgt dann voraussichtlich die Vorbereitung und das Setzen der Fertigbetonteile des neuen Br\u00fcckenbauwerkes. Sofern auch dies witterungsbedingt erfolgreich umgesetzt wird, kann die Sperrung des Kreuzungsbereiches bereits in der darauffolgenden Woche wieder aufgehoben werden. Abschlie\u00dfend weist die Stadt Osterode am Harz ausdr\u00fccklich darauf hin, dass f\u00fcr die Wiederherstellung der \u201eBremkestra\u00dfe\u201c im Zuge der laufenden Arbeiten zur Flie\u00dfgew\u00e4sserentwicklung einschlie\u00dflich der Stra\u00dfenbauarbeiten an dem besagten Br\u00fcckenbauwerk keine Stra\u00dfenausbaubeitr\u00e4ge erhoben werden. +++<\/p>\n\n\n\n<p><br><\/p>\n","protected":false},"excerpt":{"rendered":"<p>+++ Am Mittwoch kam es zu einer Verkehrsunfallflucht in Northeim, bei dem sich zwei Personen leicht verletzten. Ein 51-j\u00e4hriger Northeimer befuhr mit einem besetzten Linienbus die M\u00fchlenstra\u00dfe in Richtung R\u00fcckingsallee und musste auf H\u00f6he der Kreuzung zur Mauerstra\u00dfe verkehrsbedingt halten. Ein unbekannter Fahrzeugf\u00fchrer befuhr mit einem Pkw VW zeitgleich die Mauerstra\u00dfe und wollte nach links [&hellip;]<\/p>\n","protected":false},"author":1,"featured_media":21592,"comment_status":"open","ping_status":"open","sticky":true,"template":"","format":"standard","meta":{"saved_in_kubio":false,"footnotes":""},"categories":[24],"tags":[],"class_list":["post-23497","post","type-post","status-publish","format-standard","has-post-thumbnail","hentry","category-news"],"yoast_head":"<!-- This site is optimized with the Yoast SEO plugin v27.5 - https:\/\/yoast.com\/product\/yoast-seo-wordpress\/ -->\n<title>News und Infos am 07.08. - Radio Leinewelle<\/title>\n<meta name=\"robots\" content=\"index, follow, max-snippet:-1, max-image-preview:large, max-video-preview:-1\" \/>\n<link rel=\"canonical\" href=\"https:\/\/radioleinewelle.de\/index.php\/2023\/09\/07\/news-und-infos-am-07-08\/\" \/>\n<meta property=\"og:locale\" content=\"de_DE\" \/>\n<meta property=\"og:type\" content=\"article\" \/>\n<meta property=\"og:title\" content=\"News und Infos am 07.08. - Radio Leinewelle\" \/>\n<meta property=\"og:description\" content=\"+++ Am Mittwoch kam es zu einer Verkehrsunfallflucht in Northeim, bei dem sich zwei Personen leicht verletzten. Ein 51-j\u00e4hriger Northeimer befuhr mit einem besetzten Linienbus die M\u00fchlenstra\u00dfe in Richtung R\u00fcckingsallee und musste auf H\u00f6he der Kreuzung zur Mauerstra\u00dfe verkehrsbedingt halten. Ein unbekannter Fahrzeugf\u00fchrer befuhr mit einem Pkw VW zeitgleich die Mauerstra\u00dfe und wollte nach links [&hellip;]\" \/>\n<meta property=\"og:url\" content=\"https:\/\/radioleinewelle.de\/index.php\/2023\/09\/07\/news-und-infos-am-07-08\/\" \/>\n<meta property=\"og:site_name\" content=\"Radio Leinewelle\" \/>\n<meta property=\"article:publisher\" content=\"https:\/\/www.facebook.com\/radioleinewelle\" \/>\n<meta property=\"article:author\" content=\"https:\/\/www.facebook.com\/radioleinewelle\" \/>\n<meta property=\"article:published_time\" content=\"2023-09-07T10:41:51+00:00\" \/>\n<meta property=\"article:modified_time\" content=\"2023-09-07T10:41:53+00:00\" \/>\n<meta property=\"og:image\" content=\"https:\/\/radioleinewelle.de\/wp-content\/uploads\/2023\/02\/Leinewelle-News-scaled.jpeg\" \/>\n\t<meta property=\"og:image:width\" content=\"2560\" \/>\n\t<meta property=\"og:image:height\" content=\"2560\" \/>\n\t<meta property=\"og:image:type\" content=\"image\/jpeg\" \/>\n<meta name=\"author\" content=\"Leinewelle\" \/>\n<meta name=\"twitter:card\" content=\"summary_large_image\" \/>\n<meta name=\"twitter:creator\" content=\"@https:\/\/twitter.com\/RLeinewelle?ref_src=twsrcgoogletwcampserptwgrauthor\" \/>\n<meta name=\"twitter:site\" content=\"@RLeinewelle\" \/>\n<meta name=\"twitter:label1\" content=\"Verfasst von\" \/>\n\t<meta name=\"twitter:data1\" content=\"Leinewelle\" \/>\n\t<meta name=\"twitter:label2\" content=\"Gesch\u00e4tzte Lesezeit\" \/>\n\t<meta name=\"twitter:data2\" content=\"3\u00a0Minuten\" \/>\n<script type=\"application\/ld+json\" class=\"yoast-schema-graph\">{\"@context\":\"https:\\\/\\\/schema.org\",\"@graph\":[{\"@type\":\"Article\",\"@id\":\"https:\\\/\\\/radioleinewelle.de\\\/index.php\\\/2023\\\/09\\\/07\\\/news-und-infos-am-07-08\\\/#article\",\"isPartOf\":{\"@id\":\"https:\\\/\\\/radioleinewelle.de\\\/index.php\\\/2023\\\/09\\\/07\\\/news-und-infos-am-07-08\\\/\"},\"author\":{\"name\":\"Leinewelle\",\"@id\":\"https:\\\/\\\/radioleinewelle.de\\\/#\\\/schema\\\/person\\\/45606f348637df637192dc1b68399a63\"},\"headline\":\"News und Infos am 07.08.\",\"datePublished\":\"2023-09-07T10:41:51+00:00\",\"dateModified\":\"2023-09-07T10:41:53+00:00\",\"mainEntityOfPage\":{\"@id\":\"https:\\\/\\\/radioleinewelle.de\\\/index.php\\\/2023\\\/09\\\/07\\\/news-und-infos-am-07-08\\\/\"},\"wordCount\":572,\"commentCount\":0,\"publisher\":{\"@id\":\"https:\\\/\\\/radioleinewelle.de\\\/#organization\"},\"image\":{\"@id\":\"https:\\\/\\\/radioleinewelle.de\\\/index.php\\\/2023\\\/09\\\/07\\\/news-und-infos-am-07-08\\\/#primaryimage\"},\"thumbnailUrl\":\"https:\\\/\\\/radioleinewelle.de\\\/wp-content\\\/uploads\\\/2023\\\/02\\\/Leinewelle-News-scaled.jpeg\",\"articleSection\":[\"Aktuelle Nachrichten\"],\"inLanguage\":\"de\",\"potentialAction\":[{\"@type\":\"CommentAction\",\"name\":\"Comment\",\"target\":[\"https:\\\/\\\/radioleinewelle.de\\\/index.php\\\/2023\\\/09\\\/07\\\/news-und-infos-am-07-08\\\/#respond\"]}]},{\"@type\":\"WebPage\",\"@id\":\"https:\\\/\\\/radioleinewelle.de\\\/index.php\\\/2023\\\/09\\\/07\\\/news-und-infos-am-07-08\\\/\",\"url\":\"https:\\\/\\\/radioleinewelle.de\\\/index.php\\\/2023\\\/09\\\/07\\\/news-und-infos-am-07-08\\\/\",\"name\":\"News und Infos am 07.08. - Radio Leinewelle\",\"isPartOf\":{\"@id\":\"https:\\\/\\\/radioleinewelle.de\\\/#website\"},\"primaryImageOfPage\":{\"@id\":\"https:\\\/\\\/radioleinewelle.de\\\/index.php\\\/2023\\\/09\\\/07\\\/news-und-infos-am-07-08\\\/#primaryimage\"},\"image\":{\"@id\":\"https:\\\/\\\/radioleinewelle.de\\\/index.php\\\/2023\\\/09\\\/07\\\/news-und-infos-am-07-08\\\/#primaryimage\"},\"thumbnailUrl\":\"https:\\\/\\\/radioleinewelle.de\\\/wp-content\\\/uploads\\\/2023\\\/02\\\/Leinewelle-News-scaled.jpeg\",\"datePublished\":\"2023-09-07T10:41:51+00:00\",\"dateModified\":\"2023-09-07T10:41:53+00:00\",\"breadcrumb\":{\"@id\":\"https:\\\/\\\/radioleinewelle.de\\\/index.php\\\/2023\\\/09\\\/07\\\/news-und-infos-am-07-08\\\/#breadcrumb\"},\"inLanguage\":\"de\",\"potentialAction\":[{\"@type\":\"ReadAction\",\"target\":[\"https:\\\/\\\/radioleinewelle.de\\\/index.php\\\/2023\\\/09\\\/07\\\/news-und-infos-am-07-08\\\/\"]}]},{\"@type\":\"ImageObject\",\"inLanguage\":\"de\",\"@id\":\"https:\\\/\\\/radioleinewelle.de\\\/index.php\\\/2023\\\/09\\\/07\\\/news-und-infos-am-07-08\\\/#primaryimage\",\"url\":\"https:\\\/\\\/radioleinewelle.de\\\/wp-content\\\/uploads\\\/2023\\\/02\\\/Leinewelle-News-scaled.jpeg\",\"contentUrl\":\"https:\\\/\\\/radioleinewelle.de\\\/wp-content\\\/uploads\\\/2023\\\/02\\\/Leinewelle-News-scaled.jpeg\",\"width\":2560,\"height\":2560},{\"@type\":\"BreadcrumbList\",\"@id\":\"https:\\\/\\\/radioleinewelle.de\\\/index.php\\\/2023\\\/09\\\/07\\\/news-und-infos-am-07-08\\\/#breadcrumb\",\"itemListElement\":[{\"@type\":\"ListItem\",\"position\":1,\"name\":\"Startseite\",\"item\":\"https:\\\/\\\/radioleinewelle.de\\\/\"},{\"@type\":\"ListItem\",\"position\":2,\"name\":\"News und Infos am 07.08.\"}]},{\"@type\":\"WebSite\",\"@id\":\"https:\\\/\\\/radioleinewelle.de\\\/#website\",\"url\":\"https:\\\/\\\/radioleinewelle.de\\\/\",\"name\":\"Radio Leinewelle\",\"description\":\"\",\"publisher\":{\"@id\":\"https:\\\/\\\/radioleinewelle.de\\\/#organization\"},\"potentialAction\":[{\"@type\":\"SearchAction\",\"target\":{\"@type\":\"EntryPoint\",\"urlTemplate\":\"https:\\\/\\\/radioleinewelle.de\\\/?s={search_term_string}\"},\"query-input\":{\"@type\":\"PropertyValueSpecification\",\"valueRequired\":true,\"valueName\":\"search_term_string\"}}],\"inLanguage\":\"de\"},{\"@type\":\"Organization\",\"@id\":\"https:\\\/\\\/radioleinewelle.de\\\/#organization\",\"name\":\"Radio Leinewelle\",\"alternateName\":\"Mein Radio f\u00fcr S\u00fcdniedersachsen\",\"url\":\"https:\\\/\\\/radioleinewelle.de\\\/\",\"logo\":{\"@type\":\"ImageObject\",\"inLanguage\":\"de\",\"@id\":\"https:\\\/\\\/radioleinewelle.de\\\/#\\\/schema\\\/logo\\\/image\\\/\",\"url\":\"https:\\\/\\\/radioleinewelle.de\\\/wp-content\\\/uploads\\\/2023\\\/11\\\/cropped-Leinewelle_Logo_weiss.png\",\"contentUrl\":\"https:\\\/\\\/radioleinewelle.de\\\/wp-content\\\/uploads\\\/2023\\\/11\\\/cropped-Leinewelle_Logo_weiss.png\",\"width\":854,\"height\":260,\"caption\":\"Radio Leinewelle\"},\"image\":{\"@id\":\"https:\\\/\\\/radioleinewelle.de\\\/#\\\/schema\\\/logo\\\/image\\\/\"},\"sameAs\":[\"https:\\\/\\\/www.facebook.com\\\/radioleinewelle\",\"https:\\\/\\\/x.com\\\/RLeinewelle\",\"https:\\\/\\\/www.instagram.com\\\/radioleinewelle\\\/?hl=de\"]},{\"@type\":\"Person\",\"@id\":\"https:\\\/\\\/radioleinewelle.de\\\/#\\\/schema\\\/person\\\/45606f348637df637192dc1b68399a63\",\"name\":\"Leinewelle\",\"image\":{\"@type\":\"ImageObject\",\"inLanguage\":\"de\",\"@id\":\"https:\\\/\\\/secure.gravatar.com\\\/avatar\\\/05c9a17bc973052ee5d91549bd32fb4dd0dc85b7b85ae94b2e2b4943476bbea5?s=96&d=blank&r=g\",\"url\":\"https:\\\/\\\/secure.gravatar.com\\\/avatar\\\/05c9a17bc973052ee5d91549bd32fb4dd0dc85b7b85ae94b2e2b4943476bbea5?s=96&d=blank&r=g\",\"contentUrl\":\"https:\\\/\\\/secure.gravatar.com\\\/avatar\\\/05c9a17bc973052ee5d91549bd32fb4dd0dc85b7b85ae94b2e2b4943476bbea5?s=96&d=blank&r=g\",\"caption\":\"Leinewelle\"},\"sameAs\":[\"http:\\\/\\\/localhost\\\/radio%20leinewelle\\\/wordpress\",\"https:\\\/\\\/www.facebook.com\\\/radioleinewelle\",\"https:\\\/\\\/www.instagram.com\\\/radioleinewelle\",\"https:\\\/\\\/x.com\\\/https:\\\/\\\/twitter.com\\\/RLeinewelle?ref_src=twsrcgoogletwcampserptwgrauthor\",\"https:\\\/\\\/soundcloud.com\\\/foerderverein-lokalradio?utm_source=clipboard&utm_medium=text&utm_campaign=social_sharing\"],\"url\":\"https:\\\/\\\/radioleinewelle.de\\\/index.php\\\/author\\\/leinewelle\\\/\"}]}<\/script>\n<!-- \/ Yoast SEO plugin. -->","yoast_head_json":{"title":"News und Infos am 07.08. - Radio Leinewelle","robots":{"index":"index","follow":"follow","max-snippet":"max-snippet:-1","max-image-preview":"max-image-preview:large","max-video-preview":"max-video-preview:-1"},"canonical":"https:\/\/radioleinewelle.de\/index.php\/2023\/09\/07\/news-und-infos-am-07-08\/","og_locale":"de_DE","og_type":"article","og_title":"News und Infos am 07.08. - Radio Leinewelle","og_description":"+++ Am Mittwoch kam es zu einer Verkehrsunfallflucht in Northeim, bei dem sich zwei Personen leicht verletzten. Ein 51-j\u00e4hriger Northeimer befuhr mit einem besetzten Linienbus die M\u00fchlenstra\u00dfe in Richtung R\u00fcckingsallee und musste auf H\u00f6he der Kreuzung zur Mauerstra\u00dfe verkehrsbedingt halten. Ein unbekannter Fahrzeugf\u00fchrer befuhr mit einem Pkw VW zeitgleich die Mauerstra\u00dfe und wollte nach links [&hellip;]","og_url":"https:\/\/radioleinewelle.de\/index.php\/2023\/09\/07\/news-und-infos-am-07-08\/","og_site_name":"Radio Leinewelle","article_publisher":"https:\/\/www.facebook.com\/radioleinewelle","article_author":"https:\/\/www.facebook.com\/radioleinewelle","article_published_time":"2023-09-07T10:41:51+00:00","article_modified_time":"2023-09-07T10:41:53+00:00","og_image":[{"width":2560,"height":2560,"url":"https:\/\/radioleinewelle.de\/wp-content\/uploads\/2023\/02\/Leinewelle-News-scaled.jpeg","type":"image\/jpeg"}],"author":"Leinewelle","twitter_card":"summary_large_image","twitter_creator":"@https:\/\/twitter.com\/RLeinewelle?ref_src=twsrcgoogletwcampserptwgrauthor","twitter_site":"@RLeinewelle","twitter_misc":{"Verfasst von":"Leinewelle","Gesch\u00e4tzte Lesezeit":"3\u00a0Minuten"},"schema":{"@context":"https:\/\/schema.org","@graph":[{"@type":"Article","@id":"https:\/\/radioleinewelle.de\/index.php\/2023\/09\/07\/news-und-infos-am-07-08\/#article","isPartOf":{"@id":"https:\/\/radioleinewelle.de\/index.php\/2023\/09\/07\/news-und-infos-am-07-08\/"},"author":{"name":"Leinewelle","@id":"https:\/\/radioleinewelle.de\/#\/schema\/person\/45606f348637df637192dc1b68399a63"},"headline":"News und Infos am 07.08.","datePublished":"2023-09-07T10:41:51+00:00","dateModified":"2023-09-07T10:41:53+00:00","mainEntityOfPage":{"@id":"https:\/\/radioleinewelle.de\/index.php\/2023\/09\/07\/news-und-infos-am-07-08\/"},"wordCount":572,"commentCount":0,"publisher":{"@id":"https:\/\/radioleinewelle.de\/#organization"},"image":{"@id":"https:\/\/radioleinewelle.de\/index.php\/2023\/09\/07\/news-und-infos-am-07-08\/#primaryimage"},"thumbnailUrl":"https:\/\/radioleinewelle.de\/wp-content\/uploads\/2023\/02\/Leinewelle-News-scaled.jpeg","articleSection":["Aktuelle Nachrichten"],"inLanguage":"de","potentialAction":[{"@type":"CommentAction","name":"Comment","target":["https:\/\/radioleinewelle.de\/index.php\/2023\/09\/07\/news-und-infos-am-07-08\/#respond"]}]},{"@type":"WebPage","@id":"https:\/\/radioleinewelle.de\/index.php\/2023\/09\/07\/news-und-infos-am-07-08\/","url":"https:\/\/radioleinewelle.de\/index.php\/2023\/09\/07\/news-und-infos-am-07-08\/","name":"News und Infos am 07.08. - Radio Leinewelle","isPartOf":{"@id":"https:\/\/radioleinewelle.de\/#website"},"primaryImageOfPage":{"@id":"https:\/\/radioleinewelle.de\/index.php\/2023\/09\/07\/news-und-infos-am-07-08\/#primaryimage"},"image":{"@id":"https:\/\/radioleinewelle.de\/index.php\/2023\/09\/07\/news-und-infos-am-07-08\/#primaryimage"},"thumbnailUrl":"https:\/\/radioleinewelle.de\/wp-content\/uploads\/2023\/02\/Leinewelle-News-scaled.jpeg","datePublished":"2023-09-07T10:41:51+00:00","dateModified":"2023-09-07T10:41:53+00:00","breadcrumb":{"@id":"https:\/\/radioleinewelle.de\/index.php\/2023\/09\/07\/news-und-infos-am-07-08\/#breadcrumb"},"inLanguage":"de","potentialAction":[{"@type":"ReadAction","target":["https:\/\/radioleinewelle.de\/index.php\/2023\/09\/07\/news-und-infos-am-07-08\/"]}]},{"@type":"ImageObject","inLanguage":"de","@id":"https:\/\/radioleinewelle.de\/index.php\/2023\/09\/07\/news-und-infos-am-07-08\/#primaryimage","url":"https:\/\/radioleinewelle.de\/wp-content\/uploads\/2023\/02\/Leinewelle-News-scaled.jpeg","contentUrl":"https:\/\/radioleinewelle.de\/wp-content\/uploads\/2023\/02\/Leinewelle-News-scaled.jpeg","width":2560,"height":2560},{"@type":"BreadcrumbList","@id":"https:\/\/radioleinewelle.de\/index.php\/2023\/09\/07\/news-und-infos-am-07-08\/#breadcrumb","itemListElement":[{"@type":"ListItem","position":1,"name":"Startseite","item":"https:\/\/radioleinewelle.de\/"},{"@type":"ListItem","position":2,"name":"News und Infos am 07.08."}]},{"@type":"WebSite","@id":"https:\/\/radioleinewelle.de\/#website","url":"https:\/\/radioleinewelle.de\/","name":"Radio Leinewelle","description":"","publisher":{"@id":"https:\/\/radioleinewelle.de\/#organization"},"potentialAction":[{"@type":"SearchAction","target":{"@type":"EntryPoint","urlTemplate":"https:\/\/radioleinewelle.de\/?s={search_term_string}"},"query-input":{"@type":"PropertyValueSpecification","valueRequired":true,"valueName":"search_term_string"}}],"inLanguage":"de"},{"@type":"Organization","@id":"https:\/\/radioleinewelle.de\/#organization","name":"Radio Leinewelle","alternateName":"Mein Radio f\u00fcr S\u00fcdniedersachsen","url":"https:\/\/radioleinewelle.de\/","logo":{"@type":"ImageObject","inLanguage":"de","@id":"https:\/\/radioleinewelle.de\/#\/schema\/logo\/image\/","url":"https:\/\/radioleinewelle.de\/wp-content\/uploads\/2023\/11\/cropped-Leinewelle_Logo_weiss.png","contentUrl":"https:\/\/radioleinewelle.de\/wp-content\/uploads\/2023\/11\/cropped-Leinewelle_Logo_weiss.png","width":854,"height":260,"caption":"Radio Leinewelle"},"image":{"@id":"https:\/\/radioleinewelle.de\/#\/schema\/logo\/image\/"},"sameAs":["https:\/\/www.facebook.com\/radioleinewelle","https:\/\/x.com\/RLeinewelle","https:\/\/www.instagram.com\/radioleinewelle\/?hl=de"]},{"@type":"Person","@id":"https:\/\/radioleinewelle.de\/#\/schema\/person\/45606f348637df637192dc1b68399a63","name":"Leinewelle","image":{"@type":"ImageObject","inLanguage":"de","@id":"https:\/\/secure.gravatar.com\/avatar\/05c9a17bc973052ee5d91549bd32fb4dd0dc85b7b85ae94b2e2b4943476bbea5?s=96&d=blank&r=g","url":"https:\/\/secure.gravatar.com\/avatar\/05c9a17bc973052ee5d91549bd32fb4dd0dc85b7b85ae94b2e2b4943476bbea5?s=96&d=blank&r=g","contentUrl":"https:\/\/secure.gravatar.com\/avatar\/05c9a17bc973052ee5d91549bd32fb4dd0dc85b7b85ae94b2e2b4943476bbea5?s=96&d=blank&r=g","caption":"Leinewelle"},"sameAs":["http:\/\/localhost\/radio%20leinewelle\/wordpress","https:\/\/www.facebook.com\/radioleinewelle","https:\/\/www.instagram.com\/radioleinewelle","https:\/\/x.com\/https:\/\/twitter.com\/RLeinewelle?ref_src=twsrcgoogletwcampserptwgrauthor","https:\/\/soundcloud.com\/foerderverein-lokalradio?utm_source=clipboard&utm_medium=text&utm_campaign=social_sharing"],"url":"https:\/\/radioleinewelle.de\/index.php\/author\/leinewelle\/"}]}},"_links":{"self":[{"href":"https:\/\/radioleinewelle.de\/index.php\/wp-json\/wp\/v2\/posts\/23497","targetHints":{"allow":["GET"]}}],"collection":[{"href":"https:\/\/radioleinewelle.de\/index.php\/wp-json\/wp\/v2\/posts"}],"about":[{"href":"https:\/\/radioleinewelle.de\/index.php\/wp-json\/wp\/v2\/types\/post"}],"author":[{"embeddable":true,"href":"https:\/\/radioleinewelle.de\/index.php\/wp-json\/wp\/v2\/users\/1"}],"replies":[{"embeddable":true,"href":"https:\/\/radioleinewelle.de\/index.php\/wp-json\/wp\/v2\/comments?post=23497"}],"version-history":[{"count":5,"href":"https:\/\/radioleinewelle.de\/index.php\/wp-json\/wp\/v2\/posts\/23497\/revisions"}],"predecessor-version":[{"id":23503,"href":"https:\/\/radioleinewelle.de\/index.php\/wp-json\/wp\/v2\/posts\/23497\/revisions\/23503"}],"wp:featuredmedia":[{"embeddable":true,"href":"https:\/\/radioleinewelle.de\/index.php\/wp-json\/wp\/v2\/media\/21592"}],"wp:attachment":[{"href":"https:\/\/radioleinewelle.de\/index.php\/wp-json\/wp\/v2\/media?parent=23497"}],"wp:term":[{"taxonomy":"category","embeddable":true,"href":"https:\/\/radioleinewelle.de\/index.php\/wp-json\/wp\/v2\/categories?post=23497"},{"taxonomy":"post_tag","embeddable":true,"href":"https:\/\/radioleinewelle.de\/index.php\/wp-json\/wp\/v2\/tags?post=23497"}],"curies":[{"name":"wp","href":"https:\/\/api.w.org\/{rel}","templated":true}]}}