{"id":23505,"date":"2023-09-08T17:56:35","date_gmt":"2023-09-08T15:56:35","guid":{"rendered":"https:\/\/radioleinewelle.de\/?p=23505"},"modified":"2023-09-08T17:56:37","modified_gmt":"2023-09-08T15:56:37","slug":"news-und-infos-am-08-08","status":"publish","type":"post","link":"https:\/\/radioleinewelle.de\/index.php\/2023\/09\/08\/news-und-infos-am-08-08\/","title":{"rendered":"News und Infos am 08.08."},"content":{"rendered":"\n<p>+++ Anl\u00e4\u00dflich des <strong>Welt Erste-Hilfe Tages<\/strong> l\u00e4dt das DRK morgen (Sa 09.09.23) zu einer Veranstaltung auf dem G\u00f6ttinger Marktplatz ein. In kritischen Momenten, wie Unf\u00e4llen oder Notsituationen  zu Haus entscheidet rasches Handeln manchmal \u00fcber Leben und Tod. Deshalb kann man auf dem Marktplatz Ma\u00dfnahmen der Ersten-Hilfe kennenlernen und direkt ausprobieren. Der DRK-Kreisverband G\u00f6ttingen-Northeim e.V. kl\u00e4rt an seinem Infostand u.a. auch \u00fcber den DRK-Hausnotruf auf. Beim praktischen Ausprobieren geht es  von der stabilen Seitenlage bis hin zur Herz-Lungen-Wiederbelebung. Besucher:innen haben die Gelegenheit den Stand von 09:00 -17:00 Uhr zu besuchen. +++<\/p>\n\n\n\n<p>+++ <strong>Stand am G\u00e4nseliesel \u2013 Themenschwerpunkt: Innenstadtentwicklung<\/strong>: Unter dem Titel \u201eG\u00f6ttingen wie es euch gef\u00e4llt \u2013 was braucht unsere Innenstadt?\u201c l\u00e4dt die GR\u00dcNE Ratsfraktion gemeinsam mit den Landtagsabgeordneten Marie Kollenrott und Michael L\u00fchmann zum Austausch am\u00a0<strong>Samstag, 9.9.23, 10-16 Uhr am G\u00e4nseliesel<\/strong>\u00a0ein.\u00a0Mehr B\u00e4nke, mehr Trinkbrunnen, B\u00e4ume, Schatten, weniger Autos, weniger Busse, mehr inhaber*innengef\u00fchrte L\u00e4den und konsumfreie Orte, Pl\u00e4tze f\u00fcr Jugendliche und Senior*innen, energieeffiziente Quartiere, Fernw\u00e4rme, Mobilit\u00e4t? Fehlt es an einer echten Mitte und einem wirklichen Miteinander? +++<\/p>\n\n\n\n<p>+++ <strong>Bis zu 80 Prozent mehr Rebh\u00fchner: <\/strong>Nieders\u00e4chsisches Schutzprojekt erzielt gro\u00dfen Erfolg mithilfe der Landwirtschaft. Ein aktueller Bericht der Universit\u00e4t G\u00f6ttingen belegt die positive Wirkung der durchgef\u00fchrten Naturschutzma\u00dfnahmen im Rahmen des sogenannten PARTRIDGE-Projekts. Bei Feldv\u00f6geln und -hasen konnte eine deutliche Zunahme der Best\u00e4nde festgestellt werden. M\u00f6glich wurde der Erfolg durch die freiwillige Unterst\u00fctzung der Landwirtschaftsbetriebe.<\/p>\n\n\n\n<p>+++ Am Donnerstag, 14. September 2023, testen die Stadt und der Landkreis G\u00f6ttingen sowie der Bund gegen 11.00 Uhr ihre Warn-Optionen. Ziel des <strong>bundesweiten Warntag<\/strong>s ist es, die Bev\u00f6lkerung mit den verschiedenen Warn-Kan\u00e4len vertraut zu machen und sie f\u00fcr Warnungen zu sensibilisieren. Au\u00dferdem sollen die technischen Abl\u00e4ufe im Fall einer Warnung und auch die Warnmittel selbst auf ihre Funktion und auf m\u00f6gliche Schwachstellen \u00fcberpr\u00fcft werden. Die Entwarnung vom Probealarm erfolgt gegen 11.45 Uhr. Die Sirenenwarnung erfolgt durch einen 60 Sekunden dauernden auf- und abschwellende Warnton, zehn Minuten sp\u00e4ter ert\u00f6nt ein ebenfalls 60 Sekunden dauernder Ton zur Entwarnung. Es wird darum gebeten, w\u00e4hrend des Probealarms von Anrufen in der Leitstelle \u2013 au\u00dfer nat\u00fcrlich im Notfall \u2013 abzusehen.\u00a0Mehr Informationen gibt es auf der\u00a0<a href=\"http:\/\/mailings.goettingen.de\/c\/86775494\/8437d312179c-s0nxl3\">Webseite des Bundesamts f\u00fcr Bev\u00f6lkerungsschutz und Katastrophenhilfe<\/a>.\u00a0+++<\/p>\n\n\n\n<p>+++ Entdeckungstour auf dem Rundwanderweg <strong>&#8222;Auf den Spuren von Heinz Sielmann und der deutschen Geschichte:<\/strong> Am Gr\u00fcnen Band bei Fuhrbach&#8220; Die Stadt Duderstadt l\u00e4dt am 18.09.2023 um 8.00 Uhr im Rahmen der Eichsfelder Wanderwoche Natur- und Geschichtsbegeisterte herzlich dazu ein, das Gr\u00fcne Band zu erkunden und gleichzeitig in die bewegende Geschichte von Heinz Sielmann einzutauchen. Die gef\u00fchrte Tour verspricht nicht nur eine reiche Naturerfahrung, sondern auch atemberaubende Ausblicke auf das Harzgebirge, das Ohmgebirge und das Eichsfeld. Auf Teilen des Sielmann-H\u00f6henweges passieren die Wanderer Sehensw\u00fcrdigkeiten wie die Sielmannh\u00fctte, das Sielmanneck und die Franz-vonAssisi Kapelle, die als letzte Ruhest\u00e4tte von Inge und Heinz Sielmann dient. Der Treffpunkt f\u00fcr die Wanderung ist der Parkplatz des Hotels Kronprinz in Fuhrbach. Die Tour erstreckt sich \u00fcber eine Streckenl\u00e4nge von etwa 13,5 Kilometern und wird voraussichtlich etwa 3,5 \u2013 4 Stunden in Anspruch nehmen. Interessierte Teilnehmer werden gebeten, sich f\u00fcr die Tour \u00fcber die G\u00e4steinformation Duderstadt anzumelden. Der Kostenbeitrag betr\u00e4gt 6 Euro pro Person. Anfragen und Anmeldungen k\u00f6nnen per E-Mail an info@duderstadt.de oder telefonisch unter 05527\/841200 erfolgen. +++<\/p>\n\n\n\n<p>+++ Die<strong> Spendenaktion f\u00fcr den Neubau des Spielplatzes auf der Schillerwiese <\/strong>ist beendet. Die Spendensumme bel\u00e4uft sich auf insgesamt 18.500 Euro. Die Stadt G\u00f6ttingen dankt allen Firmen, Privatpersonen und Vereinen f\u00fcr die gro\u00dfz\u00fcgige Unterst\u00fctzung.\u00a0Die Zuwendungen setzen sich aus Privat-, Firmen- und Vereinsspenden zusammen. F\u00fcr den Neubau des Spielplatzes stehen inklusive Haushaltsmitteln somit insgesamt rund 468.500 Euro zur Verf\u00fcgung. Mit der Spendensumme soll ein zus\u00e4tzliches Spielger\u00e4t, eine erg\u00e4nzende Beschattung oder eine besondere M\u00f6blierung finanziert werden. Die genauen Planungen hierf\u00fcr beginnen nun. Es ist vorgesehen, das mit Spenden finanzierte Equipment auf dem Spielplatz durch eine Beschilderung kenntlich zu machen. +++<\/p>\n","protected":false},"excerpt":{"rendered":"<p>+++ Anl\u00e4\u00dflich des Welt Erste-Hilfe Tages l\u00e4dt das DRK morgen (Sa 09.09.23) zu einer Veranstaltung auf dem G\u00f6ttinger Marktplatz ein. In kritischen Momenten, wie Unf\u00e4llen oder Notsituationen zu Haus entscheidet rasches Handeln manchmal \u00fcber Leben und Tod. Deshalb kann man auf dem Marktplatz Ma\u00dfnahmen der Ersten-Hilfe kennenlernen und direkt ausprobieren. Der DRK-Kreisverband G\u00f6ttingen-Northeim e.V. kl\u00e4rt [&hellip;]<\/p>\n","protected":false},"author":1,"featured_media":21592,"comment_status":"open","ping_status":"open","sticky":true,"template":"","format":"standard","meta":{"saved_in_kubio":false,"footnotes":""},"categories":[24],"tags":[],"class_list":["post-23505","post","type-post","status-publish","format-standard","has-post-thumbnail","hentry","category-news"],"yoast_head":"<!-- This site is optimized with the Yoast SEO plugin v27.5 - https:\/\/yoast.com\/product\/yoast-seo-wordpress\/ -->\n<title>News und Infos am 08.08. - Radio Leinewelle<\/title>\n<meta name=\"robots\" content=\"index, follow, max-snippet:-1, max-image-preview:large, max-video-preview:-1\" \/>\n<link rel=\"canonical\" href=\"https:\/\/radioleinewelle.de\/index.php\/2023\/09\/08\/news-und-infos-am-08-08\/\" \/>\n<meta property=\"og:locale\" content=\"de_DE\" \/>\n<meta property=\"og:type\" content=\"article\" \/>\n<meta property=\"og:title\" content=\"News und Infos am 08.08. - Radio Leinewelle\" \/>\n<meta property=\"og:description\" content=\"+++ Anl\u00e4\u00dflich des Welt Erste-Hilfe Tages l\u00e4dt das DRK morgen (Sa 09.09.23) zu einer Veranstaltung auf dem G\u00f6ttinger Marktplatz ein. In kritischen Momenten, wie Unf\u00e4llen oder Notsituationen zu Haus entscheidet rasches Handeln manchmal \u00fcber Leben und Tod. Deshalb kann man auf dem Marktplatz Ma\u00dfnahmen der Ersten-Hilfe kennenlernen und direkt ausprobieren. Der DRK-Kreisverband G\u00f6ttingen-Northeim e.V. kl\u00e4rt [&hellip;]\" \/>\n<meta property=\"og:url\" content=\"https:\/\/radioleinewelle.de\/index.php\/2023\/09\/08\/news-und-infos-am-08-08\/\" \/>\n<meta property=\"og:site_name\" content=\"Radio Leinewelle\" \/>\n<meta property=\"article:publisher\" content=\"https:\/\/www.facebook.com\/radioleinewelle\" \/>\n<meta property=\"article:author\" content=\"https:\/\/www.facebook.com\/radioleinewelle\" \/>\n<meta property=\"article:published_time\" content=\"2023-09-08T15:56:35+00:00\" \/>\n<meta property=\"article:modified_time\" content=\"2023-09-08T15:56:37+00:00\" \/>\n<meta property=\"og:image\" content=\"https:\/\/radioleinewelle.de\/wp-content\/uploads\/2023\/02\/Leinewelle-News-scaled.jpeg\" \/>\n\t<meta property=\"og:image:width\" content=\"2560\" \/>\n\t<meta property=\"og:image:height\" content=\"2560\" \/>\n\t<meta property=\"og:image:type\" content=\"image\/jpeg\" \/>\n<meta name=\"author\" content=\"Leinewelle\" \/>\n<meta name=\"twitter:card\" content=\"summary_large_image\" \/>\n<meta name=\"twitter:creator\" content=\"@https:\/\/twitter.com\/RLeinewelle?ref_src=twsrcgoogletwcampserptwgrauthor\" \/>\n<meta name=\"twitter:site\" content=\"@RLeinewelle\" \/>\n<meta name=\"twitter:label1\" content=\"Verfasst von\" \/>\n\t<meta name=\"twitter:data1\" content=\"Leinewelle\" \/>\n\t<meta name=\"twitter:label2\" content=\"Gesch\u00e4tzte Lesezeit\" \/>\n\t<meta name=\"twitter:data2\" content=\"4\u00a0Minuten\" \/>\n<script type=\"application\/ld+json\" class=\"yoast-schema-graph\">{\"@context\":\"https:\\\/\\\/schema.org\",\"@graph\":[{\"@type\":\"Article\",\"@id\":\"https:\\\/\\\/radioleinewelle.de\\\/index.php\\\/2023\\\/09\\\/08\\\/news-und-infos-am-08-08\\\/#article\",\"isPartOf\":{\"@id\":\"https:\\\/\\\/radioleinewelle.de\\\/index.php\\\/2023\\\/09\\\/08\\\/news-und-infos-am-08-08\\\/\"},\"author\":{\"name\":\"Leinewelle\",\"@id\":\"https:\\\/\\\/radioleinewelle.de\\\/#\\\/schema\\\/person\\\/45606f348637df637192dc1b68399a63\"},\"headline\":\"News und Infos am 08.08.\",\"datePublished\":\"2023-09-08T15:56:35+00:00\",\"dateModified\":\"2023-09-08T15:56:37+00:00\",\"mainEntityOfPage\":{\"@id\":\"https:\\\/\\\/radioleinewelle.de\\\/index.php\\\/2023\\\/09\\\/08\\\/news-und-infos-am-08-08\\\/\"},\"wordCount\":677,\"commentCount\":0,\"publisher\":{\"@id\":\"https:\\\/\\\/radioleinewelle.de\\\/#organization\"},\"image\":{\"@id\":\"https:\\\/\\\/radioleinewelle.de\\\/index.php\\\/2023\\\/09\\\/08\\\/news-und-infos-am-08-08\\\/#primaryimage\"},\"thumbnailUrl\":\"https:\\\/\\\/radioleinewelle.de\\\/wp-content\\\/uploads\\\/2023\\\/02\\\/Leinewelle-News-scaled.jpeg\",\"articleSection\":[\"Aktuelle Nachrichten\"],\"inLanguage\":\"de\",\"potentialAction\":[{\"@type\":\"CommentAction\",\"name\":\"Comment\",\"target\":[\"https:\\\/\\\/radioleinewelle.de\\\/index.php\\\/2023\\\/09\\\/08\\\/news-und-infos-am-08-08\\\/#respond\"]}]},{\"@type\":\"WebPage\",\"@id\":\"https:\\\/\\\/radioleinewelle.de\\\/index.php\\\/2023\\\/09\\\/08\\\/news-und-infos-am-08-08\\\/\",\"url\":\"https:\\\/\\\/radioleinewelle.de\\\/index.php\\\/2023\\\/09\\\/08\\\/news-und-infos-am-08-08\\\/\",\"name\":\"News und Infos am 08.08. - Radio Leinewelle\",\"isPartOf\":{\"@id\":\"https:\\\/\\\/radioleinewelle.de\\\/#website\"},\"primaryImageOfPage\":{\"@id\":\"https:\\\/\\\/radioleinewelle.de\\\/index.php\\\/2023\\\/09\\\/08\\\/news-und-infos-am-08-08\\\/#primaryimage\"},\"image\":{\"@id\":\"https:\\\/\\\/radioleinewelle.de\\\/index.php\\\/2023\\\/09\\\/08\\\/news-und-infos-am-08-08\\\/#primaryimage\"},\"thumbnailUrl\":\"https:\\\/\\\/radioleinewelle.de\\\/wp-content\\\/uploads\\\/2023\\\/02\\\/Leinewelle-News-scaled.jpeg\",\"datePublished\":\"2023-09-08T15:56:35+00:00\",\"dateModified\":\"2023-09-08T15:56:37+00:00\",\"breadcrumb\":{\"@id\":\"https:\\\/\\\/radioleinewelle.de\\\/index.php\\\/2023\\\/09\\\/08\\\/news-und-infos-am-08-08\\\/#breadcrumb\"},\"inLanguage\":\"de\",\"potentialAction\":[{\"@type\":\"ReadAction\",\"target\":[\"https:\\\/\\\/radioleinewelle.de\\\/index.php\\\/2023\\\/09\\\/08\\\/news-und-infos-am-08-08\\\/\"]}]},{\"@type\":\"ImageObject\",\"inLanguage\":\"de\",\"@id\":\"https:\\\/\\\/radioleinewelle.de\\\/index.php\\\/2023\\\/09\\\/08\\\/news-und-infos-am-08-08\\\/#primaryimage\",\"url\":\"https:\\\/\\\/radioleinewelle.de\\\/wp-content\\\/uploads\\\/2023\\\/02\\\/Leinewelle-News-scaled.jpeg\",\"contentUrl\":\"https:\\\/\\\/radioleinewelle.de\\\/wp-content\\\/uploads\\\/2023\\\/02\\\/Leinewelle-News-scaled.jpeg\",\"width\":2560,\"height\":2560},{\"@type\":\"BreadcrumbList\",\"@id\":\"https:\\\/\\\/radioleinewelle.de\\\/index.php\\\/2023\\\/09\\\/08\\\/news-und-infos-am-08-08\\\/#breadcrumb\",\"itemListElement\":[{\"@type\":\"ListItem\",\"position\":1,\"name\":\"Startseite\",\"item\":\"https:\\\/\\\/radioleinewelle.de\\\/\"},{\"@type\":\"ListItem\",\"position\":2,\"name\":\"News und Infos am 08.08.\"}]},{\"@type\":\"WebSite\",\"@id\":\"https:\\\/\\\/radioleinewelle.de\\\/#website\",\"url\":\"https:\\\/\\\/radioleinewelle.de\\\/\",\"name\":\"Radio Leinewelle\",\"description\":\"\",\"publisher\":{\"@id\":\"https:\\\/\\\/radioleinewelle.de\\\/#organization\"},\"potentialAction\":[{\"@type\":\"SearchAction\",\"target\":{\"@type\":\"EntryPoint\",\"urlTemplate\":\"https:\\\/\\\/radioleinewelle.de\\\/?s={search_term_string}\"},\"query-input\":{\"@type\":\"PropertyValueSpecification\",\"valueRequired\":true,\"valueName\":\"search_term_string\"}}],\"inLanguage\":\"de\"},{\"@type\":\"Organization\",\"@id\":\"https:\\\/\\\/radioleinewelle.de\\\/#organization\",\"name\":\"Radio Leinewelle\",\"alternateName\":\"Mein Radio f\u00fcr S\u00fcdniedersachsen\",\"url\":\"https:\\\/\\\/radioleinewelle.de\\\/\",\"logo\":{\"@type\":\"ImageObject\",\"inLanguage\":\"de\",\"@id\":\"https:\\\/\\\/radioleinewelle.de\\\/#\\\/schema\\\/logo\\\/image\\\/\",\"url\":\"https:\\\/\\\/radioleinewelle.de\\\/wp-content\\\/uploads\\\/2023\\\/11\\\/cropped-Leinewelle_Logo_weiss.png\",\"contentUrl\":\"https:\\\/\\\/radioleinewelle.de\\\/wp-content\\\/uploads\\\/2023\\\/11\\\/cropped-Leinewelle_Logo_weiss.png\",\"width\":854,\"height\":260,\"caption\":\"Radio Leinewelle\"},\"image\":{\"@id\":\"https:\\\/\\\/radioleinewelle.de\\\/#\\\/schema\\\/logo\\\/image\\\/\"},\"sameAs\":[\"https:\\\/\\\/www.facebook.com\\\/radioleinewelle\",\"https:\\\/\\\/x.com\\\/RLeinewelle\",\"https:\\\/\\\/www.instagram.com\\\/radioleinewelle\\\/?hl=de\"]},{\"@type\":\"Person\",\"@id\":\"https:\\\/\\\/radioleinewelle.de\\\/#\\\/schema\\\/person\\\/45606f348637df637192dc1b68399a63\",\"name\":\"Leinewelle\",\"image\":{\"@type\":\"ImageObject\",\"inLanguage\":\"de\",\"@id\":\"https:\\\/\\\/secure.gravatar.com\\\/avatar\\\/05c9a17bc973052ee5d91549bd32fb4dd0dc85b7b85ae94b2e2b4943476bbea5?s=96&d=blank&r=g\",\"url\":\"https:\\\/\\\/secure.gravatar.com\\\/avatar\\\/05c9a17bc973052ee5d91549bd32fb4dd0dc85b7b85ae94b2e2b4943476bbea5?s=96&d=blank&r=g\",\"contentUrl\":\"https:\\\/\\\/secure.gravatar.com\\\/avatar\\\/05c9a17bc973052ee5d91549bd32fb4dd0dc85b7b85ae94b2e2b4943476bbea5?s=96&d=blank&r=g\",\"caption\":\"Leinewelle\"},\"sameAs\":[\"http:\\\/\\\/localhost\\\/radio%20leinewelle\\\/wordpress\",\"https:\\\/\\\/www.facebook.com\\\/radioleinewelle\",\"https:\\\/\\\/www.instagram.com\\\/radioleinewelle\",\"https:\\\/\\\/x.com\\\/https:\\\/\\\/twitter.com\\\/RLeinewelle?ref_src=twsrcgoogletwcampserptwgrauthor\",\"https:\\\/\\\/soundcloud.com\\\/foerderverein-lokalradio?utm_source=clipboard&utm_medium=text&utm_campaign=social_sharing\"],\"url\":\"https:\\\/\\\/radioleinewelle.de\\\/index.php\\\/author\\\/leinewelle\\\/\"}]}<\/script>\n<!-- \/ Yoast SEO plugin. -->","yoast_head_json":{"title":"News und Infos am 08.08. - Radio Leinewelle","robots":{"index":"index","follow":"follow","max-snippet":"max-snippet:-1","max-image-preview":"max-image-preview:large","max-video-preview":"max-video-preview:-1"},"canonical":"https:\/\/radioleinewelle.de\/index.php\/2023\/09\/08\/news-und-infos-am-08-08\/","og_locale":"de_DE","og_type":"article","og_title":"News und Infos am 08.08. - Radio Leinewelle","og_description":"+++ Anl\u00e4\u00dflich des Welt Erste-Hilfe Tages l\u00e4dt das DRK morgen (Sa 09.09.23) zu einer Veranstaltung auf dem G\u00f6ttinger Marktplatz ein. In kritischen Momenten, wie Unf\u00e4llen oder Notsituationen zu Haus entscheidet rasches Handeln manchmal \u00fcber Leben und Tod. Deshalb kann man auf dem Marktplatz Ma\u00dfnahmen der Ersten-Hilfe kennenlernen und direkt ausprobieren. Der DRK-Kreisverband G\u00f6ttingen-Northeim e.V. kl\u00e4rt [&hellip;]","og_url":"https:\/\/radioleinewelle.de\/index.php\/2023\/09\/08\/news-und-infos-am-08-08\/","og_site_name":"Radio Leinewelle","article_publisher":"https:\/\/www.facebook.com\/radioleinewelle","article_author":"https:\/\/www.facebook.com\/radioleinewelle","article_published_time":"2023-09-08T15:56:35+00:00","article_modified_time":"2023-09-08T15:56:37+00:00","og_image":[{"width":2560,"height":2560,"url":"https:\/\/radioleinewelle.de\/wp-content\/uploads\/2023\/02\/Leinewelle-News-scaled.jpeg","type":"image\/jpeg"}],"author":"Leinewelle","twitter_card":"summary_large_image","twitter_creator":"@https:\/\/twitter.com\/RLeinewelle?ref_src=twsrcgoogletwcampserptwgrauthor","twitter_site":"@RLeinewelle","twitter_misc":{"Verfasst von":"Leinewelle","Gesch\u00e4tzte Lesezeit":"4\u00a0Minuten"},"schema":{"@context":"https:\/\/schema.org","@graph":[{"@type":"Article","@id":"https:\/\/radioleinewelle.de\/index.php\/2023\/09\/08\/news-und-infos-am-08-08\/#article","isPartOf":{"@id":"https:\/\/radioleinewelle.de\/index.php\/2023\/09\/08\/news-und-infos-am-08-08\/"},"author":{"name":"Leinewelle","@id":"https:\/\/radioleinewelle.de\/#\/schema\/person\/45606f348637df637192dc1b68399a63"},"headline":"News und Infos am 08.08.","datePublished":"2023-09-08T15:56:35+00:00","dateModified":"2023-09-08T15:56:37+00:00","mainEntityOfPage":{"@id":"https:\/\/radioleinewelle.de\/index.php\/2023\/09\/08\/news-und-infos-am-08-08\/"},"wordCount":677,"commentCount":0,"publisher":{"@id":"https:\/\/radioleinewelle.de\/#organization"},"image":{"@id":"https:\/\/radioleinewelle.de\/index.php\/2023\/09\/08\/news-und-infos-am-08-08\/#primaryimage"},"thumbnailUrl":"https:\/\/radioleinewelle.de\/wp-content\/uploads\/2023\/02\/Leinewelle-News-scaled.jpeg","articleSection":["Aktuelle Nachrichten"],"inLanguage":"de","potentialAction":[{"@type":"CommentAction","name":"Comment","target":["https:\/\/radioleinewelle.de\/index.php\/2023\/09\/08\/news-und-infos-am-08-08\/#respond"]}]},{"@type":"WebPage","@id":"https:\/\/radioleinewelle.de\/index.php\/2023\/09\/08\/news-und-infos-am-08-08\/","url":"https:\/\/radioleinewelle.de\/index.php\/2023\/09\/08\/news-und-infos-am-08-08\/","name":"News und Infos am 08.08. - Radio Leinewelle","isPartOf":{"@id":"https:\/\/radioleinewelle.de\/#website"},"primaryImageOfPage":{"@id":"https:\/\/radioleinewelle.de\/index.php\/2023\/09\/08\/news-und-infos-am-08-08\/#primaryimage"},"image":{"@id":"https:\/\/radioleinewelle.de\/index.php\/2023\/09\/08\/news-und-infos-am-08-08\/#primaryimage"},"thumbnailUrl":"https:\/\/radioleinewelle.de\/wp-content\/uploads\/2023\/02\/Leinewelle-News-scaled.jpeg","datePublished":"2023-09-08T15:56:35+00:00","dateModified":"2023-09-08T15:56:37+00:00","breadcrumb":{"@id":"https:\/\/radioleinewelle.de\/index.php\/2023\/09\/08\/news-und-infos-am-08-08\/#breadcrumb"},"inLanguage":"de","potentialAction":[{"@type":"ReadAction","target":["https:\/\/radioleinewelle.de\/index.php\/2023\/09\/08\/news-und-infos-am-08-08\/"]}]},{"@type":"ImageObject","inLanguage":"de","@id":"https:\/\/radioleinewelle.de\/index.php\/2023\/09\/08\/news-und-infos-am-08-08\/#primaryimage","url":"https:\/\/radioleinewelle.de\/wp-content\/uploads\/2023\/02\/Leinewelle-News-scaled.jpeg","contentUrl":"https:\/\/radioleinewelle.de\/wp-content\/uploads\/2023\/02\/Leinewelle-News-scaled.jpeg","width":2560,"height":2560},{"@type":"BreadcrumbList","@id":"https:\/\/radioleinewelle.de\/index.php\/2023\/09\/08\/news-und-infos-am-08-08\/#breadcrumb","itemListElement":[{"@type":"ListItem","position":1,"name":"Startseite","item":"https:\/\/radioleinewelle.de\/"},{"@type":"ListItem","position":2,"name":"News und Infos am 08.08."}]},{"@type":"WebSite","@id":"https:\/\/radioleinewelle.de\/#website","url":"https:\/\/radioleinewelle.de\/","name":"Radio Leinewelle","description":"","publisher":{"@id":"https:\/\/radioleinewelle.de\/#organization"},"potentialAction":[{"@type":"SearchAction","target":{"@type":"EntryPoint","urlTemplate":"https:\/\/radioleinewelle.de\/?s={search_term_string}"},"query-input":{"@type":"PropertyValueSpecification","valueRequired":true,"valueName":"search_term_string"}}],"inLanguage":"de"},{"@type":"Organization","@id":"https:\/\/radioleinewelle.de\/#organization","name":"Radio Leinewelle","alternateName":"Mein Radio f\u00fcr S\u00fcdniedersachsen","url":"https:\/\/radioleinewelle.de\/","logo":{"@type":"ImageObject","inLanguage":"de","@id":"https:\/\/radioleinewelle.de\/#\/schema\/logo\/image\/","url":"https:\/\/radioleinewelle.de\/wp-content\/uploads\/2023\/11\/cropped-Leinewelle_Logo_weiss.png","contentUrl":"https:\/\/radioleinewelle.de\/wp-content\/uploads\/2023\/11\/cropped-Leinewelle_Logo_weiss.png","width":854,"height":260,"caption":"Radio Leinewelle"},"image":{"@id":"https:\/\/radioleinewelle.de\/#\/schema\/logo\/image\/"},"sameAs":["https:\/\/www.facebook.com\/radioleinewelle","https:\/\/x.com\/RLeinewelle","https:\/\/www.instagram.com\/radioleinewelle\/?hl=de"]},{"@type":"Person","@id":"https:\/\/radioleinewelle.de\/#\/schema\/person\/45606f348637df637192dc1b68399a63","name":"Leinewelle","image":{"@type":"ImageObject","inLanguage":"de","@id":"https:\/\/secure.gravatar.com\/avatar\/05c9a17bc973052ee5d91549bd32fb4dd0dc85b7b85ae94b2e2b4943476bbea5?s=96&d=blank&r=g","url":"https:\/\/secure.gravatar.com\/avatar\/05c9a17bc973052ee5d91549bd32fb4dd0dc85b7b85ae94b2e2b4943476bbea5?s=96&d=blank&r=g","contentUrl":"https:\/\/secure.gravatar.com\/avatar\/05c9a17bc973052ee5d91549bd32fb4dd0dc85b7b85ae94b2e2b4943476bbea5?s=96&d=blank&r=g","caption":"Leinewelle"},"sameAs":["http:\/\/localhost\/radio%20leinewelle\/wordpress","https:\/\/www.facebook.com\/radioleinewelle","https:\/\/www.instagram.com\/radioleinewelle","https:\/\/x.com\/https:\/\/twitter.com\/RLeinewelle?ref_src=twsrcgoogletwcampserptwgrauthor","https:\/\/soundcloud.com\/foerderverein-lokalradio?utm_source=clipboard&utm_medium=text&utm_campaign=social_sharing"],"url":"https:\/\/radioleinewelle.de\/index.php\/author\/leinewelle\/"}]}},"_links":{"self":[{"href":"https:\/\/radioleinewelle.de\/index.php\/wp-json\/wp\/v2\/posts\/23505","targetHints":{"allow":["GET"]}}],"collection":[{"href":"https:\/\/radioleinewelle.de\/index.php\/wp-json\/wp\/v2\/posts"}],"about":[{"href":"https:\/\/radioleinewelle.de\/index.php\/wp-json\/wp\/v2\/types\/post"}],"author":[{"embeddable":true,"href":"https:\/\/radioleinewelle.de\/index.php\/wp-json\/wp\/v2\/users\/1"}],"replies":[{"embeddable":true,"href":"https:\/\/radioleinewelle.de\/index.php\/wp-json\/wp\/v2\/comments?post=23505"}],"version-history":[{"count":7,"href":"https:\/\/radioleinewelle.de\/index.php\/wp-json\/wp\/v2\/posts\/23505\/revisions"}],"predecessor-version":[{"id":23512,"href":"https:\/\/radioleinewelle.de\/index.php\/wp-json\/wp\/v2\/posts\/23505\/revisions\/23512"}],"wp:featuredmedia":[{"embeddable":true,"href":"https:\/\/radioleinewelle.de\/index.php\/wp-json\/wp\/v2\/media\/21592"}],"wp:attachment":[{"href":"https:\/\/radioleinewelle.de\/index.php\/wp-json\/wp\/v2\/media?parent=23505"}],"wp:term":[{"taxonomy":"category","embeddable":true,"href":"https:\/\/radioleinewelle.de\/index.php\/wp-json\/wp\/v2\/categories?post=23505"},{"taxonomy":"post_tag","embeddable":true,"href":"https:\/\/radioleinewelle.de\/index.php\/wp-json\/wp\/v2\/tags?post=23505"}],"curies":[{"name":"wp","href":"https:\/\/api.w.org\/{rel}","templated":true}]}}