{"id":23513,"date":"2023-09-11T09:22:14","date_gmt":"2023-09-11T07:22:14","guid":{"rendered":"https:\/\/radioleinewelle.de\/?p=23513"},"modified":"2023-09-11T09:22:16","modified_gmt":"2023-09-11T07:22:16","slug":"news-und-infos-11-08","status":"publish","type":"post","link":"https:\/\/radioleinewelle.de\/index.php\/2023\/09\/11\/news-und-infos-11-08\/","title":{"rendered":"News und Infos 11.08."},"content":{"rendered":"\n<p>+++ <strong>T\u00f6dlicher <\/strong>V<strong>erkehrsunfall &#8211;<\/strong> Bei einem schweren Verkehrsunfall auf der L 567 zwischen den Ortschaften Reiffenhausen und Ludolfshauen (Landkreis G\u00f6ttingen) hat Samstagnacht (09.09.23) ein 26 Jahre alter Mann aus der Gemeinde Friedland sein Leben verloren. Ersten Ermittlungen zufolge kam der Citroen C 5 des Mannes etwa gegen 01.00 Uhr in einer langgezogenen Linkskurve aus bislang noch ungekl\u00e4rter Ursache nach rechts von der Fahrbahn ab und prallte in der Folge mit der Fahrerseite gegen einen Baum. Der 26-j\u00e4hrige Autofahrer verstarb noch an der Unfallstelle. F\u00fcr die Dauer der Unfallaufnahme war L 567 rund drei Stunden voll gesperrt. +++<\/p>\n\n\n\n<p>+++ <strong>B\u00fcrgerbeteiligung in Weende<\/strong> &#8211; Im Rahmen der Umnutzung des alten Standorts der Feinb\u00e4ckerei Thiele in Weende l\u00e4dt die Hanseatic Projekt Weende GmbH interessierte B\u00fcrger*innen zu einem Info-Abend mit Beteiligungsm\u00f6glichkeit ein. Die \u00f6ffentliche Veranstaltung in der Festhalle Weende, Ernst-Fahlbusch-Stra\u00dfe 20, findet am Mittwoch, 13. September 2023, statt und beginnt um 18.00 Uhr<strong>.&nbsp;<\/strong> Auf dem Gel\u00e4nde an der Stra\u00dfe Obere M\u00fchle 3-9 in Weende soll ein neues Wohnquartier entstehen. Derzeit befinden sich hier ein Verwaltungsgeb\u00e4ude, mehrere Produktionsgeb\u00e4ude sowie ein Mehrfamilienhaus. Das Grundst\u00fcck inmitten eines Wohngebietes soll k\u00fcnftig neuen, attraktiven Wohnraum f\u00fcr verschiedene Zielgruppen bieten. In einem ersten Schritt werden die G\u00f6ttinger B\u00fcrger*innen \u00fcber den aktuellen Stand des Bebauungsplanverfahrens und die konkrete Aufgabenstellung f\u00fcr den Wettbewerb informiert.&nbsp;Ziel ist es, die Schwerpunkte und Themen zur Aufgabenstellung vorzustellen, diese gemeinsam zu diskutieren und den G\u00f6ttinger*innen die M\u00f6glichkeit zu geben, zum Bebauungsplanverfahren Stellung zu beziehen. Zudem soll eine B\u00fcrger*innenvertretung aus den anwesenden Personen gew\u00e4hlt werden, die das Verfahren als G\u00e4ste begleiten darf. Weitere Informationen zu dem Projekt sind&nbsp;<a href=\"https:\/\/www.drost-consult.de\/de\/projekte\/wettbewerb-wohnen-in-weende-entwicklung-eines-wohnquartiers---631\/\"><strong>unter diesem Link<\/strong><\/a>&nbsp;auf der Website der D&amp;K drost consult GmbH zu finden, die das Verfahren im Auftrag der Hanseatic Projekt Weende GmbH betreut. +++<\/p>\n\n\n\n<p>+++ <strong>Jim Dine &#8211; Storm of Memories nur noch bis zum 17. Sept. 2023<\/strong> &#8211;  Nur noch bis zum 17. September 2023 besteht die M\u00f6glichkeit, die  Ausstellung des amerikanischen Pop-Art-K\u00fcnstlers Jim Dine im Kunsthaus G\u00f6ttingen zu besuchen. Auf allen drei Ebenen des Hauses wird sein druckgrafisches und bildhauerisches Schaffen vorgestellt.  Teil der Ausstellung sind auch zwei Rauminstallationen im Jim Dine Pavillion auf dem Kunsthaus Innenhof und im G\u00fcnter Grass Archiv. Diese Rauminstallation im Grass Archiv wird nach dem 17. September 2023 zur\u00fcckgebaut, denn es steht schon zum G\u00f6ttinger Literaturherbst die n\u00e4chste Ausstellung im Grass Archiv bevor. +++<\/p>\n\n\n\n<p>+++ <strong>Erfolgreiche Pr\u00e4sentation auf der Landesgartenschau &#8211;<\/strong> Vom 14. \u2013 17.08.2023 konnte die Stadt Duderstadt gemeinsam mit dem Team des Eichsfeld Touristik e.V. eine spannende Zeit auf der Landesgartenschau in Bad Gandersheim erleben. Von Montag bis Donnerstag war sie dabei gemeinsamer Gastgeber im &#8222;Pavillon der Regionen&#8220; und hatten die Gelegenheit, mit zahlreichen Besuchern und G\u00e4sten in Kontakt zu treten. Die Pr\u00e4sentation des Eichsfeldes und Duderstadts wurde unterst\u00fctzt durch das Team der G\u00e4steinformation Duderstadt sowie der gewandeten Stadtf\u00fchrerinnen und Stadtf\u00fchrer. Figuren wie der Scharfrichter Hans Zinke, begleitet von seiner Schwester Maria Zinke, die Marktfrau Mariken sowie die Frau des Nachtw\u00e4chters Magdalena Kannengie\u00dfer, begeisterten dabei die GartenschauBesucher aus Gandersheim. Aktionen wie Stracke-Verkostungen und dem Erz\u00e4hlen von Sagen und Geschichten aus Duderstadt luden dazu ein, in die Historie Duderstadts und die Kultur des Eichsfeldes einzutauchen. +++<\/p>\n\n\n\n<p>+++ <strong>Fachleute diskutierten Problem von Schulabwesenheiten &#8211;<\/strong> \u201eAbstimmungswege effizienter gestalten!\u201c lautete die Kernbotschaft der Veranstaltung des Netzwerks Schulabsentismus zum Thema \u201eSchulabsentismus \u2013 Versorgung in S\u00fcdniedersachsen\u201c, die die Bildungsregion S\u00fcdniedersachsen gemeinsam mit der Klinik f\u00fcr Kinder- und Jugendmedizin und der Klinik f\u00fcr Kinder- und Jugendpsychiatrie und Psychotherapie der Universit\u00e4tsmedizin G\u00f6ttingen am Mittwoch, 6. September 2023, ausgerichtet haben. \u00dcber 70 Haus\u00e4rzt:innen, Kinder- und Jugend\u00e4rzt:innen, Kinder- und Jugendpsychiater:innen und Psychotherapeut:innen, Vertreter:innen von Beratungsstellen, Schulvertreter diskutierten \u00fcber aktuelle Ma\u00dfnahmen, Erfordernisse und Empfehlungen zu Schulabsentismus. +++<\/p>\n","protected":false},"excerpt":{"rendered":"<p>+++ T\u00f6dlicher Verkehrsunfall &#8211; Bei einem schweren Verkehrsunfall auf der L 567 zwischen den Ortschaften Reiffenhausen und Ludolfshauen (Landkreis G\u00f6ttingen) hat Samstagnacht (09.09.23) ein 26 Jahre alter Mann aus der Gemeinde Friedland sein Leben verloren. Ersten Ermittlungen zufolge kam der Citroen C 5 des Mannes etwa gegen 01.00 Uhr in einer langgezogenen Linkskurve aus bislang [&hellip;]<\/p>\n","protected":false},"author":1,"featured_media":21592,"comment_status":"open","ping_status":"open","sticky":true,"template":"","format":"standard","meta":{"saved_in_kubio":false,"footnotes":""},"categories":[24],"tags":[],"class_list":["post-23513","post","type-post","status-publish","format-standard","has-post-thumbnail","hentry","category-news"],"yoast_head":"<!-- This site is optimized with the Yoast SEO plugin v27.5 - https:\/\/yoast.com\/product\/yoast-seo-wordpress\/ -->\n<title>News und Infos 11.08. - Radio Leinewelle<\/title>\n<meta name=\"robots\" content=\"index, follow, max-snippet:-1, max-image-preview:large, max-video-preview:-1\" \/>\n<link rel=\"canonical\" href=\"https:\/\/radioleinewelle.de\/index.php\/2023\/09\/11\/news-und-infos-11-08\/\" \/>\n<meta property=\"og:locale\" content=\"de_DE\" \/>\n<meta property=\"og:type\" content=\"article\" \/>\n<meta property=\"og:title\" content=\"News und Infos 11.08. - Radio Leinewelle\" \/>\n<meta property=\"og:description\" content=\"+++ T\u00f6dlicher Verkehrsunfall &#8211; Bei einem schweren Verkehrsunfall auf der L 567 zwischen den Ortschaften Reiffenhausen und Ludolfshauen (Landkreis G\u00f6ttingen) hat Samstagnacht (09.09.23) ein 26 Jahre alter Mann aus der Gemeinde Friedland sein Leben verloren. Ersten Ermittlungen zufolge kam der Citroen C 5 des Mannes etwa gegen 01.00 Uhr in einer langgezogenen Linkskurve aus bislang [&hellip;]\" \/>\n<meta property=\"og:url\" content=\"https:\/\/radioleinewelle.de\/index.php\/2023\/09\/11\/news-und-infos-11-08\/\" \/>\n<meta property=\"og:site_name\" content=\"Radio Leinewelle\" \/>\n<meta property=\"article:publisher\" content=\"https:\/\/www.facebook.com\/radioleinewelle\" \/>\n<meta property=\"article:author\" content=\"https:\/\/www.facebook.com\/radioleinewelle\" \/>\n<meta property=\"article:published_time\" content=\"2023-09-11T07:22:14+00:00\" \/>\n<meta property=\"article:modified_time\" content=\"2023-09-11T07:22:16+00:00\" \/>\n<meta property=\"og:image\" content=\"https:\/\/radioleinewelle.de\/wp-content\/uploads\/2023\/02\/Leinewelle-News-scaled.jpeg\" \/>\n\t<meta property=\"og:image:width\" content=\"2560\" \/>\n\t<meta property=\"og:image:height\" content=\"2560\" \/>\n\t<meta property=\"og:image:type\" content=\"image\/jpeg\" \/>\n<meta name=\"author\" content=\"Leinewelle\" \/>\n<meta name=\"twitter:card\" content=\"summary_large_image\" \/>\n<meta name=\"twitter:creator\" content=\"@https:\/\/twitter.com\/RLeinewelle?ref_src=twsrcgoogletwcampserptwgrauthor\" \/>\n<meta name=\"twitter:site\" content=\"@RLeinewelle\" \/>\n<meta name=\"twitter:label1\" content=\"Verfasst von\" \/>\n\t<meta name=\"twitter:data1\" content=\"Leinewelle\" \/>\n\t<meta name=\"twitter:label2\" content=\"Gesch\u00e4tzte Lesezeit\" \/>\n\t<meta name=\"twitter:data2\" content=\"4\u00a0Minuten\" \/>\n<script type=\"application\/ld+json\" class=\"yoast-schema-graph\">{\"@context\":\"https:\\\/\\\/schema.org\",\"@graph\":[{\"@type\":\"Article\",\"@id\":\"https:\\\/\\\/radioleinewelle.de\\\/index.php\\\/2023\\\/09\\\/11\\\/news-und-infos-11-08\\\/#article\",\"isPartOf\":{\"@id\":\"https:\\\/\\\/radioleinewelle.de\\\/index.php\\\/2023\\\/09\\\/11\\\/news-und-infos-11-08\\\/\"},\"author\":{\"name\":\"Leinewelle\",\"@id\":\"https:\\\/\\\/radioleinewelle.de\\\/#\\\/schema\\\/person\\\/45606f348637df637192dc1b68399a63\"},\"headline\":\"News und Infos 11.08.\",\"datePublished\":\"2023-09-11T07:22:14+00:00\",\"dateModified\":\"2023-09-11T07:22:16+00:00\",\"mainEntityOfPage\":{\"@id\":\"https:\\\/\\\/radioleinewelle.de\\\/index.php\\\/2023\\\/09\\\/11\\\/news-und-infos-11-08\\\/\"},\"wordCount\":636,\"commentCount\":0,\"publisher\":{\"@id\":\"https:\\\/\\\/radioleinewelle.de\\\/#organization\"},\"image\":{\"@id\":\"https:\\\/\\\/radioleinewelle.de\\\/index.php\\\/2023\\\/09\\\/11\\\/news-und-infos-11-08\\\/#primaryimage\"},\"thumbnailUrl\":\"https:\\\/\\\/radioleinewelle.de\\\/wp-content\\\/uploads\\\/2023\\\/02\\\/Leinewelle-News-scaled.jpeg\",\"articleSection\":[\"Aktuelle Nachrichten\"],\"inLanguage\":\"de\",\"potentialAction\":[{\"@type\":\"CommentAction\",\"name\":\"Comment\",\"target\":[\"https:\\\/\\\/radioleinewelle.de\\\/index.php\\\/2023\\\/09\\\/11\\\/news-und-infos-11-08\\\/#respond\"]}]},{\"@type\":\"WebPage\",\"@id\":\"https:\\\/\\\/radioleinewelle.de\\\/index.php\\\/2023\\\/09\\\/11\\\/news-und-infos-11-08\\\/\",\"url\":\"https:\\\/\\\/radioleinewelle.de\\\/index.php\\\/2023\\\/09\\\/11\\\/news-und-infos-11-08\\\/\",\"name\":\"News und Infos 11.08. - Radio Leinewelle\",\"isPartOf\":{\"@id\":\"https:\\\/\\\/radioleinewelle.de\\\/#website\"},\"primaryImageOfPage\":{\"@id\":\"https:\\\/\\\/radioleinewelle.de\\\/index.php\\\/2023\\\/09\\\/11\\\/news-und-infos-11-08\\\/#primaryimage\"},\"image\":{\"@id\":\"https:\\\/\\\/radioleinewelle.de\\\/index.php\\\/2023\\\/09\\\/11\\\/news-und-infos-11-08\\\/#primaryimage\"},\"thumbnailUrl\":\"https:\\\/\\\/radioleinewelle.de\\\/wp-content\\\/uploads\\\/2023\\\/02\\\/Leinewelle-News-scaled.jpeg\",\"datePublished\":\"2023-09-11T07:22:14+00:00\",\"dateModified\":\"2023-09-11T07:22:16+00:00\",\"breadcrumb\":{\"@id\":\"https:\\\/\\\/radioleinewelle.de\\\/index.php\\\/2023\\\/09\\\/11\\\/news-und-infos-11-08\\\/#breadcrumb\"},\"inLanguage\":\"de\",\"potentialAction\":[{\"@type\":\"ReadAction\",\"target\":[\"https:\\\/\\\/radioleinewelle.de\\\/index.php\\\/2023\\\/09\\\/11\\\/news-und-infos-11-08\\\/\"]}]},{\"@type\":\"ImageObject\",\"inLanguage\":\"de\",\"@id\":\"https:\\\/\\\/radioleinewelle.de\\\/index.php\\\/2023\\\/09\\\/11\\\/news-und-infos-11-08\\\/#primaryimage\",\"url\":\"https:\\\/\\\/radioleinewelle.de\\\/wp-content\\\/uploads\\\/2023\\\/02\\\/Leinewelle-News-scaled.jpeg\",\"contentUrl\":\"https:\\\/\\\/radioleinewelle.de\\\/wp-content\\\/uploads\\\/2023\\\/02\\\/Leinewelle-News-scaled.jpeg\",\"width\":2560,\"height\":2560},{\"@type\":\"BreadcrumbList\",\"@id\":\"https:\\\/\\\/radioleinewelle.de\\\/index.php\\\/2023\\\/09\\\/11\\\/news-und-infos-11-08\\\/#breadcrumb\",\"itemListElement\":[{\"@type\":\"ListItem\",\"position\":1,\"name\":\"Startseite\",\"item\":\"https:\\\/\\\/radioleinewelle.de\\\/\"},{\"@type\":\"ListItem\",\"position\":2,\"name\":\"News und Infos 11.08.\"}]},{\"@type\":\"WebSite\",\"@id\":\"https:\\\/\\\/radioleinewelle.de\\\/#website\",\"url\":\"https:\\\/\\\/radioleinewelle.de\\\/\",\"name\":\"Radio Leinewelle\",\"description\":\"\",\"publisher\":{\"@id\":\"https:\\\/\\\/radioleinewelle.de\\\/#organization\"},\"potentialAction\":[{\"@type\":\"SearchAction\",\"target\":{\"@type\":\"EntryPoint\",\"urlTemplate\":\"https:\\\/\\\/radioleinewelle.de\\\/?s={search_term_string}\"},\"query-input\":{\"@type\":\"PropertyValueSpecification\",\"valueRequired\":true,\"valueName\":\"search_term_string\"}}],\"inLanguage\":\"de\"},{\"@type\":\"Organization\",\"@id\":\"https:\\\/\\\/radioleinewelle.de\\\/#organization\",\"name\":\"Radio Leinewelle\",\"alternateName\":\"Mein Radio f\u00fcr S\u00fcdniedersachsen\",\"url\":\"https:\\\/\\\/radioleinewelle.de\\\/\",\"logo\":{\"@type\":\"ImageObject\",\"inLanguage\":\"de\",\"@id\":\"https:\\\/\\\/radioleinewelle.de\\\/#\\\/schema\\\/logo\\\/image\\\/\",\"url\":\"https:\\\/\\\/radioleinewelle.de\\\/wp-content\\\/uploads\\\/2023\\\/11\\\/cropped-Leinewelle_Logo_weiss.png\",\"contentUrl\":\"https:\\\/\\\/radioleinewelle.de\\\/wp-content\\\/uploads\\\/2023\\\/11\\\/cropped-Leinewelle_Logo_weiss.png\",\"width\":854,\"height\":260,\"caption\":\"Radio Leinewelle\"},\"image\":{\"@id\":\"https:\\\/\\\/radioleinewelle.de\\\/#\\\/schema\\\/logo\\\/image\\\/\"},\"sameAs\":[\"https:\\\/\\\/www.facebook.com\\\/radioleinewelle\",\"https:\\\/\\\/x.com\\\/RLeinewelle\",\"https:\\\/\\\/www.instagram.com\\\/radioleinewelle\\\/?hl=de\"]},{\"@type\":\"Person\",\"@id\":\"https:\\\/\\\/radioleinewelle.de\\\/#\\\/schema\\\/person\\\/45606f348637df637192dc1b68399a63\",\"name\":\"Leinewelle\",\"image\":{\"@type\":\"ImageObject\",\"inLanguage\":\"de\",\"@id\":\"https:\\\/\\\/secure.gravatar.com\\\/avatar\\\/05c9a17bc973052ee5d91549bd32fb4dd0dc85b7b85ae94b2e2b4943476bbea5?s=96&d=blank&r=g\",\"url\":\"https:\\\/\\\/secure.gravatar.com\\\/avatar\\\/05c9a17bc973052ee5d91549bd32fb4dd0dc85b7b85ae94b2e2b4943476bbea5?s=96&d=blank&r=g\",\"contentUrl\":\"https:\\\/\\\/secure.gravatar.com\\\/avatar\\\/05c9a17bc973052ee5d91549bd32fb4dd0dc85b7b85ae94b2e2b4943476bbea5?s=96&d=blank&r=g\",\"caption\":\"Leinewelle\"},\"sameAs\":[\"http:\\\/\\\/localhost\\\/radio%20leinewelle\\\/wordpress\",\"https:\\\/\\\/www.facebook.com\\\/radioleinewelle\",\"https:\\\/\\\/www.instagram.com\\\/radioleinewelle\",\"https:\\\/\\\/x.com\\\/https:\\\/\\\/twitter.com\\\/RLeinewelle?ref_src=twsrcgoogletwcampserptwgrauthor\",\"https:\\\/\\\/soundcloud.com\\\/foerderverein-lokalradio?utm_source=clipboard&utm_medium=text&utm_campaign=social_sharing\"],\"url\":\"https:\\\/\\\/radioleinewelle.de\\\/index.php\\\/author\\\/leinewelle\\\/\"}]}<\/script>\n<!-- \/ Yoast SEO plugin. -->","yoast_head_json":{"title":"News und Infos 11.08. - Radio Leinewelle","robots":{"index":"index","follow":"follow","max-snippet":"max-snippet:-1","max-image-preview":"max-image-preview:large","max-video-preview":"max-video-preview:-1"},"canonical":"https:\/\/radioleinewelle.de\/index.php\/2023\/09\/11\/news-und-infos-11-08\/","og_locale":"de_DE","og_type":"article","og_title":"News und Infos 11.08. - Radio Leinewelle","og_description":"+++ T\u00f6dlicher Verkehrsunfall &#8211; Bei einem schweren Verkehrsunfall auf der L 567 zwischen den Ortschaften Reiffenhausen und Ludolfshauen (Landkreis G\u00f6ttingen) hat Samstagnacht (09.09.23) ein 26 Jahre alter Mann aus der Gemeinde Friedland sein Leben verloren. Ersten Ermittlungen zufolge kam der Citroen C 5 des Mannes etwa gegen 01.00 Uhr in einer langgezogenen Linkskurve aus bislang [&hellip;]","og_url":"https:\/\/radioleinewelle.de\/index.php\/2023\/09\/11\/news-und-infos-11-08\/","og_site_name":"Radio Leinewelle","article_publisher":"https:\/\/www.facebook.com\/radioleinewelle","article_author":"https:\/\/www.facebook.com\/radioleinewelle","article_published_time":"2023-09-11T07:22:14+00:00","article_modified_time":"2023-09-11T07:22:16+00:00","og_image":[{"width":2560,"height":2560,"url":"https:\/\/radioleinewelle.de\/wp-content\/uploads\/2023\/02\/Leinewelle-News-scaled.jpeg","type":"image\/jpeg"}],"author":"Leinewelle","twitter_card":"summary_large_image","twitter_creator":"@https:\/\/twitter.com\/RLeinewelle?ref_src=twsrcgoogletwcampserptwgrauthor","twitter_site":"@RLeinewelle","twitter_misc":{"Verfasst von":"Leinewelle","Gesch\u00e4tzte Lesezeit":"4\u00a0Minuten"},"schema":{"@context":"https:\/\/schema.org","@graph":[{"@type":"Article","@id":"https:\/\/radioleinewelle.de\/index.php\/2023\/09\/11\/news-und-infos-11-08\/#article","isPartOf":{"@id":"https:\/\/radioleinewelle.de\/index.php\/2023\/09\/11\/news-und-infos-11-08\/"},"author":{"name":"Leinewelle","@id":"https:\/\/radioleinewelle.de\/#\/schema\/person\/45606f348637df637192dc1b68399a63"},"headline":"News und Infos 11.08.","datePublished":"2023-09-11T07:22:14+00:00","dateModified":"2023-09-11T07:22:16+00:00","mainEntityOfPage":{"@id":"https:\/\/radioleinewelle.de\/index.php\/2023\/09\/11\/news-und-infos-11-08\/"},"wordCount":636,"commentCount":0,"publisher":{"@id":"https:\/\/radioleinewelle.de\/#organization"},"image":{"@id":"https:\/\/radioleinewelle.de\/index.php\/2023\/09\/11\/news-und-infos-11-08\/#primaryimage"},"thumbnailUrl":"https:\/\/radioleinewelle.de\/wp-content\/uploads\/2023\/02\/Leinewelle-News-scaled.jpeg","articleSection":["Aktuelle Nachrichten"],"inLanguage":"de","potentialAction":[{"@type":"CommentAction","name":"Comment","target":["https:\/\/radioleinewelle.de\/index.php\/2023\/09\/11\/news-und-infos-11-08\/#respond"]}]},{"@type":"WebPage","@id":"https:\/\/radioleinewelle.de\/index.php\/2023\/09\/11\/news-und-infos-11-08\/","url":"https:\/\/radioleinewelle.de\/index.php\/2023\/09\/11\/news-und-infos-11-08\/","name":"News und Infos 11.08. - Radio Leinewelle","isPartOf":{"@id":"https:\/\/radioleinewelle.de\/#website"},"primaryImageOfPage":{"@id":"https:\/\/radioleinewelle.de\/index.php\/2023\/09\/11\/news-und-infos-11-08\/#primaryimage"},"image":{"@id":"https:\/\/radioleinewelle.de\/index.php\/2023\/09\/11\/news-und-infos-11-08\/#primaryimage"},"thumbnailUrl":"https:\/\/radioleinewelle.de\/wp-content\/uploads\/2023\/02\/Leinewelle-News-scaled.jpeg","datePublished":"2023-09-11T07:22:14+00:00","dateModified":"2023-09-11T07:22:16+00:00","breadcrumb":{"@id":"https:\/\/radioleinewelle.de\/index.php\/2023\/09\/11\/news-und-infos-11-08\/#breadcrumb"},"inLanguage":"de","potentialAction":[{"@type":"ReadAction","target":["https:\/\/radioleinewelle.de\/index.php\/2023\/09\/11\/news-und-infos-11-08\/"]}]},{"@type":"ImageObject","inLanguage":"de","@id":"https:\/\/radioleinewelle.de\/index.php\/2023\/09\/11\/news-und-infos-11-08\/#primaryimage","url":"https:\/\/radioleinewelle.de\/wp-content\/uploads\/2023\/02\/Leinewelle-News-scaled.jpeg","contentUrl":"https:\/\/radioleinewelle.de\/wp-content\/uploads\/2023\/02\/Leinewelle-News-scaled.jpeg","width":2560,"height":2560},{"@type":"BreadcrumbList","@id":"https:\/\/radioleinewelle.de\/index.php\/2023\/09\/11\/news-und-infos-11-08\/#breadcrumb","itemListElement":[{"@type":"ListItem","position":1,"name":"Startseite","item":"https:\/\/radioleinewelle.de\/"},{"@type":"ListItem","position":2,"name":"News und Infos 11.08."}]},{"@type":"WebSite","@id":"https:\/\/radioleinewelle.de\/#website","url":"https:\/\/radioleinewelle.de\/","name":"Radio Leinewelle","description":"","publisher":{"@id":"https:\/\/radioleinewelle.de\/#organization"},"potentialAction":[{"@type":"SearchAction","target":{"@type":"EntryPoint","urlTemplate":"https:\/\/radioleinewelle.de\/?s={search_term_string}"},"query-input":{"@type":"PropertyValueSpecification","valueRequired":true,"valueName":"search_term_string"}}],"inLanguage":"de"},{"@type":"Organization","@id":"https:\/\/radioleinewelle.de\/#organization","name":"Radio Leinewelle","alternateName":"Mein Radio f\u00fcr S\u00fcdniedersachsen","url":"https:\/\/radioleinewelle.de\/","logo":{"@type":"ImageObject","inLanguage":"de","@id":"https:\/\/radioleinewelle.de\/#\/schema\/logo\/image\/","url":"https:\/\/radioleinewelle.de\/wp-content\/uploads\/2023\/11\/cropped-Leinewelle_Logo_weiss.png","contentUrl":"https:\/\/radioleinewelle.de\/wp-content\/uploads\/2023\/11\/cropped-Leinewelle_Logo_weiss.png","width":854,"height":260,"caption":"Radio Leinewelle"},"image":{"@id":"https:\/\/radioleinewelle.de\/#\/schema\/logo\/image\/"},"sameAs":["https:\/\/www.facebook.com\/radioleinewelle","https:\/\/x.com\/RLeinewelle","https:\/\/www.instagram.com\/radioleinewelle\/?hl=de"]},{"@type":"Person","@id":"https:\/\/radioleinewelle.de\/#\/schema\/person\/45606f348637df637192dc1b68399a63","name":"Leinewelle","image":{"@type":"ImageObject","inLanguage":"de","@id":"https:\/\/secure.gravatar.com\/avatar\/05c9a17bc973052ee5d91549bd32fb4dd0dc85b7b85ae94b2e2b4943476bbea5?s=96&d=blank&r=g","url":"https:\/\/secure.gravatar.com\/avatar\/05c9a17bc973052ee5d91549bd32fb4dd0dc85b7b85ae94b2e2b4943476bbea5?s=96&d=blank&r=g","contentUrl":"https:\/\/secure.gravatar.com\/avatar\/05c9a17bc973052ee5d91549bd32fb4dd0dc85b7b85ae94b2e2b4943476bbea5?s=96&d=blank&r=g","caption":"Leinewelle"},"sameAs":["http:\/\/localhost\/radio%20leinewelle\/wordpress","https:\/\/www.facebook.com\/radioleinewelle","https:\/\/www.instagram.com\/radioleinewelle","https:\/\/x.com\/https:\/\/twitter.com\/RLeinewelle?ref_src=twsrcgoogletwcampserptwgrauthor","https:\/\/soundcloud.com\/foerderverein-lokalradio?utm_source=clipboard&utm_medium=text&utm_campaign=social_sharing"],"url":"https:\/\/radioleinewelle.de\/index.php\/author\/leinewelle\/"}]}},"_links":{"self":[{"href":"https:\/\/radioleinewelle.de\/index.php\/wp-json\/wp\/v2\/posts\/23513","targetHints":{"allow":["GET"]}}],"collection":[{"href":"https:\/\/radioleinewelle.de\/index.php\/wp-json\/wp\/v2\/posts"}],"about":[{"href":"https:\/\/radioleinewelle.de\/index.php\/wp-json\/wp\/v2\/types\/post"}],"author":[{"embeddable":true,"href":"https:\/\/radioleinewelle.de\/index.php\/wp-json\/wp\/v2\/users\/1"}],"replies":[{"embeddable":true,"href":"https:\/\/radioleinewelle.de\/index.php\/wp-json\/wp\/v2\/comments?post=23513"}],"version-history":[{"count":5,"href":"https:\/\/radioleinewelle.de\/index.php\/wp-json\/wp\/v2\/posts\/23513\/revisions"}],"predecessor-version":[{"id":23518,"href":"https:\/\/radioleinewelle.de\/index.php\/wp-json\/wp\/v2\/posts\/23513\/revisions\/23518"}],"wp:featuredmedia":[{"embeddable":true,"href":"https:\/\/radioleinewelle.de\/index.php\/wp-json\/wp\/v2\/media\/21592"}],"wp:attachment":[{"href":"https:\/\/radioleinewelle.de\/index.php\/wp-json\/wp\/v2\/media?parent=23513"}],"wp:term":[{"taxonomy":"category","embeddable":true,"href":"https:\/\/radioleinewelle.de\/index.php\/wp-json\/wp\/v2\/categories?post=23513"},{"taxonomy":"post_tag","embeddable":true,"href":"https:\/\/radioleinewelle.de\/index.php\/wp-json\/wp\/v2\/tags?post=23513"}],"curies":[{"name":"wp","href":"https:\/\/api.w.org\/{rel}","templated":true}]}}