{"id":23541,"date":"2023-09-13T10:32:43","date_gmt":"2023-09-13T08:32:43","guid":{"rendered":"https:\/\/radioleinewelle.de\/?p=23541"},"modified":"2023-09-13T10:34:25","modified_gmt":"2023-09-13T08:34:25","slug":"news-und-infos-am-13-08","status":"publish","type":"post","link":"https:\/\/radioleinewelle.de\/index.php\/2023\/09\/13\/news-und-infos-am-13-08\/","title":{"rendered":"News und Infos am 13.08."},"content":{"rendered":"\n<p>+++ <strong>Der Wettbewerb zur Neugestaltung des Waageplatzes<\/strong> ist auf der Zielgeraden. Acht Planungsb\u00fcros haben Entw\u00fcrfe f\u00fcr die Umgestaltung des \u00f6ffentlichen Platzes eingereicht. Die Entw\u00fcrfe werden am Montag, 18. September 2023, der \u00d6ffentlichkeit pr\u00e4sentiert. Zwischen 17.00 und 19.00 Uhr k\u00f6nnen sie in der Galerie \u201eAlte Feuerwache\u201c, Ritterplan 4, in G\u00f6ttingen besichtigt werden. Dabei besteht Gelegenheit, dem Preisgericht, das die Arbeiten am Folgetag beurteilen wird, schriftliche Kommentare zu hinterlassen. Die Neugestaltung des Waageplatzes ist Teil des Sanierungsgebiets N\u00f6rdliche Innenstadt. Alle Infos zum Sanierungsgebiet sind unter&nbsp;<a href=\"http:\/\/mailings.goettingen.de\/c\/86898239\/8437d312179c-s0x09u\"><strong>goe.de\/noerdliche-innenstadt<\/strong><\/a>&nbsp;zu finden. +++<\/p>\n\n\n\n<p>+++ Anl\u00e4sslich des globalen Klimastreiks am&nbsp;<strong>15. September 2023<\/strong>&nbsp;wird Fridays for Future erneut gemeinsam mit zahlreichen B\u00fcndnispartnern auf die Stra\u00dfe gehen, um Klimagerechtigkeit einzufordern. Unter dem Motto&nbsp;<strong>#EndFossilFuels<\/strong>&nbsp;finden weltweit Proteste statt. In Deutschland sind&nbsp;Aktionen in \u00fcber 250 St\u00e4dten&nbsp;geplant. In G\u00f6ttingen beginnt die Aktion um 13 Uhr vor dem Neuen Rathaus. Fridays for Future fordert von der Ampel-Regierung die Umsetzung des im Koalitionsvertrag verankerten sozial gerechten Klimageldes in Kombination mit einer angemessenen CO2-Bepreisung. Au\u00dferdem setzt sich die Bewegung gegen die geplante Entkernung des Klimaschutzgesetzes ein. +++<\/p>\n\n\n\n<p>+++ <strong>Am Manga Day am Samstag, 16. September 2023<\/strong>, nimmt die Stadtbibliothek G\u00f6ttingen in diesem Jahr als eine der Anlaufstellen teil. Im Angebot gibt es Leseproben und eine Rallye. Besucher*innen der Stadtbibliothek im Thomas-Buergenthal-Haus, Gotmarstra\u00dfe 8, k\u00f6nnen von 10.00 bis 16.00 Uhr aus insgesamt 27 extra f\u00fcr den Manga Day angefertigten Leseproben drei St\u00fcck ausw\u00e4hlen. Die Aktion ist gratis und findet in der Jugendbibliothek statt. In Kooperation mit der Thalia-Filiale in der Weender Stra\u00dfe 36 veranstaltet die Stadtbibliothek au\u00dferdem eine Rallye, bei der es kleine \u00dcberraschungen zu gewinnen gibt \u2013 so lange der Vorrat reicht. Die \u00dcberraschungen wurden von den verschiedenen Verlagen zur Verf\u00fcgung gestellt. Weitere Informationen zur Stadtbibliothek gibt es unter&nbsp;<strong><a href=\"http:\/\/mailings.goettingen.de\/c\/86891350\/8437d312179c-s0wxkl\">stadtbibliothek.goettingen.de<\/a>.<\/strong> +++<\/p>\n\n\n\n<p>+++ Zu einem <strong>historischen Rundgang durch Osterode am Harz<\/strong> l\u00e4dt die Stadt Osterode am Harz &#8211; Touristinformation am Dienstag, den 19. September ein. Die F\u00fchrung beginnt um 11.00 Uhr vor der Touristinformation an der Stadtmauer. Vorgestellt wird die Entwicklung Osterodes von der mittelalterlichen Siedlung bis in die Gegenwart. Die G\u00e4ste erfahren Wissenswertes vom Leben und Arbeiten der Ackerb\u00fcrger, Handwerker, H\u00e4ndler und Fabrikaten. Der Rundgang f\u00fchrt zu den historischen Bauwerken und Denkm\u00e4lern der Stadt. Alte Verkehrswege und Pl\u00e4tze werden erkundet und die Teilnehmer lernen auch die Liebensw\u00fcrdigkeiten und Eigent\u00fcmlichkeiten Osterodes kennen. +++<\/p>\n\n\n\n<p>+++ Rhythmen aus Lateinamerika und mehr, 16,09., 10.30 -13.30 h, <strong>Workshop in der KAZ Trommelwerkstatt<\/strong>, B\u00fcrgerstra\u00dfe 15, G\u00f6ttingen.F\u00fcr Anf\u00e4nger*innen und Fortgeschrittene. Die Teilnehmenden werden sich mit Congas, Basstrommeln &amp; Smallpercussion Instrumenten besch\u00e4ftigen. Es geht um &nbsp;traditionelle Rhythmen aus Cuba, Brasilien und Puerto Rico oder ein moderner Mix aus typischen Rhythmen mit modernen Pop, Rock- und Funk-Elementen. Anmeldung: Kathrin&nbsp; Bogislav,M.A. in interkultureller&nbsp; Musikvermittlung,&nbsp;<a href=\"mailto:info@kathrinbogislav.de\">info@kathrinbogislav.de<\/a> +++<\/p>\n","protected":false},"excerpt":{"rendered":"<p>+++ Der Wettbewerb zur Neugestaltung des Waageplatzes ist auf der Zielgeraden. Acht Planungsb\u00fcros haben Entw\u00fcrfe f\u00fcr die Umgestaltung des \u00f6ffentlichen Platzes eingereicht. Die Entw\u00fcrfe werden am Montag, 18. September 2023, der \u00d6ffentlichkeit pr\u00e4sentiert. Zwischen 17.00 und 19.00 Uhr k\u00f6nnen sie in der Galerie \u201eAlte Feuerwache\u201c, Ritterplan 4, in G\u00f6ttingen besichtigt werden. Dabei besteht Gelegenheit, dem [&hellip;]<\/p>\n","protected":false},"author":1,"featured_media":21592,"comment_status":"open","ping_status":"open","sticky":true,"template":"","format":"standard","meta":{"saved_in_kubio":false,"footnotes":""},"categories":[24],"tags":[],"class_list":["post-23541","post","type-post","status-publish","format-standard","has-post-thumbnail","hentry","category-news"],"yoast_head":"<!-- This site is optimized with the Yoast SEO plugin v27.5 - https:\/\/yoast.com\/product\/yoast-seo-wordpress\/ -->\n<title>News und Infos am 13.08. - Radio Leinewelle<\/title>\n<meta name=\"robots\" content=\"index, follow, max-snippet:-1, max-image-preview:large, max-video-preview:-1\" \/>\n<link rel=\"canonical\" href=\"https:\/\/radioleinewelle.de\/index.php\/2023\/09\/13\/news-und-infos-am-13-08\/\" \/>\n<meta property=\"og:locale\" content=\"de_DE\" \/>\n<meta property=\"og:type\" content=\"article\" \/>\n<meta property=\"og:title\" content=\"News und Infos am 13.08. - Radio Leinewelle\" \/>\n<meta property=\"og:description\" content=\"+++ Der Wettbewerb zur Neugestaltung des Waageplatzes ist auf der Zielgeraden. Acht Planungsb\u00fcros haben Entw\u00fcrfe f\u00fcr die Umgestaltung des \u00f6ffentlichen Platzes eingereicht. Die Entw\u00fcrfe werden am Montag, 18. September 2023, der \u00d6ffentlichkeit pr\u00e4sentiert. Zwischen 17.00 und 19.00 Uhr k\u00f6nnen sie in der Galerie \u201eAlte Feuerwache\u201c, Ritterplan 4, in G\u00f6ttingen besichtigt werden. Dabei besteht Gelegenheit, dem [&hellip;]\" \/>\n<meta property=\"og:url\" content=\"https:\/\/radioleinewelle.de\/index.php\/2023\/09\/13\/news-und-infos-am-13-08\/\" \/>\n<meta property=\"og:site_name\" content=\"Radio Leinewelle\" \/>\n<meta property=\"article:publisher\" content=\"https:\/\/www.facebook.com\/radioleinewelle\" \/>\n<meta property=\"article:author\" content=\"https:\/\/www.facebook.com\/radioleinewelle\" \/>\n<meta property=\"article:published_time\" content=\"2023-09-13T08:32:43+00:00\" \/>\n<meta property=\"article:modified_time\" content=\"2023-09-13T08:34:25+00:00\" \/>\n<meta property=\"og:image\" content=\"https:\/\/radioleinewelle.de\/wp-content\/uploads\/2023\/02\/Leinewelle-News-scaled.jpeg\" \/>\n\t<meta property=\"og:image:width\" content=\"2560\" \/>\n\t<meta property=\"og:image:height\" content=\"2560\" \/>\n\t<meta property=\"og:image:type\" content=\"image\/jpeg\" \/>\n<meta name=\"author\" content=\"Leinewelle\" \/>\n<meta name=\"twitter:card\" content=\"summary_large_image\" \/>\n<meta name=\"twitter:creator\" content=\"@https:\/\/twitter.com\/RLeinewelle?ref_src=twsrcgoogletwcampserptwgrauthor\" \/>\n<meta name=\"twitter:site\" content=\"@RLeinewelle\" \/>\n<meta name=\"twitter:label1\" content=\"Verfasst von\" \/>\n\t<meta name=\"twitter:data1\" content=\"Leinewelle\" \/>\n\t<meta name=\"twitter:label2\" content=\"Gesch\u00e4tzte Lesezeit\" \/>\n\t<meta name=\"twitter:data2\" content=\"3\u00a0Minuten\" \/>\n<script type=\"application\/ld+json\" class=\"yoast-schema-graph\">{\"@context\":\"https:\\\/\\\/schema.org\",\"@graph\":[{\"@type\":\"Article\",\"@id\":\"https:\\\/\\\/radioleinewelle.de\\\/index.php\\\/2023\\\/09\\\/13\\\/news-und-infos-am-13-08\\\/#article\",\"isPartOf\":{\"@id\":\"https:\\\/\\\/radioleinewelle.de\\\/index.php\\\/2023\\\/09\\\/13\\\/news-und-infos-am-13-08\\\/\"},\"author\":{\"name\":\"Leinewelle\",\"@id\":\"https:\\\/\\\/radioleinewelle.de\\\/#\\\/schema\\\/person\\\/45606f348637df637192dc1b68399a63\"},\"headline\":\"News und Infos am 13.08.\",\"datePublished\":\"2023-09-13T08:32:43+00:00\",\"dateModified\":\"2023-09-13T08:34:25+00:00\",\"mainEntityOfPage\":{\"@id\":\"https:\\\/\\\/radioleinewelle.de\\\/index.php\\\/2023\\\/09\\\/13\\\/news-und-infos-am-13-08\\\/\"},\"wordCount\":481,\"commentCount\":0,\"publisher\":{\"@id\":\"https:\\\/\\\/radioleinewelle.de\\\/#organization\"},\"image\":{\"@id\":\"https:\\\/\\\/radioleinewelle.de\\\/index.php\\\/2023\\\/09\\\/13\\\/news-und-infos-am-13-08\\\/#primaryimage\"},\"thumbnailUrl\":\"https:\\\/\\\/radioleinewelle.de\\\/wp-content\\\/uploads\\\/2023\\\/02\\\/Leinewelle-News-scaled.jpeg\",\"articleSection\":[\"Aktuelle Nachrichten\"],\"inLanguage\":\"de\",\"potentialAction\":[{\"@type\":\"CommentAction\",\"name\":\"Comment\",\"target\":[\"https:\\\/\\\/radioleinewelle.de\\\/index.php\\\/2023\\\/09\\\/13\\\/news-und-infos-am-13-08\\\/#respond\"]}]},{\"@type\":\"WebPage\",\"@id\":\"https:\\\/\\\/radioleinewelle.de\\\/index.php\\\/2023\\\/09\\\/13\\\/news-und-infos-am-13-08\\\/\",\"url\":\"https:\\\/\\\/radioleinewelle.de\\\/index.php\\\/2023\\\/09\\\/13\\\/news-und-infos-am-13-08\\\/\",\"name\":\"News und Infos am 13.08. - Radio Leinewelle\",\"isPartOf\":{\"@id\":\"https:\\\/\\\/radioleinewelle.de\\\/#website\"},\"primaryImageOfPage\":{\"@id\":\"https:\\\/\\\/radioleinewelle.de\\\/index.php\\\/2023\\\/09\\\/13\\\/news-und-infos-am-13-08\\\/#primaryimage\"},\"image\":{\"@id\":\"https:\\\/\\\/radioleinewelle.de\\\/index.php\\\/2023\\\/09\\\/13\\\/news-und-infos-am-13-08\\\/#primaryimage\"},\"thumbnailUrl\":\"https:\\\/\\\/radioleinewelle.de\\\/wp-content\\\/uploads\\\/2023\\\/02\\\/Leinewelle-News-scaled.jpeg\",\"datePublished\":\"2023-09-13T08:32:43+00:00\",\"dateModified\":\"2023-09-13T08:34:25+00:00\",\"breadcrumb\":{\"@id\":\"https:\\\/\\\/radioleinewelle.de\\\/index.php\\\/2023\\\/09\\\/13\\\/news-und-infos-am-13-08\\\/#breadcrumb\"},\"inLanguage\":\"de\",\"potentialAction\":[{\"@type\":\"ReadAction\",\"target\":[\"https:\\\/\\\/radioleinewelle.de\\\/index.php\\\/2023\\\/09\\\/13\\\/news-und-infos-am-13-08\\\/\"]}]},{\"@type\":\"ImageObject\",\"inLanguage\":\"de\",\"@id\":\"https:\\\/\\\/radioleinewelle.de\\\/index.php\\\/2023\\\/09\\\/13\\\/news-und-infos-am-13-08\\\/#primaryimage\",\"url\":\"https:\\\/\\\/radioleinewelle.de\\\/wp-content\\\/uploads\\\/2023\\\/02\\\/Leinewelle-News-scaled.jpeg\",\"contentUrl\":\"https:\\\/\\\/radioleinewelle.de\\\/wp-content\\\/uploads\\\/2023\\\/02\\\/Leinewelle-News-scaled.jpeg\",\"width\":2560,\"height\":2560},{\"@type\":\"BreadcrumbList\",\"@id\":\"https:\\\/\\\/radioleinewelle.de\\\/index.php\\\/2023\\\/09\\\/13\\\/news-und-infos-am-13-08\\\/#breadcrumb\",\"itemListElement\":[{\"@type\":\"ListItem\",\"position\":1,\"name\":\"Startseite\",\"item\":\"https:\\\/\\\/radioleinewelle.de\\\/\"},{\"@type\":\"ListItem\",\"position\":2,\"name\":\"News und Infos am 13.08.\"}]},{\"@type\":\"WebSite\",\"@id\":\"https:\\\/\\\/radioleinewelle.de\\\/#website\",\"url\":\"https:\\\/\\\/radioleinewelle.de\\\/\",\"name\":\"Radio Leinewelle\",\"description\":\"\",\"publisher\":{\"@id\":\"https:\\\/\\\/radioleinewelle.de\\\/#organization\"},\"potentialAction\":[{\"@type\":\"SearchAction\",\"target\":{\"@type\":\"EntryPoint\",\"urlTemplate\":\"https:\\\/\\\/radioleinewelle.de\\\/?s={search_term_string}\"},\"query-input\":{\"@type\":\"PropertyValueSpecification\",\"valueRequired\":true,\"valueName\":\"search_term_string\"}}],\"inLanguage\":\"de\"},{\"@type\":\"Organization\",\"@id\":\"https:\\\/\\\/radioleinewelle.de\\\/#organization\",\"name\":\"Radio Leinewelle\",\"alternateName\":\"Mein Radio f\u00fcr S\u00fcdniedersachsen\",\"url\":\"https:\\\/\\\/radioleinewelle.de\\\/\",\"logo\":{\"@type\":\"ImageObject\",\"inLanguage\":\"de\",\"@id\":\"https:\\\/\\\/radioleinewelle.de\\\/#\\\/schema\\\/logo\\\/image\\\/\",\"url\":\"https:\\\/\\\/radioleinewelle.de\\\/wp-content\\\/uploads\\\/2023\\\/11\\\/cropped-Leinewelle_Logo_weiss.png\",\"contentUrl\":\"https:\\\/\\\/radioleinewelle.de\\\/wp-content\\\/uploads\\\/2023\\\/11\\\/cropped-Leinewelle_Logo_weiss.png\",\"width\":854,\"height\":260,\"caption\":\"Radio Leinewelle\"},\"image\":{\"@id\":\"https:\\\/\\\/radioleinewelle.de\\\/#\\\/schema\\\/logo\\\/image\\\/\"},\"sameAs\":[\"https:\\\/\\\/www.facebook.com\\\/radioleinewelle\",\"https:\\\/\\\/x.com\\\/RLeinewelle\",\"https:\\\/\\\/www.instagram.com\\\/radioleinewelle\\\/?hl=de\"]},{\"@type\":\"Person\",\"@id\":\"https:\\\/\\\/radioleinewelle.de\\\/#\\\/schema\\\/person\\\/45606f348637df637192dc1b68399a63\",\"name\":\"Leinewelle\",\"image\":{\"@type\":\"ImageObject\",\"inLanguage\":\"de\",\"@id\":\"https:\\\/\\\/secure.gravatar.com\\\/avatar\\\/05c9a17bc973052ee5d91549bd32fb4dd0dc85b7b85ae94b2e2b4943476bbea5?s=96&d=blank&r=g\",\"url\":\"https:\\\/\\\/secure.gravatar.com\\\/avatar\\\/05c9a17bc973052ee5d91549bd32fb4dd0dc85b7b85ae94b2e2b4943476bbea5?s=96&d=blank&r=g\",\"contentUrl\":\"https:\\\/\\\/secure.gravatar.com\\\/avatar\\\/05c9a17bc973052ee5d91549bd32fb4dd0dc85b7b85ae94b2e2b4943476bbea5?s=96&d=blank&r=g\",\"caption\":\"Leinewelle\"},\"sameAs\":[\"http:\\\/\\\/localhost\\\/radio%20leinewelle\\\/wordpress\",\"https:\\\/\\\/www.facebook.com\\\/radioleinewelle\",\"https:\\\/\\\/www.instagram.com\\\/radioleinewelle\",\"https:\\\/\\\/x.com\\\/https:\\\/\\\/twitter.com\\\/RLeinewelle?ref_src=twsrcgoogletwcampserptwgrauthor\",\"https:\\\/\\\/soundcloud.com\\\/foerderverein-lokalradio?utm_source=clipboard&utm_medium=text&utm_campaign=social_sharing\"],\"url\":\"https:\\\/\\\/radioleinewelle.de\\\/index.php\\\/author\\\/leinewelle\\\/\"}]}<\/script>\n<!-- \/ Yoast SEO plugin. -->","yoast_head_json":{"title":"News und Infos am 13.08. - Radio Leinewelle","robots":{"index":"index","follow":"follow","max-snippet":"max-snippet:-1","max-image-preview":"max-image-preview:large","max-video-preview":"max-video-preview:-1"},"canonical":"https:\/\/radioleinewelle.de\/index.php\/2023\/09\/13\/news-und-infos-am-13-08\/","og_locale":"de_DE","og_type":"article","og_title":"News und Infos am 13.08. - Radio Leinewelle","og_description":"+++ Der Wettbewerb zur Neugestaltung des Waageplatzes ist auf der Zielgeraden. Acht Planungsb\u00fcros haben Entw\u00fcrfe f\u00fcr die Umgestaltung des \u00f6ffentlichen Platzes eingereicht. Die Entw\u00fcrfe werden am Montag, 18. September 2023, der \u00d6ffentlichkeit pr\u00e4sentiert. Zwischen 17.00 und 19.00 Uhr k\u00f6nnen sie in der Galerie \u201eAlte Feuerwache\u201c, Ritterplan 4, in G\u00f6ttingen besichtigt werden. Dabei besteht Gelegenheit, dem [&hellip;]","og_url":"https:\/\/radioleinewelle.de\/index.php\/2023\/09\/13\/news-und-infos-am-13-08\/","og_site_name":"Radio Leinewelle","article_publisher":"https:\/\/www.facebook.com\/radioleinewelle","article_author":"https:\/\/www.facebook.com\/radioleinewelle","article_published_time":"2023-09-13T08:32:43+00:00","article_modified_time":"2023-09-13T08:34:25+00:00","og_image":[{"width":2560,"height":2560,"url":"https:\/\/radioleinewelle.de\/wp-content\/uploads\/2023\/02\/Leinewelle-News-scaled.jpeg","type":"image\/jpeg"}],"author":"Leinewelle","twitter_card":"summary_large_image","twitter_creator":"@https:\/\/twitter.com\/RLeinewelle?ref_src=twsrcgoogletwcampserptwgrauthor","twitter_site":"@RLeinewelle","twitter_misc":{"Verfasst von":"Leinewelle","Gesch\u00e4tzte Lesezeit":"3\u00a0Minuten"},"schema":{"@context":"https:\/\/schema.org","@graph":[{"@type":"Article","@id":"https:\/\/radioleinewelle.de\/index.php\/2023\/09\/13\/news-und-infos-am-13-08\/#article","isPartOf":{"@id":"https:\/\/radioleinewelle.de\/index.php\/2023\/09\/13\/news-und-infos-am-13-08\/"},"author":{"name":"Leinewelle","@id":"https:\/\/radioleinewelle.de\/#\/schema\/person\/45606f348637df637192dc1b68399a63"},"headline":"News und Infos am 13.08.","datePublished":"2023-09-13T08:32:43+00:00","dateModified":"2023-09-13T08:34:25+00:00","mainEntityOfPage":{"@id":"https:\/\/radioleinewelle.de\/index.php\/2023\/09\/13\/news-und-infos-am-13-08\/"},"wordCount":481,"commentCount":0,"publisher":{"@id":"https:\/\/radioleinewelle.de\/#organization"},"image":{"@id":"https:\/\/radioleinewelle.de\/index.php\/2023\/09\/13\/news-und-infos-am-13-08\/#primaryimage"},"thumbnailUrl":"https:\/\/radioleinewelle.de\/wp-content\/uploads\/2023\/02\/Leinewelle-News-scaled.jpeg","articleSection":["Aktuelle Nachrichten"],"inLanguage":"de","potentialAction":[{"@type":"CommentAction","name":"Comment","target":["https:\/\/radioleinewelle.de\/index.php\/2023\/09\/13\/news-und-infos-am-13-08\/#respond"]}]},{"@type":"WebPage","@id":"https:\/\/radioleinewelle.de\/index.php\/2023\/09\/13\/news-und-infos-am-13-08\/","url":"https:\/\/radioleinewelle.de\/index.php\/2023\/09\/13\/news-und-infos-am-13-08\/","name":"News und Infos am 13.08. - Radio Leinewelle","isPartOf":{"@id":"https:\/\/radioleinewelle.de\/#website"},"primaryImageOfPage":{"@id":"https:\/\/radioleinewelle.de\/index.php\/2023\/09\/13\/news-und-infos-am-13-08\/#primaryimage"},"image":{"@id":"https:\/\/radioleinewelle.de\/index.php\/2023\/09\/13\/news-und-infos-am-13-08\/#primaryimage"},"thumbnailUrl":"https:\/\/radioleinewelle.de\/wp-content\/uploads\/2023\/02\/Leinewelle-News-scaled.jpeg","datePublished":"2023-09-13T08:32:43+00:00","dateModified":"2023-09-13T08:34:25+00:00","breadcrumb":{"@id":"https:\/\/radioleinewelle.de\/index.php\/2023\/09\/13\/news-und-infos-am-13-08\/#breadcrumb"},"inLanguage":"de","potentialAction":[{"@type":"ReadAction","target":["https:\/\/radioleinewelle.de\/index.php\/2023\/09\/13\/news-und-infos-am-13-08\/"]}]},{"@type":"ImageObject","inLanguage":"de","@id":"https:\/\/radioleinewelle.de\/index.php\/2023\/09\/13\/news-und-infos-am-13-08\/#primaryimage","url":"https:\/\/radioleinewelle.de\/wp-content\/uploads\/2023\/02\/Leinewelle-News-scaled.jpeg","contentUrl":"https:\/\/radioleinewelle.de\/wp-content\/uploads\/2023\/02\/Leinewelle-News-scaled.jpeg","width":2560,"height":2560},{"@type":"BreadcrumbList","@id":"https:\/\/radioleinewelle.de\/index.php\/2023\/09\/13\/news-und-infos-am-13-08\/#breadcrumb","itemListElement":[{"@type":"ListItem","position":1,"name":"Startseite","item":"https:\/\/radioleinewelle.de\/"},{"@type":"ListItem","position":2,"name":"News und Infos am 13.08."}]},{"@type":"WebSite","@id":"https:\/\/radioleinewelle.de\/#website","url":"https:\/\/radioleinewelle.de\/","name":"Radio Leinewelle","description":"","publisher":{"@id":"https:\/\/radioleinewelle.de\/#organization"},"potentialAction":[{"@type":"SearchAction","target":{"@type":"EntryPoint","urlTemplate":"https:\/\/radioleinewelle.de\/?s={search_term_string}"},"query-input":{"@type":"PropertyValueSpecification","valueRequired":true,"valueName":"search_term_string"}}],"inLanguage":"de"},{"@type":"Organization","@id":"https:\/\/radioleinewelle.de\/#organization","name":"Radio Leinewelle","alternateName":"Mein Radio f\u00fcr S\u00fcdniedersachsen","url":"https:\/\/radioleinewelle.de\/","logo":{"@type":"ImageObject","inLanguage":"de","@id":"https:\/\/radioleinewelle.de\/#\/schema\/logo\/image\/","url":"https:\/\/radioleinewelle.de\/wp-content\/uploads\/2023\/11\/cropped-Leinewelle_Logo_weiss.png","contentUrl":"https:\/\/radioleinewelle.de\/wp-content\/uploads\/2023\/11\/cropped-Leinewelle_Logo_weiss.png","width":854,"height":260,"caption":"Radio Leinewelle"},"image":{"@id":"https:\/\/radioleinewelle.de\/#\/schema\/logo\/image\/"},"sameAs":["https:\/\/www.facebook.com\/radioleinewelle","https:\/\/x.com\/RLeinewelle","https:\/\/www.instagram.com\/radioleinewelle\/?hl=de"]},{"@type":"Person","@id":"https:\/\/radioleinewelle.de\/#\/schema\/person\/45606f348637df637192dc1b68399a63","name":"Leinewelle","image":{"@type":"ImageObject","inLanguage":"de","@id":"https:\/\/secure.gravatar.com\/avatar\/05c9a17bc973052ee5d91549bd32fb4dd0dc85b7b85ae94b2e2b4943476bbea5?s=96&d=blank&r=g","url":"https:\/\/secure.gravatar.com\/avatar\/05c9a17bc973052ee5d91549bd32fb4dd0dc85b7b85ae94b2e2b4943476bbea5?s=96&d=blank&r=g","contentUrl":"https:\/\/secure.gravatar.com\/avatar\/05c9a17bc973052ee5d91549bd32fb4dd0dc85b7b85ae94b2e2b4943476bbea5?s=96&d=blank&r=g","caption":"Leinewelle"},"sameAs":["http:\/\/localhost\/radio%20leinewelle\/wordpress","https:\/\/www.facebook.com\/radioleinewelle","https:\/\/www.instagram.com\/radioleinewelle","https:\/\/x.com\/https:\/\/twitter.com\/RLeinewelle?ref_src=twsrcgoogletwcampserptwgrauthor","https:\/\/soundcloud.com\/foerderverein-lokalradio?utm_source=clipboard&utm_medium=text&utm_campaign=social_sharing"],"url":"https:\/\/radioleinewelle.de\/index.php\/author\/leinewelle\/"}]}},"_links":{"self":[{"href":"https:\/\/radioleinewelle.de\/index.php\/wp-json\/wp\/v2\/posts\/23541","targetHints":{"allow":["GET"]}}],"collection":[{"href":"https:\/\/radioleinewelle.de\/index.php\/wp-json\/wp\/v2\/posts"}],"about":[{"href":"https:\/\/radioleinewelle.de\/index.php\/wp-json\/wp\/v2\/types\/post"}],"author":[{"embeddable":true,"href":"https:\/\/radioleinewelle.de\/index.php\/wp-json\/wp\/v2\/users\/1"}],"replies":[{"embeddable":true,"href":"https:\/\/radioleinewelle.de\/index.php\/wp-json\/wp\/v2\/comments?post=23541"}],"version-history":[{"count":5,"href":"https:\/\/radioleinewelle.de\/index.php\/wp-json\/wp\/v2\/posts\/23541\/revisions"}],"predecessor-version":[{"id":23546,"href":"https:\/\/radioleinewelle.de\/index.php\/wp-json\/wp\/v2\/posts\/23541\/revisions\/23546"}],"wp:featuredmedia":[{"embeddable":true,"href":"https:\/\/radioleinewelle.de\/index.php\/wp-json\/wp\/v2\/media\/21592"}],"wp:attachment":[{"href":"https:\/\/radioleinewelle.de\/index.php\/wp-json\/wp\/v2\/media?parent=23541"}],"wp:term":[{"taxonomy":"category","embeddable":true,"href":"https:\/\/radioleinewelle.de\/index.php\/wp-json\/wp\/v2\/categories?post=23541"},{"taxonomy":"post_tag","embeddable":true,"href":"https:\/\/radioleinewelle.de\/index.php\/wp-json\/wp\/v2\/tags?post=23541"}],"curies":[{"name":"wp","href":"https:\/\/api.w.org\/{rel}","templated":true}]}}