{"id":23548,"date":"2023-09-14T14:54:33","date_gmt":"2023-09-14T12:54:33","guid":{"rendered":"https:\/\/radioleinewelle.de\/?p=23548"},"modified":"2023-09-14T14:57:37","modified_gmt":"2023-09-14T12:57:37","slug":"am-samstag-2-weende-open-air-festivalam-samstag","status":"publish","type":"post","link":"https:\/\/radioleinewelle.de\/index.php\/2023\/09\/14\/am-samstag-2-weende-open-air-festivalam-samstag\/","title":{"rendered":"Am Samstag &#8211; 2. Weende Open Air Festival &#8211;"},"content":{"rendered":"\n<p>Kurz nachdem der Badespa\u00df im Parkbad Weende f\u00fcr diese Freibadsaison vorbei ist, wird das Gel\u00e4nde Austragungsort des 2. Weende Open Air Festivals! Verwaist bieten Rutsche und Springturm eine einmalige Kulisse f\u00fcr das Live-Musikfestival mit regionalen Musikern. Eine Veranstaltung des <strong>Kreuzberg on KulTour e.V.<\/strong> in Kooperation mit dem <strong>F\u00f6rderverein Freibad Weende e.V.<\/strong> Pr\u00e4sentiert von <strong>Radio Leinewelle.<\/strong> Einla\u00df ab 16:30 Uhr Beginn: 17.00 Uhr<\/p>\n\n\n\n<p>Vorverkauf: 5 Euro (Copy Team G\u00f6ttingen &amp; zzgl VVk-Geb\u00fchren bei <strong><a href=\"http:\/\/www.eventim-light.com\/de\/a\/5d42b9dfeee5660001426f82\/e\/64f6f187a943e8028245ae5b)\">Eventim<\/a><\/strong> &#8211; Tageskasse: 15 Euro<\/p>\n\n\n\n<p><strong>Lineup:<\/strong><br>Kusheva<br>Lars Begerow<br>Melanie Mau &amp; Martin Schnella<br>Midnight Flash<\/p>\n\n\n\n<p><strong>\u2728KUSHEVA<\/strong><br>Tatjana Kusheva in vielen Genres zu Hause. Mal augenzwinkernd, mal nachdenklich zeigt sie auf die Stolpersteine des Mensch-Seins. Musikalisch mischt sich die digitale Welt mit analogen Kl\u00e4ngen und wird dabei von Adriana de Paduanis an Gesang und E-Gitarre unterst\u00fctzt.<\/p>\n\n\n\n<p><strong>\u2728LARS BEGEROW<\/strong><br>Lars Begerow begeistert seine Zuschauer durch seine Kreativit\u00e4t, bekannte Songs neu zu interpretieren. Durch seine langj\u00e4hrige B\u00fchnenerfahrung kann der sympathische Musiker das Publikum mitrei\u00dfen, und seine Begeisterung f\u00fcr die Musik ist ansteckend. Ob Pop, Eurodance, Hip Hop, RnB, Rock`n Roll oder gef\u00fchlvolle Balladen: Lars verpackt bekannte Hits in ein akustisches Gewand jenseits abgedroschener Lagerfeuerpfade. Alles klingt neu, aber doch vertraut und l\u00e4dt zum Mitsingen ein.<\/p>\n\n\n\n<p><strong>\u2728MELANIE MAU &amp; MARTIN SCHNELLA<\/strong><br>Herzensangelegenheiten im Unplugged Stil &#8211; Das Repertoire von Melanie Mau und Martin Schnella beinhaltet Coversongs, die sie in ihrem eigenen Stil umarrangieren, aber mittlerweile auch zahlreiche Originals. Das Wichtigste jedoch: Die Musik ihre kommt stets aus tiefstem Herzen und ist im wahrsten Sinne eine \u201eHerzensangelegenheit\u201c!<\/p>\n\n\n\n<p><strong>\u2728MIDNIGHT FLASH<\/strong><br>Midnight Flash bietet ein musikalisches Spektrum von Blues-Rock im Stile der 60er Jahre \u00fcber swingenden Jump-Blues, bis hin zu ausgefeilten Rock Arrangements. Neben vielseitigen Eigenkompositionen interpretieren sie auch Blues-Traditionals und diverse Klassiker.<\/p>\n","protected":false},"excerpt":{"rendered":"<p>Kurz nachdem der Badespa\u00df im Parkbad Weende f\u00fcr diese Freibadsaison vorbei ist, wird das Gel\u00e4nde Austragungsort des 2. Weende Open Air Festivals! Verwaist bieten Rutsche und Springturm eine einmalige Kulisse f\u00fcr das Live-Musikfestival mit regionalen Musikern. Eine Veranstaltung des Kreuzberg on KulTour e.V. in Kooperation mit dem F\u00f6rderverein Freibad Weende e.V. Pr\u00e4sentiert von Radio Leinewelle. [&hellip;]<\/p>\n","protected":false},"author":1,"featured_media":23551,"comment_status":"open","ping_status":"open","sticky":true,"template":"","format":"standard","meta":{"saved_in_kubio":false,"footnotes":""},"categories":[29,41],"tags":[],"class_list":["post-23548","post","type-post","status-publish","format-standard","has-post-thumbnail","hentry","category-on-air","category-veranstaltungen"],"yoast_head":"<!-- This site is optimized with the Yoast SEO plugin v27.5 - https:\/\/yoast.com\/product\/yoast-seo-wordpress\/ -->\n<title>Am Samstag - 2. Weende Open Air Festival - Radio Leinewelle<\/title>\n<meta name=\"robots\" content=\"index, follow, max-snippet:-1, max-image-preview:large, max-video-preview:-1\" \/>\n<link rel=\"canonical\" href=\"https:\/\/radioleinewelle.de\/index.php\/2023\/09\/14\/am-samstag-2-weende-open-air-festivalam-samstag\/\" \/>\n<meta property=\"og:locale\" content=\"de_DE\" \/>\n<meta property=\"og:type\" content=\"article\" \/>\n<meta property=\"og:title\" content=\"Am Samstag - 2. Weende Open Air Festival - Radio Leinewelle\" \/>\n<meta property=\"og:description\" content=\"Kurz nachdem der Badespa\u00df im Parkbad Weende f\u00fcr diese Freibadsaison vorbei ist, wird das Gel\u00e4nde Austragungsort des 2. Weende Open Air Festivals! Verwaist bieten Rutsche und Springturm eine einmalige Kulisse f\u00fcr das Live-Musikfestival mit regionalen Musikern. Eine Veranstaltung des Kreuzberg on KulTour e.V. in Kooperation mit dem F\u00f6rderverein Freibad Weende e.V. Pr\u00e4sentiert von Radio Leinewelle. [&hellip;]\" \/>\n<meta property=\"og:url\" content=\"https:\/\/radioleinewelle.de\/index.php\/2023\/09\/14\/am-samstag-2-weende-open-air-festivalam-samstag\/\" \/>\n<meta property=\"og:site_name\" content=\"Radio Leinewelle\" \/>\n<meta property=\"article:publisher\" content=\"https:\/\/www.facebook.com\/radioleinewelle\" \/>\n<meta property=\"article:author\" content=\"https:\/\/www.facebook.com\/radioleinewelle\" \/>\n<meta property=\"article:published_time\" content=\"2023-09-14T12:54:33+00:00\" \/>\n<meta property=\"article:modified_time\" content=\"2023-09-14T12:57:37+00:00\" \/>\n<meta property=\"og:image\" content=\"https:\/\/radioleinewelle.de\/wp-content\/uploads\/2023\/09\/2.-Weende-Open-Air-Festival-scaled.jpg\" \/>\n\t<meta property=\"og:image:width\" content=\"1815\" \/>\n\t<meta property=\"og:image:height\" content=\"2560\" \/>\n\t<meta property=\"og:image:type\" content=\"image\/jpeg\" \/>\n<meta name=\"author\" content=\"Leinewelle\" \/>\n<meta name=\"twitter:card\" content=\"summary_large_image\" \/>\n<meta name=\"twitter:creator\" content=\"@https:\/\/twitter.com\/RLeinewelle?ref_src=twsrcgoogletwcampserptwgrauthor\" \/>\n<meta name=\"twitter:site\" content=\"@RLeinewelle\" \/>\n<meta name=\"twitter:label1\" content=\"Verfasst von\" \/>\n\t<meta name=\"twitter:data1\" content=\"Leinewelle\" \/>\n\t<meta name=\"twitter:label2\" content=\"Gesch\u00e4tzte Lesezeit\" \/>\n\t<meta name=\"twitter:data2\" content=\"2\u00a0Minuten\" \/>\n<script type=\"application\/ld+json\" class=\"yoast-schema-graph\">{\"@context\":\"https:\\\/\\\/schema.org\",\"@graph\":[{\"@type\":\"Article\",\"@id\":\"https:\\\/\\\/radioleinewelle.de\\\/index.php\\\/2023\\\/09\\\/14\\\/am-samstag-2-weende-open-air-festivalam-samstag\\\/#article\",\"isPartOf\":{\"@id\":\"https:\\\/\\\/radioleinewelle.de\\\/index.php\\\/2023\\\/09\\\/14\\\/am-samstag-2-weende-open-air-festivalam-samstag\\\/\"},\"author\":{\"name\":\"Leinewelle\",\"@id\":\"https:\\\/\\\/radioleinewelle.de\\\/#\\\/schema\\\/person\\\/45606f348637df637192dc1b68399a63\"},\"headline\":\"Am Samstag &#8211; 2. Weende Open Air Festival &#8211;\",\"datePublished\":\"2023-09-14T12:54:33+00:00\",\"dateModified\":\"2023-09-14T12:57:37+00:00\",\"mainEntityOfPage\":{\"@id\":\"https:\\\/\\\/radioleinewelle.de\\\/index.php\\\/2023\\\/09\\\/14\\\/am-samstag-2-weende-open-air-festivalam-samstag\\\/\"},\"wordCount\":298,\"commentCount\":0,\"publisher\":{\"@id\":\"https:\\\/\\\/radioleinewelle.de\\\/#organization\"},\"image\":{\"@id\":\"https:\\\/\\\/radioleinewelle.de\\\/index.php\\\/2023\\\/09\\\/14\\\/am-samstag-2-weende-open-air-festivalam-samstag\\\/#primaryimage\"},\"thumbnailUrl\":\"https:\\\/\\\/radioleinewelle.de\\\/wp-content\\\/uploads\\\/2023\\\/09\\\/2.-Weende-Open-Air-Festival-scaled.jpg\",\"articleSection\":[\"On Air\",\"Veranstaltungen\"],\"inLanguage\":\"de\",\"potentialAction\":[{\"@type\":\"CommentAction\",\"name\":\"Comment\",\"target\":[\"https:\\\/\\\/radioleinewelle.de\\\/index.php\\\/2023\\\/09\\\/14\\\/am-samstag-2-weende-open-air-festivalam-samstag\\\/#respond\"]}]},{\"@type\":\"WebPage\",\"@id\":\"https:\\\/\\\/radioleinewelle.de\\\/index.php\\\/2023\\\/09\\\/14\\\/am-samstag-2-weende-open-air-festivalam-samstag\\\/\",\"url\":\"https:\\\/\\\/radioleinewelle.de\\\/index.php\\\/2023\\\/09\\\/14\\\/am-samstag-2-weende-open-air-festivalam-samstag\\\/\",\"name\":\"Am Samstag - 2. Weende Open Air Festival - Radio Leinewelle\",\"isPartOf\":{\"@id\":\"https:\\\/\\\/radioleinewelle.de\\\/#website\"},\"primaryImageOfPage\":{\"@id\":\"https:\\\/\\\/radioleinewelle.de\\\/index.php\\\/2023\\\/09\\\/14\\\/am-samstag-2-weende-open-air-festivalam-samstag\\\/#primaryimage\"},\"image\":{\"@id\":\"https:\\\/\\\/radioleinewelle.de\\\/index.php\\\/2023\\\/09\\\/14\\\/am-samstag-2-weende-open-air-festivalam-samstag\\\/#primaryimage\"},\"thumbnailUrl\":\"https:\\\/\\\/radioleinewelle.de\\\/wp-content\\\/uploads\\\/2023\\\/09\\\/2.-Weende-Open-Air-Festival-scaled.jpg\",\"datePublished\":\"2023-09-14T12:54:33+00:00\",\"dateModified\":\"2023-09-14T12:57:37+00:00\",\"breadcrumb\":{\"@id\":\"https:\\\/\\\/radioleinewelle.de\\\/index.php\\\/2023\\\/09\\\/14\\\/am-samstag-2-weende-open-air-festivalam-samstag\\\/#breadcrumb\"},\"inLanguage\":\"de\",\"potentialAction\":[{\"@type\":\"ReadAction\",\"target\":[\"https:\\\/\\\/radioleinewelle.de\\\/index.php\\\/2023\\\/09\\\/14\\\/am-samstag-2-weende-open-air-festivalam-samstag\\\/\"]}]},{\"@type\":\"ImageObject\",\"inLanguage\":\"de\",\"@id\":\"https:\\\/\\\/radioleinewelle.de\\\/index.php\\\/2023\\\/09\\\/14\\\/am-samstag-2-weende-open-air-festivalam-samstag\\\/#primaryimage\",\"url\":\"https:\\\/\\\/radioleinewelle.de\\\/wp-content\\\/uploads\\\/2023\\\/09\\\/2.-Weende-Open-Air-Festival-scaled.jpg\",\"contentUrl\":\"https:\\\/\\\/radioleinewelle.de\\\/wp-content\\\/uploads\\\/2023\\\/09\\\/2.-Weende-Open-Air-Festival-scaled.jpg\",\"width\":1815,\"height\":2560},{\"@type\":\"BreadcrumbList\",\"@id\":\"https:\\\/\\\/radioleinewelle.de\\\/index.php\\\/2023\\\/09\\\/14\\\/am-samstag-2-weende-open-air-festivalam-samstag\\\/#breadcrumb\",\"itemListElement\":[{\"@type\":\"ListItem\",\"position\":1,\"name\":\"Startseite\",\"item\":\"https:\\\/\\\/radioleinewelle.de\\\/\"},{\"@type\":\"ListItem\",\"position\":2,\"name\":\"Am Samstag &#8211; 2. Weende Open Air Festival &#8211;\"}]},{\"@type\":\"WebSite\",\"@id\":\"https:\\\/\\\/radioleinewelle.de\\\/#website\",\"url\":\"https:\\\/\\\/radioleinewelle.de\\\/\",\"name\":\"Radio Leinewelle\",\"description\":\"\",\"publisher\":{\"@id\":\"https:\\\/\\\/radioleinewelle.de\\\/#organization\"},\"potentialAction\":[{\"@type\":\"SearchAction\",\"target\":{\"@type\":\"EntryPoint\",\"urlTemplate\":\"https:\\\/\\\/radioleinewelle.de\\\/?s={search_term_string}\"},\"query-input\":{\"@type\":\"PropertyValueSpecification\",\"valueRequired\":true,\"valueName\":\"search_term_string\"}}],\"inLanguage\":\"de\"},{\"@type\":\"Organization\",\"@id\":\"https:\\\/\\\/radioleinewelle.de\\\/#organization\",\"name\":\"Radio Leinewelle\",\"alternateName\":\"Mein Radio f\u00fcr S\u00fcdniedersachsen\",\"url\":\"https:\\\/\\\/radioleinewelle.de\\\/\",\"logo\":{\"@type\":\"ImageObject\",\"inLanguage\":\"de\",\"@id\":\"https:\\\/\\\/radioleinewelle.de\\\/#\\\/schema\\\/logo\\\/image\\\/\",\"url\":\"https:\\\/\\\/radioleinewelle.de\\\/wp-content\\\/uploads\\\/2023\\\/11\\\/cropped-Leinewelle_Logo_weiss.png\",\"contentUrl\":\"https:\\\/\\\/radioleinewelle.de\\\/wp-content\\\/uploads\\\/2023\\\/11\\\/cropped-Leinewelle_Logo_weiss.png\",\"width\":854,\"height\":260,\"caption\":\"Radio Leinewelle\"},\"image\":{\"@id\":\"https:\\\/\\\/radioleinewelle.de\\\/#\\\/schema\\\/logo\\\/image\\\/\"},\"sameAs\":[\"https:\\\/\\\/www.facebook.com\\\/radioleinewelle\",\"https:\\\/\\\/x.com\\\/RLeinewelle\",\"https:\\\/\\\/www.instagram.com\\\/radioleinewelle\\\/?hl=de\"]},{\"@type\":\"Person\",\"@id\":\"https:\\\/\\\/radioleinewelle.de\\\/#\\\/schema\\\/person\\\/45606f348637df637192dc1b68399a63\",\"name\":\"Leinewelle\",\"image\":{\"@type\":\"ImageObject\",\"inLanguage\":\"de\",\"@id\":\"https:\\\/\\\/secure.gravatar.com\\\/avatar\\\/05c9a17bc973052ee5d91549bd32fb4dd0dc85b7b85ae94b2e2b4943476bbea5?s=96&d=blank&r=g\",\"url\":\"https:\\\/\\\/secure.gravatar.com\\\/avatar\\\/05c9a17bc973052ee5d91549bd32fb4dd0dc85b7b85ae94b2e2b4943476bbea5?s=96&d=blank&r=g\",\"contentUrl\":\"https:\\\/\\\/secure.gravatar.com\\\/avatar\\\/05c9a17bc973052ee5d91549bd32fb4dd0dc85b7b85ae94b2e2b4943476bbea5?s=96&d=blank&r=g\",\"caption\":\"Leinewelle\"},\"sameAs\":[\"http:\\\/\\\/localhost\\\/radio%20leinewelle\\\/wordpress\",\"https:\\\/\\\/www.facebook.com\\\/radioleinewelle\",\"https:\\\/\\\/www.instagram.com\\\/radioleinewelle\",\"https:\\\/\\\/x.com\\\/https:\\\/\\\/twitter.com\\\/RLeinewelle?ref_src=twsrcgoogletwcampserptwgrauthor\",\"https:\\\/\\\/soundcloud.com\\\/foerderverein-lokalradio?utm_source=clipboard&utm_medium=text&utm_campaign=social_sharing\"],\"url\":\"https:\\\/\\\/radioleinewelle.de\\\/index.php\\\/author\\\/leinewelle\\\/\"}]}<\/script>\n<!-- \/ Yoast SEO plugin. -->","yoast_head_json":{"title":"Am Samstag - 2. Weende Open Air Festival - Radio Leinewelle","robots":{"index":"index","follow":"follow","max-snippet":"max-snippet:-1","max-image-preview":"max-image-preview:large","max-video-preview":"max-video-preview:-1"},"canonical":"https:\/\/radioleinewelle.de\/index.php\/2023\/09\/14\/am-samstag-2-weende-open-air-festivalam-samstag\/","og_locale":"de_DE","og_type":"article","og_title":"Am Samstag - 2. Weende Open Air Festival - Radio Leinewelle","og_description":"Kurz nachdem der Badespa\u00df im Parkbad Weende f\u00fcr diese Freibadsaison vorbei ist, wird das Gel\u00e4nde Austragungsort des 2. Weende Open Air Festivals! Verwaist bieten Rutsche und Springturm eine einmalige Kulisse f\u00fcr das Live-Musikfestival mit regionalen Musikern. Eine Veranstaltung des Kreuzberg on KulTour e.V. in Kooperation mit dem F\u00f6rderverein Freibad Weende e.V. Pr\u00e4sentiert von Radio Leinewelle. [&hellip;]","og_url":"https:\/\/radioleinewelle.de\/index.php\/2023\/09\/14\/am-samstag-2-weende-open-air-festivalam-samstag\/","og_site_name":"Radio Leinewelle","article_publisher":"https:\/\/www.facebook.com\/radioleinewelle","article_author":"https:\/\/www.facebook.com\/radioleinewelle","article_published_time":"2023-09-14T12:54:33+00:00","article_modified_time":"2023-09-14T12:57:37+00:00","og_image":[{"width":1815,"height":2560,"url":"https:\/\/radioleinewelle.de\/wp-content\/uploads\/2023\/09\/2.-Weende-Open-Air-Festival-scaled.jpg","type":"image\/jpeg"}],"author":"Leinewelle","twitter_card":"summary_large_image","twitter_creator":"@https:\/\/twitter.com\/RLeinewelle?ref_src=twsrcgoogletwcampserptwgrauthor","twitter_site":"@RLeinewelle","twitter_misc":{"Verfasst von":"Leinewelle","Gesch\u00e4tzte Lesezeit":"2\u00a0Minuten"},"schema":{"@context":"https:\/\/schema.org","@graph":[{"@type":"Article","@id":"https:\/\/radioleinewelle.de\/index.php\/2023\/09\/14\/am-samstag-2-weende-open-air-festivalam-samstag\/#article","isPartOf":{"@id":"https:\/\/radioleinewelle.de\/index.php\/2023\/09\/14\/am-samstag-2-weende-open-air-festivalam-samstag\/"},"author":{"name":"Leinewelle","@id":"https:\/\/radioleinewelle.de\/#\/schema\/person\/45606f348637df637192dc1b68399a63"},"headline":"Am Samstag &#8211; 2. Weende Open Air Festival &#8211;","datePublished":"2023-09-14T12:54:33+00:00","dateModified":"2023-09-14T12:57:37+00:00","mainEntityOfPage":{"@id":"https:\/\/radioleinewelle.de\/index.php\/2023\/09\/14\/am-samstag-2-weende-open-air-festivalam-samstag\/"},"wordCount":298,"commentCount":0,"publisher":{"@id":"https:\/\/radioleinewelle.de\/#organization"},"image":{"@id":"https:\/\/radioleinewelle.de\/index.php\/2023\/09\/14\/am-samstag-2-weende-open-air-festivalam-samstag\/#primaryimage"},"thumbnailUrl":"https:\/\/radioleinewelle.de\/wp-content\/uploads\/2023\/09\/2.-Weende-Open-Air-Festival-scaled.jpg","articleSection":["On Air","Veranstaltungen"],"inLanguage":"de","potentialAction":[{"@type":"CommentAction","name":"Comment","target":["https:\/\/radioleinewelle.de\/index.php\/2023\/09\/14\/am-samstag-2-weende-open-air-festivalam-samstag\/#respond"]}]},{"@type":"WebPage","@id":"https:\/\/radioleinewelle.de\/index.php\/2023\/09\/14\/am-samstag-2-weende-open-air-festivalam-samstag\/","url":"https:\/\/radioleinewelle.de\/index.php\/2023\/09\/14\/am-samstag-2-weende-open-air-festivalam-samstag\/","name":"Am Samstag - 2. Weende Open Air Festival - Radio Leinewelle","isPartOf":{"@id":"https:\/\/radioleinewelle.de\/#website"},"primaryImageOfPage":{"@id":"https:\/\/radioleinewelle.de\/index.php\/2023\/09\/14\/am-samstag-2-weende-open-air-festivalam-samstag\/#primaryimage"},"image":{"@id":"https:\/\/radioleinewelle.de\/index.php\/2023\/09\/14\/am-samstag-2-weende-open-air-festivalam-samstag\/#primaryimage"},"thumbnailUrl":"https:\/\/radioleinewelle.de\/wp-content\/uploads\/2023\/09\/2.-Weende-Open-Air-Festival-scaled.jpg","datePublished":"2023-09-14T12:54:33+00:00","dateModified":"2023-09-14T12:57:37+00:00","breadcrumb":{"@id":"https:\/\/radioleinewelle.de\/index.php\/2023\/09\/14\/am-samstag-2-weende-open-air-festivalam-samstag\/#breadcrumb"},"inLanguage":"de","potentialAction":[{"@type":"ReadAction","target":["https:\/\/radioleinewelle.de\/index.php\/2023\/09\/14\/am-samstag-2-weende-open-air-festivalam-samstag\/"]}]},{"@type":"ImageObject","inLanguage":"de","@id":"https:\/\/radioleinewelle.de\/index.php\/2023\/09\/14\/am-samstag-2-weende-open-air-festivalam-samstag\/#primaryimage","url":"https:\/\/radioleinewelle.de\/wp-content\/uploads\/2023\/09\/2.-Weende-Open-Air-Festival-scaled.jpg","contentUrl":"https:\/\/radioleinewelle.de\/wp-content\/uploads\/2023\/09\/2.-Weende-Open-Air-Festival-scaled.jpg","width":1815,"height":2560},{"@type":"BreadcrumbList","@id":"https:\/\/radioleinewelle.de\/index.php\/2023\/09\/14\/am-samstag-2-weende-open-air-festivalam-samstag\/#breadcrumb","itemListElement":[{"@type":"ListItem","position":1,"name":"Startseite","item":"https:\/\/radioleinewelle.de\/"},{"@type":"ListItem","position":2,"name":"Am Samstag &#8211; 2. Weende Open Air Festival &#8211;"}]},{"@type":"WebSite","@id":"https:\/\/radioleinewelle.de\/#website","url":"https:\/\/radioleinewelle.de\/","name":"Radio Leinewelle","description":"","publisher":{"@id":"https:\/\/radioleinewelle.de\/#organization"},"potentialAction":[{"@type":"SearchAction","target":{"@type":"EntryPoint","urlTemplate":"https:\/\/radioleinewelle.de\/?s={search_term_string}"},"query-input":{"@type":"PropertyValueSpecification","valueRequired":true,"valueName":"search_term_string"}}],"inLanguage":"de"},{"@type":"Organization","@id":"https:\/\/radioleinewelle.de\/#organization","name":"Radio Leinewelle","alternateName":"Mein Radio f\u00fcr S\u00fcdniedersachsen","url":"https:\/\/radioleinewelle.de\/","logo":{"@type":"ImageObject","inLanguage":"de","@id":"https:\/\/radioleinewelle.de\/#\/schema\/logo\/image\/","url":"https:\/\/radioleinewelle.de\/wp-content\/uploads\/2023\/11\/cropped-Leinewelle_Logo_weiss.png","contentUrl":"https:\/\/radioleinewelle.de\/wp-content\/uploads\/2023\/11\/cropped-Leinewelle_Logo_weiss.png","width":854,"height":260,"caption":"Radio Leinewelle"},"image":{"@id":"https:\/\/radioleinewelle.de\/#\/schema\/logo\/image\/"},"sameAs":["https:\/\/www.facebook.com\/radioleinewelle","https:\/\/x.com\/RLeinewelle","https:\/\/www.instagram.com\/radioleinewelle\/?hl=de"]},{"@type":"Person","@id":"https:\/\/radioleinewelle.de\/#\/schema\/person\/45606f348637df637192dc1b68399a63","name":"Leinewelle","image":{"@type":"ImageObject","inLanguage":"de","@id":"https:\/\/secure.gravatar.com\/avatar\/05c9a17bc973052ee5d91549bd32fb4dd0dc85b7b85ae94b2e2b4943476bbea5?s=96&d=blank&r=g","url":"https:\/\/secure.gravatar.com\/avatar\/05c9a17bc973052ee5d91549bd32fb4dd0dc85b7b85ae94b2e2b4943476bbea5?s=96&d=blank&r=g","contentUrl":"https:\/\/secure.gravatar.com\/avatar\/05c9a17bc973052ee5d91549bd32fb4dd0dc85b7b85ae94b2e2b4943476bbea5?s=96&d=blank&r=g","caption":"Leinewelle"},"sameAs":["http:\/\/localhost\/radio%20leinewelle\/wordpress","https:\/\/www.facebook.com\/radioleinewelle","https:\/\/www.instagram.com\/radioleinewelle","https:\/\/x.com\/https:\/\/twitter.com\/RLeinewelle?ref_src=twsrcgoogletwcampserptwgrauthor","https:\/\/soundcloud.com\/foerderverein-lokalradio?utm_source=clipboard&utm_medium=text&utm_campaign=social_sharing"],"url":"https:\/\/radioleinewelle.de\/index.php\/author\/leinewelle\/"}]}},"_links":{"self":[{"href":"https:\/\/radioleinewelle.de\/index.php\/wp-json\/wp\/v2\/posts\/23548","targetHints":{"allow":["GET"]}}],"collection":[{"href":"https:\/\/radioleinewelle.de\/index.php\/wp-json\/wp\/v2\/posts"}],"about":[{"href":"https:\/\/radioleinewelle.de\/index.php\/wp-json\/wp\/v2\/types\/post"}],"author":[{"embeddable":true,"href":"https:\/\/radioleinewelle.de\/index.php\/wp-json\/wp\/v2\/users\/1"}],"replies":[{"embeddable":true,"href":"https:\/\/radioleinewelle.de\/index.php\/wp-json\/wp\/v2\/comments?post=23548"}],"version-history":[{"count":3,"href":"https:\/\/radioleinewelle.de\/index.php\/wp-json\/wp\/v2\/posts\/23548\/revisions"}],"predecessor-version":[{"id":23552,"href":"https:\/\/radioleinewelle.de\/index.php\/wp-json\/wp\/v2\/posts\/23548\/revisions\/23552"}],"wp:featuredmedia":[{"embeddable":true,"href":"https:\/\/radioleinewelle.de\/index.php\/wp-json\/wp\/v2\/media\/23551"}],"wp:attachment":[{"href":"https:\/\/radioleinewelle.de\/index.php\/wp-json\/wp\/v2\/media?parent=23548"}],"wp:term":[{"taxonomy":"category","embeddable":true,"href":"https:\/\/radioleinewelle.de\/index.php\/wp-json\/wp\/v2\/categories?post=23548"},{"taxonomy":"post_tag","embeddable":true,"href":"https:\/\/radioleinewelle.de\/index.php\/wp-json\/wp\/v2\/tags?post=23548"}],"curies":[{"name":"wp","href":"https:\/\/api.w.org\/{rel}","templated":true}]}}