{"id":23557,"date":"2023-09-15T08:40:00","date_gmt":"2023-09-15T06:40:00","guid":{"rendered":"https:\/\/radioleinewelle.de\/?p=23557"},"modified":"2023-09-15T08:40:02","modified_gmt":"2023-09-15T06:40:02","slug":"breites-goettinger-buendnis-ruft-zur-teilnahme-an-der-gegenkundgebung-herbst-gegen-rechts-auf","status":"publish","type":"post","link":"https:\/\/radioleinewelle.de\/index.php\/2023\/09\/15\/breites-goettinger-buendnis-ruft-zur-teilnahme-an-der-gegenkundgebung-herbst-gegen-rechts-auf\/","title":{"rendered":"Breites G\u00f6ttinger B\u00fcndnis ruft zur Teilnahme an der Gegenkundgebung &#8222;Herbst gegen Rechts&#8220; auf"},"content":{"rendered":"\n<p><\/p>\n\n\n\n<p>G\u00f6ttinger Parteien, Gewerkschaften und zivilgesellschaftliche Gruppen rufen f\u00fcr  Samstag zur Teilnahme an der Kundgebung &#8222;Herbst gegen Rechts&#8220; auf. Der Hintergrund: am 16. September 2023 planen Querdenker<em>Innen, Faktenverweiger<\/em>innen, Rechtsextremisten und Reichsb\u00fcrger*innen vor dem G\u00f6ttinger Bahnhof eine Kundgebung. Anschlie\u00dfend wollen sie zu einem Marsch durch die G\u00f6ttinger City aufbrechen. F\u00fcr diese Veranstaltung wird in sozialen Netzwerken bundesweit mobilisiert.<\/p>\n\n\n\n<p><strong>Insa Wiethaup und Dr. Cornelius Schley, die Stadtverbandsvorsitzenden der SPD<\/strong> erkl\u00e4ren dazu: \u201eDie SPD m\u00f6chte dabei mithelfen, dass  diese Menschen hier nicht ihre Parolen verbreiten. Wir sind eine menschenfreundliche, solidarische und weltoffene Stadt. Das m\u00f6chten wir im Rahmen der geplanten friedlichen Gegendemonstration des zivilb\u00fcrgerlichen B\u00fcndnisses \u201eB\u00fcndnis gegen Rechts\u201c deutlich machen.\u201c <\/p>\n\n\n\n<p>\u201eOb Fr\u00fchling, Herbst oder Winter:&nbsp;Egal zu welcher Jahreszeit Querfrontler unsere Stadt nach ihrer Fasson \u201eerwecken\u201c wollen \u2013 wir als Stadtgesellschaft zeigen deutlich, dass wir keine verschw\u00f6rungsheischenden Antworten auf politische Fragen brauchen. Hetze gegen Politiker*innen, Angriffslust auf queeres Leben, Volksgedanken und Schulterschluss mit extremen Rechten haben keinen Platz in G\u00f6ttingen&#8220;, sagt <strong>DGB-Gewerkschafterin Agnieszka Zimowska f\u00fcr das zivilgesellschaftliche B\u00fcndnis.<\/strong><\/p>\n\n\n\n<p id=\"block-44a18a1c-d805-4824-b35d-c9000785e925\">\u201eBeim &#8218;Herbsterwachen f\u00fcr mehr Menschlichkeit&#8216; werden Brandmauern eingerissen und Diskurse wie im bayrischen Wahlkampf ins verschw\u00f6rungstheoretische, rechtsextreme Spektrum verschoben. Es ist und bleibt die Verantwortung aller Demokrat*innen, dem zu widerstehen und rechtem Hass und rechter Hetze die R\u00e4ume zu nehmen. Deshalb rufe ich ausdr\u00fccklich dazu auf, am Samstag den rechten Aufmarsch in G\u00f6ttingen nicht unwidersprochen zu lassen und am &#8218;Herbst gegen Rechts&#8216; teilzunehmen. Egal, unter welchem Label Ihr lauft, Demokratie verteidigen wir nur gemeinsam gegen die rechte Bedrohung!\u201c, so <strong>Michael L\u00fchmann, MdL<\/strong> <strong>Gr\u00fcne<\/strong><\/p>\n\n\n\n<p>Auch die G\u00f6ttinger Linke ruft zur Teilnahme auf. Dazu der Fraktionsvorsitzende der <strong>G\u00f6ttinger Linke Ratsfraktion Jost Le\u00dfmann<\/strong>: &#8222;Wir rufen dazu auf, sich dem Gegenprotest vom B\u00fcndnis gegen Rechts anzuschlie\u00dfen. Als G\u00f6ttinger Linke Ratsfraktion bedauern wir es, dass sich f\u00fcr die interfraktionelle Resolution im Rat der Stadt G\u00f6ttingen nicht darauf geeinigt werden konnte, dem B\u00fcndnis Gegen Rechts als zentrale Rolle des Gegenprotestes den Dank auszusprechen. \u201eDie Brandmauer gegen Rechts kommt nicht von allein, sondern besteht aus allen engagierten G\u00f6ttingerinnen und G\u00f6ttingern, die am Samstag auf die Stra\u00dfe gehen und zeigen, dass wir hier keinen Platz f\u00fcr Hass und Hetze haben.\u201c <\/p>\n\n\n\n<p>Die vom \u201eB\u00fcndnis gegen Rechts\u201c unter dem Motto \u201eHERBST GEGEN RECHTS\u201c geplante Gegendemonstration am 16. September 2023 findet um 11.30 Uhr vor dem Bahnhof statt.<br>Mehr Infos unter: <a href=\"http:\/\/www.herbstgegenrechts.de\"><strong>http:\/\/www.herbstgegenrechts.de<\/strong><\/a><\/p>\n","protected":false},"excerpt":{"rendered":"<p>G\u00f6ttinger Parteien, Gewerkschaften und zivilgesellschaftliche Gruppen rufen f\u00fcr Samstag zur Teilnahme an der Kundgebung &#8222;Herbst gegen Rechts&#8220; auf. Der Hintergrund: am 16. September 2023 planen QuerdenkerInnen, Faktenverweigerinnen, Rechtsextremisten und Reichsb\u00fcrger*innen vor dem G\u00f6ttinger Bahnhof eine Kundgebung. Anschlie\u00dfend wollen sie zu einem Marsch durch die G\u00f6ttinger City aufbrechen. F\u00fcr diese Veranstaltung wird in sozialen Netzwerken bundesweit [&hellip;]<\/p>\n","protected":false},"author":1,"featured_media":21592,"comment_status":"open","ping_status":"open","sticky":true,"template":"","format":"standard","meta":{"saved_in_kubio":false,"footnotes":""},"categories":[53],"tags":[],"class_list":["post-23557","post","type-post","status-publish","format-standard","has-post-thumbnail","hentry","category-gesellschaft"],"yoast_head":"<!-- This site is optimized with the Yoast SEO plugin v27.5 - https:\/\/yoast.com\/product\/yoast-seo-wordpress\/ -->\n<title>Breites G\u00f6ttinger B\u00fcndnis ruft zur Teilnahme an der Gegenkundgebung &quot;Herbst gegen Rechts&quot; auf - Radio Leinewelle<\/title>\n<meta name=\"robots\" content=\"index, follow, max-snippet:-1, max-image-preview:large, max-video-preview:-1\" \/>\n<link rel=\"canonical\" href=\"https:\/\/radioleinewelle.de\/index.php\/2023\/09\/15\/breites-goettinger-buendnis-ruft-zur-teilnahme-an-der-gegenkundgebung-herbst-gegen-rechts-auf\/\" \/>\n<meta property=\"og:locale\" content=\"de_DE\" \/>\n<meta property=\"og:type\" content=\"article\" \/>\n<meta property=\"og:title\" content=\"Breites G\u00f6ttinger B\u00fcndnis ruft zur Teilnahme an der Gegenkundgebung &quot;Herbst gegen Rechts&quot; auf - Radio Leinewelle\" \/>\n<meta property=\"og:description\" content=\"G\u00f6ttinger Parteien, Gewerkschaften und zivilgesellschaftliche Gruppen rufen f\u00fcr Samstag zur Teilnahme an der Kundgebung &#8222;Herbst gegen Rechts&#8220; auf. Der Hintergrund: am 16. September 2023 planen QuerdenkerInnen, Faktenverweigerinnen, Rechtsextremisten und Reichsb\u00fcrger*innen vor dem G\u00f6ttinger Bahnhof eine Kundgebung. Anschlie\u00dfend wollen sie zu einem Marsch durch die G\u00f6ttinger City aufbrechen. F\u00fcr diese Veranstaltung wird in sozialen Netzwerken bundesweit [&hellip;]\" \/>\n<meta property=\"og:url\" content=\"https:\/\/radioleinewelle.de\/index.php\/2023\/09\/15\/breites-goettinger-buendnis-ruft-zur-teilnahme-an-der-gegenkundgebung-herbst-gegen-rechts-auf\/\" \/>\n<meta property=\"og:site_name\" content=\"Radio Leinewelle\" \/>\n<meta property=\"article:publisher\" content=\"https:\/\/www.facebook.com\/radioleinewelle\" \/>\n<meta property=\"article:author\" content=\"https:\/\/www.facebook.com\/radioleinewelle\" \/>\n<meta property=\"article:published_time\" content=\"2023-09-15T06:40:00+00:00\" \/>\n<meta property=\"article:modified_time\" content=\"2023-09-15T06:40:02+00:00\" \/>\n<meta property=\"og:image\" content=\"https:\/\/radioleinewelle.de\/wp-content\/uploads\/2023\/02\/Leinewelle-News-scaled.jpeg\" \/>\n\t<meta property=\"og:image:width\" content=\"2560\" \/>\n\t<meta property=\"og:image:height\" content=\"2560\" \/>\n\t<meta property=\"og:image:type\" content=\"image\/jpeg\" \/>\n<meta name=\"author\" content=\"Leinewelle\" \/>\n<meta name=\"twitter:card\" content=\"summary_large_image\" \/>\n<meta name=\"twitter:creator\" content=\"@https:\/\/twitter.com\/RLeinewelle?ref_src=twsrcgoogletwcampserptwgrauthor\" \/>\n<meta name=\"twitter:site\" content=\"@RLeinewelle\" \/>\n<meta name=\"twitter:label1\" content=\"Verfasst von\" \/>\n\t<meta name=\"twitter:data1\" content=\"Leinewelle\" \/>\n\t<meta name=\"twitter:label2\" content=\"Gesch\u00e4tzte Lesezeit\" \/>\n\t<meta name=\"twitter:data2\" content=\"3\u00a0Minuten\" \/>\n<script type=\"application\/ld+json\" class=\"yoast-schema-graph\">{\"@context\":\"https:\\\/\\\/schema.org\",\"@graph\":[{\"@type\":\"Article\",\"@id\":\"https:\\\/\\\/radioleinewelle.de\\\/index.php\\\/2023\\\/09\\\/15\\\/breites-goettinger-buendnis-ruft-zur-teilnahme-an-der-gegenkundgebung-herbst-gegen-rechts-auf\\\/#article\",\"isPartOf\":{\"@id\":\"https:\\\/\\\/radioleinewelle.de\\\/index.php\\\/2023\\\/09\\\/15\\\/breites-goettinger-buendnis-ruft-zur-teilnahme-an-der-gegenkundgebung-herbst-gegen-rechts-auf\\\/\"},\"author\":{\"name\":\"Leinewelle\",\"@id\":\"https:\\\/\\\/radioleinewelle.de\\\/#\\\/schema\\\/person\\\/45606f348637df637192dc1b68399a63\"},\"headline\":\"Breites G\u00f6ttinger B\u00fcndnis ruft zur Teilnahme an der Gegenkundgebung &#8222;Herbst gegen Rechts&#8220; auf\",\"datePublished\":\"2023-09-15T06:40:00+00:00\",\"dateModified\":\"2023-09-15T06:40:02+00:00\",\"mainEntityOfPage\":{\"@id\":\"https:\\\/\\\/radioleinewelle.de\\\/index.php\\\/2023\\\/09\\\/15\\\/breites-goettinger-buendnis-ruft-zur-teilnahme-an-der-gegenkundgebung-herbst-gegen-rechts-auf\\\/\"},\"wordCount\":430,\"commentCount\":0,\"publisher\":{\"@id\":\"https:\\\/\\\/radioleinewelle.de\\\/#organization\"},\"image\":{\"@id\":\"https:\\\/\\\/radioleinewelle.de\\\/index.php\\\/2023\\\/09\\\/15\\\/breites-goettinger-buendnis-ruft-zur-teilnahme-an-der-gegenkundgebung-herbst-gegen-rechts-auf\\\/#primaryimage\"},\"thumbnailUrl\":\"https:\\\/\\\/radioleinewelle.de\\\/wp-content\\\/uploads\\\/2023\\\/02\\\/Leinewelle-News-scaled.jpeg\",\"articleSection\":[\"Gesellschaft\"],\"inLanguage\":\"de\",\"potentialAction\":[{\"@type\":\"CommentAction\",\"name\":\"Comment\",\"target\":[\"https:\\\/\\\/radioleinewelle.de\\\/index.php\\\/2023\\\/09\\\/15\\\/breites-goettinger-buendnis-ruft-zur-teilnahme-an-der-gegenkundgebung-herbst-gegen-rechts-auf\\\/#respond\"]}]},{\"@type\":\"WebPage\",\"@id\":\"https:\\\/\\\/radioleinewelle.de\\\/index.php\\\/2023\\\/09\\\/15\\\/breites-goettinger-buendnis-ruft-zur-teilnahme-an-der-gegenkundgebung-herbst-gegen-rechts-auf\\\/\",\"url\":\"https:\\\/\\\/radioleinewelle.de\\\/index.php\\\/2023\\\/09\\\/15\\\/breites-goettinger-buendnis-ruft-zur-teilnahme-an-der-gegenkundgebung-herbst-gegen-rechts-auf\\\/\",\"name\":\"Breites G\u00f6ttinger B\u00fcndnis ruft zur Teilnahme an der Gegenkundgebung \\\"Herbst gegen Rechts\\\" auf - Radio Leinewelle\",\"isPartOf\":{\"@id\":\"https:\\\/\\\/radioleinewelle.de\\\/#website\"},\"primaryImageOfPage\":{\"@id\":\"https:\\\/\\\/radioleinewelle.de\\\/index.php\\\/2023\\\/09\\\/15\\\/breites-goettinger-buendnis-ruft-zur-teilnahme-an-der-gegenkundgebung-herbst-gegen-rechts-auf\\\/#primaryimage\"},\"image\":{\"@id\":\"https:\\\/\\\/radioleinewelle.de\\\/index.php\\\/2023\\\/09\\\/15\\\/breites-goettinger-buendnis-ruft-zur-teilnahme-an-der-gegenkundgebung-herbst-gegen-rechts-auf\\\/#primaryimage\"},\"thumbnailUrl\":\"https:\\\/\\\/radioleinewelle.de\\\/wp-content\\\/uploads\\\/2023\\\/02\\\/Leinewelle-News-scaled.jpeg\",\"datePublished\":\"2023-09-15T06:40:00+00:00\",\"dateModified\":\"2023-09-15T06:40:02+00:00\",\"breadcrumb\":{\"@id\":\"https:\\\/\\\/radioleinewelle.de\\\/index.php\\\/2023\\\/09\\\/15\\\/breites-goettinger-buendnis-ruft-zur-teilnahme-an-der-gegenkundgebung-herbst-gegen-rechts-auf\\\/#breadcrumb\"},\"inLanguage\":\"de\",\"potentialAction\":[{\"@type\":\"ReadAction\",\"target\":[\"https:\\\/\\\/radioleinewelle.de\\\/index.php\\\/2023\\\/09\\\/15\\\/breites-goettinger-buendnis-ruft-zur-teilnahme-an-der-gegenkundgebung-herbst-gegen-rechts-auf\\\/\"]}]},{\"@type\":\"ImageObject\",\"inLanguage\":\"de\",\"@id\":\"https:\\\/\\\/radioleinewelle.de\\\/index.php\\\/2023\\\/09\\\/15\\\/breites-goettinger-buendnis-ruft-zur-teilnahme-an-der-gegenkundgebung-herbst-gegen-rechts-auf\\\/#primaryimage\",\"url\":\"https:\\\/\\\/radioleinewelle.de\\\/wp-content\\\/uploads\\\/2023\\\/02\\\/Leinewelle-News-scaled.jpeg\",\"contentUrl\":\"https:\\\/\\\/radioleinewelle.de\\\/wp-content\\\/uploads\\\/2023\\\/02\\\/Leinewelle-News-scaled.jpeg\",\"width\":2560,\"height\":2560},{\"@type\":\"BreadcrumbList\",\"@id\":\"https:\\\/\\\/radioleinewelle.de\\\/index.php\\\/2023\\\/09\\\/15\\\/breites-goettinger-buendnis-ruft-zur-teilnahme-an-der-gegenkundgebung-herbst-gegen-rechts-auf\\\/#breadcrumb\",\"itemListElement\":[{\"@type\":\"ListItem\",\"position\":1,\"name\":\"Startseite\",\"item\":\"https:\\\/\\\/radioleinewelle.de\\\/\"},{\"@type\":\"ListItem\",\"position\":2,\"name\":\"Breites G\u00f6ttinger B\u00fcndnis ruft zur Teilnahme an der Gegenkundgebung &#8222;Herbst gegen Rechts&#8220; auf\"}]},{\"@type\":\"WebSite\",\"@id\":\"https:\\\/\\\/radioleinewelle.de\\\/#website\",\"url\":\"https:\\\/\\\/radioleinewelle.de\\\/\",\"name\":\"Radio Leinewelle\",\"description\":\"\",\"publisher\":{\"@id\":\"https:\\\/\\\/radioleinewelle.de\\\/#organization\"},\"potentialAction\":[{\"@type\":\"SearchAction\",\"target\":{\"@type\":\"EntryPoint\",\"urlTemplate\":\"https:\\\/\\\/radioleinewelle.de\\\/?s={search_term_string}\"},\"query-input\":{\"@type\":\"PropertyValueSpecification\",\"valueRequired\":true,\"valueName\":\"search_term_string\"}}],\"inLanguage\":\"de\"},{\"@type\":\"Organization\",\"@id\":\"https:\\\/\\\/radioleinewelle.de\\\/#organization\",\"name\":\"Radio Leinewelle\",\"alternateName\":\"Mein Radio f\u00fcr S\u00fcdniedersachsen\",\"url\":\"https:\\\/\\\/radioleinewelle.de\\\/\",\"logo\":{\"@type\":\"ImageObject\",\"inLanguage\":\"de\",\"@id\":\"https:\\\/\\\/radioleinewelle.de\\\/#\\\/schema\\\/logo\\\/image\\\/\",\"url\":\"https:\\\/\\\/radioleinewelle.de\\\/wp-content\\\/uploads\\\/2023\\\/11\\\/cropped-Leinewelle_Logo_weiss.png\",\"contentUrl\":\"https:\\\/\\\/radioleinewelle.de\\\/wp-content\\\/uploads\\\/2023\\\/11\\\/cropped-Leinewelle_Logo_weiss.png\",\"width\":854,\"height\":260,\"caption\":\"Radio Leinewelle\"},\"image\":{\"@id\":\"https:\\\/\\\/radioleinewelle.de\\\/#\\\/schema\\\/logo\\\/image\\\/\"},\"sameAs\":[\"https:\\\/\\\/www.facebook.com\\\/radioleinewelle\",\"https:\\\/\\\/x.com\\\/RLeinewelle\",\"https:\\\/\\\/www.instagram.com\\\/radioleinewelle\\\/?hl=de\"]},{\"@type\":\"Person\",\"@id\":\"https:\\\/\\\/radioleinewelle.de\\\/#\\\/schema\\\/person\\\/45606f348637df637192dc1b68399a63\",\"name\":\"Leinewelle\",\"image\":{\"@type\":\"ImageObject\",\"inLanguage\":\"de\",\"@id\":\"https:\\\/\\\/secure.gravatar.com\\\/avatar\\\/05c9a17bc973052ee5d91549bd32fb4dd0dc85b7b85ae94b2e2b4943476bbea5?s=96&d=blank&r=g\",\"url\":\"https:\\\/\\\/secure.gravatar.com\\\/avatar\\\/05c9a17bc973052ee5d91549bd32fb4dd0dc85b7b85ae94b2e2b4943476bbea5?s=96&d=blank&r=g\",\"contentUrl\":\"https:\\\/\\\/secure.gravatar.com\\\/avatar\\\/05c9a17bc973052ee5d91549bd32fb4dd0dc85b7b85ae94b2e2b4943476bbea5?s=96&d=blank&r=g\",\"caption\":\"Leinewelle\"},\"sameAs\":[\"http:\\\/\\\/localhost\\\/radio%20leinewelle\\\/wordpress\",\"https:\\\/\\\/www.facebook.com\\\/radioleinewelle\",\"https:\\\/\\\/www.instagram.com\\\/radioleinewelle\",\"https:\\\/\\\/x.com\\\/https:\\\/\\\/twitter.com\\\/RLeinewelle?ref_src=twsrcgoogletwcampserptwgrauthor\",\"https:\\\/\\\/soundcloud.com\\\/foerderverein-lokalradio?utm_source=clipboard&utm_medium=text&utm_campaign=social_sharing\"],\"url\":\"https:\\\/\\\/radioleinewelle.de\\\/index.php\\\/author\\\/leinewelle\\\/\"}]}<\/script>\n<!-- \/ Yoast SEO plugin. -->","yoast_head_json":{"title":"Breites G\u00f6ttinger B\u00fcndnis ruft zur Teilnahme an der Gegenkundgebung \"Herbst gegen Rechts\" auf - Radio Leinewelle","robots":{"index":"index","follow":"follow","max-snippet":"max-snippet:-1","max-image-preview":"max-image-preview:large","max-video-preview":"max-video-preview:-1"},"canonical":"https:\/\/radioleinewelle.de\/index.php\/2023\/09\/15\/breites-goettinger-buendnis-ruft-zur-teilnahme-an-der-gegenkundgebung-herbst-gegen-rechts-auf\/","og_locale":"de_DE","og_type":"article","og_title":"Breites G\u00f6ttinger B\u00fcndnis ruft zur Teilnahme an der Gegenkundgebung \"Herbst gegen Rechts\" auf - Radio Leinewelle","og_description":"G\u00f6ttinger Parteien, Gewerkschaften und zivilgesellschaftliche Gruppen rufen f\u00fcr Samstag zur Teilnahme an der Kundgebung &#8222;Herbst gegen Rechts&#8220; auf. Der Hintergrund: am 16. September 2023 planen QuerdenkerInnen, Faktenverweigerinnen, Rechtsextremisten und Reichsb\u00fcrger*innen vor dem G\u00f6ttinger Bahnhof eine Kundgebung. Anschlie\u00dfend wollen sie zu einem Marsch durch die G\u00f6ttinger City aufbrechen. F\u00fcr diese Veranstaltung wird in sozialen Netzwerken bundesweit [&hellip;]","og_url":"https:\/\/radioleinewelle.de\/index.php\/2023\/09\/15\/breites-goettinger-buendnis-ruft-zur-teilnahme-an-der-gegenkundgebung-herbst-gegen-rechts-auf\/","og_site_name":"Radio Leinewelle","article_publisher":"https:\/\/www.facebook.com\/radioleinewelle","article_author":"https:\/\/www.facebook.com\/radioleinewelle","article_published_time":"2023-09-15T06:40:00+00:00","article_modified_time":"2023-09-15T06:40:02+00:00","og_image":[{"width":2560,"height":2560,"url":"https:\/\/radioleinewelle.de\/wp-content\/uploads\/2023\/02\/Leinewelle-News-scaled.jpeg","type":"image\/jpeg"}],"author":"Leinewelle","twitter_card":"summary_large_image","twitter_creator":"@https:\/\/twitter.com\/RLeinewelle?ref_src=twsrcgoogletwcampserptwgrauthor","twitter_site":"@RLeinewelle","twitter_misc":{"Verfasst von":"Leinewelle","Gesch\u00e4tzte Lesezeit":"3\u00a0Minuten"},"schema":{"@context":"https:\/\/schema.org","@graph":[{"@type":"Article","@id":"https:\/\/radioleinewelle.de\/index.php\/2023\/09\/15\/breites-goettinger-buendnis-ruft-zur-teilnahme-an-der-gegenkundgebung-herbst-gegen-rechts-auf\/#article","isPartOf":{"@id":"https:\/\/radioleinewelle.de\/index.php\/2023\/09\/15\/breites-goettinger-buendnis-ruft-zur-teilnahme-an-der-gegenkundgebung-herbst-gegen-rechts-auf\/"},"author":{"name":"Leinewelle","@id":"https:\/\/radioleinewelle.de\/#\/schema\/person\/45606f348637df637192dc1b68399a63"},"headline":"Breites G\u00f6ttinger B\u00fcndnis ruft zur Teilnahme an der Gegenkundgebung &#8222;Herbst gegen Rechts&#8220; auf","datePublished":"2023-09-15T06:40:00+00:00","dateModified":"2023-09-15T06:40:02+00:00","mainEntityOfPage":{"@id":"https:\/\/radioleinewelle.de\/index.php\/2023\/09\/15\/breites-goettinger-buendnis-ruft-zur-teilnahme-an-der-gegenkundgebung-herbst-gegen-rechts-auf\/"},"wordCount":430,"commentCount":0,"publisher":{"@id":"https:\/\/radioleinewelle.de\/#organization"},"image":{"@id":"https:\/\/radioleinewelle.de\/index.php\/2023\/09\/15\/breites-goettinger-buendnis-ruft-zur-teilnahme-an-der-gegenkundgebung-herbst-gegen-rechts-auf\/#primaryimage"},"thumbnailUrl":"https:\/\/radioleinewelle.de\/wp-content\/uploads\/2023\/02\/Leinewelle-News-scaled.jpeg","articleSection":["Gesellschaft"],"inLanguage":"de","potentialAction":[{"@type":"CommentAction","name":"Comment","target":["https:\/\/radioleinewelle.de\/index.php\/2023\/09\/15\/breites-goettinger-buendnis-ruft-zur-teilnahme-an-der-gegenkundgebung-herbst-gegen-rechts-auf\/#respond"]}]},{"@type":"WebPage","@id":"https:\/\/radioleinewelle.de\/index.php\/2023\/09\/15\/breites-goettinger-buendnis-ruft-zur-teilnahme-an-der-gegenkundgebung-herbst-gegen-rechts-auf\/","url":"https:\/\/radioleinewelle.de\/index.php\/2023\/09\/15\/breites-goettinger-buendnis-ruft-zur-teilnahme-an-der-gegenkundgebung-herbst-gegen-rechts-auf\/","name":"Breites G\u00f6ttinger B\u00fcndnis ruft zur Teilnahme an der Gegenkundgebung \"Herbst gegen Rechts\" auf - Radio Leinewelle","isPartOf":{"@id":"https:\/\/radioleinewelle.de\/#website"},"primaryImageOfPage":{"@id":"https:\/\/radioleinewelle.de\/index.php\/2023\/09\/15\/breites-goettinger-buendnis-ruft-zur-teilnahme-an-der-gegenkundgebung-herbst-gegen-rechts-auf\/#primaryimage"},"image":{"@id":"https:\/\/radioleinewelle.de\/index.php\/2023\/09\/15\/breites-goettinger-buendnis-ruft-zur-teilnahme-an-der-gegenkundgebung-herbst-gegen-rechts-auf\/#primaryimage"},"thumbnailUrl":"https:\/\/radioleinewelle.de\/wp-content\/uploads\/2023\/02\/Leinewelle-News-scaled.jpeg","datePublished":"2023-09-15T06:40:00+00:00","dateModified":"2023-09-15T06:40:02+00:00","breadcrumb":{"@id":"https:\/\/radioleinewelle.de\/index.php\/2023\/09\/15\/breites-goettinger-buendnis-ruft-zur-teilnahme-an-der-gegenkundgebung-herbst-gegen-rechts-auf\/#breadcrumb"},"inLanguage":"de","potentialAction":[{"@type":"ReadAction","target":["https:\/\/radioleinewelle.de\/index.php\/2023\/09\/15\/breites-goettinger-buendnis-ruft-zur-teilnahme-an-der-gegenkundgebung-herbst-gegen-rechts-auf\/"]}]},{"@type":"ImageObject","inLanguage":"de","@id":"https:\/\/radioleinewelle.de\/index.php\/2023\/09\/15\/breites-goettinger-buendnis-ruft-zur-teilnahme-an-der-gegenkundgebung-herbst-gegen-rechts-auf\/#primaryimage","url":"https:\/\/radioleinewelle.de\/wp-content\/uploads\/2023\/02\/Leinewelle-News-scaled.jpeg","contentUrl":"https:\/\/radioleinewelle.de\/wp-content\/uploads\/2023\/02\/Leinewelle-News-scaled.jpeg","width":2560,"height":2560},{"@type":"BreadcrumbList","@id":"https:\/\/radioleinewelle.de\/index.php\/2023\/09\/15\/breites-goettinger-buendnis-ruft-zur-teilnahme-an-der-gegenkundgebung-herbst-gegen-rechts-auf\/#breadcrumb","itemListElement":[{"@type":"ListItem","position":1,"name":"Startseite","item":"https:\/\/radioleinewelle.de\/"},{"@type":"ListItem","position":2,"name":"Breites G\u00f6ttinger B\u00fcndnis ruft zur Teilnahme an der Gegenkundgebung &#8222;Herbst gegen Rechts&#8220; auf"}]},{"@type":"WebSite","@id":"https:\/\/radioleinewelle.de\/#website","url":"https:\/\/radioleinewelle.de\/","name":"Radio Leinewelle","description":"","publisher":{"@id":"https:\/\/radioleinewelle.de\/#organization"},"potentialAction":[{"@type":"SearchAction","target":{"@type":"EntryPoint","urlTemplate":"https:\/\/radioleinewelle.de\/?s={search_term_string}"},"query-input":{"@type":"PropertyValueSpecification","valueRequired":true,"valueName":"search_term_string"}}],"inLanguage":"de"},{"@type":"Organization","@id":"https:\/\/radioleinewelle.de\/#organization","name":"Radio Leinewelle","alternateName":"Mein Radio f\u00fcr S\u00fcdniedersachsen","url":"https:\/\/radioleinewelle.de\/","logo":{"@type":"ImageObject","inLanguage":"de","@id":"https:\/\/radioleinewelle.de\/#\/schema\/logo\/image\/","url":"https:\/\/radioleinewelle.de\/wp-content\/uploads\/2023\/11\/cropped-Leinewelle_Logo_weiss.png","contentUrl":"https:\/\/radioleinewelle.de\/wp-content\/uploads\/2023\/11\/cropped-Leinewelle_Logo_weiss.png","width":854,"height":260,"caption":"Radio Leinewelle"},"image":{"@id":"https:\/\/radioleinewelle.de\/#\/schema\/logo\/image\/"},"sameAs":["https:\/\/www.facebook.com\/radioleinewelle","https:\/\/x.com\/RLeinewelle","https:\/\/www.instagram.com\/radioleinewelle\/?hl=de"]},{"@type":"Person","@id":"https:\/\/radioleinewelle.de\/#\/schema\/person\/45606f348637df637192dc1b68399a63","name":"Leinewelle","image":{"@type":"ImageObject","inLanguage":"de","@id":"https:\/\/secure.gravatar.com\/avatar\/05c9a17bc973052ee5d91549bd32fb4dd0dc85b7b85ae94b2e2b4943476bbea5?s=96&d=blank&r=g","url":"https:\/\/secure.gravatar.com\/avatar\/05c9a17bc973052ee5d91549bd32fb4dd0dc85b7b85ae94b2e2b4943476bbea5?s=96&d=blank&r=g","contentUrl":"https:\/\/secure.gravatar.com\/avatar\/05c9a17bc973052ee5d91549bd32fb4dd0dc85b7b85ae94b2e2b4943476bbea5?s=96&d=blank&r=g","caption":"Leinewelle"},"sameAs":["http:\/\/localhost\/radio%20leinewelle\/wordpress","https:\/\/www.facebook.com\/radioleinewelle","https:\/\/www.instagram.com\/radioleinewelle","https:\/\/x.com\/https:\/\/twitter.com\/RLeinewelle?ref_src=twsrcgoogletwcampserptwgrauthor","https:\/\/soundcloud.com\/foerderverein-lokalradio?utm_source=clipboard&utm_medium=text&utm_campaign=social_sharing"],"url":"https:\/\/radioleinewelle.de\/index.php\/author\/leinewelle\/"}]}},"_links":{"self":[{"href":"https:\/\/radioleinewelle.de\/index.php\/wp-json\/wp\/v2\/posts\/23557","targetHints":{"allow":["GET"]}}],"collection":[{"href":"https:\/\/radioleinewelle.de\/index.php\/wp-json\/wp\/v2\/posts"}],"about":[{"href":"https:\/\/radioleinewelle.de\/index.php\/wp-json\/wp\/v2\/types\/post"}],"author":[{"embeddable":true,"href":"https:\/\/radioleinewelle.de\/index.php\/wp-json\/wp\/v2\/users\/1"}],"replies":[{"embeddable":true,"href":"https:\/\/radioleinewelle.de\/index.php\/wp-json\/wp\/v2\/comments?post=23557"}],"version-history":[{"count":7,"href":"https:\/\/radioleinewelle.de\/index.php\/wp-json\/wp\/v2\/posts\/23557\/revisions"}],"predecessor-version":[{"id":23564,"href":"https:\/\/radioleinewelle.de\/index.php\/wp-json\/wp\/v2\/posts\/23557\/revisions\/23564"}],"wp:featuredmedia":[{"embeddable":true,"href":"https:\/\/radioleinewelle.de\/index.php\/wp-json\/wp\/v2\/media\/21592"}],"wp:attachment":[{"href":"https:\/\/radioleinewelle.de\/index.php\/wp-json\/wp\/v2\/media?parent=23557"}],"wp:term":[{"taxonomy":"category","embeddable":true,"href":"https:\/\/radioleinewelle.de\/index.php\/wp-json\/wp\/v2\/categories?post=23557"},{"taxonomy":"post_tag","embeddable":true,"href":"https:\/\/radioleinewelle.de\/index.php\/wp-json\/wp\/v2\/tags?post=23557"}],"curies":[{"name":"wp","href":"https:\/\/api.w.org\/{rel}","templated":true}]}}