{"id":2356,"date":"2020-10-15T05:22:10","date_gmt":"2020-10-15T03:22:10","guid":{"rendered":"https:\/\/radioleinewelle.de\/?p=2356"},"modified":"2020-10-15T05:22:10","modified_gmt":"2020-10-15T03:22:10","slug":"hundenasen-im-corona-test-gesundheitsministerin-besucht-modellprojekt","status":"publish","type":"post","link":"https:\/\/radioleinewelle.de\/index.php\/2020\/10\/15\/hundenasen-im-corona-test-gesundheitsministerin-besucht-modellprojekt\/","title":{"rendered":"Hundenasen im Corona-Test &#8211; Gesundheitsministerin besucht Modellprojekt"},"content":{"rendered":"<p>Forschende der Klinik f\u00fcr Kleintiere der Stiftung Tier\u00e4rztliche Hochschule Hannover untersuchen, wie zuverl\u00e4ssig Hunde riechen k\u00f6nnen, ob Menschen mit dem Coronavirus SARS-CoV-2 infiziert sind. Gesundheitsministerin Carola Reimann informierte sich heute (Mittwoch) \u00fcber das Pilotprojekt. \u201eDer Corona-Virus ist unter anderem so t\u00fcckisch, weil infizierte Personen bereits Tage vor den ersten Symptomen andere anstecken k\u00f6nnen. Wenn wissenschaftliche Belege einen Einsatz der Hunde beispielsweise an Flugh\u00e4fen erm\u00f6glichen, k\u00f6nnen m\u00f6gliche Verdachtsf\u00e4lle fr\u00fch identifiziert und gezielt getestet werden. Das w\u00fcrde Testkapazit\u00e4ten entlasten und Infektionsketten fr\u00fch unterbrechen\u201c, so Dr. Carola Reimann. W\u00e4hrend Polizei und Zoll das Potential der sensiblen Sp\u00fcrnasen seit langem nutzen, ist der Einsatz von Hunden in der Medizin noch nicht sehr weit verbreitet. In einer Pilotstudie hatten Hunde bereits gezeigt, dass sie zwischen Proben SARS-CoV-2-infizierter Menschen und Kontrollproben mit einer hohen Trefferquote unterscheiden k\u00f6nnen. \u201eDamals hatten wir die Hunde lediglich mit Proben von positiv und von negativ getesteten Menschen trainiert\u201c, erkl\u00e4rt Professor Holger Volk, PhD, Leiter der Klinik f\u00fcr Kleintiere, \u201ein der Realit\u00e4t gibt es aber viele Differenzierungen. Deshalb trainieren wir die Hunde jetzt mit weiteren Proben und untersuchen, wie gut sie sie unterscheiden k\u00f6nnen.\u201c<\/p>\n<p>Daf\u00fcr sucht das Forscherteam noch Studienteilnehmerinnen und Studienteilnehmer, die Proben zur Verf\u00fcgung stellen m\u00f6chten:<\/p>\n<p>Von SARS-CoV-2 infizierten Personen mit (auch leichten) Symptomen, sowie von SARS-CoV-2 infizierten Personen ohne Symptome und von Personen mit anderen Atemwegserkrankungen wie beispielsweise Grippe, Bronchitis etc. Die Klinik f\u00fcr Kleintiere f\u00fchrt das Projekt in Zusammenarbeit mit der Bundeswehr, der Medizinischen Hochschule Hannover und dem Universit\u00e4tsklinikum Hamburg-Eppendorf durch. Dr. Gerhard Greif, Pr\u00e4sident der TiHo, sagt: \u201eEs ist sehr beeindruckend, was die Hunde leisten und wie schnell das Training Erfolg zeigt.\u201c<\/p>\n<p>Wer die Studie unterst\u00fctzen m\u00f6chte, wird gebeten, sich hier zu melden: <a href=\"mailto:vae.kleintierklinik@tiho-hannover.de\">vae.kleintierklinik@tiho-hannover.de<\/a><\/p>\n<p>Foto: Tom Figiel<\/p>\n","protected":false},"excerpt":{"rendered":"<p>Forschende der Klinik f\u00fcr Kleintiere der Stiftung Tier\u00e4rztliche Hochschule Hannover untersuchen, wie zuverl\u00e4ssig Hunde riechen k\u00f6nnen, ob Menschen mit dem Coronavirus SARS-CoV-2 infiziert sind. Gesundheitsministerin Carola Reimann informierte sich heute (Mittwoch) \u00fcber das Pilotprojekt. \u201eDer Corona-Virus ist unter anderem so t\u00fcckisch, weil infizierte Personen bereits Tage vor den ersten Symptomen andere anstecken k\u00f6nnen. Wenn wissenschaftliche [&hellip;]<\/p>\n","protected":false},"author":1,"featured_media":0,"comment_status":"closed","ping_status":"closed","sticky":false,"template":"","format":"standard","meta":{"saved_in_kubio":false,"footnotes":""},"categories":[44],"tags":[],"class_list":["post-2356","post","type-post","status-publish","format-standard","hentry","category-wissenschaft"],"yoast_head":"<!-- This site is optimized with the Yoast SEO plugin v27.5 - https:\/\/yoast.com\/product\/yoast-seo-wordpress\/ -->\n<title>Hundenasen im Corona-Test - Gesundheitsministerin besucht Modellprojekt - Radio Leinewelle<\/title>\n<meta name=\"robots\" content=\"index, follow, max-snippet:-1, max-image-preview:large, max-video-preview:-1\" \/>\n<link rel=\"canonical\" href=\"https:\/\/radioleinewelle.de\/index.php\/2020\/10\/15\/hundenasen-im-corona-test-gesundheitsministerin-besucht-modellprojekt\/\" \/>\n<meta property=\"og:locale\" content=\"de_DE\" \/>\n<meta property=\"og:type\" content=\"article\" \/>\n<meta property=\"og:title\" content=\"Hundenasen im Corona-Test - Gesundheitsministerin besucht Modellprojekt - Radio Leinewelle\" \/>\n<meta property=\"og:description\" content=\"Forschende der Klinik f\u00fcr Kleintiere der Stiftung Tier\u00e4rztliche Hochschule Hannover untersuchen, wie zuverl\u00e4ssig Hunde riechen k\u00f6nnen, ob Menschen mit dem Coronavirus SARS-CoV-2 infiziert sind. Gesundheitsministerin Carola Reimann informierte sich heute (Mittwoch) \u00fcber das Pilotprojekt. \u201eDer Corona-Virus ist unter anderem so t\u00fcckisch, weil infizierte Personen bereits Tage vor den ersten Symptomen andere anstecken k\u00f6nnen. Wenn wissenschaftliche [&hellip;]\" \/>\n<meta property=\"og:url\" content=\"https:\/\/radioleinewelle.de\/index.php\/2020\/10\/15\/hundenasen-im-corona-test-gesundheitsministerin-besucht-modellprojekt\/\" \/>\n<meta property=\"og:site_name\" content=\"Radio Leinewelle\" \/>\n<meta property=\"article:publisher\" content=\"https:\/\/www.facebook.com\/radioleinewelle\" \/>\n<meta property=\"article:author\" content=\"https:\/\/www.facebook.com\/radioleinewelle\" \/>\n<meta property=\"article:published_time\" content=\"2020-10-15T03:22:10+00:00\" \/>\n<meta name=\"author\" content=\"Leinewelle\" \/>\n<meta name=\"twitter:card\" content=\"summary_large_image\" \/>\n<meta name=\"twitter:creator\" content=\"@https:\/\/twitter.com\/RLeinewelle?ref_src=twsrcgoogletwcampserptwgrauthor\" \/>\n<meta name=\"twitter:site\" content=\"@RLeinewelle\" \/>\n<meta name=\"twitter:label1\" content=\"Verfasst von\" \/>\n\t<meta name=\"twitter:data1\" content=\"Leinewelle\" \/>\n\t<meta name=\"twitter:label2\" content=\"Gesch\u00e4tzte Lesezeit\" \/>\n\t<meta name=\"twitter:data2\" content=\"2\u00a0Minuten\" \/>\n<script type=\"application\/ld+json\" class=\"yoast-schema-graph\">{\"@context\":\"https:\\\/\\\/schema.org\",\"@graph\":[{\"@type\":\"Article\",\"@id\":\"https:\\\/\\\/radioleinewelle.de\\\/index.php\\\/2020\\\/10\\\/15\\\/hundenasen-im-corona-test-gesundheitsministerin-besucht-modellprojekt\\\/#article\",\"isPartOf\":{\"@id\":\"https:\\\/\\\/radioleinewelle.de\\\/index.php\\\/2020\\\/10\\\/15\\\/hundenasen-im-corona-test-gesundheitsministerin-besucht-modellprojekt\\\/\"},\"author\":{\"name\":\"Leinewelle\",\"@id\":\"https:\\\/\\\/radioleinewelle.de\\\/#\\\/schema\\\/person\\\/45606f348637df637192dc1b68399a63\"},\"headline\":\"Hundenasen im Corona-Test &#8211; Gesundheitsministerin besucht Modellprojekt\",\"datePublished\":\"2020-10-15T03:22:10+00:00\",\"mainEntityOfPage\":{\"@id\":\"https:\\\/\\\/radioleinewelle.de\\\/index.php\\\/2020\\\/10\\\/15\\\/hundenasen-im-corona-test-gesundheitsministerin-besucht-modellprojekt\\\/\"},\"wordCount\":322,\"publisher\":{\"@id\":\"https:\\\/\\\/radioleinewelle.de\\\/#organization\"},\"articleSection\":[\"Wissenschaft\"],\"inLanguage\":\"de\"},{\"@type\":\"WebPage\",\"@id\":\"https:\\\/\\\/radioleinewelle.de\\\/index.php\\\/2020\\\/10\\\/15\\\/hundenasen-im-corona-test-gesundheitsministerin-besucht-modellprojekt\\\/\",\"url\":\"https:\\\/\\\/radioleinewelle.de\\\/index.php\\\/2020\\\/10\\\/15\\\/hundenasen-im-corona-test-gesundheitsministerin-besucht-modellprojekt\\\/\",\"name\":\"Hundenasen im Corona-Test - Gesundheitsministerin besucht Modellprojekt - Radio Leinewelle\",\"isPartOf\":{\"@id\":\"https:\\\/\\\/radioleinewelle.de\\\/#website\"},\"datePublished\":\"2020-10-15T03:22:10+00:00\",\"breadcrumb\":{\"@id\":\"https:\\\/\\\/radioleinewelle.de\\\/index.php\\\/2020\\\/10\\\/15\\\/hundenasen-im-corona-test-gesundheitsministerin-besucht-modellprojekt\\\/#breadcrumb\"},\"inLanguage\":\"de\",\"potentialAction\":[{\"@type\":\"ReadAction\",\"target\":[\"https:\\\/\\\/radioleinewelle.de\\\/index.php\\\/2020\\\/10\\\/15\\\/hundenasen-im-corona-test-gesundheitsministerin-besucht-modellprojekt\\\/\"]}]},{\"@type\":\"BreadcrumbList\",\"@id\":\"https:\\\/\\\/radioleinewelle.de\\\/index.php\\\/2020\\\/10\\\/15\\\/hundenasen-im-corona-test-gesundheitsministerin-besucht-modellprojekt\\\/#breadcrumb\",\"itemListElement\":[{\"@type\":\"ListItem\",\"position\":1,\"name\":\"Startseite\",\"item\":\"https:\\\/\\\/radioleinewelle.de\\\/\"},{\"@type\":\"ListItem\",\"position\":2,\"name\":\"Hundenasen im Corona-Test &#8211; Gesundheitsministerin besucht Modellprojekt\"}]},{\"@type\":\"WebSite\",\"@id\":\"https:\\\/\\\/radioleinewelle.de\\\/#website\",\"url\":\"https:\\\/\\\/radioleinewelle.de\\\/\",\"name\":\"Radio Leinewelle\",\"description\":\"\",\"publisher\":{\"@id\":\"https:\\\/\\\/radioleinewelle.de\\\/#organization\"},\"potentialAction\":[{\"@type\":\"SearchAction\",\"target\":{\"@type\":\"EntryPoint\",\"urlTemplate\":\"https:\\\/\\\/radioleinewelle.de\\\/?s={search_term_string}\"},\"query-input\":{\"@type\":\"PropertyValueSpecification\",\"valueRequired\":true,\"valueName\":\"search_term_string\"}}],\"inLanguage\":\"de\"},{\"@type\":\"Organization\",\"@id\":\"https:\\\/\\\/radioleinewelle.de\\\/#organization\",\"name\":\"Radio Leinewelle\",\"alternateName\":\"Mein Radio f\u00fcr S\u00fcdniedersachsen\",\"url\":\"https:\\\/\\\/radioleinewelle.de\\\/\",\"logo\":{\"@type\":\"ImageObject\",\"inLanguage\":\"de\",\"@id\":\"https:\\\/\\\/radioleinewelle.de\\\/#\\\/schema\\\/logo\\\/image\\\/\",\"url\":\"https:\\\/\\\/radioleinewelle.de\\\/wp-content\\\/uploads\\\/2023\\\/11\\\/cropped-Leinewelle_Logo_weiss.png\",\"contentUrl\":\"https:\\\/\\\/radioleinewelle.de\\\/wp-content\\\/uploads\\\/2023\\\/11\\\/cropped-Leinewelle_Logo_weiss.png\",\"width\":854,\"height\":260,\"caption\":\"Radio Leinewelle\"},\"image\":{\"@id\":\"https:\\\/\\\/radioleinewelle.de\\\/#\\\/schema\\\/logo\\\/image\\\/\"},\"sameAs\":[\"https:\\\/\\\/www.facebook.com\\\/radioleinewelle\",\"https:\\\/\\\/x.com\\\/RLeinewelle\",\"https:\\\/\\\/www.instagram.com\\\/radioleinewelle\\\/?hl=de\"]},{\"@type\":\"Person\",\"@id\":\"https:\\\/\\\/radioleinewelle.de\\\/#\\\/schema\\\/person\\\/45606f348637df637192dc1b68399a63\",\"name\":\"Leinewelle\",\"image\":{\"@type\":\"ImageObject\",\"inLanguage\":\"de\",\"@id\":\"https:\\\/\\\/secure.gravatar.com\\\/avatar\\\/05c9a17bc973052ee5d91549bd32fb4dd0dc85b7b85ae94b2e2b4943476bbea5?s=96&d=blank&r=g\",\"url\":\"https:\\\/\\\/secure.gravatar.com\\\/avatar\\\/05c9a17bc973052ee5d91549bd32fb4dd0dc85b7b85ae94b2e2b4943476bbea5?s=96&d=blank&r=g\",\"contentUrl\":\"https:\\\/\\\/secure.gravatar.com\\\/avatar\\\/05c9a17bc973052ee5d91549bd32fb4dd0dc85b7b85ae94b2e2b4943476bbea5?s=96&d=blank&r=g\",\"caption\":\"Leinewelle\"},\"sameAs\":[\"http:\\\/\\\/localhost\\\/radio%20leinewelle\\\/wordpress\",\"https:\\\/\\\/www.facebook.com\\\/radioleinewelle\",\"https:\\\/\\\/www.instagram.com\\\/radioleinewelle\",\"https:\\\/\\\/x.com\\\/https:\\\/\\\/twitter.com\\\/RLeinewelle?ref_src=twsrcgoogletwcampserptwgrauthor\",\"https:\\\/\\\/soundcloud.com\\\/foerderverein-lokalradio?utm_source=clipboard&utm_medium=text&utm_campaign=social_sharing\"],\"url\":\"https:\\\/\\\/radioleinewelle.de\\\/index.php\\\/author\\\/leinewelle\\\/\"}]}<\/script>\n<!-- \/ Yoast SEO plugin. -->","yoast_head_json":{"title":"Hundenasen im Corona-Test - Gesundheitsministerin besucht Modellprojekt - Radio Leinewelle","robots":{"index":"index","follow":"follow","max-snippet":"max-snippet:-1","max-image-preview":"max-image-preview:large","max-video-preview":"max-video-preview:-1"},"canonical":"https:\/\/radioleinewelle.de\/index.php\/2020\/10\/15\/hundenasen-im-corona-test-gesundheitsministerin-besucht-modellprojekt\/","og_locale":"de_DE","og_type":"article","og_title":"Hundenasen im Corona-Test - Gesundheitsministerin besucht Modellprojekt - Radio Leinewelle","og_description":"Forschende der Klinik f\u00fcr Kleintiere der Stiftung Tier\u00e4rztliche Hochschule Hannover untersuchen, wie zuverl\u00e4ssig Hunde riechen k\u00f6nnen, ob Menschen mit dem Coronavirus SARS-CoV-2 infiziert sind. Gesundheitsministerin Carola Reimann informierte sich heute (Mittwoch) \u00fcber das Pilotprojekt. \u201eDer Corona-Virus ist unter anderem so t\u00fcckisch, weil infizierte Personen bereits Tage vor den ersten Symptomen andere anstecken k\u00f6nnen. Wenn wissenschaftliche [&hellip;]","og_url":"https:\/\/radioleinewelle.de\/index.php\/2020\/10\/15\/hundenasen-im-corona-test-gesundheitsministerin-besucht-modellprojekt\/","og_site_name":"Radio Leinewelle","article_publisher":"https:\/\/www.facebook.com\/radioleinewelle","article_author":"https:\/\/www.facebook.com\/radioleinewelle","article_published_time":"2020-10-15T03:22:10+00:00","author":"Leinewelle","twitter_card":"summary_large_image","twitter_creator":"@https:\/\/twitter.com\/RLeinewelle?ref_src=twsrcgoogletwcampserptwgrauthor","twitter_site":"@RLeinewelle","twitter_misc":{"Verfasst von":"Leinewelle","Gesch\u00e4tzte Lesezeit":"2\u00a0Minuten"},"schema":{"@context":"https:\/\/schema.org","@graph":[{"@type":"Article","@id":"https:\/\/radioleinewelle.de\/index.php\/2020\/10\/15\/hundenasen-im-corona-test-gesundheitsministerin-besucht-modellprojekt\/#article","isPartOf":{"@id":"https:\/\/radioleinewelle.de\/index.php\/2020\/10\/15\/hundenasen-im-corona-test-gesundheitsministerin-besucht-modellprojekt\/"},"author":{"name":"Leinewelle","@id":"https:\/\/radioleinewelle.de\/#\/schema\/person\/45606f348637df637192dc1b68399a63"},"headline":"Hundenasen im Corona-Test &#8211; Gesundheitsministerin besucht Modellprojekt","datePublished":"2020-10-15T03:22:10+00:00","mainEntityOfPage":{"@id":"https:\/\/radioleinewelle.de\/index.php\/2020\/10\/15\/hundenasen-im-corona-test-gesundheitsministerin-besucht-modellprojekt\/"},"wordCount":322,"publisher":{"@id":"https:\/\/radioleinewelle.de\/#organization"},"articleSection":["Wissenschaft"],"inLanguage":"de"},{"@type":"WebPage","@id":"https:\/\/radioleinewelle.de\/index.php\/2020\/10\/15\/hundenasen-im-corona-test-gesundheitsministerin-besucht-modellprojekt\/","url":"https:\/\/radioleinewelle.de\/index.php\/2020\/10\/15\/hundenasen-im-corona-test-gesundheitsministerin-besucht-modellprojekt\/","name":"Hundenasen im Corona-Test - Gesundheitsministerin besucht Modellprojekt - Radio Leinewelle","isPartOf":{"@id":"https:\/\/radioleinewelle.de\/#website"},"datePublished":"2020-10-15T03:22:10+00:00","breadcrumb":{"@id":"https:\/\/radioleinewelle.de\/index.php\/2020\/10\/15\/hundenasen-im-corona-test-gesundheitsministerin-besucht-modellprojekt\/#breadcrumb"},"inLanguage":"de","potentialAction":[{"@type":"ReadAction","target":["https:\/\/radioleinewelle.de\/index.php\/2020\/10\/15\/hundenasen-im-corona-test-gesundheitsministerin-besucht-modellprojekt\/"]}]},{"@type":"BreadcrumbList","@id":"https:\/\/radioleinewelle.de\/index.php\/2020\/10\/15\/hundenasen-im-corona-test-gesundheitsministerin-besucht-modellprojekt\/#breadcrumb","itemListElement":[{"@type":"ListItem","position":1,"name":"Startseite","item":"https:\/\/radioleinewelle.de\/"},{"@type":"ListItem","position":2,"name":"Hundenasen im Corona-Test &#8211; Gesundheitsministerin besucht Modellprojekt"}]},{"@type":"WebSite","@id":"https:\/\/radioleinewelle.de\/#website","url":"https:\/\/radioleinewelle.de\/","name":"Radio Leinewelle","description":"","publisher":{"@id":"https:\/\/radioleinewelle.de\/#organization"},"potentialAction":[{"@type":"SearchAction","target":{"@type":"EntryPoint","urlTemplate":"https:\/\/radioleinewelle.de\/?s={search_term_string}"},"query-input":{"@type":"PropertyValueSpecification","valueRequired":true,"valueName":"search_term_string"}}],"inLanguage":"de"},{"@type":"Organization","@id":"https:\/\/radioleinewelle.de\/#organization","name":"Radio Leinewelle","alternateName":"Mein Radio f\u00fcr S\u00fcdniedersachsen","url":"https:\/\/radioleinewelle.de\/","logo":{"@type":"ImageObject","inLanguage":"de","@id":"https:\/\/radioleinewelle.de\/#\/schema\/logo\/image\/","url":"https:\/\/radioleinewelle.de\/wp-content\/uploads\/2023\/11\/cropped-Leinewelle_Logo_weiss.png","contentUrl":"https:\/\/radioleinewelle.de\/wp-content\/uploads\/2023\/11\/cropped-Leinewelle_Logo_weiss.png","width":854,"height":260,"caption":"Radio Leinewelle"},"image":{"@id":"https:\/\/radioleinewelle.de\/#\/schema\/logo\/image\/"},"sameAs":["https:\/\/www.facebook.com\/radioleinewelle","https:\/\/x.com\/RLeinewelle","https:\/\/www.instagram.com\/radioleinewelle\/?hl=de"]},{"@type":"Person","@id":"https:\/\/radioleinewelle.de\/#\/schema\/person\/45606f348637df637192dc1b68399a63","name":"Leinewelle","image":{"@type":"ImageObject","inLanguage":"de","@id":"https:\/\/secure.gravatar.com\/avatar\/05c9a17bc973052ee5d91549bd32fb4dd0dc85b7b85ae94b2e2b4943476bbea5?s=96&d=blank&r=g","url":"https:\/\/secure.gravatar.com\/avatar\/05c9a17bc973052ee5d91549bd32fb4dd0dc85b7b85ae94b2e2b4943476bbea5?s=96&d=blank&r=g","contentUrl":"https:\/\/secure.gravatar.com\/avatar\/05c9a17bc973052ee5d91549bd32fb4dd0dc85b7b85ae94b2e2b4943476bbea5?s=96&d=blank&r=g","caption":"Leinewelle"},"sameAs":["http:\/\/localhost\/radio%20leinewelle\/wordpress","https:\/\/www.facebook.com\/radioleinewelle","https:\/\/www.instagram.com\/radioleinewelle","https:\/\/x.com\/https:\/\/twitter.com\/RLeinewelle?ref_src=twsrcgoogletwcampserptwgrauthor","https:\/\/soundcloud.com\/foerderverein-lokalradio?utm_source=clipboard&utm_medium=text&utm_campaign=social_sharing"],"url":"https:\/\/radioleinewelle.de\/index.php\/author\/leinewelle\/"}]}},"_links":{"self":[{"href":"https:\/\/radioleinewelle.de\/index.php\/wp-json\/wp\/v2\/posts\/2356","targetHints":{"allow":["GET"]}}],"collection":[{"href":"https:\/\/radioleinewelle.de\/index.php\/wp-json\/wp\/v2\/posts"}],"about":[{"href":"https:\/\/radioleinewelle.de\/index.php\/wp-json\/wp\/v2\/types\/post"}],"author":[{"embeddable":true,"href":"https:\/\/radioleinewelle.de\/index.php\/wp-json\/wp\/v2\/users\/1"}],"replies":[{"embeddable":true,"href":"https:\/\/radioleinewelle.de\/index.php\/wp-json\/wp\/v2\/comments?post=2356"}],"version-history":[{"count":0,"href":"https:\/\/radioleinewelle.de\/index.php\/wp-json\/wp\/v2\/posts\/2356\/revisions"}],"wp:attachment":[{"href":"https:\/\/radioleinewelle.de\/index.php\/wp-json\/wp\/v2\/media?parent=2356"}],"wp:term":[{"taxonomy":"category","embeddable":true,"href":"https:\/\/radioleinewelle.de\/index.php\/wp-json\/wp\/v2\/categories?post=2356"},{"taxonomy":"post_tag","embeddable":true,"href":"https:\/\/radioleinewelle.de\/index.php\/wp-json\/wp\/v2\/tags?post=2356"}],"curies":[{"name":"wp","href":"https:\/\/api.w.org\/{rel}","templated":true}]}}