{"id":23565,"date":"2023-09-15T09:07:18","date_gmt":"2023-09-15T07:07:18","guid":{"rendered":"https:\/\/radioleinewelle.de\/?p=23565"},"modified":"2023-09-15T09:07:20","modified_gmt":"2023-09-15T07:07:20","slug":"kuenstler-der-woche-nick-cave-warren-ellis-australian-carnage-live-at-the-sydney-opera-house","status":"publish","type":"post","link":"https:\/\/radioleinewelle.de\/index.php\/2023\/09\/15\/kuenstler-der-woche-nick-cave-warren-ellis-australian-carnage-live-at-the-sydney-opera-house\/","title":{"rendered":"K\u00fcnstler der Woche: Nick Cave &#038; Warren Ellis &#8222;Australian Carnage (Live at The Sydney Opera House)&#8220;"},"content":{"rendered":"\n<p>Vom Underground bis in die Oper von Sydney &#8211; der Musiker und Lyriker Nick Cave geh\u00f6rt mittlerweile zu den gefragtesten Livesets weltweit. Jetzt kehrten Nick Cave und Warren Ellis  f\u00fcr 16 Konzerte in ihre Heimat Australien zur\u00fcck und brachten ihr gefeiertes Album &#8222;Carnage&#8220; aus dem Jahr 2021 sowie Songs aus dem Katalog von Nick Cave &amp; The Bad Seeds mit auf Tour. Drei Auftritte im Opernhaus von Sydney am 16., 17. und 18. Dezember waren der H\u00f6hepunkt einer emotionalen Reise, die auf dem neuen Live-Album &#8222;Australian Carnage &#8211; Live At The Sydney Opera House&#8220; festgehalten wurde. <\/p>\n\n\n\n<blockquote class=\"wp-block-quote is-layout-flow wp-block-quote-is-layout-flow\">\n<p><em>Every show was moving and unforgettable, from the intimacy of playing in theatres and arts centres, to the vast and uplifting nights at Hanging Rock, through to our final three nights at the inimitable Sydney Opera House. We are excited to share these recordings, made at the Sydney Opera House, and hope they capture even a tenth of the collective elation we felt at those shows. We&#8217;ll never forget them.\u201d&nbsp;<\/em><strong><em>Nick Cave<\/em><\/strong> \u00fcber die Australien Tour<\/p>\n<\/blockquote>\n\n\n\n<p>Zusammen mit Colin Greenwood von Radiohead und Larry Mullins von Bad Seed sowie den Backgrounds\u00e4ngern Wendi Rose, Janet Ramus und T Jae Cole traten Cave und Ellis vor einem begeisterten Publikum mit Intensit\u00e4t und Humor auf. Zu den H\u00f6hepunkten geh\u00f6rten das zarte &#8222;Bright Horses&#8220;, das spirituelle &#8222;Carnage&#8220; und das mitrei\u00dfende &#8222;White Elephant&#8220; sowie die sehnsuchtsvollen &#8222;Waiting For You&#8220; und &#8222;I Need You&#8220;.<\/p>\n\n\n\n<figure class=\"wp-block-embed is-type-video is-provider-youtube wp-block-embed-youtube wp-embed-aspect-16-9 wp-has-aspect-ratio\"><div class=\"wp-block-embed__wrapper\">\n<iframe loading=\"lazy\" title=\"Nick Cave &amp; Warren Ellis - Ghosteen Speaks - Australian Carnage Live at Sydney Opera House\" width=\"500\" height=\"281\" src=\"https:\/\/www.youtube.com\/embed\/4wfFwgFIBbc?feature=oembed\" frameborder=\"0\" allow=\"accelerometer; autoplay; clipboard-write; encrypted-media; gyroscope; picture-in-picture; web-share\" referrerpolicy=\"strict-origin-when-cross-origin\" allowfullscreen><\/iframe>\n<\/div><\/figure>\n\n\n\n<p>Ellis ist zwar ein langj\u00e4hriges Mitglied der Bad Seeds, und er und Cave haben bereits an vielen anderen Projekten zusammengearbeitet, aber dies war das erste Mal, dass die beiden als Duo durch Australien tourten.<\/p>\n\n\n\n<p>Ihre kreative Chemie ist in ihrer langen Geschichte des Musikmachens verwurzelt, sowohl als Kollaborateure als auch als individuelle K\u00fcnstler. Ihre Wege kreuzten sich zum ersten Mal 1993, als Ellis bei einigen Songs des Albums Let Love In von Nick Cave &amp; The Bad Seeds die Geige spielte, bevor er als festes Mitglied in die Band einstieg. Die beiden haben auch als Grinderman, gegr\u00fcndet 2006, Aufnahmen gemacht und zahlreiche Film-, Fernseh- und Theatersoundtracks gemeinsam komponiert und aufgenommen.<\/p>\n\n\n\n<p>F<strong>oto:<\/strong> Nick Cave &amp; Warren Ellis \u00a9Daniel Boud<\/p>\n","protected":false},"excerpt":{"rendered":"<p>Vom Underground bis in die Oper von Sydney &#8211; der Musiker und Lyriker Nick Cave geh\u00f6rt mittlerweile zu den gefragtesten Livesets weltweit. Jetzt kehrten Nick Cave und Warren Ellis f\u00fcr 16 Konzerte in ihre Heimat Australien zur\u00fcck und brachten ihr gefeiertes Album &#8222;Carnage&#8220; aus dem Jahr 2021 sowie Songs aus dem Katalog von Nick Cave [&hellip;]<\/p>\n","protected":false},"author":1,"featured_media":23570,"comment_status":"open","ping_status":"open","sticky":true,"template":"","format":"standard","meta":{"saved_in_kubio":false,"footnotes":""},"categories":[4013],"tags":[4040,4041],"class_list":["post-23565","post","type-post","status-publish","format-standard","has-post-thumbnail","hentry","category-album-der-woche","tag-nick-cave","tag-warren-ellis"],"yoast_head":"<!-- This site is optimized with the Yoast SEO plugin v27.5 - https:\/\/yoast.com\/product\/yoast-seo-wordpress\/ -->\n<title>K\u00fcnstler der Woche: Nick Cave &amp; Warren Ellis &quot;Australian Carnage (Live at The Sydney Opera House)&quot; - Radio Leinewelle<\/title>\n<meta name=\"robots\" content=\"index, follow, max-snippet:-1, max-image-preview:large, max-video-preview:-1\" \/>\n<link rel=\"canonical\" href=\"https:\/\/radioleinewelle.de\/index.php\/2023\/09\/15\/kuenstler-der-woche-nick-cave-warren-ellis-australian-carnage-live-at-the-sydney-opera-house\/\" \/>\n<meta property=\"og:locale\" content=\"de_DE\" \/>\n<meta property=\"og:type\" content=\"article\" \/>\n<meta property=\"og:title\" content=\"K\u00fcnstler der Woche: Nick Cave &amp; Warren Ellis &quot;Australian Carnage (Live at The Sydney Opera House)&quot; - Radio Leinewelle\" \/>\n<meta property=\"og:description\" content=\"Vom Underground bis in die Oper von Sydney &#8211; der Musiker und Lyriker Nick Cave geh\u00f6rt mittlerweile zu den gefragtesten Livesets weltweit. Jetzt kehrten Nick Cave und Warren Ellis f\u00fcr 16 Konzerte in ihre Heimat Australien zur\u00fcck und brachten ihr gefeiertes Album &#8222;Carnage&#8220; aus dem Jahr 2021 sowie Songs aus dem Katalog von Nick Cave [&hellip;]\" \/>\n<meta property=\"og:url\" content=\"https:\/\/radioleinewelle.de\/index.php\/2023\/09\/15\/kuenstler-der-woche-nick-cave-warren-ellis-australian-carnage-live-at-the-sydney-opera-house\/\" \/>\n<meta property=\"og:site_name\" content=\"Radio Leinewelle\" \/>\n<meta property=\"article:publisher\" content=\"https:\/\/www.facebook.com\/radioleinewelle\" \/>\n<meta property=\"article:author\" content=\"https:\/\/www.facebook.com\/radioleinewelle\" \/>\n<meta property=\"article:published_time\" content=\"2023-09-15T07:07:18+00:00\" \/>\n<meta property=\"article:modified_time\" content=\"2023-09-15T07:07:20+00:00\" \/>\n<meta property=\"og:image\" content=\"https:\/\/radioleinewelle.de\/wp-content\/uploads\/2023\/09\/Nick_Cave_Warren_Ellis_Sydney_Opera_House_161222_credit_Daniel_Boud_011-scaled.jpg\" \/>\n\t<meta property=\"og:image:width\" content=\"2560\" \/>\n\t<meta property=\"og:image:height\" content=\"1708\" \/>\n\t<meta property=\"og:image:type\" content=\"image\/jpeg\" \/>\n<meta name=\"author\" content=\"Leinewelle\" \/>\n<meta name=\"twitter:card\" content=\"summary_large_image\" \/>\n<meta name=\"twitter:creator\" content=\"@https:\/\/twitter.com\/RLeinewelle?ref_src=twsrcgoogletwcampserptwgrauthor\" \/>\n<meta name=\"twitter:site\" content=\"@RLeinewelle\" \/>\n<meta name=\"twitter:label1\" content=\"Verfasst von\" \/>\n\t<meta name=\"twitter:data1\" content=\"Leinewelle\" \/>\n\t<meta name=\"twitter:label2\" content=\"Gesch\u00e4tzte Lesezeit\" \/>\n\t<meta name=\"twitter:data2\" content=\"2\u00a0Minuten\" \/>\n<script type=\"application\/ld+json\" class=\"yoast-schema-graph\">{\"@context\":\"https:\\\/\\\/schema.org\",\"@graph\":[{\"@type\":\"Article\",\"@id\":\"https:\\\/\\\/radioleinewelle.de\\\/index.php\\\/2023\\\/09\\\/15\\\/kuenstler-der-woche-nick-cave-warren-ellis-australian-carnage-live-at-the-sydney-opera-house\\\/#article\",\"isPartOf\":{\"@id\":\"https:\\\/\\\/radioleinewelle.de\\\/index.php\\\/2023\\\/09\\\/15\\\/kuenstler-der-woche-nick-cave-warren-ellis-australian-carnage-live-at-the-sydney-opera-house\\\/\"},\"author\":{\"name\":\"Leinewelle\",\"@id\":\"https:\\\/\\\/radioleinewelle.de\\\/#\\\/schema\\\/person\\\/45606f348637df637192dc1b68399a63\"},\"headline\":\"K\u00fcnstler der Woche: Nick Cave &#038; Warren Ellis &#8222;Australian Carnage (Live at The Sydney Opera House)&#8220;\",\"datePublished\":\"2023-09-15T07:07:18+00:00\",\"dateModified\":\"2023-09-15T07:07:20+00:00\",\"mainEntityOfPage\":{\"@id\":\"https:\\\/\\\/radioleinewelle.de\\\/index.php\\\/2023\\\/09\\\/15\\\/kuenstler-der-woche-nick-cave-warren-ellis-australian-carnage-live-at-the-sydney-opera-house\\\/\"},\"wordCount\":384,\"commentCount\":0,\"publisher\":{\"@id\":\"https:\\\/\\\/radioleinewelle.de\\\/#organization\"},\"image\":{\"@id\":\"https:\\\/\\\/radioleinewelle.de\\\/index.php\\\/2023\\\/09\\\/15\\\/kuenstler-der-woche-nick-cave-warren-ellis-australian-carnage-live-at-the-sydney-opera-house\\\/#primaryimage\"},\"thumbnailUrl\":\"https:\\\/\\\/radioleinewelle.de\\\/wp-content\\\/uploads\\\/2023\\\/09\\\/Nick_Cave_Warren_Ellis_Sydney_Opera_House_161222_credit_Daniel_Boud_011-scaled.jpg\",\"keywords\":[\"Nick Cave\",\"Warren Ellis\"],\"articleSection\":[\"Album der Woche\"],\"inLanguage\":\"de\",\"potentialAction\":[{\"@type\":\"CommentAction\",\"name\":\"Comment\",\"target\":[\"https:\\\/\\\/radioleinewelle.de\\\/index.php\\\/2023\\\/09\\\/15\\\/kuenstler-der-woche-nick-cave-warren-ellis-australian-carnage-live-at-the-sydney-opera-house\\\/#respond\"]}]},{\"@type\":\"WebPage\",\"@id\":\"https:\\\/\\\/radioleinewelle.de\\\/index.php\\\/2023\\\/09\\\/15\\\/kuenstler-der-woche-nick-cave-warren-ellis-australian-carnage-live-at-the-sydney-opera-house\\\/\",\"url\":\"https:\\\/\\\/radioleinewelle.de\\\/index.php\\\/2023\\\/09\\\/15\\\/kuenstler-der-woche-nick-cave-warren-ellis-australian-carnage-live-at-the-sydney-opera-house\\\/\",\"name\":\"K\u00fcnstler der Woche: Nick Cave & Warren Ellis \\\"Australian Carnage (Live at The Sydney Opera House)\\\" - Radio Leinewelle\",\"isPartOf\":{\"@id\":\"https:\\\/\\\/radioleinewelle.de\\\/#website\"},\"primaryImageOfPage\":{\"@id\":\"https:\\\/\\\/radioleinewelle.de\\\/index.php\\\/2023\\\/09\\\/15\\\/kuenstler-der-woche-nick-cave-warren-ellis-australian-carnage-live-at-the-sydney-opera-house\\\/#primaryimage\"},\"image\":{\"@id\":\"https:\\\/\\\/radioleinewelle.de\\\/index.php\\\/2023\\\/09\\\/15\\\/kuenstler-der-woche-nick-cave-warren-ellis-australian-carnage-live-at-the-sydney-opera-house\\\/#primaryimage\"},\"thumbnailUrl\":\"https:\\\/\\\/radioleinewelle.de\\\/wp-content\\\/uploads\\\/2023\\\/09\\\/Nick_Cave_Warren_Ellis_Sydney_Opera_House_161222_credit_Daniel_Boud_011-scaled.jpg\",\"datePublished\":\"2023-09-15T07:07:18+00:00\",\"dateModified\":\"2023-09-15T07:07:20+00:00\",\"breadcrumb\":{\"@id\":\"https:\\\/\\\/radioleinewelle.de\\\/index.php\\\/2023\\\/09\\\/15\\\/kuenstler-der-woche-nick-cave-warren-ellis-australian-carnage-live-at-the-sydney-opera-house\\\/#breadcrumb\"},\"inLanguage\":\"de\",\"potentialAction\":[{\"@type\":\"ReadAction\",\"target\":[\"https:\\\/\\\/radioleinewelle.de\\\/index.php\\\/2023\\\/09\\\/15\\\/kuenstler-der-woche-nick-cave-warren-ellis-australian-carnage-live-at-the-sydney-opera-house\\\/\"]}]},{\"@type\":\"ImageObject\",\"inLanguage\":\"de\",\"@id\":\"https:\\\/\\\/radioleinewelle.de\\\/index.php\\\/2023\\\/09\\\/15\\\/kuenstler-der-woche-nick-cave-warren-ellis-australian-carnage-live-at-the-sydney-opera-house\\\/#primaryimage\",\"url\":\"https:\\\/\\\/radioleinewelle.de\\\/wp-content\\\/uploads\\\/2023\\\/09\\\/Nick_Cave_Warren_Ellis_Sydney_Opera_House_161222_credit_Daniel_Boud_011-scaled.jpg\",\"contentUrl\":\"https:\\\/\\\/radioleinewelle.de\\\/wp-content\\\/uploads\\\/2023\\\/09\\\/Nick_Cave_Warren_Ellis_Sydney_Opera_House_161222_credit_Daniel_Boud_011-scaled.jpg\",\"width\":2560,\"height\":1708},{\"@type\":\"BreadcrumbList\",\"@id\":\"https:\\\/\\\/radioleinewelle.de\\\/index.php\\\/2023\\\/09\\\/15\\\/kuenstler-der-woche-nick-cave-warren-ellis-australian-carnage-live-at-the-sydney-opera-house\\\/#breadcrumb\",\"itemListElement\":[{\"@type\":\"ListItem\",\"position\":1,\"name\":\"Startseite\",\"item\":\"https:\\\/\\\/radioleinewelle.de\\\/\"},{\"@type\":\"ListItem\",\"position\":2,\"name\":\"K\u00fcnstler der Woche: Nick Cave &#038; Warren Ellis &#8222;Australian Carnage (Live at The Sydney Opera House)&#8220;\"}]},{\"@type\":\"WebSite\",\"@id\":\"https:\\\/\\\/radioleinewelle.de\\\/#website\",\"url\":\"https:\\\/\\\/radioleinewelle.de\\\/\",\"name\":\"Radio Leinewelle\",\"description\":\"\",\"publisher\":{\"@id\":\"https:\\\/\\\/radioleinewelle.de\\\/#organization\"},\"potentialAction\":[{\"@type\":\"SearchAction\",\"target\":{\"@type\":\"EntryPoint\",\"urlTemplate\":\"https:\\\/\\\/radioleinewelle.de\\\/?s={search_term_string}\"},\"query-input\":{\"@type\":\"PropertyValueSpecification\",\"valueRequired\":true,\"valueName\":\"search_term_string\"}}],\"inLanguage\":\"de\"},{\"@type\":\"Organization\",\"@id\":\"https:\\\/\\\/radioleinewelle.de\\\/#organization\",\"name\":\"Radio Leinewelle\",\"alternateName\":\"Mein Radio f\u00fcr S\u00fcdniedersachsen\",\"url\":\"https:\\\/\\\/radioleinewelle.de\\\/\",\"logo\":{\"@type\":\"ImageObject\",\"inLanguage\":\"de\",\"@id\":\"https:\\\/\\\/radioleinewelle.de\\\/#\\\/schema\\\/logo\\\/image\\\/\",\"url\":\"https:\\\/\\\/radioleinewelle.de\\\/wp-content\\\/uploads\\\/2023\\\/11\\\/cropped-Leinewelle_Logo_weiss.png\",\"contentUrl\":\"https:\\\/\\\/radioleinewelle.de\\\/wp-content\\\/uploads\\\/2023\\\/11\\\/cropped-Leinewelle_Logo_weiss.png\",\"width\":854,\"height\":260,\"caption\":\"Radio Leinewelle\"},\"image\":{\"@id\":\"https:\\\/\\\/radioleinewelle.de\\\/#\\\/schema\\\/logo\\\/image\\\/\"},\"sameAs\":[\"https:\\\/\\\/www.facebook.com\\\/radioleinewelle\",\"https:\\\/\\\/x.com\\\/RLeinewelle\",\"https:\\\/\\\/www.instagram.com\\\/radioleinewelle\\\/?hl=de\"]},{\"@type\":\"Person\",\"@id\":\"https:\\\/\\\/radioleinewelle.de\\\/#\\\/schema\\\/person\\\/45606f348637df637192dc1b68399a63\",\"name\":\"Leinewelle\",\"image\":{\"@type\":\"ImageObject\",\"inLanguage\":\"de\",\"@id\":\"https:\\\/\\\/secure.gravatar.com\\\/avatar\\\/05c9a17bc973052ee5d91549bd32fb4dd0dc85b7b85ae94b2e2b4943476bbea5?s=96&d=blank&r=g\",\"url\":\"https:\\\/\\\/secure.gravatar.com\\\/avatar\\\/05c9a17bc973052ee5d91549bd32fb4dd0dc85b7b85ae94b2e2b4943476bbea5?s=96&d=blank&r=g\",\"contentUrl\":\"https:\\\/\\\/secure.gravatar.com\\\/avatar\\\/05c9a17bc973052ee5d91549bd32fb4dd0dc85b7b85ae94b2e2b4943476bbea5?s=96&d=blank&r=g\",\"caption\":\"Leinewelle\"},\"sameAs\":[\"http:\\\/\\\/localhost\\\/radio%20leinewelle\\\/wordpress\",\"https:\\\/\\\/www.facebook.com\\\/radioleinewelle\",\"https:\\\/\\\/www.instagram.com\\\/radioleinewelle\",\"https:\\\/\\\/x.com\\\/https:\\\/\\\/twitter.com\\\/RLeinewelle?ref_src=twsrcgoogletwcampserptwgrauthor\",\"https:\\\/\\\/soundcloud.com\\\/foerderverein-lokalradio?utm_source=clipboard&utm_medium=text&utm_campaign=social_sharing\"],\"url\":\"https:\\\/\\\/radioleinewelle.de\\\/index.php\\\/author\\\/leinewelle\\\/\"}]}<\/script>\n<!-- \/ Yoast SEO plugin. -->","yoast_head_json":{"title":"K\u00fcnstler der Woche: Nick Cave & Warren Ellis \"Australian Carnage (Live at The Sydney Opera House)\" - Radio Leinewelle","robots":{"index":"index","follow":"follow","max-snippet":"max-snippet:-1","max-image-preview":"max-image-preview:large","max-video-preview":"max-video-preview:-1"},"canonical":"https:\/\/radioleinewelle.de\/index.php\/2023\/09\/15\/kuenstler-der-woche-nick-cave-warren-ellis-australian-carnage-live-at-the-sydney-opera-house\/","og_locale":"de_DE","og_type":"article","og_title":"K\u00fcnstler der Woche: Nick Cave & Warren Ellis \"Australian Carnage (Live at The Sydney Opera House)\" - Radio Leinewelle","og_description":"Vom Underground bis in die Oper von Sydney &#8211; der Musiker und Lyriker Nick Cave geh\u00f6rt mittlerweile zu den gefragtesten Livesets weltweit. Jetzt kehrten Nick Cave und Warren Ellis f\u00fcr 16 Konzerte in ihre Heimat Australien zur\u00fcck und brachten ihr gefeiertes Album &#8222;Carnage&#8220; aus dem Jahr 2021 sowie Songs aus dem Katalog von Nick Cave [&hellip;]","og_url":"https:\/\/radioleinewelle.de\/index.php\/2023\/09\/15\/kuenstler-der-woche-nick-cave-warren-ellis-australian-carnage-live-at-the-sydney-opera-house\/","og_site_name":"Radio Leinewelle","article_publisher":"https:\/\/www.facebook.com\/radioleinewelle","article_author":"https:\/\/www.facebook.com\/radioleinewelle","article_published_time":"2023-09-15T07:07:18+00:00","article_modified_time":"2023-09-15T07:07:20+00:00","og_image":[{"width":2560,"height":1708,"url":"https:\/\/radioleinewelle.de\/wp-content\/uploads\/2023\/09\/Nick_Cave_Warren_Ellis_Sydney_Opera_House_161222_credit_Daniel_Boud_011-scaled.jpg","type":"image\/jpeg"}],"author":"Leinewelle","twitter_card":"summary_large_image","twitter_creator":"@https:\/\/twitter.com\/RLeinewelle?ref_src=twsrcgoogletwcampserptwgrauthor","twitter_site":"@RLeinewelle","twitter_misc":{"Verfasst von":"Leinewelle","Gesch\u00e4tzte Lesezeit":"2\u00a0Minuten"},"schema":{"@context":"https:\/\/schema.org","@graph":[{"@type":"Article","@id":"https:\/\/radioleinewelle.de\/index.php\/2023\/09\/15\/kuenstler-der-woche-nick-cave-warren-ellis-australian-carnage-live-at-the-sydney-opera-house\/#article","isPartOf":{"@id":"https:\/\/radioleinewelle.de\/index.php\/2023\/09\/15\/kuenstler-der-woche-nick-cave-warren-ellis-australian-carnage-live-at-the-sydney-opera-house\/"},"author":{"name":"Leinewelle","@id":"https:\/\/radioleinewelle.de\/#\/schema\/person\/45606f348637df637192dc1b68399a63"},"headline":"K\u00fcnstler der Woche: Nick Cave &#038; Warren Ellis &#8222;Australian Carnage (Live at The Sydney Opera House)&#8220;","datePublished":"2023-09-15T07:07:18+00:00","dateModified":"2023-09-15T07:07:20+00:00","mainEntityOfPage":{"@id":"https:\/\/radioleinewelle.de\/index.php\/2023\/09\/15\/kuenstler-der-woche-nick-cave-warren-ellis-australian-carnage-live-at-the-sydney-opera-house\/"},"wordCount":384,"commentCount":0,"publisher":{"@id":"https:\/\/radioleinewelle.de\/#organization"},"image":{"@id":"https:\/\/radioleinewelle.de\/index.php\/2023\/09\/15\/kuenstler-der-woche-nick-cave-warren-ellis-australian-carnage-live-at-the-sydney-opera-house\/#primaryimage"},"thumbnailUrl":"https:\/\/radioleinewelle.de\/wp-content\/uploads\/2023\/09\/Nick_Cave_Warren_Ellis_Sydney_Opera_House_161222_credit_Daniel_Boud_011-scaled.jpg","keywords":["Nick Cave","Warren Ellis"],"articleSection":["Album der Woche"],"inLanguage":"de","potentialAction":[{"@type":"CommentAction","name":"Comment","target":["https:\/\/radioleinewelle.de\/index.php\/2023\/09\/15\/kuenstler-der-woche-nick-cave-warren-ellis-australian-carnage-live-at-the-sydney-opera-house\/#respond"]}]},{"@type":"WebPage","@id":"https:\/\/radioleinewelle.de\/index.php\/2023\/09\/15\/kuenstler-der-woche-nick-cave-warren-ellis-australian-carnage-live-at-the-sydney-opera-house\/","url":"https:\/\/radioleinewelle.de\/index.php\/2023\/09\/15\/kuenstler-der-woche-nick-cave-warren-ellis-australian-carnage-live-at-the-sydney-opera-house\/","name":"K\u00fcnstler der Woche: Nick Cave & Warren Ellis \"Australian Carnage (Live at The Sydney Opera House)\" - Radio Leinewelle","isPartOf":{"@id":"https:\/\/radioleinewelle.de\/#website"},"primaryImageOfPage":{"@id":"https:\/\/radioleinewelle.de\/index.php\/2023\/09\/15\/kuenstler-der-woche-nick-cave-warren-ellis-australian-carnage-live-at-the-sydney-opera-house\/#primaryimage"},"image":{"@id":"https:\/\/radioleinewelle.de\/index.php\/2023\/09\/15\/kuenstler-der-woche-nick-cave-warren-ellis-australian-carnage-live-at-the-sydney-opera-house\/#primaryimage"},"thumbnailUrl":"https:\/\/radioleinewelle.de\/wp-content\/uploads\/2023\/09\/Nick_Cave_Warren_Ellis_Sydney_Opera_House_161222_credit_Daniel_Boud_011-scaled.jpg","datePublished":"2023-09-15T07:07:18+00:00","dateModified":"2023-09-15T07:07:20+00:00","breadcrumb":{"@id":"https:\/\/radioleinewelle.de\/index.php\/2023\/09\/15\/kuenstler-der-woche-nick-cave-warren-ellis-australian-carnage-live-at-the-sydney-opera-house\/#breadcrumb"},"inLanguage":"de","potentialAction":[{"@type":"ReadAction","target":["https:\/\/radioleinewelle.de\/index.php\/2023\/09\/15\/kuenstler-der-woche-nick-cave-warren-ellis-australian-carnage-live-at-the-sydney-opera-house\/"]}]},{"@type":"ImageObject","inLanguage":"de","@id":"https:\/\/radioleinewelle.de\/index.php\/2023\/09\/15\/kuenstler-der-woche-nick-cave-warren-ellis-australian-carnage-live-at-the-sydney-opera-house\/#primaryimage","url":"https:\/\/radioleinewelle.de\/wp-content\/uploads\/2023\/09\/Nick_Cave_Warren_Ellis_Sydney_Opera_House_161222_credit_Daniel_Boud_011-scaled.jpg","contentUrl":"https:\/\/radioleinewelle.de\/wp-content\/uploads\/2023\/09\/Nick_Cave_Warren_Ellis_Sydney_Opera_House_161222_credit_Daniel_Boud_011-scaled.jpg","width":2560,"height":1708},{"@type":"BreadcrumbList","@id":"https:\/\/radioleinewelle.de\/index.php\/2023\/09\/15\/kuenstler-der-woche-nick-cave-warren-ellis-australian-carnage-live-at-the-sydney-opera-house\/#breadcrumb","itemListElement":[{"@type":"ListItem","position":1,"name":"Startseite","item":"https:\/\/radioleinewelle.de\/"},{"@type":"ListItem","position":2,"name":"K\u00fcnstler der Woche: Nick Cave &#038; Warren Ellis &#8222;Australian Carnage (Live at The Sydney Opera House)&#8220;"}]},{"@type":"WebSite","@id":"https:\/\/radioleinewelle.de\/#website","url":"https:\/\/radioleinewelle.de\/","name":"Radio Leinewelle","description":"","publisher":{"@id":"https:\/\/radioleinewelle.de\/#organization"},"potentialAction":[{"@type":"SearchAction","target":{"@type":"EntryPoint","urlTemplate":"https:\/\/radioleinewelle.de\/?s={search_term_string}"},"query-input":{"@type":"PropertyValueSpecification","valueRequired":true,"valueName":"search_term_string"}}],"inLanguage":"de"},{"@type":"Organization","@id":"https:\/\/radioleinewelle.de\/#organization","name":"Radio Leinewelle","alternateName":"Mein Radio f\u00fcr S\u00fcdniedersachsen","url":"https:\/\/radioleinewelle.de\/","logo":{"@type":"ImageObject","inLanguage":"de","@id":"https:\/\/radioleinewelle.de\/#\/schema\/logo\/image\/","url":"https:\/\/radioleinewelle.de\/wp-content\/uploads\/2023\/11\/cropped-Leinewelle_Logo_weiss.png","contentUrl":"https:\/\/radioleinewelle.de\/wp-content\/uploads\/2023\/11\/cropped-Leinewelle_Logo_weiss.png","width":854,"height":260,"caption":"Radio Leinewelle"},"image":{"@id":"https:\/\/radioleinewelle.de\/#\/schema\/logo\/image\/"},"sameAs":["https:\/\/www.facebook.com\/radioleinewelle","https:\/\/x.com\/RLeinewelle","https:\/\/www.instagram.com\/radioleinewelle\/?hl=de"]},{"@type":"Person","@id":"https:\/\/radioleinewelle.de\/#\/schema\/person\/45606f348637df637192dc1b68399a63","name":"Leinewelle","image":{"@type":"ImageObject","inLanguage":"de","@id":"https:\/\/secure.gravatar.com\/avatar\/05c9a17bc973052ee5d91549bd32fb4dd0dc85b7b85ae94b2e2b4943476bbea5?s=96&d=blank&r=g","url":"https:\/\/secure.gravatar.com\/avatar\/05c9a17bc973052ee5d91549bd32fb4dd0dc85b7b85ae94b2e2b4943476bbea5?s=96&d=blank&r=g","contentUrl":"https:\/\/secure.gravatar.com\/avatar\/05c9a17bc973052ee5d91549bd32fb4dd0dc85b7b85ae94b2e2b4943476bbea5?s=96&d=blank&r=g","caption":"Leinewelle"},"sameAs":["http:\/\/localhost\/radio%20leinewelle\/wordpress","https:\/\/www.facebook.com\/radioleinewelle","https:\/\/www.instagram.com\/radioleinewelle","https:\/\/x.com\/https:\/\/twitter.com\/RLeinewelle?ref_src=twsrcgoogletwcampserptwgrauthor","https:\/\/soundcloud.com\/foerderverein-lokalradio?utm_source=clipboard&utm_medium=text&utm_campaign=social_sharing"],"url":"https:\/\/radioleinewelle.de\/index.php\/author\/leinewelle\/"}]}},"_links":{"self":[{"href":"https:\/\/radioleinewelle.de\/index.php\/wp-json\/wp\/v2\/posts\/23565","targetHints":{"allow":["GET"]}}],"collection":[{"href":"https:\/\/radioleinewelle.de\/index.php\/wp-json\/wp\/v2\/posts"}],"about":[{"href":"https:\/\/radioleinewelle.de\/index.php\/wp-json\/wp\/v2\/types\/post"}],"author":[{"embeddable":true,"href":"https:\/\/radioleinewelle.de\/index.php\/wp-json\/wp\/v2\/users\/1"}],"replies":[{"embeddable":true,"href":"https:\/\/radioleinewelle.de\/index.php\/wp-json\/wp\/v2\/comments?post=23565"}],"version-history":[{"count":4,"href":"https:\/\/radioleinewelle.de\/index.php\/wp-json\/wp\/v2\/posts\/23565\/revisions"}],"predecessor-version":[{"id":23569,"href":"https:\/\/radioleinewelle.de\/index.php\/wp-json\/wp\/v2\/posts\/23565\/revisions\/23569"}],"wp:featuredmedia":[{"embeddable":true,"href":"https:\/\/radioleinewelle.de\/index.php\/wp-json\/wp\/v2\/media\/23570"}],"wp:attachment":[{"href":"https:\/\/radioleinewelle.de\/index.php\/wp-json\/wp\/v2\/media?parent=23565"}],"wp:term":[{"taxonomy":"category","embeddable":true,"href":"https:\/\/radioleinewelle.de\/index.php\/wp-json\/wp\/v2\/categories?post=23565"},{"taxonomy":"post_tag","embeddable":true,"href":"https:\/\/radioleinewelle.de\/index.php\/wp-json\/wp\/v2\/tags?post=23565"}],"curies":[{"name":"wp","href":"https:\/\/api.w.org\/{rel}","templated":true}]}}