{"id":23576,"date":"2023-09-17T12:07:59","date_gmt":"2023-09-17T10:07:59","guid":{"rendered":"https:\/\/radioleinewelle.de\/?p=23576"},"modified":"2023-09-17T12:08:01","modified_gmt":"2023-09-17T10:08:01","slug":"starke-gegenproteste-in-goettingen-herbsterwachen-demo-muss-umkehren","status":"publish","type":"post","link":"https:\/\/radioleinewelle.de\/index.php\/2023\/09\/17\/starke-gegenproteste-in-goettingen-herbsterwachen-demo-muss-umkehren\/","title":{"rendered":"Starke Gegenproteste in G\u00f6ttingen &#8211; Herbsterwachen Demo muss umkehren"},"content":{"rendered":"\n<p>In der G\u00f6ttinger Bunsenstra\u00dfe war endg\u00fcltig Schlu\u00df. Die Querdenker Demo &#8222;Herbsterwachen&#8220;, f\u00fcr die bundesweit mobilisiert wurde, musste aifgrund der starken Gegenproteste von G\u00f6ttinger B\u00fcrger:innen den R\u00fcckweg zum  Bahnhofsvorplatz antreten. Schon vorher hatte eine massive Blockade auf der B\u00fcrgerstra\u00dfe die Querdenker zu einer Routen\u00e4nderung gezwungen. Zwei geplante Autokorsos am sp\u00e4ten Nachmittag fielen ebenfalls aus. Nach Angaben der G\u00f6ttinger Polizei nahmen an der Querdenker Demo ca. 430 Personen teil, an Herbst gegen Rechts 1.500.<\/p>\n\n\n\n<p>Die Gegenproteste wurden von zahlreichen G\u00f6ttinger Institutionen unterst\u00fctzt: neben den Gewerkschaften und politischen Parteien unterst\u00fctzten Kulturprojekte. wie Theater, und das KAZ, sowie Omas gegen Rechts, autonomen Gruppen und die queere Szene &#8222;Herbst gegen Rechts&#8220;. Unterst\u00fctzt von der G\u00f6ttinger Punkrockband &#8222;Schreiblockade&#8220;.<\/p>\n\n\n\n<figure class=\"wp-block-gallery has-nested-images columns-default is-cropped wp-block-gallery-1 is-layout-flex wp-block-gallery-is-layout-flex\">\n<figure class=\"wp-block-image size-large\"><img loading=\"lazy\" decoding=\"async\" width=\"1024\" height=\"768\" data-id=\"23580\" src=\"https:\/\/radioleinewelle.de\/wp-content\/uploads\/2023\/09\/Herbst-gegen-Rechts-2-1024x768.jpg\" alt=\"\" class=\"wp-image-23580\" srcset=\"https:\/\/radioleinewelle.de\/wp-content\/uploads\/2023\/09\/Herbst-gegen-Rechts-2-1024x768.jpg 1024w, https:\/\/radioleinewelle.de\/wp-content\/uploads\/2023\/09\/Herbst-gegen-Rechts-2-300x225.jpg 300w, https:\/\/radioleinewelle.de\/wp-content\/uploads\/2023\/09\/Herbst-gegen-Rechts-2-768x576.jpg 768w, https:\/\/radioleinewelle.de\/wp-content\/uploads\/2023\/09\/Herbst-gegen-Rechts-2-1536x1152.jpg 1536w, https:\/\/radioleinewelle.de\/wp-content\/uploads\/2023\/09\/Herbst-gegen-Rechts-2-200x150.jpg 200w, https:\/\/radioleinewelle.de\/wp-content\/uploads\/2023\/09\/Herbst-gegen-Rechts-2.jpg 2016w\" sizes=\"(max-width: 1024px) 100vw, 1024px\" \/><\/figure>\n\n\n\n<figure class=\"wp-block-image size-large\"><img loading=\"lazy\" decoding=\"async\" width=\"1024\" height=\"768\" data-id=\"23584\" src=\"https:\/\/radioleinewelle.de\/wp-content\/uploads\/2023\/09\/Herbst-gegen-Rechts-3-1024x768.jpg\" alt=\"\" class=\"wp-image-23584\" srcset=\"https:\/\/radioleinewelle.de\/wp-content\/uploads\/2023\/09\/Herbst-gegen-Rechts-3-1024x768.jpg 1024w, https:\/\/radioleinewelle.de\/wp-content\/uploads\/2023\/09\/Herbst-gegen-Rechts-3-300x225.jpg 300w, https:\/\/radioleinewelle.de\/wp-content\/uploads\/2023\/09\/Herbst-gegen-Rechts-3-768x576.jpg 768w, https:\/\/radioleinewelle.de\/wp-content\/uploads\/2023\/09\/Herbst-gegen-Rechts-3-1536x1152.jpg 1536w, https:\/\/radioleinewelle.de\/wp-content\/uploads\/2023\/09\/Herbst-gegen-Rechts-3-200x150.jpg 200w, https:\/\/radioleinewelle.de\/wp-content\/uploads\/2023\/09\/Herbst-gegen-Rechts-3.jpg 2016w\" sizes=\"(max-width: 1024px) 100vw, 1024px\" \/><\/figure>\n\n\n\n<figure class=\"wp-block-image size-large\"><img loading=\"lazy\" decoding=\"async\" width=\"1024\" height=\"768\" data-id=\"23582\" src=\"https:\/\/radioleinewelle.de\/wp-content\/uploads\/2023\/09\/Herbst-gegen-Rechts-4-1024x768.jpg\" alt=\"\" class=\"wp-image-23582\" srcset=\"https:\/\/radioleinewelle.de\/wp-content\/uploads\/2023\/09\/Herbst-gegen-Rechts-4-1024x768.jpg 1024w, https:\/\/radioleinewelle.de\/wp-content\/uploads\/2023\/09\/Herbst-gegen-Rechts-4-300x225.jpg 300w, https:\/\/radioleinewelle.de\/wp-content\/uploads\/2023\/09\/Herbst-gegen-Rechts-4-768x576.jpg 768w, https:\/\/radioleinewelle.de\/wp-content\/uploads\/2023\/09\/Herbst-gegen-Rechts-4-1536x1152.jpg 1536w, https:\/\/radioleinewelle.de\/wp-content\/uploads\/2023\/09\/Herbst-gegen-Rechts-4-200x150.jpg 200w, https:\/\/radioleinewelle.de\/wp-content\/uploads\/2023\/09\/Herbst-gegen-Rechts-4.jpg 2016w\" sizes=\"(max-width: 1024px) 100vw, 1024px\" \/><\/figure>\n\n\n\n<figure class=\"wp-block-image size-large\"><img loading=\"lazy\" decoding=\"async\" width=\"1024\" height=\"718\" data-id=\"23581\" src=\"https:\/\/radioleinewelle.de\/wp-content\/uploads\/2023\/09\/Herbst-gegen-Rechts-7-1024x718.jpg\" alt=\"\" class=\"wp-image-23581\" srcset=\"https:\/\/radioleinewelle.de\/wp-content\/uploads\/2023\/09\/Herbst-gegen-Rechts-7-1024x718.jpg 1024w, https:\/\/radioleinewelle.de\/wp-content\/uploads\/2023\/09\/Herbst-gegen-Rechts-7-300x210.jpg 300w, https:\/\/radioleinewelle.de\/wp-content\/uploads\/2023\/09\/Herbst-gegen-Rechts-7-768x539.jpg 768w, https:\/\/radioleinewelle.de\/wp-content\/uploads\/2023\/09\/Herbst-gegen-Rechts-7-1536x1077.jpg 1536w, https:\/\/radioleinewelle.de\/wp-content\/uploads\/2023\/09\/Herbst-gegen-Rechts-7-200x140.jpg 200w, https:\/\/radioleinewelle.de\/wp-content\/uploads\/2023\/09\/Herbst-gegen-Rechts-7.jpg 1718w\" sizes=\"(max-width: 1024px) 100vw, 1024px\" \/><\/figure>\n\n\n\n<figure class=\"wp-block-image size-large\"><img loading=\"lazy\" decoding=\"async\" width=\"1024\" height=\"855\" data-id=\"23579\" src=\"https:\/\/radioleinewelle.de\/wp-content\/uploads\/2023\/09\/Herbst-gegen-Rechts-6-1024x855.jpg\" alt=\"\" class=\"wp-image-23579\" srcset=\"https:\/\/radioleinewelle.de\/wp-content\/uploads\/2023\/09\/Herbst-gegen-Rechts-6-1024x855.jpg 1024w, https:\/\/radioleinewelle.de\/wp-content\/uploads\/2023\/09\/Herbst-gegen-Rechts-6-300x251.jpg 300w, https:\/\/radioleinewelle.de\/wp-content\/uploads\/2023\/09\/Herbst-gegen-Rechts-6-768x641.jpg 768w, https:\/\/radioleinewelle.de\/wp-content\/uploads\/2023\/09\/Herbst-gegen-Rechts-6-200x167.jpg 200w, https:\/\/radioleinewelle.de\/wp-content\/uploads\/2023\/09\/Herbst-gegen-Rechts-6.jpg 1280w\" sizes=\"(max-width: 1024px) 100vw, 1024px\" \/><\/figure>\n\n\n\n<figure class=\"wp-block-image size-large\"><img loading=\"lazy\" decoding=\"async\" width=\"1024\" height=\"768\" data-id=\"23583\" src=\"https:\/\/radioleinewelle.de\/wp-content\/uploads\/2023\/09\/IMG_5251-1024x768.jpg\" alt=\"\" class=\"wp-image-23583\" srcset=\"https:\/\/radioleinewelle.de\/wp-content\/uploads\/2023\/09\/IMG_5251-1024x768.jpg 1024w, https:\/\/radioleinewelle.de\/wp-content\/uploads\/2023\/09\/IMG_5251-300x225.jpg 300w, https:\/\/radioleinewelle.de\/wp-content\/uploads\/2023\/09\/IMG_5251-768x576.jpg 768w, https:\/\/radioleinewelle.de\/wp-content\/uploads\/2023\/09\/IMG_5251-1536x1152.jpg 1536w, https:\/\/radioleinewelle.de\/wp-content\/uploads\/2023\/09\/IMG_5251-200x150.jpg 200w, https:\/\/radioleinewelle.de\/wp-content\/uploads\/2023\/09\/IMG_5251.jpg 2016w\" sizes=\"(max-width: 1024px) 100vw, 1024px\" \/><\/figure>\n\n\n\n<figure class=\"wp-block-image size-large\"><img loading=\"lazy\" decoding=\"async\" width=\"1024\" height=\"380\" data-id=\"23578\" src=\"https:\/\/radioleinewelle.de\/wp-content\/uploads\/2023\/09\/Herbst-gegen-Rechts-5-1024x380.jpg\" alt=\"\" class=\"wp-image-23578\" srcset=\"https:\/\/radioleinewelle.de\/wp-content\/uploads\/2023\/09\/Herbst-gegen-Rechts-5-1024x380.jpg 1024w, https:\/\/radioleinewelle.de\/wp-content\/uploads\/2023\/09\/Herbst-gegen-Rechts-5-300x111.jpg 300w, https:\/\/radioleinewelle.de\/wp-content\/uploads\/2023\/09\/Herbst-gegen-Rechts-5-768x285.jpg 768w, https:\/\/radioleinewelle.de\/wp-content\/uploads\/2023\/09\/Herbst-gegen-Rechts-5-200x74.jpg 200w, https:\/\/radioleinewelle.de\/wp-content\/uploads\/2023\/09\/Herbst-gegen-Rechts-5.jpg 1280w\" sizes=\"(max-width: 1024px) 100vw, 1024px\" \/><\/figure>\n<\/figure>\n\n\n\n<p><\/p>\n\n\n\n<p><strong>Reden auf der Kundgebung &#8222;Herbst gegen Rechts&#8220;<\/strong><\/p>\n\n\n\n<figure class=\"wp-block-audio\"><audio controls src=\"https:\/\/radioleinewelle.de\/wp-content\/uploads\/2023\/09\/Michael-Luehmann-Herbst-gegen-Rechts.mp3\"><\/audio><figcaption class=\"wp-element-caption\">Michael L\u00fchmann, MdL Gr\u00fcne<\/figcaption><\/figure>\n\n\n\n<figure class=\"wp-block-audio\"><audio controls src=\"https:\/\/radioleinewelle.de\/wp-content\/uploads\/2023\/09\/Agnieszka-Ziemowska.mp3\"><\/audio><figcaption class=\"wp-element-caption\">Agnieszka Zimowska, DGB<\/figcaption><\/figure>\n\n\n\n<p>Mehr Bilder und aktuelle Infos gibt es auf Twitter (X) unter #g\u00f61609, Videos vom Tag auf Facebook bei <a href=\"https:\/\/www.facebook.com\/Gustavounterwegs\/?locale=de_DE\">Gustavo unterwegs<\/a><\/p>\n\n\n\n<p>Mehr Infos zu den Hintergr\u00fcnden der &#8222;Herbsterwachen&#8220; Demo finden sich <strong><a href=\"http:\/\/herbstgegenrechts.de\">hier<\/a><\/strong><\/p>\n\n\n\n<p><strong>Fotos:<\/strong> \u00a9Radio Leinewelle <em>Ulf Engelmayer<\/em><\/p>\n","protected":false},"excerpt":{"rendered":"<p>In der G\u00f6ttinger Bunsenstra\u00dfe war endg\u00fcltig Schlu\u00df. Die Querdenker Demo &#8222;Herbsterwachen&#8220;, f\u00fcr die bundesweit mobilisiert wurde, musste aifgrund der starken Gegenproteste von G\u00f6ttinger B\u00fcrger:innen den R\u00fcckweg zum Bahnhofsvorplatz antreten. Schon vorher hatte eine massive Blockade auf der B\u00fcrgerstra\u00dfe die Querdenker zu einer Routen\u00e4nderung gezwungen. Zwei geplante Autokorsos am sp\u00e4ten Nachmittag fielen ebenfalls aus. Nach Angaben [&hellip;]<\/p>\n","protected":false},"author":1,"featured_media":23586,"comment_status":"open","ping_status":"open","sticky":true,"template":"","format":"standard","meta":{"saved_in_kubio":false,"footnotes":""},"categories":[53],"tags":[4042],"class_list":["post-23576","post","type-post","status-publish","format-standard","has-post-thumbnail","hentry","category-gesellschaft","tag-herbst-gegen-rechts"],"yoast_head":"<!-- This site is optimized with the Yoast SEO plugin v27.5 - https:\/\/yoast.com\/product\/yoast-seo-wordpress\/ -->\n<title>Starke Gegenproteste in G\u00f6ttingen - Herbsterwachen Demo muss umkehren - Radio Leinewelle<\/title>\n<meta name=\"robots\" content=\"index, follow, max-snippet:-1, max-image-preview:large, max-video-preview:-1\" \/>\n<link rel=\"canonical\" href=\"https:\/\/radioleinewelle.de\/index.php\/2023\/09\/17\/starke-gegenproteste-in-goettingen-herbsterwachen-demo-muss-umkehren\/\" \/>\n<meta property=\"og:locale\" content=\"de_DE\" \/>\n<meta property=\"og:type\" content=\"article\" \/>\n<meta property=\"og:title\" content=\"Starke Gegenproteste in G\u00f6ttingen - Herbsterwachen Demo muss umkehren - Radio Leinewelle\" \/>\n<meta property=\"og:description\" content=\"In der G\u00f6ttinger Bunsenstra\u00dfe war endg\u00fcltig Schlu\u00df. Die Querdenker Demo &#8222;Herbsterwachen&#8220;, f\u00fcr die bundesweit mobilisiert wurde, musste aifgrund der starken Gegenproteste von G\u00f6ttinger B\u00fcrger:innen den R\u00fcckweg zum Bahnhofsvorplatz antreten. Schon vorher hatte eine massive Blockade auf der B\u00fcrgerstra\u00dfe die Querdenker zu einer Routen\u00e4nderung gezwungen. Zwei geplante Autokorsos am sp\u00e4ten Nachmittag fielen ebenfalls aus. Nach Angaben [&hellip;]\" \/>\n<meta property=\"og:url\" content=\"https:\/\/radioleinewelle.de\/index.php\/2023\/09\/17\/starke-gegenproteste-in-goettingen-herbsterwachen-demo-muss-umkehren\/\" \/>\n<meta property=\"og:site_name\" content=\"Radio Leinewelle\" \/>\n<meta property=\"article:publisher\" content=\"https:\/\/www.facebook.com\/radioleinewelle\" \/>\n<meta property=\"article:author\" content=\"https:\/\/www.facebook.com\/radioleinewelle\" \/>\n<meta property=\"article:published_time\" content=\"2023-09-17T10:07:59+00:00\" \/>\n<meta property=\"article:modified_time\" content=\"2023-09-17T10:08:01+00:00\" \/>\n<meta property=\"og:image\" content=\"https:\/\/radioleinewelle.de\/wp-content\/uploads\/2023\/09\/Herbst-gegen-Rechts-Titel.jpg\" \/>\n\t<meta property=\"og:image:width\" content=\"1280\" \/>\n\t<meta property=\"og:image:height\" content=\"1227\" \/>\n\t<meta property=\"og:image:type\" content=\"image\/jpeg\" \/>\n<meta name=\"author\" content=\"Leinewelle\" \/>\n<meta name=\"twitter:card\" content=\"summary_large_image\" \/>\n<meta name=\"twitter:creator\" content=\"@https:\/\/twitter.com\/RLeinewelle?ref_src=twsrcgoogletwcampserptwgrauthor\" \/>\n<meta name=\"twitter:site\" content=\"@RLeinewelle\" \/>\n<meta name=\"twitter:label1\" content=\"Verfasst von\" \/>\n\t<meta name=\"twitter:data1\" content=\"Leinewelle\" \/>\n\t<meta name=\"twitter:label2\" content=\"Gesch\u00e4tzte Lesezeit\" \/>\n\t<meta name=\"twitter:data2\" content=\"3\u00a0Minuten\" \/>\n<script type=\"application\/ld+json\" class=\"yoast-schema-graph\">{\"@context\":\"https:\\\/\\\/schema.org\",\"@graph\":[{\"@type\":\"Article\",\"@id\":\"https:\\\/\\\/radioleinewelle.de\\\/index.php\\\/2023\\\/09\\\/17\\\/starke-gegenproteste-in-goettingen-herbsterwachen-demo-muss-umkehren\\\/#article\",\"isPartOf\":{\"@id\":\"https:\\\/\\\/radioleinewelle.de\\\/index.php\\\/2023\\\/09\\\/17\\\/starke-gegenproteste-in-goettingen-herbsterwachen-demo-muss-umkehren\\\/\"},\"author\":{\"name\":\"Leinewelle\",\"@id\":\"https:\\\/\\\/radioleinewelle.de\\\/#\\\/schema\\\/person\\\/45606f348637df637192dc1b68399a63\"},\"headline\":\"Starke Gegenproteste in G\u00f6ttingen &#8211; Herbsterwachen Demo muss umkehren\",\"datePublished\":\"2023-09-17T10:07:59+00:00\",\"dateModified\":\"2023-09-17T10:08:01+00:00\",\"mainEntityOfPage\":{\"@id\":\"https:\\\/\\\/radioleinewelle.de\\\/index.php\\\/2023\\\/09\\\/17\\\/starke-gegenproteste-in-goettingen-herbsterwachen-demo-muss-umkehren\\\/\"},\"wordCount\":191,\"commentCount\":0,\"publisher\":{\"@id\":\"https:\\\/\\\/radioleinewelle.de\\\/#organization\"},\"image\":{\"@id\":\"https:\\\/\\\/radioleinewelle.de\\\/index.php\\\/2023\\\/09\\\/17\\\/starke-gegenproteste-in-goettingen-herbsterwachen-demo-muss-umkehren\\\/#primaryimage\"},\"thumbnailUrl\":\"https:\\\/\\\/radioleinewelle.de\\\/wp-content\\\/uploads\\\/2023\\\/09\\\/Herbst-gegen-Rechts-Titel.jpg\",\"keywords\":[\"Herbst gegen Rechts\"],\"articleSection\":[\"Gesellschaft\"],\"inLanguage\":\"de\",\"potentialAction\":[{\"@type\":\"CommentAction\",\"name\":\"Comment\",\"target\":[\"https:\\\/\\\/radioleinewelle.de\\\/index.php\\\/2023\\\/09\\\/17\\\/starke-gegenproteste-in-goettingen-herbsterwachen-demo-muss-umkehren\\\/#respond\"]}]},{\"@type\":\"WebPage\",\"@id\":\"https:\\\/\\\/radioleinewelle.de\\\/index.php\\\/2023\\\/09\\\/17\\\/starke-gegenproteste-in-goettingen-herbsterwachen-demo-muss-umkehren\\\/\",\"url\":\"https:\\\/\\\/radioleinewelle.de\\\/index.php\\\/2023\\\/09\\\/17\\\/starke-gegenproteste-in-goettingen-herbsterwachen-demo-muss-umkehren\\\/\",\"name\":\"Starke Gegenproteste in G\u00f6ttingen - Herbsterwachen Demo muss umkehren - Radio Leinewelle\",\"isPartOf\":{\"@id\":\"https:\\\/\\\/radioleinewelle.de\\\/#website\"},\"primaryImageOfPage\":{\"@id\":\"https:\\\/\\\/radioleinewelle.de\\\/index.php\\\/2023\\\/09\\\/17\\\/starke-gegenproteste-in-goettingen-herbsterwachen-demo-muss-umkehren\\\/#primaryimage\"},\"image\":{\"@id\":\"https:\\\/\\\/radioleinewelle.de\\\/index.php\\\/2023\\\/09\\\/17\\\/starke-gegenproteste-in-goettingen-herbsterwachen-demo-muss-umkehren\\\/#primaryimage\"},\"thumbnailUrl\":\"https:\\\/\\\/radioleinewelle.de\\\/wp-content\\\/uploads\\\/2023\\\/09\\\/Herbst-gegen-Rechts-Titel.jpg\",\"datePublished\":\"2023-09-17T10:07:59+00:00\",\"dateModified\":\"2023-09-17T10:08:01+00:00\",\"breadcrumb\":{\"@id\":\"https:\\\/\\\/radioleinewelle.de\\\/index.php\\\/2023\\\/09\\\/17\\\/starke-gegenproteste-in-goettingen-herbsterwachen-demo-muss-umkehren\\\/#breadcrumb\"},\"inLanguage\":\"de\",\"potentialAction\":[{\"@type\":\"ReadAction\",\"target\":[\"https:\\\/\\\/radioleinewelle.de\\\/index.php\\\/2023\\\/09\\\/17\\\/starke-gegenproteste-in-goettingen-herbsterwachen-demo-muss-umkehren\\\/\"]}]},{\"@type\":\"ImageObject\",\"inLanguage\":\"de\",\"@id\":\"https:\\\/\\\/radioleinewelle.de\\\/index.php\\\/2023\\\/09\\\/17\\\/starke-gegenproteste-in-goettingen-herbsterwachen-demo-muss-umkehren\\\/#primaryimage\",\"url\":\"https:\\\/\\\/radioleinewelle.de\\\/wp-content\\\/uploads\\\/2023\\\/09\\\/Herbst-gegen-Rechts-Titel.jpg\",\"contentUrl\":\"https:\\\/\\\/radioleinewelle.de\\\/wp-content\\\/uploads\\\/2023\\\/09\\\/Herbst-gegen-Rechts-Titel.jpg\",\"width\":1280,\"height\":1227},{\"@type\":\"BreadcrumbList\",\"@id\":\"https:\\\/\\\/radioleinewelle.de\\\/index.php\\\/2023\\\/09\\\/17\\\/starke-gegenproteste-in-goettingen-herbsterwachen-demo-muss-umkehren\\\/#breadcrumb\",\"itemListElement\":[{\"@type\":\"ListItem\",\"position\":1,\"name\":\"Startseite\",\"item\":\"https:\\\/\\\/radioleinewelle.de\\\/\"},{\"@type\":\"ListItem\",\"position\":2,\"name\":\"Starke Gegenproteste in G\u00f6ttingen &#8211; Herbsterwachen Demo muss umkehren\"}]},{\"@type\":\"WebSite\",\"@id\":\"https:\\\/\\\/radioleinewelle.de\\\/#website\",\"url\":\"https:\\\/\\\/radioleinewelle.de\\\/\",\"name\":\"Radio Leinewelle\",\"description\":\"\",\"publisher\":{\"@id\":\"https:\\\/\\\/radioleinewelle.de\\\/#organization\"},\"potentialAction\":[{\"@type\":\"SearchAction\",\"target\":{\"@type\":\"EntryPoint\",\"urlTemplate\":\"https:\\\/\\\/radioleinewelle.de\\\/?s={search_term_string}\"},\"query-input\":{\"@type\":\"PropertyValueSpecification\",\"valueRequired\":true,\"valueName\":\"search_term_string\"}}],\"inLanguage\":\"de\"},{\"@type\":\"Organization\",\"@id\":\"https:\\\/\\\/radioleinewelle.de\\\/#organization\",\"name\":\"Radio Leinewelle\",\"alternateName\":\"Mein Radio f\u00fcr S\u00fcdniedersachsen\",\"url\":\"https:\\\/\\\/radioleinewelle.de\\\/\",\"logo\":{\"@type\":\"ImageObject\",\"inLanguage\":\"de\",\"@id\":\"https:\\\/\\\/radioleinewelle.de\\\/#\\\/schema\\\/logo\\\/image\\\/\",\"url\":\"https:\\\/\\\/radioleinewelle.de\\\/wp-content\\\/uploads\\\/2023\\\/11\\\/cropped-Leinewelle_Logo_weiss.png\",\"contentUrl\":\"https:\\\/\\\/radioleinewelle.de\\\/wp-content\\\/uploads\\\/2023\\\/11\\\/cropped-Leinewelle_Logo_weiss.png\",\"width\":854,\"height\":260,\"caption\":\"Radio Leinewelle\"},\"image\":{\"@id\":\"https:\\\/\\\/radioleinewelle.de\\\/#\\\/schema\\\/logo\\\/image\\\/\"},\"sameAs\":[\"https:\\\/\\\/www.facebook.com\\\/radioleinewelle\",\"https:\\\/\\\/x.com\\\/RLeinewelle\",\"https:\\\/\\\/www.instagram.com\\\/radioleinewelle\\\/?hl=de\"]},{\"@type\":\"Person\",\"@id\":\"https:\\\/\\\/radioleinewelle.de\\\/#\\\/schema\\\/person\\\/45606f348637df637192dc1b68399a63\",\"name\":\"Leinewelle\",\"image\":{\"@type\":\"ImageObject\",\"inLanguage\":\"de\",\"@id\":\"https:\\\/\\\/secure.gravatar.com\\\/avatar\\\/05c9a17bc973052ee5d91549bd32fb4dd0dc85b7b85ae94b2e2b4943476bbea5?s=96&d=blank&r=g\",\"url\":\"https:\\\/\\\/secure.gravatar.com\\\/avatar\\\/05c9a17bc973052ee5d91549bd32fb4dd0dc85b7b85ae94b2e2b4943476bbea5?s=96&d=blank&r=g\",\"contentUrl\":\"https:\\\/\\\/secure.gravatar.com\\\/avatar\\\/05c9a17bc973052ee5d91549bd32fb4dd0dc85b7b85ae94b2e2b4943476bbea5?s=96&d=blank&r=g\",\"caption\":\"Leinewelle\"},\"sameAs\":[\"http:\\\/\\\/localhost\\\/radio%20leinewelle\\\/wordpress\",\"https:\\\/\\\/www.facebook.com\\\/radioleinewelle\",\"https:\\\/\\\/www.instagram.com\\\/radioleinewelle\",\"https:\\\/\\\/x.com\\\/https:\\\/\\\/twitter.com\\\/RLeinewelle?ref_src=twsrcgoogletwcampserptwgrauthor\",\"https:\\\/\\\/soundcloud.com\\\/foerderverein-lokalradio?utm_source=clipboard&utm_medium=text&utm_campaign=social_sharing\"],\"url\":\"https:\\\/\\\/radioleinewelle.de\\\/index.php\\\/author\\\/leinewelle\\\/\"}]}<\/script>\n<!-- \/ Yoast SEO plugin. -->","yoast_head_json":{"title":"Starke Gegenproteste in G\u00f6ttingen - Herbsterwachen Demo muss umkehren - Radio Leinewelle","robots":{"index":"index","follow":"follow","max-snippet":"max-snippet:-1","max-image-preview":"max-image-preview:large","max-video-preview":"max-video-preview:-1"},"canonical":"https:\/\/radioleinewelle.de\/index.php\/2023\/09\/17\/starke-gegenproteste-in-goettingen-herbsterwachen-demo-muss-umkehren\/","og_locale":"de_DE","og_type":"article","og_title":"Starke Gegenproteste in G\u00f6ttingen - Herbsterwachen Demo muss umkehren - Radio Leinewelle","og_description":"In der G\u00f6ttinger Bunsenstra\u00dfe war endg\u00fcltig Schlu\u00df. Die Querdenker Demo &#8222;Herbsterwachen&#8220;, f\u00fcr die bundesweit mobilisiert wurde, musste aifgrund der starken Gegenproteste von G\u00f6ttinger B\u00fcrger:innen den R\u00fcckweg zum Bahnhofsvorplatz antreten. Schon vorher hatte eine massive Blockade auf der B\u00fcrgerstra\u00dfe die Querdenker zu einer Routen\u00e4nderung gezwungen. Zwei geplante Autokorsos am sp\u00e4ten Nachmittag fielen ebenfalls aus. Nach Angaben [&hellip;]","og_url":"https:\/\/radioleinewelle.de\/index.php\/2023\/09\/17\/starke-gegenproteste-in-goettingen-herbsterwachen-demo-muss-umkehren\/","og_site_name":"Radio Leinewelle","article_publisher":"https:\/\/www.facebook.com\/radioleinewelle","article_author":"https:\/\/www.facebook.com\/radioleinewelle","article_published_time":"2023-09-17T10:07:59+00:00","article_modified_time":"2023-09-17T10:08:01+00:00","og_image":[{"width":1280,"height":1227,"url":"https:\/\/radioleinewelle.de\/wp-content\/uploads\/2023\/09\/Herbst-gegen-Rechts-Titel.jpg","type":"image\/jpeg"}],"author":"Leinewelle","twitter_card":"summary_large_image","twitter_creator":"@https:\/\/twitter.com\/RLeinewelle?ref_src=twsrcgoogletwcampserptwgrauthor","twitter_site":"@RLeinewelle","twitter_misc":{"Verfasst von":"Leinewelle","Gesch\u00e4tzte Lesezeit":"3\u00a0Minuten"},"schema":{"@context":"https:\/\/schema.org","@graph":[{"@type":"Article","@id":"https:\/\/radioleinewelle.de\/index.php\/2023\/09\/17\/starke-gegenproteste-in-goettingen-herbsterwachen-demo-muss-umkehren\/#article","isPartOf":{"@id":"https:\/\/radioleinewelle.de\/index.php\/2023\/09\/17\/starke-gegenproteste-in-goettingen-herbsterwachen-demo-muss-umkehren\/"},"author":{"name":"Leinewelle","@id":"https:\/\/radioleinewelle.de\/#\/schema\/person\/45606f348637df637192dc1b68399a63"},"headline":"Starke Gegenproteste in G\u00f6ttingen &#8211; Herbsterwachen Demo muss umkehren","datePublished":"2023-09-17T10:07:59+00:00","dateModified":"2023-09-17T10:08:01+00:00","mainEntityOfPage":{"@id":"https:\/\/radioleinewelle.de\/index.php\/2023\/09\/17\/starke-gegenproteste-in-goettingen-herbsterwachen-demo-muss-umkehren\/"},"wordCount":191,"commentCount":0,"publisher":{"@id":"https:\/\/radioleinewelle.de\/#organization"},"image":{"@id":"https:\/\/radioleinewelle.de\/index.php\/2023\/09\/17\/starke-gegenproteste-in-goettingen-herbsterwachen-demo-muss-umkehren\/#primaryimage"},"thumbnailUrl":"https:\/\/radioleinewelle.de\/wp-content\/uploads\/2023\/09\/Herbst-gegen-Rechts-Titel.jpg","keywords":["Herbst gegen Rechts"],"articleSection":["Gesellschaft"],"inLanguage":"de","potentialAction":[{"@type":"CommentAction","name":"Comment","target":["https:\/\/radioleinewelle.de\/index.php\/2023\/09\/17\/starke-gegenproteste-in-goettingen-herbsterwachen-demo-muss-umkehren\/#respond"]}]},{"@type":"WebPage","@id":"https:\/\/radioleinewelle.de\/index.php\/2023\/09\/17\/starke-gegenproteste-in-goettingen-herbsterwachen-demo-muss-umkehren\/","url":"https:\/\/radioleinewelle.de\/index.php\/2023\/09\/17\/starke-gegenproteste-in-goettingen-herbsterwachen-demo-muss-umkehren\/","name":"Starke Gegenproteste in G\u00f6ttingen - Herbsterwachen Demo muss umkehren - Radio Leinewelle","isPartOf":{"@id":"https:\/\/radioleinewelle.de\/#website"},"primaryImageOfPage":{"@id":"https:\/\/radioleinewelle.de\/index.php\/2023\/09\/17\/starke-gegenproteste-in-goettingen-herbsterwachen-demo-muss-umkehren\/#primaryimage"},"image":{"@id":"https:\/\/radioleinewelle.de\/index.php\/2023\/09\/17\/starke-gegenproteste-in-goettingen-herbsterwachen-demo-muss-umkehren\/#primaryimage"},"thumbnailUrl":"https:\/\/radioleinewelle.de\/wp-content\/uploads\/2023\/09\/Herbst-gegen-Rechts-Titel.jpg","datePublished":"2023-09-17T10:07:59+00:00","dateModified":"2023-09-17T10:08:01+00:00","breadcrumb":{"@id":"https:\/\/radioleinewelle.de\/index.php\/2023\/09\/17\/starke-gegenproteste-in-goettingen-herbsterwachen-demo-muss-umkehren\/#breadcrumb"},"inLanguage":"de","potentialAction":[{"@type":"ReadAction","target":["https:\/\/radioleinewelle.de\/index.php\/2023\/09\/17\/starke-gegenproteste-in-goettingen-herbsterwachen-demo-muss-umkehren\/"]}]},{"@type":"ImageObject","inLanguage":"de","@id":"https:\/\/radioleinewelle.de\/index.php\/2023\/09\/17\/starke-gegenproteste-in-goettingen-herbsterwachen-demo-muss-umkehren\/#primaryimage","url":"https:\/\/radioleinewelle.de\/wp-content\/uploads\/2023\/09\/Herbst-gegen-Rechts-Titel.jpg","contentUrl":"https:\/\/radioleinewelle.de\/wp-content\/uploads\/2023\/09\/Herbst-gegen-Rechts-Titel.jpg","width":1280,"height":1227},{"@type":"BreadcrumbList","@id":"https:\/\/radioleinewelle.de\/index.php\/2023\/09\/17\/starke-gegenproteste-in-goettingen-herbsterwachen-demo-muss-umkehren\/#breadcrumb","itemListElement":[{"@type":"ListItem","position":1,"name":"Startseite","item":"https:\/\/radioleinewelle.de\/"},{"@type":"ListItem","position":2,"name":"Starke Gegenproteste in G\u00f6ttingen &#8211; Herbsterwachen Demo muss umkehren"}]},{"@type":"WebSite","@id":"https:\/\/radioleinewelle.de\/#website","url":"https:\/\/radioleinewelle.de\/","name":"Radio Leinewelle","description":"","publisher":{"@id":"https:\/\/radioleinewelle.de\/#organization"},"potentialAction":[{"@type":"SearchAction","target":{"@type":"EntryPoint","urlTemplate":"https:\/\/radioleinewelle.de\/?s={search_term_string}"},"query-input":{"@type":"PropertyValueSpecification","valueRequired":true,"valueName":"search_term_string"}}],"inLanguage":"de"},{"@type":"Organization","@id":"https:\/\/radioleinewelle.de\/#organization","name":"Radio Leinewelle","alternateName":"Mein Radio f\u00fcr S\u00fcdniedersachsen","url":"https:\/\/radioleinewelle.de\/","logo":{"@type":"ImageObject","inLanguage":"de","@id":"https:\/\/radioleinewelle.de\/#\/schema\/logo\/image\/","url":"https:\/\/radioleinewelle.de\/wp-content\/uploads\/2023\/11\/cropped-Leinewelle_Logo_weiss.png","contentUrl":"https:\/\/radioleinewelle.de\/wp-content\/uploads\/2023\/11\/cropped-Leinewelle_Logo_weiss.png","width":854,"height":260,"caption":"Radio Leinewelle"},"image":{"@id":"https:\/\/radioleinewelle.de\/#\/schema\/logo\/image\/"},"sameAs":["https:\/\/www.facebook.com\/radioleinewelle","https:\/\/x.com\/RLeinewelle","https:\/\/www.instagram.com\/radioleinewelle\/?hl=de"]},{"@type":"Person","@id":"https:\/\/radioleinewelle.de\/#\/schema\/person\/45606f348637df637192dc1b68399a63","name":"Leinewelle","image":{"@type":"ImageObject","inLanguage":"de","@id":"https:\/\/secure.gravatar.com\/avatar\/05c9a17bc973052ee5d91549bd32fb4dd0dc85b7b85ae94b2e2b4943476bbea5?s=96&d=blank&r=g","url":"https:\/\/secure.gravatar.com\/avatar\/05c9a17bc973052ee5d91549bd32fb4dd0dc85b7b85ae94b2e2b4943476bbea5?s=96&d=blank&r=g","contentUrl":"https:\/\/secure.gravatar.com\/avatar\/05c9a17bc973052ee5d91549bd32fb4dd0dc85b7b85ae94b2e2b4943476bbea5?s=96&d=blank&r=g","caption":"Leinewelle"},"sameAs":["http:\/\/localhost\/radio%20leinewelle\/wordpress","https:\/\/www.facebook.com\/radioleinewelle","https:\/\/www.instagram.com\/radioleinewelle","https:\/\/x.com\/https:\/\/twitter.com\/RLeinewelle?ref_src=twsrcgoogletwcampserptwgrauthor","https:\/\/soundcloud.com\/foerderverein-lokalradio?utm_source=clipboard&utm_medium=text&utm_campaign=social_sharing"],"url":"https:\/\/radioleinewelle.de\/index.php\/author\/leinewelle\/"}]}},"_links":{"self":[{"href":"https:\/\/radioleinewelle.de\/index.php\/wp-json\/wp\/v2\/posts\/23576","targetHints":{"allow":["GET"]}}],"collection":[{"href":"https:\/\/radioleinewelle.de\/index.php\/wp-json\/wp\/v2\/posts"}],"about":[{"href":"https:\/\/radioleinewelle.de\/index.php\/wp-json\/wp\/v2\/types\/post"}],"author":[{"embeddable":true,"href":"https:\/\/radioleinewelle.de\/index.php\/wp-json\/wp\/v2\/users\/1"}],"replies":[{"embeddable":true,"href":"https:\/\/radioleinewelle.de\/index.php\/wp-json\/wp\/v2\/comments?post=23576"}],"version-history":[{"count":7,"href":"https:\/\/radioleinewelle.de\/index.php\/wp-json\/wp\/v2\/posts\/23576\/revisions"}],"predecessor-version":[{"id":23593,"href":"https:\/\/radioleinewelle.de\/index.php\/wp-json\/wp\/v2\/posts\/23576\/revisions\/23593"}],"wp:featuredmedia":[{"embeddable":true,"href":"https:\/\/radioleinewelle.de\/index.php\/wp-json\/wp\/v2\/media\/23586"}],"wp:attachment":[{"href":"https:\/\/radioleinewelle.de\/index.php\/wp-json\/wp\/v2\/media?parent=23576"}],"wp:term":[{"taxonomy":"category","embeddable":true,"href":"https:\/\/radioleinewelle.de\/index.php\/wp-json\/wp\/v2\/categories?post=23576"},{"taxonomy":"post_tag","embeddable":true,"href":"https:\/\/radioleinewelle.de\/index.php\/wp-json\/wp\/v2\/tags?post=23576"}],"curies":[{"name":"wp","href":"https:\/\/api.w.org\/{rel}","templated":true}]}}