{"id":23596,"date":"2023-09-18T07:51:27","date_gmt":"2023-09-18T05:51:27","guid":{"rendered":"https:\/\/radioleinewelle.de\/?p=23596"},"modified":"2023-09-18T07:55:11","modified_gmt":"2023-09-18T05:55:11","slug":"woche-der-wiederbelebung-in-goettingen-wenn-es-um-minuten-geht","status":"publish","type":"post","link":"https:\/\/radioleinewelle.de\/index.php\/2023\/09\/18\/woche-der-wiederbelebung-in-goettingen-wenn-es-um-minuten-geht\/","title":{"rendered":"Woche der Wiederbelebung in G\u00f6ttingen &#8211; wenn es um Minuten geht"},"content":{"rendered":"\n<p>Die Woche der Wiederbelebung findet bundesweit von Montag, 18. September 2023, bis Freitag, 22. September 2023, statt. Aus diesem Anlass haben sich das Deutsche Rote Kreuz (DRK) G\u00f6ttingen, das DRK Osterode, der Arbeiter-Samariter-Bund (ASB) Northeim-Osterode, die Berufsfeuerwehr G\u00f6ttingen sowie die Klinik f\u00fcr An\u00e4sthesiologie und das Herzzentrum G\u00f6ttingen der Universit\u00e4tsmedizin zu einer konzertierten Aktion zusammengeschlossen. Sie werden in Stadt und Landkreis G\u00f6ttingen verschiedene Angebote bieten, bei denen Sch\u00fclerinnen und Sch\u00fcler an zahlreichen Schulen sowie Laien in Erste-Hilfe-Ma\u00dfnahmen unterwiesen werden. Ziel ist es, die Teilnehmenden darin zu bef\u00e4higen, in den entscheidenden ersten Minuten eines Herz-Kreislaufstillstands richtig zu handeln und zu helfen.\u00a0<\/p>\n\n\n\n<p>Die Aktionswoche hat einen ernsten Hintergrund: Mindestens 60.000 Menschen in Deutschland erleiden jedes Jahr einen pl\u00f6tzlichen Herz-Kreislaufstillstand au\u00dferhalb des Krankenhauses. Bereits nach drei bis f\u00fcnf Minuten entstehen die ersten irreversiblen Sch\u00e4digungen im Gehirn, wenn keine Wiederbelebungsma\u00dfnahmen ergriffen werden. Daher \u00fcberleben nur etwa elf Prozent der Betroffenen, sodass sie wieder ein selbstbestimmtes Leben f\u00fchren k\u00f6nnen. W\u00fcrden mehr Menschen unverz\u00fcglich mit Wiederbelebungsma\u00dfnahmen beginnen, k\u00f6nnte die \u00dcberlebensrate verdreifacht werden und tausende Menschenleben k\u00f6nnten gerettet werden.&nbsp;<\/p>\n\n\n\n<p class=\"has-text-align-left\">Der Rettungsdienst in Stadt und Landkreis G\u00f6ttingen ben\u00f6tigt im Durchschnitt neun Minuten, bis er am Notfallort eintrifft. Die ersten Minuten ohne Rettungsdienst sind daher entscheidend und Laien sollten sofort mit Wiederbelebungsma\u00dfnahmen beginnen.<\/p>\n\n\n\n<p class=\"has-text-align-center\"><br><strong>Um in einer solchen Situation effektiv Hilfe zu leisten, m\u00fcssen sie nur drei Dinge tun:<\/strong><br><strong>Pr\u00fcfen, rufen, dr\u00fccken.<\/strong><\/p>\n\n\n<div class=\"wp-block-image\">\n<figure class=\"aligncenter size-large is-resized\"><img loading=\"lazy\" decoding=\"async\" src=\"https:\/\/radioleinewelle.de\/wp-content\/uploads\/2023\/09\/Pruefen-Drucken-Rufen-1024x688.jpg\" alt=\"\" class=\"wp-image-23598\" style=\"width:911px;height:612px\" width=\"911\" height=\"612\" srcset=\"https:\/\/radioleinewelle.de\/wp-content\/uploads\/2023\/09\/Pruefen-Drucken-Rufen-1024x688.jpg 1024w, https:\/\/radioleinewelle.de\/wp-content\/uploads\/2023\/09\/Pruefen-Drucken-Rufen-300x202.jpg 300w, https:\/\/radioleinewelle.de\/wp-content\/uploads\/2023\/09\/Pruefen-Drucken-Rufen-768x516.jpg 768w, https:\/\/radioleinewelle.de\/wp-content\/uploads\/2023\/09\/Pruefen-Drucken-Rufen-1536x1032.jpg 1536w, https:\/\/radioleinewelle.de\/wp-content\/uploads\/2023\/09\/Pruefen-Drucken-Rufen-200x134.jpg 200w, https:\/\/radioleinewelle.de\/wp-content\/uploads\/2023\/09\/Pruefen-Drucken-Rufen.jpg 1874w\" sizes=\"(max-width: 911px) 100vw, 911px\" \/><\/figure>\n<\/div>\n\n\n<p>Sodann ist mit der Wiederbelebung zu beginnen. Fest, regelm\u00e4\u00dfig und schnell ist das Brustbein der betroffenen Person einhundert bis einhundertzwanzig Mal etwa f\u00fcnf bis sechs Zentimeter nach unten zu dr\u00fccken, so lange bis professionelle Hilfe eintrifft.\u00a0Wer diese Schritte befolgt, tr\u00e4gt dazu bei, dass bis zu 40 Prozent der betroffenen Menschen eines Herz-Kreislauf-Stillstands diesen ohne Sch\u00e4digung \u00fcberleben.\u00a0<\/p>\n\n\n\n<p><\/p>\n\n\n\n<p class=\"has-text-align-center\"><strong>An folgenden Orten finden entsprechende Schulungen statt:<\/strong><\/p>\n\n\n\n<p><strong>Stadt G\u00f6ttingen<\/strong><\/p>\n\n\n\n<p>Montag, 18. September 2023, 15.00 Uhr bis 17.00 Uhr<\/p>\n\n\n\n<ul class=\"wp-block-list\">\n<li>Ortsfeuerwehr Weende, James Franck-Ring 1c, 37075 G\u00f6ttingen&nbsp;<\/li>\n\n\n\n<li>Freiwillige Feuerwehr Herberhausen, An der M\u00fchle 8, 37075 G\u00f6ttingen&nbsp;<\/li>\n<\/ul>\n\n\n\n<p>Dienstag, 19. September 2023, 15.00 Uhr bis 17.00 Uhr<\/p>\n\n\n\n<ul class=\"wp-block-list\">\n<li>Freiwillige Feuerwehr Elliehausen, In der Klappe 27, 37079 G\u00f6ttingen&nbsp;<\/li>\n\n\n\n<li>Freiwillige Feuerwehr Esebeck, \u00dcber der Esebeeke 16, 37079 G\u00f6ttingen&nbsp;<\/li>\n<\/ul>\n\n\n\n<p>Mittwoch, 20. September 2023, 15.00 Uhr bis 17.00 Uhr<\/p>\n\n\n\n<ul class=\"wp-block-list\">\n<li>Am G\u00e4nseliesel, Markt, 37073 G\u00f6ttingen&nbsp;<\/li>\n\n\n\n<li>B\u00e4ckerei Hermann, Dransfelder Stra\u00dfe 9, 37079 G\u00f6ttingen-Ellershausen&nbsp;<\/li>\n<\/ul>\n\n\n\n<p>Donnerstag, 21. September 2023, 15.00 Uhr bis 17.00 Uhr<\/p>\n\n\n\n<ul class=\"wp-block-list\">\n<li>Freiwillige Feuerwehr Grone, Sch\u00fclerstieg 27, 37081 G\u00f6ttingen<\/li>\n<\/ul>\n\n\n\n<p>Freitag, 22. September 2023, 15.00 Uhr bis 17.00 Uhr<\/p>\n\n\n\n<ul class=\"wp-block-list\">\n<li>Freiwillige Feuerwehr Geismar, Kerllsgasse 2, 37083 G\u00f6ttingen&nbsp;<\/li>\n\n\n\n<li>Badeparadies Eiswiese, Windausweg 60, 37073 G\u00f6ttingen&nbsp;<\/li>\n<\/ul>\n\n\n\n<p><strong>Landkreis G\u00f6ttingen<\/strong><\/p>\n\n\n\n<p>Sch\u00fclerinnen und Sch\u00fcler an diesen Schulen lernen ebenfalls, wie einfach es ist, Leben zu retten:&nbsp;<\/p>\n\n\n\n<ul class=\"wp-block-list\">\n<li>KGS Bad Lauterberg,&nbsp;<\/li>\n\n\n\n<li>IGS Bovenden,&nbsp;<\/li>\n\n\n\n<li>Pestalozzischule sowie Eichsfeld-Gymnasium Duderstadt,&nbsp;<\/li>\n\n\n\n<li>KGS Gieboldehausen Carl-Friedrich-Gau\u00df-Schule Gro\u00df Schneen,&nbsp;<\/li>\n\n\n\n<li>Werra-Realschule sowie Grotefend-Gymnasium Hann.-M\u00fcnden,&nbsp;<\/li>\n\n\n\n<li>Tilmann-Riemenscheider-Gymnasium sowie Wartberg-Schule Osterode&nbsp;<\/li>\n<\/ul>\n\n\n\n<p><strong>Fotos:<\/strong> \u00a9Radio Leinewelle <em>Jutta Engelmayer<\/em><\/p>\n\n\n\n<p><\/p>\n\n\n\n<p><\/p>\n\n\n\n<p><\/p>\n","protected":false},"excerpt":{"rendered":"<p>Die Woche der Wiederbelebung findet bundesweit von Montag, 18. September 2023, bis Freitag, 22. September 2023, statt. Aus diesem Anlass haben sich das Deutsche Rote Kreuz (DRK) G\u00f6ttingen, das DRK Osterode, der Arbeiter-Samariter-Bund (ASB) Northeim-Osterode, die Berufsfeuerwehr G\u00f6ttingen sowie die Klinik f\u00fcr An\u00e4sthesiologie und das Herzzentrum G\u00f6ttingen der Universit\u00e4tsmedizin zu einer konzertierten Aktion zusammengeschlossen. Sie [&hellip;]<\/p>\n","protected":false},"author":1,"featured_media":23600,"comment_status":"open","ping_status":"open","sticky":true,"template":"","format":"standard","meta":{"saved_in_kubio":false,"footnotes":""},"categories":[40],"tags":[4043],"class_list":["post-23596","post","type-post","status-publish","format-standard","has-post-thumbnail","hentry","category-gesundheit","tag-woche-der-wiederbelebung"],"yoast_head":"<!-- This site is optimized with the Yoast SEO plugin v27.5 - https:\/\/yoast.com\/product\/yoast-seo-wordpress\/ -->\n<title>Woche der Wiederbelebung in G\u00f6ttingen - wenn es um Minuten geht - Radio Leinewelle<\/title>\n<meta name=\"robots\" content=\"index, follow, max-snippet:-1, max-image-preview:large, max-video-preview:-1\" \/>\n<link rel=\"canonical\" href=\"https:\/\/radioleinewelle.de\/index.php\/2023\/09\/18\/woche-der-wiederbelebung-in-goettingen-wenn-es-um-minuten-geht\/\" \/>\n<meta property=\"og:locale\" content=\"de_DE\" \/>\n<meta property=\"og:type\" content=\"article\" \/>\n<meta property=\"og:title\" content=\"Woche der Wiederbelebung in G\u00f6ttingen - wenn es um Minuten geht - Radio Leinewelle\" \/>\n<meta property=\"og:description\" content=\"Die Woche der Wiederbelebung findet bundesweit von Montag, 18. September 2023, bis Freitag, 22. September 2023, statt. Aus diesem Anlass haben sich das Deutsche Rote Kreuz (DRK) G\u00f6ttingen, das DRK Osterode, der Arbeiter-Samariter-Bund (ASB) Northeim-Osterode, die Berufsfeuerwehr G\u00f6ttingen sowie die Klinik f\u00fcr An\u00e4sthesiologie und das Herzzentrum G\u00f6ttingen der Universit\u00e4tsmedizin zu einer konzertierten Aktion zusammengeschlossen. Sie [&hellip;]\" \/>\n<meta property=\"og:url\" content=\"https:\/\/radioleinewelle.de\/index.php\/2023\/09\/18\/woche-der-wiederbelebung-in-goettingen-wenn-es-um-minuten-geht\/\" \/>\n<meta property=\"og:site_name\" content=\"Radio Leinewelle\" \/>\n<meta property=\"article:publisher\" content=\"https:\/\/www.facebook.com\/radioleinewelle\" \/>\n<meta property=\"article:author\" content=\"https:\/\/www.facebook.com\/radioleinewelle\" \/>\n<meta property=\"article:published_time\" content=\"2023-09-18T05:51:27+00:00\" \/>\n<meta property=\"article:modified_time\" content=\"2023-09-18T05:55:11+00:00\" \/>\n<meta property=\"og:image\" content=\"https:\/\/radioleinewelle.de\/wp-content\/uploads\/2023\/09\/Wiederbelebung-Dummy-e1695016368348.jpg\" \/>\n\t<meta property=\"og:image:width\" content=\"1000\" \/>\n\t<meta property=\"og:image:height\" content=\"750\" \/>\n\t<meta property=\"og:image:type\" content=\"image\/jpeg\" \/>\n<meta name=\"author\" content=\"Leinewelle\" \/>\n<meta name=\"twitter:card\" content=\"summary_large_image\" \/>\n<meta name=\"twitter:creator\" content=\"@https:\/\/twitter.com\/RLeinewelle?ref_src=twsrcgoogletwcampserptwgrauthor\" \/>\n<meta name=\"twitter:site\" content=\"@RLeinewelle\" \/>\n<meta name=\"twitter:label1\" content=\"Verfasst von\" \/>\n\t<meta name=\"twitter:data1\" content=\"Leinewelle\" \/>\n\t<meta name=\"twitter:label2\" content=\"Gesch\u00e4tzte Lesezeit\" \/>\n\t<meta name=\"twitter:data2\" content=\"3\u00a0Minuten\" \/>\n<script type=\"application\/ld+json\" class=\"yoast-schema-graph\">{\"@context\":\"https:\\\/\\\/schema.org\",\"@graph\":[{\"@type\":\"Article\",\"@id\":\"https:\\\/\\\/radioleinewelle.de\\\/index.php\\\/2023\\\/09\\\/18\\\/woche-der-wiederbelebung-in-goettingen-wenn-es-um-minuten-geht\\\/#article\",\"isPartOf\":{\"@id\":\"https:\\\/\\\/radioleinewelle.de\\\/index.php\\\/2023\\\/09\\\/18\\\/woche-der-wiederbelebung-in-goettingen-wenn-es-um-minuten-geht\\\/\"},\"author\":{\"name\":\"Leinewelle\",\"@id\":\"https:\\\/\\\/radioleinewelle.de\\\/#\\\/schema\\\/person\\\/45606f348637df637192dc1b68399a63\"},\"headline\":\"Woche der Wiederbelebung in G\u00f6ttingen &#8211; wenn es um Minuten geht\",\"datePublished\":\"2023-09-18T05:51:27+00:00\",\"dateModified\":\"2023-09-18T05:55:11+00:00\",\"mainEntityOfPage\":{\"@id\":\"https:\\\/\\\/radioleinewelle.de\\\/index.php\\\/2023\\\/09\\\/18\\\/woche-der-wiederbelebung-in-goettingen-wenn-es-um-minuten-geht\\\/\"},\"wordCount\":483,\"commentCount\":0,\"publisher\":{\"@id\":\"https:\\\/\\\/radioleinewelle.de\\\/#organization\"},\"image\":{\"@id\":\"https:\\\/\\\/radioleinewelle.de\\\/index.php\\\/2023\\\/09\\\/18\\\/woche-der-wiederbelebung-in-goettingen-wenn-es-um-minuten-geht\\\/#primaryimage\"},\"thumbnailUrl\":\"https:\\\/\\\/radioleinewelle.de\\\/wp-content\\\/uploads\\\/2023\\\/09\\\/Wiederbelebung-Dummy-e1695016368348.jpg\",\"keywords\":[\"Woche der Wiederbelebung\"],\"articleSection\":[\"Gesundheit\"],\"inLanguage\":\"de\",\"potentialAction\":[{\"@type\":\"CommentAction\",\"name\":\"Comment\",\"target\":[\"https:\\\/\\\/radioleinewelle.de\\\/index.php\\\/2023\\\/09\\\/18\\\/woche-der-wiederbelebung-in-goettingen-wenn-es-um-minuten-geht\\\/#respond\"]}]},{\"@type\":\"WebPage\",\"@id\":\"https:\\\/\\\/radioleinewelle.de\\\/index.php\\\/2023\\\/09\\\/18\\\/woche-der-wiederbelebung-in-goettingen-wenn-es-um-minuten-geht\\\/\",\"url\":\"https:\\\/\\\/radioleinewelle.de\\\/index.php\\\/2023\\\/09\\\/18\\\/woche-der-wiederbelebung-in-goettingen-wenn-es-um-minuten-geht\\\/\",\"name\":\"Woche der Wiederbelebung in G\u00f6ttingen - wenn es um Minuten geht - Radio Leinewelle\",\"isPartOf\":{\"@id\":\"https:\\\/\\\/radioleinewelle.de\\\/#website\"},\"primaryImageOfPage\":{\"@id\":\"https:\\\/\\\/radioleinewelle.de\\\/index.php\\\/2023\\\/09\\\/18\\\/woche-der-wiederbelebung-in-goettingen-wenn-es-um-minuten-geht\\\/#primaryimage\"},\"image\":{\"@id\":\"https:\\\/\\\/radioleinewelle.de\\\/index.php\\\/2023\\\/09\\\/18\\\/woche-der-wiederbelebung-in-goettingen-wenn-es-um-minuten-geht\\\/#primaryimage\"},\"thumbnailUrl\":\"https:\\\/\\\/radioleinewelle.de\\\/wp-content\\\/uploads\\\/2023\\\/09\\\/Wiederbelebung-Dummy-e1695016368348.jpg\",\"datePublished\":\"2023-09-18T05:51:27+00:00\",\"dateModified\":\"2023-09-18T05:55:11+00:00\",\"breadcrumb\":{\"@id\":\"https:\\\/\\\/radioleinewelle.de\\\/index.php\\\/2023\\\/09\\\/18\\\/woche-der-wiederbelebung-in-goettingen-wenn-es-um-minuten-geht\\\/#breadcrumb\"},\"inLanguage\":\"de\",\"potentialAction\":[{\"@type\":\"ReadAction\",\"target\":[\"https:\\\/\\\/radioleinewelle.de\\\/index.php\\\/2023\\\/09\\\/18\\\/woche-der-wiederbelebung-in-goettingen-wenn-es-um-minuten-geht\\\/\"]}]},{\"@type\":\"ImageObject\",\"inLanguage\":\"de\",\"@id\":\"https:\\\/\\\/radioleinewelle.de\\\/index.php\\\/2023\\\/09\\\/18\\\/woche-der-wiederbelebung-in-goettingen-wenn-es-um-minuten-geht\\\/#primaryimage\",\"url\":\"https:\\\/\\\/radioleinewelle.de\\\/wp-content\\\/uploads\\\/2023\\\/09\\\/Wiederbelebung-Dummy-e1695016368348.jpg\",\"contentUrl\":\"https:\\\/\\\/radioleinewelle.de\\\/wp-content\\\/uploads\\\/2023\\\/09\\\/Wiederbelebung-Dummy-e1695016368348.jpg\",\"width\":1000,\"height\":750},{\"@type\":\"BreadcrumbList\",\"@id\":\"https:\\\/\\\/radioleinewelle.de\\\/index.php\\\/2023\\\/09\\\/18\\\/woche-der-wiederbelebung-in-goettingen-wenn-es-um-minuten-geht\\\/#breadcrumb\",\"itemListElement\":[{\"@type\":\"ListItem\",\"position\":1,\"name\":\"Startseite\",\"item\":\"https:\\\/\\\/radioleinewelle.de\\\/\"},{\"@type\":\"ListItem\",\"position\":2,\"name\":\"Woche der Wiederbelebung in G\u00f6ttingen &#8211; wenn es um Minuten geht\"}]},{\"@type\":\"WebSite\",\"@id\":\"https:\\\/\\\/radioleinewelle.de\\\/#website\",\"url\":\"https:\\\/\\\/radioleinewelle.de\\\/\",\"name\":\"Radio Leinewelle\",\"description\":\"\",\"publisher\":{\"@id\":\"https:\\\/\\\/radioleinewelle.de\\\/#organization\"},\"potentialAction\":[{\"@type\":\"SearchAction\",\"target\":{\"@type\":\"EntryPoint\",\"urlTemplate\":\"https:\\\/\\\/radioleinewelle.de\\\/?s={search_term_string}\"},\"query-input\":{\"@type\":\"PropertyValueSpecification\",\"valueRequired\":true,\"valueName\":\"search_term_string\"}}],\"inLanguage\":\"de\"},{\"@type\":\"Organization\",\"@id\":\"https:\\\/\\\/radioleinewelle.de\\\/#organization\",\"name\":\"Radio Leinewelle\",\"alternateName\":\"Mein Radio f\u00fcr S\u00fcdniedersachsen\",\"url\":\"https:\\\/\\\/radioleinewelle.de\\\/\",\"logo\":{\"@type\":\"ImageObject\",\"inLanguage\":\"de\",\"@id\":\"https:\\\/\\\/radioleinewelle.de\\\/#\\\/schema\\\/logo\\\/image\\\/\",\"url\":\"https:\\\/\\\/radioleinewelle.de\\\/wp-content\\\/uploads\\\/2023\\\/11\\\/cropped-Leinewelle_Logo_weiss.png\",\"contentUrl\":\"https:\\\/\\\/radioleinewelle.de\\\/wp-content\\\/uploads\\\/2023\\\/11\\\/cropped-Leinewelle_Logo_weiss.png\",\"width\":854,\"height\":260,\"caption\":\"Radio Leinewelle\"},\"image\":{\"@id\":\"https:\\\/\\\/radioleinewelle.de\\\/#\\\/schema\\\/logo\\\/image\\\/\"},\"sameAs\":[\"https:\\\/\\\/www.facebook.com\\\/radioleinewelle\",\"https:\\\/\\\/x.com\\\/RLeinewelle\",\"https:\\\/\\\/www.instagram.com\\\/radioleinewelle\\\/?hl=de\"]},{\"@type\":\"Person\",\"@id\":\"https:\\\/\\\/radioleinewelle.de\\\/#\\\/schema\\\/person\\\/45606f348637df637192dc1b68399a63\",\"name\":\"Leinewelle\",\"image\":{\"@type\":\"ImageObject\",\"inLanguage\":\"de\",\"@id\":\"https:\\\/\\\/secure.gravatar.com\\\/avatar\\\/05c9a17bc973052ee5d91549bd32fb4dd0dc85b7b85ae94b2e2b4943476bbea5?s=96&d=blank&r=g\",\"url\":\"https:\\\/\\\/secure.gravatar.com\\\/avatar\\\/05c9a17bc973052ee5d91549bd32fb4dd0dc85b7b85ae94b2e2b4943476bbea5?s=96&d=blank&r=g\",\"contentUrl\":\"https:\\\/\\\/secure.gravatar.com\\\/avatar\\\/05c9a17bc973052ee5d91549bd32fb4dd0dc85b7b85ae94b2e2b4943476bbea5?s=96&d=blank&r=g\",\"caption\":\"Leinewelle\"},\"sameAs\":[\"http:\\\/\\\/localhost\\\/radio%20leinewelle\\\/wordpress\",\"https:\\\/\\\/www.facebook.com\\\/radioleinewelle\",\"https:\\\/\\\/www.instagram.com\\\/radioleinewelle\",\"https:\\\/\\\/x.com\\\/https:\\\/\\\/twitter.com\\\/RLeinewelle?ref_src=twsrcgoogletwcampserptwgrauthor\",\"https:\\\/\\\/soundcloud.com\\\/foerderverein-lokalradio?utm_source=clipboard&utm_medium=text&utm_campaign=social_sharing\"],\"url\":\"https:\\\/\\\/radioleinewelle.de\\\/index.php\\\/author\\\/leinewelle\\\/\"}]}<\/script>\n<!-- \/ Yoast SEO plugin. -->","yoast_head_json":{"title":"Woche der Wiederbelebung in G\u00f6ttingen - wenn es um Minuten geht - Radio Leinewelle","robots":{"index":"index","follow":"follow","max-snippet":"max-snippet:-1","max-image-preview":"max-image-preview:large","max-video-preview":"max-video-preview:-1"},"canonical":"https:\/\/radioleinewelle.de\/index.php\/2023\/09\/18\/woche-der-wiederbelebung-in-goettingen-wenn-es-um-minuten-geht\/","og_locale":"de_DE","og_type":"article","og_title":"Woche der Wiederbelebung in G\u00f6ttingen - wenn es um Minuten geht - Radio Leinewelle","og_description":"Die Woche der Wiederbelebung findet bundesweit von Montag, 18. September 2023, bis Freitag, 22. September 2023, statt. Aus diesem Anlass haben sich das Deutsche Rote Kreuz (DRK) G\u00f6ttingen, das DRK Osterode, der Arbeiter-Samariter-Bund (ASB) Northeim-Osterode, die Berufsfeuerwehr G\u00f6ttingen sowie die Klinik f\u00fcr An\u00e4sthesiologie und das Herzzentrum G\u00f6ttingen der Universit\u00e4tsmedizin zu einer konzertierten Aktion zusammengeschlossen. Sie [&hellip;]","og_url":"https:\/\/radioleinewelle.de\/index.php\/2023\/09\/18\/woche-der-wiederbelebung-in-goettingen-wenn-es-um-minuten-geht\/","og_site_name":"Radio Leinewelle","article_publisher":"https:\/\/www.facebook.com\/radioleinewelle","article_author":"https:\/\/www.facebook.com\/radioleinewelle","article_published_time":"2023-09-18T05:51:27+00:00","article_modified_time":"2023-09-18T05:55:11+00:00","og_image":[{"width":1000,"height":750,"url":"https:\/\/radioleinewelle.de\/wp-content\/uploads\/2023\/09\/Wiederbelebung-Dummy-e1695016368348.jpg","type":"image\/jpeg"}],"author":"Leinewelle","twitter_card":"summary_large_image","twitter_creator":"@https:\/\/twitter.com\/RLeinewelle?ref_src=twsrcgoogletwcampserptwgrauthor","twitter_site":"@RLeinewelle","twitter_misc":{"Verfasst von":"Leinewelle","Gesch\u00e4tzte Lesezeit":"3\u00a0Minuten"},"schema":{"@context":"https:\/\/schema.org","@graph":[{"@type":"Article","@id":"https:\/\/radioleinewelle.de\/index.php\/2023\/09\/18\/woche-der-wiederbelebung-in-goettingen-wenn-es-um-minuten-geht\/#article","isPartOf":{"@id":"https:\/\/radioleinewelle.de\/index.php\/2023\/09\/18\/woche-der-wiederbelebung-in-goettingen-wenn-es-um-minuten-geht\/"},"author":{"name":"Leinewelle","@id":"https:\/\/radioleinewelle.de\/#\/schema\/person\/45606f348637df637192dc1b68399a63"},"headline":"Woche der Wiederbelebung in G\u00f6ttingen &#8211; wenn es um Minuten geht","datePublished":"2023-09-18T05:51:27+00:00","dateModified":"2023-09-18T05:55:11+00:00","mainEntityOfPage":{"@id":"https:\/\/radioleinewelle.de\/index.php\/2023\/09\/18\/woche-der-wiederbelebung-in-goettingen-wenn-es-um-minuten-geht\/"},"wordCount":483,"commentCount":0,"publisher":{"@id":"https:\/\/radioleinewelle.de\/#organization"},"image":{"@id":"https:\/\/radioleinewelle.de\/index.php\/2023\/09\/18\/woche-der-wiederbelebung-in-goettingen-wenn-es-um-minuten-geht\/#primaryimage"},"thumbnailUrl":"https:\/\/radioleinewelle.de\/wp-content\/uploads\/2023\/09\/Wiederbelebung-Dummy-e1695016368348.jpg","keywords":["Woche der Wiederbelebung"],"articleSection":["Gesundheit"],"inLanguage":"de","potentialAction":[{"@type":"CommentAction","name":"Comment","target":["https:\/\/radioleinewelle.de\/index.php\/2023\/09\/18\/woche-der-wiederbelebung-in-goettingen-wenn-es-um-minuten-geht\/#respond"]}]},{"@type":"WebPage","@id":"https:\/\/radioleinewelle.de\/index.php\/2023\/09\/18\/woche-der-wiederbelebung-in-goettingen-wenn-es-um-minuten-geht\/","url":"https:\/\/radioleinewelle.de\/index.php\/2023\/09\/18\/woche-der-wiederbelebung-in-goettingen-wenn-es-um-minuten-geht\/","name":"Woche der Wiederbelebung in G\u00f6ttingen - wenn es um Minuten geht - Radio Leinewelle","isPartOf":{"@id":"https:\/\/radioleinewelle.de\/#website"},"primaryImageOfPage":{"@id":"https:\/\/radioleinewelle.de\/index.php\/2023\/09\/18\/woche-der-wiederbelebung-in-goettingen-wenn-es-um-minuten-geht\/#primaryimage"},"image":{"@id":"https:\/\/radioleinewelle.de\/index.php\/2023\/09\/18\/woche-der-wiederbelebung-in-goettingen-wenn-es-um-minuten-geht\/#primaryimage"},"thumbnailUrl":"https:\/\/radioleinewelle.de\/wp-content\/uploads\/2023\/09\/Wiederbelebung-Dummy-e1695016368348.jpg","datePublished":"2023-09-18T05:51:27+00:00","dateModified":"2023-09-18T05:55:11+00:00","breadcrumb":{"@id":"https:\/\/radioleinewelle.de\/index.php\/2023\/09\/18\/woche-der-wiederbelebung-in-goettingen-wenn-es-um-minuten-geht\/#breadcrumb"},"inLanguage":"de","potentialAction":[{"@type":"ReadAction","target":["https:\/\/radioleinewelle.de\/index.php\/2023\/09\/18\/woche-der-wiederbelebung-in-goettingen-wenn-es-um-minuten-geht\/"]}]},{"@type":"ImageObject","inLanguage":"de","@id":"https:\/\/radioleinewelle.de\/index.php\/2023\/09\/18\/woche-der-wiederbelebung-in-goettingen-wenn-es-um-minuten-geht\/#primaryimage","url":"https:\/\/radioleinewelle.de\/wp-content\/uploads\/2023\/09\/Wiederbelebung-Dummy-e1695016368348.jpg","contentUrl":"https:\/\/radioleinewelle.de\/wp-content\/uploads\/2023\/09\/Wiederbelebung-Dummy-e1695016368348.jpg","width":1000,"height":750},{"@type":"BreadcrumbList","@id":"https:\/\/radioleinewelle.de\/index.php\/2023\/09\/18\/woche-der-wiederbelebung-in-goettingen-wenn-es-um-minuten-geht\/#breadcrumb","itemListElement":[{"@type":"ListItem","position":1,"name":"Startseite","item":"https:\/\/radioleinewelle.de\/"},{"@type":"ListItem","position":2,"name":"Woche der Wiederbelebung in G\u00f6ttingen &#8211; wenn es um Minuten geht"}]},{"@type":"WebSite","@id":"https:\/\/radioleinewelle.de\/#website","url":"https:\/\/radioleinewelle.de\/","name":"Radio Leinewelle","description":"","publisher":{"@id":"https:\/\/radioleinewelle.de\/#organization"},"potentialAction":[{"@type":"SearchAction","target":{"@type":"EntryPoint","urlTemplate":"https:\/\/radioleinewelle.de\/?s={search_term_string}"},"query-input":{"@type":"PropertyValueSpecification","valueRequired":true,"valueName":"search_term_string"}}],"inLanguage":"de"},{"@type":"Organization","@id":"https:\/\/radioleinewelle.de\/#organization","name":"Radio Leinewelle","alternateName":"Mein Radio f\u00fcr S\u00fcdniedersachsen","url":"https:\/\/radioleinewelle.de\/","logo":{"@type":"ImageObject","inLanguage":"de","@id":"https:\/\/radioleinewelle.de\/#\/schema\/logo\/image\/","url":"https:\/\/radioleinewelle.de\/wp-content\/uploads\/2023\/11\/cropped-Leinewelle_Logo_weiss.png","contentUrl":"https:\/\/radioleinewelle.de\/wp-content\/uploads\/2023\/11\/cropped-Leinewelle_Logo_weiss.png","width":854,"height":260,"caption":"Radio Leinewelle"},"image":{"@id":"https:\/\/radioleinewelle.de\/#\/schema\/logo\/image\/"},"sameAs":["https:\/\/www.facebook.com\/radioleinewelle","https:\/\/x.com\/RLeinewelle","https:\/\/www.instagram.com\/radioleinewelle\/?hl=de"]},{"@type":"Person","@id":"https:\/\/radioleinewelle.de\/#\/schema\/person\/45606f348637df637192dc1b68399a63","name":"Leinewelle","image":{"@type":"ImageObject","inLanguage":"de","@id":"https:\/\/secure.gravatar.com\/avatar\/05c9a17bc973052ee5d91549bd32fb4dd0dc85b7b85ae94b2e2b4943476bbea5?s=96&d=blank&r=g","url":"https:\/\/secure.gravatar.com\/avatar\/05c9a17bc973052ee5d91549bd32fb4dd0dc85b7b85ae94b2e2b4943476bbea5?s=96&d=blank&r=g","contentUrl":"https:\/\/secure.gravatar.com\/avatar\/05c9a17bc973052ee5d91549bd32fb4dd0dc85b7b85ae94b2e2b4943476bbea5?s=96&d=blank&r=g","caption":"Leinewelle"},"sameAs":["http:\/\/localhost\/radio%20leinewelle\/wordpress","https:\/\/www.facebook.com\/radioleinewelle","https:\/\/www.instagram.com\/radioleinewelle","https:\/\/x.com\/https:\/\/twitter.com\/RLeinewelle?ref_src=twsrcgoogletwcampserptwgrauthor","https:\/\/soundcloud.com\/foerderverein-lokalradio?utm_source=clipboard&utm_medium=text&utm_campaign=social_sharing"],"url":"https:\/\/radioleinewelle.de\/index.php\/author\/leinewelle\/"}]}},"_links":{"self":[{"href":"https:\/\/radioleinewelle.de\/index.php\/wp-json\/wp\/v2\/posts\/23596","targetHints":{"allow":["GET"]}}],"collection":[{"href":"https:\/\/radioleinewelle.de\/index.php\/wp-json\/wp\/v2\/posts"}],"about":[{"href":"https:\/\/radioleinewelle.de\/index.php\/wp-json\/wp\/v2\/types\/post"}],"author":[{"embeddable":true,"href":"https:\/\/radioleinewelle.de\/index.php\/wp-json\/wp\/v2\/users\/1"}],"replies":[{"embeddable":true,"href":"https:\/\/radioleinewelle.de\/index.php\/wp-json\/wp\/v2\/comments?post=23596"}],"version-history":[{"count":5,"href":"https:\/\/radioleinewelle.de\/index.php\/wp-json\/wp\/v2\/posts\/23596\/revisions"}],"predecessor-version":[{"id":23603,"href":"https:\/\/radioleinewelle.de\/index.php\/wp-json\/wp\/v2\/posts\/23596\/revisions\/23603"}],"wp:featuredmedia":[{"embeddable":true,"href":"https:\/\/radioleinewelle.de\/index.php\/wp-json\/wp\/v2\/media\/23600"}],"wp:attachment":[{"href":"https:\/\/radioleinewelle.de\/index.php\/wp-json\/wp\/v2\/media?parent=23596"}],"wp:term":[{"taxonomy":"category","embeddable":true,"href":"https:\/\/radioleinewelle.de\/index.php\/wp-json\/wp\/v2\/categories?post=23596"},{"taxonomy":"post_tag","embeddable":true,"href":"https:\/\/radioleinewelle.de\/index.php\/wp-json\/wp\/v2\/tags?post=23596"}],"curies":[{"name":"wp","href":"https:\/\/api.w.org\/{rel}","templated":true}]}}