{"id":23604,"date":"2023-09-18T08:07:36","date_gmt":"2023-09-18T06:07:36","guid":{"rendered":"https:\/\/radioleinewelle.de\/?p=23604"},"modified":"2023-09-18T08:07:38","modified_gmt":"2023-09-18T06:07:38","slug":"von-goettingen-in-die-weite-welt-filmplakate-im-zufall-lab","status":"publish","type":"post","link":"https:\/\/radioleinewelle.de\/index.php\/2023\/09\/18\/von-goettingen-in-die-weite-welt-filmplakate-im-zufall-lab\/","title":{"rendered":"\u201eVon G\u00f6ttingen in die weite Welt!\u201c Filmplakate im zufall.lab"},"content":{"rendered":"\n<p>Unter diesem Motto sind noch bis Sonntag, 24. September, Plakate zu 23 G\u00f6ttinger Filmen aus 13 L\u00e4ndern im zufall.lab zu bestaunen. Ge\u00f6ffnet ist die Ausstellung am Montag (18. September) und Mittwoch (20. September) jeweils von 13 bis 17 Uhr und letztmalig am Sonntag von 14 bis 18 Uhr. Der Eintritt ist frei.<\/p>\n\n\n\n<p>Neben den Filmplakaten, die im vergangenen Jahr auch schon einmal gr\u00f6\u00dftenteils (bis auf zwei neue Plakate) in der Galerie Alte Feuerwache zu sehen waren, wird diesmal auch ein besonderes Highlight pr\u00e4sentiert: Der Original-Schriftzug des G\u00f6ttinger Kultkinos \u201eSterntheater\u201c ist in der Mitte der Halle aufgebaut \u2013 und d\u00fcrfte bei vielen Besucherinnen und Besuchern nostalgische Erinnerungen hervorrufen.<\/p>\n\n\n\n<p>Die Plakate, die in der Ausstellung gezeigt werden, stammen aus der Privatsammlung des Journalisten Florian Quanz und aus dem Archiv des Filmb\u00fcro G\u00f6ttingen, das auch f\u00fcr die Ausstellung verantwortlich zeichnet. Zu sehen sind beispielsweise Filmplakate aus Argentinien, Mexiko, Frankreich und Italien, aber auch aus L\u00e4ndern des ehemaligen Ostblocks.<\/p>\n\n\n\n<p>Die Ausstellung im zufall.lab ist erreichbar \u00fcber die Hofeinfahrt an der Gotthelf-Leimbach-Stra\u00dfe 3 im Industriegebiet G\u00f6ttingen-Grone. Sie befindet sich in der vorderen Halle des Speditionsgel\u00e4ndes.<\/p>\n\n\n\n<p>W\u00e4hrend und ggf. nach Terminabsprache auch au\u00dferhalb der \u00d6ffnungszeiten sind Gruppenf\u00fchrungen m\u00f6glich, die das Filmb\u00fcro-Team anbietet. Angesprochen sind hier beispielsweise Schulklassen, Seniorenheime sowie interessierte Heimat- und Kulturvereine. Anmeldungen per Mail an: kontakt@filmstadt-goettingen.de<\/p>\n\n\n\n<p><strong>Foto:<\/strong> Alexander Schreivogel vom G\u00f6ttinger Filmb\u00fcro \u00a9Sven Schreivogel<\/p>\n","protected":false},"excerpt":{"rendered":"<p>Unter diesem Motto sind noch bis Sonntag, 24. September, Plakate zu 23 G\u00f6ttinger Filmen aus 13 L\u00e4ndern im zufall.lab zu bestaunen. Ge\u00f6ffnet ist die Ausstellung am Montag (18. September) und Mittwoch (20. September) jeweils von 13 bis 17 Uhr und letztmalig am Sonntag von 14 bis 18 Uhr. Der Eintritt ist frei. Neben den Filmplakaten, [&hellip;]<\/p>\n","protected":false},"author":1,"featured_media":23607,"comment_status":"open","ping_status":"open","sticky":true,"template":"","format":"standard","meta":{"saved_in_kubio":false,"footnotes":""},"categories":[2930],"tags":[],"class_list":["post-23604","post","type-post","status-publish","format-standard","has-post-thumbnail","hentry","category-ausstellungen"],"yoast_head":"<!-- This site is optimized with the Yoast SEO plugin v27.5 - https:\/\/yoast.com\/product\/yoast-seo-wordpress\/ -->\n<title>\u201eVon G\u00f6ttingen in die weite Welt!\u201c Filmplakate im zufall.lab - Radio Leinewelle<\/title>\n<meta name=\"robots\" content=\"index, follow, max-snippet:-1, max-image-preview:large, max-video-preview:-1\" \/>\n<link rel=\"canonical\" href=\"https:\/\/radioleinewelle.de\/index.php\/2023\/09\/18\/von-goettingen-in-die-weite-welt-filmplakate-im-zufall-lab\/\" \/>\n<meta property=\"og:locale\" content=\"de_DE\" \/>\n<meta property=\"og:type\" content=\"article\" \/>\n<meta property=\"og:title\" content=\"\u201eVon G\u00f6ttingen in die weite Welt!\u201c Filmplakate im zufall.lab - Radio Leinewelle\" \/>\n<meta property=\"og:description\" content=\"Unter diesem Motto sind noch bis Sonntag, 24. September, Plakate zu 23 G\u00f6ttinger Filmen aus 13 L\u00e4ndern im zufall.lab zu bestaunen. Ge\u00f6ffnet ist die Ausstellung am Montag (18. September) und Mittwoch (20. September) jeweils von 13 bis 17 Uhr und letztmalig am Sonntag von 14 bis 18 Uhr. Der Eintritt ist frei. Neben den Filmplakaten, [&hellip;]\" \/>\n<meta property=\"og:url\" content=\"https:\/\/radioleinewelle.de\/index.php\/2023\/09\/18\/von-goettingen-in-die-weite-welt-filmplakate-im-zufall-lab\/\" \/>\n<meta property=\"og:site_name\" content=\"Radio Leinewelle\" \/>\n<meta property=\"article:publisher\" content=\"https:\/\/www.facebook.com\/radioleinewelle\" \/>\n<meta property=\"article:author\" content=\"https:\/\/www.facebook.com\/radioleinewelle\" \/>\n<meta property=\"article:published_time\" content=\"2023-09-18T06:07:36+00:00\" \/>\n<meta property=\"article:modified_time\" content=\"2023-09-18T06:07:38+00:00\" \/>\n<meta property=\"og:image\" content=\"https:\/\/radioleinewelle.de\/wp-content\/uploads\/2023\/09\/Alexander-Siebrecht-mit-Plakat-2-9.08.2023-\u00a9-Sven-Schreivogel-scaled-e1695017190186.jpg\" \/>\n\t<meta property=\"og:image:width\" content=\"1000\" \/>\n\t<meta property=\"og:image:height\" content=\"746\" \/>\n\t<meta property=\"og:image:type\" content=\"image\/jpeg\" \/>\n<meta name=\"author\" content=\"Leinewelle\" \/>\n<meta name=\"twitter:card\" content=\"summary_large_image\" \/>\n<meta name=\"twitter:creator\" content=\"@https:\/\/twitter.com\/RLeinewelle?ref_src=twsrcgoogletwcampserptwgrauthor\" \/>\n<meta name=\"twitter:site\" content=\"@RLeinewelle\" \/>\n<meta name=\"twitter:label1\" content=\"Verfasst von\" \/>\n\t<meta name=\"twitter:data1\" content=\"Leinewelle\" \/>\n\t<meta name=\"twitter:label2\" content=\"Gesch\u00e4tzte Lesezeit\" \/>\n\t<meta name=\"twitter:data2\" content=\"2\u00a0Minuten\" \/>\n<script type=\"application\/ld+json\" class=\"yoast-schema-graph\">{\"@context\":\"https:\\\/\\\/schema.org\",\"@graph\":[{\"@type\":\"Article\",\"@id\":\"https:\\\/\\\/radioleinewelle.de\\\/index.php\\\/2023\\\/09\\\/18\\\/von-goettingen-in-die-weite-welt-filmplakate-im-zufall-lab\\\/#article\",\"isPartOf\":{\"@id\":\"https:\\\/\\\/radioleinewelle.de\\\/index.php\\\/2023\\\/09\\\/18\\\/von-goettingen-in-die-weite-welt-filmplakate-im-zufall-lab\\\/\"},\"author\":{\"name\":\"Leinewelle\",\"@id\":\"https:\\\/\\\/radioleinewelle.de\\\/#\\\/schema\\\/person\\\/45606f348637df637192dc1b68399a63\"},\"headline\":\"\u201eVon G\u00f6ttingen in die weite Welt!\u201c Filmplakate im zufall.lab\",\"datePublished\":\"2023-09-18T06:07:36+00:00\",\"dateModified\":\"2023-09-18T06:07:38+00:00\",\"mainEntityOfPage\":{\"@id\":\"https:\\\/\\\/radioleinewelle.de\\\/index.php\\\/2023\\\/09\\\/18\\\/von-goettingen-in-die-weite-welt-filmplakate-im-zufall-lab\\\/\"},\"wordCount\":245,\"commentCount\":0,\"publisher\":{\"@id\":\"https:\\\/\\\/radioleinewelle.de\\\/#organization\"},\"image\":{\"@id\":\"https:\\\/\\\/radioleinewelle.de\\\/index.php\\\/2023\\\/09\\\/18\\\/von-goettingen-in-die-weite-welt-filmplakate-im-zufall-lab\\\/#primaryimage\"},\"thumbnailUrl\":\"https:\\\/\\\/radioleinewelle.de\\\/wp-content\\\/uploads\\\/2023\\\/09\\\/Alexander-Siebrecht-mit-Plakat-2-9.08.2023-\u00a9-Sven-Schreivogel-scaled-e1695017190186.jpg\",\"articleSection\":[\"Ausstellungen\"],\"inLanguage\":\"de\",\"potentialAction\":[{\"@type\":\"CommentAction\",\"name\":\"Comment\",\"target\":[\"https:\\\/\\\/radioleinewelle.de\\\/index.php\\\/2023\\\/09\\\/18\\\/von-goettingen-in-die-weite-welt-filmplakate-im-zufall-lab\\\/#respond\"]}]},{\"@type\":\"WebPage\",\"@id\":\"https:\\\/\\\/radioleinewelle.de\\\/index.php\\\/2023\\\/09\\\/18\\\/von-goettingen-in-die-weite-welt-filmplakate-im-zufall-lab\\\/\",\"url\":\"https:\\\/\\\/radioleinewelle.de\\\/index.php\\\/2023\\\/09\\\/18\\\/von-goettingen-in-die-weite-welt-filmplakate-im-zufall-lab\\\/\",\"name\":\"\u201eVon G\u00f6ttingen in die weite Welt!\u201c Filmplakate im zufall.lab - Radio Leinewelle\",\"isPartOf\":{\"@id\":\"https:\\\/\\\/radioleinewelle.de\\\/#website\"},\"primaryImageOfPage\":{\"@id\":\"https:\\\/\\\/radioleinewelle.de\\\/index.php\\\/2023\\\/09\\\/18\\\/von-goettingen-in-die-weite-welt-filmplakate-im-zufall-lab\\\/#primaryimage\"},\"image\":{\"@id\":\"https:\\\/\\\/radioleinewelle.de\\\/index.php\\\/2023\\\/09\\\/18\\\/von-goettingen-in-die-weite-welt-filmplakate-im-zufall-lab\\\/#primaryimage\"},\"thumbnailUrl\":\"https:\\\/\\\/radioleinewelle.de\\\/wp-content\\\/uploads\\\/2023\\\/09\\\/Alexander-Siebrecht-mit-Plakat-2-9.08.2023-\u00a9-Sven-Schreivogel-scaled-e1695017190186.jpg\",\"datePublished\":\"2023-09-18T06:07:36+00:00\",\"dateModified\":\"2023-09-18T06:07:38+00:00\",\"breadcrumb\":{\"@id\":\"https:\\\/\\\/radioleinewelle.de\\\/index.php\\\/2023\\\/09\\\/18\\\/von-goettingen-in-die-weite-welt-filmplakate-im-zufall-lab\\\/#breadcrumb\"},\"inLanguage\":\"de\",\"potentialAction\":[{\"@type\":\"ReadAction\",\"target\":[\"https:\\\/\\\/radioleinewelle.de\\\/index.php\\\/2023\\\/09\\\/18\\\/von-goettingen-in-die-weite-welt-filmplakate-im-zufall-lab\\\/\"]}]},{\"@type\":\"ImageObject\",\"inLanguage\":\"de\",\"@id\":\"https:\\\/\\\/radioleinewelle.de\\\/index.php\\\/2023\\\/09\\\/18\\\/von-goettingen-in-die-weite-welt-filmplakate-im-zufall-lab\\\/#primaryimage\",\"url\":\"https:\\\/\\\/radioleinewelle.de\\\/wp-content\\\/uploads\\\/2023\\\/09\\\/Alexander-Siebrecht-mit-Plakat-2-9.08.2023-\u00a9-Sven-Schreivogel-scaled-e1695017190186.jpg\",\"contentUrl\":\"https:\\\/\\\/radioleinewelle.de\\\/wp-content\\\/uploads\\\/2023\\\/09\\\/Alexander-Siebrecht-mit-Plakat-2-9.08.2023-\u00a9-Sven-Schreivogel-scaled-e1695017190186.jpg\",\"width\":1000,\"height\":746},{\"@type\":\"BreadcrumbList\",\"@id\":\"https:\\\/\\\/radioleinewelle.de\\\/index.php\\\/2023\\\/09\\\/18\\\/von-goettingen-in-die-weite-welt-filmplakate-im-zufall-lab\\\/#breadcrumb\",\"itemListElement\":[{\"@type\":\"ListItem\",\"position\":1,\"name\":\"Startseite\",\"item\":\"https:\\\/\\\/radioleinewelle.de\\\/\"},{\"@type\":\"ListItem\",\"position\":2,\"name\":\"\u201eVon G\u00f6ttingen in die weite Welt!\u201c Filmplakate im zufall.lab\"}]},{\"@type\":\"WebSite\",\"@id\":\"https:\\\/\\\/radioleinewelle.de\\\/#website\",\"url\":\"https:\\\/\\\/radioleinewelle.de\\\/\",\"name\":\"Radio Leinewelle\",\"description\":\"\",\"publisher\":{\"@id\":\"https:\\\/\\\/radioleinewelle.de\\\/#organization\"},\"potentialAction\":[{\"@type\":\"SearchAction\",\"target\":{\"@type\":\"EntryPoint\",\"urlTemplate\":\"https:\\\/\\\/radioleinewelle.de\\\/?s={search_term_string}\"},\"query-input\":{\"@type\":\"PropertyValueSpecification\",\"valueRequired\":true,\"valueName\":\"search_term_string\"}}],\"inLanguage\":\"de\"},{\"@type\":\"Organization\",\"@id\":\"https:\\\/\\\/radioleinewelle.de\\\/#organization\",\"name\":\"Radio Leinewelle\",\"alternateName\":\"Mein Radio f\u00fcr S\u00fcdniedersachsen\",\"url\":\"https:\\\/\\\/radioleinewelle.de\\\/\",\"logo\":{\"@type\":\"ImageObject\",\"inLanguage\":\"de\",\"@id\":\"https:\\\/\\\/radioleinewelle.de\\\/#\\\/schema\\\/logo\\\/image\\\/\",\"url\":\"https:\\\/\\\/radioleinewelle.de\\\/wp-content\\\/uploads\\\/2023\\\/11\\\/cropped-Leinewelle_Logo_weiss.png\",\"contentUrl\":\"https:\\\/\\\/radioleinewelle.de\\\/wp-content\\\/uploads\\\/2023\\\/11\\\/cropped-Leinewelle_Logo_weiss.png\",\"width\":854,\"height\":260,\"caption\":\"Radio Leinewelle\"},\"image\":{\"@id\":\"https:\\\/\\\/radioleinewelle.de\\\/#\\\/schema\\\/logo\\\/image\\\/\"},\"sameAs\":[\"https:\\\/\\\/www.facebook.com\\\/radioleinewelle\",\"https:\\\/\\\/x.com\\\/RLeinewelle\",\"https:\\\/\\\/www.instagram.com\\\/radioleinewelle\\\/?hl=de\"]},{\"@type\":\"Person\",\"@id\":\"https:\\\/\\\/radioleinewelle.de\\\/#\\\/schema\\\/person\\\/45606f348637df637192dc1b68399a63\",\"name\":\"Leinewelle\",\"image\":{\"@type\":\"ImageObject\",\"inLanguage\":\"de\",\"@id\":\"https:\\\/\\\/secure.gravatar.com\\\/avatar\\\/05c9a17bc973052ee5d91549bd32fb4dd0dc85b7b85ae94b2e2b4943476bbea5?s=96&d=blank&r=g\",\"url\":\"https:\\\/\\\/secure.gravatar.com\\\/avatar\\\/05c9a17bc973052ee5d91549bd32fb4dd0dc85b7b85ae94b2e2b4943476bbea5?s=96&d=blank&r=g\",\"contentUrl\":\"https:\\\/\\\/secure.gravatar.com\\\/avatar\\\/05c9a17bc973052ee5d91549bd32fb4dd0dc85b7b85ae94b2e2b4943476bbea5?s=96&d=blank&r=g\",\"caption\":\"Leinewelle\"},\"sameAs\":[\"http:\\\/\\\/localhost\\\/radio%20leinewelle\\\/wordpress\",\"https:\\\/\\\/www.facebook.com\\\/radioleinewelle\",\"https:\\\/\\\/www.instagram.com\\\/radioleinewelle\",\"https:\\\/\\\/x.com\\\/https:\\\/\\\/twitter.com\\\/RLeinewelle?ref_src=twsrcgoogletwcampserptwgrauthor\",\"https:\\\/\\\/soundcloud.com\\\/foerderverein-lokalradio?utm_source=clipboard&utm_medium=text&utm_campaign=social_sharing\"],\"url\":\"https:\\\/\\\/radioleinewelle.de\\\/index.php\\\/author\\\/leinewelle\\\/\"}]}<\/script>\n<!-- \/ Yoast SEO plugin. -->","yoast_head_json":{"title":"\u201eVon G\u00f6ttingen in die weite Welt!\u201c Filmplakate im zufall.lab - Radio Leinewelle","robots":{"index":"index","follow":"follow","max-snippet":"max-snippet:-1","max-image-preview":"max-image-preview:large","max-video-preview":"max-video-preview:-1"},"canonical":"https:\/\/radioleinewelle.de\/index.php\/2023\/09\/18\/von-goettingen-in-die-weite-welt-filmplakate-im-zufall-lab\/","og_locale":"de_DE","og_type":"article","og_title":"\u201eVon G\u00f6ttingen in die weite Welt!\u201c Filmplakate im zufall.lab - Radio Leinewelle","og_description":"Unter diesem Motto sind noch bis Sonntag, 24. September, Plakate zu 23 G\u00f6ttinger Filmen aus 13 L\u00e4ndern im zufall.lab zu bestaunen. Ge\u00f6ffnet ist die Ausstellung am Montag (18. September) und Mittwoch (20. September) jeweils von 13 bis 17 Uhr und letztmalig am Sonntag von 14 bis 18 Uhr. Der Eintritt ist frei. Neben den Filmplakaten, [&hellip;]","og_url":"https:\/\/radioleinewelle.de\/index.php\/2023\/09\/18\/von-goettingen-in-die-weite-welt-filmplakate-im-zufall-lab\/","og_site_name":"Radio Leinewelle","article_publisher":"https:\/\/www.facebook.com\/radioleinewelle","article_author":"https:\/\/www.facebook.com\/radioleinewelle","article_published_time":"2023-09-18T06:07:36+00:00","article_modified_time":"2023-09-18T06:07:38+00:00","og_image":[{"width":1000,"height":746,"url":"https:\/\/radioleinewelle.de\/wp-content\/uploads\/2023\/09\/Alexander-Siebrecht-mit-Plakat-2-9.08.2023-\u00a9-Sven-Schreivogel-scaled-e1695017190186.jpg","type":"image\/jpeg"}],"author":"Leinewelle","twitter_card":"summary_large_image","twitter_creator":"@https:\/\/twitter.com\/RLeinewelle?ref_src=twsrcgoogletwcampserptwgrauthor","twitter_site":"@RLeinewelle","twitter_misc":{"Verfasst von":"Leinewelle","Gesch\u00e4tzte Lesezeit":"2\u00a0Minuten"},"schema":{"@context":"https:\/\/schema.org","@graph":[{"@type":"Article","@id":"https:\/\/radioleinewelle.de\/index.php\/2023\/09\/18\/von-goettingen-in-die-weite-welt-filmplakate-im-zufall-lab\/#article","isPartOf":{"@id":"https:\/\/radioleinewelle.de\/index.php\/2023\/09\/18\/von-goettingen-in-die-weite-welt-filmplakate-im-zufall-lab\/"},"author":{"name":"Leinewelle","@id":"https:\/\/radioleinewelle.de\/#\/schema\/person\/45606f348637df637192dc1b68399a63"},"headline":"\u201eVon G\u00f6ttingen in die weite Welt!\u201c Filmplakate im zufall.lab","datePublished":"2023-09-18T06:07:36+00:00","dateModified":"2023-09-18T06:07:38+00:00","mainEntityOfPage":{"@id":"https:\/\/radioleinewelle.de\/index.php\/2023\/09\/18\/von-goettingen-in-die-weite-welt-filmplakate-im-zufall-lab\/"},"wordCount":245,"commentCount":0,"publisher":{"@id":"https:\/\/radioleinewelle.de\/#organization"},"image":{"@id":"https:\/\/radioleinewelle.de\/index.php\/2023\/09\/18\/von-goettingen-in-die-weite-welt-filmplakate-im-zufall-lab\/#primaryimage"},"thumbnailUrl":"https:\/\/radioleinewelle.de\/wp-content\/uploads\/2023\/09\/Alexander-Siebrecht-mit-Plakat-2-9.08.2023-\u00a9-Sven-Schreivogel-scaled-e1695017190186.jpg","articleSection":["Ausstellungen"],"inLanguage":"de","potentialAction":[{"@type":"CommentAction","name":"Comment","target":["https:\/\/radioleinewelle.de\/index.php\/2023\/09\/18\/von-goettingen-in-die-weite-welt-filmplakate-im-zufall-lab\/#respond"]}]},{"@type":"WebPage","@id":"https:\/\/radioleinewelle.de\/index.php\/2023\/09\/18\/von-goettingen-in-die-weite-welt-filmplakate-im-zufall-lab\/","url":"https:\/\/radioleinewelle.de\/index.php\/2023\/09\/18\/von-goettingen-in-die-weite-welt-filmplakate-im-zufall-lab\/","name":"\u201eVon G\u00f6ttingen in die weite Welt!\u201c Filmplakate im zufall.lab - Radio Leinewelle","isPartOf":{"@id":"https:\/\/radioleinewelle.de\/#website"},"primaryImageOfPage":{"@id":"https:\/\/radioleinewelle.de\/index.php\/2023\/09\/18\/von-goettingen-in-die-weite-welt-filmplakate-im-zufall-lab\/#primaryimage"},"image":{"@id":"https:\/\/radioleinewelle.de\/index.php\/2023\/09\/18\/von-goettingen-in-die-weite-welt-filmplakate-im-zufall-lab\/#primaryimage"},"thumbnailUrl":"https:\/\/radioleinewelle.de\/wp-content\/uploads\/2023\/09\/Alexander-Siebrecht-mit-Plakat-2-9.08.2023-\u00a9-Sven-Schreivogel-scaled-e1695017190186.jpg","datePublished":"2023-09-18T06:07:36+00:00","dateModified":"2023-09-18T06:07:38+00:00","breadcrumb":{"@id":"https:\/\/radioleinewelle.de\/index.php\/2023\/09\/18\/von-goettingen-in-die-weite-welt-filmplakate-im-zufall-lab\/#breadcrumb"},"inLanguage":"de","potentialAction":[{"@type":"ReadAction","target":["https:\/\/radioleinewelle.de\/index.php\/2023\/09\/18\/von-goettingen-in-die-weite-welt-filmplakate-im-zufall-lab\/"]}]},{"@type":"ImageObject","inLanguage":"de","@id":"https:\/\/radioleinewelle.de\/index.php\/2023\/09\/18\/von-goettingen-in-die-weite-welt-filmplakate-im-zufall-lab\/#primaryimage","url":"https:\/\/radioleinewelle.de\/wp-content\/uploads\/2023\/09\/Alexander-Siebrecht-mit-Plakat-2-9.08.2023-\u00a9-Sven-Schreivogel-scaled-e1695017190186.jpg","contentUrl":"https:\/\/radioleinewelle.de\/wp-content\/uploads\/2023\/09\/Alexander-Siebrecht-mit-Plakat-2-9.08.2023-\u00a9-Sven-Schreivogel-scaled-e1695017190186.jpg","width":1000,"height":746},{"@type":"BreadcrumbList","@id":"https:\/\/radioleinewelle.de\/index.php\/2023\/09\/18\/von-goettingen-in-die-weite-welt-filmplakate-im-zufall-lab\/#breadcrumb","itemListElement":[{"@type":"ListItem","position":1,"name":"Startseite","item":"https:\/\/radioleinewelle.de\/"},{"@type":"ListItem","position":2,"name":"\u201eVon G\u00f6ttingen in die weite Welt!\u201c Filmplakate im zufall.lab"}]},{"@type":"WebSite","@id":"https:\/\/radioleinewelle.de\/#website","url":"https:\/\/radioleinewelle.de\/","name":"Radio Leinewelle","description":"","publisher":{"@id":"https:\/\/radioleinewelle.de\/#organization"},"potentialAction":[{"@type":"SearchAction","target":{"@type":"EntryPoint","urlTemplate":"https:\/\/radioleinewelle.de\/?s={search_term_string}"},"query-input":{"@type":"PropertyValueSpecification","valueRequired":true,"valueName":"search_term_string"}}],"inLanguage":"de"},{"@type":"Organization","@id":"https:\/\/radioleinewelle.de\/#organization","name":"Radio Leinewelle","alternateName":"Mein Radio f\u00fcr S\u00fcdniedersachsen","url":"https:\/\/radioleinewelle.de\/","logo":{"@type":"ImageObject","inLanguage":"de","@id":"https:\/\/radioleinewelle.de\/#\/schema\/logo\/image\/","url":"https:\/\/radioleinewelle.de\/wp-content\/uploads\/2023\/11\/cropped-Leinewelle_Logo_weiss.png","contentUrl":"https:\/\/radioleinewelle.de\/wp-content\/uploads\/2023\/11\/cropped-Leinewelle_Logo_weiss.png","width":854,"height":260,"caption":"Radio Leinewelle"},"image":{"@id":"https:\/\/radioleinewelle.de\/#\/schema\/logo\/image\/"},"sameAs":["https:\/\/www.facebook.com\/radioleinewelle","https:\/\/x.com\/RLeinewelle","https:\/\/www.instagram.com\/radioleinewelle\/?hl=de"]},{"@type":"Person","@id":"https:\/\/radioleinewelle.de\/#\/schema\/person\/45606f348637df637192dc1b68399a63","name":"Leinewelle","image":{"@type":"ImageObject","inLanguage":"de","@id":"https:\/\/secure.gravatar.com\/avatar\/05c9a17bc973052ee5d91549bd32fb4dd0dc85b7b85ae94b2e2b4943476bbea5?s=96&d=blank&r=g","url":"https:\/\/secure.gravatar.com\/avatar\/05c9a17bc973052ee5d91549bd32fb4dd0dc85b7b85ae94b2e2b4943476bbea5?s=96&d=blank&r=g","contentUrl":"https:\/\/secure.gravatar.com\/avatar\/05c9a17bc973052ee5d91549bd32fb4dd0dc85b7b85ae94b2e2b4943476bbea5?s=96&d=blank&r=g","caption":"Leinewelle"},"sameAs":["http:\/\/localhost\/radio%20leinewelle\/wordpress","https:\/\/www.facebook.com\/radioleinewelle","https:\/\/www.instagram.com\/radioleinewelle","https:\/\/x.com\/https:\/\/twitter.com\/RLeinewelle?ref_src=twsrcgoogletwcampserptwgrauthor","https:\/\/soundcloud.com\/foerderverein-lokalradio?utm_source=clipboard&utm_medium=text&utm_campaign=social_sharing"],"url":"https:\/\/radioleinewelle.de\/index.php\/author\/leinewelle\/"}]}},"_links":{"self":[{"href":"https:\/\/radioleinewelle.de\/index.php\/wp-json\/wp\/v2\/posts\/23604","targetHints":{"allow":["GET"]}}],"collection":[{"href":"https:\/\/radioleinewelle.de\/index.php\/wp-json\/wp\/v2\/posts"}],"about":[{"href":"https:\/\/radioleinewelle.de\/index.php\/wp-json\/wp\/v2\/types\/post"}],"author":[{"embeddable":true,"href":"https:\/\/radioleinewelle.de\/index.php\/wp-json\/wp\/v2\/users\/1"}],"replies":[{"embeddable":true,"href":"https:\/\/radioleinewelle.de\/index.php\/wp-json\/wp\/v2\/comments?post=23604"}],"version-history":[{"count":3,"href":"https:\/\/radioleinewelle.de\/index.php\/wp-json\/wp\/v2\/posts\/23604\/revisions"}],"predecessor-version":[{"id":23608,"href":"https:\/\/radioleinewelle.de\/index.php\/wp-json\/wp\/v2\/posts\/23604\/revisions\/23608"}],"wp:featuredmedia":[{"embeddable":true,"href":"https:\/\/radioleinewelle.de\/index.php\/wp-json\/wp\/v2\/media\/23607"}],"wp:attachment":[{"href":"https:\/\/radioleinewelle.de\/index.php\/wp-json\/wp\/v2\/media?parent=23604"}],"wp:term":[{"taxonomy":"category","embeddable":true,"href":"https:\/\/radioleinewelle.de\/index.php\/wp-json\/wp\/v2\/categories?post=23604"},{"taxonomy":"post_tag","embeddable":true,"href":"https:\/\/radioleinewelle.de\/index.php\/wp-json\/wp\/v2\/tags?post=23604"}],"curies":[{"name":"wp","href":"https:\/\/api.w.org\/{rel}","templated":true}]}}