{"id":23609,"date":"2023-09-21T10:04:30","date_gmt":"2023-09-21T08:04:30","guid":{"rendered":"https:\/\/radioleinewelle.de\/?p=23609"},"modified":"2023-09-21T18:24:45","modified_gmt":"2023-09-21T16:24:45","slug":"alles-klar-fuer-den-goettinger-lichterlauf-am-07-oktober","status":"publish","type":"post","link":"https:\/\/radioleinewelle.de\/index.php\/2023\/09\/21\/alles-klar-fuer-den-goettinger-lichterlauf-am-07-oktober\/","title":{"rendered":"Alles klar f\u00fcr den G\u00f6ttinger Lichterlauf am 07.Oktober"},"content":{"rendered":"\n<p>Am Samstag den 07.10. um 18:30 Uhr ist es wieder soweit: dann f\u00e4llt der Startschuss f\u00fcr den diesj\u00e4hrigen Lichterlauf am Kiessee. Nach drei Jahren Zwangspause durch Corona und schlechte Wetterbedingungen findet dieser Event zugunsten des G\u00f6ttinger Elternhauses f\u00fcr das krebskranke Kind wieder statt. Der Lichterlauf ist ein multimediales Ereignis f\u00fcr jung und alt. Sportlich findet ab 18:30 Uhr ein Kinderlauf statt, der Hauptlauf um den See (2,3 Kilometer) findet ab 19:30 Uhr statt. Hier geht es nicht um Schnelligkeit, und Wettbewerb, sondern um das gemeinsame Erleben, quasi einen atmosph\u00e4rischen Lauf, so Andreas Lindemeier vom Organisationsteam des Lichterlaufs. Gegenseitige R\u00fccksichtnahme steht im Vordergrund. Wegen der zu erwartenden hohen Teilnehmerzahl ist die Nutzung von Walkingst\u00f6cken nicht zugelassen. Entlang der gesamten Strecke um den Kiessee erwarten die Teilnehmer*innen zahlreiche Lichtinstallationen und Musikgruppen. Das Programm und zus\u00e4tzliche Infos sind unter <a href=\"http:\/\/www.goettinger-Lichterlauf.de\"><strong>www.goettinger-Lichterlauf.de<\/strong><\/a> zu finden. Nat\u00fcrlich ist auch &#8222;kreative Selbstbeleuchtung&#8220; erw\u00fcnscht, betont Dagmar Hildebrandt-Linne, Gesch\u00e4ftsf\u00fchrerin des Elternhauses. Im Zielbereich des Lichterlaufs befindet sich das Spendenzelt und die Hauptb\u00fchne. Dort tritt gegen 21:30 Uhr der &#8222;Voice Of Germany&#8220; Finalist Tammo F\u00f6rster auf. Neben dem 12-k\u00f6pfigen Organisationsteam k\u00fcmmern sich 120 ehrenamtliche Helfer*innen um den reibungslosen Ablauf der Veranstaltung. Unterst\u00fctzt wird der G\u00f6ttinger Lichterlauf von zahlreichen Firmen, Organisationen und Einrichtungen aus der Region. Schirmherrin ist die G\u00f6ttinger Oberb\u00fcrgermeisterin Petra Broistedt.<\/p>\n\n\n\n<p><strong>Foto:<\/strong> Das Orgateam des Lichterlaufs \u00a9Radio Leinewelle <em>Ulf Engelmayer<\/em><\/p>\n","protected":false},"excerpt":{"rendered":"<p>Am Samstag den 07.10. um 18:30 Uhr ist es wieder soweit: dann f\u00e4llt der Startschuss f\u00fcr den diesj\u00e4hrigen Lichterlauf am Kiessee. Nach drei Jahren Zwangspause durch Corona und schlechte Wetterbedingungen findet dieser Event zugunsten des G\u00f6ttinger Elternhauses f\u00fcr das krebskranke Kind wieder statt. Der Lichterlauf ist ein multimediales Ereignis f\u00fcr jung und alt. Sportlich findet [&hellip;]<\/p>\n","protected":false},"author":1,"featured_media":23610,"comment_status":"open","ping_status":"open","sticky":true,"template":"","format":"standard","meta":{"saved_in_kubio":false,"footnotes":""},"categories":[49],"tags":[],"class_list":["post-23609","post","type-post","status-publish","format-standard","has-post-thumbnail","hentry","category-charity"],"yoast_head":"<!-- This site is optimized with the Yoast SEO plugin v27.5 - https:\/\/yoast.com\/product\/yoast-seo-wordpress\/ -->\n<title>Alles klar f\u00fcr den G\u00f6ttinger Lichterlauf am 07.Oktober - Radio Leinewelle<\/title>\n<meta name=\"robots\" content=\"index, follow, max-snippet:-1, max-image-preview:large, max-video-preview:-1\" \/>\n<link rel=\"canonical\" href=\"https:\/\/radioleinewelle.de\/index.php\/2023\/09\/21\/alles-klar-fuer-den-goettinger-lichterlauf-am-07-oktober\/\" \/>\n<meta property=\"og:locale\" content=\"de_DE\" \/>\n<meta property=\"og:type\" content=\"article\" \/>\n<meta property=\"og:title\" content=\"Alles klar f\u00fcr den G\u00f6ttinger Lichterlauf am 07.Oktober - Radio Leinewelle\" \/>\n<meta property=\"og:description\" content=\"Am Samstag den 07.10. um 18:30 Uhr ist es wieder soweit: dann f\u00e4llt der Startschuss f\u00fcr den diesj\u00e4hrigen Lichterlauf am Kiessee. Nach drei Jahren Zwangspause durch Corona und schlechte Wetterbedingungen findet dieser Event zugunsten des G\u00f6ttinger Elternhauses f\u00fcr das krebskranke Kind wieder statt. Der Lichterlauf ist ein multimediales Ereignis f\u00fcr jung und alt. Sportlich findet [&hellip;]\" \/>\n<meta property=\"og:url\" content=\"https:\/\/radioleinewelle.de\/index.php\/2023\/09\/21\/alles-klar-fuer-den-goettinger-lichterlauf-am-07-oktober\/\" \/>\n<meta property=\"og:site_name\" content=\"Radio Leinewelle\" \/>\n<meta property=\"article:publisher\" content=\"https:\/\/www.facebook.com\/radioleinewelle\" \/>\n<meta property=\"article:author\" content=\"https:\/\/www.facebook.com\/radioleinewelle\" \/>\n<meta property=\"article:published_time\" content=\"2023-09-21T08:04:30+00:00\" \/>\n<meta property=\"article:modified_time\" content=\"2023-09-21T16:24:45+00:00\" \/>\n<meta property=\"og:image\" content=\"https:\/\/radioleinewelle.de\/wp-content\/uploads\/2023\/09\/Lichterlauf-2023.jpg\" \/>\n\t<meta property=\"og:image:width\" content=\"1760\" \/>\n\t<meta property=\"og:image:height\" content=\"990\" \/>\n\t<meta property=\"og:image:type\" content=\"image\/jpeg\" \/>\n<meta name=\"author\" content=\"Leinewelle\" \/>\n<meta name=\"twitter:card\" content=\"summary_large_image\" \/>\n<meta name=\"twitter:creator\" content=\"@https:\/\/twitter.com\/RLeinewelle?ref_src=twsrcgoogletwcampserptwgrauthor\" \/>\n<meta name=\"twitter:site\" content=\"@RLeinewelle\" \/>\n<meta name=\"twitter:label1\" content=\"Verfasst von\" \/>\n\t<meta name=\"twitter:data1\" content=\"Leinewelle\" \/>\n\t<meta name=\"twitter:label2\" content=\"Gesch\u00e4tzte Lesezeit\" \/>\n\t<meta name=\"twitter:data2\" content=\"2\u00a0Minuten\" \/>\n<script type=\"application\/ld+json\" class=\"yoast-schema-graph\">{\"@context\":\"https:\\\/\\\/schema.org\",\"@graph\":[{\"@type\":\"Article\",\"@id\":\"https:\\\/\\\/radioleinewelle.de\\\/index.php\\\/2023\\\/09\\\/21\\\/alles-klar-fuer-den-goettinger-lichterlauf-am-07-oktober\\\/#article\",\"isPartOf\":{\"@id\":\"https:\\\/\\\/radioleinewelle.de\\\/index.php\\\/2023\\\/09\\\/21\\\/alles-klar-fuer-den-goettinger-lichterlauf-am-07-oktober\\\/\"},\"author\":{\"name\":\"Leinewelle\",\"@id\":\"https:\\\/\\\/radioleinewelle.de\\\/#\\\/schema\\\/person\\\/45606f348637df637192dc1b68399a63\"},\"headline\":\"Alles klar f\u00fcr den G\u00f6ttinger Lichterlauf am 07.Oktober\",\"datePublished\":\"2023-09-21T08:04:30+00:00\",\"dateModified\":\"2023-09-21T16:24:45+00:00\",\"mainEntityOfPage\":{\"@id\":\"https:\\\/\\\/radioleinewelle.de\\\/index.php\\\/2023\\\/09\\\/21\\\/alles-klar-fuer-den-goettinger-lichterlauf-am-07-oktober\\\/\"},\"wordCount\":249,\"commentCount\":0,\"publisher\":{\"@id\":\"https:\\\/\\\/radioleinewelle.de\\\/#organization\"},\"image\":{\"@id\":\"https:\\\/\\\/radioleinewelle.de\\\/index.php\\\/2023\\\/09\\\/21\\\/alles-klar-fuer-den-goettinger-lichterlauf-am-07-oktober\\\/#primaryimage\"},\"thumbnailUrl\":\"https:\\\/\\\/radioleinewelle.de\\\/wp-content\\\/uploads\\\/2023\\\/09\\\/Lichterlauf-2023.jpg\",\"articleSection\":[\"Charity\"],\"inLanguage\":\"de\",\"potentialAction\":[{\"@type\":\"CommentAction\",\"name\":\"Comment\",\"target\":[\"https:\\\/\\\/radioleinewelle.de\\\/index.php\\\/2023\\\/09\\\/21\\\/alles-klar-fuer-den-goettinger-lichterlauf-am-07-oktober\\\/#respond\"]}]},{\"@type\":\"WebPage\",\"@id\":\"https:\\\/\\\/radioleinewelle.de\\\/index.php\\\/2023\\\/09\\\/21\\\/alles-klar-fuer-den-goettinger-lichterlauf-am-07-oktober\\\/\",\"url\":\"https:\\\/\\\/radioleinewelle.de\\\/index.php\\\/2023\\\/09\\\/21\\\/alles-klar-fuer-den-goettinger-lichterlauf-am-07-oktober\\\/\",\"name\":\"Alles klar f\u00fcr den G\u00f6ttinger Lichterlauf am 07.Oktober - Radio Leinewelle\",\"isPartOf\":{\"@id\":\"https:\\\/\\\/radioleinewelle.de\\\/#website\"},\"primaryImageOfPage\":{\"@id\":\"https:\\\/\\\/radioleinewelle.de\\\/index.php\\\/2023\\\/09\\\/21\\\/alles-klar-fuer-den-goettinger-lichterlauf-am-07-oktober\\\/#primaryimage\"},\"image\":{\"@id\":\"https:\\\/\\\/radioleinewelle.de\\\/index.php\\\/2023\\\/09\\\/21\\\/alles-klar-fuer-den-goettinger-lichterlauf-am-07-oktober\\\/#primaryimage\"},\"thumbnailUrl\":\"https:\\\/\\\/radioleinewelle.de\\\/wp-content\\\/uploads\\\/2023\\\/09\\\/Lichterlauf-2023.jpg\",\"datePublished\":\"2023-09-21T08:04:30+00:00\",\"dateModified\":\"2023-09-21T16:24:45+00:00\",\"breadcrumb\":{\"@id\":\"https:\\\/\\\/radioleinewelle.de\\\/index.php\\\/2023\\\/09\\\/21\\\/alles-klar-fuer-den-goettinger-lichterlauf-am-07-oktober\\\/#breadcrumb\"},\"inLanguage\":\"de\",\"potentialAction\":[{\"@type\":\"ReadAction\",\"target\":[\"https:\\\/\\\/radioleinewelle.de\\\/index.php\\\/2023\\\/09\\\/21\\\/alles-klar-fuer-den-goettinger-lichterlauf-am-07-oktober\\\/\"]}]},{\"@type\":\"ImageObject\",\"inLanguage\":\"de\",\"@id\":\"https:\\\/\\\/radioleinewelle.de\\\/index.php\\\/2023\\\/09\\\/21\\\/alles-klar-fuer-den-goettinger-lichterlauf-am-07-oktober\\\/#primaryimage\",\"url\":\"https:\\\/\\\/radioleinewelle.de\\\/wp-content\\\/uploads\\\/2023\\\/09\\\/Lichterlauf-2023.jpg\",\"contentUrl\":\"https:\\\/\\\/radioleinewelle.de\\\/wp-content\\\/uploads\\\/2023\\\/09\\\/Lichterlauf-2023.jpg\",\"width\":1760,\"height\":990},{\"@type\":\"BreadcrumbList\",\"@id\":\"https:\\\/\\\/radioleinewelle.de\\\/index.php\\\/2023\\\/09\\\/21\\\/alles-klar-fuer-den-goettinger-lichterlauf-am-07-oktober\\\/#breadcrumb\",\"itemListElement\":[{\"@type\":\"ListItem\",\"position\":1,\"name\":\"Startseite\",\"item\":\"https:\\\/\\\/radioleinewelle.de\\\/\"},{\"@type\":\"ListItem\",\"position\":2,\"name\":\"Alles klar f\u00fcr den G\u00f6ttinger Lichterlauf am 07.Oktober\"}]},{\"@type\":\"WebSite\",\"@id\":\"https:\\\/\\\/radioleinewelle.de\\\/#website\",\"url\":\"https:\\\/\\\/radioleinewelle.de\\\/\",\"name\":\"Radio Leinewelle\",\"description\":\"\",\"publisher\":{\"@id\":\"https:\\\/\\\/radioleinewelle.de\\\/#organization\"},\"potentialAction\":[{\"@type\":\"SearchAction\",\"target\":{\"@type\":\"EntryPoint\",\"urlTemplate\":\"https:\\\/\\\/radioleinewelle.de\\\/?s={search_term_string}\"},\"query-input\":{\"@type\":\"PropertyValueSpecification\",\"valueRequired\":true,\"valueName\":\"search_term_string\"}}],\"inLanguage\":\"de\"},{\"@type\":\"Organization\",\"@id\":\"https:\\\/\\\/radioleinewelle.de\\\/#organization\",\"name\":\"Radio Leinewelle\",\"alternateName\":\"Mein Radio f\u00fcr S\u00fcdniedersachsen\",\"url\":\"https:\\\/\\\/radioleinewelle.de\\\/\",\"logo\":{\"@type\":\"ImageObject\",\"inLanguage\":\"de\",\"@id\":\"https:\\\/\\\/radioleinewelle.de\\\/#\\\/schema\\\/logo\\\/image\\\/\",\"url\":\"https:\\\/\\\/radioleinewelle.de\\\/wp-content\\\/uploads\\\/2023\\\/11\\\/cropped-Leinewelle_Logo_weiss.png\",\"contentUrl\":\"https:\\\/\\\/radioleinewelle.de\\\/wp-content\\\/uploads\\\/2023\\\/11\\\/cropped-Leinewelle_Logo_weiss.png\",\"width\":854,\"height\":260,\"caption\":\"Radio Leinewelle\"},\"image\":{\"@id\":\"https:\\\/\\\/radioleinewelle.de\\\/#\\\/schema\\\/logo\\\/image\\\/\"},\"sameAs\":[\"https:\\\/\\\/www.facebook.com\\\/radioleinewelle\",\"https:\\\/\\\/x.com\\\/RLeinewelle\",\"https:\\\/\\\/www.instagram.com\\\/radioleinewelle\\\/?hl=de\"]},{\"@type\":\"Person\",\"@id\":\"https:\\\/\\\/radioleinewelle.de\\\/#\\\/schema\\\/person\\\/45606f348637df637192dc1b68399a63\",\"name\":\"Leinewelle\",\"image\":{\"@type\":\"ImageObject\",\"inLanguage\":\"de\",\"@id\":\"https:\\\/\\\/secure.gravatar.com\\\/avatar\\\/05c9a17bc973052ee5d91549bd32fb4dd0dc85b7b85ae94b2e2b4943476bbea5?s=96&d=blank&r=g\",\"url\":\"https:\\\/\\\/secure.gravatar.com\\\/avatar\\\/05c9a17bc973052ee5d91549bd32fb4dd0dc85b7b85ae94b2e2b4943476bbea5?s=96&d=blank&r=g\",\"contentUrl\":\"https:\\\/\\\/secure.gravatar.com\\\/avatar\\\/05c9a17bc973052ee5d91549bd32fb4dd0dc85b7b85ae94b2e2b4943476bbea5?s=96&d=blank&r=g\",\"caption\":\"Leinewelle\"},\"sameAs\":[\"http:\\\/\\\/localhost\\\/radio%20leinewelle\\\/wordpress\",\"https:\\\/\\\/www.facebook.com\\\/radioleinewelle\",\"https:\\\/\\\/www.instagram.com\\\/radioleinewelle\",\"https:\\\/\\\/x.com\\\/https:\\\/\\\/twitter.com\\\/RLeinewelle?ref_src=twsrcgoogletwcampserptwgrauthor\",\"https:\\\/\\\/soundcloud.com\\\/foerderverein-lokalradio?utm_source=clipboard&utm_medium=text&utm_campaign=social_sharing\"],\"url\":\"https:\\\/\\\/radioleinewelle.de\\\/index.php\\\/author\\\/leinewelle\\\/\"}]}<\/script>\n<!-- \/ Yoast SEO plugin. -->","yoast_head_json":{"title":"Alles klar f\u00fcr den G\u00f6ttinger Lichterlauf am 07.Oktober - Radio Leinewelle","robots":{"index":"index","follow":"follow","max-snippet":"max-snippet:-1","max-image-preview":"max-image-preview:large","max-video-preview":"max-video-preview:-1"},"canonical":"https:\/\/radioleinewelle.de\/index.php\/2023\/09\/21\/alles-klar-fuer-den-goettinger-lichterlauf-am-07-oktober\/","og_locale":"de_DE","og_type":"article","og_title":"Alles klar f\u00fcr den G\u00f6ttinger Lichterlauf am 07.Oktober - Radio Leinewelle","og_description":"Am Samstag den 07.10. um 18:30 Uhr ist es wieder soweit: dann f\u00e4llt der Startschuss f\u00fcr den diesj\u00e4hrigen Lichterlauf am Kiessee. Nach drei Jahren Zwangspause durch Corona und schlechte Wetterbedingungen findet dieser Event zugunsten des G\u00f6ttinger Elternhauses f\u00fcr das krebskranke Kind wieder statt. Der Lichterlauf ist ein multimediales Ereignis f\u00fcr jung und alt. Sportlich findet [&hellip;]","og_url":"https:\/\/radioleinewelle.de\/index.php\/2023\/09\/21\/alles-klar-fuer-den-goettinger-lichterlauf-am-07-oktober\/","og_site_name":"Radio Leinewelle","article_publisher":"https:\/\/www.facebook.com\/radioleinewelle","article_author":"https:\/\/www.facebook.com\/radioleinewelle","article_published_time":"2023-09-21T08:04:30+00:00","article_modified_time":"2023-09-21T16:24:45+00:00","og_image":[{"width":1760,"height":990,"url":"https:\/\/radioleinewelle.de\/wp-content\/uploads\/2023\/09\/Lichterlauf-2023.jpg","type":"image\/jpeg"}],"author":"Leinewelle","twitter_card":"summary_large_image","twitter_creator":"@https:\/\/twitter.com\/RLeinewelle?ref_src=twsrcgoogletwcampserptwgrauthor","twitter_site":"@RLeinewelle","twitter_misc":{"Verfasst von":"Leinewelle","Gesch\u00e4tzte Lesezeit":"2\u00a0Minuten"},"schema":{"@context":"https:\/\/schema.org","@graph":[{"@type":"Article","@id":"https:\/\/radioleinewelle.de\/index.php\/2023\/09\/21\/alles-klar-fuer-den-goettinger-lichterlauf-am-07-oktober\/#article","isPartOf":{"@id":"https:\/\/radioleinewelle.de\/index.php\/2023\/09\/21\/alles-klar-fuer-den-goettinger-lichterlauf-am-07-oktober\/"},"author":{"name":"Leinewelle","@id":"https:\/\/radioleinewelle.de\/#\/schema\/person\/45606f348637df637192dc1b68399a63"},"headline":"Alles klar f\u00fcr den G\u00f6ttinger Lichterlauf am 07.Oktober","datePublished":"2023-09-21T08:04:30+00:00","dateModified":"2023-09-21T16:24:45+00:00","mainEntityOfPage":{"@id":"https:\/\/radioleinewelle.de\/index.php\/2023\/09\/21\/alles-klar-fuer-den-goettinger-lichterlauf-am-07-oktober\/"},"wordCount":249,"commentCount":0,"publisher":{"@id":"https:\/\/radioleinewelle.de\/#organization"},"image":{"@id":"https:\/\/radioleinewelle.de\/index.php\/2023\/09\/21\/alles-klar-fuer-den-goettinger-lichterlauf-am-07-oktober\/#primaryimage"},"thumbnailUrl":"https:\/\/radioleinewelle.de\/wp-content\/uploads\/2023\/09\/Lichterlauf-2023.jpg","articleSection":["Charity"],"inLanguage":"de","potentialAction":[{"@type":"CommentAction","name":"Comment","target":["https:\/\/radioleinewelle.de\/index.php\/2023\/09\/21\/alles-klar-fuer-den-goettinger-lichterlauf-am-07-oktober\/#respond"]}]},{"@type":"WebPage","@id":"https:\/\/radioleinewelle.de\/index.php\/2023\/09\/21\/alles-klar-fuer-den-goettinger-lichterlauf-am-07-oktober\/","url":"https:\/\/radioleinewelle.de\/index.php\/2023\/09\/21\/alles-klar-fuer-den-goettinger-lichterlauf-am-07-oktober\/","name":"Alles klar f\u00fcr den G\u00f6ttinger Lichterlauf am 07.Oktober - Radio Leinewelle","isPartOf":{"@id":"https:\/\/radioleinewelle.de\/#website"},"primaryImageOfPage":{"@id":"https:\/\/radioleinewelle.de\/index.php\/2023\/09\/21\/alles-klar-fuer-den-goettinger-lichterlauf-am-07-oktober\/#primaryimage"},"image":{"@id":"https:\/\/radioleinewelle.de\/index.php\/2023\/09\/21\/alles-klar-fuer-den-goettinger-lichterlauf-am-07-oktober\/#primaryimage"},"thumbnailUrl":"https:\/\/radioleinewelle.de\/wp-content\/uploads\/2023\/09\/Lichterlauf-2023.jpg","datePublished":"2023-09-21T08:04:30+00:00","dateModified":"2023-09-21T16:24:45+00:00","breadcrumb":{"@id":"https:\/\/radioleinewelle.de\/index.php\/2023\/09\/21\/alles-klar-fuer-den-goettinger-lichterlauf-am-07-oktober\/#breadcrumb"},"inLanguage":"de","potentialAction":[{"@type":"ReadAction","target":["https:\/\/radioleinewelle.de\/index.php\/2023\/09\/21\/alles-klar-fuer-den-goettinger-lichterlauf-am-07-oktober\/"]}]},{"@type":"ImageObject","inLanguage":"de","@id":"https:\/\/radioleinewelle.de\/index.php\/2023\/09\/21\/alles-klar-fuer-den-goettinger-lichterlauf-am-07-oktober\/#primaryimage","url":"https:\/\/radioleinewelle.de\/wp-content\/uploads\/2023\/09\/Lichterlauf-2023.jpg","contentUrl":"https:\/\/radioleinewelle.de\/wp-content\/uploads\/2023\/09\/Lichterlauf-2023.jpg","width":1760,"height":990},{"@type":"BreadcrumbList","@id":"https:\/\/radioleinewelle.de\/index.php\/2023\/09\/21\/alles-klar-fuer-den-goettinger-lichterlauf-am-07-oktober\/#breadcrumb","itemListElement":[{"@type":"ListItem","position":1,"name":"Startseite","item":"https:\/\/radioleinewelle.de\/"},{"@type":"ListItem","position":2,"name":"Alles klar f\u00fcr den G\u00f6ttinger Lichterlauf am 07.Oktober"}]},{"@type":"WebSite","@id":"https:\/\/radioleinewelle.de\/#website","url":"https:\/\/radioleinewelle.de\/","name":"Radio Leinewelle","description":"","publisher":{"@id":"https:\/\/radioleinewelle.de\/#organization"},"potentialAction":[{"@type":"SearchAction","target":{"@type":"EntryPoint","urlTemplate":"https:\/\/radioleinewelle.de\/?s={search_term_string}"},"query-input":{"@type":"PropertyValueSpecification","valueRequired":true,"valueName":"search_term_string"}}],"inLanguage":"de"},{"@type":"Organization","@id":"https:\/\/radioleinewelle.de\/#organization","name":"Radio Leinewelle","alternateName":"Mein Radio f\u00fcr S\u00fcdniedersachsen","url":"https:\/\/radioleinewelle.de\/","logo":{"@type":"ImageObject","inLanguage":"de","@id":"https:\/\/radioleinewelle.de\/#\/schema\/logo\/image\/","url":"https:\/\/radioleinewelle.de\/wp-content\/uploads\/2023\/11\/cropped-Leinewelle_Logo_weiss.png","contentUrl":"https:\/\/radioleinewelle.de\/wp-content\/uploads\/2023\/11\/cropped-Leinewelle_Logo_weiss.png","width":854,"height":260,"caption":"Radio Leinewelle"},"image":{"@id":"https:\/\/radioleinewelle.de\/#\/schema\/logo\/image\/"},"sameAs":["https:\/\/www.facebook.com\/radioleinewelle","https:\/\/x.com\/RLeinewelle","https:\/\/www.instagram.com\/radioleinewelle\/?hl=de"]},{"@type":"Person","@id":"https:\/\/radioleinewelle.de\/#\/schema\/person\/45606f348637df637192dc1b68399a63","name":"Leinewelle","image":{"@type":"ImageObject","inLanguage":"de","@id":"https:\/\/secure.gravatar.com\/avatar\/05c9a17bc973052ee5d91549bd32fb4dd0dc85b7b85ae94b2e2b4943476bbea5?s=96&d=blank&r=g","url":"https:\/\/secure.gravatar.com\/avatar\/05c9a17bc973052ee5d91549bd32fb4dd0dc85b7b85ae94b2e2b4943476bbea5?s=96&d=blank&r=g","contentUrl":"https:\/\/secure.gravatar.com\/avatar\/05c9a17bc973052ee5d91549bd32fb4dd0dc85b7b85ae94b2e2b4943476bbea5?s=96&d=blank&r=g","caption":"Leinewelle"},"sameAs":["http:\/\/localhost\/radio%20leinewelle\/wordpress","https:\/\/www.facebook.com\/radioleinewelle","https:\/\/www.instagram.com\/radioleinewelle","https:\/\/x.com\/https:\/\/twitter.com\/RLeinewelle?ref_src=twsrcgoogletwcampserptwgrauthor","https:\/\/soundcloud.com\/foerderverein-lokalradio?utm_source=clipboard&utm_medium=text&utm_campaign=social_sharing"],"url":"https:\/\/radioleinewelle.de\/index.php\/author\/leinewelle\/"}]}},"_links":{"self":[{"href":"https:\/\/radioleinewelle.de\/index.php\/wp-json\/wp\/v2\/posts\/23609","targetHints":{"allow":["GET"]}}],"collection":[{"href":"https:\/\/radioleinewelle.de\/index.php\/wp-json\/wp\/v2\/posts"}],"about":[{"href":"https:\/\/radioleinewelle.de\/index.php\/wp-json\/wp\/v2\/types\/post"}],"author":[{"embeddable":true,"href":"https:\/\/radioleinewelle.de\/index.php\/wp-json\/wp\/v2\/users\/1"}],"replies":[{"embeddable":true,"href":"https:\/\/radioleinewelle.de\/index.php\/wp-json\/wp\/v2\/comments?post=23609"}],"version-history":[{"count":8,"href":"https:\/\/radioleinewelle.de\/index.php\/wp-json\/wp\/v2\/posts\/23609\/revisions"}],"predecessor-version":[{"id":23618,"href":"https:\/\/radioleinewelle.de\/index.php\/wp-json\/wp\/v2\/posts\/23609\/revisions\/23618"}],"wp:featuredmedia":[{"embeddable":true,"href":"https:\/\/radioleinewelle.de\/index.php\/wp-json\/wp\/v2\/media\/23610"}],"wp:attachment":[{"href":"https:\/\/radioleinewelle.de\/index.php\/wp-json\/wp\/v2\/media?parent=23609"}],"wp:term":[{"taxonomy":"category","embeddable":true,"href":"https:\/\/radioleinewelle.de\/index.php\/wp-json\/wp\/v2\/categories?post=23609"},{"taxonomy":"post_tag","embeddable":true,"href":"https:\/\/radioleinewelle.de\/index.php\/wp-json\/wp\/v2\/tags?post=23609"}],"curies":[{"name":"wp","href":"https:\/\/api.w.org\/{rel}","templated":true}]}}