{"id":23620,"date":"2023-09-22T09:05:06","date_gmt":"2023-09-22T07:05:06","guid":{"rendered":"https:\/\/radioleinewelle.de\/?p=23620"},"modified":"2023-11-05T13:19:48","modified_gmt":"2023-11-05T12:19:48","slug":"preistraeger-fuer-die-umgestaltung-des-waageplatzes-steht-fest","status":"publish","type":"post","link":"https:\/\/radioleinewelle.de\/index.php\/2023\/09\/22\/preistraeger-fuer-die-umgestaltung-des-waageplatzes-steht-fest\/","title":{"rendered":"Preistr\u00e4ger f\u00fcr die Umgestaltung des Waageplatzes steht fest"},"content":{"rendered":"\n<p><strong>Erster Preistr\u00e4ger des freiraumplanerischen Wettbewerbs zur Umgestaltung des Waageplatzes ist das B\u00fcro Querfeldeins aus Dresden. Acht Planungsb\u00fcros hatten Entw\u00fcrfe f\u00fcr die Umgestaltung des \u00f6ffentlichen Platzes eingereicht.  <\/strong><\/p>\n\n\n\n<p>F\u00fcr die Jury aus Fachleuten waren neben der gestalterischen Qualit\u00e4t und dem Umgang mit dem Freiraum insbesondere die Funktionalit\u00e4t und die klimaangepasste Entwicklung des Platzes wichtig. Besonders auf die Steigerung der Aufenthaltsqualit\u00e4t f\u00fcr m\u00f6glichst viele Nutzergruppen unter Ber\u00fccksichtigung von Klimaanpassungsma\u00dfnahmen legten die Preisrichter*innen wert.<\/p>\n\n\n\n<blockquote class=\"wp-block-quote is-layout-flow wp-block-quote-is-layout-flow\">\n<p>\u201eMit dem Entwurf des Dresdener B\u00fcros Querfeldeins gestalten wir diesen f\u00fcr G\u00f6ttingen wichtigen Platz unter den verschiedenen Nutzungsanspr\u00fcchen klimaangepasst um. Die organische Formsprache gliedert den Platz und zoniert den Raum in f\u00fcnf Inseln unterschiedlicher Gr\u00f6\u00dfe, Gestalt und Funktion. Dies macht den Platz gestalterisch reichhaltig. Der Waageplatz ist in seiner heutigen Gestaltung nicht mehr zeitgem\u00e4\u00df und braucht eine mutige Umgestaltung,<\/p>\n<cite>Stadtbaurat Frithjof Look<\/cite><\/blockquote>\n\n\n\n<p>Gleichzeitig soll der Entwurf aber noch bez\u00fcglich der sehr dominanten Radverkehrsf\u00fchrung und hinsichtlich der vorgesehenen Einbauten in den Leinekanal \u00fcberarbeitet werden. Zudem sollen mehr Verschattungselemente f\u00fcr den Spielplatz eingeplant werden. Der Entwurf sei laut Look so anpassungsf\u00e4hig, dass diese \u00c4nderungen im Rahmen der nun anstehenden weiteren Planungsschritte vorgenommen werden k\u00f6nnen.<\/p>\n\n\n\n<p>Die Wettbewerbsergebnisse werden nun zun\u00e4chst den Ratsgremien vorgestellt. Danach sollen die Entw\u00fcrfe noch einmal \u00f6ffentlich, im Rahmen einer Ausstellung im Umfeld des Waageplatzes, pr\u00e4sentiert werden. Voraussichtlich bis Ende des Jahres 2023 soll dann die Beauftragung des siegreichen Planungsb\u00fcros erfolgen. Es ist geplant, die weitere Ausarbeitung des Entwurfs im kommenden Jahr durch weitere Beteiligungsformate zu erg\u00e4nzen. Die Neugestaltung des Waageplatzes ist Teil des Sanierungsgebiets N\u00f6rdliche Innenstadt. Alle Infos zum Sanierungsgebiet sind unter&nbsp;<a href=\"http:\/\/mailings.goettingen.de\/c\/87175739\/8437d312179c-s1cb4z\"><strong>goe.de\/noerdliche-innenstadt<\/strong><\/a>&nbsp;zu finden.<br><\/p>\n\n\n\n<p><strong>Foto;<\/strong> \u00a9B\u00fcroquerfeldeins &#8211; Dresden \/ Stadt G\u00f6ttingen<br><\/p>\n","protected":false},"excerpt":{"rendered":"<p>Erster Preistr\u00e4ger des freiraumplanerischen Wettbewerbs zur Umgestaltung des Waageplatzes ist das B\u00fcro Querfeldeins aus Dresden. Acht Planungsb\u00fcros hatten Entw\u00fcrfe f\u00fcr die Umgestaltung des \u00f6ffentlichen Platzes eingereicht. F\u00fcr die Jury aus Fachleuten waren neben der gestalterischen Qualit\u00e4t und dem Umgang mit dem Freiraum insbesondere die Funktionalit\u00e4t und die klimaangepasste Entwicklung des Platzes wichtig. Besonders auf die [&hellip;]<\/p>\n","protected":false},"author":1,"featured_media":24092,"comment_status":"open","ping_status":"open","sticky":true,"template":"","format":"standard","meta":{"saved_in_kubio":false,"footnotes":""},"categories":[31],"tags":[],"class_list":["post-23620","post","type-post","status-publish","format-standard","has-post-thumbnail","hentry","category-bauen-verkehr"],"yoast_head":"<!-- This site is optimized with the Yoast SEO plugin v27.5 - https:\/\/yoast.com\/product\/yoast-seo-wordpress\/ -->\n<title>Preistr\u00e4ger f\u00fcr die Umgestaltung des Waageplatzes steht fest - Radio Leinewelle<\/title>\n<meta name=\"robots\" content=\"index, follow, max-snippet:-1, max-image-preview:large, max-video-preview:-1\" \/>\n<link rel=\"canonical\" href=\"https:\/\/radioleinewelle.de\/index.php\/2023\/09\/22\/preistraeger-fuer-die-umgestaltung-des-waageplatzes-steht-fest\/\" \/>\n<meta property=\"og:locale\" content=\"de_DE\" \/>\n<meta property=\"og:type\" content=\"article\" \/>\n<meta property=\"og:title\" content=\"Preistr\u00e4ger f\u00fcr die Umgestaltung des Waageplatzes steht fest - Radio Leinewelle\" \/>\n<meta property=\"og:description\" content=\"Erster Preistr\u00e4ger des freiraumplanerischen Wettbewerbs zur Umgestaltung des Waageplatzes ist das B\u00fcro Querfeldeins aus Dresden. Acht Planungsb\u00fcros hatten Entw\u00fcrfe f\u00fcr die Umgestaltung des \u00f6ffentlichen Platzes eingereicht. F\u00fcr die Jury aus Fachleuten waren neben der gestalterischen Qualit\u00e4t und dem Umgang mit dem Freiraum insbesondere die Funktionalit\u00e4t und die klimaangepasste Entwicklung des Platzes wichtig. Besonders auf die [&hellip;]\" \/>\n<meta property=\"og:url\" content=\"https:\/\/radioleinewelle.de\/index.php\/2023\/09\/22\/preistraeger-fuer-die-umgestaltung-des-waageplatzes-steht-fest\/\" \/>\n<meta property=\"og:site_name\" content=\"Radio Leinewelle\" \/>\n<meta property=\"article:publisher\" content=\"https:\/\/www.facebook.com\/radioleinewelle\" \/>\n<meta property=\"article:author\" content=\"https:\/\/www.facebook.com\/radioleinewelle\" \/>\n<meta property=\"article:published_time\" content=\"2023-09-22T07:05:06+00:00\" \/>\n<meta property=\"article:modified_time\" content=\"2023-11-05T12:19:48+00:00\" \/>\n<meta property=\"og:image\" content=\"https:\/\/radioleinewelle.de\/wp-content\/uploads\/2023\/09\/1104-A-Perspektive2-scaled.jpg\" \/>\n\t<meta property=\"og:image:width\" content=\"2560\" \/>\n\t<meta property=\"og:image:height\" content=\"1350\" \/>\n\t<meta property=\"og:image:type\" content=\"image\/jpeg\" \/>\n<meta name=\"author\" content=\"Leinewelle\" \/>\n<meta name=\"twitter:card\" content=\"summary_large_image\" \/>\n<meta name=\"twitter:creator\" content=\"@https:\/\/twitter.com\/RLeinewelle?ref_src=twsrcgoogletwcampserptwgrauthor\" \/>\n<meta name=\"twitter:site\" content=\"@RLeinewelle\" \/>\n<meta name=\"twitter:label1\" content=\"Verfasst von\" \/>\n\t<meta name=\"twitter:data1\" content=\"Leinewelle\" \/>\n\t<meta name=\"twitter:label2\" content=\"Gesch\u00e4tzte Lesezeit\" \/>\n\t<meta name=\"twitter:data2\" content=\"2\u00a0Minuten\" \/>\n<script type=\"application\/ld+json\" class=\"yoast-schema-graph\">{\"@context\":\"https:\\\/\\\/schema.org\",\"@graph\":[{\"@type\":\"Article\",\"@id\":\"https:\\\/\\\/radioleinewelle.de\\\/index.php\\\/2023\\\/09\\\/22\\\/preistraeger-fuer-die-umgestaltung-des-waageplatzes-steht-fest\\\/#article\",\"isPartOf\":{\"@id\":\"https:\\\/\\\/radioleinewelle.de\\\/index.php\\\/2023\\\/09\\\/22\\\/preistraeger-fuer-die-umgestaltung-des-waageplatzes-steht-fest\\\/\"},\"author\":{\"name\":\"Leinewelle\",\"@id\":\"https:\\\/\\\/radioleinewelle.de\\\/#\\\/schema\\\/person\\\/45606f348637df637192dc1b68399a63\"},\"headline\":\"Preistr\u00e4ger f\u00fcr die Umgestaltung des Waageplatzes steht fest\",\"datePublished\":\"2023-09-22T07:05:06+00:00\",\"dateModified\":\"2023-11-05T12:19:48+00:00\",\"mainEntityOfPage\":{\"@id\":\"https:\\\/\\\/radioleinewelle.de\\\/index.php\\\/2023\\\/09\\\/22\\\/preistraeger-fuer-die-umgestaltung-des-waageplatzes-steht-fest\\\/\"},\"wordCount\":308,\"commentCount\":0,\"publisher\":{\"@id\":\"https:\\\/\\\/radioleinewelle.de\\\/#organization\"},\"image\":{\"@id\":\"https:\\\/\\\/radioleinewelle.de\\\/index.php\\\/2023\\\/09\\\/22\\\/preistraeger-fuer-die-umgestaltung-des-waageplatzes-steht-fest\\\/#primaryimage\"},\"thumbnailUrl\":\"https:\\\/\\\/radioleinewelle.de\\\/wp-content\\\/uploads\\\/2023\\\/09\\\/1104-A-Perspektive2-scaled.jpg\",\"articleSection\":[\"Bauen &amp; Verkehr\"],\"inLanguage\":\"de\",\"potentialAction\":[{\"@type\":\"CommentAction\",\"name\":\"Comment\",\"target\":[\"https:\\\/\\\/radioleinewelle.de\\\/index.php\\\/2023\\\/09\\\/22\\\/preistraeger-fuer-die-umgestaltung-des-waageplatzes-steht-fest\\\/#respond\"]}]},{\"@type\":\"WebPage\",\"@id\":\"https:\\\/\\\/radioleinewelle.de\\\/index.php\\\/2023\\\/09\\\/22\\\/preistraeger-fuer-die-umgestaltung-des-waageplatzes-steht-fest\\\/\",\"url\":\"https:\\\/\\\/radioleinewelle.de\\\/index.php\\\/2023\\\/09\\\/22\\\/preistraeger-fuer-die-umgestaltung-des-waageplatzes-steht-fest\\\/\",\"name\":\"Preistr\u00e4ger f\u00fcr die Umgestaltung des Waageplatzes steht fest - Radio Leinewelle\",\"isPartOf\":{\"@id\":\"https:\\\/\\\/radioleinewelle.de\\\/#website\"},\"primaryImageOfPage\":{\"@id\":\"https:\\\/\\\/radioleinewelle.de\\\/index.php\\\/2023\\\/09\\\/22\\\/preistraeger-fuer-die-umgestaltung-des-waageplatzes-steht-fest\\\/#primaryimage\"},\"image\":{\"@id\":\"https:\\\/\\\/radioleinewelle.de\\\/index.php\\\/2023\\\/09\\\/22\\\/preistraeger-fuer-die-umgestaltung-des-waageplatzes-steht-fest\\\/#primaryimage\"},\"thumbnailUrl\":\"https:\\\/\\\/radioleinewelle.de\\\/wp-content\\\/uploads\\\/2023\\\/09\\\/1104-A-Perspektive2-scaled.jpg\",\"datePublished\":\"2023-09-22T07:05:06+00:00\",\"dateModified\":\"2023-11-05T12:19:48+00:00\",\"breadcrumb\":{\"@id\":\"https:\\\/\\\/radioleinewelle.de\\\/index.php\\\/2023\\\/09\\\/22\\\/preistraeger-fuer-die-umgestaltung-des-waageplatzes-steht-fest\\\/#breadcrumb\"},\"inLanguage\":\"de\",\"potentialAction\":[{\"@type\":\"ReadAction\",\"target\":[\"https:\\\/\\\/radioleinewelle.de\\\/index.php\\\/2023\\\/09\\\/22\\\/preistraeger-fuer-die-umgestaltung-des-waageplatzes-steht-fest\\\/\"]}]},{\"@type\":\"ImageObject\",\"inLanguage\":\"de\",\"@id\":\"https:\\\/\\\/radioleinewelle.de\\\/index.php\\\/2023\\\/09\\\/22\\\/preistraeger-fuer-die-umgestaltung-des-waageplatzes-steht-fest\\\/#primaryimage\",\"url\":\"https:\\\/\\\/radioleinewelle.de\\\/wp-content\\\/uploads\\\/2023\\\/09\\\/1104-A-Perspektive2-scaled.jpg\",\"contentUrl\":\"https:\\\/\\\/radioleinewelle.de\\\/wp-content\\\/uploads\\\/2023\\\/09\\\/1104-A-Perspektive2-scaled.jpg\",\"width\":2560,\"height\":1350},{\"@type\":\"BreadcrumbList\",\"@id\":\"https:\\\/\\\/radioleinewelle.de\\\/index.php\\\/2023\\\/09\\\/22\\\/preistraeger-fuer-die-umgestaltung-des-waageplatzes-steht-fest\\\/#breadcrumb\",\"itemListElement\":[{\"@type\":\"ListItem\",\"position\":1,\"name\":\"Startseite\",\"item\":\"https:\\\/\\\/radioleinewelle.de\\\/\"},{\"@type\":\"ListItem\",\"position\":2,\"name\":\"Preistr\u00e4ger f\u00fcr die Umgestaltung des Waageplatzes steht fest\"}]},{\"@type\":\"WebSite\",\"@id\":\"https:\\\/\\\/radioleinewelle.de\\\/#website\",\"url\":\"https:\\\/\\\/radioleinewelle.de\\\/\",\"name\":\"Radio Leinewelle\",\"description\":\"\",\"publisher\":{\"@id\":\"https:\\\/\\\/radioleinewelle.de\\\/#organization\"},\"potentialAction\":[{\"@type\":\"SearchAction\",\"target\":{\"@type\":\"EntryPoint\",\"urlTemplate\":\"https:\\\/\\\/radioleinewelle.de\\\/?s={search_term_string}\"},\"query-input\":{\"@type\":\"PropertyValueSpecification\",\"valueRequired\":true,\"valueName\":\"search_term_string\"}}],\"inLanguage\":\"de\"},{\"@type\":\"Organization\",\"@id\":\"https:\\\/\\\/radioleinewelle.de\\\/#organization\",\"name\":\"Radio Leinewelle\",\"alternateName\":\"Mein Radio f\u00fcr S\u00fcdniedersachsen\",\"url\":\"https:\\\/\\\/radioleinewelle.de\\\/\",\"logo\":{\"@type\":\"ImageObject\",\"inLanguage\":\"de\",\"@id\":\"https:\\\/\\\/radioleinewelle.de\\\/#\\\/schema\\\/logo\\\/image\\\/\",\"url\":\"https:\\\/\\\/radioleinewelle.de\\\/wp-content\\\/uploads\\\/2023\\\/11\\\/cropped-Leinewelle_Logo_weiss.png\",\"contentUrl\":\"https:\\\/\\\/radioleinewelle.de\\\/wp-content\\\/uploads\\\/2023\\\/11\\\/cropped-Leinewelle_Logo_weiss.png\",\"width\":854,\"height\":260,\"caption\":\"Radio Leinewelle\"},\"image\":{\"@id\":\"https:\\\/\\\/radioleinewelle.de\\\/#\\\/schema\\\/logo\\\/image\\\/\"},\"sameAs\":[\"https:\\\/\\\/www.facebook.com\\\/radioleinewelle\",\"https:\\\/\\\/x.com\\\/RLeinewelle\",\"https:\\\/\\\/www.instagram.com\\\/radioleinewelle\\\/?hl=de\"]},{\"@type\":\"Person\",\"@id\":\"https:\\\/\\\/radioleinewelle.de\\\/#\\\/schema\\\/person\\\/45606f348637df637192dc1b68399a63\",\"name\":\"Leinewelle\",\"image\":{\"@type\":\"ImageObject\",\"inLanguage\":\"de\",\"@id\":\"https:\\\/\\\/secure.gravatar.com\\\/avatar\\\/05c9a17bc973052ee5d91549bd32fb4dd0dc85b7b85ae94b2e2b4943476bbea5?s=96&d=blank&r=g\",\"url\":\"https:\\\/\\\/secure.gravatar.com\\\/avatar\\\/05c9a17bc973052ee5d91549bd32fb4dd0dc85b7b85ae94b2e2b4943476bbea5?s=96&d=blank&r=g\",\"contentUrl\":\"https:\\\/\\\/secure.gravatar.com\\\/avatar\\\/05c9a17bc973052ee5d91549bd32fb4dd0dc85b7b85ae94b2e2b4943476bbea5?s=96&d=blank&r=g\",\"caption\":\"Leinewelle\"},\"sameAs\":[\"http:\\\/\\\/localhost\\\/radio%20leinewelle\\\/wordpress\",\"https:\\\/\\\/www.facebook.com\\\/radioleinewelle\",\"https:\\\/\\\/www.instagram.com\\\/radioleinewelle\",\"https:\\\/\\\/x.com\\\/https:\\\/\\\/twitter.com\\\/RLeinewelle?ref_src=twsrcgoogletwcampserptwgrauthor\",\"https:\\\/\\\/soundcloud.com\\\/foerderverein-lokalradio?utm_source=clipboard&utm_medium=text&utm_campaign=social_sharing\"],\"url\":\"https:\\\/\\\/radioleinewelle.de\\\/index.php\\\/author\\\/leinewelle\\\/\"}]}<\/script>\n<!-- \/ Yoast SEO plugin. -->","yoast_head_json":{"title":"Preistr\u00e4ger f\u00fcr die Umgestaltung des Waageplatzes steht fest - Radio Leinewelle","robots":{"index":"index","follow":"follow","max-snippet":"max-snippet:-1","max-image-preview":"max-image-preview:large","max-video-preview":"max-video-preview:-1"},"canonical":"https:\/\/radioleinewelle.de\/index.php\/2023\/09\/22\/preistraeger-fuer-die-umgestaltung-des-waageplatzes-steht-fest\/","og_locale":"de_DE","og_type":"article","og_title":"Preistr\u00e4ger f\u00fcr die Umgestaltung des Waageplatzes steht fest - Radio Leinewelle","og_description":"Erster Preistr\u00e4ger des freiraumplanerischen Wettbewerbs zur Umgestaltung des Waageplatzes ist das B\u00fcro Querfeldeins aus Dresden. Acht Planungsb\u00fcros hatten Entw\u00fcrfe f\u00fcr die Umgestaltung des \u00f6ffentlichen Platzes eingereicht. F\u00fcr die Jury aus Fachleuten waren neben der gestalterischen Qualit\u00e4t und dem Umgang mit dem Freiraum insbesondere die Funktionalit\u00e4t und die klimaangepasste Entwicklung des Platzes wichtig. Besonders auf die [&hellip;]","og_url":"https:\/\/radioleinewelle.de\/index.php\/2023\/09\/22\/preistraeger-fuer-die-umgestaltung-des-waageplatzes-steht-fest\/","og_site_name":"Radio Leinewelle","article_publisher":"https:\/\/www.facebook.com\/radioleinewelle","article_author":"https:\/\/www.facebook.com\/radioleinewelle","article_published_time":"2023-09-22T07:05:06+00:00","article_modified_time":"2023-11-05T12:19:48+00:00","og_image":[{"width":2560,"height":1350,"url":"https:\/\/radioleinewelle.de\/wp-content\/uploads\/2023\/09\/1104-A-Perspektive2-scaled.jpg","type":"image\/jpeg"}],"author":"Leinewelle","twitter_card":"summary_large_image","twitter_creator":"@https:\/\/twitter.com\/RLeinewelle?ref_src=twsrcgoogletwcampserptwgrauthor","twitter_site":"@RLeinewelle","twitter_misc":{"Verfasst von":"Leinewelle","Gesch\u00e4tzte Lesezeit":"2\u00a0Minuten"},"schema":{"@context":"https:\/\/schema.org","@graph":[{"@type":"Article","@id":"https:\/\/radioleinewelle.de\/index.php\/2023\/09\/22\/preistraeger-fuer-die-umgestaltung-des-waageplatzes-steht-fest\/#article","isPartOf":{"@id":"https:\/\/radioleinewelle.de\/index.php\/2023\/09\/22\/preistraeger-fuer-die-umgestaltung-des-waageplatzes-steht-fest\/"},"author":{"name":"Leinewelle","@id":"https:\/\/radioleinewelle.de\/#\/schema\/person\/45606f348637df637192dc1b68399a63"},"headline":"Preistr\u00e4ger f\u00fcr die Umgestaltung des Waageplatzes steht fest","datePublished":"2023-09-22T07:05:06+00:00","dateModified":"2023-11-05T12:19:48+00:00","mainEntityOfPage":{"@id":"https:\/\/radioleinewelle.de\/index.php\/2023\/09\/22\/preistraeger-fuer-die-umgestaltung-des-waageplatzes-steht-fest\/"},"wordCount":308,"commentCount":0,"publisher":{"@id":"https:\/\/radioleinewelle.de\/#organization"},"image":{"@id":"https:\/\/radioleinewelle.de\/index.php\/2023\/09\/22\/preistraeger-fuer-die-umgestaltung-des-waageplatzes-steht-fest\/#primaryimage"},"thumbnailUrl":"https:\/\/radioleinewelle.de\/wp-content\/uploads\/2023\/09\/1104-A-Perspektive2-scaled.jpg","articleSection":["Bauen &amp; Verkehr"],"inLanguage":"de","potentialAction":[{"@type":"CommentAction","name":"Comment","target":["https:\/\/radioleinewelle.de\/index.php\/2023\/09\/22\/preistraeger-fuer-die-umgestaltung-des-waageplatzes-steht-fest\/#respond"]}]},{"@type":"WebPage","@id":"https:\/\/radioleinewelle.de\/index.php\/2023\/09\/22\/preistraeger-fuer-die-umgestaltung-des-waageplatzes-steht-fest\/","url":"https:\/\/radioleinewelle.de\/index.php\/2023\/09\/22\/preistraeger-fuer-die-umgestaltung-des-waageplatzes-steht-fest\/","name":"Preistr\u00e4ger f\u00fcr die Umgestaltung des Waageplatzes steht fest - Radio Leinewelle","isPartOf":{"@id":"https:\/\/radioleinewelle.de\/#website"},"primaryImageOfPage":{"@id":"https:\/\/radioleinewelle.de\/index.php\/2023\/09\/22\/preistraeger-fuer-die-umgestaltung-des-waageplatzes-steht-fest\/#primaryimage"},"image":{"@id":"https:\/\/radioleinewelle.de\/index.php\/2023\/09\/22\/preistraeger-fuer-die-umgestaltung-des-waageplatzes-steht-fest\/#primaryimage"},"thumbnailUrl":"https:\/\/radioleinewelle.de\/wp-content\/uploads\/2023\/09\/1104-A-Perspektive2-scaled.jpg","datePublished":"2023-09-22T07:05:06+00:00","dateModified":"2023-11-05T12:19:48+00:00","breadcrumb":{"@id":"https:\/\/radioleinewelle.de\/index.php\/2023\/09\/22\/preistraeger-fuer-die-umgestaltung-des-waageplatzes-steht-fest\/#breadcrumb"},"inLanguage":"de","potentialAction":[{"@type":"ReadAction","target":["https:\/\/radioleinewelle.de\/index.php\/2023\/09\/22\/preistraeger-fuer-die-umgestaltung-des-waageplatzes-steht-fest\/"]}]},{"@type":"ImageObject","inLanguage":"de","@id":"https:\/\/radioleinewelle.de\/index.php\/2023\/09\/22\/preistraeger-fuer-die-umgestaltung-des-waageplatzes-steht-fest\/#primaryimage","url":"https:\/\/radioleinewelle.de\/wp-content\/uploads\/2023\/09\/1104-A-Perspektive2-scaled.jpg","contentUrl":"https:\/\/radioleinewelle.de\/wp-content\/uploads\/2023\/09\/1104-A-Perspektive2-scaled.jpg","width":2560,"height":1350},{"@type":"BreadcrumbList","@id":"https:\/\/radioleinewelle.de\/index.php\/2023\/09\/22\/preistraeger-fuer-die-umgestaltung-des-waageplatzes-steht-fest\/#breadcrumb","itemListElement":[{"@type":"ListItem","position":1,"name":"Startseite","item":"https:\/\/radioleinewelle.de\/"},{"@type":"ListItem","position":2,"name":"Preistr\u00e4ger f\u00fcr die Umgestaltung des Waageplatzes steht fest"}]},{"@type":"WebSite","@id":"https:\/\/radioleinewelle.de\/#website","url":"https:\/\/radioleinewelle.de\/","name":"Radio Leinewelle","description":"","publisher":{"@id":"https:\/\/radioleinewelle.de\/#organization"},"potentialAction":[{"@type":"SearchAction","target":{"@type":"EntryPoint","urlTemplate":"https:\/\/radioleinewelle.de\/?s={search_term_string}"},"query-input":{"@type":"PropertyValueSpecification","valueRequired":true,"valueName":"search_term_string"}}],"inLanguage":"de"},{"@type":"Organization","@id":"https:\/\/radioleinewelle.de\/#organization","name":"Radio Leinewelle","alternateName":"Mein Radio f\u00fcr S\u00fcdniedersachsen","url":"https:\/\/radioleinewelle.de\/","logo":{"@type":"ImageObject","inLanguage":"de","@id":"https:\/\/radioleinewelle.de\/#\/schema\/logo\/image\/","url":"https:\/\/radioleinewelle.de\/wp-content\/uploads\/2023\/11\/cropped-Leinewelle_Logo_weiss.png","contentUrl":"https:\/\/radioleinewelle.de\/wp-content\/uploads\/2023\/11\/cropped-Leinewelle_Logo_weiss.png","width":854,"height":260,"caption":"Radio Leinewelle"},"image":{"@id":"https:\/\/radioleinewelle.de\/#\/schema\/logo\/image\/"},"sameAs":["https:\/\/www.facebook.com\/radioleinewelle","https:\/\/x.com\/RLeinewelle","https:\/\/www.instagram.com\/radioleinewelle\/?hl=de"]},{"@type":"Person","@id":"https:\/\/radioleinewelle.de\/#\/schema\/person\/45606f348637df637192dc1b68399a63","name":"Leinewelle","image":{"@type":"ImageObject","inLanguage":"de","@id":"https:\/\/secure.gravatar.com\/avatar\/05c9a17bc973052ee5d91549bd32fb4dd0dc85b7b85ae94b2e2b4943476bbea5?s=96&d=blank&r=g","url":"https:\/\/secure.gravatar.com\/avatar\/05c9a17bc973052ee5d91549bd32fb4dd0dc85b7b85ae94b2e2b4943476bbea5?s=96&d=blank&r=g","contentUrl":"https:\/\/secure.gravatar.com\/avatar\/05c9a17bc973052ee5d91549bd32fb4dd0dc85b7b85ae94b2e2b4943476bbea5?s=96&d=blank&r=g","caption":"Leinewelle"},"sameAs":["http:\/\/localhost\/radio%20leinewelle\/wordpress","https:\/\/www.facebook.com\/radioleinewelle","https:\/\/www.instagram.com\/radioleinewelle","https:\/\/x.com\/https:\/\/twitter.com\/RLeinewelle?ref_src=twsrcgoogletwcampserptwgrauthor","https:\/\/soundcloud.com\/foerderverein-lokalradio?utm_source=clipboard&utm_medium=text&utm_campaign=social_sharing"],"url":"https:\/\/radioleinewelle.de\/index.php\/author\/leinewelle\/"}]}},"_links":{"self":[{"href":"https:\/\/radioleinewelle.de\/index.php\/wp-json\/wp\/v2\/posts\/23620","targetHints":{"allow":["GET"]}}],"collection":[{"href":"https:\/\/radioleinewelle.de\/index.php\/wp-json\/wp\/v2\/posts"}],"about":[{"href":"https:\/\/radioleinewelle.de\/index.php\/wp-json\/wp\/v2\/types\/post"}],"author":[{"embeddable":true,"href":"https:\/\/radioleinewelle.de\/index.php\/wp-json\/wp\/v2\/users\/1"}],"replies":[{"embeddable":true,"href":"https:\/\/radioleinewelle.de\/index.php\/wp-json\/wp\/v2\/comments?post=23620"}],"version-history":[{"count":5,"href":"https:\/\/radioleinewelle.de\/index.php\/wp-json\/wp\/v2\/posts\/23620\/revisions"}],"predecessor-version":[{"id":24093,"href":"https:\/\/radioleinewelle.de\/index.php\/wp-json\/wp\/v2\/posts\/23620\/revisions\/24093"}],"wp:featuredmedia":[{"embeddable":true,"href":"https:\/\/radioleinewelle.de\/index.php\/wp-json\/wp\/v2\/media\/24092"}],"wp:attachment":[{"href":"https:\/\/radioleinewelle.de\/index.php\/wp-json\/wp\/v2\/media?parent=23620"}],"wp:term":[{"taxonomy":"category","embeddable":true,"href":"https:\/\/radioleinewelle.de\/index.php\/wp-json\/wp\/v2\/categories?post=23620"},{"taxonomy":"post_tag","embeddable":true,"href":"https:\/\/radioleinewelle.de\/index.php\/wp-json\/wp\/v2\/tags?post=23620"}],"curies":[{"name":"wp","href":"https:\/\/api.w.org\/{rel}","templated":true}]}}