{"id":23626,"date":"2023-09-22T22:32:37","date_gmt":"2023-09-22T20:32:37","guid":{"rendered":"https:\/\/radioleinewelle.de\/?p=23626"},"modified":"2023-09-22T22:32:39","modified_gmt":"2023-09-22T20:32:39","slug":"erste-evakuierungen-in-der-goettinger-weststadt-durch-das-drk","status":"publish","type":"post","link":"https:\/\/radioleinewelle.de\/index.php\/2023\/09\/22\/erste-evakuierungen-in-der-goettinger-weststadt-durch-das-drk\/","title":{"rendered":"Erste Evakuierungen in der G\u00f6ttinger Weststadt durch das DRK"},"content":{"rendered":"\n<p>25 Einsatzkr\u00e4fte, davon 15 Ehrenamtliche und 10 Hauptamtliche, waren schon am Freitag, 22. September im Stadtgebiet unterwegs, um hilfebed\u00fcrftige Personen aus ihrem privaten Umfeld in die Evakuierungsunterk\u00fcnfte, Hotels oder zu Familienangeh\u00f6rigen oder auch Freunden in Sicherheit zu bringen. Besondere Herausforderungen sind dabei zu bew\u00e4ltigen und die engagierten Rettungskr\u00e4fte des DRK im Kreisverband G\u00f6ttingen Northeim e. V. bem\u00fchen sich allen Anforderungen gerecht zu werden. Angesprochen auf Besonderheiten im Einsatz erz\u00e4hlt Johannes Hartdegen, Leiter der DRK-Lehrrettungswache G\u00f6ttingen: \u201eWir transportieren regelm\u00e4\u00dfig im Rahmen der Bombenevakuierung die Intensivpatienten aus den medizinischen Betreuungseinrichtungen f\u00fcr Intensivpflege. Das ist aufgrund der Begleitumst\u00e4nde immer eine sensible Situation. Mit dem \u201eRollibus\u201c werden auf den Rollstuhl angewiesene Personen ebenso an Ihr Ziel gebracht wie Liegendtransporte oder Menschen, die in Begleitung ihrer Haustiere evakuiert werden. Zu diesem Zweck verf\u00fcgt das DRK vor Ort auch \u00fcber drei Tiertransportboxen.\u201c<\/p>\n\n\n\n<p>\u201eDie G\u00f6ttinger Bev\u00f6lkerung in der Weststadt ist stets sehr dankbar f\u00fcr den Einsatz der Rettungskr\u00e4fte und aller, die sich hier engagieren, dennoch ist langsam aber sicher eine Evakuierungsm\u00fcdigkeit festzustellen. Wie oft m\u00fcssen wir denn noch aus unserer Wohnung raus, bekommen die Rettungskr\u00e4fte oft zu h\u00f6ren\u201c, erz\u00e4hlt Dominik von Sierakowski, Notfallsanit\u00e4ter der DRK-Lehrrettungswache Lenglern. Zu zweit, gemeinsam mit Johannes Hartdegen hat er die Einsatzleitung am Bombenevakuierungswochenende. Insgesamt sind 32 Menschen mit Unterst\u00fctzungsbedarf an diesem Wochenende zu transportieren, sowohl in die jeweilige Evakuierungsunterkunft als auch wieder zur\u00fcck. Ungeachtet der m\u00f6glichen spontanen Transporteins\u00e4tze im Verlauf des eigentlichen Tages anl\u00e4sslich der Bombenentsch\u00e4rfung und vor allem auch m\u00f6glicher regul\u00e4rer Rettungseins\u00e4tze &#8211; unabh\u00e4ngig von der Bombe.<\/p>\n\n\n\n<p>So erreichte am Freitag auch eine sogenannte Aufforderung zum \u201eTragetuchEinsatz wegen Immobilit\u00e4t\u201c die Einsatzkr\u00e4fte des DRK. Dieter K. wurde von den zwei DRK-Rettungssanit\u00e4ter<em>innen Friederike J\u00fcttner und Max Neumann von seiner Wohnung in eine Hotelunterkunft gebracht. Die notwendige Unterst\u00fctzung f\u00fcr den Tragetucheinsatz erhielten die beiden Rettungssanit\u00e4ter<\/em>innen von Frank R\u00f6wekamp und Marlon Meyer, beides ehrenamtlich Engagierte aus der Bereitschaft G\u00f6ttingen. Aufgrund des Tragetuch-Einsatzes, durch das schmale Treppenhaus im eigenen Wohnumfeld und die begrenzten G\u00e4nge im Hotel sicher transportiert, angekommen in seinem Hotelzimmer, konnte sich Dieter K. erleichtert und dankbar zur\u00fccklehnen.<\/p>\n\n\n\n<p><strong>Foto:<\/strong> DRK Kreisverband G\u00f6ttingen Northeim e. V. <\/p>\n","protected":false},"excerpt":{"rendered":"<p>25 Einsatzkr\u00e4fte, davon 15 Ehrenamtliche und 10 Hauptamtliche, waren schon am Freitag, 22. September im Stadtgebiet unterwegs, um hilfebed\u00fcrftige Personen aus ihrem privaten Umfeld in die Evakuierungsunterk\u00fcnfte, Hotels oder zu Familienangeh\u00f6rigen oder auch Freunden in Sicherheit zu bringen. Besondere Herausforderungen sind dabei zu bew\u00e4ltigen und die engagierten Rettungskr\u00e4fte des DRK im Kreisverband G\u00f6ttingen Northeim e. [&hellip;]<\/p>\n","protected":false},"author":1,"featured_media":23628,"comment_status":"open","ping_status":"open","sticky":true,"template":"","format":"standard","meta":{"saved_in_kubio":false,"footnotes":""},"categories":[24],"tags":[],"class_list":["post-23626","post","type-post","status-publish","format-standard","has-post-thumbnail","hentry","category-news"],"yoast_head":"<!-- This site is optimized with the Yoast SEO plugin v27.5 - https:\/\/yoast.com\/product\/yoast-seo-wordpress\/ -->\n<title>Erste Evakuierungen in der G\u00f6ttinger Weststadt durch das DRK - Radio Leinewelle<\/title>\n<meta name=\"robots\" content=\"index, follow, max-snippet:-1, max-image-preview:large, max-video-preview:-1\" \/>\n<link rel=\"canonical\" href=\"https:\/\/radioleinewelle.de\/index.php\/2023\/09\/22\/erste-evakuierungen-in-der-goettinger-weststadt-durch-das-drk\/\" \/>\n<meta property=\"og:locale\" content=\"de_DE\" \/>\n<meta property=\"og:type\" content=\"article\" \/>\n<meta property=\"og:title\" content=\"Erste Evakuierungen in der G\u00f6ttinger Weststadt durch das DRK - Radio Leinewelle\" \/>\n<meta property=\"og:description\" content=\"25 Einsatzkr\u00e4fte, davon 15 Ehrenamtliche und 10 Hauptamtliche, waren schon am Freitag, 22. September im Stadtgebiet unterwegs, um hilfebed\u00fcrftige Personen aus ihrem privaten Umfeld in die Evakuierungsunterk\u00fcnfte, Hotels oder zu Familienangeh\u00f6rigen oder auch Freunden in Sicherheit zu bringen. Besondere Herausforderungen sind dabei zu bew\u00e4ltigen und die engagierten Rettungskr\u00e4fte des DRK im Kreisverband G\u00f6ttingen Northeim e. [&hellip;]\" \/>\n<meta property=\"og:url\" content=\"https:\/\/radioleinewelle.de\/index.php\/2023\/09\/22\/erste-evakuierungen-in-der-goettinger-weststadt-durch-das-drk\/\" \/>\n<meta property=\"og:site_name\" content=\"Radio Leinewelle\" \/>\n<meta property=\"article:publisher\" content=\"https:\/\/www.facebook.com\/radioleinewelle\" \/>\n<meta property=\"article:author\" content=\"https:\/\/www.facebook.com\/radioleinewelle\" \/>\n<meta property=\"article:published_time\" content=\"2023-09-22T20:32:37+00:00\" \/>\n<meta property=\"article:modified_time\" content=\"2023-09-22T20:32:39+00:00\" \/>\n<meta property=\"og:image\" content=\"https:\/\/radioleinewelle.de\/wp-content\/uploads\/2023\/09\/2023_09_22_-Transportvorbereitungen-scaled-e1695414701262.jpg\" \/>\n\t<meta property=\"og:image:width\" content=\"1000\" \/>\n\t<meta property=\"og:image:height\" content=\"1333\" \/>\n\t<meta property=\"og:image:type\" content=\"image\/jpeg\" \/>\n<meta name=\"author\" content=\"Leinewelle\" \/>\n<meta name=\"twitter:card\" content=\"summary_large_image\" \/>\n<meta name=\"twitter:creator\" content=\"@https:\/\/twitter.com\/RLeinewelle?ref_src=twsrcgoogletwcampserptwgrauthor\" \/>\n<meta name=\"twitter:site\" content=\"@RLeinewelle\" \/>\n<meta name=\"twitter:label1\" content=\"Verfasst von\" \/>\n\t<meta name=\"twitter:data1\" content=\"Leinewelle\" \/>\n\t<meta name=\"twitter:label2\" content=\"Gesch\u00e4tzte Lesezeit\" \/>\n\t<meta name=\"twitter:data2\" content=\"2\u00a0Minuten\" \/>\n<script type=\"application\/ld+json\" class=\"yoast-schema-graph\">{\"@context\":\"https:\\\/\\\/schema.org\",\"@graph\":[{\"@type\":\"Article\",\"@id\":\"https:\\\/\\\/radioleinewelle.de\\\/index.php\\\/2023\\\/09\\\/22\\\/erste-evakuierungen-in-der-goettinger-weststadt-durch-das-drk\\\/#article\",\"isPartOf\":{\"@id\":\"https:\\\/\\\/radioleinewelle.de\\\/index.php\\\/2023\\\/09\\\/22\\\/erste-evakuierungen-in-der-goettinger-weststadt-durch-das-drk\\\/\"},\"author\":{\"name\":\"Leinewelle\",\"@id\":\"https:\\\/\\\/radioleinewelle.de\\\/#\\\/schema\\\/person\\\/45606f348637df637192dc1b68399a63\"},\"headline\":\"Erste Evakuierungen in der G\u00f6ttinger Weststadt durch das DRK\",\"datePublished\":\"2023-09-22T20:32:37+00:00\",\"dateModified\":\"2023-09-22T20:32:39+00:00\",\"mainEntityOfPage\":{\"@id\":\"https:\\\/\\\/radioleinewelle.de\\\/index.php\\\/2023\\\/09\\\/22\\\/erste-evakuierungen-in-der-goettinger-weststadt-durch-das-drk\\\/\"},\"wordCount\":392,\"commentCount\":0,\"publisher\":{\"@id\":\"https:\\\/\\\/radioleinewelle.de\\\/#organization\"},\"image\":{\"@id\":\"https:\\\/\\\/radioleinewelle.de\\\/index.php\\\/2023\\\/09\\\/22\\\/erste-evakuierungen-in-der-goettinger-weststadt-durch-das-drk\\\/#primaryimage\"},\"thumbnailUrl\":\"https:\\\/\\\/radioleinewelle.de\\\/wp-content\\\/uploads\\\/2023\\\/09\\\/2023_09_22_-Transportvorbereitungen-scaled-e1695414701262.jpg\",\"articleSection\":[\"Aktuelle Nachrichten\"],\"inLanguage\":\"de\",\"potentialAction\":[{\"@type\":\"CommentAction\",\"name\":\"Comment\",\"target\":[\"https:\\\/\\\/radioleinewelle.de\\\/index.php\\\/2023\\\/09\\\/22\\\/erste-evakuierungen-in-der-goettinger-weststadt-durch-das-drk\\\/#respond\"]}]},{\"@type\":\"WebPage\",\"@id\":\"https:\\\/\\\/radioleinewelle.de\\\/index.php\\\/2023\\\/09\\\/22\\\/erste-evakuierungen-in-der-goettinger-weststadt-durch-das-drk\\\/\",\"url\":\"https:\\\/\\\/radioleinewelle.de\\\/index.php\\\/2023\\\/09\\\/22\\\/erste-evakuierungen-in-der-goettinger-weststadt-durch-das-drk\\\/\",\"name\":\"Erste Evakuierungen in der G\u00f6ttinger Weststadt durch das DRK - Radio Leinewelle\",\"isPartOf\":{\"@id\":\"https:\\\/\\\/radioleinewelle.de\\\/#website\"},\"primaryImageOfPage\":{\"@id\":\"https:\\\/\\\/radioleinewelle.de\\\/index.php\\\/2023\\\/09\\\/22\\\/erste-evakuierungen-in-der-goettinger-weststadt-durch-das-drk\\\/#primaryimage\"},\"image\":{\"@id\":\"https:\\\/\\\/radioleinewelle.de\\\/index.php\\\/2023\\\/09\\\/22\\\/erste-evakuierungen-in-der-goettinger-weststadt-durch-das-drk\\\/#primaryimage\"},\"thumbnailUrl\":\"https:\\\/\\\/radioleinewelle.de\\\/wp-content\\\/uploads\\\/2023\\\/09\\\/2023_09_22_-Transportvorbereitungen-scaled-e1695414701262.jpg\",\"datePublished\":\"2023-09-22T20:32:37+00:00\",\"dateModified\":\"2023-09-22T20:32:39+00:00\",\"breadcrumb\":{\"@id\":\"https:\\\/\\\/radioleinewelle.de\\\/index.php\\\/2023\\\/09\\\/22\\\/erste-evakuierungen-in-der-goettinger-weststadt-durch-das-drk\\\/#breadcrumb\"},\"inLanguage\":\"de\",\"potentialAction\":[{\"@type\":\"ReadAction\",\"target\":[\"https:\\\/\\\/radioleinewelle.de\\\/index.php\\\/2023\\\/09\\\/22\\\/erste-evakuierungen-in-der-goettinger-weststadt-durch-das-drk\\\/\"]}]},{\"@type\":\"ImageObject\",\"inLanguage\":\"de\",\"@id\":\"https:\\\/\\\/radioleinewelle.de\\\/index.php\\\/2023\\\/09\\\/22\\\/erste-evakuierungen-in-der-goettinger-weststadt-durch-das-drk\\\/#primaryimage\",\"url\":\"https:\\\/\\\/radioleinewelle.de\\\/wp-content\\\/uploads\\\/2023\\\/09\\\/2023_09_22_-Transportvorbereitungen-scaled-e1695414701262.jpg\",\"contentUrl\":\"https:\\\/\\\/radioleinewelle.de\\\/wp-content\\\/uploads\\\/2023\\\/09\\\/2023_09_22_-Transportvorbereitungen-scaled-e1695414701262.jpg\",\"width\":1000,\"height\":1333},{\"@type\":\"BreadcrumbList\",\"@id\":\"https:\\\/\\\/radioleinewelle.de\\\/index.php\\\/2023\\\/09\\\/22\\\/erste-evakuierungen-in-der-goettinger-weststadt-durch-das-drk\\\/#breadcrumb\",\"itemListElement\":[{\"@type\":\"ListItem\",\"position\":1,\"name\":\"Startseite\",\"item\":\"https:\\\/\\\/radioleinewelle.de\\\/\"},{\"@type\":\"ListItem\",\"position\":2,\"name\":\"Erste Evakuierungen in der G\u00f6ttinger Weststadt durch das DRK\"}]},{\"@type\":\"WebSite\",\"@id\":\"https:\\\/\\\/radioleinewelle.de\\\/#website\",\"url\":\"https:\\\/\\\/radioleinewelle.de\\\/\",\"name\":\"Radio Leinewelle\",\"description\":\"\",\"publisher\":{\"@id\":\"https:\\\/\\\/radioleinewelle.de\\\/#organization\"},\"potentialAction\":[{\"@type\":\"SearchAction\",\"target\":{\"@type\":\"EntryPoint\",\"urlTemplate\":\"https:\\\/\\\/radioleinewelle.de\\\/?s={search_term_string}\"},\"query-input\":{\"@type\":\"PropertyValueSpecification\",\"valueRequired\":true,\"valueName\":\"search_term_string\"}}],\"inLanguage\":\"de\"},{\"@type\":\"Organization\",\"@id\":\"https:\\\/\\\/radioleinewelle.de\\\/#organization\",\"name\":\"Radio Leinewelle\",\"alternateName\":\"Mein Radio f\u00fcr S\u00fcdniedersachsen\",\"url\":\"https:\\\/\\\/radioleinewelle.de\\\/\",\"logo\":{\"@type\":\"ImageObject\",\"inLanguage\":\"de\",\"@id\":\"https:\\\/\\\/radioleinewelle.de\\\/#\\\/schema\\\/logo\\\/image\\\/\",\"url\":\"https:\\\/\\\/radioleinewelle.de\\\/wp-content\\\/uploads\\\/2023\\\/11\\\/cropped-Leinewelle_Logo_weiss.png\",\"contentUrl\":\"https:\\\/\\\/radioleinewelle.de\\\/wp-content\\\/uploads\\\/2023\\\/11\\\/cropped-Leinewelle_Logo_weiss.png\",\"width\":854,\"height\":260,\"caption\":\"Radio Leinewelle\"},\"image\":{\"@id\":\"https:\\\/\\\/radioleinewelle.de\\\/#\\\/schema\\\/logo\\\/image\\\/\"},\"sameAs\":[\"https:\\\/\\\/www.facebook.com\\\/radioleinewelle\",\"https:\\\/\\\/x.com\\\/RLeinewelle\",\"https:\\\/\\\/www.instagram.com\\\/radioleinewelle\\\/?hl=de\"]},{\"@type\":\"Person\",\"@id\":\"https:\\\/\\\/radioleinewelle.de\\\/#\\\/schema\\\/person\\\/45606f348637df637192dc1b68399a63\",\"name\":\"Leinewelle\",\"image\":{\"@type\":\"ImageObject\",\"inLanguage\":\"de\",\"@id\":\"https:\\\/\\\/secure.gravatar.com\\\/avatar\\\/05c9a17bc973052ee5d91549bd32fb4dd0dc85b7b85ae94b2e2b4943476bbea5?s=96&d=blank&r=g\",\"url\":\"https:\\\/\\\/secure.gravatar.com\\\/avatar\\\/05c9a17bc973052ee5d91549bd32fb4dd0dc85b7b85ae94b2e2b4943476bbea5?s=96&d=blank&r=g\",\"contentUrl\":\"https:\\\/\\\/secure.gravatar.com\\\/avatar\\\/05c9a17bc973052ee5d91549bd32fb4dd0dc85b7b85ae94b2e2b4943476bbea5?s=96&d=blank&r=g\",\"caption\":\"Leinewelle\"},\"sameAs\":[\"http:\\\/\\\/localhost\\\/radio%20leinewelle\\\/wordpress\",\"https:\\\/\\\/www.facebook.com\\\/radioleinewelle\",\"https:\\\/\\\/www.instagram.com\\\/radioleinewelle\",\"https:\\\/\\\/x.com\\\/https:\\\/\\\/twitter.com\\\/RLeinewelle?ref_src=twsrcgoogletwcampserptwgrauthor\",\"https:\\\/\\\/soundcloud.com\\\/foerderverein-lokalradio?utm_source=clipboard&utm_medium=text&utm_campaign=social_sharing\"],\"url\":\"https:\\\/\\\/radioleinewelle.de\\\/index.php\\\/author\\\/leinewelle\\\/\"}]}<\/script>\n<!-- \/ Yoast SEO plugin. -->","yoast_head_json":{"title":"Erste Evakuierungen in der G\u00f6ttinger Weststadt durch das DRK - Radio Leinewelle","robots":{"index":"index","follow":"follow","max-snippet":"max-snippet:-1","max-image-preview":"max-image-preview:large","max-video-preview":"max-video-preview:-1"},"canonical":"https:\/\/radioleinewelle.de\/index.php\/2023\/09\/22\/erste-evakuierungen-in-der-goettinger-weststadt-durch-das-drk\/","og_locale":"de_DE","og_type":"article","og_title":"Erste Evakuierungen in der G\u00f6ttinger Weststadt durch das DRK - Radio Leinewelle","og_description":"25 Einsatzkr\u00e4fte, davon 15 Ehrenamtliche und 10 Hauptamtliche, waren schon am Freitag, 22. September im Stadtgebiet unterwegs, um hilfebed\u00fcrftige Personen aus ihrem privaten Umfeld in die Evakuierungsunterk\u00fcnfte, Hotels oder zu Familienangeh\u00f6rigen oder auch Freunden in Sicherheit zu bringen. Besondere Herausforderungen sind dabei zu bew\u00e4ltigen und die engagierten Rettungskr\u00e4fte des DRK im Kreisverband G\u00f6ttingen Northeim e. [&hellip;]","og_url":"https:\/\/radioleinewelle.de\/index.php\/2023\/09\/22\/erste-evakuierungen-in-der-goettinger-weststadt-durch-das-drk\/","og_site_name":"Radio Leinewelle","article_publisher":"https:\/\/www.facebook.com\/radioleinewelle","article_author":"https:\/\/www.facebook.com\/radioleinewelle","article_published_time":"2023-09-22T20:32:37+00:00","article_modified_time":"2023-09-22T20:32:39+00:00","og_image":[{"width":1000,"height":1333,"url":"https:\/\/radioleinewelle.de\/wp-content\/uploads\/2023\/09\/2023_09_22_-Transportvorbereitungen-scaled-e1695414701262.jpg","type":"image\/jpeg"}],"author":"Leinewelle","twitter_card":"summary_large_image","twitter_creator":"@https:\/\/twitter.com\/RLeinewelle?ref_src=twsrcgoogletwcampserptwgrauthor","twitter_site":"@RLeinewelle","twitter_misc":{"Verfasst von":"Leinewelle","Gesch\u00e4tzte Lesezeit":"2\u00a0Minuten"},"schema":{"@context":"https:\/\/schema.org","@graph":[{"@type":"Article","@id":"https:\/\/radioleinewelle.de\/index.php\/2023\/09\/22\/erste-evakuierungen-in-der-goettinger-weststadt-durch-das-drk\/#article","isPartOf":{"@id":"https:\/\/radioleinewelle.de\/index.php\/2023\/09\/22\/erste-evakuierungen-in-der-goettinger-weststadt-durch-das-drk\/"},"author":{"name":"Leinewelle","@id":"https:\/\/radioleinewelle.de\/#\/schema\/person\/45606f348637df637192dc1b68399a63"},"headline":"Erste Evakuierungen in der G\u00f6ttinger Weststadt durch das DRK","datePublished":"2023-09-22T20:32:37+00:00","dateModified":"2023-09-22T20:32:39+00:00","mainEntityOfPage":{"@id":"https:\/\/radioleinewelle.de\/index.php\/2023\/09\/22\/erste-evakuierungen-in-der-goettinger-weststadt-durch-das-drk\/"},"wordCount":392,"commentCount":0,"publisher":{"@id":"https:\/\/radioleinewelle.de\/#organization"},"image":{"@id":"https:\/\/radioleinewelle.de\/index.php\/2023\/09\/22\/erste-evakuierungen-in-der-goettinger-weststadt-durch-das-drk\/#primaryimage"},"thumbnailUrl":"https:\/\/radioleinewelle.de\/wp-content\/uploads\/2023\/09\/2023_09_22_-Transportvorbereitungen-scaled-e1695414701262.jpg","articleSection":["Aktuelle Nachrichten"],"inLanguage":"de","potentialAction":[{"@type":"CommentAction","name":"Comment","target":["https:\/\/radioleinewelle.de\/index.php\/2023\/09\/22\/erste-evakuierungen-in-der-goettinger-weststadt-durch-das-drk\/#respond"]}]},{"@type":"WebPage","@id":"https:\/\/radioleinewelle.de\/index.php\/2023\/09\/22\/erste-evakuierungen-in-der-goettinger-weststadt-durch-das-drk\/","url":"https:\/\/radioleinewelle.de\/index.php\/2023\/09\/22\/erste-evakuierungen-in-der-goettinger-weststadt-durch-das-drk\/","name":"Erste Evakuierungen in der G\u00f6ttinger Weststadt durch das DRK - Radio Leinewelle","isPartOf":{"@id":"https:\/\/radioleinewelle.de\/#website"},"primaryImageOfPage":{"@id":"https:\/\/radioleinewelle.de\/index.php\/2023\/09\/22\/erste-evakuierungen-in-der-goettinger-weststadt-durch-das-drk\/#primaryimage"},"image":{"@id":"https:\/\/radioleinewelle.de\/index.php\/2023\/09\/22\/erste-evakuierungen-in-der-goettinger-weststadt-durch-das-drk\/#primaryimage"},"thumbnailUrl":"https:\/\/radioleinewelle.de\/wp-content\/uploads\/2023\/09\/2023_09_22_-Transportvorbereitungen-scaled-e1695414701262.jpg","datePublished":"2023-09-22T20:32:37+00:00","dateModified":"2023-09-22T20:32:39+00:00","breadcrumb":{"@id":"https:\/\/radioleinewelle.de\/index.php\/2023\/09\/22\/erste-evakuierungen-in-der-goettinger-weststadt-durch-das-drk\/#breadcrumb"},"inLanguage":"de","potentialAction":[{"@type":"ReadAction","target":["https:\/\/radioleinewelle.de\/index.php\/2023\/09\/22\/erste-evakuierungen-in-der-goettinger-weststadt-durch-das-drk\/"]}]},{"@type":"ImageObject","inLanguage":"de","@id":"https:\/\/radioleinewelle.de\/index.php\/2023\/09\/22\/erste-evakuierungen-in-der-goettinger-weststadt-durch-das-drk\/#primaryimage","url":"https:\/\/radioleinewelle.de\/wp-content\/uploads\/2023\/09\/2023_09_22_-Transportvorbereitungen-scaled-e1695414701262.jpg","contentUrl":"https:\/\/radioleinewelle.de\/wp-content\/uploads\/2023\/09\/2023_09_22_-Transportvorbereitungen-scaled-e1695414701262.jpg","width":1000,"height":1333},{"@type":"BreadcrumbList","@id":"https:\/\/radioleinewelle.de\/index.php\/2023\/09\/22\/erste-evakuierungen-in-der-goettinger-weststadt-durch-das-drk\/#breadcrumb","itemListElement":[{"@type":"ListItem","position":1,"name":"Startseite","item":"https:\/\/radioleinewelle.de\/"},{"@type":"ListItem","position":2,"name":"Erste Evakuierungen in der G\u00f6ttinger Weststadt durch das DRK"}]},{"@type":"WebSite","@id":"https:\/\/radioleinewelle.de\/#website","url":"https:\/\/radioleinewelle.de\/","name":"Radio Leinewelle","description":"","publisher":{"@id":"https:\/\/radioleinewelle.de\/#organization"},"potentialAction":[{"@type":"SearchAction","target":{"@type":"EntryPoint","urlTemplate":"https:\/\/radioleinewelle.de\/?s={search_term_string}"},"query-input":{"@type":"PropertyValueSpecification","valueRequired":true,"valueName":"search_term_string"}}],"inLanguage":"de"},{"@type":"Organization","@id":"https:\/\/radioleinewelle.de\/#organization","name":"Radio Leinewelle","alternateName":"Mein Radio f\u00fcr S\u00fcdniedersachsen","url":"https:\/\/radioleinewelle.de\/","logo":{"@type":"ImageObject","inLanguage":"de","@id":"https:\/\/radioleinewelle.de\/#\/schema\/logo\/image\/","url":"https:\/\/radioleinewelle.de\/wp-content\/uploads\/2023\/11\/cropped-Leinewelle_Logo_weiss.png","contentUrl":"https:\/\/radioleinewelle.de\/wp-content\/uploads\/2023\/11\/cropped-Leinewelle_Logo_weiss.png","width":854,"height":260,"caption":"Radio Leinewelle"},"image":{"@id":"https:\/\/radioleinewelle.de\/#\/schema\/logo\/image\/"},"sameAs":["https:\/\/www.facebook.com\/radioleinewelle","https:\/\/x.com\/RLeinewelle","https:\/\/www.instagram.com\/radioleinewelle\/?hl=de"]},{"@type":"Person","@id":"https:\/\/radioleinewelle.de\/#\/schema\/person\/45606f348637df637192dc1b68399a63","name":"Leinewelle","image":{"@type":"ImageObject","inLanguage":"de","@id":"https:\/\/secure.gravatar.com\/avatar\/05c9a17bc973052ee5d91549bd32fb4dd0dc85b7b85ae94b2e2b4943476bbea5?s=96&d=blank&r=g","url":"https:\/\/secure.gravatar.com\/avatar\/05c9a17bc973052ee5d91549bd32fb4dd0dc85b7b85ae94b2e2b4943476bbea5?s=96&d=blank&r=g","contentUrl":"https:\/\/secure.gravatar.com\/avatar\/05c9a17bc973052ee5d91549bd32fb4dd0dc85b7b85ae94b2e2b4943476bbea5?s=96&d=blank&r=g","caption":"Leinewelle"},"sameAs":["http:\/\/localhost\/radio%20leinewelle\/wordpress","https:\/\/www.facebook.com\/radioleinewelle","https:\/\/www.instagram.com\/radioleinewelle","https:\/\/x.com\/https:\/\/twitter.com\/RLeinewelle?ref_src=twsrcgoogletwcampserptwgrauthor","https:\/\/soundcloud.com\/foerderverein-lokalradio?utm_source=clipboard&utm_medium=text&utm_campaign=social_sharing"],"url":"https:\/\/radioleinewelle.de\/index.php\/author\/leinewelle\/"}]}},"_links":{"self":[{"href":"https:\/\/radioleinewelle.de\/index.php\/wp-json\/wp\/v2\/posts\/23626","targetHints":{"allow":["GET"]}}],"collection":[{"href":"https:\/\/radioleinewelle.de\/index.php\/wp-json\/wp\/v2\/posts"}],"about":[{"href":"https:\/\/radioleinewelle.de\/index.php\/wp-json\/wp\/v2\/types\/post"}],"author":[{"embeddable":true,"href":"https:\/\/radioleinewelle.de\/index.php\/wp-json\/wp\/v2\/users\/1"}],"replies":[{"embeddable":true,"href":"https:\/\/radioleinewelle.de\/index.php\/wp-json\/wp\/v2\/comments?post=23626"}],"version-history":[{"count":2,"href":"https:\/\/radioleinewelle.de\/index.php\/wp-json\/wp\/v2\/posts\/23626\/revisions"}],"predecessor-version":[{"id":23629,"href":"https:\/\/radioleinewelle.de\/index.php\/wp-json\/wp\/v2\/posts\/23626\/revisions\/23629"}],"wp:featuredmedia":[{"embeddable":true,"href":"https:\/\/radioleinewelle.de\/index.php\/wp-json\/wp\/v2\/media\/23628"}],"wp:attachment":[{"href":"https:\/\/radioleinewelle.de\/index.php\/wp-json\/wp\/v2\/media?parent=23626"}],"wp:term":[{"taxonomy":"category","embeddable":true,"href":"https:\/\/radioleinewelle.de\/index.php\/wp-json\/wp\/v2\/categories?post=23626"},{"taxonomy":"post_tag","embeddable":true,"href":"https:\/\/radioleinewelle.de\/index.php\/wp-json\/wp\/v2\/tags?post=23626"}],"curies":[{"name":"wp","href":"https:\/\/api.w.org\/{rel}","templated":true}]}}