{"id":2365,"date":"2020-10-15T05:25:06","date_gmt":"2020-10-15T03:25:06","guid":{"rendered":"https:\/\/radioleinewelle.de\/?p=2365"},"modified":"2020-10-15T05:25:06","modified_gmt":"2020-10-15T03:25:06","slug":"reinhard-luehrmann-erhaelt-die-ehrendoktorwuerde-der-freien-universitaet-berlin","status":"publish","type":"post","link":"https:\/\/radioleinewelle.de\/index.php\/2020\/10\/15\/reinhard-luehrmann-erhaelt-die-ehrendoktorwuerde-der-freien-universitaet-berlin\/","title":{"rendered":"Reinhard L\u00fchrmann erh\u00e4lt die Ehrendoktorw\u00fcrde der Freien Universit\u00e4t Berlin"},"content":{"rendered":"<p>Die Hochschule hat den Emeritus-Direktor vom Max-Planck-Institut f\u00fcr biophysikalische Chemie zum Ehrendoktor ernannt. Sie w\u00fcrdigt mit dieser Auszeichnung Reinhard L\u00fchrmanns Pionierarbeiten in der Splei\u00dfosomen-Forschung, einem Gebiet, auf dem er zu den f\u00fchrenden Wissenschaftlerinnen und Wissenschaftlern weltweit z\u00e4hlt. Splei\u00dfosomen sind molekulare \u201eSchneidetische\u201c, die die Bauanleitung f\u00fcr Proteine \u2013 die Werkzeuge lebender Zellen \u2013 in eine lesbare Form bringen.\u00a0Es gibt wohl auf der Welt niemanden, der das Splei\u00dfosom und die Splei\u00dfreaktion besser versteht als Reinhard L\u00fchrmann\u201c, sagte Florian Heyd, Professor an der<a class=\"external\" href=\"https:\/\/www.fu-berlin.de\/\"> Freien Universit\u00e4t Berlin<\/a>, der die Urkunde feierlich \u00fcberreichte. Dem Biochemiker seien ma\u00dfgebliche Entdeckungen zu verdanken, wie das Splei\u00dfosom im molekularen Detail aufgebaut sei und die Splei\u00dfreaktion funktioniere. Weltweit h\u00e4tten Forscherinnen und Forscher von seiner Methodenentwicklung und seiner Begeisterung profitiert.<\/p>\n<p>Lebende Zellen stellen Proteine in einem komplizierten Prozess her, der mehrere Schritte umfasst. Zun\u00e4chst wird die in der DNA kodierte genetische Information f\u00fcr ein Protein umkodiert in eine Arbeitskopie, die sogenannte Boten-Ribonukleins\u00e4ure (Boten-RNA). Diese Rohfassung l\u00e4sst sich allerdings nicht sofort f\u00fcr die Proteinherstellung einsetzen. Denn gew\u00f6hnlich liegt der Bauplan f\u00fcr ein Protein nicht in einem St\u00fcck vor, sondern in mehreren Abschnitten \u2013 den Exons. Zwischen diesen Exons liegen Bereiche, die aus der Rohfassung herausgeschnitten werden m\u00fcssen \u2013 die Introns. Die ben\u00f6tigten Exons werden schlie\u00dflich l\u00fcckenlos miteinander zu einer fertigen Bauanleitung f\u00fcr Proteine verbunden. Alle diese Aufgaben \u00fcbernimmt das Splei\u00dfosom als molekularer \u201eSchneidetisch\u201c.<\/p>\n<p>Reinhard L\u00fchrmann erforscht seit mehreren Jahrzehnten die Struktur und die Arbeitsweise dieser komplexen Nanomaschine, die aus vielen Proteinen und kleinen RNAs besteht. Seinem Team gelang es, Splei\u00dfosomen aus menschlichen Zellen und Hefezellen in verschiedenen Stadien ihrer Arbeit biochemisch und funktionell zu untersuchen. L\u00fchrmanns Gruppe zeigte, dass die Nanomaschine \u00e4u\u00dferst dynamisch ist und w\u00e4hrend des Splei\u00dfzyklus st\u00e4ndig umarrangiert wird. In einer Kooperation mit dem Institutskollegen <a href=\"https:\/\/www.mpibpc.mpg.de\/de\/stark\">Holger Stark<\/a> konnte der Biochemiker mithilfe der Kryo-Elektronenmikroskopie die dreidimensionalen Strukturen menschlicher Splei\u00dfosomen in verschiedenen Phasen des Splei\u00dfprozesses mit hoher Aufl\u00f6sung sichtbar machen. Diese Strukturen lieferten den Max-Planck-Forschern neue Erkenntnisse \u00fcber die Funktion und Dynamik der Nanomaschine und den Mechanismus des Splei\u00dfens.<\/p>\n<p>Diese Einblicke sind nicht zuletzt wichtig, um die molekularen Grundlagen von Krankheiten aufzukl\u00e4ren, die mit Fehlern beim Splei\u00dfen zusammenh\u00e4ngen. Neuere Sch\u00e4tzungen gehen davon aus, dass mehr als 20 Prozent der genetischen Erkrankungen beim Menschen auf Mutationen basieren, die die Funktion des Splei\u00dfosoms beeintr\u00e4chtigen. Ein Beispiel hierf\u00fcr gab der Laudator Juan Valc\u00e1rcel Ju\u00e1rez vom <a class=\"external\" href=\"https:\/\/www.crg.eu\/\"><i>Center for Genomic Regulation<\/i><\/a> in Barcelona (Spanien) in seiner Rede: \u201eReinhard L\u00fchrmanns bahnbrechende Grundlagenforschung hat dazu gef\u00fchrt, dass Erbkrankheiten wie etwa die spinale Muskelatrophie heute besser verstanden und therapiert werden k\u00f6nnen.\u201c (cr)<\/p>\n<p>&#8212;&#8212;&#8212;&#8212;&#8212;&#8212;&#8212;&#8212;&#8212;&#8212;&#8212;&#8212;&#8212;&#8212;&#8212;&#8212;&#8212;&#8212;&#8212;&#8212;&#8212;&#8212;&#8212;&#8212;&#8212;&#8212;&#8212;&#8212;&#8212;&#8212;&#8212;<\/p>\n<p>Foto: Prof. Dr. Florian Heyd (links) \u00fcberreichte die Urkunde f\u00fcr die Ehrendoktorw\u00fcrde an den RNA-Biochemiker Prof. Dr. Reinhard L\u00fchrmann<br \/>\n\u00a9 Marion Kuka, Freie Universit\u00e4t Berlin<\/p>\n","protected":false},"excerpt":{"rendered":"<p>Die Hochschule hat den Emeritus-Direktor vom Max-Planck-Institut f\u00fcr biophysikalische Chemie zum Ehrendoktor ernannt. Sie w\u00fcrdigt mit dieser Auszeichnung Reinhard L\u00fchrmanns Pionierarbeiten in der Splei\u00dfosomen-Forschung, einem Gebiet, auf dem er zu den f\u00fchrenden Wissenschaftlerinnen und Wissenschaftlern weltweit z\u00e4hlt. Splei\u00dfosomen sind molekulare \u201eSchneidetische\u201c, die die Bauanleitung f\u00fcr Proteine \u2013 die Werkzeuge lebender Zellen \u2013 in eine lesbare [&hellip;]<\/p>\n","protected":false},"author":1,"featured_media":2367,"comment_status":"closed","ping_status":"closed","sticky":false,"template":"","format":"standard","meta":{"saved_in_kubio":false,"footnotes":""},"categories":[44],"tags":[],"class_list":["post-2365","post","type-post","status-publish","format-standard","has-post-thumbnail","hentry","category-wissenschaft"],"yoast_head":"<!-- This site is optimized with the Yoast SEO plugin v27.5 - https:\/\/yoast.com\/product\/yoast-seo-wordpress\/ -->\n<title>Reinhard L\u00fchrmann erh\u00e4lt die Ehrendoktorw\u00fcrde der Freien Universit\u00e4t Berlin - Radio Leinewelle<\/title>\n<meta name=\"robots\" content=\"index, follow, max-snippet:-1, max-image-preview:large, max-video-preview:-1\" \/>\n<link rel=\"canonical\" href=\"https:\/\/radioleinewelle.de\/index.php\/2020\/10\/15\/reinhard-luehrmann-erhaelt-die-ehrendoktorwuerde-der-freien-universitaet-berlin\/\" \/>\n<meta property=\"og:locale\" content=\"de_DE\" \/>\n<meta property=\"og:type\" content=\"article\" \/>\n<meta property=\"og:title\" content=\"Reinhard L\u00fchrmann erh\u00e4lt die Ehrendoktorw\u00fcrde der Freien Universit\u00e4t Berlin - Radio Leinewelle\" \/>\n<meta property=\"og:description\" content=\"Die Hochschule hat den Emeritus-Direktor vom Max-Planck-Institut f\u00fcr biophysikalische Chemie zum Ehrendoktor ernannt. Sie w\u00fcrdigt mit dieser Auszeichnung Reinhard L\u00fchrmanns Pionierarbeiten in der Splei\u00dfosomen-Forschung, einem Gebiet, auf dem er zu den f\u00fchrenden Wissenschaftlerinnen und Wissenschaftlern weltweit z\u00e4hlt. Splei\u00dfosomen sind molekulare \u201eSchneidetische\u201c, die die Bauanleitung f\u00fcr Proteine \u2013 die Werkzeuge lebender Zellen \u2013 in eine lesbare [&hellip;]\" \/>\n<meta property=\"og:url\" content=\"https:\/\/radioleinewelle.de\/index.php\/2020\/10\/15\/reinhard-luehrmann-erhaelt-die-ehrendoktorwuerde-der-freien-universitaet-berlin\/\" \/>\n<meta property=\"og:site_name\" content=\"Radio Leinewelle\" \/>\n<meta property=\"article:publisher\" content=\"https:\/\/www.facebook.com\/radioleinewelle\" \/>\n<meta property=\"article:author\" content=\"https:\/\/www.facebook.com\/radioleinewelle\" \/>\n<meta property=\"article:published_time\" content=\"2020-10-15T03:25:06+00:00\" \/>\n<meta property=\"og:image\" content=\"https:\/\/radioleinewelle.de\/wp-content\/uploads\/2020\/10\/Reinhard-Luehrmann-e1602706496673.jpg\" \/>\n\t<meta property=\"og:image:width\" content=\"1927\" \/>\n\t<meta property=\"og:image:height\" content=\"1192\" \/>\n\t<meta property=\"og:image:type\" content=\"image\/jpeg\" \/>\n<meta name=\"author\" content=\"Leinewelle\" \/>\n<meta name=\"twitter:card\" content=\"summary_large_image\" \/>\n<meta name=\"twitter:creator\" content=\"@https:\/\/twitter.com\/RLeinewelle?ref_src=twsrcgoogletwcampserptwgrauthor\" \/>\n<meta name=\"twitter:site\" content=\"@RLeinewelle\" \/>\n<meta name=\"twitter:label1\" content=\"Verfasst von\" \/>\n\t<meta name=\"twitter:data1\" content=\"Leinewelle\" \/>\n\t<meta name=\"twitter:label2\" content=\"Gesch\u00e4tzte Lesezeit\" \/>\n\t<meta name=\"twitter:data2\" content=\"2\u00a0Minuten\" \/>\n<script type=\"application\/ld+json\" class=\"yoast-schema-graph\">{\"@context\":\"https:\\\/\\\/schema.org\",\"@graph\":[{\"@type\":\"Article\",\"@id\":\"https:\\\/\\\/radioleinewelle.de\\\/index.php\\\/2020\\\/10\\\/15\\\/reinhard-luehrmann-erhaelt-die-ehrendoktorwuerde-der-freien-universitaet-berlin\\\/#article\",\"isPartOf\":{\"@id\":\"https:\\\/\\\/radioleinewelle.de\\\/index.php\\\/2020\\\/10\\\/15\\\/reinhard-luehrmann-erhaelt-die-ehrendoktorwuerde-der-freien-universitaet-berlin\\\/\"},\"author\":{\"name\":\"Leinewelle\",\"@id\":\"https:\\\/\\\/radioleinewelle.de\\\/#\\\/schema\\\/person\\\/45606f348637df637192dc1b68399a63\"},\"headline\":\"Reinhard L\u00fchrmann erh\u00e4lt die Ehrendoktorw\u00fcrde der Freien Universit\u00e4t Berlin\",\"datePublished\":\"2020-10-15T03:25:06+00:00\",\"mainEntityOfPage\":{\"@id\":\"https:\\\/\\\/radioleinewelle.de\\\/index.php\\\/2020\\\/10\\\/15\\\/reinhard-luehrmann-erhaelt-die-ehrendoktorwuerde-der-freien-universitaet-berlin\\\/\"},\"wordCount\":503,\"publisher\":{\"@id\":\"https:\\\/\\\/radioleinewelle.de\\\/#organization\"},\"image\":{\"@id\":\"https:\\\/\\\/radioleinewelle.de\\\/index.php\\\/2020\\\/10\\\/15\\\/reinhard-luehrmann-erhaelt-die-ehrendoktorwuerde-der-freien-universitaet-berlin\\\/#primaryimage\"},\"thumbnailUrl\":\"https:\\\/\\\/radioleinewelle.de\\\/wp-content\\\/uploads\\\/2020\\\/10\\\/Reinhard-Luehrmann-e1602706496673.jpg\",\"articleSection\":[\"Wissenschaft\"],\"inLanguage\":\"de\"},{\"@type\":\"WebPage\",\"@id\":\"https:\\\/\\\/radioleinewelle.de\\\/index.php\\\/2020\\\/10\\\/15\\\/reinhard-luehrmann-erhaelt-die-ehrendoktorwuerde-der-freien-universitaet-berlin\\\/\",\"url\":\"https:\\\/\\\/radioleinewelle.de\\\/index.php\\\/2020\\\/10\\\/15\\\/reinhard-luehrmann-erhaelt-die-ehrendoktorwuerde-der-freien-universitaet-berlin\\\/\",\"name\":\"Reinhard L\u00fchrmann erh\u00e4lt die Ehrendoktorw\u00fcrde der Freien Universit\u00e4t Berlin - Radio Leinewelle\",\"isPartOf\":{\"@id\":\"https:\\\/\\\/radioleinewelle.de\\\/#website\"},\"primaryImageOfPage\":{\"@id\":\"https:\\\/\\\/radioleinewelle.de\\\/index.php\\\/2020\\\/10\\\/15\\\/reinhard-luehrmann-erhaelt-die-ehrendoktorwuerde-der-freien-universitaet-berlin\\\/#primaryimage\"},\"image\":{\"@id\":\"https:\\\/\\\/radioleinewelle.de\\\/index.php\\\/2020\\\/10\\\/15\\\/reinhard-luehrmann-erhaelt-die-ehrendoktorwuerde-der-freien-universitaet-berlin\\\/#primaryimage\"},\"thumbnailUrl\":\"https:\\\/\\\/radioleinewelle.de\\\/wp-content\\\/uploads\\\/2020\\\/10\\\/Reinhard-Luehrmann-e1602706496673.jpg\",\"datePublished\":\"2020-10-15T03:25:06+00:00\",\"breadcrumb\":{\"@id\":\"https:\\\/\\\/radioleinewelle.de\\\/index.php\\\/2020\\\/10\\\/15\\\/reinhard-luehrmann-erhaelt-die-ehrendoktorwuerde-der-freien-universitaet-berlin\\\/#breadcrumb\"},\"inLanguage\":\"de\",\"potentialAction\":[{\"@type\":\"ReadAction\",\"target\":[\"https:\\\/\\\/radioleinewelle.de\\\/index.php\\\/2020\\\/10\\\/15\\\/reinhard-luehrmann-erhaelt-die-ehrendoktorwuerde-der-freien-universitaet-berlin\\\/\"]}]},{\"@type\":\"ImageObject\",\"inLanguage\":\"de\",\"@id\":\"https:\\\/\\\/radioleinewelle.de\\\/index.php\\\/2020\\\/10\\\/15\\\/reinhard-luehrmann-erhaelt-die-ehrendoktorwuerde-der-freien-universitaet-berlin\\\/#primaryimage\",\"url\":\"https:\\\/\\\/radioleinewelle.de\\\/wp-content\\\/uploads\\\/2020\\\/10\\\/Reinhard-Luehrmann-e1602706496673.jpg\",\"contentUrl\":\"https:\\\/\\\/radioleinewelle.de\\\/wp-content\\\/uploads\\\/2020\\\/10\\\/Reinhard-Luehrmann-e1602706496673.jpg\",\"width\":1927,\"height\":1192},{\"@type\":\"BreadcrumbList\",\"@id\":\"https:\\\/\\\/radioleinewelle.de\\\/index.php\\\/2020\\\/10\\\/15\\\/reinhard-luehrmann-erhaelt-die-ehrendoktorwuerde-der-freien-universitaet-berlin\\\/#breadcrumb\",\"itemListElement\":[{\"@type\":\"ListItem\",\"position\":1,\"name\":\"Startseite\",\"item\":\"https:\\\/\\\/radioleinewelle.de\\\/\"},{\"@type\":\"ListItem\",\"position\":2,\"name\":\"Reinhard L\u00fchrmann erh\u00e4lt die Ehrendoktorw\u00fcrde der Freien Universit\u00e4t Berlin\"}]},{\"@type\":\"WebSite\",\"@id\":\"https:\\\/\\\/radioleinewelle.de\\\/#website\",\"url\":\"https:\\\/\\\/radioleinewelle.de\\\/\",\"name\":\"Radio Leinewelle\",\"description\":\"\",\"publisher\":{\"@id\":\"https:\\\/\\\/radioleinewelle.de\\\/#organization\"},\"potentialAction\":[{\"@type\":\"SearchAction\",\"target\":{\"@type\":\"EntryPoint\",\"urlTemplate\":\"https:\\\/\\\/radioleinewelle.de\\\/?s={search_term_string}\"},\"query-input\":{\"@type\":\"PropertyValueSpecification\",\"valueRequired\":true,\"valueName\":\"search_term_string\"}}],\"inLanguage\":\"de\"},{\"@type\":\"Organization\",\"@id\":\"https:\\\/\\\/radioleinewelle.de\\\/#organization\",\"name\":\"Radio Leinewelle\",\"alternateName\":\"Mein Radio f\u00fcr S\u00fcdniedersachsen\",\"url\":\"https:\\\/\\\/radioleinewelle.de\\\/\",\"logo\":{\"@type\":\"ImageObject\",\"inLanguage\":\"de\",\"@id\":\"https:\\\/\\\/radioleinewelle.de\\\/#\\\/schema\\\/logo\\\/image\\\/\",\"url\":\"https:\\\/\\\/radioleinewelle.de\\\/wp-content\\\/uploads\\\/2023\\\/11\\\/cropped-Leinewelle_Logo_weiss.png\",\"contentUrl\":\"https:\\\/\\\/radioleinewelle.de\\\/wp-content\\\/uploads\\\/2023\\\/11\\\/cropped-Leinewelle_Logo_weiss.png\",\"width\":854,\"height\":260,\"caption\":\"Radio Leinewelle\"},\"image\":{\"@id\":\"https:\\\/\\\/radioleinewelle.de\\\/#\\\/schema\\\/logo\\\/image\\\/\"},\"sameAs\":[\"https:\\\/\\\/www.facebook.com\\\/radioleinewelle\",\"https:\\\/\\\/x.com\\\/RLeinewelle\",\"https:\\\/\\\/www.instagram.com\\\/radioleinewelle\\\/?hl=de\"]},{\"@type\":\"Person\",\"@id\":\"https:\\\/\\\/radioleinewelle.de\\\/#\\\/schema\\\/person\\\/45606f348637df637192dc1b68399a63\",\"name\":\"Leinewelle\",\"image\":{\"@type\":\"ImageObject\",\"inLanguage\":\"de\",\"@id\":\"https:\\\/\\\/secure.gravatar.com\\\/avatar\\\/05c9a17bc973052ee5d91549bd32fb4dd0dc85b7b85ae94b2e2b4943476bbea5?s=96&d=blank&r=g\",\"url\":\"https:\\\/\\\/secure.gravatar.com\\\/avatar\\\/05c9a17bc973052ee5d91549bd32fb4dd0dc85b7b85ae94b2e2b4943476bbea5?s=96&d=blank&r=g\",\"contentUrl\":\"https:\\\/\\\/secure.gravatar.com\\\/avatar\\\/05c9a17bc973052ee5d91549bd32fb4dd0dc85b7b85ae94b2e2b4943476bbea5?s=96&d=blank&r=g\",\"caption\":\"Leinewelle\"},\"sameAs\":[\"http:\\\/\\\/localhost\\\/radio%20leinewelle\\\/wordpress\",\"https:\\\/\\\/www.facebook.com\\\/radioleinewelle\",\"https:\\\/\\\/www.instagram.com\\\/radioleinewelle\",\"https:\\\/\\\/x.com\\\/https:\\\/\\\/twitter.com\\\/RLeinewelle?ref_src=twsrcgoogletwcampserptwgrauthor\",\"https:\\\/\\\/soundcloud.com\\\/foerderverein-lokalradio?utm_source=clipboard&utm_medium=text&utm_campaign=social_sharing\"],\"url\":\"https:\\\/\\\/radioleinewelle.de\\\/index.php\\\/author\\\/leinewelle\\\/\"}]}<\/script>\n<!-- \/ Yoast SEO plugin. -->","yoast_head_json":{"title":"Reinhard L\u00fchrmann erh\u00e4lt die Ehrendoktorw\u00fcrde der Freien Universit\u00e4t Berlin - Radio Leinewelle","robots":{"index":"index","follow":"follow","max-snippet":"max-snippet:-1","max-image-preview":"max-image-preview:large","max-video-preview":"max-video-preview:-1"},"canonical":"https:\/\/radioleinewelle.de\/index.php\/2020\/10\/15\/reinhard-luehrmann-erhaelt-die-ehrendoktorwuerde-der-freien-universitaet-berlin\/","og_locale":"de_DE","og_type":"article","og_title":"Reinhard L\u00fchrmann erh\u00e4lt die Ehrendoktorw\u00fcrde der Freien Universit\u00e4t Berlin - Radio Leinewelle","og_description":"Die Hochschule hat den Emeritus-Direktor vom Max-Planck-Institut f\u00fcr biophysikalische Chemie zum Ehrendoktor ernannt. Sie w\u00fcrdigt mit dieser Auszeichnung Reinhard L\u00fchrmanns Pionierarbeiten in der Splei\u00dfosomen-Forschung, einem Gebiet, auf dem er zu den f\u00fchrenden Wissenschaftlerinnen und Wissenschaftlern weltweit z\u00e4hlt. Splei\u00dfosomen sind molekulare \u201eSchneidetische\u201c, die die Bauanleitung f\u00fcr Proteine \u2013 die Werkzeuge lebender Zellen \u2013 in eine lesbare [&hellip;]","og_url":"https:\/\/radioleinewelle.de\/index.php\/2020\/10\/15\/reinhard-luehrmann-erhaelt-die-ehrendoktorwuerde-der-freien-universitaet-berlin\/","og_site_name":"Radio Leinewelle","article_publisher":"https:\/\/www.facebook.com\/radioleinewelle","article_author":"https:\/\/www.facebook.com\/radioleinewelle","article_published_time":"2020-10-15T03:25:06+00:00","og_image":[{"width":1927,"height":1192,"url":"https:\/\/radioleinewelle.de\/wp-content\/uploads\/2020\/10\/Reinhard-Luehrmann-e1602706496673.jpg","type":"image\/jpeg"}],"author":"Leinewelle","twitter_card":"summary_large_image","twitter_creator":"@https:\/\/twitter.com\/RLeinewelle?ref_src=twsrcgoogletwcampserptwgrauthor","twitter_site":"@RLeinewelle","twitter_misc":{"Verfasst von":"Leinewelle","Gesch\u00e4tzte Lesezeit":"2\u00a0Minuten"},"schema":{"@context":"https:\/\/schema.org","@graph":[{"@type":"Article","@id":"https:\/\/radioleinewelle.de\/index.php\/2020\/10\/15\/reinhard-luehrmann-erhaelt-die-ehrendoktorwuerde-der-freien-universitaet-berlin\/#article","isPartOf":{"@id":"https:\/\/radioleinewelle.de\/index.php\/2020\/10\/15\/reinhard-luehrmann-erhaelt-die-ehrendoktorwuerde-der-freien-universitaet-berlin\/"},"author":{"name":"Leinewelle","@id":"https:\/\/radioleinewelle.de\/#\/schema\/person\/45606f348637df637192dc1b68399a63"},"headline":"Reinhard L\u00fchrmann erh\u00e4lt die Ehrendoktorw\u00fcrde der Freien Universit\u00e4t Berlin","datePublished":"2020-10-15T03:25:06+00:00","mainEntityOfPage":{"@id":"https:\/\/radioleinewelle.de\/index.php\/2020\/10\/15\/reinhard-luehrmann-erhaelt-die-ehrendoktorwuerde-der-freien-universitaet-berlin\/"},"wordCount":503,"publisher":{"@id":"https:\/\/radioleinewelle.de\/#organization"},"image":{"@id":"https:\/\/radioleinewelle.de\/index.php\/2020\/10\/15\/reinhard-luehrmann-erhaelt-die-ehrendoktorwuerde-der-freien-universitaet-berlin\/#primaryimage"},"thumbnailUrl":"https:\/\/radioleinewelle.de\/wp-content\/uploads\/2020\/10\/Reinhard-Luehrmann-e1602706496673.jpg","articleSection":["Wissenschaft"],"inLanguage":"de"},{"@type":"WebPage","@id":"https:\/\/radioleinewelle.de\/index.php\/2020\/10\/15\/reinhard-luehrmann-erhaelt-die-ehrendoktorwuerde-der-freien-universitaet-berlin\/","url":"https:\/\/radioleinewelle.de\/index.php\/2020\/10\/15\/reinhard-luehrmann-erhaelt-die-ehrendoktorwuerde-der-freien-universitaet-berlin\/","name":"Reinhard L\u00fchrmann erh\u00e4lt die Ehrendoktorw\u00fcrde der Freien Universit\u00e4t Berlin - Radio Leinewelle","isPartOf":{"@id":"https:\/\/radioleinewelle.de\/#website"},"primaryImageOfPage":{"@id":"https:\/\/radioleinewelle.de\/index.php\/2020\/10\/15\/reinhard-luehrmann-erhaelt-die-ehrendoktorwuerde-der-freien-universitaet-berlin\/#primaryimage"},"image":{"@id":"https:\/\/radioleinewelle.de\/index.php\/2020\/10\/15\/reinhard-luehrmann-erhaelt-die-ehrendoktorwuerde-der-freien-universitaet-berlin\/#primaryimage"},"thumbnailUrl":"https:\/\/radioleinewelle.de\/wp-content\/uploads\/2020\/10\/Reinhard-Luehrmann-e1602706496673.jpg","datePublished":"2020-10-15T03:25:06+00:00","breadcrumb":{"@id":"https:\/\/radioleinewelle.de\/index.php\/2020\/10\/15\/reinhard-luehrmann-erhaelt-die-ehrendoktorwuerde-der-freien-universitaet-berlin\/#breadcrumb"},"inLanguage":"de","potentialAction":[{"@type":"ReadAction","target":["https:\/\/radioleinewelle.de\/index.php\/2020\/10\/15\/reinhard-luehrmann-erhaelt-die-ehrendoktorwuerde-der-freien-universitaet-berlin\/"]}]},{"@type":"ImageObject","inLanguage":"de","@id":"https:\/\/radioleinewelle.de\/index.php\/2020\/10\/15\/reinhard-luehrmann-erhaelt-die-ehrendoktorwuerde-der-freien-universitaet-berlin\/#primaryimage","url":"https:\/\/radioleinewelle.de\/wp-content\/uploads\/2020\/10\/Reinhard-Luehrmann-e1602706496673.jpg","contentUrl":"https:\/\/radioleinewelle.de\/wp-content\/uploads\/2020\/10\/Reinhard-Luehrmann-e1602706496673.jpg","width":1927,"height":1192},{"@type":"BreadcrumbList","@id":"https:\/\/radioleinewelle.de\/index.php\/2020\/10\/15\/reinhard-luehrmann-erhaelt-die-ehrendoktorwuerde-der-freien-universitaet-berlin\/#breadcrumb","itemListElement":[{"@type":"ListItem","position":1,"name":"Startseite","item":"https:\/\/radioleinewelle.de\/"},{"@type":"ListItem","position":2,"name":"Reinhard L\u00fchrmann erh\u00e4lt die Ehrendoktorw\u00fcrde der Freien Universit\u00e4t Berlin"}]},{"@type":"WebSite","@id":"https:\/\/radioleinewelle.de\/#website","url":"https:\/\/radioleinewelle.de\/","name":"Radio Leinewelle","description":"","publisher":{"@id":"https:\/\/radioleinewelle.de\/#organization"},"potentialAction":[{"@type":"SearchAction","target":{"@type":"EntryPoint","urlTemplate":"https:\/\/radioleinewelle.de\/?s={search_term_string}"},"query-input":{"@type":"PropertyValueSpecification","valueRequired":true,"valueName":"search_term_string"}}],"inLanguage":"de"},{"@type":"Organization","@id":"https:\/\/radioleinewelle.de\/#organization","name":"Radio Leinewelle","alternateName":"Mein Radio f\u00fcr S\u00fcdniedersachsen","url":"https:\/\/radioleinewelle.de\/","logo":{"@type":"ImageObject","inLanguage":"de","@id":"https:\/\/radioleinewelle.de\/#\/schema\/logo\/image\/","url":"https:\/\/radioleinewelle.de\/wp-content\/uploads\/2023\/11\/cropped-Leinewelle_Logo_weiss.png","contentUrl":"https:\/\/radioleinewelle.de\/wp-content\/uploads\/2023\/11\/cropped-Leinewelle_Logo_weiss.png","width":854,"height":260,"caption":"Radio Leinewelle"},"image":{"@id":"https:\/\/radioleinewelle.de\/#\/schema\/logo\/image\/"},"sameAs":["https:\/\/www.facebook.com\/radioleinewelle","https:\/\/x.com\/RLeinewelle","https:\/\/www.instagram.com\/radioleinewelle\/?hl=de"]},{"@type":"Person","@id":"https:\/\/radioleinewelle.de\/#\/schema\/person\/45606f348637df637192dc1b68399a63","name":"Leinewelle","image":{"@type":"ImageObject","inLanguage":"de","@id":"https:\/\/secure.gravatar.com\/avatar\/05c9a17bc973052ee5d91549bd32fb4dd0dc85b7b85ae94b2e2b4943476bbea5?s=96&d=blank&r=g","url":"https:\/\/secure.gravatar.com\/avatar\/05c9a17bc973052ee5d91549bd32fb4dd0dc85b7b85ae94b2e2b4943476bbea5?s=96&d=blank&r=g","contentUrl":"https:\/\/secure.gravatar.com\/avatar\/05c9a17bc973052ee5d91549bd32fb4dd0dc85b7b85ae94b2e2b4943476bbea5?s=96&d=blank&r=g","caption":"Leinewelle"},"sameAs":["http:\/\/localhost\/radio%20leinewelle\/wordpress","https:\/\/www.facebook.com\/radioleinewelle","https:\/\/www.instagram.com\/radioleinewelle","https:\/\/x.com\/https:\/\/twitter.com\/RLeinewelle?ref_src=twsrcgoogletwcampserptwgrauthor","https:\/\/soundcloud.com\/foerderverein-lokalradio?utm_source=clipboard&utm_medium=text&utm_campaign=social_sharing"],"url":"https:\/\/radioleinewelle.de\/index.php\/author\/leinewelle\/"}]}},"_links":{"self":[{"href":"https:\/\/radioleinewelle.de\/index.php\/wp-json\/wp\/v2\/posts\/2365","targetHints":{"allow":["GET"]}}],"collection":[{"href":"https:\/\/radioleinewelle.de\/index.php\/wp-json\/wp\/v2\/posts"}],"about":[{"href":"https:\/\/radioleinewelle.de\/index.php\/wp-json\/wp\/v2\/types\/post"}],"author":[{"embeddable":true,"href":"https:\/\/radioleinewelle.de\/index.php\/wp-json\/wp\/v2\/users\/1"}],"replies":[{"embeddable":true,"href":"https:\/\/radioleinewelle.de\/index.php\/wp-json\/wp\/v2\/comments?post=2365"}],"version-history":[{"count":0,"href":"https:\/\/radioleinewelle.de\/index.php\/wp-json\/wp\/v2\/posts\/2365\/revisions"}],"wp:featuredmedia":[{"embeddable":true,"href":"https:\/\/radioleinewelle.de\/index.php\/wp-json\/wp\/v2\/media\/2367"}],"wp:attachment":[{"href":"https:\/\/radioleinewelle.de\/index.php\/wp-json\/wp\/v2\/media?parent=2365"}],"wp:term":[{"taxonomy":"category","embeddable":true,"href":"https:\/\/radioleinewelle.de\/index.php\/wp-json\/wp\/v2\/categories?post=2365"},{"taxonomy":"post_tag","embeddable":true,"href":"https:\/\/radioleinewelle.de\/index.php\/wp-json\/wp\/v2\/tags?post=2365"}],"curies":[{"name":"wp","href":"https:\/\/api.w.org\/{rel}","templated":true}]}}