{"id":2368,"date":"2020-10-15T05:10:04","date_gmt":"2020-10-15T03:10:04","guid":{"rendered":"https:\/\/radioleinewelle.de\/?p=2368"},"modified":"2020-10-15T05:10:04","modified_gmt":"2020-10-15T03:10:04","slug":"projekt-literatur-aus-kassel-fuer-kassel-online-lesungen","status":"publish","type":"post","link":"https:\/\/radioleinewelle.de\/index.php\/2020\/10\/15\/projekt-literatur-aus-kassel-fuer-kassel-online-lesungen\/","title":{"rendered":"Projekt \u201eLiteratur aus Kassel f\u00fcr Kassel: Online-Lesungen\u201c"},"content":{"rendered":"<p>&#8222;Literatur aus Kassel f\u00fcr Kassel: Online-Lesungen&#8220; \u2013 so hei\u00dft ein Projekt, das insgesamt 43 Lesungen Kasseler Autorinnen und Autoren umfasst, die von ebenfalls aus Kassel stammenden Vorleserinnen und Vorlesern eingesprochen wurden. Diese Aufnahmen stehen ab sofort auf der Internetseite der Stadtbibliothek unter<a class=\"SP-Paragraph__link\" href=\"https:\/\/%20www.kassel.de\/online-lesungen%20\" target=\"_blank\" rel=\"noopener\">\u00a0<span class=\"SP-Paragraph__linkText\"><span class=\"SP-Paragraph__linkTitle\">www.kassel.de\/online-lesungen<\/span><\/span><\/a> kostenlos als Download zur Verf\u00fcgung.<\/p>\n<p>Kulturdezernentin Susanne V\u00f6lker hat es jetzt gemeinsam mit Initiatorin Prof. Dr. Nikola Ro\u00dfbach von der Universit\u00e4t Kassel sowie dem Leiter der Stadtbibliothek, Knut Hoffmann, vorgestellt. Die Online-Lesungen umfassen sowohl Prosa und Fachliteratur als auch lyrische Texte und reichen von historischen, wissenschaftlichen Beobachtungen zum Kasseler Wetter und dem Aberglauben im 17. Jahrhundert von Hermann IV. von Hessen-Rotenburg (1607-1658) bis zu dem zeitgen\u00f6ssischen Roman der Kasseler Schriftstellerin Maria Knissel mit dem Titel \u201eLetzte Meile\u201c. Ebenso vielseitig ist die Auswahl der insgesamt 25 Vorleserinnen und Vorlesern, welche die Texte in ihrer privaten Umgebung aufgenommen haben. Dazu geh\u00f6ren u.a.: Friedrich Block, Eva Schulz-Jander, Andreas Gebhardt und Marlis Wilde-Stockmeyer.<\/p>\n<p>Kulturdezernentin V\u00f6lker hob hervor: \u201eDieses vielschichtige Projekt f\u00fchrt uns die gro\u00dfe Bandbreite an literarischen Genres und Themen Kasseler Autorinnen und Autoren vor Augen. Ich freue mich, dass durch diese intensive und kreative Zusammenarbeit von Prof. Dr. Ro\u00dfbach, der Universit\u00e4t Kassel sowie der Stadtbibliothek die lokale Literatur einem breiten Publikum auf innovative Weise erschlossen wird.\u201c\u00a0Prof. Dr. Ro\u00dfbach sagte: \u201eErst haben wir Kassel zum Stadtjubil\u00e4um 2013 mit Literaturschildern \u201azugetextet\u2019. 2018 haben wir dann nachgelegt mit dem \u201eKleinen Kasseler Literatur-Lexikon\u201c, das \u00fcber 450 Autorinnen und Autoren vorstellt. Und nun lesen wir Ihnen vor aus der Kasseler Literatur der Jahrhunderte: \u00fcber 13 Stunden. Hoffentlich ist f\u00fcr jede und jeden etwas Spannendes dabei!\u201c\u00a0Prof. Dr. Ro\u00dfbach hat schon in verschiedenen Zusammenh\u00e4ngen mit der Stadtbibliothek zusammengearbeitet. So entstand bereits zum Stadtjubil\u00e4um 2013 das Projekt \u201eLiteratur in Kassel \u2013 mehr als nur GRIMMig\u201c. Auch im Rahmen der \u00dcbernahme von 2.000 Exemplaren aus dem \u201eParthenon of Books\u201c von Marta Minuj\u00edn nach der documenta 14 im Jahr 2017 kam es zu einer Zusammenarbeit.<\/p>\n<p>Foto: Pixabay<\/p>\n<p>&nbsp;<\/p>\n","protected":false},"excerpt":{"rendered":"<p>&#8222;Literatur aus Kassel f\u00fcr Kassel: Online-Lesungen&#8220; \u2013 so hei\u00dft ein Projekt, das insgesamt 43 Lesungen Kasseler Autorinnen und Autoren umfasst, die von ebenfalls aus Kassel stammenden Vorleserinnen und Vorlesern eingesprochen wurden. Diese Aufnahmen stehen ab sofort auf der Internetseite der Stadtbibliothek unter\u00a0www.kassel.de\/online-lesungen kostenlos als Download zur Verf\u00fcgung. Kulturdezernentin Susanne V\u00f6lker hat es jetzt gemeinsam mit [&hellip;]<\/p>\n","protected":false},"author":1,"featured_media":1497,"comment_status":"closed","ping_status":"closed","sticky":false,"template":"","format":"standard","meta":{"saved_in_kubio":false,"footnotes":""},"categories":[45],"tags":[],"class_list":["post-2368","post","type-post","status-publish","format-standard","has-post-thumbnail","hentry","category-kultur"],"yoast_head":"<!-- This site is optimized with the Yoast SEO plugin v27.5 - https:\/\/yoast.com\/product\/yoast-seo-wordpress\/ -->\n<title>Projekt \u201eLiteratur aus Kassel f\u00fcr Kassel: Online-Lesungen\u201c - Radio Leinewelle<\/title>\n<meta name=\"robots\" content=\"index, follow, max-snippet:-1, max-image-preview:large, max-video-preview:-1\" \/>\n<link rel=\"canonical\" href=\"https:\/\/radioleinewelle.de\/index.php\/2020\/10\/15\/projekt-literatur-aus-kassel-fuer-kassel-online-lesungen\/\" \/>\n<meta property=\"og:locale\" content=\"de_DE\" \/>\n<meta property=\"og:type\" content=\"article\" \/>\n<meta property=\"og:title\" content=\"Projekt \u201eLiteratur aus Kassel f\u00fcr Kassel: Online-Lesungen\u201c - Radio Leinewelle\" \/>\n<meta property=\"og:description\" content=\"&#8222;Literatur aus Kassel f\u00fcr Kassel: Online-Lesungen&#8220; \u2013 so hei\u00dft ein Projekt, das insgesamt 43 Lesungen Kasseler Autorinnen und Autoren umfasst, die von ebenfalls aus Kassel stammenden Vorleserinnen und Vorlesern eingesprochen wurden. Diese Aufnahmen stehen ab sofort auf der Internetseite der Stadtbibliothek unter\u00a0www.kassel.de\/online-lesungen kostenlos als Download zur Verf\u00fcgung. Kulturdezernentin Susanne V\u00f6lker hat es jetzt gemeinsam mit [&hellip;]\" \/>\n<meta property=\"og:url\" content=\"https:\/\/radioleinewelle.de\/index.php\/2020\/10\/15\/projekt-literatur-aus-kassel-fuer-kassel-online-lesungen\/\" \/>\n<meta property=\"og:site_name\" content=\"Radio Leinewelle\" \/>\n<meta property=\"article:publisher\" content=\"https:\/\/www.facebook.com\/radioleinewelle\" \/>\n<meta property=\"article:author\" content=\"https:\/\/www.facebook.com\/radioleinewelle\" \/>\n<meta property=\"article:published_time\" content=\"2020-10-15T03:10:04+00:00\" \/>\n<meta property=\"og:image\" content=\"https:\/\/radioleinewelle.de\/wp-content\/uploads\/2020\/09\/books-2463779_640.jpg\" \/>\n\t<meta property=\"og:image:width\" content=\"640\" \/>\n\t<meta property=\"og:image:height\" content=\"450\" \/>\n\t<meta property=\"og:image:type\" content=\"image\/jpeg\" \/>\n<meta name=\"author\" content=\"Leinewelle\" \/>\n<meta name=\"twitter:card\" content=\"summary_large_image\" \/>\n<meta name=\"twitter:creator\" content=\"@https:\/\/twitter.com\/RLeinewelle?ref_src=twsrcgoogletwcampserptwgrauthor\" \/>\n<meta name=\"twitter:site\" content=\"@RLeinewelle\" \/>\n<meta name=\"twitter:label1\" content=\"Verfasst von\" \/>\n\t<meta name=\"twitter:data1\" content=\"Leinewelle\" \/>\n\t<meta name=\"twitter:label2\" content=\"Gesch\u00e4tzte Lesezeit\" \/>\n\t<meta name=\"twitter:data2\" content=\"2\u00a0Minuten\" \/>\n<script type=\"application\/ld+json\" class=\"yoast-schema-graph\">{\"@context\":\"https:\\\/\\\/schema.org\",\"@graph\":[{\"@type\":\"Article\",\"@id\":\"https:\\\/\\\/radioleinewelle.de\\\/index.php\\\/2020\\\/10\\\/15\\\/projekt-literatur-aus-kassel-fuer-kassel-online-lesungen\\\/#article\",\"isPartOf\":{\"@id\":\"https:\\\/\\\/radioleinewelle.de\\\/index.php\\\/2020\\\/10\\\/15\\\/projekt-literatur-aus-kassel-fuer-kassel-online-lesungen\\\/\"},\"author\":{\"name\":\"Leinewelle\",\"@id\":\"https:\\\/\\\/radioleinewelle.de\\\/#\\\/schema\\\/person\\\/45606f348637df637192dc1b68399a63\"},\"headline\":\"Projekt \u201eLiteratur aus Kassel f\u00fcr Kassel: Online-Lesungen\u201c\",\"datePublished\":\"2020-10-15T03:10:04+00:00\",\"mainEntityOfPage\":{\"@id\":\"https:\\\/\\\/radioleinewelle.de\\\/index.php\\\/2020\\\/10\\\/15\\\/projekt-literatur-aus-kassel-fuer-kassel-online-lesungen\\\/\"},\"wordCount\":339,\"publisher\":{\"@id\":\"https:\\\/\\\/radioleinewelle.de\\\/#organization\"},\"image\":{\"@id\":\"https:\\\/\\\/radioleinewelle.de\\\/index.php\\\/2020\\\/10\\\/15\\\/projekt-literatur-aus-kassel-fuer-kassel-online-lesungen\\\/#primaryimage\"},\"thumbnailUrl\":\"https:\\\/\\\/radioleinewelle.de\\\/wp-content\\\/uploads\\\/2020\\\/09\\\/books-2463779_640.jpg\",\"articleSection\":[\"Kultur\"],\"inLanguage\":\"de\"},{\"@type\":\"WebPage\",\"@id\":\"https:\\\/\\\/radioleinewelle.de\\\/index.php\\\/2020\\\/10\\\/15\\\/projekt-literatur-aus-kassel-fuer-kassel-online-lesungen\\\/\",\"url\":\"https:\\\/\\\/radioleinewelle.de\\\/index.php\\\/2020\\\/10\\\/15\\\/projekt-literatur-aus-kassel-fuer-kassel-online-lesungen\\\/\",\"name\":\"Projekt \u201eLiteratur aus Kassel f\u00fcr Kassel: Online-Lesungen\u201c - Radio Leinewelle\",\"isPartOf\":{\"@id\":\"https:\\\/\\\/radioleinewelle.de\\\/#website\"},\"primaryImageOfPage\":{\"@id\":\"https:\\\/\\\/radioleinewelle.de\\\/index.php\\\/2020\\\/10\\\/15\\\/projekt-literatur-aus-kassel-fuer-kassel-online-lesungen\\\/#primaryimage\"},\"image\":{\"@id\":\"https:\\\/\\\/radioleinewelle.de\\\/index.php\\\/2020\\\/10\\\/15\\\/projekt-literatur-aus-kassel-fuer-kassel-online-lesungen\\\/#primaryimage\"},\"thumbnailUrl\":\"https:\\\/\\\/radioleinewelle.de\\\/wp-content\\\/uploads\\\/2020\\\/09\\\/books-2463779_640.jpg\",\"datePublished\":\"2020-10-15T03:10:04+00:00\",\"breadcrumb\":{\"@id\":\"https:\\\/\\\/radioleinewelle.de\\\/index.php\\\/2020\\\/10\\\/15\\\/projekt-literatur-aus-kassel-fuer-kassel-online-lesungen\\\/#breadcrumb\"},\"inLanguage\":\"de\",\"potentialAction\":[{\"@type\":\"ReadAction\",\"target\":[\"https:\\\/\\\/radioleinewelle.de\\\/index.php\\\/2020\\\/10\\\/15\\\/projekt-literatur-aus-kassel-fuer-kassel-online-lesungen\\\/\"]}]},{\"@type\":\"ImageObject\",\"inLanguage\":\"de\",\"@id\":\"https:\\\/\\\/radioleinewelle.de\\\/index.php\\\/2020\\\/10\\\/15\\\/projekt-literatur-aus-kassel-fuer-kassel-online-lesungen\\\/#primaryimage\",\"url\":\"https:\\\/\\\/radioleinewelle.de\\\/wp-content\\\/uploads\\\/2020\\\/09\\\/books-2463779_640.jpg\",\"contentUrl\":\"https:\\\/\\\/radioleinewelle.de\\\/wp-content\\\/uploads\\\/2020\\\/09\\\/books-2463779_640.jpg\",\"width\":640,\"height\":450},{\"@type\":\"BreadcrumbList\",\"@id\":\"https:\\\/\\\/radioleinewelle.de\\\/index.php\\\/2020\\\/10\\\/15\\\/projekt-literatur-aus-kassel-fuer-kassel-online-lesungen\\\/#breadcrumb\",\"itemListElement\":[{\"@type\":\"ListItem\",\"position\":1,\"name\":\"Startseite\",\"item\":\"https:\\\/\\\/radioleinewelle.de\\\/\"},{\"@type\":\"ListItem\",\"position\":2,\"name\":\"Projekt \u201eLiteratur aus Kassel f\u00fcr Kassel: Online-Lesungen\u201c\"}]},{\"@type\":\"WebSite\",\"@id\":\"https:\\\/\\\/radioleinewelle.de\\\/#website\",\"url\":\"https:\\\/\\\/radioleinewelle.de\\\/\",\"name\":\"Radio Leinewelle\",\"description\":\"\",\"publisher\":{\"@id\":\"https:\\\/\\\/radioleinewelle.de\\\/#organization\"},\"potentialAction\":[{\"@type\":\"SearchAction\",\"target\":{\"@type\":\"EntryPoint\",\"urlTemplate\":\"https:\\\/\\\/radioleinewelle.de\\\/?s={search_term_string}\"},\"query-input\":{\"@type\":\"PropertyValueSpecification\",\"valueRequired\":true,\"valueName\":\"search_term_string\"}}],\"inLanguage\":\"de\"},{\"@type\":\"Organization\",\"@id\":\"https:\\\/\\\/radioleinewelle.de\\\/#organization\",\"name\":\"Radio Leinewelle\",\"alternateName\":\"Mein Radio f\u00fcr S\u00fcdniedersachsen\",\"url\":\"https:\\\/\\\/radioleinewelle.de\\\/\",\"logo\":{\"@type\":\"ImageObject\",\"inLanguage\":\"de\",\"@id\":\"https:\\\/\\\/radioleinewelle.de\\\/#\\\/schema\\\/logo\\\/image\\\/\",\"url\":\"https:\\\/\\\/radioleinewelle.de\\\/wp-content\\\/uploads\\\/2023\\\/11\\\/cropped-Leinewelle_Logo_weiss.png\",\"contentUrl\":\"https:\\\/\\\/radioleinewelle.de\\\/wp-content\\\/uploads\\\/2023\\\/11\\\/cropped-Leinewelle_Logo_weiss.png\",\"width\":854,\"height\":260,\"caption\":\"Radio Leinewelle\"},\"image\":{\"@id\":\"https:\\\/\\\/radioleinewelle.de\\\/#\\\/schema\\\/logo\\\/image\\\/\"},\"sameAs\":[\"https:\\\/\\\/www.facebook.com\\\/radioleinewelle\",\"https:\\\/\\\/x.com\\\/RLeinewelle\",\"https:\\\/\\\/www.instagram.com\\\/radioleinewelle\\\/?hl=de\"]},{\"@type\":\"Person\",\"@id\":\"https:\\\/\\\/radioleinewelle.de\\\/#\\\/schema\\\/person\\\/45606f348637df637192dc1b68399a63\",\"name\":\"Leinewelle\",\"image\":{\"@type\":\"ImageObject\",\"inLanguage\":\"de\",\"@id\":\"https:\\\/\\\/secure.gravatar.com\\\/avatar\\\/05c9a17bc973052ee5d91549bd32fb4dd0dc85b7b85ae94b2e2b4943476bbea5?s=96&d=blank&r=g\",\"url\":\"https:\\\/\\\/secure.gravatar.com\\\/avatar\\\/05c9a17bc973052ee5d91549bd32fb4dd0dc85b7b85ae94b2e2b4943476bbea5?s=96&d=blank&r=g\",\"contentUrl\":\"https:\\\/\\\/secure.gravatar.com\\\/avatar\\\/05c9a17bc973052ee5d91549bd32fb4dd0dc85b7b85ae94b2e2b4943476bbea5?s=96&d=blank&r=g\",\"caption\":\"Leinewelle\"},\"sameAs\":[\"http:\\\/\\\/localhost\\\/radio%20leinewelle\\\/wordpress\",\"https:\\\/\\\/www.facebook.com\\\/radioleinewelle\",\"https:\\\/\\\/www.instagram.com\\\/radioleinewelle\",\"https:\\\/\\\/x.com\\\/https:\\\/\\\/twitter.com\\\/RLeinewelle?ref_src=twsrcgoogletwcampserptwgrauthor\",\"https:\\\/\\\/soundcloud.com\\\/foerderverein-lokalradio?utm_source=clipboard&utm_medium=text&utm_campaign=social_sharing\"],\"url\":\"https:\\\/\\\/radioleinewelle.de\\\/index.php\\\/author\\\/leinewelle\\\/\"}]}<\/script>\n<!-- \/ Yoast SEO plugin. -->","yoast_head_json":{"title":"Projekt \u201eLiteratur aus Kassel f\u00fcr Kassel: Online-Lesungen\u201c - Radio Leinewelle","robots":{"index":"index","follow":"follow","max-snippet":"max-snippet:-1","max-image-preview":"max-image-preview:large","max-video-preview":"max-video-preview:-1"},"canonical":"https:\/\/radioleinewelle.de\/index.php\/2020\/10\/15\/projekt-literatur-aus-kassel-fuer-kassel-online-lesungen\/","og_locale":"de_DE","og_type":"article","og_title":"Projekt \u201eLiteratur aus Kassel f\u00fcr Kassel: Online-Lesungen\u201c - Radio Leinewelle","og_description":"&#8222;Literatur aus Kassel f\u00fcr Kassel: Online-Lesungen&#8220; \u2013 so hei\u00dft ein Projekt, das insgesamt 43 Lesungen Kasseler Autorinnen und Autoren umfasst, die von ebenfalls aus Kassel stammenden Vorleserinnen und Vorlesern eingesprochen wurden. Diese Aufnahmen stehen ab sofort auf der Internetseite der Stadtbibliothek unter\u00a0www.kassel.de\/online-lesungen kostenlos als Download zur Verf\u00fcgung. Kulturdezernentin Susanne V\u00f6lker hat es jetzt gemeinsam mit [&hellip;]","og_url":"https:\/\/radioleinewelle.de\/index.php\/2020\/10\/15\/projekt-literatur-aus-kassel-fuer-kassel-online-lesungen\/","og_site_name":"Radio Leinewelle","article_publisher":"https:\/\/www.facebook.com\/radioleinewelle","article_author":"https:\/\/www.facebook.com\/radioleinewelle","article_published_time":"2020-10-15T03:10:04+00:00","og_image":[{"width":640,"height":450,"url":"https:\/\/radioleinewelle.de\/wp-content\/uploads\/2020\/09\/books-2463779_640.jpg","type":"image\/jpeg"}],"author":"Leinewelle","twitter_card":"summary_large_image","twitter_creator":"@https:\/\/twitter.com\/RLeinewelle?ref_src=twsrcgoogletwcampserptwgrauthor","twitter_site":"@RLeinewelle","twitter_misc":{"Verfasst von":"Leinewelle","Gesch\u00e4tzte Lesezeit":"2\u00a0Minuten"},"schema":{"@context":"https:\/\/schema.org","@graph":[{"@type":"Article","@id":"https:\/\/radioleinewelle.de\/index.php\/2020\/10\/15\/projekt-literatur-aus-kassel-fuer-kassel-online-lesungen\/#article","isPartOf":{"@id":"https:\/\/radioleinewelle.de\/index.php\/2020\/10\/15\/projekt-literatur-aus-kassel-fuer-kassel-online-lesungen\/"},"author":{"name":"Leinewelle","@id":"https:\/\/radioleinewelle.de\/#\/schema\/person\/45606f348637df637192dc1b68399a63"},"headline":"Projekt \u201eLiteratur aus Kassel f\u00fcr Kassel: Online-Lesungen\u201c","datePublished":"2020-10-15T03:10:04+00:00","mainEntityOfPage":{"@id":"https:\/\/radioleinewelle.de\/index.php\/2020\/10\/15\/projekt-literatur-aus-kassel-fuer-kassel-online-lesungen\/"},"wordCount":339,"publisher":{"@id":"https:\/\/radioleinewelle.de\/#organization"},"image":{"@id":"https:\/\/radioleinewelle.de\/index.php\/2020\/10\/15\/projekt-literatur-aus-kassel-fuer-kassel-online-lesungen\/#primaryimage"},"thumbnailUrl":"https:\/\/radioleinewelle.de\/wp-content\/uploads\/2020\/09\/books-2463779_640.jpg","articleSection":["Kultur"],"inLanguage":"de"},{"@type":"WebPage","@id":"https:\/\/radioleinewelle.de\/index.php\/2020\/10\/15\/projekt-literatur-aus-kassel-fuer-kassel-online-lesungen\/","url":"https:\/\/radioleinewelle.de\/index.php\/2020\/10\/15\/projekt-literatur-aus-kassel-fuer-kassel-online-lesungen\/","name":"Projekt \u201eLiteratur aus Kassel f\u00fcr Kassel: Online-Lesungen\u201c - Radio Leinewelle","isPartOf":{"@id":"https:\/\/radioleinewelle.de\/#website"},"primaryImageOfPage":{"@id":"https:\/\/radioleinewelle.de\/index.php\/2020\/10\/15\/projekt-literatur-aus-kassel-fuer-kassel-online-lesungen\/#primaryimage"},"image":{"@id":"https:\/\/radioleinewelle.de\/index.php\/2020\/10\/15\/projekt-literatur-aus-kassel-fuer-kassel-online-lesungen\/#primaryimage"},"thumbnailUrl":"https:\/\/radioleinewelle.de\/wp-content\/uploads\/2020\/09\/books-2463779_640.jpg","datePublished":"2020-10-15T03:10:04+00:00","breadcrumb":{"@id":"https:\/\/radioleinewelle.de\/index.php\/2020\/10\/15\/projekt-literatur-aus-kassel-fuer-kassel-online-lesungen\/#breadcrumb"},"inLanguage":"de","potentialAction":[{"@type":"ReadAction","target":["https:\/\/radioleinewelle.de\/index.php\/2020\/10\/15\/projekt-literatur-aus-kassel-fuer-kassel-online-lesungen\/"]}]},{"@type":"ImageObject","inLanguage":"de","@id":"https:\/\/radioleinewelle.de\/index.php\/2020\/10\/15\/projekt-literatur-aus-kassel-fuer-kassel-online-lesungen\/#primaryimage","url":"https:\/\/radioleinewelle.de\/wp-content\/uploads\/2020\/09\/books-2463779_640.jpg","contentUrl":"https:\/\/radioleinewelle.de\/wp-content\/uploads\/2020\/09\/books-2463779_640.jpg","width":640,"height":450},{"@type":"BreadcrumbList","@id":"https:\/\/radioleinewelle.de\/index.php\/2020\/10\/15\/projekt-literatur-aus-kassel-fuer-kassel-online-lesungen\/#breadcrumb","itemListElement":[{"@type":"ListItem","position":1,"name":"Startseite","item":"https:\/\/radioleinewelle.de\/"},{"@type":"ListItem","position":2,"name":"Projekt \u201eLiteratur aus Kassel f\u00fcr Kassel: Online-Lesungen\u201c"}]},{"@type":"WebSite","@id":"https:\/\/radioleinewelle.de\/#website","url":"https:\/\/radioleinewelle.de\/","name":"Radio Leinewelle","description":"","publisher":{"@id":"https:\/\/radioleinewelle.de\/#organization"},"potentialAction":[{"@type":"SearchAction","target":{"@type":"EntryPoint","urlTemplate":"https:\/\/radioleinewelle.de\/?s={search_term_string}"},"query-input":{"@type":"PropertyValueSpecification","valueRequired":true,"valueName":"search_term_string"}}],"inLanguage":"de"},{"@type":"Organization","@id":"https:\/\/radioleinewelle.de\/#organization","name":"Radio Leinewelle","alternateName":"Mein Radio f\u00fcr S\u00fcdniedersachsen","url":"https:\/\/radioleinewelle.de\/","logo":{"@type":"ImageObject","inLanguage":"de","@id":"https:\/\/radioleinewelle.de\/#\/schema\/logo\/image\/","url":"https:\/\/radioleinewelle.de\/wp-content\/uploads\/2023\/11\/cropped-Leinewelle_Logo_weiss.png","contentUrl":"https:\/\/radioleinewelle.de\/wp-content\/uploads\/2023\/11\/cropped-Leinewelle_Logo_weiss.png","width":854,"height":260,"caption":"Radio Leinewelle"},"image":{"@id":"https:\/\/radioleinewelle.de\/#\/schema\/logo\/image\/"},"sameAs":["https:\/\/www.facebook.com\/radioleinewelle","https:\/\/x.com\/RLeinewelle","https:\/\/www.instagram.com\/radioleinewelle\/?hl=de"]},{"@type":"Person","@id":"https:\/\/radioleinewelle.de\/#\/schema\/person\/45606f348637df637192dc1b68399a63","name":"Leinewelle","image":{"@type":"ImageObject","inLanguage":"de","@id":"https:\/\/secure.gravatar.com\/avatar\/05c9a17bc973052ee5d91549bd32fb4dd0dc85b7b85ae94b2e2b4943476bbea5?s=96&d=blank&r=g","url":"https:\/\/secure.gravatar.com\/avatar\/05c9a17bc973052ee5d91549bd32fb4dd0dc85b7b85ae94b2e2b4943476bbea5?s=96&d=blank&r=g","contentUrl":"https:\/\/secure.gravatar.com\/avatar\/05c9a17bc973052ee5d91549bd32fb4dd0dc85b7b85ae94b2e2b4943476bbea5?s=96&d=blank&r=g","caption":"Leinewelle"},"sameAs":["http:\/\/localhost\/radio%20leinewelle\/wordpress","https:\/\/www.facebook.com\/radioleinewelle","https:\/\/www.instagram.com\/radioleinewelle","https:\/\/x.com\/https:\/\/twitter.com\/RLeinewelle?ref_src=twsrcgoogletwcampserptwgrauthor","https:\/\/soundcloud.com\/foerderverein-lokalradio?utm_source=clipboard&utm_medium=text&utm_campaign=social_sharing"],"url":"https:\/\/radioleinewelle.de\/index.php\/author\/leinewelle\/"}]}},"_links":{"self":[{"href":"https:\/\/radioleinewelle.de\/index.php\/wp-json\/wp\/v2\/posts\/2368","targetHints":{"allow":["GET"]}}],"collection":[{"href":"https:\/\/radioleinewelle.de\/index.php\/wp-json\/wp\/v2\/posts"}],"about":[{"href":"https:\/\/radioleinewelle.de\/index.php\/wp-json\/wp\/v2\/types\/post"}],"author":[{"embeddable":true,"href":"https:\/\/radioleinewelle.de\/index.php\/wp-json\/wp\/v2\/users\/1"}],"replies":[{"embeddable":true,"href":"https:\/\/radioleinewelle.de\/index.php\/wp-json\/wp\/v2\/comments?post=2368"}],"version-history":[{"count":0,"href":"https:\/\/radioleinewelle.de\/index.php\/wp-json\/wp\/v2\/posts\/2368\/revisions"}],"wp:featuredmedia":[{"embeddable":true,"href":"https:\/\/radioleinewelle.de\/index.php\/wp-json\/wp\/v2\/media\/1497"}],"wp:attachment":[{"href":"https:\/\/radioleinewelle.de\/index.php\/wp-json\/wp\/v2\/media?parent=2368"}],"wp:term":[{"taxonomy":"category","embeddable":true,"href":"https:\/\/radioleinewelle.de\/index.php\/wp-json\/wp\/v2\/categories?post=2368"},{"taxonomy":"post_tag","embeddable":true,"href":"https:\/\/radioleinewelle.de\/index.php\/wp-json\/wp\/v2\/tags?post=2368"}],"curies":[{"name":"wp","href":"https:\/\/api.w.org\/{rel}","templated":true}]}}