{"id":23683,"date":"2023-09-24T21:30:03","date_gmt":"2023-09-24T19:30:03","guid":{"rendered":"https:\/\/radioleinewelle.de\/?p=23683"},"modified":"2023-11-05T22:10:59","modified_gmt":"2023-11-05T21:10:59","slug":"gewinner-des-kulturpreises-2023-ausgezeichnet","status":"publish","type":"post","link":"https:\/\/radioleinewelle.de\/index.php\/2023\/09\/24\/gewinner-des-kulturpreises-2023-ausgezeichnet\/","title":{"rendered":"Gewinner des Kulturpreises 2023 ausgezeichnet"},"content":{"rendered":"\n<p>Am heutigen Sonntag, den 24. September 2023, wurden die Gewinner des diesj\u00e4hrigen Kulturpreises des Landkreises G\u00f6ttingen im Ernst-Moritz-Arndt Gymnasium, Herzberg am Harz, ausgezeichnet. Eine neunk\u00f6pfige Jury hatte die 22 Bewerbungen in den vergangenen Wochen gesichtet und im ersten Schritt eine Top Ten erstellt.<\/p>\n\n\n\n<p>Heute wurden die drei Erstplatzierten gek\u00fchrt:<\/p>\n\n\n\n<p>Platz 1: Andreas Leinemann (Duderstadt)<br>Platz 2: Front Porch Picking (G\u00f6ttingen)<br>Platz 3: Me and Chelsea (Duderstadt)<\/p>\n\n\n\n<p>Der Kulturpreis des Landkreises G\u00f6ttingen wird alle zwei Jahre verliehen und stand in diesem Jahr unter dem Motto &#8222;Musik ist Vielfalt&#8220;. Beworben hatten sich Musiker*innen aus den Genres deutsch- und englischsprachigen Songwritings, Rock &amp; Pop, Rap, Jazz, Klezmer und Klassik. Die eingereichten Werke reichten von Eigenkompositionen bis hin zu individuellen Covern. Solok\u00fcnstler, Duos, Bands und ganze Orchester waren unter den Bewerbenden. <\/p>\n","protected":false},"excerpt":{"rendered":"<p>Am heutigen Sonntag, den 24. September 2023, wurden die Gewinner des diesj\u00e4hrigen Kulturpreises des Landkreises G\u00f6ttingen im Ernst-Moritz-Arndt Gymnasium, Herzberg am Harz, ausgezeichnet. Eine neunk\u00f6pfige Jury hatte die 22 Bewerbungen in den vergangenen Wochen gesichtet und im ersten Schritt eine Top Ten erstellt. Heute wurden die drei Erstplatzierten gek\u00fchrt: Platz 1: Andreas Leinemann (Duderstadt)Platz 2: [&hellip;]<\/p>\n","protected":false},"author":1,"featured_media":24275,"comment_status":"open","ping_status":"open","sticky":true,"template":"","format":"standard","meta":{"saved_in_kubio":false,"footnotes":""},"categories":[24],"tags":[4044,327],"class_list":["post-23683","post","type-post","status-publish","format-standard","has-post-thumbnail","hentry","category-news","tag-kulturpreis-2023","tag-landkreis-goettingen"],"yoast_head":"<!-- This site is optimized with the Yoast SEO plugin v27.5 - https:\/\/yoast.com\/product\/yoast-seo-wordpress\/ -->\n<title>Gewinner des Kulturpreises 2023 ausgezeichnet - Radio Leinewelle<\/title>\n<meta name=\"robots\" content=\"index, follow, max-snippet:-1, max-image-preview:large, max-video-preview:-1\" \/>\n<link rel=\"canonical\" href=\"https:\/\/radioleinewelle.de\/index.php\/2023\/09\/24\/gewinner-des-kulturpreises-2023-ausgezeichnet\/\" \/>\n<meta property=\"og:locale\" content=\"de_DE\" \/>\n<meta property=\"og:type\" content=\"article\" \/>\n<meta property=\"og:title\" content=\"Gewinner des Kulturpreises 2023 ausgezeichnet - Radio Leinewelle\" \/>\n<meta property=\"og:description\" content=\"Am heutigen Sonntag, den 24. September 2023, wurden die Gewinner des diesj\u00e4hrigen Kulturpreises des Landkreises G\u00f6ttingen im Ernst-Moritz-Arndt Gymnasium, Herzberg am Harz, ausgezeichnet. Eine neunk\u00f6pfige Jury hatte die 22 Bewerbungen in den vergangenen Wochen gesichtet und im ersten Schritt eine Top Ten erstellt. Heute wurden die drei Erstplatzierten gek\u00fchrt: Platz 1: Andreas Leinemann (Duderstadt)Platz 2: [&hellip;]\" \/>\n<meta property=\"og:url\" content=\"https:\/\/radioleinewelle.de\/index.php\/2023\/09\/24\/gewinner-des-kulturpreises-2023-ausgezeichnet\/\" \/>\n<meta property=\"og:site_name\" content=\"Radio Leinewelle\" \/>\n<meta property=\"article:publisher\" content=\"https:\/\/www.facebook.com\/radioleinewelle\" \/>\n<meta property=\"article:author\" content=\"https:\/\/www.facebook.com\/radioleinewelle\" \/>\n<meta property=\"article:published_time\" content=\"2023-09-24T19:30:03+00:00\" \/>\n<meta property=\"article:modified_time\" content=\"2023-11-05T21:10:59+00:00\" \/>\n<meta property=\"og:image\" content=\"https:\/\/radioleinewelle.de\/wp-content\/uploads\/2023\/09\/Preistraeger-Kulturpreis-2023-scaled.jpg.webp\" \/>\n\t<meta property=\"og:image:width\" content=\"2560\" \/>\n\t<meta property=\"og:image:height\" content=\"1707\" \/>\n\t<meta property=\"og:image:type\" content=\"image\/webp\" \/>\n<meta name=\"author\" content=\"Leinewelle\" \/>\n<meta name=\"twitter:card\" content=\"summary_large_image\" \/>\n<meta name=\"twitter:creator\" content=\"@https:\/\/twitter.com\/RLeinewelle?ref_src=twsrcgoogletwcampserptwgrauthor\" \/>\n<meta name=\"twitter:site\" content=\"@RLeinewelle\" \/>\n<meta name=\"twitter:label1\" content=\"Verfasst von\" \/>\n\t<meta name=\"twitter:data1\" content=\"Leinewelle\" \/>\n\t<meta name=\"twitter:label2\" content=\"Gesch\u00e4tzte Lesezeit\" \/>\n\t<meta name=\"twitter:data2\" content=\"1\u00a0Minute\" \/>\n<script type=\"application\/ld+json\" class=\"yoast-schema-graph\">{\"@context\":\"https:\\\/\\\/schema.org\",\"@graph\":[{\"@type\":\"Article\",\"@id\":\"https:\\\/\\\/radioleinewelle.de\\\/index.php\\\/2023\\\/09\\\/24\\\/gewinner-des-kulturpreises-2023-ausgezeichnet\\\/#article\",\"isPartOf\":{\"@id\":\"https:\\\/\\\/radioleinewelle.de\\\/index.php\\\/2023\\\/09\\\/24\\\/gewinner-des-kulturpreises-2023-ausgezeichnet\\\/\"},\"author\":{\"name\":\"Leinewelle\",\"@id\":\"https:\\\/\\\/radioleinewelle.de\\\/#\\\/schema\\\/person\\\/45606f348637df637192dc1b68399a63\"},\"headline\":\"Gewinner des Kulturpreises 2023 ausgezeichnet\",\"datePublished\":\"2023-09-24T19:30:03+00:00\",\"dateModified\":\"2023-11-05T21:10:59+00:00\",\"mainEntityOfPage\":{\"@id\":\"https:\\\/\\\/radioleinewelle.de\\\/index.php\\\/2023\\\/09\\\/24\\\/gewinner-des-kulturpreises-2023-ausgezeichnet\\\/\"},\"wordCount\":133,\"commentCount\":3,\"publisher\":{\"@id\":\"https:\\\/\\\/radioleinewelle.de\\\/#organization\"},\"image\":{\"@id\":\"https:\\\/\\\/radioleinewelle.de\\\/index.php\\\/2023\\\/09\\\/24\\\/gewinner-des-kulturpreises-2023-ausgezeichnet\\\/#primaryimage\"},\"thumbnailUrl\":\"https:\\\/\\\/radioleinewelle.de\\\/wp-content\\\/uploads\\\/2023\\\/09\\\/Preistraeger-Kulturpreis-2023-scaled.jpg.webp\",\"keywords\":[\"Kulturpreis 2023\",\"Landkreis G\u00f6ttingen\"],\"articleSection\":[\"Aktuelle Nachrichten\"],\"inLanguage\":\"de\",\"potentialAction\":[{\"@type\":\"CommentAction\",\"name\":\"Comment\",\"target\":[\"https:\\\/\\\/radioleinewelle.de\\\/index.php\\\/2023\\\/09\\\/24\\\/gewinner-des-kulturpreises-2023-ausgezeichnet\\\/#respond\"]}]},{\"@type\":\"WebPage\",\"@id\":\"https:\\\/\\\/radioleinewelle.de\\\/index.php\\\/2023\\\/09\\\/24\\\/gewinner-des-kulturpreises-2023-ausgezeichnet\\\/\",\"url\":\"https:\\\/\\\/radioleinewelle.de\\\/index.php\\\/2023\\\/09\\\/24\\\/gewinner-des-kulturpreises-2023-ausgezeichnet\\\/\",\"name\":\"Gewinner des Kulturpreises 2023 ausgezeichnet - Radio Leinewelle\",\"isPartOf\":{\"@id\":\"https:\\\/\\\/radioleinewelle.de\\\/#website\"},\"primaryImageOfPage\":{\"@id\":\"https:\\\/\\\/radioleinewelle.de\\\/index.php\\\/2023\\\/09\\\/24\\\/gewinner-des-kulturpreises-2023-ausgezeichnet\\\/#primaryimage\"},\"image\":{\"@id\":\"https:\\\/\\\/radioleinewelle.de\\\/index.php\\\/2023\\\/09\\\/24\\\/gewinner-des-kulturpreises-2023-ausgezeichnet\\\/#primaryimage\"},\"thumbnailUrl\":\"https:\\\/\\\/radioleinewelle.de\\\/wp-content\\\/uploads\\\/2023\\\/09\\\/Preistraeger-Kulturpreis-2023-scaled.jpg.webp\",\"datePublished\":\"2023-09-24T19:30:03+00:00\",\"dateModified\":\"2023-11-05T21:10:59+00:00\",\"breadcrumb\":{\"@id\":\"https:\\\/\\\/radioleinewelle.de\\\/index.php\\\/2023\\\/09\\\/24\\\/gewinner-des-kulturpreises-2023-ausgezeichnet\\\/#breadcrumb\"},\"inLanguage\":\"de\",\"potentialAction\":[{\"@type\":\"ReadAction\",\"target\":[\"https:\\\/\\\/radioleinewelle.de\\\/index.php\\\/2023\\\/09\\\/24\\\/gewinner-des-kulturpreises-2023-ausgezeichnet\\\/\"]}]},{\"@type\":\"ImageObject\",\"inLanguage\":\"de\",\"@id\":\"https:\\\/\\\/radioleinewelle.de\\\/index.php\\\/2023\\\/09\\\/24\\\/gewinner-des-kulturpreises-2023-ausgezeichnet\\\/#primaryimage\",\"url\":\"https:\\\/\\\/radioleinewelle.de\\\/wp-content\\\/uploads\\\/2023\\\/09\\\/Preistraeger-Kulturpreis-2023-scaled.jpg.webp\",\"contentUrl\":\"https:\\\/\\\/radioleinewelle.de\\\/wp-content\\\/uploads\\\/2023\\\/09\\\/Preistraeger-Kulturpreis-2023-scaled.jpg.webp\",\"width\":2560,\"height\":1707},{\"@type\":\"BreadcrumbList\",\"@id\":\"https:\\\/\\\/radioleinewelle.de\\\/index.php\\\/2023\\\/09\\\/24\\\/gewinner-des-kulturpreises-2023-ausgezeichnet\\\/#breadcrumb\",\"itemListElement\":[{\"@type\":\"ListItem\",\"position\":1,\"name\":\"Startseite\",\"item\":\"https:\\\/\\\/radioleinewelle.de\\\/\"},{\"@type\":\"ListItem\",\"position\":2,\"name\":\"Gewinner des Kulturpreises 2023 ausgezeichnet\"}]},{\"@type\":\"WebSite\",\"@id\":\"https:\\\/\\\/radioleinewelle.de\\\/#website\",\"url\":\"https:\\\/\\\/radioleinewelle.de\\\/\",\"name\":\"Radio Leinewelle\",\"description\":\"\",\"publisher\":{\"@id\":\"https:\\\/\\\/radioleinewelle.de\\\/#organization\"},\"potentialAction\":[{\"@type\":\"SearchAction\",\"target\":{\"@type\":\"EntryPoint\",\"urlTemplate\":\"https:\\\/\\\/radioleinewelle.de\\\/?s={search_term_string}\"},\"query-input\":{\"@type\":\"PropertyValueSpecification\",\"valueRequired\":true,\"valueName\":\"search_term_string\"}}],\"inLanguage\":\"de\"},{\"@type\":\"Organization\",\"@id\":\"https:\\\/\\\/radioleinewelle.de\\\/#organization\",\"name\":\"Radio Leinewelle\",\"alternateName\":\"Mein Radio f\u00fcr S\u00fcdniedersachsen\",\"url\":\"https:\\\/\\\/radioleinewelle.de\\\/\",\"logo\":{\"@type\":\"ImageObject\",\"inLanguage\":\"de\",\"@id\":\"https:\\\/\\\/radioleinewelle.de\\\/#\\\/schema\\\/logo\\\/image\\\/\",\"url\":\"https:\\\/\\\/radioleinewelle.de\\\/wp-content\\\/uploads\\\/2023\\\/11\\\/cropped-Leinewelle_Logo_weiss.png\",\"contentUrl\":\"https:\\\/\\\/radioleinewelle.de\\\/wp-content\\\/uploads\\\/2023\\\/11\\\/cropped-Leinewelle_Logo_weiss.png\",\"width\":854,\"height\":260,\"caption\":\"Radio Leinewelle\"},\"image\":{\"@id\":\"https:\\\/\\\/radioleinewelle.de\\\/#\\\/schema\\\/logo\\\/image\\\/\"},\"sameAs\":[\"https:\\\/\\\/www.facebook.com\\\/radioleinewelle\",\"https:\\\/\\\/x.com\\\/RLeinewelle\",\"https:\\\/\\\/www.instagram.com\\\/radioleinewelle\\\/?hl=de\"]},{\"@type\":\"Person\",\"@id\":\"https:\\\/\\\/radioleinewelle.de\\\/#\\\/schema\\\/person\\\/45606f348637df637192dc1b68399a63\",\"name\":\"Leinewelle\",\"image\":{\"@type\":\"ImageObject\",\"inLanguage\":\"de\",\"@id\":\"https:\\\/\\\/secure.gravatar.com\\\/avatar\\\/05c9a17bc973052ee5d91549bd32fb4dd0dc85b7b85ae94b2e2b4943476bbea5?s=96&d=blank&r=g\",\"url\":\"https:\\\/\\\/secure.gravatar.com\\\/avatar\\\/05c9a17bc973052ee5d91549bd32fb4dd0dc85b7b85ae94b2e2b4943476bbea5?s=96&d=blank&r=g\",\"contentUrl\":\"https:\\\/\\\/secure.gravatar.com\\\/avatar\\\/05c9a17bc973052ee5d91549bd32fb4dd0dc85b7b85ae94b2e2b4943476bbea5?s=96&d=blank&r=g\",\"caption\":\"Leinewelle\"},\"sameAs\":[\"http:\\\/\\\/localhost\\\/radio%20leinewelle\\\/wordpress\",\"https:\\\/\\\/www.facebook.com\\\/radioleinewelle\",\"https:\\\/\\\/www.instagram.com\\\/radioleinewelle\",\"https:\\\/\\\/x.com\\\/https:\\\/\\\/twitter.com\\\/RLeinewelle?ref_src=twsrcgoogletwcampserptwgrauthor\",\"https:\\\/\\\/soundcloud.com\\\/foerderverein-lokalradio?utm_source=clipboard&utm_medium=text&utm_campaign=social_sharing\"],\"url\":\"https:\\\/\\\/radioleinewelle.de\\\/index.php\\\/author\\\/leinewelle\\\/\"}]}<\/script>\n<!-- \/ Yoast SEO plugin. -->","yoast_head_json":{"title":"Gewinner des Kulturpreises 2023 ausgezeichnet - Radio Leinewelle","robots":{"index":"index","follow":"follow","max-snippet":"max-snippet:-1","max-image-preview":"max-image-preview:large","max-video-preview":"max-video-preview:-1"},"canonical":"https:\/\/radioleinewelle.de\/index.php\/2023\/09\/24\/gewinner-des-kulturpreises-2023-ausgezeichnet\/","og_locale":"de_DE","og_type":"article","og_title":"Gewinner des Kulturpreises 2023 ausgezeichnet - Radio Leinewelle","og_description":"Am heutigen Sonntag, den 24. September 2023, wurden die Gewinner des diesj\u00e4hrigen Kulturpreises des Landkreises G\u00f6ttingen im Ernst-Moritz-Arndt Gymnasium, Herzberg am Harz, ausgezeichnet. Eine neunk\u00f6pfige Jury hatte die 22 Bewerbungen in den vergangenen Wochen gesichtet und im ersten Schritt eine Top Ten erstellt. Heute wurden die drei Erstplatzierten gek\u00fchrt: Platz 1: Andreas Leinemann (Duderstadt)Platz 2: [&hellip;]","og_url":"https:\/\/radioleinewelle.de\/index.php\/2023\/09\/24\/gewinner-des-kulturpreises-2023-ausgezeichnet\/","og_site_name":"Radio Leinewelle","article_publisher":"https:\/\/www.facebook.com\/radioleinewelle","article_author":"https:\/\/www.facebook.com\/radioleinewelle","article_published_time":"2023-09-24T19:30:03+00:00","article_modified_time":"2023-11-05T21:10:59+00:00","og_image":[{"width":2560,"height":1707,"url":"https:\/\/radioleinewelle.de\/wp-content\/uploads\/2023\/09\/Preistraeger-Kulturpreis-2023-scaled.jpg.webp","type":"image\/webp"}],"author":"Leinewelle","twitter_card":"summary_large_image","twitter_creator":"@https:\/\/twitter.com\/RLeinewelle?ref_src=twsrcgoogletwcampserptwgrauthor","twitter_site":"@RLeinewelle","twitter_misc":{"Verfasst von":"Leinewelle","Gesch\u00e4tzte Lesezeit":"1\u00a0Minute"},"schema":{"@context":"https:\/\/schema.org","@graph":[{"@type":"Article","@id":"https:\/\/radioleinewelle.de\/index.php\/2023\/09\/24\/gewinner-des-kulturpreises-2023-ausgezeichnet\/#article","isPartOf":{"@id":"https:\/\/radioleinewelle.de\/index.php\/2023\/09\/24\/gewinner-des-kulturpreises-2023-ausgezeichnet\/"},"author":{"name":"Leinewelle","@id":"https:\/\/radioleinewelle.de\/#\/schema\/person\/45606f348637df637192dc1b68399a63"},"headline":"Gewinner des Kulturpreises 2023 ausgezeichnet","datePublished":"2023-09-24T19:30:03+00:00","dateModified":"2023-11-05T21:10:59+00:00","mainEntityOfPage":{"@id":"https:\/\/radioleinewelle.de\/index.php\/2023\/09\/24\/gewinner-des-kulturpreises-2023-ausgezeichnet\/"},"wordCount":133,"commentCount":3,"publisher":{"@id":"https:\/\/radioleinewelle.de\/#organization"},"image":{"@id":"https:\/\/radioleinewelle.de\/index.php\/2023\/09\/24\/gewinner-des-kulturpreises-2023-ausgezeichnet\/#primaryimage"},"thumbnailUrl":"https:\/\/radioleinewelle.de\/wp-content\/uploads\/2023\/09\/Preistraeger-Kulturpreis-2023-scaled.jpg.webp","keywords":["Kulturpreis 2023","Landkreis G\u00f6ttingen"],"articleSection":["Aktuelle Nachrichten"],"inLanguage":"de","potentialAction":[{"@type":"CommentAction","name":"Comment","target":["https:\/\/radioleinewelle.de\/index.php\/2023\/09\/24\/gewinner-des-kulturpreises-2023-ausgezeichnet\/#respond"]}]},{"@type":"WebPage","@id":"https:\/\/radioleinewelle.de\/index.php\/2023\/09\/24\/gewinner-des-kulturpreises-2023-ausgezeichnet\/","url":"https:\/\/radioleinewelle.de\/index.php\/2023\/09\/24\/gewinner-des-kulturpreises-2023-ausgezeichnet\/","name":"Gewinner des Kulturpreises 2023 ausgezeichnet - Radio Leinewelle","isPartOf":{"@id":"https:\/\/radioleinewelle.de\/#website"},"primaryImageOfPage":{"@id":"https:\/\/radioleinewelle.de\/index.php\/2023\/09\/24\/gewinner-des-kulturpreises-2023-ausgezeichnet\/#primaryimage"},"image":{"@id":"https:\/\/radioleinewelle.de\/index.php\/2023\/09\/24\/gewinner-des-kulturpreises-2023-ausgezeichnet\/#primaryimage"},"thumbnailUrl":"https:\/\/radioleinewelle.de\/wp-content\/uploads\/2023\/09\/Preistraeger-Kulturpreis-2023-scaled.jpg.webp","datePublished":"2023-09-24T19:30:03+00:00","dateModified":"2023-11-05T21:10:59+00:00","breadcrumb":{"@id":"https:\/\/radioleinewelle.de\/index.php\/2023\/09\/24\/gewinner-des-kulturpreises-2023-ausgezeichnet\/#breadcrumb"},"inLanguage":"de","potentialAction":[{"@type":"ReadAction","target":["https:\/\/radioleinewelle.de\/index.php\/2023\/09\/24\/gewinner-des-kulturpreises-2023-ausgezeichnet\/"]}]},{"@type":"ImageObject","inLanguage":"de","@id":"https:\/\/radioleinewelle.de\/index.php\/2023\/09\/24\/gewinner-des-kulturpreises-2023-ausgezeichnet\/#primaryimage","url":"https:\/\/radioleinewelle.de\/wp-content\/uploads\/2023\/09\/Preistraeger-Kulturpreis-2023-scaled.jpg.webp","contentUrl":"https:\/\/radioleinewelle.de\/wp-content\/uploads\/2023\/09\/Preistraeger-Kulturpreis-2023-scaled.jpg.webp","width":2560,"height":1707},{"@type":"BreadcrumbList","@id":"https:\/\/radioleinewelle.de\/index.php\/2023\/09\/24\/gewinner-des-kulturpreises-2023-ausgezeichnet\/#breadcrumb","itemListElement":[{"@type":"ListItem","position":1,"name":"Startseite","item":"https:\/\/radioleinewelle.de\/"},{"@type":"ListItem","position":2,"name":"Gewinner des Kulturpreises 2023 ausgezeichnet"}]},{"@type":"WebSite","@id":"https:\/\/radioleinewelle.de\/#website","url":"https:\/\/radioleinewelle.de\/","name":"Radio Leinewelle","description":"","publisher":{"@id":"https:\/\/radioleinewelle.de\/#organization"},"potentialAction":[{"@type":"SearchAction","target":{"@type":"EntryPoint","urlTemplate":"https:\/\/radioleinewelle.de\/?s={search_term_string}"},"query-input":{"@type":"PropertyValueSpecification","valueRequired":true,"valueName":"search_term_string"}}],"inLanguage":"de"},{"@type":"Organization","@id":"https:\/\/radioleinewelle.de\/#organization","name":"Radio Leinewelle","alternateName":"Mein Radio f\u00fcr S\u00fcdniedersachsen","url":"https:\/\/radioleinewelle.de\/","logo":{"@type":"ImageObject","inLanguage":"de","@id":"https:\/\/radioleinewelle.de\/#\/schema\/logo\/image\/","url":"https:\/\/radioleinewelle.de\/wp-content\/uploads\/2023\/11\/cropped-Leinewelle_Logo_weiss.png","contentUrl":"https:\/\/radioleinewelle.de\/wp-content\/uploads\/2023\/11\/cropped-Leinewelle_Logo_weiss.png","width":854,"height":260,"caption":"Radio Leinewelle"},"image":{"@id":"https:\/\/radioleinewelle.de\/#\/schema\/logo\/image\/"},"sameAs":["https:\/\/www.facebook.com\/radioleinewelle","https:\/\/x.com\/RLeinewelle","https:\/\/www.instagram.com\/radioleinewelle\/?hl=de"]},{"@type":"Person","@id":"https:\/\/radioleinewelle.de\/#\/schema\/person\/45606f348637df637192dc1b68399a63","name":"Leinewelle","image":{"@type":"ImageObject","inLanguage":"de","@id":"https:\/\/secure.gravatar.com\/avatar\/05c9a17bc973052ee5d91549bd32fb4dd0dc85b7b85ae94b2e2b4943476bbea5?s=96&d=blank&r=g","url":"https:\/\/secure.gravatar.com\/avatar\/05c9a17bc973052ee5d91549bd32fb4dd0dc85b7b85ae94b2e2b4943476bbea5?s=96&d=blank&r=g","contentUrl":"https:\/\/secure.gravatar.com\/avatar\/05c9a17bc973052ee5d91549bd32fb4dd0dc85b7b85ae94b2e2b4943476bbea5?s=96&d=blank&r=g","caption":"Leinewelle"},"sameAs":["http:\/\/localhost\/radio%20leinewelle\/wordpress","https:\/\/www.facebook.com\/radioleinewelle","https:\/\/www.instagram.com\/radioleinewelle","https:\/\/x.com\/https:\/\/twitter.com\/RLeinewelle?ref_src=twsrcgoogletwcampserptwgrauthor","https:\/\/soundcloud.com\/foerderverein-lokalradio?utm_source=clipboard&utm_medium=text&utm_campaign=social_sharing"],"url":"https:\/\/radioleinewelle.de\/index.php\/author\/leinewelle\/"}]}},"_links":{"self":[{"href":"https:\/\/radioleinewelle.de\/index.php\/wp-json\/wp\/v2\/posts\/23683","targetHints":{"allow":["GET"]}}],"collection":[{"href":"https:\/\/radioleinewelle.de\/index.php\/wp-json\/wp\/v2\/posts"}],"about":[{"href":"https:\/\/radioleinewelle.de\/index.php\/wp-json\/wp\/v2\/types\/post"}],"author":[{"embeddable":true,"href":"https:\/\/radioleinewelle.de\/index.php\/wp-json\/wp\/v2\/users\/1"}],"replies":[{"embeddable":true,"href":"https:\/\/radioleinewelle.de\/index.php\/wp-json\/wp\/v2\/comments?post=23683"}],"version-history":[{"count":1,"href":"https:\/\/radioleinewelle.de\/index.php\/wp-json\/wp\/v2\/posts\/23683\/revisions"}],"predecessor-version":[{"id":23685,"href":"https:\/\/radioleinewelle.de\/index.php\/wp-json\/wp\/v2\/posts\/23683\/revisions\/23685"}],"wp:featuredmedia":[{"embeddable":true,"href":"https:\/\/radioleinewelle.de\/index.php\/wp-json\/wp\/v2\/media\/24275"}],"wp:attachment":[{"href":"https:\/\/radioleinewelle.de\/index.php\/wp-json\/wp\/v2\/media?parent=23683"}],"wp:term":[{"taxonomy":"category","embeddable":true,"href":"https:\/\/radioleinewelle.de\/index.php\/wp-json\/wp\/v2\/categories?post=23683"},{"taxonomy":"post_tag","embeddable":true,"href":"https:\/\/radioleinewelle.de\/index.php\/wp-json\/wp\/v2\/tags?post=23683"}],"curies":[{"name":"wp","href":"https:\/\/api.w.org\/{rel}","templated":true}]}}