{"id":23701,"date":"2023-10-04T19:44:59","date_gmt":"2023-10-04T17:44:59","guid":{"rendered":"https:\/\/radioleinewelle.de\/?p=23701"},"modified":"2023-10-04T19:45:02","modified_gmt":"2023-10-04T17:45:02","slug":"foerderverein-lokalradio-suedniedersachsen-e-v-praesentiert-neue-website-fuer-audio-und-radiobegeisterte-und-sucht-engagierte-mitglieder","status":"publish","type":"post","link":"https:\/\/radioleinewelle.de\/index.php\/2023\/10\/04\/foerderverein-lokalradio-suedniedersachsen-e-v-praesentiert-neue-website-fuer-audio-und-radiobegeisterte-und-sucht-engagierte-mitglieder\/","title":{"rendered":"F\u00f6rderverein Lokalradio S\u00fcdniedersachsen e. V. pr\u00e4sentiert neue Website f\u00fcr Audio- und Radiobegeisterte und sucht engagierte Mitglieder"},"content":{"rendered":"\n<p>S\u00fcdniedersachsen, 04.10.2023 &#8211; Der F\u00f6rderverein Lokalradio S\u00fcdniedersachsen e. V. freut sich, die Einf\u00fchrung seiner neuen Website bekannt zu geben, die Audio- und Radiobegeisterten eine umfassende Plattform f\u00fcr spannende Radioproduktionen und Audioinhalte bietet. Gleichzeitig ist der Verein auf der Suche nach neuen engagierten Mitgliedern, die Lust haben, sich aktiv in das Vereinsleben einzubringen.<\/p>\n\n\n\n<p>Die Website ist eine zentrale Anlaufstelle f\u00fcr alle, die tiefer in die Welt des Radios und der Audiomedien eintauchen m\u00f6chten. Besucher k\u00f6nnen die vielf\u00e4ltigen Produktionen des Vereins erkunden, darunter produzierte Beitr\u00e4ge, Podcasts, Radiowerbung, Ansagetexte, Jingle-Texte, Voice-Overs und mehr. Zus\u00e4tzlich bietet der Verein die M\u00f6glichkeit, das hauseigene Studio f\u00fcr die Produktion eigener Podcasts zu mieten und professionelle Sprecherinnen und Sprecher f\u00fcr individuelle Audioinhalte anzufordern.<\/p>\n\n\n\n<p>\u201eUnsere neue Website ist ein Schritt in Richtung noch besserer Zug\u00e4nglichkeit und Interaktion mit unserer H\u00f6rerschaft. Wir m\u00f6chten Audiobegeisterte inspirieren und ihnen erm\u00f6glichen, ein Teil der Audioproduktionen zu werden, sei es durch eigene Kreationen oder durch die Unterst\u00fctzung bei der Umsetzung\u201c, so Tiemo Rosin, Vorstandsvorsitzender des F\u00f6rdervereins Lokalradio S\u00fcdniedersachsen e. V.<\/p>\n\n\n\n<p>Wer Radio und Audiomedien liebt, Beitr\u00e4ge erstellen, Interviews f\u00fchren oder eine eigene Radio-Show mit seiner Lieblingsmusik oder verschiedenen Themen produzieren m\u00f6chte, kann sich beim Verein melden. Sie suchen enthusiastische Mitglieder, um gemeinsam gute Laune \u00fcber den Stream von Radio Leinewelle zu verbreiten!<\/p>\n\n\n\n<p>Besuchen Sie jetzt die Website des Vereins unter <strong><a href=\"https:\/\/www.foerderverein-lokalradio-suedniedersachsen.de\">www.foerderverein-lokalradio-suedniedersachen.de<\/a><\/strong> und tauchen Sie ein in die faszinierende Welt der Audioproduktion im Broadcastbereich! Interesse an einer Mitgliedschaft? Schreiben Sie an<strong> <a href=\"mailto:info@foerderverein-lokalradio-suedniedersachsen.de\" target=\"_blank\" rel=\"noreferrer noopener\">info@foerderverein-lokalradio-suedniedersachsen.de<\/a><\/strong> und werden Sie Teil der kreativen Audio-Community des F\u00f6rderverein Lokalradio S\u00fcdniedersachsen e. V.!<\/p>\n","protected":false},"excerpt":{"rendered":"<p>S\u00fcdniedersachsen, 04.10.2023 &#8211; Der F\u00f6rderverein Lokalradio S\u00fcdniedersachsen e. V. freut sich, die Einf\u00fchrung seiner neuen Website bekannt zu geben, die Audio- und Radiobegeisterten eine umfassende Plattform f\u00fcr spannende Radioproduktionen und Audioinhalte bietet. Gleichzeitig ist der Verein auf der Suche nach neuen engagierten Mitgliedern, die Lust haben, sich aktiv in das Vereinsleben einzubringen. Die Website ist [&hellip;]<\/p>\n","protected":false},"author":1,"featured_media":23702,"comment_status":"open","ping_status":"open","sticky":false,"template":"","format":"standard","meta":{"saved_in_kubio":false,"footnotes":""},"categories":[1],"tags":[],"class_list":["post-23701","post","type-post","status-publish","format-standard","has-post-thumbnail","hentry","category-allgemein"],"yoast_head":"<!-- This site is optimized with the Yoast SEO plugin v27.5 - https:\/\/yoast.com\/product\/yoast-seo-wordpress\/ -->\n<title>F\u00f6rderverein Lokalradio S\u00fcdniedersachsen e. V. pr\u00e4sentiert neue Website f\u00fcr Audio- und Radiobegeisterte und sucht engagierte Mitglieder - Radio Leinewelle<\/title>\n<meta name=\"robots\" content=\"index, follow, max-snippet:-1, max-image-preview:large, max-video-preview:-1\" \/>\n<link rel=\"canonical\" href=\"https:\/\/radioleinewelle.de\/index.php\/2023\/10\/04\/foerderverein-lokalradio-suedniedersachsen-e-v-praesentiert-neue-website-fuer-audio-und-radiobegeisterte-und-sucht-engagierte-mitglieder\/\" \/>\n<meta property=\"og:locale\" content=\"de_DE\" \/>\n<meta property=\"og:type\" content=\"article\" \/>\n<meta property=\"og:title\" content=\"F\u00f6rderverein Lokalradio S\u00fcdniedersachsen e. V. pr\u00e4sentiert neue Website f\u00fcr Audio- und Radiobegeisterte und sucht engagierte Mitglieder - Radio Leinewelle\" \/>\n<meta property=\"og:description\" content=\"S\u00fcdniedersachsen, 04.10.2023 &#8211; Der F\u00f6rderverein Lokalradio S\u00fcdniedersachsen e. V. freut sich, die Einf\u00fchrung seiner neuen Website bekannt zu geben, die Audio- und Radiobegeisterten eine umfassende Plattform f\u00fcr spannende Radioproduktionen und Audioinhalte bietet. Gleichzeitig ist der Verein auf der Suche nach neuen engagierten Mitgliedern, die Lust haben, sich aktiv in das Vereinsleben einzubringen. Die Website ist [&hellip;]\" \/>\n<meta property=\"og:url\" content=\"https:\/\/radioleinewelle.de\/index.php\/2023\/10\/04\/foerderverein-lokalradio-suedniedersachsen-e-v-praesentiert-neue-website-fuer-audio-und-radiobegeisterte-und-sucht-engagierte-mitglieder\/\" \/>\n<meta property=\"og:site_name\" content=\"Radio Leinewelle\" \/>\n<meta property=\"article:publisher\" content=\"https:\/\/www.facebook.com\/radioleinewelle\" \/>\n<meta property=\"article:author\" content=\"https:\/\/www.facebook.com\/radioleinewelle\" \/>\n<meta property=\"article:published_time\" content=\"2023-10-04T17:44:59+00:00\" \/>\n<meta property=\"article:modified_time\" content=\"2023-10-04T17:45:02+00:00\" \/>\n<meta property=\"og:image\" content=\"https:\/\/radioleinewelle.de\/wp-content\/uploads\/2023\/10\/Ankuendigung_bild1_Website.jpg\" \/>\n\t<meta property=\"og:image:width\" content=\"1080\" \/>\n\t<meta property=\"og:image:height\" content=\"800\" \/>\n\t<meta property=\"og:image:type\" content=\"image\/jpeg\" \/>\n<meta name=\"author\" content=\"Leinewelle\" \/>\n<meta name=\"twitter:card\" content=\"summary_large_image\" \/>\n<meta name=\"twitter:creator\" content=\"@https:\/\/twitter.com\/RLeinewelle?ref_src=twsrcgoogletwcampserptwgrauthor\" \/>\n<meta name=\"twitter:site\" content=\"@RLeinewelle\" \/>\n<meta name=\"twitter:label1\" content=\"Verfasst von\" \/>\n\t<meta name=\"twitter:data1\" content=\"Leinewelle\" \/>\n\t<meta name=\"twitter:label2\" content=\"Gesch\u00e4tzte Lesezeit\" \/>\n\t<meta name=\"twitter:data2\" content=\"2\u00a0Minuten\" \/>\n<script type=\"application\/ld+json\" class=\"yoast-schema-graph\">{\"@context\":\"https:\\\/\\\/schema.org\",\"@graph\":[{\"@type\":\"Article\",\"@id\":\"https:\\\/\\\/radioleinewelle.de\\\/index.php\\\/2023\\\/10\\\/04\\\/foerderverein-lokalradio-suedniedersachsen-e-v-praesentiert-neue-website-fuer-audio-und-radiobegeisterte-und-sucht-engagierte-mitglieder\\\/#article\",\"isPartOf\":{\"@id\":\"https:\\\/\\\/radioleinewelle.de\\\/index.php\\\/2023\\\/10\\\/04\\\/foerderverein-lokalradio-suedniedersachsen-e-v-praesentiert-neue-website-fuer-audio-und-radiobegeisterte-und-sucht-engagierte-mitglieder\\\/\"},\"author\":{\"name\":\"Leinewelle\",\"@id\":\"https:\\\/\\\/radioleinewelle.de\\\/#\\\/schema\\\/person\\\/45606f348637df637192dc1b68399a63\"},\"headline\":\"F\u00f6rderverein Lokalradio S\u00fcdniedersachsen e. V. pr\u00e4sentiert neue Website f\u00fcr Audio- und Radiobegeisterte und sucht engagierte Mitglieder\",\"datePublished\":\"2023-10-04T17:44:59+00:00\",\"dateModified\":\"2023-10-04T17:45:02+00:00\",\"mainEntityOfPage\":{\"@id\":\"https:\\\/\\\/radioleinewelle.de\\\/index.php\\\/2023\\\/10\\\/04\\\/foerderverein-lokalradio-suedniedersachsen-e-v-praesentiert-neue-website-fuer-audio-und-radiobegeisterte-und-sucht-engagierte-mitglieder\\\/\"},\"wordCount\":299,\"commentCount\":0,\"publisher\":{\"@id\":\"https:\\\/\\\/radioleinewelle.de\\\/#organization\"},\"image\":{\"@id\":\"https:\\\/\\\/radioleinewelle.de\\\/index.php\\\/2023\\\/10\\\/04\\\/foerderverein-lokalradio-suedniedersachsen-e-v-praesentiert-neue-website-fuer-audio-und-radiobegeisterte-und-sucht-engagierte-mitglieder\\\/#primaryimage\"},\"thumbnailUrl\":\"https:\\\/\\\/radioleinewelle.de\\\/wp-content\\\/uploads\\\/2023\\\/10\\\/Ankuendigung_bild1_Website.jpg\",\"inLanguage\":\"de\",\"potentialAction\":[{\"@type\":\"CommentAction\",\"name\":\"Comment\",\"target\":[\"https:\\\/\\\/radioleinewelle.de\\\/index.php\\\/2023\\\/10\\\/04\\\/foerderverein-lokalradio-suedniedersachsen-e-v-praesentiert-neue-website-fuer-audio-und-radiobegeisterte-und-sucht-engagierte-mitglieder\\\/#respond\"]}]},{\"@type\":\"WebPage\",\"@id\":\"https:\\\/\\\/radioleinewelle.de\\\/index.php\\\/2023\\\/10\\\/04\\\/foerderverein-lokalradio-suedniedersachsen-e-v-praesentiert-neue-website-fuer-audio-und-radiobegeisterte-und-sucht-engagierte-mitglieder\\\/\",\"url\":\"https:\\\/\\\/radioleinewelle.de\\\/index.php\\\/2023\\\/10\\\/04\\\/foerderverein-lokalradio-suedniedersachsen-e-v-praesentiert-neue-website-fuer-audio-und-radiobegeisterte-und-sucht-engagierte-mitglieder\\\/\",\"name\":\"F\u00f6rderverein Lokalradio S\u00fcdniedersachsen e. V. pr\u00e4sentiert neue Website f\u00fcr Audio- und Radiobegeisterte und sucht engagierte Mitglieder - Radio Leinewelle\",\"isPartOf\":{\"@id\":\"https:\\\/\\\/radioleinewelle.de\\\/#website\"},\"primaryImageOfPage\":{\"@id\":\"https:\\\/\\\/radioleinewelle.de\\\/index.php\\\/2023\\\/10\\\/04\\\/foerderverein-lokalradio-suedniedersachsen-e-v-praesentiert-neue-website-fuer-audio-und-radiobegeisterte-und-sucht-engagierte-mitglieder\\\/#primaryimage\"},\"image\":{\"@id\":\"https:\\\/\\\/radioleinewelle.de\\\/index.php\\\/2023\\\/10\\\/04\\\/foerderverein-lokalradio-suedniedersachsen-e-v-praesentiert-neue-website-fuer-audio-und-radiobegeisterte-und-sucht-engagierte-mitglieder\\\/#primaryimage\"},\"thumbnailUrl\":\"https:\\\/\\\/radioleinewelle.de\\\/wp-content\\\/uploads\\\/2023\\\/10\\\/Ankuendigung_bild1_Website.jpg\",\"datePublished\":\"2023-10-04T17:44:59+00:00\",\"dateModified\":\"2023-10-04T17:45:02+00:00\",\"breadcrumb\":{\"@id\":\"https:\\\/\\\/radioleinewelle.de\\\/index.php\\\/2023\\\/10\\\/04\\\/foerderverein-lokalradio-suedniedersachsen-e-v-praesentiert-neue-website-fuer-audio-und-radiobegeisterte-und-sucht-engagierte-mitglieder\\\/#breadcrumb\"},\"inLanguage\":\"de\",\"potentialAction\":[{\"@type\":\"ReadAction\",\"target\":[\"https:\\\/\\\/radioleinewelle.de\\\/index.php\\\/2023\\\/10\\\/04\\\/foerderverein-lokalradio-suedniedersachsen-e-v-praesentiert-neue-website-fuer-audio-und-radiobegeisterte-und-sucht-engagierte-mitglieder\\\/\"]}]},{\"@type\":\"ImageObject\",\"inLanguage\":\"de\",\"@id\":\"https:\\\/\\\/radioleinewelle.de\\\/index.php\\\/2023\\\/10\\\/04\\\/foerderverein-lokalradio-suedniedersachsen-e-v-praesentiert-neue-website-fuer-audio-und-radiobegeisterte-und-sucht-engagierte-mitglieder\\\/#primaryimage\",\"url\":\"https:\\\/\\\/radioleinewelle.de\\\/wp-content\\\/uploads\\\/2023\\\/10\\\/Ankuendigung_bild1_Website.jpg\",\"contentUrl\":\"https:\\\/\\\/radioleinewelle.de\\\/wp-content\\\/uploads\\\/2023\\\/10\\\/Ankuendigung_bild1_Website.jpg\",\"width\":1080,\"height\":800},{\"@type\":\"BreadcrumbList\",\"@id\":\"https:\\\/\\\/radioleinewelle.de\\\/index.php\\\/2023\\\/10\\\/04\\\/foerderverein-lokalradio-suedniedersachsen-e-v-praesentiert-neue-website-fuer-audio-und-radiobegeisterte-und-sucht-engagierte-mitglieder\\\/#breadcrumb\",\"itemListElement\":[{\"@type\":\"ListItem\",\"position\":1,\"name\":\"Startseite\",\"item\":\"https:\\\/\\\/radioleinewelle.de\\\/\"},{\"@type\":\"ListItem\",\"position\":2,\"name\":\"F\u00f6rderverein Lokalradio S\u00fcdniedersachsen e. V. pr\u00e4sentiert neue Website f\u00fcr Audio- und Radiobegeisterte und sucht engagierte Mitglieder\"}]},{\"@type\":\"WebSite\",\"@id\":\"https:\\\/\\\/radioleinewelle.de\\\/#website\",\"url\":\"https:\\\/\\\/radioleinewelle.de\\\/\",\"name\":\"Radio Leinewelle\",\"description\":\"\",\"publisher\":{\"@id\":\"https:\\\/\\\/radioleinewelle.de\\\/#organization\"},\"potentialAction\":[{\"@type\":\"SearchAction\",\"target\":{\"@type\":\"EntryPoint\",\"urlTemplate\":\"https:\\\/\\\/radioleinewelle.de\\\/?s={search_term_string}\"},\"query-input\":{\"@type\":\"PropertyValueSpecification\",\"valueRequired\":true,\"valueName\":\"search_term_string\"}}],\"inLanguage\":\"de\"},{\"@type\":\"Organization\",\"@id\":\"https:\\\/\\\/radioleinewelle.de\\\/#organization\",\"name\":\"Radio Leinewelle\",\"alternateName\":\"Mein Radio f\u00fcr S\u00fcdniedersachsen\",\"url\":\"https:\\\/\\\/radioleinewelle.de\\\/\",\"logo\":{\"@type\":\"ImageObject\",\"inLanguage\":\"de\",\"@id\":\"https:\\\/\\\/radioleinewelle.de\\\/#\\\/schema\\\/logo\\\/image\\\/\",\"url\":\"https:\\\/\\\/radioleinewelle.de\\\/wp-content\\\/uploads\\\/2023\\\/11\\\/cropped-Leinewelle_Logo_weiss.png\",\"contentUrl\":\"https:\\\/\\\/radioleinewelle.de\\\/wp-content\\\/uploads\\\/2023\\\/11\\\/cropped-Leinewelle_Logo_weiss.png\",\"width\":854,\"height\":260,\"caption\":\"Radio Leinewelle\"},\"image\":{\"@id\":\"https:\\\/\\\/radioleinewelle.de\\\/#\\\/schema\\\/logo\\\/image\\\/\"},\"sameAs\":[\"https:\\\/\\\/www.facebook.com\\\/radioleinewelle\",\"https:\\\/\\\/x.com\\\/RLeinewelle\",\"https:\\\/\\\/www.instagram.com\\\/radioleinewelle\\\/?hl=de\"]},{\"@type\":\"Person\",\"@id\":\"https:\\\/\\\/radioleinewelle.de\\\/#\\\/schema\\\/person\\\/45606f348637df637192dc1b68399a63\",\"name\":\"Leinewelle\",\"image\":{\"@type\":\"ImageObject\",\"inLanguage\":\"de\",\"@id\":\"https:\\\/\\\/secure.gravatar.com\\\/avatar\\\/05c9a17bc973052ee5d91549bd32fb4dd0dc85b7b85ae94b2e2b4943476bbea5?s=96&d=blank&r=g\",\"url\":\"https:\\\/\\\/secure.gravatar.com\\\/avatar\\\/05c9a17bc973052ee5d91549bd32fb4dd0dc85b7b85ae94b2e2b4943476bbea5?s=96&d=blank&r=g\",\"contentUrl\":\"https:\\\/\\\/secure.gravatar.com\\\/avatar\\\/05c9a17bc973052ee5d91549bd32fb4dd0dc85b7b85ae94b2e2b4943476bbea5?s=96&d=blank&r=g\",\"caption\":\"Leinewelle\"},\"sameAs\":[\"http:\\\/\\\/localhost\\\/radio%20leinewelle\\\/wordpress\",\"https:\\\/\\\/www.facebook.com\\\/radioleinewelle\",\"https:\\\/\\\/www.instagram.com\\\/radioleinewelle\",\"https:\\\/\\\/x.com\\\/https:\\\/\\\/twitter.com\\\/RLeinewelle?ref_src=twsrcgoogletwcampserptwgrauthor\",\"https:\\\/\\\/soundcloud.com\\\/foerderverein-lokalradio?utm_source=clipboard&utm_medium=text&utm_campaign=social_sharing\"],\"url\":\"https:\\\/\\\/radioleinewelle.de\\\/index.php\\\/author\\\/leinewelle\\\/\"}]}<\/script>\n<!-- \/ Yoast SEO plugin. -->","yoast_head_json":{"title":"F\u00f6rderverein Lokalradio S\u00fcdniedersachsen e. V. pr\u00e4sentiert neue Website f\u00fcr Audio- und Radiobegeisterte und sucht engagierte Mitglieder - Radio Leinewelle","robots":{"index":"index","follow":"follow","max-snippet":"max-snippet:-1","max-image-preview":"max-image-preview:large","max-video-preview":"max-video-preview:-1"},"canonical":"https:\/\/radioleinewelle.de\/index.php\/2023\/10\/04\/foerderverein-lokalradio-suedniedersachsen-e-v-praesentiert-neue-website-fuer-audio-und-radiobegeisterte-und-sucht-engagierte-mitglieder\/","og_locale":"de_DE","og_type":"article","og_title":"F\u00f6rderverein Lokalradio S\u00fcdniedersachsen e. V. pr\u00e4sentiert neue Website f\u00fcr Audio- und Radiobegeisterte und sucht engagierte Mitglieder - Radio Leinewelle","og_description":"S\u00fcdniedersachsen, 04.10.2023 &#8211; Der F\u00f6rderverein Lokalradio S\u00fcdniedersachsen e. V. freut sich, die Einf\u00fchrung seiner neuen Website bekannt zu geben, die Audio- und Radiobegeisterten eine umfassende Plattform f\u00fcr spannende Radioproduktionen und Audioinhalte bietet. Gleichzeitig ist der Verein auf der Suche nach neuen engagierten Mitgliedern, die Lust haben, sich aktiv in das Vereinsleben einzubringen. Die Website ist [&hellip;]","og_url":"https:\/\/radioleinewelle.de\/index.php\/2023\/10\/04\/foerderverein-lokalradio-suedniedersachsen-e-v-praesentiert-neue-website-fuer-audio-und-radiobegeisterte-und-sucht-engagierte-mitglieder\/","og_site_name":"Radio Leinewelle","article_publisher":"https:\/\/www.facebook.com\/radioleinewelle","article_author":"https:\/\/www.facebook.com\/radioleinewelle","article_published_time":"2023-10-04T17:44:59+00:00","article_modified_time":"2023-10-04T17:45:02+00:00","og_image":[{"width":1080,"height":800,"url":"https:\/\/radioleinewelle.de\/wp-content\/uploads\/2023\/10\/Ankuendigung_bild1_Website.jpg","type":"image\/jpeg"}],"author":"Leinewelle","twitter_card":"summary_large_image","twitter_creator":"@https:\/\/twitter.com\/RLeinewelle?ref_src=twsrcgoogletwcampserptwgrauthor","twitter_site":"@RLeinewelle","twitter_misc":{"Verfasst von":"Leinewelle","Gesch\u00e4tzte Lesezeit":"2\u00a0Minuten"},"schema":{"@context":"https:\/\/schema.org","@graph":[{"@type":"Article","@id":"https:\/\/radioleinewelle.de\/index.php\/2023\/10\/04\/foerderverein-lokalradio-suedniedersachsen-e-v-praesentiert-neue-website-fuer-audio-und-radiobegeisterte-und-sucht-engagierte-mitglieder\/#article","isPartOf":{"@id":"https:\/\/radioleinewelle.de\/index.php\/2023\/10\/04\/foerderverein-lokalradio-suedniedersachsen-e-v-praesentiert-neue-website-fuer-audio-und-radiobegeisterte-und-sucht-engagierte-mitglieder\/"},"author":{"name":"Leinewelle","@id":"https:\/\/radioleinewelle.de\/#\/schema\/person\/45606f348637df637192dc1b68399a63"},"headline":"F\u00f6rderverein Lokalradio S\u00fcdniedersachsen e. V. pr\u00e4sentiert neue Website f\u00fcr Audio- und Radiobegeisterte und sucht engagierte Mitglieder","datePublished":"2023-10-04T17:44:59+00:00","dateModified":"2023-10-04T17:45:02+00:00","mainEntityOfPage":{"@id":"https:\/\/radioleinewelle.de\/index.php\/2023\/10\/04\/foerderverein-lokalradio-suedniedersachsen-e-v-praesentiert-neue-website-fuer-audio-und-radiobegeisterte-und-sucht-engagierte-mitglieder\/"},"wordCount":299,"commentCount":0,"publisher":{"@id":"https:\/\/radioleinewelle.de\/#organization"},"image":{"@id":"https:\/\/radioleinewelle.de\/index.php\/2023\/10\/04\/foerderverein-lokalradio-suedniedersachsen-e-v-praesentiert-neue-website-fuer-audio-und-radiobegeisterte-und-sucht-engagierte-mitglieder\/#primaryimage"},"thumbnailUrl":"https:\/\/radioleinewelle.de\/wp-content\/uploads\/2023\/10\/Ankuendigung_bild1_Website.jpg","inLanguage":"de","potentialAction":[{"@type":"CommentAction","name":"Comment","target":["https:\/\/radioleinewelle.de\/index.php\/2023\/10\/04\/foerderverein-lokalradio-suedniedersachsen-e-v-praesentiert-neue-website-fuer-audio-und-radiobegeisterte-und-sucht-engagierte-mitglieder\/#respond"]}]},{"@type":"WebPage","@id":"https:\/\/radioleinewelle.de\/index.php\/2023\/10\/04\/foerderverein-lokalradio-suedniedersachsen-e-v-praesentiert-neue-website-fuer-audio-und-radiobegeisterte-und-sucht-engagierte-mitglieder\/","url":"https:\/\/radioleinewelle.de\/index.php\/2023\/10\/04\/foerderverein-lokalradio-suedniedersachsen-e-v-praesentiert-neue-website-fuer-audio-und-radiobegeisterte-und-sucht-engagierte-mitglieder\/","name":"F\u00f6rderverein Lokalradio S\u00fcdniedersachsen e. V. pr\u00e4sentiert neue Website f\u00fcr Audio- und Radiobegeisterte und sucht engagierte Mitglieder - Radio Leinewelle","isPartOf":{"@id":"https:\/\/radioleinewelle.de\/#website"},"primaryImageOfPage":{"@id":"https:\/\/radioleinewelle.de\/index.php\/2023\/10\/04\/foerderverein-lokalradio-suedniedersachsen-e-v-praesentiert-neue-website-fuer-audio-und-radiobegeisterte-und-sucht-engagierte-mitglieder\/#primaryimage"},"image":{"@id":"https:\/\/radioleinewelle.de\/index.php\/2023\/10\/04\/foerderverein-lokalradio-suedniedersachsen-e-v-praesentiert-neue-website-fuer-audio-und-radiobegeisterte-und-sucht-engagierte-mitglieder\/#primaryimage"},"thumbnailUrl":"https:\/\/radioleinewelle.de\/wp-content\/uploads\/2023\/10\/Ankuendigung_bild1_Website.jpg","datePublished":"2023-10-04T17:44:59+00:00","dateModified":"2023-10-04T17:45:02+00:00","breadcrumb":{"@id":"https:\/\/radioleinewelle.de\/index.php\/2023\/10\/04\/foerderverein-lokalradio-suedniedersachsen-e-v-praesentiert-neue-website-fuer-audio-und-radiobegeisterte-und-sucht-engagierte-mitglieder\/#breadcrumb"},"inLanguage":"de","potentialAction":[{"@type":"ReadAction","target":["https:\/\/radioleinewelle.de\/index.php\/2023\/10\/04\/foerderverein-lokalradio-suedniedersachsen-e-v-praesentiert-neue-website-fuer-audio-und-radiobegeisterte-und-sucht-engagierte-mitglieder\/"]}]},{"@type":"ImageObject","inLanguage":"de","@id":"https:\/\/radioleinewelle.de\/index.php\/2023\/10\/04\/foerderverein-lokalradio-suedniedersachsen-e-v-praesentiert-neue-website-fuer-audio-und-radiobegeisterte-und-sucht-engagierte-mitglieder\/#primaryimage","url":"https:\/\/radioleinewelle.de\/wp-content\/uploads\/2023\/10\/Ankuendigung_bild1_Website.jpg","contentUrl":"https:\/\/radioleinewelle.de\/wp-content\/uploads\/2023\/10\/Ankuendigung_bild1_Website.jpg","width":1080,"height":800},{"@type":"BreadcrumbList","@id":"https:\/\/radioleinewelle.de\/index.php\/2023\/10\/04\/foerderverein-lokalradio-suedniedersachsen-e-v-praesentiert-neue-website-fuer-audio-und-radiobegeisterte-und-sucht-engagierte-mitglieder\/#breadcrumb","itemListElement":[{"@type":"ListItem","position":1,"name":"Startseite","item":"https:\/\/radioleinewelle.de\/"},{"@type":"ListItem","position":2,"name":"F\u00f6rderverein Lokalradio S\u00fcdniedersachsen e. V. pr\u00e4sentiert neue Website f\u00fcr Audio- und Radiobegeisterte und sucht engagierte Mitglieder"}]},{"@type":"WebSite","@id":"https:\/\/radioleinewelle.de\/#website","url":"https:\/\/radioleinewelle.de\/","name":"Radio Leinewelle","description":"","publisher":{"@id":"https:\/\/radioleinewelle.de\/#organization"},"potentialAction":[{"@type":"SearchAction","target":{"@type":"EntryPoint","urlTemplate":"https:\/\/radioleinewelle.de\/?s={search_term_string}"},"query-input":{"@type":"PropertyValueSpecification","valueRequired":true,"valueName":"search_term_string"}}],"inLanguage":"de"},{"@type":"Organization","@id":"https:\/\/radioleinewelle.de\/#organization","name":"Radio Leinewelle","alternateName":"Mein Radio f\u00fcr S\u00fcdniedersachsen","url":"https:\/\/radioleinewelle.de\/","logo":{"@type":"ImageObject","inLanguage":"de","@id":"https:\/\/radioleinewelle.de\/#\/schema\/logo\/image\/","url":"https:\/\/radioleinewelle.de\/wp-content\/uploads\/2023\/11\/cropped-Leinewelle_Logo_weiss.png","contentUrl":"https:\/\/radioleinewelle.de\/wp-content\/uploads\/2023\/11\/cropped-Leinewelle_Logo_weiss.png","width":854,"height":260,"caption":"Radio Leinewelle"},"image":{"@id":"https:\/\/radioleinewelle.de\/#\/schema\/logo\/image\/"},"sameAs":["https:\/\/www.facebook.com\/radioleinewelle","https:\/\/x.com\/RLeinewelle","https:\/\/www.instagram.com\/radioleinewelle\/?hl=de"]},{"@type":"Person","@id":"https:\/\/radioleinewelle.de\/#\/schema\/person\/45606f348637df637192dc1b68399a63","name":"Leinewelle","image":{"@type":"ImageObject","inLanguage":"de","@id":"https:\/\/secure.gravatar.com\/avatar\/05c9a17bc973052ee5d91549bd32fb4dd0dc85b7b85ae94b2e2b4943476bbea5?s=96&d=blank&r=g","url":"https:\/\/secure.gravatar.com\/avatar\/05c9a17bc973052ee5d91549bd32fb4dd0dc85b7b85ae94b2e2b4943476bbea5?s=96&d=blank&r=g","contentUrl":"https:\/\/secure.gravatar.com\/avatar\/05c9a17bc973052ee5d91549bd32fb4dd0dc85b7b85ae94b2e2b4943476bbea5?s=96&d=blank&r=g","caption":"Leinewelle"},"sameAs":["http:\/\/localhost\/radio%20leinewelle\/wordpress","https:\/\/www.facebook.com\/radioleinewelle","https:\/\/www.instagram.com\/radioleinewelle","https:\/\/x.com\/https:\/\/twitter.com\/RLeinewelle?ref_src=twsrcgoogletwcampserptwgrauthor","https:\/\/soundcloud.com\/foerderverein-lokalradio?utm_source=clipboard&utm_medium=text&utm_campaign=social_sharing"],"url":"https:\/\/radioleinewelle.de\/index.php\/author\/leinewelle\/"}]}},"_links":{"self":[{"href":"https:\/\/radioleinewelle.de\/index.php\/wp-json\/wp\/v2\/posts\/23701","targetHints":{"allow":["GET"]}}],"collection":[{"href":"https:\/\/radioleinewelle.de\/index.php\/wp-json\/wp\/v2\/posts"}],"about":[{"href":"https:\/\/radioleinewelle.de\/index.php\/wp-json\/wp\/v2\/types\/post"}],"author":[{"embeddable":true,"href":"https:\/\/radioleinewelle.de\/index.php\/wp-json\/wp\/v2\/users\/1"}],"replies":[{"embeddable":true,"href":"https:\/\/radioleinewelle.de\/index.php\/wp-json\/wp\/v2\/comments?post=23701"}],"version-history":[{"count":1,"href":"https:\/\/radioleinewelle.de\/index.php\/wp-json\/wp\/v2\/posts\/23701\/revisions"}],"predecessor-version":[{"id":23703,"href":"https:\/\/radioleinewelle.de\/index.php\/wp-json\/wp\/v2\/posts\/23701\/revisions\/23703"}],"wp:featuredmedia":[{"embeddable":true,"href":"https:\/\/radioleinewelle.de\/index.php\/wp-json\/wp\/v2\/media\/23702"}],"wp:attachment":[{"href":"https:\/\/radioleinewelle.de\/index.php\/wp-json\/wp\/v2\/media?parent=23701"}],"wp:term":[{"taxonomy":"category","embeddable":true,"href":"https:\/\/radioleinewelle.de\/index.php\/wp-json\/wp\/v2\/categories?post=23701"},{"taxonomy":"post_tag","embeddable":true,"href":"https:\/\/radioleinewelle.de\/index.php\/wp-json\/wp\/v2\/tags?post=23701"}],"curies":[{"name":"wp","href":"https:\/\/api.w.org\/{rel}","templated":true}]}}