{"id":23716,"date":"2023-10-09T10:08:28","date_gmt":"2023-10-09T08:08:28","guid":{"rendered":"https:\/\/radioleinewelle.de\/?p=23716"},"modified":"2023-11-06T13:44:48","modified_gmt":"2023-11-06T12:44:48","slug":"unser-ausbildungspodcast-wir-stellen-die-firma-novelis-vor","status":"publish","type":"post","link":"https:\/\/radioleinewelle.de\/index.php\/2023\/10\/09\/unser-ausbildungspodcast-wir-stellen-die-firma-novelis-vor\/","title":{"rendered":"Unser Ausbildungspodcast &#8211; wir stellen die Firma Novelis vor"},"content":{"rendered":"\n<p>Wir freuen uns, unsere Initiative \u201eJugend horcht!\u201c  vorstellen zu d\u00fcrfen. Diese soll junge Menschen in der Region bei ihrer Ausbildungswahl unterst\u00fctzen. Der \u00dcbergang von der Schule in das Berufsleben kann eine herausfordernde und oft verwirrende Zeit sein. Viele Jugendliche sind sich unsicher, welches Berufsfeld f\u00fcr sie am besten geeignet ist.&nbsp;In unseren Podcasts geben Auszubildende selbst spannende Einblicke in ihre Berufe und erz\u00e4hlen von ihren pers\u00f6nlichen Erfahrungen. So erhalten potenzielle Auszubildende ein umfassendes Bild von den verschiedenen beruflichen T\u00e4tigkeiten und k\u00f6nnen besser einsch\u00e4tzen, welches Berufsfeld zu ihnen passt. Hier die erste Staffel unserer Reihe: drei Auszubildende der Firma Novelis erz\u00e4hlen \u00fcber ihren Alltag in der Firma und ihre Ausbildung. Novelis ist der f\u00fchrende Hersteller von flachgewalzten Aluminiumprodukten, der weltweit gr\u00f6\u00dfte Recycler von Aluminium und betreibt ein weltweites Anlagennetzwerk in Nordamerika, S\u00fcdamerika, Europa und Asien. <br><strong>Folge 1:<\/strong>&nbsp;Warum Novelis? &#8211; <strong>Folge 2:<\/strong>&nbsp;Alltag im Unternehmen &#8211; <strong>Folge 3:<\/strong>&nbsp;Benefits &#8211; <strong>Folge 4:<\/strong>&nbsp;Pr\u00fcfung und dann?<\/p>\n\n\n\n<p>Alle Folgen gibt es schon <strong><a href=\"https:\/\/radioleinewelle.de\/#podcast\">hier zu h\u00f6ren<\/a><\/strong><\/p>\n\n\n\n<p>Kontakt f\u00fcr Anfragen und Bewerbungen: Katharina Messing-Hettenhausen (<a href=\"mailto:katharina.messing-hettenhausen@novelis.adityabirla.com\">katharina.messing-hettenhausen@novelis.adityabirla.com<\/a>) <\/p>\n","protected":false},"excerpt":{"rendered":"<p>Wir freuen uns, unsere Initiative \u201eJugend horcht!\u201c vorstellen zu d\u00fcrfen. Diese soll junge Menschen in der Region bei ihrer Ausbildungswahl unterst\u00fctzen. Der \u00dcbergang von der Schule in das Berufsleben kann eine herausfordernde und oft verwirrende Zeit sein. Viele Jugendliche sind sich unsicher, welches Berufsfeld f\u00fcr sie am besten geeignet ist.&nbsp;In unseren Podcasts geben Auszubildende selbst [&hellip;]<\/p>\n","protected":false},"author":1,"featured_media":24269,"comment_status":"open","ping_status":"open","sticky":true,"template":"","format":"standard","meta":{"saved_in_kubio":false,"footnotes":""},"categories":[46],"tags":[],"class_list":["post-23716","post","type-post","status-publish","format-standard","has-post-thumbnail","hentry","category-beruf-karriere"],"yoast_head":"<!-- This site is optimized with the Yoast SEO plugin v27.5 - https:\/\/yoast.com\/product\/yoast-seo-wordpress\/ -->\n<title>Unser Ausbildungspodcast - wir stellen die Firma Novelis vor - Radio Leinewelle<\/title>\n<meta name=\"robots\" content=\"index, follow, max-snippet:-1, max-image-preview:large, max-video-preview:-1\" \/>\n<link rel=\"canonical\" href=\"https:\/\/radioleinewelle.de\/index.php\/2023\/10\/09\/unser-ausbildungspodcast-wir-stellen-die-firma-novelis-vor\/\" \/>\n<meta property=\"og:locale\" content=\"de_DE\" \/>\n<meta property=\"og:type\" content=\"article\" \/>\n<meta property=\"og:title\" content=\"Unser Ausbildungspodcast - wir stellen die Firma Novelis vor - Radio Leinewelle\" \/>\n<meta property=\"og:description\" content=\"Wir freuen uns, unsere Initiative \u201eJugend horcht!\u201c vorstellen zu d\u00fcrfen. Diese soll junge Menschen in der Region bei ihrer Ausbildungswahl unterst\u00fctzen. Der \u00dcbergang von der Schule in das Berufsleben kann eine herausfordernde und oft verwirrende Zeit sein. Viele Jugendliche sind sich unsicher, welches Berufsfeld f\u00fcr sie am besten geeignet ist.&nbsp;In unseren Podcasts geben Auszubildende selbst [&hellip;]\" \/>\n<meta property=\"og:url\" content=\"https:\/\/radioleinewelle.de\/index.php\/2023\/10\/09\/unser-ausbildungspodcast-wir-stellen-die-firma-novelis-vor\/\" \/>\n<meta property=\"og:site_name\" content=\"Radio Leinewelle\" \/>\n<meta property=\"article:publisher\" content=\"https:\/\/www.facebook.com\/radioleinewelle\" \/>\n<meta property=\"article:author\" content=\"https:\/\/www.facebook.com\/radioleinewelle\" \/>\n<meta property=\"article:published_time\" content=\"2023-10-09T08:08:28+00:00\" \/>\n<meta property=\"article:modified_time\" content=\"2023-11-06T12:44:48+00:00\" \/>\n<meta property=\"og:image\" content=\"https:\/\/radioleinewelle.de\/wp-content\/uploads\/2023\/10\/Bildschirmfoto-2023-11-05-um-14.38.52-e1699192038398.png.webp\" \/>\n\t<meta property=\"og:image:width\" content=\"955\" \/>\n\t<meta property=\"og:image:height\" content=\"930\" \/>\n\t<meta property=\"og:image:type\" content=\"image\/webp\" \/>\n<meta name=\"author\" content=\"Leinewelle\" \/>\n<meta name=\"twitter:card\" content=\"summary_large_image\" \/>\n<meta name=\"twitter:creator\" content=\"@https:\/\/twitter.com\/RLeinewelle?ref_src=twsrcgoogletwcampserptwgrauthor\" \/>\n<meta name=\"twitter:site\" content=\"@RLeinewelle\" \/>\n<meta name=\"twitter:label1\" content=\"Verfasst von\" \/>\n\t<meta name=\"twitter:data1\" content=\"Leinewelle\" \/>\n\t<meta name=\"twitter:label2\" content=\"Gesch\u00e4tzte Lesezeit\" \/>\n\t<meta name=\"twitter:data2\" content=\"1\u00a0Minute\" \/>\n<script type=\"application\/ld+json\" class=\"yoast-schema-graph\">{\"@context\":\"https:\\\/\\\/schema.org\",\"@graph\":[{\"@type\":\"Article\",\"@id\":\"https:\\\/\\\/radioleinewelle.de\\\/index.php\\\/2023\\\/10\\\/09\\\/unser-ausbildungspodcast-wir-stellen-die-firma-novelis-vor\\\/#article\",\"isPartOf\":{\"@id\":\"https:\\\/\\\/radioleinewelle.de\\\/index.php\\\/2023\\\/10\\\/09\\\/unser-ausbildungspodcast-wir-stellen-die-firma-novelis-vor\\\/\"},\"author\":{\"name\":\"Leinewelle\",\"@id\":\"https:\\\/\\\/radioleinewelle.de\\\/#\\\/schema\\\/person\\\/45606f348637df637192dc1b68399a63\"},\"headline\":\"Unser Ausbildungspodcast &#8211; wir stellen die Firma Novelis vor\",\"datePublished\":\"2023-10-09T08:08:28+00:00\",\"dateModified\":\"2023-11-06T12:44:48+00:00\",\"mainEntityOfPage\":{\"@id\":\"https:\\\/\\\/radioleinewelle.de\\\/index.php\\\/2023\\\/10\\\/09\\\/unser-ausbildungspodcast-wir-stellen-die-firma-novelis-vor\\\/\"},\"wordCount\":199,\"commentCount\":0,\"publisher\":{\"@id\":\"https:\\\/\\\/radioleinewelle.de\\\/#organization\"},\"image\":{\"@id\":\"https:\\\/\\\/radioleinewelle.de\\\/index.php\\\/2023\\\/10\\\/09\\\/unser-ausbildungspodcast-wir-stellen-die-firma-novelis-vor\\\/#primaryimage\"},\"thumbnailUrl\":\"https:\\\/\\\/radioleinewelle.de\\\/wp-content\\\/uploads\\\/2023\\\/10\\\/Bildschirmfoto-2023-11-05-um-14.38.52-e1699192038398.png.webp\",\"articleSection\":[\"Beruf &amp; Karriere\"],\"inLanguage\":\"de\",\"potentialAction\":[{\"@type\":\"CommentAction\",\"name\":\"Comment\",\"target\":[\"https:\\\/\\\/radioleinewelle.de\\\/index.php\\\/2023\\\/10\\\/09\\\/unser-ausbildungspodcast-wir-stellen-die-firma-novelis-vor\\\/#respond\"]}]},{\"@type\":\"WebPage\",\"@id\":\"https:\\\/\\\/radioleinewelle.de\\\/index.php\\\/2023\\\/10\\\/09\\\/unser-ausbildungspodcast-wir-stellen-die-firma-novelis-vor\\\/\",\"url\":\"https:\\\/\\\/radioleinewelle.de\\\/index.php\\\/2023\\\/10\\\/09\\\/unser-ausbildungspodcast-wir-stellen-die-firma-novelis-vor\\\/\",\"name\":\"Unser Ausbildungspodcast - wir stellen die Firma Novelis vor - Radio Leinewelle\",\"isPartOf\":{\"@id\":\"https:\\\/\\\/radioleinewelle.de\\\/#website\"},\"primaryImageOfPage\":{\"@id\":\"https:\\\/\\\/radioleinewelle.de\\\/index.php\\\/2023\\\/10\\\/09\\\/unser-ausbildungspodcast-wir-stellen-die-firma-novelis-vor\\\/#primaryimage\"},\"image\":{\"@id\":\"https:\\\/\\\/radioleinewelle.de\\\/index.php\\\/2023\\\/10\\\/09\\\/unser-ausbildungspodcast-wir-stellen-die-firma-novelis-vor\\\/#primaryimage\"},\"thumbnailUrl\":\"https:\\\/\\\/radioleinewelle.de\\\/wp-content\\\/uploads\\\/2023\\\/10\\\/Bildschirmfoto-2023-11-05-um-14.38.52-e1699192038398.png.webp\",\"datePublished\":\"2023-10-09T08:08:28+00:00\",\"dateModified\":\"2023-11-06T12:44:48+00:00\",\"breadcrumb\":{\"@id\":\"https:\\\/\\\/radioleinewelle.de\\\/index.php\\\/2023\\\/10\\\/09\\\/unser-ausbildungspodcast-wir-stellen-die-firma-novelis-vor\\\/#breadcrumb\"},\"inLanguage\":\"de\",\"potentialAction\":[{\"@type\":\"ReadAction\",\"target\":[\"https:\\\/\\\/radioleinewelle.de\\\/index.php\\\/2023\\\/10\\\/09\\\/unser-ausbildungspodcast-wir-stellen-die-firma-novelis-vor\\\/\"]}]},{\"@type\":\"ImageObject\",\"inLanguage\":\"de\",\"@id\":\"https:\\\/\\\/radioleinewelle.de\\\/index.php\\\/2023\\\/10\\\/09\\\/unser-ausbildungspodcast-wir-stellen-die-firma-novelis-vor\\\/#primaryimage\",\"url\":\"https:\\\/\\\/radioleinewelle.de\\\/wp-content\\\/uploads\\\/2023\\\/10\\\/Bildschirmfoto-2023-11-05-um-14.38.52-e1699192038398.png.webp\",\"contentUrl\":\"https:\\\/\\\/radioleinewelle.de\\\/wp-content\\\/uploads\\\/2023\\\/10\\\/Bildschirmfoto-2023-11-05-um-14.38.52-e1699192038398.png.webp\",\"width\":955,\"height\":930},{\"@type\":\"BreadcrumbList\",\"@id\":\"https:\\\/\\\/radioleinewelle.de\\\/index.php\\\/2023\\\/10\\\/09\\\/unser-ausbildungspodcast-wir-stellen-die-firma-novelis-vor\\\/#breadcrumb\",\"itemListElement\":[{\"@type\":\"ListItem\",\"position\":1,\"name\":\"Startseite\",\"item\":\"https:\\\/\\\/radioleinewelle.de\\\/\"},{\"@type\":\"ListItem\",\"position\":2,\"name\":\"Unser Ausbildungspodcast &#8211; wir stellen die Firma Novelis vor\"}]},{\"@type\":\"WebSite\",\"@id\":\"https:\\\/\\\/radioleinewelle.de\\\/#website\",\"url\":\"https:\\\/\\\/radioleinewelle.de\\\/\",\"name\":\"Radio Leinewelle\",\"description\":\"\",\"publisher\":{\"@id\":\"https:\\\/\\\/radioleinewelle.de\\\/#organization\"},\"potentialAction\":[{\"@type\":\"SearchAction\",\"target\":{\"@type\":\"EntryPoint\",\"urlTemplate\":\"https:\\\/\\\/radioleinewelle.de\\\/?s={search_term_string}\"},\"query-input\":{\"@type\":\"PropertyValueSpecification\",\"valueRequired\":true,\"valueName\":\"search_term_string\"}}],\"inLanguage\":\"de\"},{\"@type\":\"Organization\",\"@id\":\"https:\\\/\\\/radioleinewelle.de\\\/#organization\",\"name\":\"Radio Leinewelle\",\"alternateName\":\"Mein Radio f\u00fcr S\u00fcdniedersachsen\",\"url\":\"https:\\\/\\\/radioleinewelle.de\\\/\",\"logo\":{\"@type\":\"ImageObject\",\"inLanguage\":\"de\",\"@id\":\"https:\\\/\\\/radioleinewelle.de\\\/#\\\/schema\\\/logo\\\/image\\\/\",\"url\":\"https:\\\/\\\/radioleinewelle.de\\\/wp-content\\\/uploads\\\/2023\\\/11\\\/cropped-Leinewelle_Logo_weiss.png\",\"contentUrl\":\"https:\\\/\\\/radioleinewelle.de\\\/wp-content\\\/uploads\\\/2023\\\/11\\\/cropped-Leinewelle_Logo_weiss.png\",\"width\":854,\"height\":260,\"caption\":\"Radio Leinewelle\"},\"image\":{\"@id\":\"https:\\\/\\\/radioleinewelle.de\\\/#\\\/schema\\\/logo\\\/image\\\/\"},\"sameAs\":[\"https:\\\/\\\/www.facebook.com\\\/radioleinewelle\",\"https:\\\/\\\/x.com\\\/RLeinewelle\",\"https:\\\/\\\/www.instagram.com\\\/radioleinewelle\\\/?hl=de\"]},{\"@type\":\"Person\",\"@id\":\"https:\\\/\\\/radioleinewelle.de\\\/#\\\/schema\\\/person\\\/45606f348637df637192dc1b68399a63\",\"name\":\"Leinewelle\",\"image\":{\"@type\":\"ImageObject\",\"inLanguage\":\"de\",\"@id\":\"https:\\\/\\\/secure.gravatar.com\\\/avatar\\\/05c9a17bc973052ee5d91549bd32fb4dd0dc85b7b85ae94b2e2b4943476bbea5?s=96&d=blank&r=g\",\"url\":\"https:\\\/\\\/secure.gravatar.com\\\/avatar\\\/05c9a17bc973052ee5d91549bd32fb4dd0dc85b7b85ae94b2e2b4943476bbea5?s=96&d=blank&r=g\",\"contentUrl\":\"https:\\\/\\\/secure.gravatar.com\\\/avatar\\\/05c9a17bc973052ee5d91549bd32fb4dd0dc85b7b85ae94b2e2b4943476bbea5?s=96&d=blank&r=g\",\"caption\":\"Leinewelle\"},\"sameAs\":[\"http:\\\/\\\/localhost\\\/radio%20leinewelle\\\/wordpress\",\"https:\\\/\\\/www.facebook.com\\\/radioleinewelle\",\"https:\\\/\\\/www.instagram.com\\\/radioleinewelle\",\"https:\\\/\\\/x.com\\\/https:\\\/\\\/twitter.com\\\/RLeinewelle?ref_src=twsrcgoogletwcampserptwgrauthor\",\"https:\\\/\\\/soundcloud.com\\\/foerderverein-lokalradio?utm_source=clipboard&utm_medium=text&utm_campaign=social_sharing\"],\"url\":\"https:\\\/\\\/radioleinewelle.de\\\/index.php\\\/author\\\/leinewelle\\\/\"}]}<\/script>\n<!-- \/ Yoast SEO plugin. -->","yoast_head_json":{"title":"Unser Ausbildungspodcast - wir stellen die Firma Novelis vor - Radio Leinewelle","robots":{"index":"index","follow":"follow","max-snippet":"max-snippet:-1","max-image-preview":"max-image-preview:large","max-video-preview":"max-video-preview:-1"},"canonical":"https:\/\/radioleinewelle.de\/index.php\/2023\/10\/09\/unser-ausbildungspodcast-wir-stellen-die-firma-novelis-vor\/","og_locale":"de_DE","og_type":"article","og_title":"Unser Ausbildungspodcast - wir stellen die Firma Novelis vor - Radio Leinewelle","og_description":"Wir freuen uns, unsere Initiative \u201eJugend horcht!\u201c vorstellen zu d\u00fcrfen. Diese soll junge Menschen in der Region bei ihrer Ausbildungswahl unterst\u00fctzen. Der \u00dcbergang von der Schule in das Berufsleben kann eine herausfordernde und oft verwirrende Zeit sein. Viele Jugendliche sind sich unsicher, welches Berufsfeld f\u00fcr sie am besten geeignet ist.&nbsp;In unseren Podcasts geben Auszubildende selbst [&hellip;]","og_url":"https:\/\/radioleinewelle.de\/index.php\/2023\/10\/09\/unser-ausbildungspodcast-wir-stellen-die-firma-novelis-vor\/","og_site_name":"Radio Leinewelle","article_publisher":"https:\/\/www.facebook.com\/radioleinewelle","article_author":"https:\/\/www.facebook.com\/radioleinewelle","article_published_time":"2023-10-09T08:08:28+00:00","article_modified_time":"2023-11-06T12:44:48+00:00","og_image":[{"width":955,"height":930,"url":"https:\/\/radioleinewelle.de\/wp-content\/uploads\/2023\/10\/Bildschirmfoto-2023-11-05-um-14.38.52-e1699192038398.png.webp","type":"image\/webp"}],"author":"Leinewelle","twitter_card":"summary_large_image","twitter_creator":"@https:\/\/twitter.com\/RLeinewelle?ref_src=twsrcgoogletwcampserptwgrauthor","twitter_site":"@RLeinewelle","twitter_misc":{"Verfasst von":"Leinewelle","Gesch\u00e4tzte Lesezeit":"1\u00a0Minute"},"schema":{"@context":"https:\/\/schema.org","@graph":[{"@type":"Article","@id":"https:\/\/radioleinewelle.de\/index.php\/2023\/10\/09\/unser-ausbildungspodcast-wir-stellen-die-firma-novelis-vor\/#article","isPartOf":{"@id":"https:\/\/radioleinewelle.de\/index.php\/2023\/10\/09\/unser-ausbildungspodcast-wir-stellen-die-firma-novelis-vor\/"},"author":{"name":"Leinewelle","@id":"https:\/\/radioleinewelle.de\/#\/schema\/person\/45606f348637df637192dc1b68399a63"},"headline":"Unser Ausbildungspodcast &#8211; wir stellen die Firma Novelis vor","datePublished":"2023-10-09T08:08:28+00:00","dateModified":"2023-11-06T12:44:48+00:00","mainEntityOfPage":{"@id":"https:\/\/radioleinewelle.de\/index.php\/2023\/10\/09\/unser-ausbildungspodcast-wir-stellen-die-firma-novelis-vor\/"},"wordCount":199,"commentCount":0,"publisher":{"@id":"https:\/\/radioleinewelle.de\/#organization"},"image":{"@id":"https:\/\/radioleinewelle.de\/index.php\/2023\/10\/09\/unser-ausbildungspodcast-wir-stellen-die-firma-novelis-vor\/#primaryimage"},"thumbnailUrl":"https:\/\/radioleinewelle.de\/wp-content\/uploads\/2023\/10\/Bildschirmfoto-2023-11-05-um-14.38.52-e1699192038398.png.webp","articleSection":["Beruf &amp; Karriere"],"inLanguage":"de","potentialAction":[{"@type":"CommentAction","name":"Comment","target":["https:\/\/radioleinewelle.de\/index.php\/2023\/10\/09\/unser-ausbildungspodcast-wir-stellen-die-firma-novelis-vor\/#respond"]}]},{"@type":"WebPage","@id":"https:\/\/radioleinewelle.de\/index.php\/2023\/10\/09\/unser-ausbildungspodcast-wir-stellen-die-firma-novelis-vor\/","url":"https:\/\/radioleinewelle.de\/index.php\/2023\/10\/09\/unser-ausbildungspodcast-wir-stellen-die-firma-novelis-vor\/","name":"Unser Ausbildungspodcast - wir stellen die Firma Novelis vor - Radio Leinewelle","isPartOf":{"@id":"https:\/\/radioleinewelle.de\/#website"},"primaryImageOfPage":{"@id":"https:\/\/radioleinewelle.de\/index.php\/2023\/10\/09\/unser-ausbildungspodcast-wir-stellen-die-firma-novelis-vor\/#primaryimage"},"image":{"@id":"https:\/\/radioleinewelle.de\/index.php\/2023\/10\/09\/unser-ausbildungspodcast-wir-stellen-die-firma-novelis-vor\/#primaryimage"},"thumbnailUrl":"https:\/\/radioleinewelle.de\/wp-content\/uploads\/2023\/10\/Bildschirmfoto-2023-11-05-um-14.38.52-e1699192038398.png.webp","datePublished":"2023-10-09T08:08:28+00:00","dateModified":"2023-11-06T12:44:48+00:00","breadcrumb":{"@id":"https:\/\/radioleinewelle.de\/index.php\/2023\/10\/09\/unser-ausbildungspodcast-wir-stellen-die-firma-novelis-vor\/#breadcrumb"},"inLanguage":"de","potentialAction":[{"@type":"ReadAction","target":["https:\/\/radioleinewelle.de\/index.php\/2023\/10\/09\/unser-ausbildungspodcast-wir-stellen-die-firma-novelis-vor\/"]}]},{"@type":"ImageObject","inLanguage":"de","@id":"https:\/\/radioleinewelle.de\/index.php\/2023\/10\/09\/unser-ausbildungspodcast-wir-stellen-die-firma-novelis-vor\/#primaryimage","url":"https:\/\/radioleinewelle.de\/wp-content\/uploads\/2023\/10\/Bildschirmfoto-2023-11-05-um-14.38.52-e1699192038398.png.webp","contentUrl":"https:\/\/radioleinewelle.de\/wp-content\/uploads\/2023\/10\/Bildschirmfoto-2023-11-05-um-14.38.52-e1699192038398.png.webp","width":955,"height":930},{"@type":"BreadcrumbList","@id":"https:\/\/radioleinewelle.de\/index.php\/2023\/10\/09\/unser-ausbildungspodcast-wir-stellen-die-firma-novelis-vor\/#breadcrumb","itemListElement":[{"@type":"ListItem","position":1,"name":"Startseite","item":"https:\/\/radioleinewelle.de\/"},{"@type":"ListItem","position":2,"name":"Unser Ausbildungspodcast &#8211; wir stellen die Firma Novelis vor"}]},{"@type":"WebSite","@id":"https:\/\/radioleinewelle.de\/#website","url":"https:\/\/radioleinewelle.de\/","name":"Radio Leinewelle","description":"","publisher":{"@id":"https:\/\/radioleinewelle.de\/#organization"},"potentialAction":[{"@type":"SearchAction","target":{"@type":"EntryPoint","urlTemplate":"https:\/\/radioleinewelle.de\/?s={search_term_string}"},"query-input":{"@type":"PropertyValueSpecification","valueRequired":true,"valueName":"search_term_string"}}],"inLanguage":"de"},{"@type":"Organization","@id":"https:\/\/radioleinewelle.de\/#organization","name":"Radio Leinewelle","alternateName":"Mein Radio f\u00fcr S\u00fcdniedersachsen","url":"https:\/\/radioleinewelle.de\/","logo":{"@type":"ImageObject","inLanguage":"de","@id":"https:\/\/radioleinewelle.de\/#\/schema\/logo\/image\/","url":"https:\/\/radioleinewelle.de\/wp-content\/uploads\/2023\/11\/cropped-Leinewelle_Logo_weiss.png","contentUrl":"https:\/\/radioleinewelle.de\/wp-content\/uploads\/2023\/11\/cropped-Leinewelle_Logo_weiss.png","width":854,"height":260,"caption":"Radio Leinewelle"},"image":{"@id":"https:\/\/radioleinewelle.de\/#\/schema\/logo\/image\/"},"sameAs":["https:\/\/www.facebook.com\/radioleinewelle","https:\/\/x.com\/RLeinewelle","https:\/\/www.instagram.com\/radioleinewelle\/?hl=de"]},{"@type":"Person","@id":"https:\/\/radioleinewelle.de\/#\/schema\/person\/45606f348637df637192dc1b68399a63","name":"Leinewelle","image":{"@type":"ImageObject","inLanguage":"de","@id":"https:\/\/secure.gravatar.com\/avatar\/05c9a17bc973052ee5d91549bd32fb4dd0dc85b7b85ae94b2e2b4943476bbea5?s=96&d=blank&r=g","url":"https:\/\/secure.gravatar.com\/avatar\/05c9a17bc973052ee5d91549bd32fb4dd0dc85b7b85ae94b2e2b4943476bbea5?s=96&d=blank&r=g","contentUrl":"https:\/\/secure.gravatar.com\/avatar\/05c9a17bc973052ee5d91549bd32fb4dd0dc85b7b85ae94b2e2b4943476bbea5?s=96&d=blank&r=g","caption":"Leinewelle"},"sameAs":["http:\/\/localhost\/radio%20leinewelle\/wordpress","https:\/\/www.facebook.com\/radioleinewelle","https:\/\/www.instagram.com\/radioleinewelle","https:\/\/x.com\/https:\/\/twitter.com\/RLeinewelle?ref_src=twsrcgoogletwcampserptwgrauthor","https:\/\/soundcloud.com\/foerderverein-lokalradio?utm_source=clipboard&utm_medium=text&utm_campaign=social_sharing"],"url":"https:\/\/radioleinewelle.de\/index.php\/author\/leinewelle\/"}]}},"_links":{"self":[{"href":"https:\/\/radioleinewelle.de\/index.php\/wp-json\/wp\/v2\/posts\/23716","targetHints":{"allow":["GET"]}}],"collection":[{"href":"https:\/\/radioleinewelle.de\/index.php\/wp-json\/wp\/v2\/posts"}],"about":[{"href":"https:\/\/radioleinewelle.de\/index.php\/wp-json\/wp\/v2\/types\/post"}],"author":[{"embeddable":true,"href":"https:\/\/radioleinewelle.de\/index.php\/wp-json\/wp\/v2\/users\/1"}],"replies":[{"embeddable":true,"href":"https:\/\/radioleinewelle.de\/index.php\/wp-json\/wp\/v2\/comments?post=23716"}],"version-history":[{"count":5,"href":"https:\/\/radioleinewelle.de\/index.php\/wp-json\/wp\/v2\/posts\/23716\/revisions"}],"predecessor-version":[{"id":24322,"href":"https:\/\/radioleinewelle.de\/index.php\/wp-json\/wp\/v2\/posts\/23716\/revisions\/24322"}],"wp:featuredmedia":[{"embeddable":true,"href":"https:\/\/radioleinewelle.de\/index.php\/wp-json\/wp\/v2\/media\/24269"}],"wp:attachment":[{"href":"https:\/\/radioleinewelle.de\/index.php\/wp-json\/wp\/v2\/media?parent=23716"}],"wp:term":[{"taxonomy":"category","embeddable":true,"href":"https:\/\/radioleinewelle.de\/index.php\/wp-json\/wp\/v2\/categories?post=23716"},{"taxonomy":"post_tag","embeddable":true,"href":"https:\/\/radioleinewelle.de\/index.php\/wp-json\/wp\/v2\/tags?post=23716"}],"curies":[{"name":"wp","href":"https:\/\/api.w.org\/{rel}","templated":true}]}}