{"id":2373,"date":"2020-10-15T05:25:39","date_gmt":"2020-10-15T03:25:39","guid":{"rendered":"https:\/\/radioleinewelle.de\/?p=2373"},"modified":"2020-10-15T05:25:39","modified_gmt":"2020-10-15T03:25:39","slug":"ndr-umfrage-niedersachsen-haben-wegen-corona-eher-angst-um-wirtschaft-als-um-eigene-gesundheit","status":"publish","type":"post","link":"https:\/\/radioleinewelle.de\/index.php\/2020\/10\/15\/ndr-umfrage-niedersachsen-haben-wegen-corona-eher-angst-um-wirtschaft-als-um-eigene-gesundheit\/","title":{"rendered":"NDR Umfrage: Niedersachsen haben wegen Corona eher Angst um Wirtschaft als um eigene Gesundheit"},"content":{"rendered":"<p>Die Niedersachsen sehen durch das Corona-Virus vor allem Gefahren f\u00fcr die Wirtschaft, weniger aber Gefahren f\u00fcr ihre eigene Gesundheit. Das ist das Ergebnis einer repr\u00e4sentativen Umfrage von Infratest dimap im Auftrag des NDR Fernsehmagazins &#8222;Hallo Niedersachsen&#8220;. Danach machen sich 68 Prozent der Befragten gro\u00dfe Sorgen, dass sich die wirtschaftliche Situation in Niedersachsen verschlechtert. Vor einer eigenen Ansteckung mit Corona oder der eines Familienmitglieds f\u00fcrchten sich mit 35 Prozent weniger Menschen. Fast genauso viele, 31 Prozent, haben Angst, dass durch die Corona-Krise Freiheitsrechte l\u00e4ngerfristig eingeschr\u00e4nkt sein k\u00f6nnten.<\/p>\n<p>Der bisherigen Corona-Politik der SPD\/CDU-Landesregierung stellen die Niedersachsen ein \u00fcberwiegend gutes Zeugnis aus: 69 Prozent der Befragten sind mit dem Corona-Krisenmanagement zufrieden oder sehr zufrieden. Am \u00fcberzeugtesten vom Regierungshandeln sind \u00fcberraschenderweise die Gr\u00fcnen-Anh\u00e4ngerinnen und -Anh\u00e4nger. Unter ihnen sind 85 Prozent mit der Corona-Politik zufrieden, unter SPD-Anh\u00e4ngern sind es 81 Prozent, unter CDU-Anh\u00e4ngern 78 Prozent. Lediglich unter AfD-Anh\u00e4ngern \u00fcberwiegt die Kritik: 70 Prozent von ihnen sind weniger oder gar nicht zufrieden mit dem Corona-Krisenmanagement.<\/p>\n<p>Auch die Alltagseinschr\u00e4nkungen h\u00e4lt eine klare Mehrheit der Befragten f\u00fcr richtig. 65 Prozent begr\u00fc\u00dfen die Ma\u00dfnahmen als angemessen. Eher wird sogar eine h\u00e4rtere Gangart gew\u00fcnscht: 23 Prozent der Befragten gehen die Einschr\u00e4nkungen nicht weit genug. 11 Prozent dagegen finden, die Auflagen seien zu weitgehend.<\/p>\n<p>Befragt nach einzelnen Ma\u00dfnahmen, ist das Bild ein etwas anderes. Dass Schulen, Kitas, Alten- und Pflegeheime zu Beginn der Pandemie geschlossen wurden, findet zwar ebenfalls eine Mehrheit richtig. Deutlich gr\u00f6\u00dfer als bei der allgemeinen Bewertung ist aber die Zahl derjenigen, die diese Ma\u00dfnahmen f\u00fcr zu weitgehend halten: 36 Prozent der Befragten sagen, die Alten- und Pflegeheime waren zu lange geschlossen. Nur 6 Prozent meinen, sie seien zu fr\u00fch wieder ge\u00f6ffnet worden, 54 Prozent halten Dauer und Ausma\u00df der Schlie\u00dfung f\u00fcr genau richtig. Bei den Bildungseinrichtungen finden 27 Prozent, die Schlie\u00dfung h\u00e4tte zu lange gedauert, 20 Prozent meinen, die Einrichtungen seien zu fr\u00fch wieder ge\u00f6ffnet worden. 56 Prozent sagen, Dauer und Ausma\u00df der Schlie\u00dfung sei genau richtig gewesen.<\/p>\n<p>Infratest dimap befragte vom 6. bis 12. Oktober 1004 repr\u00e4sentativ ausgew\u00e4hlte Niedersachsen per Telefon.<\/p>\n<p>Die vollst\u00e4ndige Umfrage wird im Internet ver\u00f6ffentlich auf der Seite <a class=\"uri-ext outbound event-trigger\" href=\"http:\/\/www.ndr.de\/niedersachsen\" target=\"_blank\" data-category=\"story-outlink\" data-label=\"4734396\" data-action=\"click\" data-callback=\"link\" rel=\"noopener\">www.NDR.de\/niedersachsen<\/a>.<\/p>\n","protected":false},"excerpt":{"rendered":"<p>Die Niedersachsen sehen durch das Corona-Virus vor allem Gefahren f\u00fcr die Wirtschaft, weniger aber Gefahren f\u00fcr ihre eigene Gesundheit. Das ist das Ergebnis einer repr\u00e4sentativen Umfrage von Infratest dimap im Auftrag des NDR Fernsehmagazins &#8222;Hallo Niedersachsen&#8220;. Danach machen sich 68 Prozent der Befragten gro\u00dfe Sorgen, dass sich die wirtschaftliche Situation in Niedersachsen verschlechtert. Vor einer [&hellip;]<\/p>\n","protected":false},"author":1,"featured_media":0,"comment_status":"closed","ping_status":"closed","sticky":false,"template":"","format":"standard","meta":{"saved_in_kubio":false,"footnotes":""},"categories":[24],"tags":[],"class_list":["post-2373","post","type-post","status-publish","format-standard","hentry","category-news"],"yoast_head":"<!-- This site is optimized with the Yoast SEO plugin v27.5 - https:\/\/yoast.com\/product\/yoast-seo-wordpress\/ -->\n<title>NDR Umfrage: Niedersachsen haben wegen Corona eher Angst um Wirtschaft als um eigene Gesundheit - Radio Leinewelle<\/title>\n<meta name=\"robots\" content=\"index, follow, max-snippet:-1, max-image-preview:large, max-video-preview:-1\" \/>\n<link rel=\"canonical\" href=\"https:\/\/radioleinewelle.de\/index.php\/2020\/10\/15\/ndr-umfrage-niedersachsen-haben-wegen-corona-eher-angst-um-wirtschaft-als-um-eigene-gesundheit\/\" \/>\n<meta property=\"og:locale\" content=\"de_DE\" \/>\n<meta property=\"og:type\" content=\"article\" \/>\n<meta property=\"og:title\" content=\"NDR Umfrage: Niedersachsen haben wegen Corona eher Angst um Wirtschaft als um eigene Gesundheit - Radio Leinewelle\" \/>\n<meta property=\"og:description\" content=\"Die Niedersachsen sehen durch das Corona-Virus vor allem Gefahren f\u00fcr die Wirtschaft, weniger aber Gefahren f\u00fcr ihre eigene Gesundheit. Das ist das Ergebnis einer repr\u00e4sentativen Umfrage von Infratest dimap im Auftrag des NDR Fernsehmagazins &#8222;Hallo Niedersachsen&#8220;. Danach machen sich 68 Prozent der Befragten gro\u00dfe Sorgen, dass sich die wirtschaftliche Situation in Niedersachsen verschlechtert. Vor einer [&hellip;]\" \/>\n<meta property=\"og:url\" content=\"https:\/\/radioleinewelle.de\/index.php\/2020\/10\/15\/ndr-umfrage-niedersachsen-haben-wegen-corona-eher-angst-um-wirtschaft-als-um-eigene-gesundheit\/\" \/>\n<meta property=\"og:site_name\" content=\"Radio Leinewelle\" \/>\n<meta property=\"article:publisher\" content=\"https:\/\/www.facebook.com\/radioleinewelle\" \/>\n<meta property=\"article:author\" content=\"https:\/\/www.facebook.com\/radioleinewelle\" \/>\n<meta property=\"article:published_time\" content=\"2020-10-15T03:25:39+00:00\" \/>\n<meta name=\"author\" content=\"Leinewelle\" \/>\n<meta name=\"twitter:card\" content=\"summary_large_image\" \/>\n<meta name=\"twitter:creator\" content=\"@https:\/\/twitter.com\/RLeinewelle?ref_src=twsrcgoogletwcampserptwgrauthor\" \/>\n<meta name=\"twitter:site\" content=\"@RLeinewelle\" \/>\n<meta name=\"twitter:label1\" content=\"Verfasst von\" \/>\n\t<meta name=\"twitter:data1\" content=\"Leinewelle\" \/>\n\t<meta name=\"twitter:label2\" content=\"Gesch\u00e4tzte Lesezeit\" \/>\n\t<meta name=\"twitter:data2\" content=\"2\u00a0Minuten\" \/>\n<script type=\"application\/ld+json\" class=\"yoast-schema-graph\">{\"@context\":\"https:\\\/\\\/schema.org\",\"@graph\":[{\"@type\":\"Article\",\"@id\":\"https:\\\/\\\/radioleinewelle.de\\\/index.php\\\/2020\\\/10\\\/15\\\/ndr-umfrage-niedersachsen-haben-wegen-corona-eher-angst-um-wirtschaft-als-um-eigene-gesundheit\\\/#article\",\"isPartOf\":{\"@id\":\"https:\\\/\\\/radioleinewelle.de\\\/index.php\\\/2020\\\/10\\\/15\\\/ndr-umfrage-niedersachsen-haben-wegen-corona-eher-angst-um-wirtschaft-als-um-eigene-gesundheit\\\/\"},\"author\":{\"name\":\"Leinewelle\",\"@id\":\"https:\\\/\\\/radioleinewelle.de\\\/#\\\/schema\\\/person\\\/45606f348637df637192dc1b68399a63\"},\"headline\":\"NDR Umfrage: Niedersachsen haben wegen Corona eher Angst um Wirtschaft als um eigene Gesundheit\",\"datePublished\":\"2020-10-15T03:25:39+00:00\",\"mainEntityOfPage\":{\"@id\":\"https:\\\/\\\/radioleinewelle.de\\\/index.php\\\/2020\\\/10\\\/15\\\/ndr-umfrage-niedersachsen-haben-wegen-corona-eher-angst-um-wirtschaft-als-um-eigene-gesundheit\\\/\"},\"wordCount\":382,\"publisher\":{\"@id\":\"https:\\\/\\\/radioleinewelle.de\\\/#organization\"},\"articleSection\":[\"Aktuelle Nachrichten\"],\"inLanguage\":\"de\"},{\"@type\":\"WebPage\",\"@id\":\"https:\\\/\\\/radioleinewelle.de\\\/index.php\\\/2020\\\/10\\\/15\\\/ndr-umfrage-niedersachsen-haben-wegen-corona-eher-angst-um-wirtschaft-als-um-eigene-gesundheit\\\/\",\"url\":\"https:\\\/\\\/radioleinewelle.de\\\/index.php\\\/2020\\\/10\\\/15\\\/ndr-umfrage-niedersachsen-haben-wegen-corona-eher-angst-um-wirtschaft-als-um-eigene-gesundheit\\\/\",\"name\":\"NDR Umfrage: Niedersachsen haben wegen Corona eher Angst um Wirtschaft als um eigene Gesundheit - Radio Leinewelle\",\"isPartOf\":{\"@id\":\"https:\\\/\\\/radioleinewelle.de\\\/#website\"},\"datePublished\":\"2020-10-15T03:25:39+00:00\",\"breadcrumb\":{\"@id\":\"https:\\\/\\\/radioleinewelle.de\\\/index.php\\\/2020\\\/10\\\/15\\\/ndr-umfrage-niedersachsen-haben-wegen-corona-eher-angst-um-wirtschaft-als-um-eigene-gesundheit\\\/#breadcrumb\"},\"inLanguage\":\"de\",\"potentialAction\":[{\"@type\":\"ReadAction\",\"target\":[\"https:\\\/\\\/radioleinewelle.de\\\/index.php\\\/2020\\\/10\\\/15\\\/ndr-umfrage-niedersachsen-haben-wegen-corona-eher-angst-um-wirtschaft-als-um-eigene-gesundheit\\\/\"]}]},{\"@type\":\"BreadcrumbList\",\"@id\":\"https:\\\/\\\/radioleinewelle.de\\\/index.php\\\/2020\\\/10\\\/15\\\/ndr-umfrage-niedersachsen-haben-wegen-corona-eher-angst-um-wirtschaft-als-um-eigene-gesundheit\\\/#breadcrumb\",\"itemListElement\":[{\"@type\":\"ListItem\",\"position\":1,\"name\":\"Startseite\",\"item\":\"https:\\\/\\\/radioleinewelle.de\\\/\"},{\"@type\":\"ListItem\",\"position\":2,\"name\":\"NDR Umfrage: Niedersachsen haben wegen Corona eher Angst um Wirtschaft als um eigene Gesundheit\"}]},{\"@type\":\"WebSite\",\"@id\":\"https:\\\/\\\/radioleinewelle.de\\\/#website\",\"url\":\"https:\\\/\\\/radioleinewelle.de\\\/\",\"name\":\"Radio Leinewelle\",\"description\":\"\",\"publisher\":{\"@id\":\"https:\\\/\\\/radioleinewelle.de\\\/#organization\"},\"potentialAction\":[{\"@type\":\"SearchAction\",\"target\":{\"@type\":\"EntryPoint\",\"urlTemplate\":\"https:\\\/\\\/radioleinewelle.de\\\/?s={search_term_string}\"},\"query-input\":{\"@type\":\"PropertyValueSpecification\",\"valueRequired\":true,\"valueName\":\"search_term_string\"}}],\"inLanguage\":\"de\"},{\"@type\":\"Organization\",\"@id\":\"https:\\\/\\\/radioleinewelle.de\\\/#organization\",\"name\":\"Radio Leinewelle\",\"alternateName\":\"Mein Radio f\u00fcr S\u00fcdniedersachsen\",\"url\":\"https:\\\/\\\/radioleinewelle.de\\\/\",\"logo\":{\"@type\":\"ImageObject\",\"inLanguage\":\"de\",\"@id\":\"https:\\\/\\\/radioleinewelle.de\\\/#\\\/schema\\\/logo\\\/image\\\/\",\"url\":\"https:\\\/\\\/radioleinewelle.de\\\/wp-content\\\/uploads\\\/2023\\\/11\\\/cropped-Leinewelle_Logo_weiss.png\",\"contentUrl\":\"https:\\\/\\\/radioleinewelle.de\\\/wp-content\\\/uploads\\\/2023\\\/11\\\/cropped-Leinewelle_Logo_weiss.png\",\"width\":854,\"height\":260,\"caption\":\"Radio Leinewelle\"},\"image\":{\"@id\":\"https:\\\/\\\/radioleinewelle.de\\\/#\\\/schema\\\/logo\\\/image\\\/\"},\"sameAs\":[\"https:\\\/\\\/www.facebook.com\\\/radioleinewelle\",\"https:\\\/\\\/x.com\\\/RLeinewelle\",\"https:\\\/\\\/www.instagram.com\\\/radioleinewelle\\\/?hl=de\"]},{\"@type\":\"Person\",\"@id\":\"https:\\\/\\\/radioleinewelle.de\\\/#\\\/schema\\\/person\\\/45606f348637df637192dc1b68399a63\",\"name\":\"Leinewelle\",\"image\":{\"@type\":\"ImageObject\",\"inLanguage\":\"de\",\"@id\":\"https:\\\/\\\/secure.gravatar.com\\\/avatar\\\/05c9a17bc973052ee5d91549bd32fb4dd0dc85b7b85ae94b2e2b4943476bbea5?s=96&d=blank&r=g\",\"url\":\"https:\\\/\\\/secure.gravatar.com\\\/avatar\\\/05c9a17bc973052ee5d91549bd32fb4dd0dc85b7b85ae94b2e2b4943476bbea5?s=96&d=blank&r=g\",\"contentUrl\":\"https:\\\/\\\/secure.gravatar.com\\\/avatar\\\/05c9a17bc973052ee5d91549bd32fb4dd0dc85b7b85ae94b2e2b4943476bbea5?s=96&d=blank&r=g\",\"caption\":\"Leinewelle\"},\"sameAs\":[\"http:\\\/\\\/localhost\\\/radio%20leinewelle\\\/wordpress\",\"https:\\\/\\\/www.facebook.com\\\/radioleinewelle\",\"https:\\\/\\\/www.instagram.com\\\/radioleinewelle\",\"https:\\\/\\\/x.com\\\/https:\\\/\\\/twitter.com\\\/RLeinewelle?ref_src=twsrcgoogletwcampserptwgrauthor\",\"https:\\\/\\\/soundcloud.com\\\/foerderverein-lokalradio?utm_source=clipboard&utm_medium=text&utm_campaign=social_sharing\"],\"url\":\"https:\\\/\\\/radioleinewelle.de\\\/index.php\\\/author\\\/leinewelle\\\/\"}]}<\/script>\n<!-- \/ Yoast SEO plugin. -->","yoast_head_json":{"title":"NDR Umfrage: Niedersachsen haben wegen Corona eher Angst um Wirtschaft als um eigene Gesundheit - Radio Leinewelle","robots":{"index":"index","follow":"follow","max-snippet":"max-snippet:-1","max-image-preview":"max-image-preview:large","max-video-preview":"max-video-preview:-1"},"canonical":"https:\/\/radioleinewelle.de\/index.php\/2020\/10\/15\/ndr-umfrage-niedersachsen-haben-wegen-corona-eher-angst-um-wirtschaft-als-um-eigene-gesundheit\/","og_locale":"de_DE","og_type":"article","og_title":"NDR Umfrage: Niedersachsen haben wegen Corona eher Angst um Wirtschaft als um eigene Gesundheit - Radio Leinewelle","og_description":"Die Niedersachsen sehen durch das Corona-Virus vor allem Gefahren f\u00fcr die Wirtschaft, weniger aber Gefahren f\u00fcr ihre eigene Gesundheit. Das ist das Ergebnis einer repr\u00e4sentativen Umfrage von Infratest dimap im Auftrag des NDR Fernsehmagazins &#8222;Hallo Niedersachsen&#8220;. Danach machen sich 68 Prozent der Befragten gro\u00dfe Sorgen, dass sich die wirtschaftliche Situation in Niedersachsen verschlechtert. Vor einer [&hellip;]","og_url":"https:\/\/radioleinewelle.de\/index.php\/2020\/10\/15\/ndr-umfrage-niedersachsen-haben-wegen-corona-eher-angst-um-wirtschaft-als-um-eigene-gesundheit\/","og_site_name":"Radio Leinewelle","article_publisher":"https:\/\/www.facebook.com\/radioleinewelle","article_author":"https:\/\/www.facebook.com\/radioleinewelle","article_published_time":"2020-10-15T03:25:39+00:00","author":"Leinewelle","twitter_card":"summary_large_image","twitter_creator":"@https:\/\/twitter.com\/RLeinewelle?ref_src=twsrcgoogletwcampserptwgrauthor","twitter_site":"@RLeinewelle","twitter_misc":{"Verfasst von":"Leinewelle","Gesch\u00e4tzte Lesezeit":"2\u00a0Minuten"},"schema":{"@context":"https:\/\/schema.org","@graph":[{"@type":"Article","@id":"https:\/\/radioleinewelle.de\/index.php\/2020\/10\/15\/ndr-umfrage-niedersachsen-haben-wegen-corona-eher-angst-um-wirtschaft-als-um-eigene-gesundheit\/#article","isPartOf":{"@id":"https:\/\/radioleinewelle.de\/index.php\/2020\/10\/15\/ndr-umfrage-niedersachsen-haben-wegen-corona-eher-angst-um-wirtschaft-als-um-eigene-gesundheit\/"},"author":{"name":"Leinewelle","@id":"https:\/\/radioleinewelle.de\/#\/schema\/person\/45606f348637df637192dc1b68399a63"},"headline":"NDR Umfrage: Niedersachsen haben wegen Corona eher Angst um Wirtschaft als um eigene Gesundheit","datePublished":"2020-10-15T03:25:39+00:00","mainEntityOfPage":{"@id":"https:\/\/radioleinewelle.de\/index.php\/2020\/10\/15\/ndr-umfrage-niedersachsen-haben-wegen-corona-eher-angst-um-wirtschaft-als-um-eigene-gesundheit\/"},"wordCount":382,"publisher":{"@id":"https:\/\/radioleinewelle.de\/#organization"},"articleSection":["Aktuelle Nachrichten"],"inLanguage":"de"},{"@type":"WebPage","@id":"https:\/\/radioleinewelle.de\/index.php\/2020\/10\/15\/ndr-umfrage-niedersachsen-haben-wegen-corona-eher-angst-um-wirtschaft-als-um-eigene-gesundheit\/","url":"https:\/\/radioleinewelle.de\/index.php\/2020\/10\/15\/ndr-umfrage-niedersachsen-haben-wegen-corona-eher-angst-um-wirtschaft-als-um-eigene-gesundheit\/","name":"NDR Umfrage: Niedersachsen haben wegen Corona eher Angst um Wirtschaft als um eigene Gesundheit - Radio Leinewelle","isPartOf":{"@id":"https:\/\/radioleinewelle.de\/#website"},"datePublished":"2020-10-15T03:25:39+00:00","breadcrumb":{"@id":"https:\/\/radioleinewelle.de\/index.php\/2020\/10\/15\/ndr-umfrage-niedersachsen-haben-wegen-corona-eher-angst-um-wirtschaft-als-um-eigene-gesundheit\/#breadcrumb"},"inLanguage":"de","potentialAction":[{"@type":"ReadAction","target":["https:\/\/radioleinewelle.de\/index.php\/2020\/10\/15\/ndr-umfrage-niedersachsen-haben-wegen-corona-eher-angst-um-wirtschaft-als-um-eigene-gesundheit\/"]}]},{"@type":"BreadcrumbList","@id":"https:\/\/radioleinewelle.de\/index.php\/2020\/10\/15\/ndr-umfrage-niedersachsen-haben-wegen-corona-eher-angst-um-wirtschaft-als-um-eigene-gesundheit\/#breadcrumb","itemListElement":[{"@type":"ListItem","position":1,"name":"Startseite","item":"https:\/\/radioleinewelle.de\/"},{"@type":"ListItem","position":2,"name":"NDR Umfrage: Niedersachsen haben wegen Corona eher Angst um Wirtschaft als um eigene Gesundheit"}]},{"@type":"WebSite","@id":"https:\/\/radioleinewelle.de\/#website","url":"https:\/\/radioleinewelle.de\/","name":"Radio Leinewelle","description":"","publisher":{"@id":"https:\/\/radioleinewelle.de\/#organization"},"potentialAction":[{"@type":"SearchAction","target":{"@type":"EntryPoint","urlTemplate":"https:\/\/radioleinewelle.de\/?s={search_term_string}"},"query-input":{"@type":"PropertyValueSpecification","valueRequired":true,"valueName":"search_term_string"}}],"inLanguage":"de"},{"@type":"Organization","@id":"https:\/\/radioleinewelle.de\/#organization","name":"Radio Leinewelle","alternateName":"Mein Radio f\u00fcr S\u00fcdniedersachsen","url":"https:\/\/radioleinewelle.de\/","logo":{"@type":"ImageObject","inLanguage":"de","@id":"https:\/\/radioleinewelle.de\/#\/schema\/logo\/image\/","url":"https:\/\/radioleinewelle.de\/wp-content\/uploads\/2023\/11\/cropped-Leinewelle_Logo_weiss.png","contentUrl":"https:\/\/radioleinewelle.de\/wp-content\/uploads\/2023\/11\/cropped-Leinewelle_Logo_weiss.png","width":854,"height":260,"caption":"Radio Leinewelle"},"image":{"@id":"https:\/\/radioleinewelle.de\/#\/schema\/logo\/image\/"},"sameAs":["https:\/\/www.facebook.com\/radioleinewelle","https:\/\/x.com\/RLeinewelle","https:\/\/www.instagram.com\/radioleinewelle\/?hl=de"]},{"@type":"Person","@id":"https:\/\/radioleinewelle.de\/#\/schema\/person\/45606f348637df637192dc1b68399a63","name":"Leinewelle","image":{"@type":"ImageObject","inLanguage":"de","@id":"https:\/\/secure.gravatar.com\/avatar\/05c9a17bc973052ee5d91549bd32fb4dd0dc85b7b85ae94b2e2b4943476bbea5?s=96&d=blank&r=g","url":"https:\/\/secure.gravatar.com\/avatar\/05c9a17bc973052ee5d91549bd32fb4dd0dc85b7b85ae94b2e2b4943476bbea5?s=96&d=blank&r=g","contentUrl":"https:\/\/secure.gravatar.com\/avatar\/05c9a17bc973052ee5d91549bd32fb4dd0dc85b7b85ae94b2e2b4943476bbea5?s=96&d=blank&r=g","caption":"Leinewelle"},"sameAs":["http:\/\/localhost\/radio%20leinewelle\/wordpress","https:\/\/www.facebook.com\/radioleinewelle","https:\/\/www.instagram.com\/radioleinewelle","https:\/\/x.com\/https:\/\/twitter.com\/RLeinewelle?ref_src=twsrcgoogletwcampserptwgrauthor","https:\/\/soundcloud.com\/foerderverein-lokalradio?utm_source=clipboard&utm_medium=text&utm_campaign=social_sharing"],"url":"https:\/\/radioleinewelle.de\/index.php\/author\/leinewelle\/"}]}},"_links":{"self":[{"href":"https:\/\/radioleinewelle.de\/index.php\/wp-json\/wp\/v2\/posts\/2373","targetHints":{"allow":["GET"]}}],"collection":[{"href":"https:\/\/radioleinewelle.de\/index.php\/wp-json\/wp\/v2\/posts"}],"about":[{"href":"https:\/\/radioleinewelle.de\/index.php\/wp-json\/wp\/v2\/types\/post"}],"author":[{"embeddable":true,"href":"https:\/\/radioleinewelle.de\/index.php\/wp-json\/wp\/v2\/users\/1"}],"replies":[{"embeddable":true,"href":"https:\/\/radioleinewelle.de\/index.php\/wp-json\/wp\/v2\/comments?post=2373"}],"version-history":[{"count":0,"href":"https:\/\/radioleinewelle.de\/index.php\/wp-json\/wp\/v2\/posts\/2373\/revisions"}],"wp:attachment":[{"href":"https:\/\/radioleinewelle.de\/index.php\/wp-json\/wp\/v2\/media?parent=2373"}],"wp:term":[{"taxonomy":"category","embeddable":true,"href":"https:\/\/radioleinewelle.de\/index.php\/wp-json\/wp\/v2\/categories?post=2373"},{"taxonomy":"post_tag","embeddable":true,"href":"https:\/\/radioleinewelle.de\/index.php\/wp-json\/wp\/v2\/tags?post=2373"}],"curies":[{"name":"wp","href":"https:\/\/api.w.org\/{rel}","templated":true}]}}