{"id":2378,"date":"2020-10-16T05:20:19","date_gmt":"2020-10-16T03:20:19","guid":{"rendered":"https:\/\/radioleinewelle.de\/?p=2378"},"modified":"2020-10-16T05:20:19","modified_gmt":"2020-10-16T03:20:19","slug":"corona-pandemie-g-ba-ermoeglicht-erneut-telefonische-krankschreibung","status":"publish","type":"post","link":"https:\/\/radioleinewelle.de\/index.php\/2020\/10\/16\/corona-pandemie-g-ba-ermoeglicht-erneut-telefonische-krankschreibung\/","title":{"rendered":"Corona-Pandemie: G-BA erm\u00f6glicht erneut telefonische Krankschreibung"},"content":{"rendered":"<p><span class=\"date\">Berlin, 15. Oktober 2020<\/span> \u2013 Angesichts bundesweit wieder steigender COVID-19-Infektionszahlen kurz vor Beginn der Erk\u00e4ltungs- und Grippesaison hat sich der Gemeinsame Bundesausschuss (G-BA) erneut auf eine Sonderregelung zur telefonischen Krankschreibung verst\u00e4ndigt. Befristet vom 19.\u00a0Oktober 2020 vorerst bis 31.\u00a0Dezember 2020 k\u00f6nnen Patientinnen und Patienten, die an leichten Atemwegserkrankungen leiden, telefonisch bis zu 7\u00a0Kalendertage krankgeschrieben werden. Die niedergelassenen \u00c4rztinnen und \u00c4rzte m\u00fcssen sich dabei pers\u00f6nlich vom Zustand der Patientin oder des Patienten durch eine eingehende telefonische Befragung \u00fcberzeugen. Eine einmalige Verl\u00e4ngerung der Krankschreibung kann telefonisch f\u00fcr weitere 7\u00a0Kalendertage ausgestellt werden.<\/p>\n<p>\u201eWir haben aktuell eine sich beschleunigende Infektionsdynamik mit dem COVID-19-Virus, zeitgleich aber auch vermehrt grippale Infekte. Diese parallele Entwicklung ist besorgniserregend. Wir m\u00fcssen sie unbedingt unterbrechen, ohne dass die Versorgung der Patientinnen und Patienten darunter leidet. Hier brauchen wir eine bundesweite robuste L\u00f6sung, um Vertrauen aufzubauen. Klar ist: Wir erleben eine erschreckende Entwicklung der Neuinfektionen. Wenn wir in dieser ernsten Situation eines nicht brauchen, sind es volle Wartezimmer. Denn allein durch m\u00f6gliche Kontakte auf dem Weg in die Praxis oder beim Warten in geschlossenen R\u00e4umen steigt das Risiko, sich anzustecken. Mit der Krankschreibung per Telefon gibt es f\u00fcr Menschen mit leichten Atemwegserkrankungen eine gute Alternative zum Praxisbesuch. Die Erfahrungen aus dem Fr\u00fchjahr mit der Krankschreibung per Telefon haben gezeigt, wie umsichtig Versicherte damit umgehen. Von der r\u00e4umlichen Trennung der F\u00e4lle werden vor allem auch viele \u00e4ltere und multimorbide Risikopatienten ohne Atemwegsprobleme profitieren: Ihnen wollen wir die Angst nehmen. Sie k\u00f6nnen notwendige Arztbesuche und Behandlungen trotz eines aktiven Pandemiegeschehens nutzen, ohne sich einer erh\u00f6hten Ansteckungsgefahr auszusetzen oder Krankheiten zu verschleppen. Und diesen \u00e4lteren und kranken Risikopatientinnen und Risikopatienten k\u00f6nnen wir nicht zumuten, t\u00e4glich die 7-Tage-Inzidenz zu \u00fcberpr\u00fcfen, um eine Entscheidung \u00fcber einen Arztbesuch zu treffen. Hier w\u00fcrden regional unterschiedliche Regelungen nur Verunsicherung schaffen. Als Verantwortliche in der Gesundheitsversorgung m\u00fcssen wir uns daran messen lassen, wie wir jene Menschen sch\u00fctzen, die besonders hilfebed\u00fcrftig sind. Das muss der Gradmesser unseres Handelns sein, nat\u00fcrlich auch in der Pandemie\u201c, erl\u00e4utert Prof. Josef Hecken, unparteiischer Vorsitzender des G-BA. \u201eDurch die zeitlich befristete Regelung, erst einmal bis zum Jahresende, ber\u00fccksichtigen wir zudem die dynamische Entwicklung der Pandemie. Der G-BA wird rechtzeitig vor dem Auslaufen \u00fcber eine Anpassung der zeitlichen Befristung beraten. Wie schnell Entscheidungen im Pandemiefall \u00fcberholt sein k\u00f6nnen und angepasst werden m\u00fcssen, haben wir alle in diesem Jahr gelernt.\u201c<\/p>\n<p>Unabh\u00e4ngig von der Ausnahmeregelung zur telefonischen Krankschreibung sollten Versicherte bei typischen COVID-19-Symptomen, nach Kontakt zu COVID-19-Patienten und bei unklaren Symptomen von Infektionen der oberen Atemwege vor dem Arztbesuch telefonisch Kontakt zur Praxis aufnehmen und das weitere Vorgehen besprechen.<\/p>\n<p>Der Beschluss zur bundesweiten Sonderregelung der Feststellung der Arbeitsunf\u00e4higkeit tritt nach Nichtbeanstandung durch das Bundesministerium f\u00fcr Gesundheit und Ver\u00f6ffentlichung im Bundesanzeiger mit Wirkung vom 19.\u00a0Oktober in Kraft.<\/p>\n<p>S\u00e4mtliche vom G-BA beschlossenen befristeten Sonderregelungen im Zusammenhang mit der COVID-19-Pandemie sind auf der Website des G-BA unter folgendem Link zu finden: <a href=\"https:\/\/www.g-ba.de\/service\/sonderregelungen-corona\/\">www.g-ba.de\/sonderregelungen-corona<\/a><\/p>\n<div class=\"gba-download--big gba-download--fett margin-top-twothirds\"><\/div>\n","protected":false},"excerpt":{"rendered":"<p>Berlin, 15. Oktober 2020 \u2013 Angesichts bundesweit wieder steigender COVID-19-Infektionszahlen kurz vor Beginn der Erk\u00e4ltungs- und Grippesaison hat sich der Gemeinsame Bundesausschuss (G-BA) erneut auf eine Sonderregelung zur telefonischen Krankschreibung verst\u00e4ndigt. Befristet vom 19.\u00a0Oktober 2020 vorerst bis 31.\u00a0Dezember 2020 k\u00f6nnen Patientinnen und Patienten, die an leichten Atemwegserkrankungen leiden, telefonisch bis zu 7\u00a0Kalendertage krankgeschrieben werden. Die [&hellip;]<\/p>\n","protected":false},"author":1,"featured_media":2380,"comment_status":"closed","ping_status":"closed","sticky":false,"template":"","format":"standard","meta":{"saved_in_kubio":false,"footnotes":""},"categories":[40],"tags":[],"class_list":["post-2378","post","type-post","status-publish","format-standard","has-post-thumbnail","hentry","category-gesundheit"],"yoast_head":"<!-- This site is optimized with the Yoast SEO plugin v27.5 - https:\/\/yoast.com\/product\/yoast-seo-wordpress\/ -->\n<title>Corona-Pandemie: G-BA erm\u00f6glicht erneut telefonische Krankschreibung - Radio Leinewelle<\/title>\n<meta name=\"robots\" content=\"index, follow, max-snippet:-1, max-image-preview:large, max-video-preview:-1\" \/>\n<link rel=\"canonical\" href=\"https:\/\/radioleinewelle.de\/index.php\/2020\/10\/16\/corona-pandemie-g-ba-ermoeglicht-erneut-telefonische-krankschreibung\/\" \/>\n<meta property=\"og:locale\" content=\"de_DE\" \/>\n<meta property=\"og:type\" content=\"article\" \/>\n<meta property=\"og:title\" content=\"Corona-Pandemie: G-BA erm\u00f6glicht erneut telefonische Krankschreibung - Radio Leinewelle\" \/>\n<meta property=\"og:description\" content=\"Berlin, 15. Oktober 2020 \u2013 Angesichts bundesweit wieder steigender COVID-19-Infektionszahlen kurz vor Beginn der Erk\u00e4ltungs- und Grippesaison hat sich der Gemeinsame Bundesausschuss (G-BA) erneut auf eine Sonderregelung zur telefonischen Krankschreibung verst\u00e4ndigt. Befristet vom 19.\u00a0Oktober 2020 vorerst bis 31.\u00a0Dezember 2020 k\u00f6nnen Patientinnen und Patienten, die an leichten Atemwegserkrankungen leiden, telefonisch bis zu 7\u00a0Kalendertage krankgeschrieben werden. Die [&hellip;]\" \/>\n<meta property=\"og:url\" content=\"https:\/\/radioleinewelle.de\/index.php\/2020\/10\/16\/corona-pandemie-g-ba-ermoeglicht-erneut-telefonische-krankschreibung\/\" \/>\n<meta property=\"og:site_name\" content=\"Radio Leinewelle\" \/>\n<meta property=\"article:publisher\" content=\"https:\/\/www.facebook.com\/radioleinewelle\" \/>\n<meta property=\"article:author\" content=\"https:\/\/www.facebook.com\/radioleinewelle\" \/>\n<meta property=\"article:published_time\" content=\"2020-10-16T03:20:19+00:00\" \/>\n<meta property=\"og:image\" content=\"https:\/\/radioleinewelle.de\/wp-content\/uploads\/2020\/10\/Arbeitsunfaehigkeitsbescheinigung-e1602785971627.jpg\" \/>\n\t<meta property=\"og:image:width\" content=\"600\" \/>\n\t<meta property=\"og:image:height\" content=\"370\" \/>\n\t<meta property=\"og:image:type\" content=\"image\/jpeg\" \/>\n<meta name=\"author\" content=\"Leinewelle\" \/>\n<meta name=\"twitter:card\" content=\"summary_large_image\" \/>\n<meta name=\"twitter:creator\" content=\"@https:\/\/twitter.com\/RLeinewelle?ref_src=twsrcgoogletwcampserptwgrauthor\" \/>\n<meta name=\"twitter:site\" content=\"@RLeinewelle\" \/>\n<meta name=\"twitter:label1\" content=\"Verfasst von\" \/>\n\t<meta name=\"twitter:data1\" content=\"Leinewelle\" \/>\n\t<meta name=\"twitter:label2\" content=\"Gesch\u00e4tzte Lesezeit\" \/>\n\t<meta name=\"twitter:data2\" content=\"3\u00a0Minuten\" \/>\n<script type=\"application\/ld+json\" class=\"yoast-schema-graph\">{\"@context\":\"https:\\\/\\\/schema.org\",\"@graph\":[{\"@type\":\"Article\",\"@id\":\"https:\\\/\\\/radioleinewelle.de\\\/index.php\\\/2020\\\/10\\\/16\\\/corona-pandemie-g-ba-ermoeglicht-erneut-telefonische-krankschreibung\\\/#article\",\"isPartOf\":{\"@id\":\"https:\\\/\\\/radioleinewelle.de\\\/index.php\\\/2020\\\/10\\\/16\\\/corona-pandemie-g-ba-ermoeglicht-erneut-telefonische-krankschreibung\\\/\"},\"author\":{\"name\":\"Leinewelle\",\"@id\":\"https:\\\/\\\/radioleinewelle.de\\\/#\\\/schema\\\/person\\\/45606f348637df637192dc1b68399a63\"},\"headline\":\"Corona-Pandemie: G-BA erm\u00f6glicht erneut telefonische Krankschreibung\",\"datePublished\":\"2020-10-16T03:20:19+00:00\",\"mainEntityOfPage\":{\"@id\":\"https:\\\/\\\/radioleinewelle.de\\\/index.php\\\/2020\\\/10\\\/16\\\/corona-pandemie-g-ba-ermoeglicht-erneut-telefonische-krankschreibung\\\/\"},\"wordCount\":513,\"publisher\":{\"@id\":\"https:\\\/\\\/radioleinewelle.de\\\/#organization\"},\"image\":{\"@id\":\"https:\\\/\\\/radioleinewelle.de\\\/index.php\\\/2020\\\/10\\\/16\\\/corona-pandemie-g-ba-ermoeglicht-erneut-telefonische-krankschreibung\\\/#primaryimage\"},\"thumbnailUrl\":\"https:\\\/\\\/radioleinewelle.de\\\/wp-content\\\/uploads\\\/2020\\\/10\\\/Arbeitsunfaehigkeitsbescheinigung-e1602785971627.jpg\",\"articleSection\":[\"Gesundheit\"],\"inLanguage\":\"de\"},{\"@type\":\"WebPage\",\"@id\":\"https:\\\/\\\/radioleinewelle.de\\\/index.php\\\/2020\\\/10\\\/16\\\/corona-pandemie-g-ba-ermoeglicht-erneut-telefonische-krankschreibung\\\/\",\"url\":\"https:\\\/\\\/radioleinewelle.de\\\/index.php\\\/2020\\\/10\\\/16\\\/corona-pandemie-g-ba-ermoeglicht-erneut-telefonische-krankschreibung\\\/\",\"name\":\"Corona-Pandemie: G-BA erm\u00f6glicht erneut telefonische Krankschreibung - Radio Leinewelle\",\"isPartOf\":{\"@id\":\"https:\\\/\\\/radioleinewelle.de\\\/#website\"},\"primaryImageOfPage\":{\"@id\":\"https:\\\/\\\/radioleinewelle.de\\\/index.php\\\/2020\\\/10\\\/16\\\/corona-pandemie-g-ba-ermoeglicht-erneut-telefonische-krankschreibung\\\/#primaryimage\"},\"image\":{\"@id\":\"https:\\\/\\\/radioleinewelle.de\\\/index.php\\\/2020\\\/10\\\/16\\\/corona-pandemie-g-ba-ermoeglicht-erneut-telefonische-krankschreibung\\\/#primaryimage\"},\"thumbnailUrl\":\"https:\\\/\\\/radioleinewelle.de\\\/wp-content\\\/uploads\\\/2020\\\/10\\\/Arbeitsunfaehigkeitsbescheinigung-e1602785971627.jpg\",\"datePublished\":\"2020-10-16T03:20:19+00:00\",\"breadcrumb\":{\"@id\":\"https:\\\/\\\/radioleinewelle.de\\\/index.php\\\/2020\\\/10\\\/16\\\/corona-pandemie-g-ba-ermoeglicht-erneut-telefonische-krankschreibung\\\/#breadcrumb\"},\"inLanguage\":\"de\",\"potentialAction\":[{\"@type\":\"ReadAction\",\"target\":[\"https:\\\/\\\/radioleinewelle.de\\\/index.php\\\/2020\\\/10\\\/16\\\/corona-pandemie-g-ba-ermoeglicht-erneut-telefonische-krankschreibung\\\/\"]}]},{\"@type\":\"ImageObject\",\"inLanguage\":\"de\",\"@id\":\"https:\\\/\\\/radioleinewelle.de\\\/index.php\\\/2020\\\/10\\\/16\\\/corona-pandemie-g-ba-ermoeglicht-erneut-telefonische-krankschreibung\\\/#primaryimage\",\"url\":\"https:\\\/\\\/radioleinewelle.de\\\/wp-content\\\/uploads\\\/2020\\\/10\\\/Arbeitsunfaehigkeitsbescheinigung-e1602785971627.jpg\",\"contentUrl\":\"https:\\\/\\\/radioleinewelle.de\\\/wp-content\\\/uploads\\\/2020\\\/10\\\/Arbeitsunfaehigkeitsbescheinigung-e1602785971627.jpg\",\"width\":600,\"height\":370},{\"@type\":\"BreadcrumbList\",\"@id\":\"https:\\\/\\\/radioleinewelle.de\\\/index.php\\\/2020\\\/10\\\/16\\\/corona-pandemie-g-ba-ermoeglicht-erneut-telefonische-krankschreibung\\\/#breadcrumb\",\"itemListElement\":[{\"@type\":\"ListItem\",\"position\":1,\"name\":\"Startseite\",\"item\":\"https:\\\/\\\/radioleinewelle.de\\\/\"},{\"@type\":\"ListItem\",\"position\":2,\"name\":\"Corona-Pandemie: G-BA erm\u00f6glicht erneut telefonische Krankschreibung\"}]},{\"@type\":\"WebSite\",\"@id\":\"https:\\\/\\\/radioleinewelle.de\\\/#website\",\"url\":\"https:\\\/\\\/radioleinewelle.de\\\/\",\"name\":\"Radio Leinewelle\",\"description\":\"\",\"publisher\":{\"@id\":\"https:\\\/\\\/radioleinewelle.de\\\/#organization\"},\"potentialAction\":[{\"@type\":\"SearchAction\",\"target\":{\"@type\":\"EntryPoint\",\"urlTemplate\":\"https:\\\/\\\/radioleinewelle.de\\\/?s={search_term_string}\"},\"query-input\":{\"@type\":\"PropertyValueSpecification\",\"valueRequired\":true,\"valueName\":\"search_term_string\"}}],\"inLanguage\":\"de\"},{\"@type\":\"Organization\",\"@id\":\"https:\\\/\\\/radioleinewelle.de\\\/#organization\",\"name\":\"Radio Leinewelle\",\"alternateName\":\"Mein Radio f\u00fcr S\u00fcdniedersachsen\",\"url\":\"https:\\\/\\\/radioleinewelle.de\\\/\",\"logo\":{\"@type\":\"ImageObject\",\"inLanguage\":\"de\",\"@id\":\"https:\\\/\\\/radioleinewelle.de\\\/#\\\/schema\\\/logo\\\/image\\\/\",\"url\":\"https:\\\/\\\/radioleinewelle.de\\\/wp-content\\\/uploads\\\/2023\\\/11\\\/cropped-Leinewelle_Logo_weiss.png\",\"contentUrl\":\"https:\\\/\\\/radioleinewelle.de\\\/wp-content\\\/uploads\\\/2023\\\/11\\\/cropped-Leinewelle_Logo_weiss.png\",\"width\":854,\"height\":260,\"caption\":\"Radio Leinewelle\"},\"image\":{\"@id\":\"https:\\\/\\\/radioleinewelle.de\\\/#\\\/schema\\\/logo\\\/image\\\/\"},\"sameAs\":[\"https:\\\/\\\/www.facebook.com\\\/radioleinewelle\",\"https:\\\/\\\/x.com\\\/RLeinewelle\",\"https:\\\/\\\/www.instagram.com\\\/radioleinewelle\\\/?hl=de\"]},{\"@type\":\"Person\",\"@id\":\"https:\\\/\\\/radioleinewelle.de\\\/#\\\/schema\\\/person\\\/45606f348637df637192dc1b68399a63\",\"name\":\"Leinewelle\",\"image\":{\"@type\":\"ImageObject\",\"inLanguage\":\"de\",\"@id\":\"https:\\\/\\\/secure.gravatar.com\\\/avatar\\\/05c9a17bc973052ee5d91549bd32fb4dd0dc85b7b85ae94b2e2b4943476bbea5?s=96&d=blank&r=g\",\"url\":\"https:\\\/\\\/secure.gravatar.com\\\/avatar\\\/05c9a17bc973052ee5d91549bd32fb4dd0dc85b7b85ae94b2e2b4943476bbea5?s=96&d=blank&r=g\",\"contentUrl\":\"https:\\\/\\\/secure.gravatar.com\\\/avatar\\\/05c9a17bc973052ee5d91549bd32fb4dd0dc85b7b85ae94b2e2b4943476bbea5?s=96&d=blank&r=g\",\"caption\":\"Leinewelle\"},\"sameAs\":[\"http:\\\/\\\/localhost\\\/radio%20leinewelle\\\/wordpress\",\"https:\\\/\\\/www.facebook.com\\\/radioleinewelle\",\"https:\\\/\\\/www.instagram.com\\\/radioleinewelle\",\"https:\\\/\\\/x.com\\\/https:\\\/\\\/twitter.com\\\/RLeinewelle?ref_src=twsrcgoogletwcampserptwgrauthor\",\"https:\\\/\\\/soundcloud.com\\\/foerderverein-lokalradio?utm_source=clipboard&utm_medium=text&utm_campaign=social_sharing\"],\"url\":\"https:\\\/\\\/radioleinewelle.de\\\/index.php\\\/author\\\/leinewelle\\\/\"}]}<\/script>\n<!-- \/ Yoast SEO plugin. -->","yoast_head_json":{"title":"Corona-Pandemie: G-BA erm\u00f6glicht erneut telefonische Krankschreibung - Radio Leinewelle","robots":{"index":"index","follow":"follow","max-snippet":"max-snippet:-1","max-image-preview":"max-image-preview:large","max-video-preview":"max-video-preview:-1"},"canonical":"https:\/\/radioleinewelle.de\/index.php\/2020\/10\/16\/corona-pandemie-g-ba-ermoeglicht-erneut-telefonische-krankschreibung\/","og_locale":"de_DE","og_type":"article","og_title":"Corona-Pandemie: G-BA erm\u00f6glicht erneut telefonische Krankschreibung - Radio Leinewelle","og_description":"Berlin, 15. Oktober 2020 \u2013 Angesichts bundesweit wieder steigender COVID-19-Infektionszahlen kurz vor Beginn der Erk\u00e4ltungs- und Grippesaison hat sich der Gemeinsame Bundesausschuss (G-BA) erneut auf eine Sonderregelung zur telefonischen Krankschreibung verst\u00e4ndigt. Befristet vom 19.\u00a0Oktober 2020 vorerst bis 31.\u00a0Dezember 2020 k\u00f6nnen Patientinnen und Patienten, die an leichten Atemwegserkrankungen leiden, telefonisch bis zu 7\u00a0Kalendertage krankgeschrieben werden. Die [&hellip;]","og_url":"https:\/\/radioleinewelle.de\/index.php\/2020\/10\/16\/corona-pandemie-g-ba-ermoeglicht-erneut-telefonische-krankschreibung\/","og_site_name":"Radio Leinewelle","article_publisher":"https:\/\/www.facebook.com\/radioleinewelle","article_author":"https:\/\/www.facebook.com\/radioleinewelle","article_published_time":"2020-10-16T03:20:19+00:00","og_image":[{"width":600,"height":370,"url":"https:\/\/radioleinewelle.de\/wp-content\/uploads\/2020\/10\/Arbeitsunfaehigkeitsbescheinigung-e1602785971627.jpg","type":"image\/jpeg"}],"author":"Leinewelle","twitter_card":"summary_large_image","twitter_creator":"@https:\/\/twitter.com\/RLeinewelle?ref_src=twsrcgoogletwcampserptwgrauthor","twitter_site":"@RLeinewelle","twitter_misc":{"Verfasst von":"Leinewelle","Gesch\u00e4tzte Lesezeit":"3\u00a0Minuten"},"schema":{"@context":"https:\/\/schema.org","@graph":[{"@type":"Article","@id":"https:\/\/radioleinewelle.de\/index.php\/2020\/10\/16\/corona-pandemie-g-ba-ermoeglicht-erneut-telefonische-krankschreibung\/#article","isPartOf":{"@id":"https:\/\/radioleinewelle.de\/index.php\/2020\/10\/16\/corona-pandemie-g-ba-ermoeglicht-erneut-telefonische-krankschreibung\/"},"author":{"name":"Leinewelle","@id":"https:\/\/radioleinewelle.de\/#\/schema\/person\/45606f348637df637192dc1b68399a63"},"headline":"Corona-Pandemie: G-BA erm\u00f6glicht erneut telefonische Krankschreibung","datePublished":"2020-10-16T03:20:19+00:00","mainEntityOfPage":{"@id":"https:\/\/radioleinewelle.de\/index.php\/2020\/10\/16\/corona-pandemie-g-ba-ermoeglicht-erneut-telefonische-krankschreibung\/"},"wordCount":513,"publisher":{"@id":"https:\/\/radioleinewelle.de\/#organization"},"image":{"@id":"https:\/\/radioleinewelle.de\/index.php\/2020\/10\/16\/corona-pandemie-g-ba-ermoeglicht-erneut-telefonische-krankschreibung\/#primaryimage"},"thumbnailUrl":"https:\/\/radioleinewelle.de\/wp-content\/uploads\/2020\/10\/Arbeitsunfaehigkeitsbescheinigung-e1602785971627.jpg","articleSection":["Gesundheit"],"inLanguage":"de"},{"@type":"WebPage","@id":"https:\/\/radioleinewelle.de\/index.php\/2020\/10\/16\/corona-pandemie-g-ba-ermoeglicht-erneut-telefonische-krankschreibung\/","url":"https:\/\/radioleinewelle.de\/index.php\/2020\/10\/16\/corona-pandemie-g-ba-ermoeglicht-erneut-telefonische-krankschreibung\/","name":"Corona-Pandemie: G-BA erm\u00f6glicht erneut telefonische Krankschreibung - Radio Leinewelle","isPartOf":{"@id":"https:\/\/radioleinewelle.de\/#website"},"primaryImageOfPage":{"@id":"https:\/\/radioleinewelle.de\/index.php\/2020\/10\/16\/corona-pandemie-g-ba-ermoeglicht-erneut-telefonische-krankschreibung\/#primaryimage"},"image":{"@id":"https:\/\/radioleinewelle.de\/index.php\/2020\/10\/16\/corona-pandemie-g-ba-ermoeglicht-erneut-telefonische-krankschreibung\/#primaryimage"},"thumbnailUrl":"https:\/\/radioleinewelle.de\/wp-content\/uploads\/2020\/10\/Arbeitsunfaehigkeitsbescheinigung-e1602785971627.jpg","datePublished":"2020-10-16T03:20:19+00:00","breadcrumb":{"@id":"https:\/\/radioleinewelle.de\/index.php\/2020\/10\/16\/corona-pandemie-g-ba-ermoeglicht-erneut-telefonische-krankschreibung\/#breadcrumb"},"inLanguage":"de","potentialAction":[{"@type":"ReadAction","target":["https:\/\/radioleinewelle.de\/index.php\/2020\/10\/16\/corona-pandemie-g-ba-ermoeglicht-erneut-telefonische-krankschreibung\/"]}]},{"@type":"ImageObject","inLanguage":"de","@id":"https:\/\/radioleinewelle.de\/index.php\/2020\/10\/16\/corona-pandemie-g-ba-ermoeglicht-erneut-telefonische-krankschreibung\/#primaryimage","url":"https:\/\/radioleinewelle.de\/wp-content\/uploads\/2020\/10\/Arbeitsunfaehigkeitsbescheinigung-e1602785971627.jpg","contentUrl":"https:\/\/radioleinewelle.de\/wp-content\/uploads\/2020\/10\/Arbeitsunfaehigkeitsbescheinigung-e1602785971627.jpg","width":600,"height":370},{"@type":"BreadcrumbList","@id":"https:\/\/radioleinewelle.de\/index.php\/2020\/10\/16\/corona-pandemie-g-ba-ermoeglicht-erneut-telefonische-krankschreibung\/#breadcrumb","itemListElement":[{"@type":"ListItem","position":1,"name":"Startseite","item":"https:\/\/radioleinewelle.de\/"},{"@type":"ListItem","position":2,"name":"Corona-Pandemie: G-BA erm\u00f6glicht erneut telefonische Krankschreibung"}]},{"@type":"WebSite","@id":"https:\/\/radioleinewelle.de\/#website","url":"https:\/\/radioleinewelle.de\/","name":"Radio Leinewelle","description":"","publisher":{"@id":"https:\/\/radioleinewelle.de\/#organization"},"potentialAction":[{"@type":"SearchAction","target":{"@type":"EntryPoint","urlTemplate":"https:\/\/radioleinewelle.de\/?s={search_term_string}"},"query-input":{"@type":"PropertyValueSpecification","valueRequired":true,"valueName":"search_term_string"}}],"inLanguage":"de"},{"@type":"Organization","@id":"https:\/\/radioleinewelle.de\/#organization","name":"Radio Leinewelle","alternateName":"Mein Radio f\u00fcr S\u00fcdniedersachsen","url":"https:\/\/radioleinewelle.de\/","logo":{"@type":"ImageObject","inLanguage":"de","@id":"https:\/\/radioleinewelle.de\/#\/schema\/logo\/image\/","url":"https:\/\/radioleinewelle.de\/wp-content\/uploads\/2023\/11\/cropped-Leinewelle_Logo_weiss.png","contentUrl":"https:\/\/radioleinewelle.de\/wp-content\/uploads\/2023\/11\/cropped-Leinewelle_Logo_weiss.png","width":854,"height":260,"caption":"Radio Leinewelle"},"image":{"@id":"https:\/\/radioleinewelle.de\/#\/schema\/logo\/image\/"},"sameAs":["https:\/\/www.facebook.com\/radioleinewelle","https:\/\/x.com\/RLeinewelle","https:\/\/www.instagram.com\/radioleinewelle\/?hl=de"]},{"@type":"Person","@id":"https:\/\/radioleinewelle.de\/#\/schema\/person\/45606f348637df637192dc1b68399a63","name":"Leinewelle","image":{"@type":"ImageObject","inLanguage":"de","@id":"https:\/\/secure.gravatar.com\/avatar\/05c9a17bc973052ee5d91549bd32fb4dd0dc85b7b85ae94b2e2b4943476bbea5?s=96&d=blank&r=g","url":"https:\/\/secure.gravatar.com\/avatar\/05c9a17bc973052ee5d91549bd32fb4dd0dc85b7b85ae94b2e2b4943476bbea5?s=96&d=blank&r=g","contentUrl":"https:\/\/secure.gravatar.com\/avatar\/05c9a17bc973052ee5d91549bd32fb4dd0dc85b7b85ae94b2e2b4943476bbea5?s=96&d=blank&r=g","caption":"Leinewelle"},"sameAs":["http:\/\/localhost\/radio%20leinewelle\/wordpress","https:\/\/www.facebook.com\/radioleinewelle","https:\/\/www.instagram.com\/radioleinewelle","https:\/\/x.com\/https:\/\/twitter.com\/RLeinewelle?ref_src=twsrcgoogletwcampserptwgrauthor","https:\/\/soundcloud.com\/foerderverein-lokalradio?utm_source=clipboard&utm_medium=text&utm_campaign=social_sharing"],"url":"https:\/\/radioleinewelle.de\/index.php\/author\/leinewelle\/"}]}},"_links":{"self":[{"href":"https:\/\/radioleinewelle.de\/index.php\/wp-json\/wp\/v2\/posts\/2378","targetHints":{"allow":["GET"]}}],"collection":[{"href":"https:\/\/radioleinewelle.de\/index.php\/wp-json\/wp\/v2\/posts"}],"about":[{"href":"https:\/\/radioleinewelle.de\/index.php\/wp-json\/wp\/v2\/types\/post"}],"author":[{"embeddable":true,"href":"https:\/\/radioleinewelle.de\/index.php\/wp-json\/wp\/v2\/users\/1"}],"replies":[{"embeddable":true,"href":"https:\/\/radioleinewelle.de\/index.php\/wp-json\/wp\/v2\/comments?post=2378"}],"version-history":[{"count":0,"href":"https:\/\/radioleinewelle.de\/index.php\/wp-json\/wp\/v2\/posts\/2378\/revisions"}],"wp:featuredmedia":[{"embeddable":true,"href":"https:\/\/radioleinewelle.de\/index.php\/wp-json\/wp\/v2\/media\/2380"}],"wp:attachment":[{"href":"https:\/\/radioleinewelle.de\/index.php\/wp-json\/wp\/v2\/media?parent=2378"}],"wp:term":[{"taxonomy":"category","embeddable":true,"href":"https:\/\/radioleinewelle.de\/index.php\/wp-json\/wp\/v2\/categories?post=2378"},{"taxonomy":"post_tag","embeddable":true,"href":"https:\/\/radioleinewelle.de\/index.php\/wp-json\/wp\/v2\/tags?post=2378"}],"curies":[{"name":"wp","href":"https:\/\/api.w.org\/{rel}","templated":true}]}}