{"id":2381,"date":"2020-10-16T05:31:34","date_gmt":"2020-10-16T03:31:34","guid":{"rendered":"https:\/\/radioleinewelle.de\/?p=2381"},"modified":"2020-10-16T05:31:34","modified_gmt":"2020-10-16T03:31:34","slug":"goettingen-bader-aerzte-hospitaeler-stadtrundgang-zur-geschichte-der-medizin","status":"publish","type":"post","link":"https:\/\/radioleinewelle.de\/index.php\/2020\/10\/16\/goettingen-bader-aerzte-hospitaeler-stadtrundgang-zur-geschichte-der-medizin\/","title":{"rendered":"G\u00f6ttingen: Bader, \u00c4rzte Hospit\u00e4ler: Stadtrundgang zur Geschichte der Medizin"},"content":{"rendered":"<p><span class=\"b\">Unter dem Motto &#8222;Bader, \u00c4rzte, Hospit\u00e4ler&#8220; steht ein medizinhistorischer Rundgang, den die Tourist-Information G\u00f6ttingen im Rahmen ihrer \u00f6ffentlichen Themenf\u00fchrungen am Sonnabend, 17. Oktober 2020, veranstaltet.<\/span><\/p>\n<p>Bereits im Mittelalter gab es in G\u00f6ttingen \u00c4rzte und Hospit\u00e4ler, doch erst mit der Gr\u00fcndung der Universit\u00e4t im Jahre 1734 wurden im Erforschen und Erproben neuer Heilmethoden gro\u00dfe Fortschritte gemacht. Diese Themenf\u00fchrung ber\u00fchrt zahlreiche Stationen der Medizingeschichte in G\u00f6ttingen. Dar\u00fcber hinaus werden bedeutende Pers\u00f6nlichkeiten und ihr Wirken zum Wohle der Menschheit vorgestellt.<br \/>\n<span class=\"b\">Die zweist\u00fcndige F\u00fchrung startet am Sonnabend, 17. Oktober <\/span>2020, um 14 Uhr vor der Tourist-Information am Alten Rathaus.\u00a0Die Teilnehmerzahl ist begrenzt. Tickets k\u00f6nnen zum Preis von 9,00 Euro pro Person ausschlie\u00dflich in der Tourist-Information am Alten Rathaus erworben oder unter der Tickethotline (05 51) 4 99 80-31 vorbestellt werden. F\u00fcr die Teilnahme gelten die Vorgaben der allgemeinen Verordnung des Landes Niedersachsen zum Schutz vor Neuinfektionen mit dem Coronavirus. Das bedeutet, dass die Teilnehmenden w\u00e4hrend des Stadtrundgangs eine Mund-Nasen-Bedeckung tragen sowie zu Personen aus einem fremden Haushalt mindestens 1,5 Meter Abstand halten m\u00fcssen.<\/p>\n<p>Auf dem <a class=\"uri-ext outbound event-trigger\" href=\"https:\/\/www.instagram.com\/meingoettingen\/\" target=\"_blank\" data-category=\"story-outlink\" data-label=\"4732375\" data-action=\"click\" data-callback=\"link\" rel=\"noopener\">Instagram-Profil<\/a> \u201eMein G\u00f6ttingen\u201c sowie auf der gleichnamigen<a class=\"uri-ext outbound event-trigger\" href=\"https:\/\/www.facebook.com\/meingoettingen\" target=\"_blank\" data-category=\"story-outlink\" data-label=\"4732375\" data-action=\"click\" data-callback=\"link\" rel=\"noopener\"> Facebook-Seite<\/a> informiert G\u00f6ttingen Tourismus regelm\u00e4\u00dfig \u00fcber weitere Stadtf\u00fchrungen und Veranstaltungen.<\/p>\n<p>&#8212;&#8212;&#8212;&#8212;&#8212;&#8212;&#8212;&#8212;&#8212;&#8212;&#8212;&#8212;&#8212;&#8212;&#8212;&#8212;&#8212;&#8212;&#8212;&#8212;&#8212;&#8212;&#8212;&#8212;&#8212;&#8212;&#8212;&#8212;&#8212;&#8212;&#8212;<br \/>\nDiese Themenf\u00fchrung ber\u00fchrt zahlreiche Stationen der Medizingeschichte in G\u00f6ttingen. Dar\u00fcber hinaus werden bedeutende Pers\u00f6nlichkeiten und ihr Wirken zum Wohle der Menschheit vorgestellt. Auf dem Foto: Das Rohns&#8217;sche Badehaus \u00a9StadtG\u00f6ttingen<\/p>\n","protected":false},"excerpt":{"rendered":"<p>Unter dem Motto &#8222;Bader, \u00c4rzte, Hospit\u00e4ler&#8220; steht ein medizinhistorischer Rundgang, den die Tourist-Information G\u00f6ttingen im Rahmen ihrer \u00f6ffentlichen Themenf\u00fchrungen am Sonnabend, 17. Oktober 2020, veranstaltet. Bereits im Mittelalter gab es in G\u00f6ttingen \u00c4rzte und Hospit\u00e4ler, doch erst mit der Gr\u00fcndung der Universit\u00e4t im Jahre 1734 wurden im Erforschen und Erproben neuer Heilmethoden gro\u00dfe Fortschritte gemacht. [&hellip;]<\/p>\n","protected":false},"author":1,"featured_media":0,"comment_status":"closed","ping_status":"closed","sticky":false,"template":"","format":"standard","meta":{"saved_in_kubio":false,"footnotes":""},"categories":[42],"tags":[],"class_list":["post-2381","post","type-post","status-publish","format-standard","hentry","category-regionaler-tourismus"],"yoast_head":"<!-- This site is optimized with the Yoast SEO plugin v27.5 - https:\/\/yoast.com\/product\/yoast-seo-wordpress\/ -->\n<title>G\u00f6ttingen: Bader, \u00c4rzte Hospit\u00e4ler: Stadtrundgang zur Geschichte der Medizin - Radio Leinewelle<\/title>\n<meta name=\"robots\" content=\"index, follow, max-snippet:-1, max-image-preview:large, max-video-preview:-1\" \/>\n<link rel=\"canonical\" href=\"https:\/\/radioleinewelle.de\/index.php\/2020\/10\/16\/goettingen-bader-aerzte-hospitaeler-stadtrundgang-zur-geschichte-der-medizin\/\" \/>\n<meta property=\"og:locale\" content=\"de_DE\" \/>\n<meta property=\"og:type\" content=\"article\" \/>\n<meta property=\"og:title\" content=\"G\u00f6ttingen: Bader, \u00c4rzte Hospit\u00e4ler: Stadtrundgang zur Geschichte der Medizin - Radio Leinewelle\" \/>\n<meta property=\"og:description\" content=\"Unter dem Motto &#8222;Bader, \u00c4rzte, Hospit\u00e4ler&#8220; steht ein medizinhistorischer Rundgang, den die Tourist-Information G\u00f6ttingen im Rahmen ihrer \u00f6ffentlichen Themenf\u00fchrungen am Sonnabend, 17. Oktober 2020, veranstaltet. Bereits im Mittelalter gab es in G\u00f6ttingen \u00c4rzte und Hospit\u00e4ler, doch erst mit der Gr\u00fcndung der Universit\u00e4t im Jahre 1734 wurden im Erforschen und Erproben neuer Heilmethoden gro\u00dfe Fortschritte gemacht. [&hellip;]\" \/>\n<meta property=\"og:url\" content=\"https:\/\/radioleinewelle.de\/index.php\/2020\/10\/16\/goettingen-bader-aerzte-hospitaeler-stadtrundgang-zur-geschichte-der-medizin\/\" \/>\n<meta property=\"og:site_name\" content=\"Radio Leinewelle\" \/>\n<meta property=\"article:publisher\" content=\"https:\/\/www.facebook.com\/radioleinewelle\" \/>\n<meta property=\"article:author\" content=\"https:\/\/www.facebook.com\/radioleinewelle\" \/>\n<meta property=\"article:published_time\" content=\"2020-10-16T03:31:34+00:00\" \/>\n<meta name=\"author\" content=\"Leinewelle\" \/>\n<meta name=\"twitter:card\" content=\"summary_large_image\" \/>\n<meta name=\"twitter:creator\" content=\"@https:\/\/twitter.com\/RLeinewelle?ref_src=twsrcgoogletwcampserptwgrauthor\" \/>\n<meta name=\"twitter:site\" content=\"@RLeinewelle\" \/>\n<meta name=\"twitter:label1\" content=\"Verfasst von\" \/>\n\t<meta name=\"twitter:data1\" content=\"Leinewelle\" \/>\n\t<meta name=\"twitter:label2\" content=\"Gesch\u00e4tzte Lesezeit\" \/>\n\t<meta name=\"twitter:data2\" content=\"1\u00a0Minute\" \/>\n<script type=\"application\/ld+json\" class=\"yoast-schema-graph\">{\"@context\":\"https:\\\/\\\/schema.org\",\"@graph\":[{\"@type\":\"Article\",\"@id\":\"https:\\\/\\\/radioleinewelle.de\\\/index.php\\\/2020\\\/10\\\/16\\\/goettingen-bader-aerzte-hospitaeler-stadtrundgang-zur-geschichte-der-medizin\\\/#article\",\"isPartOf\":{\"@id\":\"https:\\\/\\\/radioleinewelle.de\\\/index.php\\\/2020\\\/10\\\/16\\\/goettingen-bader-aerzte-hospitaeler-stadtrundgang-zur-geschichte-der-medizin\\\/\"},\"author\":{\"name\":\"Leinewelle\",\"@id\":\"https:\\\/\\\/radioleinewelle.de\\\/#\\\/schema\\\/person\\\/45606f348637df637192dc1b68399a63\"},\"headline\":\"G\u00f6ttingen: Bader, \u00c4rzte Hospit\u00e4ler: Stadtrundgang zur Geschichte der Medizin\",\"datePublished\":\"2020-10-16T03:31:34+00:00\",\"mainEntityOfPage\":{\"@id\":\"https:\\\/\\\/radioleinewelle.de\\\/index.php\\\/2020\\\/10\\\/16\\\/goettingen-bader-aerzte-hospitaeler-stadtrundgang-zur-geschichte-der-medizin\\\/\"},\"wordCount\":249,\"publisher\":{\"@id\":\"https:\\\/\\\/radioleinewelle.de\\\/#organization\"},\"articleSection\":[\"Regionaler Tourismus\"],\"inLanguage\":\"de\"},{\"@type\":\"WebPage\",\"@id\":\"https:\\\/\\\/radioleinewelle.de\\\/index.php\\\/2020\\\/10\\\/16\\\/goettingen-bader-aerzte-hospitaeler-stadtrundgang-zur-geschichte-der-medizin\\\/\",\"url\":\"https:\\\/\\\/radioleinewelle.de\\\/index.php\\\/2020\\\/10\\\/16\\\/goettingen-bader-aerzte-hospitaeler-stadtrundgang-zur-geschichte-der-medizin\\\/\",\"name\":\"G\u00f6ttingen: Bader, \u00c4rzte Hospit\u00e4ler: Stadtrundgang zur Geschichte der Medizin - Radio Leinewelle\",\"isPartOf\":{\"@id\":\"https:\\\/\\\/radioleinewelle.de\\\/#website\"},\"datePublished\":\"2020-10-16T03:31:34+00:00\",\"breadcrumb\":{\"@id\":\"https:\\\/\\\/radioleinewelle.de\\\/index.php\\\/2020\\\/10\\\/16\\\/goettingen-bader-aerzte-hospitaeler-stadtrundgang-zur-geschichte-der-medizin\\\/#breadcrumb\"},\"inLanguage\":\"de\",\"potentialAction\":[{\"@type\":\"ReadAction\",\"target\":[\"https:\\\/\\\/radioleinewelle.de\\\/index.php\\\/2020\\\/10\\\/16\\\/goettingen-bader-aerzte-hospitaeler-stadtrundgang-zur-geschichte-der-medizin\\\/\"]}]},{\"@type\":\"BreadcrumbList\",\"@id\":\"https:\\\/\\\/radioleinewelle.de\\\/index.php\\\/2020\\\/10\\\/16\\\/goettingen-bader-aerzte-hospitaeler-stadtrundgang-zur-geschichte-der-medizin\\\/#breadcrumb\",\"itemListElement\":[{\"@type\":\"ListItem\",\"position\":1,\"name\":\"Startseite\",\"item\":\"https:\\\/\\\/radioleinewelle.de\\\/\"},{\"@type\":\"ListItem\",\"position\":2,\"name\":\"G\u00f6ttingen: Bader, \u00c4rzte Hospit\u00e4ler: Stadtrundgang zur Geschichte der Medizin\"}]},{\"@type\":\"WebSite\",\"@id\":\"https:\\\/\\\/radioleinewelle.de\\\/#website\",\"url\":\"https:\\\/\\\/radioleinewelle.de\\\/\",\"name\":\"Radio Leinewelle\",\"description\":\"\",\"publisher\":{\"@id\":\"https:\\\/\\\/radioleinewelle.de\\\/#organization\"},\"potentialAction\":[{\"@type\":\"SearchAction\",\"target\":{\"@type\":\"EntryPoint\",\"urlTemplate\":\"https:\\\/\\\/radioleinewelle.de\\\/?s={search_term_string}\"},\"query-input\":{\"@type\":\"PropertyValueSpecification\",\"valueRequired\":true,\"valueName\":\"search_term_string\"}}],\"inLanguage\":\"de\"},{\"@type\":\"Organization\",\"@id\":\"https:\\\/\\\/radioleinewelle.de\\\/#organization\",\"name\":\"Radio Leinewelle\",\"alternateName\":\"Mein Radio f\u00fcr S\u00fcdniedersachsen\",\"url\":\"https:\\\/\\\/radioleinewelle.de\\\/\",\"logo\":{\"@type\":\"ImageObject\",\"inLanguage\":\"de\",\"@id\":\"https:\\\/\\\/radioleinewelle.de\\\/#\\\/schema\\\/logo\\\/image\\\/\",\"url\":\"https:\\\/\\\/radioleinewelle.de\\\/wp-content\\\/uploads\\\/2023\\\/11\\\/cropped-Leinewelle_Logo_weiss.png\",\"contentUrl\":\"https:\\\/\\\/radioleinewelle.de\\\/wp-content\\\/uploads\\\/2023\\\/11\\\/cropped-Leinewelle_Logo_weiss.png\",\"width\":854,\"height\":260,\"caption\":\"Radio Leinewelle\"},\"image\":{\"@id\":\"https:\\\/\\\/radioleinewelle.de\\\/#\\\/schema\\\/logo\\\/image\\\/\"},\"sameAs\":[\"https:\\\/\\\/www.facebook.com\\\/radioleinewelle\",\"https:\\\/\\\/x.com\\\/RLeinewelle\",\"https:\\\/\\\/www.instagram.com\\\/radioleinewelle\\\/?hl=de\"]},{\"@type\":\"Person\",\"@id\":\"https:\\\/\\\/radioleinewelle.de\\\/#\\\/schema\\\/person\\\/45606f348637df637192dc1b68399a63\",\"name\":\"Leinewelle\",\"image\":{\"@type\":\"ImageObject\",\"inLanguage\":\"de\",\"@id\":\"https:\\\/\\\/secure.gravatar.com\\\/avatar\\\/05c9a17bc973052ee5d91549bd32fb4dd0dc85b7b85ae94b2e2b4943476bbea5?s=96&d=blank&r=g\",\"url\":\"https:\\\/\\\/secure.gravatar.com\\\/avatar\\\/05c9a17bc973052ee5d91549bd32fb4dd0dc85b7b85ae94b2e2b4943476bbea5?s=96&d=blank&r=g\",\"contentUrl\":\"https:\\\/\\\/secure.gravatar.com\\\/avatar\\\/05c9a17bc973052ee5d91549bd32fb4dd0dc85b7b85ae94b2e2b4943476bbea5?s=96&d=blank&r=g\",\"caption\":\"Leinewelle\"},\"sameAs\":[\"http:\\\/\\\/localhost\\\/radio%20leinewelle\\\/wordpress\",\"https:\\\/\\\/www.facebook.com\\\/radioleinewelle\",\"https:\\\/\\\/www.instagram.com\\\/radioleinewelle\",\"https:\\\/\\\/x.com\\\/https:\\\/\\\/twitter.com\\\/RLeinewelle?ref_src=twsrcgoogletwcampserptwgrauthor\",\"https:\\\/\\\/soundcloud.com\\\/foerderverein-lokalradio?utm_source=clipboard&utm_medium=text&utm_campaign=social_sharing\"],\"url\":\"https:\\\/\\\/radioleinewelle.de\\\/index.php\\\/author\\\/leinewelle\\\/\"}]}<\/script>\n<!-- \/ Yoast SEO plugin. -->","yoast_head_json":{"title":"G\u00f6ttingen: Bader, \u00c4rzte Hospit\u00e4ler: Stadtrundgang zur Geschichte der Medizin - Radio Leinewelle","robots":{"index":"index","follow":"follow","max-snippet":"max-snippet:-1","max-image-preview":"max-image-preview:large","max-video-preview":"max-video-preview:-1"},"canonical":"https:\/\/radioleinewelle.de\/index.php\/2020\/10\/16\/goettingen-bader-aerzte-hospitaeler-stadtrundgang-zur-geschichte-der-medizin\/","og_locale":"de_DE","og_type":"article","og_title":"G\u00f6ttingen: Bader, \u00c4rzte Hospit\u00e4ler: Stadtrundgang zur Geschichte der Medizin - Radio Leinewelle","og_description":"Unter dem Motto &#8222;Bader, \u00c4rzte, Hospit\u00e4ler&#8220; steht ein medizinhistorischer Rundgang, den die Tourist-Information G\u00f6ttingen im Rahmen ihrer \u00f6ffentlichen Themenf\u00fchrungen am Sonnabend, 17. Oktober 2020, veranstaltet. Bereits im Mittelalter gab es in G\u00f6ttingen \u00c4rzte und Hospit\u00e4ler, doch erst mit der Gr\u00fcndung der Universit\u00e4t im Jahre 1734 wurden im Erforschen und Erproben neuer Heilmethoden gro\u00dfe Fortschritte gemacht. [&hellip;]","og_url":"https:\/\/radioleinewelle.de\/index.php\/2020\/10\/16\/goettingen-bader-aerzte-hospitaeler-stadtrundgang-zur-geschichte-der-medizin\/","og_site_name":"Radio Leinewelle","article_publisher":"https:\/\/www.facebook.com\/radioleinewelle","article_author":"https:\/\/www.facebook.com\/radioleinewelle","article_published_time":"2020-10-16T03:31:34+00:00","author":"Leinewelle","twitter_card":"summary_large_image","twitter_creator":"@https:\/\/twitter.com\/RLeinewelle?ref_src=twsrcgoogletwcampserptwgrauthor","twitter_site":"@RLeinewelle","twitter_misc":{"Verfasst von":"Leinewelle","Gesch\u00e4tzte Lesezeit":"1\u00a0Minute"},"schema":{"@context":"https:\/\/schema.org","@graph":[{"@type":"Article","@id":"https:\/\/radioleinewelle.de\/index.php\/2020\/10\/16\/goettingen-bader-aerzte-hospitaeler-stadtrundgang-zur-geschichte-der-medizin\/#article","isPartOf":{"@id":"https:\/\/radioleinewelle.de\/index.php\/2020\/10\/16\/goettingen-bader-aerzte-hospitaeler-stadtrundgang-zur-geschichte-der-medizin\/"},"author":{"name":"Leinewelle","@id":"https:\/\/radioleinewelle.de\/#\/schema\/person\/45606f348637df637192dc1b68399a63"},"headline":"G\u00f6ttingen: Bader, \u00c4rzte Hospit\u00e4ler: Stadtrundgang zur Geschichte der Medizin","datePublished":"2020-10-16T03:31:34+00:00","mainEntityOfPage":{"@id":"https:\/\/radioleinewelle.de\/index.php\/2020\/10\/16\/goettingen-bader-aerzte-hospitaeler-stadtrundgang-zur-geschichte-der-medizin\/"},"wordCount":249,"publisher":{"@id":"https:\/\/radioleinewelle.de\/#organization"},"articleSection":["Regionaler Tourismus"],"inLanguage":"de"},{"@type":"WebPage","@id":"https:\/\/radioleinewelle.de\/index.php\/2020\/10\/16\/goettingen-bader-aerzte-hospitaeler-stadtrundgang-zur-geschichte-der-medizin\/","url":"https:\/\/radioleinewelle.de\/index.php\/2020\/10\/16\/goettingen-bader-aerzte-hospitaeler-stadtrundgang-zur-geschichte-der-medizin\/","name":"G\u00f6ttingen: Bader, \u00c4rzte Hospit\u00e4ler: Stadtrundgang zur Geschichte der Medizin - Radio Leinewelle","isPartOf":{"@id":"https:\/\/radioleinewelle.de\/#website"},"datePublished":"2020-10-16T03:31:34+00:00","breadcrumb":{"@id":"https:\/\/radioleinewelle.de\/index.php\/2020\/10\/16\/goettingen-bader-aerzte-hospitaeler-stadtrundgang-zur-geschichte-der-medizin\/#breadcrumb"},"inLanguage":"de","potentialAction":[{"@type":"ReadAction","target":["https:\/\/radioleinewelle.de\/index.php\/2020\/10\/16\/goettingen-bader-aerzte-hospitaeler-stadtrundgang-zur-geschichte-der-medizin\/"]}]},{"@type":"BreadcrumbList","@id":"https:\/\/radioleinewelle.de\/index.php\/2020\/10\/16\/goettingen-bader-aerzte-hospitaeler-stadtrundgang-zur-geschichte-der-medizin\/#breadcrumb","itemListElement":[{"@type":"ListItem","position":1,"name":"Startseite","item":"https:\/\/radioleinewelle.de\/"},{"@type":"ListItem","position":2,"name":"G\u00f6ttingen: Bader, \u00c4rzte Hospit\u00e4ler: Stadtrundgang zur Geschichte der Medizin"}]},{"@type":"WebSite","@id":"https:\/\/radioleinewelle.de\/#website","url":"https:\/\/radioleinewelle.de\/","name":"Radio Leinewelle","description":"","publisher":{"@id":"https:\/\/radioleinewelle.de\/#organization"},"potentialAction":[{"@type":"SearchAction","target":{"@type":"EntryPoint","urlTemplate":"https:\/\/radioleinewelle.de\/?s={search_term_string}"},"query-input":{"@type":"PropertyValueSpecification","valueRequired":true,"valueName":"search_term_string"}}],"inLanguage":"de"},{"@type":"Organization","@id":"https:\/\/radioleinewelle.de\/#organization","name":"Radio Leinewelle","alternateName":"Mein Radio f\u00fcr S\u00fcdniedersachsen","url":"https:\/\/radioleinewelle.de\/","logo":{"@type":"ImageObject","inLanguage":"de","@id":"https:\/\/radioleinewelle.de\/#\/schema\/logo\/image\/","url":"https:\/\/radioleinewelle.de\/wp-content\/uploads\/2023\/11\/cropped-Leinewelle_Logo_weiss.png","contentUrl":"https:\/\/radioleinewelle.de\/wp-content\/uploads\/2023\/11\/cropped-Leinewelle_Logo_weiss.png","width":854,"height":260,"caption":"Radio Leinewelle"},"image":{"@id":"https:\/\/radioleinewelle.de\/#\/schema\/logo\/image\/"},"sameAs":["https:\/\/www.facebook.com\/radioleinewelle","https:\/\/x.com\/RLeinewelle","https:\/\/www.instagram.com\/radioleinewelle\/?hl=de"]},{"@type":"Person","@id":"https:\/\/radioleinewelle.de\/#\/schema\/person\/45606f348637df637192dc1b68399a63","name":"Leinewelle","image":{"@type":"ImageObject","inLanguage":"de","@id":"https:\/\/secure.gravatar.com\/avatar\/05c9a17bc973052ee5d91549bd32fb4dd0dc85b7b85ae94b2e2b4943476bbea5?s=96&d=blank&r=g","url":"https:\/\/secure.gravatar.com\/avatar\/05c9a17bc973052ee5d91549bd32fb4dd0dc85b7b85ae94b2e2b4943476bbea5?s=96&d=blank&r=g","contentUrl":"https:\/\/secure.gravatar.com\/avatar\/05c9a17bc973052ee5d91549bd32fb4dd0dc85b7b85ae94b2e2b4943476bbea5?s=96&d=blank&r=g","caption":"Leinewelle"},"sameAs":["http:\/\/localhost\/radio%20leinewelle\/wordpress","https:\/\/www.facebook.com\/radioleinewelle","https:\/\/www.instagram.com\/radioleinewelle","https:\/\/x.com\/https:\/\/twitter.com\/RLeinewelle?ref_src=twsrcgoogletwcampserptwgrauthor","https:\/\/soundcloud.com\/foerderverein-lokalradio?utm_source=clipboard&utm_medium=text&utm_campaign=social_sharing"],"url":"https:\/\/radioleinewelle.de\/index.php\/author\/leinewelle\/"}]}},"_links":{"self":[{"href":"https:\/\/radioleinewelle.de\/index.php\/wp-json\/wp\/v2\/posts\/2381","targetHints":{"allow":["GET"]}}],"collection":[{"href":"https:\/\/radioleinewelle.de\/index.php\/wp-json\/wp\/v2\/posts"}],"about":[{"href":"https:\/\/radioleinewelle.de\/index.php\/wp-json\/wp\/v2\/types\/post"}],"author":[{"embeddable":true,"href":"https:\/\/radioleinewelle.de\/index.php\/wp-json\/wp\/v2\/users\/1"}],"replies":[{"embeddable":true,"href":"https:\/\/radioleinewelle.de\/index.php\/wp-json\/wp\/v2\/comments?post=2381"}],"version-history":[{"count":0,"href":"https:\/\/radioleinewelle.de\/index.php\/wp-json\/wp\/v2\/posts\/2381\/revisions"}],"wp:attachment":[{"href":"https:\/\/radioleinewelle.de\/index.php\/wp-json\/wp\/v2\/media?parent=2381"}],"wp:term":[{"taxonomy":"category","embeddable":true,"href":"https:\/\/radioleinewelle.de\/index.php\/wp-json\/wp\/v2\/categories?post=2381"},{"taxonomy":"post_tag","embeddable":true,"href":"https:\/\/radioleinewelle.de\/index.php\/wp-json\/wp\/v2\/tags?post=2381"}],"curies":[{"name":"wp","href":"https:\/\/api.w.org\/{rel}","templated":true}]}}