{"id":2385,"date":"2020-10-16T05:11:47","date_gmt":"2020-10-16T03:11:47","guid":{"rendered":"https:\/\/radioleinewelle.de\/?p=2385"},"modified":"2020-10-16T05:11:47","modified_gmt":"2020-10-16T03:11:47","slug":"buendnis-fordert-von-bundesregierung-oepnv-gipfel-besuch-der-landesverkehrsministerkonferenz","status":"publish","type":"post","link":"https:\/\/radioleinewelle.de\/index.php\/2020\/10\/16\/buendnis-fordert-von-bundesregierung-oepnv-gipfel-besuch-der-landesverkehrsministerkonferenz\/","title":{"rendered":"B\u00fcndnis fordert von Bundesregierung \u00d6PNV-Gipfel \u2013 Besuch der Landesverkehrsministerkonferenz"},"content":{"rendered":"<p>Anl\u00e4sslich der am 14.10. \u00a0stattgefunden<br \/>\nLandesverkehrsministerkonferenz (VMK) machte ein breites B\u00fcndnis aus der<br \/>\nGewerkschaft ver.di, Fridays for Future, BUND, BUNDjugend, Attac<br \/>\nDeutschland, den Naturfreunden Deutschlands, dem \u00f6kologischen<br \/>\nVerkehrsclub VCD, der Eisenbahn- und Verkehrsgewerkschaft (EVG),<br \/>\nChanging Cities und anderen klar, dass eine konsequente Verkehrswende<br \/>\nentschiedene Investitionen in den \u00f6ffentlichen Personennahverkehr und<br \/>\nden Umweltverbund erfordert. Deshalb bekr\u00e4ftigte das B\u00fcndnis bei seinem<br \/>\nBesuch der VMK seine Forderung an die Bundesregierung zur<br \/>\nAnsetzung eines \u00d6PNV-Gipfels. Im Gespr\u00e4ch hat Anke Rehlinger,<br \/>\nVerkehrsministerin im Saarland und Vorsitzende der VMK, die Initiative<br \/>\nbegr\u00fc\u00dft und Unterst\u00fctzung zugesagt.<\/p>\n<p>Helena Marschall, Sprecherin von Fridays for Future: \u201eF\u00fcr die Erreichung<br \/>\ndes 1,5 Grad Ziels brauchen wir eine sofortige sozial-gerechte<br \/>\nMobilit\u00e4tswende, die den \u00d6PNV in den Fokus stellt. Jetzt m\u00fcssen durch<br \/>\nmassive Investitionen in den \u00d6PNV die Bedingungen daf\u00fcr geschaffen<br \/>\nwerden. Besonders im Vordergrund m\u00fcssen dabei die Arbeitsbedingungen der<br \/>\nBesch\u00e4ftigten stehen \u2013 sie verdienen als gr\u00fcne und systemrelevante Jobs<br \/>\nder Zukunft Anerkennung.\u201d<\/p>\n<p>Christine Behle, stellvertretende ver.di-Bundesvorsitzende: \u201eMehr<br \/>\nKlimaschutz gelingt nur durch eine echte Verkehrswende und mehr \u00d6PNV und<br \/>\ndazu geh\u00f6ren anst\u00e4ndige Arbeitsbedingungen und L\u00f6hne. Weil viele<br \/>\nKommunen unterfinanziert sind, brauchen wir ein bundesweites<br \/>\nFinanzierungsprogramm f\u00fcr den \u00d6PNV. Das schafft zehntausende neue<br \/>\nArbeitspl\u00e4tze und sch\u00fctzt das Klima. Wir fordern einen \u00d6PNV-Gipfel f\u00fcr<br \/>\neinen guten Start in eine nachhaltige Verkehrswende.\u201d<\/p>\n<p>Achim Heier aus dem Koordinierungskreis von Attac Deutschland: \u201eW\u00e4hrend<br \/>\ndie Autolobby bei Autogipfeln regelm\u00e4\u00dfig exklusiven Zugang zur Politik<br \/>\nerh\u00e4lt, wird Vertreter*innen des \u00d6PNV, Radfahrens oder Zufu\u00dfgehens<br \/>\nnirgendwo so viel Geh\u00f6r geschenkt. Klimagerechte Verkehrsmittel m\u00fcssen<br \/>\nendlich bevorzugt behandelt werden &#8211; nur dann ist die Mobilit\u00e4tswende zu<br \/>\nmachen!&#8220;<\/p>\n<p>Antje von Broock, Gesch\u00e4ftsf\u00fchrerin Politik und Kommunikation beim BUND:<br \/>\n\u201eWir brauchen einen kompletten Neustart der Verkehrs- und<br \/>\nInvestitionspolitik. Die A49 und andere Fernstra\u00dfenneubauprojekte sind<br \/>\nunverz\u00fcglich zu stoppen und bed\u00fcrfen einer \u00dcberpr\u00fcfung. Vielmehr m\u00fcssen<br \/>\ndie f\u00fcr den nicht mehr zeitgem\u00e4\u00dfen Fernstra\u00dfenneubau eingeplanten Mittel<br \/>\nzu Verbesserung des \u00f6ffentlichen Personennahverkehrs umgewidmet werden.\u201c<\/p>\n<p>Kerstin Haarmann, Bundesvorsitzende des \u00f6kologischen Verkehrsclub VCD:<br \/>\n\u201eUm die Fahrgastzahlen in Bus und Bahn bis 2030 zu verdoppeln, m\u00fcssen<br \/>\nwir offensiv in Personal und Infrastruktur investieren. Anstatt Unsummen<br \/>\nin neue Autobahnen zu investieren, sollten wir deutlich st\u00e4rker den Fu\u00df-<br \/>\nund Radverkehr, sowie Bus und Bahn f\u00f6rdern. Wir brauchen einen<br \/>\n\u00d6PNV-Gipfel statt immer weiterer Autogipfel, um den Verkehr auf das<br \/>\nGleis Richtung Klimaneutralit\u00e4t zu setzen.\u201d<\/p>\n<p>Moritz Tapp, Bundesvorstandsmitglied der BUNDjugend: \u201eIn Zukunft und<br \/>\nMobilit\u00e4t f\u00fcr alle investieren, die die Bed\u00fcrfnisse der Menschen und des<br \/>\nKlimas in den Mittelpunkt stellt \u2013 das ist die Aufgabe der<br \/>\nBundesregierung. Aktuell verschwendet sie nur Steuergeld f\u00fcr die<br \/>\nzerst\u00f6rerische Autoindustrie, die noch heute auf Technologien der<br \/>\nVergangenheit setzt. Wir brauchen mehr Geld f\u00fcr den \u00d6PNV \u2013 das<br \/>\nverbessert kurzfristig die Mobilit\u00e4t f\u00fcr alle und f\u00fchrt langfristig zu<br \/>\neiner Mobilit\u00e4tswende.\u201c<\/p>\n<p>Uwe Hiksch, Mitglied im Bundesvorstand der NaturFreunde Deutschlands:<br \/>\n\u201eZiel einer \u00f6kologischen und sozialen Verkehrswende muss die drastische<br \/>\nReduzierung des motorisierten Individualverkehrs sein. Die NaturFreunde<br \/>\nunterst\u00fctzen deshalb die Initiativen zur Schaffung von autofreien<br \/>\nInnenst\u00e4dten und F\u00f6rderung des Umweltverbunds \u2013 sowie die berechtigten<br \/>\nForderungen der Gewerkschaft ver.di: Denn ohne eine gerechtere Bezahlung<br \/>\nwird die Mobilit\u00e4tswende nicht gelingen.\u201c<\/p>\n<p>Martin Burkert, stellvertretender Vorsitzender der Eisenbahn- und<br \/>\nVerkehrsgewerkschaft (EVG): \u201eDer Ausbau des \u00d6PNV gelingt nur mit einer<br \/>\nFachkr\u00e4fteoffensive f\u00fcr Busse und Bahnen. Langfristig steigende L\u00f6hne,<br \/>\ngute Arbeitsbedingungen und den Schutz des Personals vor unreguliertem<br \/>\nDumping-Wettbewerb: Nur so lassen sich neue Besch\u00e4ftigte gewinnen. Um<br \/>\ndaf\u00fcr die richtigen Weichen zu stellen, fordern wir zeitnah einen<br \/>\n\u00d6PNV-Gipfel von Bund, L\u00e4ndern und Kommunen. F\u00fcr uns steht fest: Die<br \/>\nBesch\u00e4ftigten d\u00fcrfen nicht die Leidtragenden der Krise werden!\u201c<\/p>\n<p>Ragnhild S\u00f8rensen, Changing Cities: \u201eUm nachhaltige Mobilit\u00e4t zu<br \/>\nschaffen, brauchen wir gute Alternativen zum Auto \u2013 in den St\u00e4dten und<br \/>\nauf dem Land. Dazu geh\u00f6ren gute Infrastruktur f\u00fcr Radfahrende und<br \/>\nFu\u00dfg\u00e4nger*innen sowie ein massiver Ausbau des \u00f6ffentlichen<br \/>\nPersonenverkehres. Das ist nicht nur gut f\u00fcrs Klima, es ist gut f\u00fcr<br \/>\nunsere St\u00e4dte, f\u00fcr unsere Gesundheit und f\u00fcr die Wirtschaft. Denn was<br \/>\nmacht mehr Sinn in Zeiten des Klimawandels: Drei Kilometer Autobahn zu<br \/>\nbauen oder f\u00fcr dasselbe Geld 500 Kilometer Radwege?\u201c<\/p>\n<p>Positionspapier als PDF mit allen Unterzeichner*innen:<br \/>\n<a href=\"https:\/\/oepnvbrauchtzukunft.de\/2020\/09\/02\/breites-buendnis\/#more-2786\">https:\/\/oepnvbrauchtzukunft.de\/2020\/09\/02\/breites-buendnis\/#more-2786<\/a><\/p>\n<p>&#8212;&#8212;&#8212;&#8212;&#8212;&#8212;&#8212;&#8212;&#8212;&#8212;&#8212;&#8212;&#8212;&#8212;&#8212;&#8212;&#8212;&#8212;&#8212;&#8212;&#8212;&#8212;&#8212;&#8212;&#8212;&#8212;&#8212;&#8212;&#8212;&#8212;&#8212;<\/p>\n<p>Forderungs\u00fcbergabe an Anke Rehlinger bei der VMK am 14.10.; \u00a0Foto: \u00a9Stefan Schorr.<\/p>\n","protected":false},"excerpt":{"rendered":"<p>Anl\u00e4sslich der am 14.10. \u00a0stattgefunden Landesverkehrsministerkonferenz (VMK) machte ein breites B\u00fcndnis aus der Gewerkschaft ver.di, Fridays for Future, BUND, BUNDjugend, Attac Deutschland, den Naturfreunden Deutschlands, dem \u00f6kologischen Verkehrsclub VCD, der Eisenbahn- und Verkehrsgewerkschaft (EVG), Changing Cities und anderen klar, dass eine konsequente Verkehrswende entschiedene Investitionen in den \u00f6ffentlichen Personennahverkehr und den Umweltverbund erfordert. Deshalb bekr\u00e4ftigte [&hellip;]<\/p>\n","protected":false},"author":1,"featured_media":0,"comment_status":"closed","ping_status":"closed","sticky":false,"template":"","format":"standard","meta":{"saved_in_kubio":false,"footnotes":""},"categories":[24],"tags":[],"class_list":["post-2385","post","type-post","status-publish","format-standard","hentry","category-news"],"yoast_head":"<!-- This site is optimized with the Yoast SEO plugin v27.5 - https:\/\/yoast.com\/product\/yoast-seo-wordpress\/ -->\n<title>B\u00fcndnis fordert von Bundesregierung \u00d6PNV-Gipfel \u2013 Besuch der Landesverkehrsministerkonferenz - Radio Leinewelle<\/title>\n<meta name=\"robots\" content=\"index, follow, max-snippet:-1, max-image-preview:large, max-video-preview:-1\" \/>\n<link rel=\"canonical\" href=\"https:\/\/radioleinewelle.de\/index.php\/2020\/10\/16\/buendnis-fordert-von-bundesregierung-oepnv-gipfel-besuch-der-landesverkehrsministerkonferenz\/\" \/>\n<meta property=\"og:locale\" content=\"de_DE\" \/>\n<meta property=\"og:type\" content=\"article\" \/>\n<meta property=\"og:title\" content=\"B\u00fcndnis fordert von Bundesregierung \u00d6PNV-Gipfel \u2013 Besuch der Landesverkehrsministerkonferenz - Radio Leinewelle\" \/>\n<meta property=\"og:description\" content=\"Anl\u00e4sslich der am 14.10. \u00a0stattgefunden Landesverkehrsministerkonferenz (VMK) machte ein breites B\u00fcndnis aus der Gewerkschaft ver.di, Fridays for Future, BUND, BUNDjugend, Attac Deutschland, den Naturfreunden Deutschlands, dem \u00f6kologischen Verkehrsclub VCD, der Eisenbahn- und Verkehrsgewerkschaft (EVG), Changing Cities und anderen klar, dass eine konsequente Verkehrswende entschiedene Investitionen in den \u00f6ffentlichen Personennahverkehr und den Umweltverbund erfordert. Deshalb bekr\u00e4ftigte [&hellip;]\" \/>\n<meta property=\"og:url\" content=\"https:\/\/radioleinewelle.de\/index.php\/2020\/10\/16\/buendnis-fordert-von-bundesregierung-oepnv-gipfel-besuch-der-landesverkehrsministerkonferenz\/\" \/>\n<meta property=\"og:site_name\" content=\"Radio Leinewelle\" \/>\n<meta property=\"article:publisher\" content=\"https:\/\/www.facebook.com\/radioleinewelle\" \/>\n<meta property=\"article:author\" content=\"https:\/\/www.facebook.com\/radioleinewelle\" \/>\n<meta property=\"article:published_time\" content=\"2020-10-16T03:11:47+00:00\" \/>\n<meta name=\"author\" content=\"Leinewelle\" \/>\n<meta name=\"twitter:card\" content=\"summary_large_image\" \/>\n<meta name=\"twitter:creator\" content=\"@https:\/\/twitter.com\/RLeinewelle?ref_src=twsrcgoogletwcampserptwgrauthor\" \/>\n<meta name=\"twitter:site\" content=\"@RLeinewelle\" \/>\n<meta name=\"twitter:label1\" content=\"Verfasst von\" \/>\n\t<meta name=\"twitter:data1\" content=\"Leinewelle\" \/>\n\t<meta name=\"twitter:label2\" content=\"Gesch\u00e4tzte Lesezeit\" \/>\n\t<meta name=\"twitter:data2\" content=\"4\u00a0Minuten\" \/>\n<script type=\"application\/ld+json\" class=\"yoast-schema-graph\">{\"@context\":\"https:\\\/\\\/schema.org\",\"@graph\":[{\"@type\":\"Article\",\"@id\":\"https:\\\/\\\/radioleinewelle.de\\\/index.php\\\/2020\\\/10\\\/16\\\/buendnis-fordert-von-bundesregierung-oepnv-gipfel-besuch-der-landesverkehrsministerkonferenz\\\/#article\",\"isPartOf\":{\"@id\":\"https:\\\/\\\/radioleinewelle.de\\\/index.php\\\/2020\\\/10\\\/16\\\/buendnis-fordert-von-bundesregierung-oepnv-gipfel-besuch-der-landesverkehrsministerkonferenz\\\/\"},\"author\":{\"name\":\"Leinewelle\",\"@id\":\"https:\\\/\\\/radioleinewelle.de\\\/#\\\/schema\\\/person\\\/45606f348637df637192dc1b68399a63\"},\"headline\":\"B\u00fcndnis fordert von Bundesregierung \u00d6PNV-Gipfel \u2013 Besuch der Landesverkehrsministerkonferenz\",\"datePublished\":\"2020-10-16T03:11:47+00:00\",\"mainEntityOfPage\":{\"@id\":\"https:\\\/\\\/radioleinewelle.de\\\/index.php\\\/2020\\\/10\\\/16\\\/buendnis-fordert-von-bundesregierung-oepnv-gipfel-besuch-der-landesverkehrsministerkonferenz\\\/\"},\"wordCount\":749,\"publisher\":{\"@id\":\"https:\\\/\\\/radioleinewelle.de\\\/#organization\"},\"articleSection\":[\"Aktuelle Nachrichten\"],\"inLanguage\":\"de\"},{\"@type\":\"WebPage\",\"@id\":\"https:\\\/\\\/radioleinewelle.de\\\/index.php\\\/2020\\\/10\\\/16\\\/buendnis-fordert-von-bundesregierung-oepnv-gipfel-besuch-der-landesverkehrsministerkonferenz\\\/\",\"url\":\"https:\\\/\\\/radioleinewelle.de\\\/index.php\\\/2020\\\/10\\\/16\\\/buendnis-fordert-von-bundesregierung-oepnv-gipfel-besuch-der-landesverkehrsministerkonferenz\\\/\",\"name\":\"B\u00fcndnis fordert von Bundesregierung \u00d6PNV-Gipfel \u2013 Besuch der Landesverkehrsministerkonferenz - Radio Leinewelle\",\"isPartOf\":{\"@id\":\"https:\\\/\\\/radioleinewelle.de\\\/#website\"},\"datePublished\":\"2020-10-16T03:11:47+00:00\",\"breadcrumb\":{\"@id\":\"https:\\\/\\\/radioleinewelle.de\\\/index.php\\\/2020\\\/10\\\/16\\\/buendnis-fordert-von-bundesregierung-oepnv-gipfel-besuch-der-landesverkehrsministerkonferenz\\\/#breadcrumb\"},\"inLanguage\":\"de\",\"potentialAction\":[{\"@type\":\"ReadAction\",\"target\":[\"https:\\\/\\\/radioleinewelle.de\\\/index.php\\\/2020\\\/10\\\/16\\\/buendnis-fordert-von-bundesregierung-oepnv-gipfel-besuch-der-landesverkehrsministerkonferenz\\\/\"]}]},{\"@type\":\"BreadcrumbList\",\"@id\":\"https:\\\/\\\/radioleinewelle.de\\\/index.php\\\/2020\\\/10\\\/16\\\/buendnis-fordert-von-bundesregierung-oepnv-gipfel-besuch-der-landesverkehrsministerkonferenz\\\/#breadcrumb\",\"itemListElement\":[{\"@type\":\"ListItem\",\"position\":1,\"name\":\"Startseite\",\"item\":\"https:\\\/\\\/radioleinewelle.de\\\/\"},{\"@type\":\"ListItem\",\"position\":2,\"name\":\"B\u00fcndnis fordert von Bundesregierung \u00d6PNV-Gipfel \u2013 Besuch der Landesverkehrsministerkonferenz\"}]},{\"@type\":\"WebSite\",\"@id\":\"https:\\\/\\\/radioleinewelle.de\\\/#website\",\"url\":\"https:\\\/\\\/radioleinewelle.de\\\/\",\"name\":\"Radio Leinewelle\",\"description\":\"\",\"publisher\":{\"@id\":\"https:\\\/\\\/radioleinewelle.de\\\/#organization\"},\"potentialAction\":[{\"@type\":\"SearchAction\",\"target\":{\"@type\":\"EntryPoint\",\"urlTemplate\":\"https:\\\/\\\/radioleinewelle.de\\\/?s={search_term_string}\"},\"query-input\":{\"@type\":\"PropertyValueSpecification\",\"valueRequired\":true,\"valueName\":\"search_term_string\"}}],\"inLanguage\":\"de\"},{\"@type\":\"Organization\",\"@id\":\"https:\\\/\\\/radioleinewelle.de\\\/#organization\",\"name\":\"Radio Leinewelle\",\"alternateName\":\"Mein Radio f\u00fcr S\u00fcdniedersachsen\",\"url\":\"https:\\\/\\\/radioleinewelle.de\\\/\",\"logo\":{\"@type\":\"ImageObject\",\"inLanguage\":\"de\",\"@id\":\"https:\\\/\\\/radioleinewelle.de\\\/#\\\/schema\\\/logo\\\/image\\\/\",\"url\":\"https:\\\/\\\/radioleinewelle.de\\\/wp-content\\\/uploads\\\/2023\\\/11\\\/cropped-Leinewelle_Logo_weiss.png\",\"contentUrl\":\"https:\\\/\\\/radioleinewelle.de\\\/wp-content\\\/uploads\\\/2023\\\/11\\\/cropped-Leinewelle_Logo_weiss.png\",\"width\":854,\"height\":260,\"caption\":\"Radio Leinewelle\"},\"image\":{\"@id\":\"https:\\\/\\\/radioleinewelle.de\\\/#\\\/schema\\\/logo\\\/image\\\/\"},\"sameAs\":[\"https:\\\/\\\/www.facebook.com\\\/radioleinewelle\",\"https:\\\/\\\/x.com\\\/RLeinewelle\",\"https:\\\/\\\/www.instagram.com\\\/radioleinewelle\\\/?hl=de\"]},{\"@type\":\"Person\",\"@id\":\"https:\\\/\\\/radioleinewelle.de\\\/#\\\/schema\\\/person\\\/45606f348637df637192dc1b68399a63\",\"name\":\"Leinewelle\",\"image\":{\"@type\":\"ImageObject\",\"inLanguage\":\"de\",\"@id\":\"https:\\\/\\\/secure.gravatar.com\\\/avatar\\\/05c9a17bc973052ee5d91549bd32fb4dd0dc85b7b85ae94b2e2b4943476bbea5?s=96&d=blank&r=g\",\"url\":\"https:\\\/\\\/secure.gravatar.com\\\/avatar\\\/05c9a17bc973052ee5d91549bd32fb4dd0dc85b7b85ae94b2e2b4943476bbea5?s=96&d=blank&r=g\",\"contentUrl\":\"https:\\\/\\\/secure.gravatar.com\\\/avatar\\\/05c9a17bc973052ee5d91549bd32fb4dd0dc85b7b85ae94b2e2b4943476bbea5?s=96&d=blank&r=g\",\"caption\":\"Leinewelle\"},\"sameAs\":[\"http:\\\/\\\/localhost\\\/radio%20leinewelle\\\/wordpress\",\"https:\\\/\\\/www.facebook.com\\\/radioleinewelle\",\"https:\\\/\\\/www.instagram.com\\\/radioleinewelle\",\"https:\\\/\\\/x.com\\\/https:\\\/\\\/twitter.com\\\/RLeinewelle?ref_src=twsrcgoogletwcampserptwgrauthor\",\"https:\\\/\\\/soundcloud.com\\\/foerderverein-lokalradio?utm_source=clipboard&utm_medium=text&utm_campaign=social_sharing\"],\"url\":\"https:\\\/\\\/radioleinewelle.de\\\/index.php\\\/author\\\/leinewelle\\\/\"}]}<\/script>\n<!-- \/ Yoast SEO plugin. -->","yoast_head_json":{"title":"B\u00fcndnis fordert von Bundesregierung \u00d6PNV-Gipfel \u2013 Besuch der Landesverkehrsministerkonferenz - Radio Leinewelle","robots":{"index":"index","follow":"follow","max-snippet":"max-snippet:-1","max-image-preview":"max-image-preview:large","max-video-preview":"max-video-preview:-1"},"canonical":"https:\/\/radioleinewelle.de\/index.php\/2020\/10\/16\/buendnis-fordert-von-bundesregierung-oepnv-gipfel-besuch-der-landesverkehrsministerkonferenz\/","og_locale":"de_DE","og_type":"article","og_title":"B\u00fcndnis fordert von Bundesregierung \u00d6PNV-Gipfel \u2013 Besuch der Landesverkehrsministerkonferenz - Radio Leinewelle","og_description":"Anl\u00e4sslich der am 14.10. \u00a0stattgefunden Landesverkehrsministerkonferenz (VMK) machte ein breites B\u00fcndnis aus der Gewerkschaft ver.di, Fridays for Future, BUND, BUNDjugend, Attac Deutschland, den Naturfreunden Deutschlands, dem \u00f6kologischen Verkehrsclub VCD, der Eisenbahn- und Verkehrsgewerkschaft (EVG), Changing Cities und anderen klar, dass eine konsequente Verkehrswende entschiedene Investitionen in den \u00f6ffentlichen Personennahverkehr und den Umweltverbund erfordert. Deshalb bekr\u00e4ftigte [&hellip;]","og_url":"https:\/\/radioleinewelle.de\/index.php\/2020\/10\/16\/buendnis-fordert-von-bundesregierung-oepnv-gipfel-besuch-der-landesverkehrsministerkonferenz\/","og_site_name":"Radio Leinewelle","article_publisher":"https:\/\/www.facebook.com\/radioleinewelle","article_author":"https:\/\/www.facebook.com\/radioleinewelle","article_published_time":"2020-10-16T03:11:47+00:00","author":"Leinewelle","twitter_card":"summary_large_image","twitter_creator":"@https:\/\/twitter.com\/RLeinewelle?ref_src=twsrcgoogletwcampserptwgrauthor","twitter_site":"@RLeinewelle","twitter_misc":{"Verfasst von":"Leinewelle","Gesch\u00e4tzte Lesezeit":"4\u00a0Minuten"},"schema":{"@context":"https:\/\/schema.org","@graph":[{"@type":"Article","@id":"https:\/\/radioleinewelle.de\/index.php\/2020\/10\/16\/buendnis-fordert-von-bundesregierung-oepnv-gipfel-besuch-der-landesverkehrsministerkonferenz\/#article","isPartOf":{"@id":"https:\/\/radioleinewelle.de\/index.php\/2020\/10\/16\/buendnis-fordert-von-bundesregierung-oepnv-gipfel-besuch-der-landesverkehrsministerkonferenz\/"},"author":{"name":"Leinewelle","@id":"https:\/\/radioleinewelle.de\/#\/schema\/person\/45606f348637df637192dc1b68399a63"},"headline":"B\u00fcndnis fordert von Bundesregierung \u00d6PNV-Gipfel \u2013 Besuch der Landesverkehrsministerkonferenz","datePublished":"2020-10-16T03:11:47+00:00","mainEntityOfPage":{"@id":"https:\/\/radioleinewelle.de\/index.php\/2020\/10\/16\/buendnis-fordert-von-bundesregierung-oepnv-gipfel-besuch-der-landesverkehrsministerkonferenz\/"},"wordCount":749,"publisher":{"@id":"https:\/\/radioleinewelle.de\/#organization"},"articleSection":["Aktuelle Nachrichten"],"inLanguage":"de"},{"@type":"WebPage","@id":"https:\/\/radioleinewelle.de\/index.php\/2020\/10\/16\/buendnis-fordert-von-bundesregierung-oepnv-gipfel-besuch-der-landesverkehrsministerkonferenz\/","url":"https:\/\/radioleinewelle.de\/index.php\/2020\/10\/16\/buendnis-fordert-von-bundesregierung-oepnv-gipfel-besuch-der-landesverkehrsministerkonferenz\/","name":"B\u00fcndnis fordert von Bundesregierung \u00d6PNV-Gipfel \u2013 Besuch der Landesverkehrsministerkonferenz - Radio Leinewelle","isPartOf":{"@id":"https:\/\/radioleinewelle.de\/#website"},"datePublished":"2020-10-16T03:11:47+00:00","breadcrumb":{"@id":"https:\/\/radioleinewelle.de\/index.php\/2020\/10\/16\/buendnis-fordert-von-bundesregierung-oepnv-gipfel-besuch-der-landesverkehrsministerkonferenz\/#breadcrumb"},"inLanguage":"de","potentialAction":[{"@type":"ReadAction","target":["https:\/\/radioleinewelle.de\/index.php\/2020\/10\/16\/buendnis-fordert-von-bundesregierung-oepnv-gipfel-besuch-der-landesverkehrsministerkonferenz\/"]}]},{"@type":"BreadcrumbList","@id":"https:\/\/radioleinewelle.de\/index.php\/2020\/10\/16\/buendnis-fordert-von-bundesregierung-oepnv-gipfel-besuch-der-landesverkehrsministerkonferenz\/#breadcrumb","itemListElement":[{"@type":"ListItem","position":1,"name":"Startseite","item":"https:\/\/radioleinewelle.de\/"},{"@type":"ListItem","position":2,"name":"B\u00fcndnis fordert von Bundesregierung \u00d6PNV-Gipfel \u2013 Besuch der Landesverkehrsministerkonferenz"}]},{"@type":"WebSite","@id":"https:\/\/radioleinewelle.de\/#website","url":"https:\/\/radioleinewelle.de\/","name":"Radio Leinewelle","description":"","publisher":{"@id":"https:\/\/radioleinewelle.de\/#organization"},"potentialAction":[{"@type":"SearchAction","target":{"@type":"EntryPoint","urlTemplate":"https:\/\/radioleinewelle.de\/?s={search_term_string}"},"query-input":{"@type":"PropertyValueSpecification","valueRequired":true,"valueName":"search_term_string"}}],"inLanguage":"de"},{"@type":"Organization","@id":"https:\/\/radioleinewelle.de\/#organization","name":"Radio Leinewelle","alternateName":"Mein Radio f\u00fcr S\u00fcdniedersachsen","url":"https:\/\/radioleinewelle.de\/","logo":{"@type":"ImageObject","inLanguage":"de","@id":"https:\/\/radioleinewelle.de\/#\/schema\/logo\/image\/","url":"https:\/\/radioleinewelle.de\/wp-content\/uploads\/2023\/11\/cropped-Leinewelle_Logo_weiss.png","contentUrl":"https:\/\/radioleinewelle.de\/wp-content\/uploads\/2023\/11\/cropped-Leinewelle_Logo_weiss.png","width":854,"height":260,"caption":"Radio Leinewelle"},"image":{"@id":"https:\/\/radioleinewelle.de\/#\/schema\/logo\/image\/"},"sameAs":["https:\/\/www.facebook.com\/radioleinewelle","https:\/\/x.com\/RLeinewelle","https:\/\/www.instagram.com\/radioleinewelle\/?hl=de"]},{"@type":"Person","@id":"https:\/\/radioleinewelle.de\/#\/schema\/person\/45606f348637df637192dc1b68399a63","name":"Leinewelle","image":{"@type":"ImageObject","inLanguage":"de","@id":"https:\/\/secure.gravatar.com\/avatar\/05c9a17bc973052ee5d91549bd32fb4dd0dc85b7b85ae94b2e2b4943476bbea5?s=96&d=blank&r=g","url":"https:\/\/secure.gravatar.com\/avatar\/05c9a17bc973052ee5d91549bd32fb4dd0dc85b7b85ae94b2e2b4943476bbea5?s=96&d=blank&r=g","contentUrl":"https:\/\/secure.gravatar.com\/avatar\/05c9a17bc973052ee5d91549bd32fb4dd0dc85b7b85ae94b2e2b4943476bbea5?s=96&d=blank&r=g","caption":"Leinewelle"},"sameAs":["http:\/\/localhost\/radio%20leinewelle\/wordpress","https:\/\/www.facebook.com\/radioleinewelle","https:\/\/www.instagram.com\/radioleinewelle","https:\/\/x.com\/https:\/\/twitter.com\/RLeinewelle?ref_src=twsrcgoogletwcampserptwgrauthor","https:\/\/soundcloud.com\/foerderverein-lokalradio?utm_source=clipboard&utm_medium=text&utm_campaign=social_sharing"],"url":"https:\/\/radioleinewelle.de\/index.php\/author\/leinewelle\/"}]}},"_links":{"self":[{"href":"https:\/\/radioleinewelle.de\/index.php\/wp-json\/wp\/v2\/posts\/2385","targetHints":{"allow":["GET"]}}],"collection":[{"href":"https:\/\/radioleinewelle.de\/index.php\/wp-json\/wp\/v2\/posts"}],"about":[{"href":"https:\/\/radioleinewelle.de\/index.php\/wp-json\/wp\/v2\/types\/post"}],"author":[{"embeddable":true,"href":"https:\/\/radioleinewelle.de\/index.php\/wp-json\/wp\/v2\/users\/1"}],"replies":[{"embeddable":true,"href":"https:\/\/radioleinewelle.de\/index.php\/wp-json\/wp\/v2\/comments?post=2385"}],"version-history":[{"count":0,"href":"https:\/\/radioleinewelle.de\/index.php\/wp-json\/wp\/v2\/posts\/2385\/revisions"}],"wp:attachment":[{"href":"https:\/\/radioleinewelle.de\/index.php\/wp-json\/wp\/v2\/media?parent=2385"}],"wp:term":[{"taxonomy":"category","embeddable":true,"href":"https:\/\/radioleinewelle.de\/index.php\/wp-json\/wp\/v2\/categories?post=2385"},{"taxonomy":"post_tag","embeddable":true,"href":"https:\/\/radioleinewelle.de\/index.php\/wp-json\/wp\/v2\/tags?post=2385"}],"curies":[{"name":"wp","href":"https:\/\/api.w.org\/{rel}","templated":true}]}}