{"id":2395,"date":"2020-10-17T05:36:00","date_gmt":"2020-10-17T03:36:00","guid":{"rendered":"https:\/\/radioleinewelle.de\/?p=2395"},"modified":"2020-10-17T05:36:00","modified_gmt":"2020-10-17T03:36:00","slug":"vegan-klischee-ade-oder-wie-wir-mit-konsum-die-welt-retten","status":"publish","type":"post","link":"https:\/\/radioleinewelle.de\/index.php\/2020\/10\/17\/vegan-klischee-ade-oder-wie-wir-mit-konsum-die-welt-retten\/","title":{"rendered":"Vegan Klischee ad\u00e9 &#8211; oder wie wir mit Konsum die Welt retten"},"content":{"rendered":"<div class=\"page\" title=\"Page 1\">\n<div class=\"layoutArea\">\n<div class=\"column\">\n<p>Berlin\/Frankfurt. Seit 2015 touren die Veranstalter der Berliner Agentur ECOVENTA durch deutsche St\u00e4dte mit dem Eventformat Veggienale &amp; FairGoods &#8211; bei dem sich alles rund um einen pflanzlichen Lebensstil und \u00f6kologische Nachhaltigkeit dreht. Das deutschlandweit einzigartige Konzept mit dem Motto \u201e\u00d6ko + vegan macht stark!\u201c gastiert nun zum f\u00fcnften Mal in Hannover, konkret am Wochenende des 17. und 18. Oktober 2020 im Hannover Congress Centrum, Glashalle, Theodor-Heuss-Platz 1-3, 30175 Hannover.<\/p>\n<p>Das Spektrum reicht u.a. von Bio-Food, Upcycling, \u00d6kostrom, Fairtrade, nachhaltigen Geldanlagen bis hin zu ethisch-korrekter Mode und Angeboten zur pflanzenbasierten, gesunden Ern\u00e4hrungs- und Lebensweise. Information und Aufkl\u00e4rung stehen dabei im Vordergrund\u201c, sagt Daniel Sechert vom Veranstalter ECOVENTA. Daher sind nicht nur \u201eeingefleischte\u201c Veganer und \u00d6kos eingeladen, sondern auch die Menschen, die Nachhaltigkeit bisher eher als nachteiligen Kompromiss sehen. Im Rahmenprogramm gibt es u.a. eine Kochshow mit Avantgarde-Koch Felix Blum (Peace Food).<br \/>\nEin Highlight sind die Top-Referate von Fach- und Kochbuch-Autor Niko Rittenau (\u201eVegan Klischee Ad\u00e9\u201c), der an beiden Messetagen live zu erleben ist und sich u.a. dem Thema Cultered Meat widmet (\u201eFleisch aus Zellkulturen \u2013 die L\u00f6sung der Weltern\u00e4hrung oder blo\u00dfer Hype?\u201c).<br \/>\n<a href=\"https:\/\/veggienale.de\/besuchen\/hannover-2020\">Das vollst\u00e4ndige Messeprogramm ist online ver\u00f6ffentlicht.<\/a> Alle Programmpunkte sind kostenfrei und im Eintrittspreis bereits enthalten. Allerdings ist eine Anmeldung\/Registrierung vor Ort zu den einzelnen Programmpunkten erforderlich, da die Pl\u00e4tze begrenzt sind.<\/p>\n<\/div>\n<\/div>\n<p><img decoding=\"async\" src=\"blob:https:\/\/radioleinewelle.de\/c80e33c5-c7c3-4f24-8945-7c36c712c721\" alt=\"page1image1248977920\" width=\"456.480000\" height=\"2.879995\" \/><\/p>\n<\/div>\n<div class=\"page\" title=\"Page 2\">\n<div class=\"layoutArea\">\n<div class=\"column\">\n<p>Der Eintritt kostet 8 EUR an den Tageskassen (6 EUR erm\u00e4\u00dfigt). Im Online- Vorverkauf gibt es Tickets f\u00fcr 7 EUR (5 EUR erm\u00e4\u00dfigt). Kinder bis 14 Jahre haben freien Eintritt. Die \u00d6ffnungszeiten sind Samstag und Sonntag jeweils 10.00 bis 18.00 Uhr.<\/p>\n<\/div>\n<\/div>\n<\/div>\n","protected":false},"excerpt":{"rendered":"<p>Berlin\/Frankfurt. Seit 2015 touren die Veranstalter der Berliner Agentur ECOVENTA durch deutsche St\u00e4dte mit dem Eventformat Veggienale &amp; FairGoods &#8211; bei dem sich alles rund um einen pflanzlichen Lebensstil und \u00f6kologische Nachhaltigkeit dreht. Das deutschlandweit einzigartige Konzept mit dem Motto \u201e\u00d6ko + vegan macht stark!\u201c gastiert nun zum f\u00fcnften Mal in Hannover, konkret am Wochenende [&hellip;]<\/p>\n","protected":false},"author":1,"featured_media":0,"comment_status":"closed","ping_status":"closed","sticky":false,"template":"","format":"standard","meta":{"saved_in_kubio":false,"footnotes":""},"categories":[41],"tags":[],"class_list":["post-2395","post","type-post","status-publish","format-standard","hentry","category-veranstaltungen"],"yoast_head":"<!-- This site is optimized with the Yoast SEO plugin v27.5 - https:\/\/yoast.com\/product\/yoast-seo-wordpress\/ -->\n<title>Vegan Klischee ad\u00e9 - oder wie wir mit Konsum die Welt retten - Radio Leinewelle<\/title>\n<meta name=\"robots\" content=\"index, follow, max-snippet:-1, max-image-preview:large, max-video-preview:-1\" \/>\n<link rel=\"canonical\" href=\"https:\/\/radioleinewelle.de\/index.php\/2020\/10\/17\/vegan-klischee-ade-oder-wie-wir-mit-konsum-die-welt-retten\/\" \/>\n<meta property=\"og:locale\" content=\"de_DE\" \/>\n<meta property=\"og:type\" content=\"article\" \/>\n<meta property=\"og:title\" content=\"Vegan Klischee ad\u00e9 - oder wie wir mit Konsum die Welt retten - Radio Leinewelle\" \/>\n<meta property=\"og:description\" content=\"Berlin\/Frankfurt. Seit 2015 touren die Veranstalter der Berliner Agentur ECOVENTA durch deutsche St\u00e4dte mit dem Eventformat Veggienale &amp; FairGoods &#8211; bei dem sich alles rund um einen pflanzlichen Lebensstil und \u00f6kologische Nachhaltigkeit dreht. Das deutschlandweit einzigartige Konzept mit dem Motto \u201e\u00d6ko + vegan macht stark!\u201c gastiert nun zum f\u00fcnften Mal in Hannover, konkret am Wochenende [&hellip;]\" \/>\n<meta property=\"og:url\" content=\"https:\/\/radioleinewelle.de\/index.php\/2020\/10\/17\/vegan-klischee-ade-oder-wie-wir-mit-konsum-die-welt-retten\/\" \/>\n<meta property=\"og:site_name\" content=\"Radio Leinewelle\" \/>\n<meta property=\"article:publisher\" content=\"https:\/\/www.facebook.com\/radioleinewelle\" \/>\n<meta property=\"article:author\" content=\"https:\/\/www.facebook.com\/radioleinewelle\" \/>\n<meta property=\"article:published_time\" content=\"2020-10-17T03:36:00+00:00\" \/>\n<meta name=\"author\" content=\"Leinewelle\" \/>\n<meta name=\"twitter:card\" content=\"summary_large_image\" \/>\n<meta name=\"twitter:creator\" content=\"@https:\/\/twitter.com\/RLeinewelle?ref_src=twsrcgoogletwcampserptwgrauthor\" \/>\n<meta name=\"twitter:site\" content=\"@RLeinewelle\" \/>\n<meta name=\"twitter:label1\" content=\"Verfasst von\" \/>\n\t<meta name=\"twitter:data1\" content=\"Leinewelle\" \/>\n\t<meta name=\"twitter:label2\" content=\"Gesch\u00e4tzte Lesezeit\" \/>\n\t<meta name=\"twitter:data2\" content=\"1\u00a0Minute\" \/>\n<script type=\"application\/ld+json\" class=\"yoast-schema-graph\">{\"@context\":\"https:\\\/\\\/schema.org\",\"@graph\":[{\"@type\":\"Article\",\"@id\":\"https:\\\/\\\/radioleinewelle.de\\\/index.php\\\/2020\\\/10\\\/17\\\/vegan-klischee-ade-oder-wie-wir-mit-konsum-die-welt-retten\\\/#article\",\"isPartOf\":{\"@id\":\"https:\\\/\\\/radioleinewelle.de\\\/index.php\\\/2020\\\/10\\\/17\\\/vegan-klischee-ade-oder-wie-wir-mit-konsum-die-welt-retten\\\/\"},\"author\":{\"name\":\"Leinewelle\",\"@id\":\"https:\\\/\\\/radioleinewelle.de\\\/#\\\/schema\\\/person\\\/45606f348637df637192dc1b68399a63\"},\"headline\":\"Vegan Klischee ad\u00e9 &#8211; oder wie wir mit Konsum die Welt retten\",\"datePublished\":\"2020-10-17T03:36:00+00:00\",\"mainEntityOfPage\":{\"@id\":\"https:\\\/\\\/radioleinewelle.de\\\/index.php\\\/2020\\\/10\\\/17\\\/vegan-klischee-ade-oder-wie-wir-mit-konsum-die-welt-retten\\\/\"},\"wordCount\":270,\"publisher\":{\"@id\":\"https:\\\/\\\/radioleinewelle.de\\\/#organization\"},\"articleSection\":[\"Veranstaltungen\"],\"inLanguage\":\"de\"},{\"@type\":\"WebPage\",\"@id\":\"https:\\\/\\\/radioleinewelle.de\\\/index.php\\\/2020\\\/10\\\/17\\\/vegan-klischee-ade-oder-wie-wir-mit-konsum-die-welt-retten\\\/\",\"url\":\"https:\\\/\\\/radioleinewelle.de\\\/index.php\\\/2020\\\/10\\\/17\\\/vegan-klischee-ade-oder-wie-wir-mit-konsum-die-welt-retten\\\/\",\"name\":\"Vegan Klischee ad\u00e9 - oder wie wir mit Konsum die Welt retten - Radio Leinewelle\",\"isPartOf\":{\"@id\":\"https:\\\/\\\/radioleinewelle.de\\\/#website\"},\"datePublished\":\"2020-10-17T03:36:00+00:00\",\"breadcrumb\":{\"@id\":\"https:\\\/\\\/radioleinewelle.de\\\/index.php\\\/2020\\\/10\\\/17\\\/vegan-klischee-ade-oder-wie-wir-mit-konsum-die-welt-retten\\\/#breadcrumb\"},\"inLanguage\":\"de\",\"potentialAction\":[{\"@type\":\"ReadAction\",\"target\":[\"https:\\\/\\\/radioleinewelle.de\\\/index.php\\\/2020\\\/10\\\/17\\\/vegan-klischee-ade-oder-wie-wir-mit-konsum-die-welt-retten\\\/\"]}]},{\"@type\":\"BreadcrumbList\",\"@id\":\"https:\\\/\\\/radioleinewelle.de\\\/index.php\\\/2020\\\/10\\\/17\\\/vegan-klischee-ade-oder-wie-wir-mit-konsum-die-welt-retten\\\/#breadcrumb\",\"itemListElement\":[{\"@type\":\"ListItem\",\"position\":1,\"name\":\"Startseite\",\"item\":\"https:\\\/\\\/radioleinewelle.de\\\/\"},{\"@type\":\"ListItem\",\"position\":2,\"name\":\"Vegan Klischee ad\u00e9 &#8211; oder wie wir mit Konsum die Welt retten\"}]},{\"@type\":\"WebSite\",\"@id\":\"https:\\\/\\\/radioleinewelle.de\\\/#website\",\"url\":\"https:\\\/\\\/radioleinewelle.de\\\/\",\"name\":\"Radio Leinewelle\",\"description\":\"\",\"publisher\":{\"@id\":\"https:\\\/\\\/radioleinewelle.de\\\/#organization\"},\"potentialAction\":[{\"@type\":\"SearchAction\",\"target\":{\"@type\":\"EntryPoint\",\"urlTemplate\":\"https:\\\/\\\/radioleinewelle.de\\\/?s={search_term_string}\"},\"query-input\":{\"@type\":\"PropertyValueSpecification\",\"valueRequired\":true,\"valueName\":\"search_term_string\"}}],\"inLanguage\":\"de\"},{\"@type\":\"Organization\",\"@id\":\"https:\\\/\\\/radioleinewelle.de\\\/#organization\",\"name\":\"Radio Leinewelle\",\"alternateName\":\"Mein Radio f\u00fcr S\u00fcdniedersachsen\",\"url\":\"https:\\\/\\\/radioleinewelle.de\\\/\",\"logo\":{\"@type\":\"ImageObject\",\"inLanguage\":\"de\",\"@id\":\"https:\\\/\\\/radioleinewelle.de\\\/#\\\/schema\\\/logo\\\/image\\\/\",\"url\":\"https:\\\/\\\/radioleinewelle.de\\\/wp-content\\\/uploads\\\/2023\\\/11\\\/cropped-Leinewelle_Logo_weiss.png\",\"contentUrl\":\"https:\\\/\\\/radioleinewelle.de\\\/wp-content\\\/uploads\\\/2023\\\/11\\\/cropped-Leinewelle_Logo_weiss.png\",\"width\":854,\"height\":260,\"caption\":\"Radio Leinewelle\"},\"image\":{\"@id\":\"https:\\\/\\\/radioleinewelle.de\\\/#\\\/schema\\\/logo\\\/image\\\/\"},\"sameAs\":[\"https:\\\/\\\/www.facebook.com\\\/radioleinewelle\",\"https:\\\/\\\/x.com\\\/RLeinewelle\",\"https:\\\/\\\/www.instagram.com\\\/radioleinewelle\\\/?hl=de\"]},{\"@type\":\"Person\",\"@id\":\"https:\\\/\\\/radioleinewelle.de\\\/#\\\/schema\\\/person\\\/45606f348637df637192dc1b68399a63\",\"name\":\"Leinewelle\",\"image\":{\"@type\":\"ImageObject\",\"inLanguage\":\"de\",\"@id\":\"https:\\\/\\\/secure.gravatar.com\\\/avatar\\\/05c9a17bc973052ee5d91549bd32fb4dd0dc85b7b85ae94b2e2b4943476bbea5?s=96&d=blank&r=g\",\"url\":\"https:\\\/\\\/secure.gravatar.com\\\/avatar\\\/05c9a17bc973052ee5d91549bd32fb4dd0dc85b7b85ae94b2e2b4943476bbea5?s=96&d=blank&r=g\",\"contentUrl\":\"https:\\\/\\\/secure.gravatar.com\\\/avatar\\\/05c9a17bc973052ee5d91549bd32fb4dd0dc85b7b85ae94b2e2b4943476bbea5?s=96&d=blank&r=g\",\"caption\":\"Leinewelle\"},\"sameAs\":[\"http:\\\/\\\/localhost\\\/radio%20leinewelle\\\/wordpress\",\"https:\\\/\\\/www.facebook.com\\\/radioleinewelle\",\"https:\\\/\\\/www.instagram.com\\\/radioleinewelle\",\"https:\\\/\\\/x.com\\\/https:\\\/\\\/twitter.com\\\/RLeinewelle?ref_src=twsrcgoogletwcampserptwgrauthor\",\"https:\\\/\\\/soundcloud.com\\\/foerderverein-lokalradio?utm_source=clipboard&utm_medium=text&utm_campaign=social_sharing\"],\"url\":\"https:\\\/\\\/radioleinewelle.de\\\/index.php\\\/author\\\/leinewelle\\\/\"}]}<\/script>\n<!-- \/ Yoast SEO plugin. -->","yoast_head_json":{"title":"Vegan Klischee ad\u00e9 - oder wie wir mit Konsum die Welt retten - Radio Leinewelle","robots":{"index":"index","follow":"follow","max-snippet":"max-snippet:-1","max-image-preview":"max-image-preview:large","max-video-preview":"max-video-preview:-1"},"canonical":"https:\/\/radioleinewelle.de\/index.php\/2020\/10\/17\/vegan-klischee-ade-oder-wie-wir-mit-konsum-die-welt-retten\/","og_locale":"de_DE","og_type":"article","og_title":"Vegan Klischee ad\u00e9 - oder wie wir mit Konsum die Welt retten - Radio Leinewelle","og_description":"Berlin\/Frankfurt. Seit 2015 touren die Veranstalter der Berliner Agentur ECOVENTA durch deutsche St\u00e4dte mit dem Eventformat Veggienale &amp; FairGoods &#8211; bei dem sich alles rund um einen pflanzlichen Lebensstil und \u00f6kologische Nachhaltigkeit dreht. Das deutschlandweit einzigartige Konzept mit dem Motto \u201e\u00d6ko + vegan macht stark!\u201c gastiert nun zum f\u00fcnften Mal in Hannover, konkret am Wochenende [&hellip;]","og_url":"https:\/\/radioleinewelle.de\/index.php\/2020\/10\/17\/vegan-klischee-ade-oder-wie-wir-mit-konsum-die-welt-retten\/","og_site_name":"Radio Leinewelle","article_publisher":"https:\/\/www.facebook.com\/radioleinewelle","article_author":"https:\/\/www.facebook.com\/radioleinewelle","article_published_time":"2020-10-17T03:36:00+00:00","author":"Leinewelle","twitter_card":"summary_large_image","twitter_creator":"@https:\/\/twitter.com\/RLeinewelle?ref_src=twsrcgoogletwcampserptwgrauthor","twitter_site":"@RLeinewelle","twitter_misc":{"Verfasst von":"Leinewelle","Gesch\u00e4tzte Lesezeit":"1\u00a0Minute"},"schema":{"@context":"https:\/\/schema.org","@graph":[{"@type":"Article","@id":"https:\/\/radioleinewelle.de\/index.php\/2020\/10\/17\/vegan-klischee-ade-oder-wie-wir-mit-konsum-die-welt-retten\/#article","isPartOf":{"@id":"https:\/\/radioleinewelle.de\/index.php\/2020\/10\/17\/vegan-klischee-ade-oder-wie-wir-mit-konsum-die-welt-retten\/"},"author":{"name":"Leinewelle","@id":"https:\/\/radioleinewelle.de\/#\/schema\/person\/45606f348637df637192dc1b68399a63"},"headline":"Vegan Klischee ad\u00e9 &#8211; oder wie wir mit Konsum die Welt retten","datePublished":"2020-10-17T03:36:00+00:00","mainEntityOfPage":{"@id":"https:\/\/radioleinewelle.de\/index.php\/2020\/10\/17\/vegan-klischee-ade-oder-wie-wir-mit-konsum-die-welt-retten\/"},"wordCount":270,"publisher":{"@id":"https:\/\/radioleinewelle.de\/#organization"},"articleSection":["Veranstaltungen"],"inLanguage":"de"},{"@type":"WebPage","@id":"https:\/\/radioleinewelle.de\/index.php\/2020\/10\/17\/vegan-klischee-ade-oder-wie-wir-mit-konsum-die-welt-retten\/","url":"https:\/\/radioleinewelle.de\/index.php\/2020\/10\/17\/vegan-klischee-ade-oder-wie-wir-mit-konsum-die-welt-retten\/","name":"Vegan Klischee ad\u00e9 - oder wie wir mit Konsum die Welt retten - Radio Leinewelle","isPartOf":{"@id":"https:\/\/radioleinewelle.de\/#website"},"datePublished":"2020-10-17T03:36:00+00:00","breadcrumb":{"@id":"https:\/\/radioleinewelle.de\/index.php\/2020\/10\/17\/vegan-klischee-ade-oder-wie-wir-mit-konsum-die-welt-retten\/#breadcrumb"},"inLanguage":"de","potentialAction":[{"@type":"ReadAction","target":["https:\/\/radioleinewelle.de\/index.php\/2020\/10\/17\/vegan-klischee-ade-oder-wie-wir-mit-konsum-die-welt-retten\/"]}]},{"@type":"BreadcrumbList","@id":"https:\/\/radioleinewelle.de\/index.php\/2020\/10\/17\/vegan-klischee-ade-oder-wie-wir-mit-konsum-die-welt-retten\/#breadcrumb","itemListElement":[{"@type":"ListItem","position":1,"name":"Startseite","item":"https:\/\/radioleinewelle.de\/"},{"@type":"ListItem","position":2,"name":"Vegan Klischee ad\u00e9 &#8211; oder wie wir mit Konsum die Welt retten"}]},{"@type":"WebSite","@id":"https:\/\/radioleinewelle.de\/#website","url":"https:\/\/radioleinewelle.de\/","name":"Radio Leinewelle","description":"","publisher":{"@id":"https:\/\/radioleinewelle.de\/#organization"},"potentialAction":[{"@type":"SearchAction","target":{"@type":"EntryPoint","urlTemplate":"https:\/\/radioleinewelle.de\/?s={search_term_string}"},"query-input":{"@type":"PropertyValueSpecification","valueRequired":true,"valueName":"search_term_string"}}],"inLanguage":"de"},{"@type":"Organization","@id":"https:\/\/radioleinewelle.de\/#organization","name":"Radio Leinewelle","alternateName":"Mein Radio f\u00fcr S\u00fcdniedersachsen","url":"https:\/\/radioleinewelle.de\/","logo":{"@type":"ImageObject","inLanguage":"de","@id":"https:\/\/radioleinewelle.de\/#\/schema\/logo\/image\/","url":"https:\/\/radioleinewelle.de\/wp-content\/uploads\/2023\/11\/cropped-Leinewelle_Logo_weiss.png","contentUrl":"https:\/\/radioleinewelle.de\/wp-content\/uploads\/2023\/11\/cropped-Leinewelle_Logo_weiss.png","width":854,"height":260,"caption":"Radio Leinewelle"},"image":{"@id":"https:\/\/radioleinewelle.de\/#\/schema\/logo\/image\/"},"sameAs":["https:\/\/www.facebook.com\/radioleinewelle","https:\/\/x.com\/RLeinewelle","https:\/\/www.instagram.com\/radioleinewelle\/?hl=de"]},{"@type":"Person","@id":"https:\/\/radioleinewelle.de\/#\/schema\/person\/45606f348637df637192dc1b68399a63","name":"Leinewelle","image":{"@type":"ImageObject","inLanguage":"de","@id":"https:\/\/secure.gravatar.com\/avatar\/05c9a17bc973052ee5d91549bd32fb4dd0dc85b7b85ae94b2e2b4943476bbea5?s=96&d=blank&r=g","url":"https:\/\/secure.gravatar.com\/avatar\/05c9a17bc973052ee5d91549bd32fb4dd0dc85b7b85ae94b2e2b4943476bbea5?s=96&d=blank&r=g","contentUrl":"https:\/\/secure.gravatar.com\/avatar\/05c9a17bc973052ee5d91549bd32fb4dd0dc85b7b85ae94b2e2b4943476bbea5?s=96&d=blank&r=g","caption":"Leinewelle"},"sameAs":["http:\/\/localhost\/radio%20leinewelle\/wordpress","https:\/\/www.facebook.com\/radioleinewelle","https:\/\/www.instagram.com\/radioleinewelle","https:\/\/x.com\/https:\/\/twitter.com\/RLeinewelle?ref_src=twsrcgoogletwcampserptwgrauthor","https:\/\/soundcloud.com\/foerderverein-lokalradio?utm_source=clipboard&utm_medium=text&utm_campaign=social_sharing"],"url":"https:\/\/radioleinewelle.de\/index.php\/author\/leinewelle\/"}]}},"_links":{"self":[{"href":"https:\/\/radioleinewelle.de\/index.php\/wp-json\/wp\/v2\/posts\/2395","targetHints":{"allow":["GET"]}}],"collection":[{"href":"https:\/\/radioleinewelle.de\/index.php\/wp-json\/wp\/v2\/posts"}],"about":[{"href":"https:\/\/radioleinewelle.de\/index.php\/wp-json\/wp\/v2\/types\/post"}],"author":[{"embeddable":true,"href":"https:\/\/radioleinewelle.de\/index.php\/wp-json\/wp\/v2\/users\/1"}],"replies":[{"embeddable":true,"href":"https:\/\/radioleinewelle.de\/index.php\/wp-json\/wp\/v2\/comments?post=2395"}],"version-history":[{"count":0,"href":"https:\/\/radioleinewelle.de\/index.php\/wp-json\/wp\/v2\/posts\/2395\/revisions"}],"wp:attachment":[{"href":"https:\/\/radioleinewelle.de\/index.php\/wp-json\/wp\/v2\/media?parent=2395"}],"wp:term":[{"taxonomy":"category","embeddable":true,"href":"https:\/\/radioleinewelle.de\/index.php\/wp-json\/wp\/v2\/categories?post=2395"},{"taxonomy":"post_tag","embeddable":true,"href":"https:\/\/radioleinewelle.de\/index.php\/wp-json\/wp\/v2\/tags?post=2395"}],"curies":[{"name":"wp","href":"https:\/\/api.w.org\/{rel}","templated":true}]}}