{"id":2402,"date":"2020-10-17T05:40:16","date_gmt":"2020-10-17T03:40:16","guid":{"rendered":"https:\/\/radioleinewelle.de\/?p=2402"},"modified":"2020-10-17T05:40:16","modified_gmt":"2020-10-17T03:40:16","slug":"corona-infektionen-starker-anstieg-der-fallzahlen-in-kassel","status":"publish","type":"post","link":"https:\/\/radioleinewelle.de\/index.php\/2020\/10\/17\/corona-infektionen-starker-anstieg-der-fallzahlen-in-kassel\/","title":{"rendered":"Corona-Infektionen: Starker Anstieg der Fallzahlen in Kassel"},"content":{"rendered":"<section class=\"SP-ArticleHeader\">\n<div class=\"SP-ArticleHeader__intro\">\n<p>In der Hessischen Erstaufnahmeeinrichtung (HEAE) f\u00fcr Gefl\u00fcchtete im Kasseler Stadtteil Niederzwehren ist eine hohe Zahl von Bewohnerinnen und Bewohnern mit dem Erreger SARS-CoV-2 infiziert.<\/p>\n<\/div>\n<\/section>\n<div class=\"SP-ArticleContent\">\n<div class=\"SP-Text\">\n<div class=\"SP-Paragraph\" data-sp-table=\"\" data-sp-table-bootstrapped=\"sp-5\">\n<p>In der vergangenen Woche waren zun\u00e4chst ein ehrenamtlicher Mitarbeiter und in der Folge zwei Bewohnerinnen, ein Bewohner sowie ein Kind positiv auf das Coronavirus getestet worden.\u00a0In der Folge war vom Magistrat der Stadt Kassel f\u00fcr alle 301 in der Einrichtung lebenden Menschen vorsorglich Quarant\u00e4ne angeordnet worden. Seit Freitag, 9. Oktober, d\u00fcrfen sie das Gel\u00e4nde nicht verlassen und werden vor Ort vom f\u00fcr die Einrichtung zust\u00e4ndigen Regierungspr\u00e4sidium Gie\u00dfen und beauftragten Dienstleistern versorgt. Zudem hatte die Stadt Kassel veranlasst, alle 301 Bewohnerinnen und Bewohner zu testen. Nach vorliegenden Ergebnissen aus Laboruntersuchungen waren zun\u00e4chst mindestens 111 Personen betroffen.\u00a0Vor allem deswegen ist die Zahl der Corona-Infektionen in Kassel stark angestiegen. Die aktuelle 7-Tage-Inzidenz liegt bei 97,6 (Stand 15. Oktober).<\/p>\n<p><strong>Veranstaltungen k\u00f6nnen nicht wie geplant stattfinden<\/strong><\/p>\n<p>\u201eBei dieser Lage in der Erstaufnahmeeinrichtung handelt es sich um ein besonderes Ausbruchsgeschehen, auf das wir mit der umgehenden Quarant\u00e4neanordnung bereits reagiert haben. Die Sicherung des Gel\u00e4ndes wird bereits seit vergangenem Freitag gew\u00e4hrleistet\u201c, sagt Oberb\u00fcrgermeister Christian Geselle. \u201eIn einer ersten Konsequenz werden gr\u00f6\u00dfere Veranstaltungen mit mehr als 250 Teilnehmenden bis auf weiteres leider nicht wie geplant stattfinden. Diese Ma\u00dfnahme ist notwendig, um dem Anstieg der Inzidenz entgegenzuwirken. Wir beobachten die Lage fortlaufend, bewerten sie und werden entscheiden, ob weitere Ma\u00dfnahmen notwendig sind.\u201c<\/p>\n<p>Sportveranstaltungen wie die Heimspiele des KSV Hessen Kassel im Auestadion und der MT Melsungen in der Rothenbachhalle k\u00f6nnen stattfinden, allerdings ohne Zuschauer.\u00a0\u00a0Vorgreiflich der ab kommenden Montag in Kraft tretenden Rechtsverordnung des Landes Hessen werden in Kassel bereits ab morgen private Feiern mit mehr als 25 Personen untersagt. F\u00fcr Feiern in privaten R\u00e4umen, insbesondere in Wohnungen, wird eine H\u00f6chstteilnehmerzahl von 10 Personen dringend empfohlen.<\/p>\n<p><strong>Appell: Jede und jeder kann mit Umsicht und Besonnenheit einen Beitrag leisten<\/strong><\/p>\n<p>\u201eMit dem kurzfristigen Verzicht auf gr\u00f6\u00dfere Veranstaltungen reduzieren wir die M\u00f6glichkeiten f\u00fcr das Virus, sich weiter auszubreiten. Au\u00dferdem helfen nat\u00fcrlich die bekannten Vorsichtsma\u00dfnahmen und Hygieneregeln unter dem Stichwort AHA+L: Abstand halten, Hygiene durch gr\u00fcndliches H\u00e4nde waschen, Alltagsmaske tragen und regelm\u00e4\u00dfiges L\u00fcften. Ich appelliere an die Besonnenheit aller Menschen in Kassel. Jede und jeder muss die eigene Verantwortung ernst nehmen\u201c, so Oberb\u00fcrgermeister Geselle. \u201eVerhalten Sie sich verantwortungsvoll und unterst\u00fctzen Sie andere wie zum Beispiel Sicherheitskr\u00e4fte bei ihren Bem\u00fchungen f\u00fcr ein geordnetes und friedliches Miteinander zu sorgen. Bleiben sie vorsichtig und r\u00fccksichtsvoll. So k\u00f6nnen Sie sich selbst und andere sch\u00fctzen.\u201c<\/p>\n<p><strong>Waffenb\u00f6rse<\/strong><\/p>\n<p>Entgegen der Untersagungserkl\u00e4rung der Stadt Kassel kann die Internationale Waffenb\u00f6rse in den Messehallen unter Auflagen \u00f6ffnen. Gegen einen entsprechenden Beschluss des Verwaltungsgerichts Kassel wird sich die Stadt Kassel jetzt mit einer Beschwerde an den Hessischen Verwaltungsgerichtshof wenden. Solange kann die Messe, zu der tausende, auch internationale Besucher erwartet werden, stattfinden. Oberb\u00fcrgermeister Christian Geselle: \u201eF\u00fcr diese Entscheidung des Verwaltungsgerichts habe ich angesichts des aktuellen Infektionsgeschehens in unserer Stadt kein Verst\u00e4ndnis.\u201c Der Veranstalter der Waffenb\u00f6rse hatte beim Verwaltungsgericht einen Eilantrag gegen die Untersagungserkl\u00e4rung der Stadt gestellt.<\/p>\n<p>Foto: Pixabay<\/p>\n<\/div>\n<\/div>\n<\/div>\n","protected":false},"excerpt":{"rendered":"<p>In der Hessischen Erstaufnahmeeinrichtung (HEAE) f\u00fcr Gefl\u00fcchtete im Kasseler Stadtteil Niederzwehren ist eine hohe Zahl von Bewohnerinnen und Bewohnern mit dem Erreger SARS-CoV-2 infiziert. In der vergangenen Woche waren zun\u00e4chst ein ehrenamtlicher Mitarbeiter und in der Folge zwei Bewohnerinnen, ein Bewohner sowie ein Kind positiv auf das Coronavirus getestet worden.\u00a0In der Folge war vom Magistrat [&hellip;]<\/p>\n","protected":false},"author":1,"featured_media":2296,"comment_status":"closed","ping_status":"closed","sticky":false,"template":"","format":"standard","meta":{"saved_in_kubio":false,"footnotes":""},"categories":[24],"tags":[],"class_list":["post-2402","post","type-post","status-publish","format-standard","has-post-thumbnail","hentry","category-news"],"yoast_head":"<!-- This site is optimized with the Yoast SEO plugin v27.5 - https:\/\/yoast.com\/product\/yoast-seo-wordpress\/ -->\n<title>Corona-Infektionen: Starker Anstieg der Fallzahlen in Kassel - Radio Leinewelle<\/title>\n<meta name=\"robots\" content=\"index, follow, max-snippet:-1, max-image-preview:large, max-video-preview:-1\" \/>\n<link rel=\"canonical\" href=\"https:\/\/radioleinewelle.de\/index.php\/2020\/10\/17\/corona-infektionen-starker-anstieg-der-fallzahlen-in-kassel\/\" \/>\n<meta property=\"og:locale\" content=\"de_DE\" \/>\n<meta property=\"og:type\" content=\"article\" \/>\n<meta property=\"og:title\" content=\"Corona-Infektionen: Starker Anstieg der Fallzahlen in Kassel - Radio Leinewelle\" \/>\n<meta property=\"og:description\" content=\"In der Hessischen Erstaufnahmeeinrichtung (HEAE) f\u00fcr Gefl\u00fcchtete im Kasseler Stadtteil Niederzwehren ist eine hohe Zahl von Bewohnerinnen und Bewohnern mit dem Erreger SARS-CoV-2 infiziert. In der vergangenen Woche waren zun\u00e4chst ein ehrenamtlicher Mitarbeiter und in der Folge zwei Bewohnerinnen, ein Bewohner sowie ein Kind positiv auf das Coronavirus getestet worden.\u00a0In der Folge war vom Magistrat [&hellip;]\" \/>\n<meta property=\"og:url\" content=\"https:\/\/radioleinewelle.de\/index.php\/2020\/10\/17\/corona-infektionen-starker-anstieg-der-fallzahlen-in-kassel\/\" \/>\n<meta property=\"og:site_name\" content=\"Radio Leinewelle\" \/>\n<meta property=\"article:publisher\" content=\"https:\/\/www.facebook.com\/radioleinewelle\" \/>\n<meta property=\"article:author\" content=\"https:\/\/www.facebook.com\/radioleinewelle\" \/>\n<meta property=\"article:published_time\" content=\"2020-10-17T03:40:16+00:00\" \/>\n<meta property=\"og:image\" content=\"https:\/\/radioleinewelle.de\/wp-content\/uploads\/2020\/10\/coronavirus-4914028_640.jpg\" \/>\n\t<meta property=\"og:image:width\" content=\"640\" \/>\n\t<meta property=\"og:image:height\" content=\"363\" \/>\n\t<meta property=\"og:image:type\" content=\"image\/jpeg\" \/>\n<meta name=\"author\" content=\"Leinewelle\" \/>\n<meta name=\"twitter:card\" content=\"summary_large_image\" \/>\n<meta name=\"twitter:creator\" content=\"@https:\/\/twitter.com\/RLeinewelle?ref_src=twsrcgoogletwcampserptwgrauthor\" \/>\n<meta name=\"twitter:site\" content=\"@RLeinewelle\" \/>\n<meta name=\"twitter:label1\" content=\"Verfasst von\" \/>\n\t<meta name=\"twitter:data1\" content=\"Leinewelle\" \/>\n\t<meta name=\"twitter:label2\" content=\"Gesch\u00e4tzte Lesezeit\" \/>\n\t<meta name=\"twitter:data2\" content=\"3\u00a0Minuten\" \/>\n<script type=\"application\/ld+json\" class=\"yoast-schema-graph\">{\"@context\":\"https:\\\/\\\/schema.org\",\"@graph\":[{\"@type\":\"Article\",\"@id\":\"https:\\\/\\\/radioleinewelle.de\\\/index.php\\\/2020\\\/10\\\/17\\\/corona-infektionen-starker-anstieg-der-fallzahlen-in-kassel\\\/#article\",\"isPartOf\":{\"@id\":\"https:\\\/\\\/radioleinewelle.de\\\/index.php\\\/2020\\\/10\\\/17\\\/corona-infektionen-starker-anstieg-der-fallzahlen-in-kassel\\\/\"},\"author\":{\"name\":\"Leinewelle\",\"@id\":\"https:\\\/\\\/radioleinewelle.de\\\/#\\\/schema\\\/person\\\/45606f348637df637192dc1b68399a63\"},\"headline\":\"Corona-Infektionen: Starker Anstieg der Fallzahlen in Kassel\",\"datePublished\":\"2020-10-17T03:40:16+00:00\",\"mainEntityOfPage\":{\"@id\":\"https:\\\/\\\/radioleinewelle.de\\\/index.php\\\/2020\\\/10\\\/17\\\/corona-infektionen-starker-anstieg-der-fallzahlen-in-kassel\\\/\"},\"wordCount\":539,\"publisher\":{\"@id\":\"https:\\\/\\\/radioleinewelle.de\\\/#organization\"},\"image\":{\"@id\":\"https:\\\/\\\/radioleinewelle.de\\\/index.php\\\/2020\\\/10\\\/17\\\/corona-infektionen-starker-anstieg-der-fallzahlen-in-kassel\\\/#primaryimage\"},\"thumbnailUrl\":\"https:\\\/\\\/radioleinewelle.de\\\/wp-content\\\/uploads\\\/2020\\\/10\\\/coronavirus-4914028_640.jpg\",\"articleSection\":[\"Aktuelle Nachrichten\"],\"inLanguage\":\"de\"},{\"@type\":\"WebPage\",\"@id\":\"https:\\\/\\\/radioleinewelle.de\\\/index.php\\\/2020\\\/10\\\/17\\\/corona-infektionen-starker-anstieg-der-fallzahlen-in-kassel\\\/\",\"url\":\"https:\\\/\\\/radioleinewelle.de\\\/index.php\\\/2020\\\/10\\\/17\\\/corona-infektionen-starker-anstieg-der-fallzahlen-in-kassel\\\/\",\"name\":\"Corona-Infektionen: Starker Anstieg der Fallzahlen in Kassel - Radio Leinewelle\",\"isPartOf\":{\"@id\":\"https:\\\/\\\/radioleinewelle.de\\\/#website\"},\"primaryImageOfPage\":{\"@id\":\"https:\\\/\\\/radioleinewelle.de\\\/index.php\\\/2020\\\/10\\\/17\\\/corona-infektionen-starker-anstieg-der-fallzahlen-in-kassel\\\/#primaryimage\"},\"image\":{\"@id\":\"https:\\\/\\\/radioleinewelle.de\\\/index.php\\\/2020\\\/10\\\/17\\\/corona-infektionen-starker-anstieg-der-fallzahlen-in-kassel\\\/#primaryimage\"},\"thumbnailUrl\":\"https:\\\/\\\/radioleinewelle.de\\\/wp-content\\\/uploads\\\/2020\\\/10\\\/coronavirus-4914028_640.jpg\",\"datePublished\":\"2020-10-17T03:40:16+00:00\",\"breadcrumb\":{\"@id\":\"https:\\\/\\\/radioleinewelle.de\\\/index.php\\\/2020\\\/10\\\/17\\\/corona-infektionen-starker-anstieg-der-fallzahlen-in-kassel\\\/#breadcrumb\"},\"inLanguage\":\"de\",\"potentialAction\":[{\"@type\":\"ReadAction\",\"target\":[\"https:\\\/\\\/radioleinewelle.de\\\/index.php\\\/2020\\\/10\\\/17\\\/corona-infektionen-starker-anstieg-der-fallzahlen-in-kassel\\\/\"]}]},{\"@type\":\"ImageObject\",\"inLanguage\":\"de\",\"@id\":\"https:\\\/\\\/radioleinewelle.de\\\/index.php\\\/2020\\\/10\\\/17\\\/corona-infektionen-starker-anstieg-der-fallzahlen-in-kassel\\\/#primaryimage\",\"url\":\"https:\\\/\\\/radioleinewelle.de\\\/wp-content\\\/uploads\\\/2020\\\/10\\\/coronavirus-4914028_640.jpg\",\"contentUrl\":\"https:\\\/\\\/radioleinewelle.de\\\/wp-content\\\/uploads\\\/2020\\\/10\\\/coronavirus-4914028_640.jpg\",\"width\":640,\"height\":363},{\"@type\":\"BreadcrumbList\",\"@id\":\"https:\\\/\\\/radioleinewelle.de\\\/index.php\\\/2020\\\/10\\\/17\\\/corona-infektionen-starker-anstieg-der-fallzahlen-in-kassel\\\/#breadcrumb\",\"itemListElement\":[{\"@type\":\"ListItem\",\"position\":1,\"name\":\"Startseite\",\"item\":\"https:\\\/\\\/radioleinewelle.de\\\/\"},{\"@type\":\"ListItem\",\"position\":2,\"name\":\"Corona-Infektionen: Starker Anstieg der Fallzahlen in Kassel\"}]},{\"@type\":\"WebSite\",\"@id\":\"https:\\\/\\\/radioleinewelle.de\\\/#website\",\"url\":\"https:\\\/\\\/radioleinewelle.de\\\/\",\"name\":\"Radio Leinewelle\",\"description\":\"\",\"publisher\":{\"@id\":\"https:\\\/\\\/radioleinewelle.de\\\/#organization\"},\"potentialAction\":[{\"@type\":\"SearchAction\",\"target\":{\"@type\":\"EntryPoint\",\"urlTemplate\":\"https:\\\/\\\/radioleinewelle.de\\\/?s={search_term_string}\"},\"query-input\":{\"@type\":\"PropertyValueSpecification\",\"valueRequired\":true,\"valueName\":\"search_term_string\"}}],\"inLanguage\":\"de\"},{\"@type\":\"Organization\",\"@id\":\"https:\\\/\\\/radioleinewelle.de\\\/#organization\",\"name\":\"Radio Leinewelle\",\"alternateName\":\"Mein Radio f\u00fcr S\u00fcdniedersachsen\",\"url\":\"https:\\\/\\\/radioleinewelle.de\\\/\",\"logo\":{\"@type\":\"ImageObject\",\"inLanguage\":\"de\",\"@id\":\"https:\\\/\\\/radioleinewelle.de\\\/#\\\/schema\\\/logo\\\/image\\\/\",\"url\":\"https:\\\/\\\/radioleinewelle.de\\\/wp-content\\\/uploads\\\/2023\\\/11\\\/cropped-Leinewelle_Logo_weiss.png\",\"contentUrl\":\"https:\\\/\\\/radioleinewelle.de\\\/wp-content\\\/uploads\\\/2023\\\/11\\\/cropped-Leinewelle_Logo_weiss.png\",\"width\":854,\"height\":260,\"caption\":\"Radio Leinewelle\"},\"image\":{\"@id\":\"https:\\\/\\\/radioleinewelle.de\\\/#\\\/schema\\\/logo\\\/image\\\/\"},\"sameAs\":[\"https:\\\/\\\/www.facebook.com\\\/radioleinewelle\",\"https:\\\/\\\/x.com\\\/RLeinewelle\",\"https:\\\/\\\/www.instagram.com\\\/radioleinewelle\\\/?hl=de\"]},{\"@type\":\"Person\",\"@id\":\"https:\\\/\\\/radioleinewelle.de\\\/#\\\/schema\\\/person\\\/45606f348637df637192dc1b68399a63\",\"name\":\"Leinewelle\",\"image\":{\"@type\":\"ImageObject\",\"inLanguage\":\"de\",\"@id\":\"https:\\\/\\\/secure.gravatar.com\\\/avatar\\\/05c9a17bc973052ee5d91549bd32fb4dd0dc85b7b85ae94b2e2b4943476bbea5?s=96&d=blank&r=g\",\"url\":\"https:\\\/\\\/secure.gravatar.com\\\/avatar\\\/05c9a17bc973052ee5d91549bd32fb4dd0dc85b7b85ae94b2e2b4943476bbea5?s=96&d=blank&r=g\",\"contentUrl\":\"https:\\\/\\\/secure.gravatar.com\\\/avatar\\\/05c9a17bc973052ee5d91549bd32fb4dd0dc85b7b85ae94b2e2b4943476bbea5?s=96&d=blank&r=g\",\"caption\":\"Leinewelle\"},\"sameAs\":[\"http:\\\/\\\/localhost\\\/radio%20leinewelle\\\/wordpress\",\"https:\\\/\\\/www.facebook.com\\\/radioleinewelle\",\"https:\\\/\\\/www.instagram.com\\\/radioleinewelle\",\"https:\\\/\\\/x.com\\\/https:\\\/\\\/twitter.com\\\/RLeinewelle?ref_src=twsrcgoogletwcampserptwgrauthor\",\"https:\\\/\\\/soundcloud.com\\\/foerderverein-lokalradio?utm_source=clipboard&utm_medium=text&utm_campaign=social_sharing\"],\"url\":\"https:\\\/\\\/radioleinewelle.de\\\/index.php\\\/author\\\/leinewelle\\\/\"}]}<\/script>\n<!-- \/ Yoast SEO plugin. -->","yoast_head_json":{"title":"Corona-Infektionen: Starker Anstieg der Fallzahlen in Kassel - Radio Leinewelle","robots":{"index":"index","follow":"follow","max-snippet":"max-snippet:-1","max-image-preview":"max-image-preview:large","max-video-preview":"max-video-preview:-1"},"canonical":"https:\/\/radioleinewelle.de\/index.php\/2020\/10\/17\/corona-infektionen-starker-anstieg-der-fallzahlen-in-kassel\/","og_locale":"de_DE","og_type":"article","og_title":"Corona-Infektionen: Starker Anstieg der Fallzahlen in Kassel - Radio Leinewelle","og_description":"In der Hessischen Erstaufnahmeeinrichtung (HEAE) f\u00fcr Gefl\u00fcchtete im Kasseler Stadtteil Niederzwehren ist eine hohe Zahl von Bewohnerinnen und Bewohnern mit dem Erreger SARS-CoV-2 infiziert. In der vergangenen Woche waren zun\u00e4chst ein ehrenamtlicher Mitarbeiter und in der Folge zwei Bewohnerinnen, ein Bewohner sowie ein Kind positiv auf das Coronavirus getestet worden.\u00a0In der Folge war vom Magistrat [&hellip;]","og_url":"https:\/\/radioleinewelle.de\/index.php\/2020\/10\/17\/corona-infektionen-starker-anstieg-der-fallzahlen-in-kassel\/","og_site_name":"Radio Leinewelle","article_publisher":"https:\/\/www.facebook.com\/radioleinewelle","article_author":"https:\/\/www.facebook.com\/radioleinewelle","article_published_time":"2020-10-17T03:40:16+00:00","og_image":[{"width":640,"height":363,"url":"https:\/\/radioleinewelle.de\/wp-content\/uploads\/2020\/10\/coronavirus-4914028_640.jpg","type":"image\/jpeg"}],"author":"Leinewelle","twitter_card":"summary_large_image","twitter_creator":"@https:\/\/twitter.com\/RLeinewelle?ref_src=twsrcgoogletwcampserptwgrauthor","twitter_site":"@RLeinewelle","twitter_misc":{"Verfasst von":"Leinewelle","Gesch\u00e4tzte Lesezeit":"3\u00a0Minuten"},"schema":{"@context":"https:\/\/schema.org","@graph":[{"@type":"Article","@id":"https:\/\/radioleinewelle.de\/index.php\/2020\/10\/17\/corona-infektionen-starker-anstieg-der-fallzahlen-in-kassel\/#article","isPartOf":{"@id":"https:\/\/radioleinewelle.de\/index.php\/2020\/10\/17\/corona-infektionen-starker-anstieg-der-fallzahlen-in-kassel\/"},"author":{"name":"Leinewelle","@id":"https:\/\/radioleinewelle.de\/#\/schema\/person\/45606f348637df637192dc1b68399a63"},"headline":"Corona-Infektionen: Starker Anstieg der Fallzahlen in Kassel","datePublished":"2020-10-17T03:40:16+00:00","mainEntityOfPage":{"@id":"https:\/\/radioleinewelle.de\/index.php\/2020\/10\/17\/corona-infektionen-starker-anstieg-der-fallzahlen-in-kassel\/"},"wordCount":539,"publisher":{"@id":"https:\/\/radioleinewelle.de\/#organization"},"image":{"@id":"https:\/\/radioleinewelle.de\/index.php\/2020\/10\/17\/corona-infektionen-starker-anstieg-der-fallzahlen-in-kassel\/#primaryimage"},"thumbnailUrl":"https:\/\/radioleinewelle.de\/wp-content\/uploads\/2020\/10\/coronavirus-4914028_640.jpg","articleSection":["Aktuelle Nachrichten"],"inLanguage":"de"},{"@type":"WebPage","@id":"https:\/\/radioleinewelle.de\/index.php\/2020\/10\/17\/corona-infektionen-starker-anstieg-der-fallzahlen-in-kassel\/","url":"https:\/\/radioleinewelle.de\/index.php\/2020\/10\/17\/corona-infektionen-starker-anstieg-der-fallzahlen-in-kassel\/","name":"Corona-Infektionen: Starker Anstieg der Fallzahlen in Kassel - Radio Leinewelle","isPartOf":{"@id":"https:\/\/radioleinewelle.de\/#website"},"primaryImageOfPage":{"@id":"https:\/\/radioleinewelle.de\/index.php\/2020\/10\/17\/corona-infektionen-starker-anstieg-der-fallzahlen-in-kassel\/#primaryimage"},"image":{"@id":"https:\/\/radioleinewelle.de\/index.php\/2020\/10\/17\/corona-infektionen-starker-anstieg-der-fallzahlen-in-kassel\/#primaryimage"},"thumbnailUrl":"https:\/\/radioleinewelle.de\/wp-content\/uploads\/2020\/10\/coronavirus-4914028_640.jpg","datePublished":"2020-10-17T03:40:16+00:00","breadcrumb":{"@id":"https:\/\/radioleinewelle.de\/index.php\/2020\/10\/17\/corona-infektionen-starker-anstieg-der-fallzahlen-in-kassel\/#breadcrumb"},"inLanguage":"de","potentialAction":[{"@type":"ReadAction","target":["https:\/\/radioleinewelle.de\/index.php\/2020\/10\/17\/corona-infektionen-starker-anstieg-der-fallzahlen-in-kassel\/"]}]},{"@type":"ImageObject","inLanguage":"de","@id":"https:\/\/radioleinewelle.de\/index.php\/2020\/10\/17\/corona-infektionen-starker-anstieg-der-fallzahlen-in-kassel\/#primaryimage","url":"https:\/\/radioleinewelle.de\/wp-content\/uploads\/2020\/10\/coronavirus-4914028_640.jpg","contentUrl":"https:\/\/radioleinewelle.de\/wp-content\/uploads\/2020\/10\/coronavirus-4914028_640.jpg","width":640,"height":363},{"@type":"BreadcrumbList","@id":"https:\/\/radioleinewelle.de\/index.php\/2020\/10\/17\/corona-infektionen-starker-anstieg-der-fallzahlen-in-kassel\/#breadcrumb","itemListElement":[{"@type":"ListItem","position":1,"name":"Startseite","item":"https:\/\/radioleinewelle.de\/"},{"@type":"ListItem","position":2,"name":"Corona-Infektionen: Starker Anstieg der Fallzahlen in Kassel"}]},{"@type":"WebSite","@id":"https:\/\/radioleinewelle.de\/#website","url":"https:\/\/radioleinewelle.de\/","name":"Radio Leinewelle","description":"","publisher":{"@id":"https:\/\/radioleinewelle.de\/#organization"},"potentialAction":[{"@type":"SearchAction","target":{"@type":"EntryPoint","urlTemplate":"https:\/\/radioleinewelle.de\/?s={search_term_string}"},"query-input":{"@type":"PropertyValueSpecification","valueRequired":true,"valueName":"search_term_string"}}],"inLanguage":"de"},{"@type":"Organization","@id":"https:\/\/radioleinewelle.de\/#organization","name":"Radio Leinewelle","alternateName":"Mein Radio f\u00fcr S\u00fcdniedersachsen","url":"https:\/\/radioleinewelle.de\/","logo":{"@type":"ImageObject","inLanguage":"de","@id":"https:\/\/radioleinewelle.de\/#\/schema\/logo\/image\/","url":"https:\/\/radioleinewelle.de\/wp-content\/uploads\/2023\/11\/cropped-Leinewelle_Logo_weiss.png","contentUrl":"https:\/\/radioleinewelle.de\/wp-content\/uploads\/2023\/11\/cropped-Leinewelle_Logo_weiss.png","width":854,"height":260,"caption":"Radio Leinewelle"},"image":{"@id":"https:\/\/radioleinewelle.de\/#\/schema\/logo\/image\/"},"sameAs":["https:\/\/www.facebook.com\/radioleinewelle","https:\/\/x.com\/RLeinewelle","https:\/\/www.instagram.com\/radioleinewelle\/?hl=de"]},{"@type":"Person","@id":"https:\/\/radioleinewelle.de\/#\/schema\/person\/45606f348637df637192dc1b68399a63","name":"Leinewelle","image":{"@type":"ImageObject","inLanguage":"de","@id":"https:\/\/secure.gravatar.com\/avatar\/05c9a17bc973052ee5d91549bd32fb4dd0dc85b7b85ae94b2e2b4943476bbea5?s=96&d=blank&r=g","url":"https:\/\/secure.gravatar.com\/avatar\/05c9a17bc973052ee5d91549bd32fb4dd0dc85b7b85ae94b2e2b4943476bbea5?s=96&d=blank&r=g","contentUrl":"https:\/\/secure.gravatar.com\/avatar\/05c9a17bc973052ee5d91549bd32fb4dd0dc85b7b85ae94b2e2b4943476bbea5?s=96&d=blank&r=g","caption":"Leinewelle"},"sameAs":["http:\/\/localhost\/radio%20leinewelle\/wordpress","https:\/\/www.facebook.com\/radioleinewelle","https:\/\/www.instagram.com\/radioleinewelle","https:\/\/x.com\/https:\/\/twitter.com\/RLeinewelle?ref_src=twsrcgoogletwcampserptwgrauthor","https:\/\/soundcloud.com\/foerderverein-lokalradio?utm_source=clipboard&utm_medium=text&utm_campaign=social_sharing"],"url":"https:\/\/radioleinewelle.de\/index.php\/author\/leinewelle\/"}]}},"_links":{"self":[{"href":"https:\/\/radioleinewelle.de\/index.php\/wp-json\/wp\/v2\/posts\/2402","targetHints":{"allow":["GET"]}}],"collection":[{"href":"https:\/\/radioleinewelle.de\/index.php\/wp-json\/wp\/v2\/posts"}],"about":[{"href":"https:\/\/radioleinewelle.de\/index.php\/wp-json\/wp\/v2\/types\/post"}],"author":[{"embeddable":true,"href":"https:\/\/radioleinewelle.de\/index.php\/wp-json\/wp\/v2\/users\/1"}],"replies":[{"embeddable":true,"href":"https:\/\/radioleinewelle.de\/index.php\/wp-json\/wp\/v2\/comments?post=2402"}],"version-history":[{"count":0,"href":"https:\/\/radioleinewelle.de\/index.php\/wp-json\/wp\/v2\/posts\/2402\/revisions"}],"wp:featuredmedia":[{"embeddable":true,"href":"https:\/\/radioleinewelle.de\/index.php\/wp-json\/wp\/v2\/media\/2296"}],"wp:attachment":[{"href":"https:\/\/radioleinewelle.de\/index.php\/wp-json\/wp\/v2\/media?parent=2402"}],"wp:term":[{"taxonomy":"category","embeddable":true,"href":"https:\/\/radioleinewelle.de\/index.php\/wp-json\/wp\/v2\/categories?post=2402"},{"taxonomy":"post_tag","embeddable":true,"href":"https:\/\/radioleinewelle.de\/index.php\/wp-json\/wp\/v2\/tags?post=2402"}],"curies":[{"name":"wp","href":"https:\/\/api.w.org\/{rel}","templated":true}]}}