{"id":2415,"date":"2020-10-18T05:40:15","date_gmt":"2020-10-18T03:40:15","guid":{"rendered":"https:\/\/radioleinewelle.de\/?p=2415"},"modified":"2020-10-18T05:40:15","modified_gmt":"2020-10-18T03:40:15","slug":"goettinger-kulturszene-braucht-weiter-unterstuetzung-in-der-corona-krise","status":"publish","type":"post","link":"https:\/\/radioleinewelle.de\/index.php\/2020\/10\/18\/goettinger-kulturszene-braucht-weiter-unterstuetzung-in-der-corona-krise\/","title":{"rendered":"G\u00f6ttinger Kulturszene braucht weiter Unterst\u00fctzung in der Corona-Krise"},"content":{"rendered":"<p>Die G\u00f6ttinger B\u00fcrgerInnen haben fast 50.000 Euro f\u00fcr die Unterst\u00fctzung von soloselbst-st\u00e4ndigen K\u00fcnstlerInnen an den Verein KUNST gespendet!\u00a0\u201eWir sind \u00fcberw\u00e4ltigt von der gro\u00dfen Spendenbereitschaft der G\u00f6ttingerInnen und bedanken uns ganz herzlich daf\u00fcr, dass wir 41 K\u00fcnstlerInnen ganz schnell und unb\u00fcrokratisch helfen konnten!\u201c erkl\u00e4rte KUNST-Vorstand Nils K\u00f6nig zu der Spendenaktion. Die von den K\u00fcnstlerInnen produzierten Videos kann man auf der KUNST-website und der KiSN-website anschauen.\u00a0Nach der Soforthilfe von KUNST e.V. hatten auch die Stadt und der Landkreis ein Hilfsprogramm aufgelegt, wodurch soloselbst\u00e4ndige K\u00fcnstlerInnen und kleinere Kultureinrichtungen weitere Hilfe erfahren haben.<\/p>\n<p>Leider ist die Kulturszene durch die Corona-Auflagen bei Veranstaltungen weiterhin schwer betroffen. Denn durch die in den jeweiligen Veranstaltungsr\u00e4umen geringen zugelassenen Besucherpl\u00e4tze und weitere CoVid-19-Auflagen k\u00f6nnen viele Veranstaltungen unter wirtschaftlichen Gesichtspunkten nicht durchgef\u00fchrt werden. \u201eGeringe m\u00f6gliche Eintrittseinnahmen und Kosten der Hygiene-Auflagen machen viele Veranstaltungen unm\u00f6glich, da die Kosten die Einnahmen \u00fcbersteigen oder die Gagen so gering ausfallen, dass K\u00fcnstlerInnen davon nicht leben k\u00f6nnen!\u201c betonte Willi Arnold, ebenfalls KUNST-Vorstandsmitglied.<\/p>\n<p>Deshalb hat der Verein KUNST die Stadtverwaltung in einem Ratsantrag im Kulturaus-schuss gebeten, zu pr\u00fcfen, welche R\u00e4umlichkeiten unter welchen Bedingungen und zu welchen Kosten in G\u00f6ttingen f\u00fcr Auftritte von K\u00fcnstlerinnen genutzt werden k\u00f6nnen und dabei auch um eine erm\u00e4\u00dfigte oder gar kostenlose Bereitstellung der R\u00e4umlichkeiten gebeten.\u00a0Damit in den n\u00e4chsten Monaten dennoch K\u00fcnstlerInnen auftreten k\u00f6nnen und so auch zumindest ein begrenztes Kulturprogramm in G\u00f6ttingen m\u00f6glich ist, hat sich der Verein KUNST entschlossen, die Spendenaktion fortzusetzen bis Ende des Jahres, um dann mit diesen Spenden auftretenden K\u00fcnstlerInnen Mindestgagen f\u00fcr ihre Auftritte vor oft nur wenigen zugelassenen Besuchern zusichern zu k\u00f6nnen.\u00a0\u201eWir wollen Veranstaltern die M\u00f6glichkeit er\u00f6ffnen, auftretenden G\u00f6ttinger K\u00fcnstlerInnen Mindestgagen von 200 Euro bei Solisten, 300 Euro bei Duos und 500 Euro bei Gruppen von 3 und mehr K\u00fcnstlerInnen zusagen zu k\u00f6nnen\u201c, erkl\u00e4rte Anne Moldenhauer vom KUNST-Vorstand die geplante Unterst\u00fctzungsaktion.\u00a0Deshalb appelliert KUNST an die G\u00f6ttinger B\u00fcrgerInnen, ihre Kulturschaffenden weiter durch Spenden zu unterst\u00fctzen und gleichzeitig ein begrenztes Kultur-programm in G\u00f6ttingen zu erm\u00f6glichen!<br \/>\n<strong>B\u00fcrgerInnen k\u00f6nnen Spenden auf das KUNST-Konto (IBAN: DE62 2605 0001 0050 5892 17 bei der Sparkasse G\u00f6ttingen) mit den Stichwort \u201eCorona-Spende\u201c \u00fcberweisen.<\/strong> Bei Betr\u00e4gen \u00fcber 100 Euro k\u00f6nnen auf Wunsch Spendenbescheinigungen ausgestellt werden (auf dem \u00dcberweisungsformular dann Postadresse angeben!); bei kleineren Betr\u00e4gen gilt das \u00dcberweisungsformular als Spendenbescheinigung.\u00a0Veranstalter, die diese M\u00f6glichkeit f\u00fcr ihre geplanten Veranstaltungen nutzen m\u00f6chten, finden auf der KUNST-Website ein Antragsformular, dass unterschrieben bei KUNST e.V. mindestens eine Woche vor der Veranstaltung eingereicht werden muss. \u00dcber den Antrag wird dann sehr kurzfristig entschieden.\u00a0\u201eWir hoffen, so K\u00fcnstlerInnen in dieser schwierigen Zeit dabei zu unterst\u00fctzen, was sie am Liebsten machen: auftreten vor Publikum!\u201c erkl\u00e4rte Inge Mathes f\u00fcr den KUNST-Vorstand.<\/p>\n<p>&nbsp;<\/p>\n","protected":false},"excerpt":{"rendered":"<p>Die G\u00f6ttinger B\u00fcrgerInnen haben fast 50.000 Euro f\u00fcr die Unterst\u00fctzung von soloselbst-st\u00e4ndigen K\u00fcnstlerInnen an den Verein KUNST gespendet!\u00a0\u201eWir sind \u00fcberw\u00e4ltigt von der gro\u00dfen Spendenbereitschaft der G\u00f6ttingerInnen und bedanken uns ganz herzlich daf\u00fcr, dass wir 41 K\u00fcnstlerInnen ganz schnell und unb\u00fcrokratisch helfen konnten!\u201c erkl\u00e4rte KUNST-Vorstand Nils K\u00f6nig zu der Spendenaktion. Die von den K\u00fcnstlerInnen produzierten Videos [&hellip;]<\/p>\n","protected":false},"author":1,"featured_media":2417,"comment_status":"closed","ping_status":"closed","sticky":false,"template":"","format":"standard","meta":{"saved_in_kubio":false,"footnotes":""},"categories":[1],"tags":[],"class_list":["post-2415","post","type-post","status-publish","format-standard","has-post-thumbnail","hentry","category-allgemein"],"yoast_head":"<!-- This site is optimized with the Yoast SEO plugin v27.5 - https:\/\/yoast.com\/product\/yoast-seo-wordpress\/ -->\n<title>G\u00f6ttinger Kulturszene braucht weiter Unterst\u00fctzung in der Corona-Krise - Radio Leinewelle<\/title>\n<meta name=\"robots\" content=\"index, follow, max-snippet:-1, max-image-preview:large, max-video-preview:-1\" \/>\n<link rel=\"canonical\" href=\"https:\/\/radioleinewelle.de\/index.php\/2020\/10\/18\/goettinger-kulturszene-braucht-weiter-unterstuetzung-in-der-corona-krise\/\" \/>\n<meta property=\"og:locale\" content=\"de_DE\" \/>\n<meta property=\"og:type\" content=\"article\" \/>\n<meta property=\"og:title\" content=\"G\u00f6ttinger Kulturszene braucht weiter Unterst\u00fctzung in der Corona-Krise - Radio Leinewelle\" \/>\n<meta property=\"og:description\" content=\"Die G\u00f6ttinger B\u00fcrgerInnen haben fast 50.000 Euro f\u00fcr die Unterst\u00fctzung von soloselbst-st\u00e4ndigen K\u00fcnstlerInnen an den Verein KUNST gespendet!\u00a0\u201eWir sind \u00fcberw\u00e4ltigt von der gro\u00dfen Spendenbereitschaft der G\u00f6ttingerInnen und bedanken uns ganz herzlich daf\u00fcr, dass wir 41 K\u00fcnstlerInnen ganz schnell und unb\u00fcrokratisch helfen konnten!\u201c erkl\u00e4rte KUNST-Vorstand Nils K\u00f6nig zu der Spendenaktion. Die von den K\u00fcnstlerInnen produzierten Videos [&hellip;]\" \/>\n<meta property=\"og:url\" content=\"https:\/\/radioleinewelle.de\/index.php\/2020\/10\/18\/goettinger-kulturszene-braucht-weiter-unterstuetzung-in-der-corona-krise\/\" \/>\n<meta property=\"og:site_name\" content=\"Radio Leinewelle\" \/>\n<meta property=\"article:publisher\" content=\"https:\/\/www.facebook.com\/radioleinewelle\" \/>\n<meta property=\"article:author\" content=\"https:\/\/www.facebook.com\/radioleinewelle\" \/>\n<meta property=\"article:published_time\" content=\"2020-10-18T03:40:15+00:00\" \/>\n<meta property=\"og:image\" content=\"https:\/\/radioleinewelle.de\/wp-content\/uploads\/2020\/10\/2020-KUNSTeV-spendenaufrufII-A2.jpg\" \/>\n\t<meta property=\"og:image:width\" content=\"250\" \/>\n\t<meta property=\"og:image:height\" content=\"354\" \/>\n\t<meta property=\"og:image:type\" content=\"image\/jpeg\" \/>\n<meta name=\"author\" content=\"Leinewelle\" \/>\n<meta name=\"twitter:card\" content=\"summary_large_image\" \/>\n<meta name=\"twitter:creator\" content=\"@https:\/\/twitter.com\/RLeinewelle?ref_src=twsrcgoogletwcampserptwgrauthor\" \/>\n<meta name=\"twitter:site\" content=\"@RLeinewelle\" \/>\n<meta name=\"twitter:label1\" content=\"Verfasst von\" \/>\n\t<meta name=\"twitter:data1\" content=\"Leinewelle\" \/>\n\t<meta name=\"twitter:label2\" content=\"Gesch\u00e4tzte Lesezeit\" \/>\n\t<meta name=\"twitter:data2\" content=\"2\u00a0Minuten\" \/>\n<script type=\"application\/ld+json\" class=\"yoast-schema-graph\">{\"@context\":\"https:\\\/\\\/schema.org\",\"@graph\":[{\"@type\":\"Article\",\"@id\":\"https:\\\/\\\/radioleinewelle.de\\\/index.php\\\/2020\\\/10\\\/18\\\/goettinger-kulturszene-braucht-weiter-unterstuetzung-in-der-corona-krise\\\/#article\",\"isPartOf\":{\"@id\":\"https:\\\/\\\/radioleinewelle.de\\\/index.php\\\/2020\\\/10\\\/18\\\/goettinger-kulturszene-braucht-weiter-unterstuetzung-in-der-corona-krise\\\/\"},\"author\":{\"name\":\"Leinewelle\",\"@id\":\"https:\\\/\\\/radioleinewelle.de\\\/#\\\/schema\\\/person\\\/45606f348637df637192dc1b68399a63\"},\"headline\":\"G\u00f6ttinger Kulturszene braucht weiter Unterst\u00fctzung in der Corona-Krise\",\"datePublished\":\"2020-10-18T03:40:15+00:00\",\"mainEntityOfPage\":{\"@id\":\"https:\\\/\\\/radioleinewelle.de\\\/index.php\\\/2020\\\/10\\\/18\\\/goettinger-kulturszene-braucht-weiter-unterstuetzung-in-der-corona-krise\\\/\"},\"wordCount\":500,\"publisher\":{\"@id\":\"https:\\\/\\\/radioleinewelle.de\\\/#organization\"},\"image\":{\"@id\":\"https:\\\/\\\/radioleinewelle.de\\\/index.php\\\/2020\\\/10\\\/18\\\/goettinger-kulturszene-braucht-weiter-unterstuetzung-in-der-corona-krise\\\/#primaryimage\"},\"thumbnailUrl\":\"https:\\\/\\\/radioleinewelle.de\\\/wp-content\\\/uploads\\\/2020\\\/10\\\/2020-KUNSTeV-spendenaufrufII-A2.jpg\",\"inLanguage\":\"de\"},{\"@type\":\"WebPage\",\"@id\":\"https:\\\/\\\/radioleinewelle.de\\\/index.php\\\/2020\\\/10\\\/18\\\/goettinger-kulturszene-braucht-weiter-unterstuetzung-in-der-corona-krise\\\/\",\"url\":\"https:\\\/\\\/radioleinewelle.de\\\/index.php\\\/2020\\\/10\\\/18\\\/goettinger-kulturszene-braucht-weiter-unterstuetzung-in-der-corona-krise\\\/\",\"name\":\"G\u00f6ttinger Kulturszene braucht weiter Unterst\u00fctzung in der Corona-Krise - Radio Leinewelle\",\"isPartOf\":{\"@id\":\"https:\\\/\\\/radioleinewelle.de\\\/#website\"},\"primaryImageOfPage\":{\"@id\":\"https:\\\/\\\/radioleinewelle.de\\\/index.php\\\/2020\\\/10\\\/18\\\/goettinger-kulturszene-braucht-weiter-unterstuetzung-in-der-corona-krise\\\/#primaryimage\"},\"image\":{\"@id\":\"https:\\\/\\\/radioleinewelle.de\\\/index.php\\\/2020\\\/10\\\/18\\\/goettinger-kulturszene-braucht-weiter-unterstuetzung-in-der-corona-krise\\\/#primaryimage\"},\"thumbnailUrl\":\"https:\\\/\\\/radioleinewelle.de\\\/wp-content\\\/uploads\\\/2020\\\/10\\\/2020-KUNSTeV-spendenaufrufII-A2.jpg\",\"datePublished\":\"2020-10-18T03:40:15+00:00\",\"breadcrumb\":{\"@id\":\"https:\\\/\\\/radioleinewelle.de\\\/index.php\\\/2020\\\/10\\\/18\\\/goettinger-kulturszene-braucht-weiter-unterstuetzung-in-der-corona-krise\\\/#breadcrumb\"},\"inLanguage\":\"de\",\"potentialAction\":[{\"@type\":\"ReadAction\",\"target\":[\"https:\\\/\\\/radioleinewelle.de\\\/index.php\\\/2020\\\/10\\\/18\\\/goettinger-kulturszene-braucht-weiter-unterstuetzung-in-der-corona-krise\\\/\"]}]},{\"@type\":\"ImageObject\",\"inLanguage\":\"de\",\"@id\":\"https:\\\/\\\/radioleinewelle.de\\\/index.php\\\/2020\\\/10\\\/18\\\/goettinger-kulturszene-braucht-weiter-unterstuetzung-in-der-corona-krise\\\/#primaryimage\",\"url\":\"https:\\\/\\\/radioleinewelle.de\\\/wp-content\\\/uploads\\\/2020\\\/10\\\/2020-KUNSTeV-spendenaufrufII-A2.jpg\",\"contentUrl\":\"https:\\\/\\\/radioleinewelle.de\\\/wp-content\\\/uploads\\\/2020\\\/10\\\/2020-KUNSTeV-spendenaufrufII-A2.jpg\",\"width\":250,\"height\":354},{\"@type\":\"BreadcrumbList\",\"@id\":\"https:\\\/\\\/radioleinewelle.de\\\/index.php\\\/2020\\\/10\\\/18\\\/goettinger-kulturszene-braucht-weiter-unterstuetzung-in-der-corona-krise\\\/#breadcrumb\",\"itemListElement\":[{\"@type\":\"ListItem\",\"position\":1,\"name\":\"Startseite\",\"item\":\"https:\\\/\\\/radioleinewelle.de\\\/\"},{\"@type\":\"ListItem\",\"position\":2,\"name\":\"G\u00f6ttinger Kulturszene braucht weiter Unterst\u00fctzung in der Corona-Krise\"}]},{\"@type\":\"WebSite\",\"@id\":\"https:\\\/\\\/radioleinewelle.de\\\/#website\",\"url\":\"https:\\\/\\\/radioleinewelle.de\\\/\",\"name\":\"Radio Leinewelle\",\"description\":\"\",\"publisher\":{\"@id\":\"https:\\\/\\\/radioleinewelle.de\\\/#organization\"},\"potentialAction\":[{\"@type\":\"SearchAction\",\"target\":{\"@type\":\"EntryPoint\",\"urlTemplate\":\"https:\\\/\\\/radioleinewelle.de\\\/?s={search_term_string}\"},\"query-input\":{\"@type\":\"PropertyValueSpecification\",\"valueRequired\":true,\"valueName\":\"search_term_string\"}}],\"inLanguage\":\"de\"},{\"@type\":\"Organization\",\"@id\":\"https:\\\/\\\/radioleinewelle.de\\\/#organization\",\"name\":\"Radio Leinewelle\",\"alternateName\":\"Mein Radio f\u00fcr S\u00fcdniedersachsen\",\"url\":\"https:\\\/\\\/radioleinewelle.de\\\/\",\"logo\":{\"@type\":\"ImageObject\",\"inLanguage\":\"de\",\"@id\":\"https:\\\/\\\/radioleinewelle.de\\\/#\\\/schema\\\/logo\\\/image\\\/\",\"url\":\"https:\\\/\\\/radioleinewelle.de\\\/wp-content\\\/uploads\\\/2023\\\/11\\\/cropped-Leinewelle_Logo_weiss.png\",\"contentUrl\":\"https:\\\/\\\/radioleinewelle.de\\\/wp-content\\\/uploads\\\/2023\\\/11\\\/cropped-Leinewelle_Logo_weiss.png\",\"width\":854,\"height\":260,\"caption\":\"Radio Leinewelle\"},\"image\":{\"@id\":\"https:\\\/\\\/radioleinewelle.de\\\/#\\\/schema\\\/logo\\\/image\\\/\"},\"sameAs\":[\"https:\\\/\\\/www.facebook.com\\\/radioleinewelle\",\"https:\\\/\\\/x.com\\\/RLeinewelle\",\"https:\\\/\\\/www.instagram.com\\\/radioleinewelle\\\/?hl=de\"]},{\"@type\":\"Person\",\"@id\":\"https:\\\/\\\/radioleinewelle.de\\\/#\\\/schema\\\/person\\\/45606f348637df637192dc1b68399a63\",\"name\":\"Leinewelle\",\"image\":{\"@type\":\"ImageObject\",\"inLanguage\":\"de\",\"@id\":\"https:\\\/\\\/secure.gravatar.com\\\/avatar\\\/05c9a17bc973052ee5d91549bd32fb4dd0dc85b7b85ae94b2e2b4943476bbea5?s=96&d=blank&r=g\",\"url\":\"https:\\\/\\\/secure.gravatar.com\\\/avatar\\\/05c9a17bc973052ee5d91549bd32fb4dd0dc85b7b85ae94b2e2b4943476bbea5?s=96&d=blank&r=g\",\"contentUrl\":\"https:\\\/\\\/secure.gravatar.com\\\/avatar\\\/05c9a17bc973052ee5d91549bd32fb4dd0dc85b7b85ae94b2e2b4943476bbea5?s=96&d=blank&r=g\",\"caption\":\"Leinewelle\"},\"sameAs\":[\"http:\\\/\\\/localhost\\\/radio%20leinewelle\\\/wordpress\",\"https:\\\/\\\/www.facebook.com\\\/radioleinewelle\",\"https:\\\/\\\/www.instagram.com\\\/radioleinewelle\",\"https:\\\/\\\/x.com\\\/https:\\\/\\\/twitter.com\\\/RLeinewelle?ref_src=twsrcgoogletwcampserptwgrauthor\",\"https:\\\/\\\/soundcloud.com\\\/foerderverein-lokalradio?utm_source=clipboard&utm_medium=text&utm_campaign=social_sharing\"],\"url\":\"https:\\\/\\\/radioleinewelle.de\\\/index.php\\\/author\\\/leinewelle\\\/\"}]}<\/script>\n<!-- \/ Yoast SEO plugin. -->","yoast_head_json":{"title":"G\u00f6ttinger Kulturszene braucht weiter Unterst\u00fctzung in der Corona-Krise - Radio Leinewelle","robots":{"index":"index","follow":"follow","max-snippet":"max-snippet:-1","max-image-preview":"max-image-preview:large","max-video-preview":"max-video-preview:-1"},"canonical":"https:\/\/radioleinewelle.de\/index.php\/2020\/10\/18\/goettinger-kulturszene-braucht-weiter-unterstuetzung-in-der-corona-krise\/","og_locale":"de_DE","og_type":"article","og_title":"G\u00f6ttinger Kulturszene braucht weiter Unterst\u00fctzung in der Corona-Krise - Radio Leinewelle","og_description":"Die G\u00f6ttinger B\u00fcrgerInnen haben fast 50.000 Euro f\u00fcr die Unterst\u00fctzung von soloselbst-st\u00e4ndigen K\u00fcnstlerInnen an den Verein KUNST gespendet!\u00a0\u201eWir sind \u00fcberw\u00e4ltigt von der gro\u00dfen Spendenbereitschaft der G\u00f6ttingerInnen und bedanken uns ganz herzlich daf\u00fcr, dass wir 41 K\u00fcnstlerInnen ganz schnell und unb\u00fcrokratisch helfen konnten!\u201c erkl\u00e4rte KUNST-Vorstand Nils K\u00f6nig zu der Spendenaktion. Die von den K\u00fcnstlerInnen produzierten Videos [&hellip;]","og_url":"https:\/\/radioleinewelle.de\/index.php\/2020\/10\/18\/goettinger-kulturszene-braucht-weiter-unterstuetzung-in-der-corona-krise\/","og_site_name":"Radio Leinewelle","article_publisher":"https:\/\/www.facebook.com\/radioleinewelle","article_author":"https:\/\/www.facebook.com\/radioleinewelle","article_published_time":"2020-10-18T03:40:15+00:00","og_image":[{"width":250,"height":354,"url":"https:\/\/radioleinewelle.de\/wp-content\/uploads\/2020\/10\/2020-KUNSTeV-spendenaufrufII-A2.jpg","type":"image\/jpeg"}],"author":"Leinewelle","twitter_card":"summary_large_image","twitter_creator":"@https:\/\/twitter.com\/RLeinewelle?ref_src=twsrcgoogletwcampserptwgrauthor","twitter_site":"@RLeinewelle","twitter_misc":{"Verfasst von":"Leinewelle","Gesch\u00e4tzte Lesezeit":"2\u00a0Minuten"},"schema":{"@context":"https:\/\/schema.org","@graph":[{"@type":"Article","@id":"https:\/\/radioleinewelle.de\/index.php\/2020\/10\/18\/goettinger-kulturszene-braucht-weiter-unterstuetzung-in-der-corona-krise\/#article","isPartOf":{"@id":"https:\/\/radioleinewelle.de\/index.php\/2020\/10\/18\/goettinger-kulturszene-braucht-weiter-unterstuetzung-in-der-corona-krise\/"},"author":{"name":"Leinewelle","@id":"https:\/\/radioleinewelle.de\/#\/schema\/person\/45606f348637df637192dc1b68399a63"},"headline":"G\u00f6ttinger Kulturszene braucht weiter Unterst\u00fctzung in der Corona-Krise","datePublished":"2020-10-18T03:40:15+00:00","mainEntityOfPage":{"@id":"https:\/\/radioleinewelle.de\/index.php\/2020\/10\/18\/goettinger-kulturszene-braucht-weiter-unterstuetzung-in-der-corona-krise\/"},"wordCount":500,"publisher":{"@id":"https:\/\/radioleinewelle.de\/#organization"},"image":{"@id":"https:\/\/radioleinewelle.de\/index.php\/2020\/10\/18\/goettinger-kulturszene-braucht-weiter-unterstuetzung-in-der-corona-krise\/#primaryimage"},"thumbnailUrl":"https:\/\/radioleinewelle.de\/wp-content\/uploads\/2020\/10\/2020-KUNSTeV-spendenaufrufII-A2.jpg","inLanguage":"de"},{"@type":"WebPage","@id":"https:\/\/radioleinewelle.de\/index.php\/2020\/10\/18\/goettinger-kulturszene-braucht-weiter-unterstuetzung-in-der-corona-krise\/","url":"https:\/\/radioleinewelle.de\/index.php\/2020\/10\/18\/goettinger-kulturszene-braucht-weiter-unterstuetzung-in-der-corona-krise\/","name":"G\u00f6ttinger Kulturszene braucht weiter Unterst\u00fctzung in der Corona-Krise - Radio Leinewelle","isPartOf":{"@id":"https:\/\/radioleinewelle.de\/#website"},"primaryImageOfPage":{"@id":"https:\/\/radioleinewelle.de\/index.php\/2020\/10\/18\/goettinger-kulturszene-braucht-weiter-unterstuetzung-in-der-corona-krise\/#primaryimage"},"image":{"@id":"https:\/\/radioleinewelle.de\/index.php\/2020\/10\/18\/goettinger-kulturszene-braucht-weiter-unterstuetzung-in-der-corona-krise\/#primaryimage"},"thumbnailUrl":"https:\/\/radioleinewelle.de\/wp-content\/uploads\/2020\/10\/2020-KUNSTeV-spendenaufrufII-A2.jpg","datePublished":"2020-10-18T03:40:15+00:00","breadcrumb":{"@id":"https:\/\/radioleinewelle.de\/index.php\/2020\/10\/18\/goettinger-kulturszene-braucht-weiter-unterstuetzung-in-der-corona-krise\/#breadcrumb"},"inLanguage":"de","potentialAction":[{"@type":"ReadAction","target":["https:\/\/radioleinewelle.de\/index.php\/2020\/10\/18\/goettinger-kulturszene-braucht-weiter-unterstuetzung-in-der-corona-krise\/"]}]},{"@type":"ImageObject","inLanguage":"de","@id":"https:\/\/radioleinewelle.de\/index.php\/2020\/10\/18\/goettinger-kulturszene-braucht-weiter-unterstuetzung-in-der-corona-krise\/#primaryimage","url":"https:\/\/radioleinewelle.de\/wp-content\/uploads\/2020\/10\/2020-KUNSTeV-spendenaufrufII-A2.jpg","contentUrl":"https:\/\/radioleinewelle.de\/wp-content\/uploads\/2020\/10\/2020-KUNSTeV-spendenaufrufII-A2.jpg","width":250,"height":354},{"@type":"BreadcrumbList","@id":"https:\/\/radioleinewelle.de\/index.php\/2020\/10\/18\/goettinger-kulturszene-braucht-weiter-unterstuetzung-in-der-corona-krise\/#breadcrumb","itemListElement":[{"@type":"ListItem","position":1,"name":"Startseite","item":"https:\/\/radioleinewelle.de\/"},{"@type":"ListItem","position":2,"name":"G\u00f6ttinger Kulturszene braucht weiter Unterst\u00fctzung in der Corona-Krise"}]},{"@type":"WebSite","@id":"https:\/\/radioleinewelle.de\/#website","url":"https:\/\/radioleinewelle.de\/","name":"Radio Leinewelle","description":"","publisher":{"@id":"https:\/\/radioleinewelle.de\/#organization"},"potentialAction":[{"@type":"SearchAction","target":{"@type":"EntryPoint","urlTemplate":"https:\/\/radioleinewelle.de\/?s={search_term_string}"},"query-input":{"@type":"PropertyValueSpecification","valueRequired":true,"valueName":"search_term_string"}}],"inLanguage":"de"},{"@type":"Organization","@id":"https:\/\/radioleinewelle.de\/#organization","name":"Radio Leinewelle","alternateName":"Mein Radio f\u00fcr S\u00fcdniedersachsen","url":"https:\/\/radioleinewelle.de\/","logo":{"@type":"ImageObject","inLanguage":"de","@id":"https:\/\/radioleinewelle.de\/#\/schema\/logo\/image\/","url":"https:\/\/radioleinewelle.de\/wp-content\/uploads\/2023\/11\/cropped-Leinewelle_Logo_weiss.png","contentUrl":"https:\/\/radioleinewelle.de\/wp-content\/uploads\/2023\/11\/cropped-Leinewelle_Logo_weiss.png","width":854,"height":260,"caption":"Radio Leinewelle"},"image":{"@id":"https:\/\/radioleinewelle.de\/#\/schema\/logo\/image\/"},"sameAs":["https:\/\/www.facebook.com\/radioleinewelle","https:\/\/x.com\/RLeinewelle","https:\/\/www.instagram.com\/radioleinewelle\/?hl=de"]},{"@type":"Person","@id":"https:\/\/radioleinewelle.de\/#\/schema\/person\/45606f348637df637192dc1b68399a63","name":"Leinewelle","image":{"@type":"ImageObject","inLanguage":"de","@id":"https:\/\/secure.gravatar.com\/avatar\/05c9a17bc973052ee5d91549bd32fb4dd0dc85b7b85ae94b2e2b4943476bbea5?s=96&d=blank&r=g","url":"https:\/\/secure.gravatar.com\/avatar\/05c9a17bc973052ee5d91549bd32fb4dd0dc85b7b85ae94b2e2b4943476bbea5?s=96&d=blank&r=g","contentUrl":"https:\/\/secure.gravatar.com\/avatar\/05c9a17bc973052ee5d91549bd32fb4dd0dc85b7b85ae94b2e2b4943476bbea5?s=96&d=blank&r=g","caption":"Leinewelle"},"sameAs":["http:\/\/localhost\/radio%20leinewelle\/wordpress","https:\/\/www.facebook.com\/radioleinewelle","https:\/\/www.instagram.com\/radioleinewelle","https:\/\/x.com\/https:\/\/twitter.com\/RLeinewelle?ref_src=twsrcgoogletwcampserptwgrauthor","https:\/\/soundcloud.com\/foerderverein-lokalradio?utm_source=clipboard&utm_medium=text&utm_campaign=social_sharing"],"url":"https:\/\/radioleinewelle.de\/index.php\/author\/leinewelle\/"}]}},"_links":{"self":[{"href":"https:\/\/radioleinewelle.de\/index.php\/wp-json\/wp\/v2\/posts\/2415","targetHints":{"allow":["GET"]}}],"collection":[{"href":"https:\/\/radioleinewelle.de\/index.php\/wp-json\/wp\/v2\/posts"}],"about":[{"href":"https:\/\/radioleinewelle.de\/index.php\/wp-json\/wp\/v2\/types\/post"}],"author":[{"embeddable":true,"href":"https:\/\/radioleinewelle.de\/index.php\/wp-json\/wp\/v2\/users\/1"}],"replies":[{"embeddable":true,"href":"https:\/\/radioleinewelle.de\/index.php\/wp-json\/wp\/v2\/comments?post=2415"}],"version-history":[{"count":0,"href":"https:\/\/radioleinewelle.de\/index.php\/wp-json\/wp\/v2\/posts\/2415\/revisions"}],"wp:featuredmedia":[{"embeddable":true,"href":"https:\/\/radioleinewelle.de\/index.php\/wp-json\/wp\/v2\/media\/2417"}],"wp:attachment":[{"href":"https:\/\/radioleinewelle.de\/index.php\/wp-json\/wp\/v2\/media?parent=2415"}],"wp:term":[{"taxonomy":"category","embeddable":true,"href":"https:\/\/radioleinewelle.de\/index.php\/wp-json\/wp\/v2\/categories?post=2415"},{"taxonomy":"post_tag","embeddable":true,"href":"https:\/\/radioleinewelle.de\/index.php\/wp-json\/wp\/v2\/tags?post=2415"}],"curies":[{"name":"wp","href":"https:\/\/api.w.org\/{rel}","templated":true}]}}