{"id":2418,"date":"2020-10-18T05:50:14","date_gmt":"2020-10-18T03:50:14","guid":{"rendered":"https:\/\/radioleinewelle.de\/?p=2418"},"modified":"2020-10-18T05:50:14","modified_gmt":"2020-10-18T03:50:14","slug":"vorfahren-der-maori-kehren-nach-hause-zurueck","status":"publish","type":"post","link":"https:\/\/radioleinewelle.de\/index.php\/2020\/10\/18\/vorfahren-der-maori-kehren-nach-hause-zurueck\/","title":{"rendered":"Vorfahren der Maori kehren nach Hause zur\u00fcck"},"content":{"rendered":"<p>Auf Vermittlung des englischen K\u00f6nigshauses erhielt die Universit\u00e4t G\u00f6ttingen im Jahr 1834 zwei t\u00e4towierte Maori-Sch\u00e4del aus Neuseeland. Dorthin kehren sie nun wieder zur\u00fcck: Am Donnerstag, 15. Oktober 2020, wurden die beiden <em>Toi moko<\/em> im Rahmen einer feierlichen Zeremonie an der Universit\u00e4t G\u00f6ttingen den Maori und dem Te Papa-Tongarewa-Museum in Wellington \u00fcbergeben.\u00a0Seit 1934 z\u00e4hlten die beiden Sch\u00e4del zum Bestand der Ethnologischen Sammlung der Universit\u00e4t G\u00f6ttingen, inventarisiert als \u201eKopftroph\u00e4en\u201c der Maori. \u201eWir haben keine Informationen dar\u00fcber, wie die beiden <em>Toi moko<\/em> von Neuseeland nach Europa gelangt sind\u201c, so der Kustos der Sammlung, Dr. Michael Kraus. \u201eAus Respekt vor den Maori unterst\u00fctzen wir jedoch gerne ihre R\u00fcckkehr.\u201c Die Maori besitzen eine enge Bindung an ihre Heimat. Mit der Repatriierung der beiden Sch\u00e4del werden diese wieder mit ihrer Gemeinschaft und ihrem Land vereint.\u00a0\u201eDies sind keine Objekte, sondern unsere heiligen Vorfahren (<em>t\u016bpuna<\/em>). Wir k\u00f6nnen sie jetzt nach Hause bringen, wo sie hingeh\u00f6ren&#8220;, erkl\u00e4rt Dr. Arapata Tamati Hakiwai, maorischer Ko-Leiter des Te Papa, wie das neuseel\u00e4ndische Nationalmuseum auch genannt wird. Dieses organisiert seit 2003 im Rahmen des staatlich gef\u00f6rderten Karanga-Aotearoa-Programms die R\u00fcckholung menschlicher \u00dcberreste von Maori und Moriori, die sich au\u00dferhalb Neuseelands befinden. Mehr als 600 Vorfahren konnten auf diese Weise zur\u00fcckgebracht werden.<\/p>\n<p>Auch die beiden G\u00f6ttinger <em>Toi moko<\/em> werden Anfang November im Te Papa ihre Ruhe finden. Da die genauen Stammesverbindungen der zwei Sch\u00e4del bisher noch nicht identifiziert werden konnten, finden diese hier erstmal ihren heiligen Aufbewahrungsort. Diese Repatriierung spiegelt nach den Worten des neuseel\u00e4ndischen Botschafters in Deutschland, Seine Exzellenz Rupert Holborow, die Freundschaft zwischen beiden Nationen wider: \u201eIndem sie ihren Respekt f\u00fcr die einheimische Kultur Neuseelands demonstrieren, st\u00e4rken die deutschen Kulturinstitutionen diese von gleichen Werten und Interessen getragene Verbundenheit&#8220;, so Holborow.<\/p>\n<p>&#8212;&#8212;&#8212;&#8212;&#8212;&#8212;&#8212;&#8212;&#8212;&#8212;&#8212;&#8212;&#8212;&#8212;&#8212;&#8212;&#8212;&#8212;&#8212;&#8212;&#8212;&#8212;&#8212;&#8212;&#8212;&#8212;&#8212;&#8212;&#8212;&#8212;&#8212;&#8212;&#8212;&#8212;&#8212;&#8212;&#8212;&#8212;&#8212;&#8212;&#8212;&#8212;&#8212;&#8212;&#8212;&#8212;&#8212;&#8212;&#8212;&#8212;&#8212;&#8212;&#8212;&#8212;&#8212;&#8212;&#8212;&#8212;<\/p>\n<p class=\"text\">Pr\u00e4sentation der \u00dcbergabevereinbarung: Te Arikirangi Mamaku (Koordinator des Repatriierungs-Programms), Prof. Dr. Andrea Lauser (Gesch\u00e4ftsf\u00fchrende Direktorin des Instituts f\u00fcr Ethnologie), Hinemoana Baker (Maori elder) und hintere Reihe v.l. Dr. Michael Kraus (Kustos der Ethnologischen Sammlung), Prof. Dr. Hiltraud Casper-Hehne (Vizepr\u00e4sidentin der Universit\u00e4t G\u00f6ttingen), S.E. Rupert Holborow (Neuseel\u00e4ndischer Botschafter).\u00a0Foto: Harry Haase<\/p>\n","protected":false},"excerpt":{"rendered":"<p>Auf Vermittlung des englischen K\u00f6nigshauses erhielt die Universit\u00e4t G\u00f6ttingen im Jahr 1834 zwei t\u00e4towierte Maori-Sch\u00e4del aus Neuseeland. Dorthin kehren sie nun wieder zur\u00fcck: Am Donnerstag, 15. Oktober 2020, wurden die beiden Toi moko im Rahmen einer feierlichen Zeremonie an der Universit\u00e4t G\u00f6ttingen den Maori und dem Te Papa-Tongarewa-Museum in Wellington \u00fcbergeben.\u00a0Seit 1934 z\u00e4hlten die beiden [&hellip;]<\/p>\n","protected":false},"author":1,"featured_media":2419,"comment_status":"closed","ping_status":"closed","sticky":false,"template":"","format":"standard","meta":{"saved_in_kubio":false,"footnotes":""},"categories":[44],"tags":[],"class_list":["post-2418","post","type-post","status-publish","format-standard","has-post-thumbnail","hentry","category-wissenschaft"],"yoast_head":"<!-- This site is optimized with the Yoast SEO plugin v27.5 - https:\/\/yoast.com\/product\/yoast-seo-wordpress\/ -->\n<title>Vorfahren der Maori kehren nach Hause zur\u00fcck - Radio Leinewelle<\/title>\n<meta name=\"robots\" content=\"index, follow, max-snippet:-1, max-image-preview:large, max-video-preview:-1\" \/>\n<link rel=\"canonical\" href=\"https:\/\/radioleinewelle.de\/index.php\/2020\/10\/18\/vorfahren-der-maori-kehren-nach-hause-zurueck\/\" \/>\n<meta property=\"og:locale\" content=\"de_DE\" \/>\n<meta property=\"og:type\" content=\"article\" \/>\n<meta property=\"og:title\" content=\"Vorfahren der Maori kehren nach Hause zur\u00fcck - Radio Leinewelle\" \/>\n<meta property=\"og:description\" content=\"Auf Vermittlung des englischen K\u00f6nigshauses erhielt die Universit\u00e4t G\u00f6ttingen im Jahr 1834 zwei t\u00e4towierte Maori-Sch\u00e4del aus Neuseeland. Dorthin kehren sie nun wieder zur\u00fcck: Am Donnerstag, 15. Oktober 2020, wurden die beiden Toi moko im Rahmen einer feierlichen Zeremonie an der Universit\u00e4t G\u00f6ttingen den Maori und dem Te Papa-Tongarewa-Museum in Wellington \u00fcbergeben.\u00a0Seit 1934 z\u00e4hlten die beiden [&hellip;]\" \/>\n<meta property=\"og:url\" content=\"https:\/\/radioleinewelle.de\/index.php\/2020\/10\/18\/vorfahren-der-maori-kehren-nach-hause-zurueck\/\" \/>\n<meta property=\"og:site_name\" content=\"Radio Leinewelle\" \/>\n<meta property=\"article:publisher\" content=\"https:\/\/www.facebook.com\/radioleinewelle\" \/>\n<meta property=\"article:author\" content=\"https:\/\/www.facebook.com\/radioleinewelle\" \/>\n<meta property=\"article:published_time\" content=\"2020-10-18T03:50:14+00:00\" \/>\n<meta property=\"og:image\" content=\"https:\/\/radioleinewelle.de\/wp-content\/uploads\/2020\/10\/pic_96756d996a20201015182537.jpg\" \/>\n\t<meta property=\"og:image:width\" content=\"1500\" \/>\n\t<meta property=\"og:image:height\" content=\"1099\" \/>\n\t<meta property=\"og:image:type\" content=\"image\/jpeg\" \/>\n<meta name=\"author\" content=\"Leinewelle\" \/>\n<meta name=\"twitter:card\" content=\"summary_large_image\" \/>\n<meta name=\"twitter:creator\" content=\"@https:\/\/twitter.com\/RLeinewelle?ref_src=twsrcgoogletwcampserptwgrauthor\" \/>\n<meta name=\"twitter:site\" content=\"@RLeinewelle\" \/>\n<meta name=\"twitter:label1\" content=\"Verfasst von\" \/>\n\t<meta name=\"twitter:data1\" content=\"Leinewelle\" \/>\n\t<meta name=\"twitter:label2\" content=\"Gesch\u00e4tzte Lesezeit\" \/>\n\t<meta name=\"twitter:data2\" content=\"2\u00a0Minuten\" \/>\n<script type=\"application\/ld+json\" class=\"yoast-schema-graph\">{\"@context\":\"https:\\\/\\\/schema.org\",\"@graph\":[{\"@type\":\"Article\",\"@id\":\"https:\\\/\\\/radioleinewelle.de\\\/index.php\\\/2020\\\/10\\\/18\\\/vorfahren-der-maori-kehren-nach-hause-zurueck\\\/#article\",\"isPartOf\":{\"@id\":\"https:\\\/\\\/radioleinewelle.de\\\/index.php\\\/2020\\\/10\\\/18\\\/vorfahren-der-maori-kehren-nach-hause-zurueck\\\/\"},\"author\":{\"name\":\"Leinewelle\",\"@id\":\"https:\\\/\\\/radioleinewelle.de\\\/#\\\/schema\\\/person\\\/45606f348637df637192dc1b68399a63\"},\"headline\":\"Vorfahren der Maori kehren nach Hause zur\u00fcck\",\"datePublished\":\"2020-10-18T03:50:14+00:00\",\"mainEntityOfPage\":{\"@id\":\"https:\\\/\\\/radioleinewelle.de\\\/index.php\\\/2020\\\/10\\\/18\\\/vorfahren-der-maori-kehren-nach-hause-zurueck\\\/\"},\"wordCount\":373,\"publisher\":{\"@id\":\"https:\\\/\\\/radioleinewelle.de\\\/#organization\"},\"image\":{\"@id\":\"https:\\\/\\\/radioleinewelle.de\\\/index.php\\\/2020\\\/10\\\/18\\\/vorfahren-der-maori-kehren-nach-hause-zurueck\\\/#primaryimage\"},\"thumbnailUrl\":\"https:\\\/\\\/radioleinewelle.de\\\/wp-content\\\/uploads\\\/2020\\\/10\\\/pic_96756d996a20201015182537.jpg\",\"articleSection\":[\"Wissenschaft\"],\"inLanguage\":\"de\"},{\"@type\":\"WebPage\",\"@id\":\"https:\\\/\\\/radioleinewelle.de\\\/index.php\\\/2020\\\/10\\\/18\\\/vorfahren-der-maori-kehren-nach-hause-zurueck\\\/\",\"url\":\"https:\\\/\\\/radioleinewelle.de\\\/index.php\\\/2020\\\/10\\\/18\\\/vorfahren-der-maori-kehren-nach-hause-zurueck\\\/\",\"name\":\"Vorfahren der Maori kehren nach Hause zur\u00fcck - Radio Leinewelle\",\"isPartOf\":{\"@id\":\"https:\\\/\\\/radioleinewelle.de\\\/#website\"},\"primaryImageOfPage\":{\"@id\":\"https:\\\/\\\/radioleinewelle.de\\\/index.php\\\/2020\\\/10\\\/18\\\/vorfahren-der-maori-kehren-nach-hause-zurueck\\\/#primaryimage\"},\"image\":{\"@id\":\"https:\\\/\\\/radioleinewelle.de\\\/index.php\\\/2020\\\/10\\\/18\\\/vorfahren-der-maori-kehren-nach-hause-zurueck\\\/#primaryimage\"},\"thumbnailUrl\":\"https:\\\/\\\/radioleinewelle.de\\\/wp-content\\\/uploads\\\/2020\\\/10\\\/pic_96756d996a20201015182537.jpg\",\"datePublished\":\"2020-10-18T03:50:14+00:00\",\"breadcrumb\":{\"@id\":\"https:\\\/\\\/radioleinewelle.de\\\/index.php\\\/2020\\\/10\\\/18\\\/vorfahren-der-maori-kehren-nach-hause-zurueck\\\/#breadcrumb\"},\"inLanguage\":\"de\",\"potentialAction\":[{\"@type\":\"ReadAction\",\"target\":[\"https:\\\/\\\/radioleinewelle.de\\\/index.php\\\/2020\\\/10\\\/18\\\/vorfahren-der-maori-kehren-nach-hause-zurueck\\\/\"]}]},{\"@type\":\"ImageObject\",\"inLanguage\":\"de\",\"@id\":\"https:\\\/\\\/radioleinewelle.de\\\/index.php\\\/2020\\\/10\\\/18\\\/vorfahren-der-maori-kehren-nach-hause-zurueck\\\/#primaryimage\",\"url\":\"https:\\\/\\\/radioleinewelle.de\\\/wp-content\\\/uploads\\\/2020\\\/10\\\/pic_96756d996a20201015182537.jpg\",\"contentUrl\":\"https:\\\/\\\/radioleinewelle.de\\\/wp-content\\\/uploads\\\/2020\\\/10\\\/pic_96756d996a20201015182537.jpg\",\"width\":1500,\"height\":1099},{\"@type\":\"BreadcrumbList\",\"@id\":\"https:\\\/\\\/radioleinewelle.de\\\/index.php\\\/2020\\\/10\\\/18\\\/vorfahren-der-maori-kehren-nach-hause-zurueck\\\/#breadcrumb\",\"itemListElement\":[{\"@type\":\"ListItem\",\"position\":1,\"name\":\"Startseite\",\"item\":\"https:\\\/\\\/radioleinewelle.de\\\/\"},{\"@type\":\"ListItem\",\"position\":2,\"name\":\"Vorfahren der Maori kehren nach Hause zur\u00fcck\"}]},{\"@type\":\"WebSite\",\"@id\":\"https:\\\/\\\/radioleinewelle.de\\\/#website\",\"url\":\"https:\\\/\\\/radioleinewelle.de\\\/\",\"name\":\"Radio Leinewelle\",\"description\":\"\",\"publisher\":{\"@id\":\"https:\\\/\\\/radioleinewelle.de\\\/#organization\"},\"potentialAction\":[{\"@type\":\"SearchAction\",\"target\":{\"@type\":\"EntryPoint\",\"urlTemplate\":\"https:\\\/\\\/radioleinewelle.de\\\/?s={search_term_string}\"},\"query-input\":{\"@type\":\"PropertyValueSpecification\",\"valueRequired\":true,\"valueName\":\"search_term_string\"}}],\"inLanguage\":\"de\"},{\"@type\":\"Organization\",\"@id\":\"https:\\\/\\\/radioleinewelle.de\\\/#organization\",\"name\":\"Radio Leinewelle\",\"alternateName\":\"Mein Radio f\u00fcr S\u00fcdniedersachsen\",\"url\":\"https:\\\/\\\/radioleinewelle.de\\\/\",\"logo\":{\"@type\":\"ImageObject\",\"inLanguage\":\"de\",\"@id\":\"https:\\\/\\\/radioleinewelle.de\\\/#\\\/schema\\\/logo\\\/image\\\/\",\"url\":\"https:\\\/\\\/radioleinewelle.de\\\/wp-content\\\/uploads\\\/2023\\\/11\\\/cropped-Leinewelle_Logo_weiss.png\",\"contentUrl\":\"https:\\\/\\\/radioleinewelle.de\\\/wp-content\\\/uploads\\\/2023\\\/11\\\/cropped-Leinewelle_Logo_weiss.png\",\"width\":854,\"height\":260,\"caption\":\"Radio Leinewelle\"},\"image\":{\"@id\":\"https:\\\/\\\/radioleinewelle.de\\\/#\\\/schema\\\/logo\\\/image\\\/\"},\"sameAs\":[\"https:\\\/\\\/www.facebook.com\\\/radioleinewelle\",\"https:\\\/\\\/x.com\\\/RLeinewelle\",\"https:\\\/\\\/www.instagram.com\\\/radioleinewelle\\\/?hl=de\"]},{\"@type\":\"Person\",\"@id\":\"https:\\\/\\\/radioleinewelle.de\\\/#\\\/schema\\\/person\\\/45606f348637df637192dc1b68399a63\",\"name\":\"Leinewelle\",\"image\":{\"@type\":\"ImageObject\",\"inLanguage\":\"de\",\"@id\":\"https:\\\/\\\/secure.gravatar.com\\\/avatar\\\/05c9a17bc973052ee5d91549bd32fb4dd0dc85b7b85ae94b2e2b4943476bbea5?s=96&d=blank&r=g\",\"url\":\"https:\\\/\\\/secure.gravatar.com\\\/avatar\\\/05c9a17bc973052ee5d91549bd32fb4dd0dc85b7b85ae94b2e2b4943476bbea5?s=96&d=blank&r=g\",\"contentUrl\":\"https:\\\/\\\/secure.gravatar.com\\\/avatar\\\/05c9a17bc973052ee5d91549bd32fb4dd0dc85b7b85ae94b2e2b4943476bbea5?s=96&d=blank&r=g\",\"caption\":\"Leinewelle\"},\"sameAs\":[\"http:\\\/\\\/localhost\\\/radio%20leinewelle\\\/wordpress\",\"https:\\\/\\\/www.facebook.com\\\/radioleinewelle\",\"https:\\\/\\\/www.instagram.com\\\/radioleinewelle\",\"https:\\\/\\\/x.com\\\/https:\\\/\\\/twitter.com\\\/RLeinewelle?ref_src=twsrcgoogletwcampserptwgrauthor\",\"https:\\\/\\\/soundcloud.com\\\/foerderverein-lokalradio?utm_source=clipboard&utm_medium=text&utm_campaign=social_sharing\"],\"url\":\"https:\\\/\\\/radioleinewelle.de\\\/index.php\\\/author\\\/leinewelle\\\/\"}]}<\/script>\n<!-- \/ Yoast SEO plugin. -->","yoast_head_json":{"title":"Vorfahren der Maori kehren nach Hause zur\u00fcck - Radio Leinewelle","robots":{"index":"index","follow":"follow","max-snippet":"max-snippet:-1","max-image-preview":"max-image-preview:large","max-video-preview":"max-video-preview:-1"},"canonical":"https:\/\/radioleinewelle.de\/index.php\/2020\/10\/18\/vorfahren-der-maori-kehren-nach-hause-zurueck\/","og_locale":"de_DE","og_type":"article","og_title":"Vorfahren der Maori kehren nach Hause zur\u00fcck - Radio Leinewelle","og_description":"Auf Vermittlung des englischen K\u00f6nigshauses erhielt die Universit\u00e4t G\u00f6ttingen im Jahr 1834 zwei t\u00e4towierte Maori-Sch\u00e4del aus Neuseeland. Dorthin kehren sie nun wieder zur\u00fcck: Am Donnerstag, 15. Oktober 2020, wurden die beiden Toi moko im Rahmen einer feierlichen Zeremonie an der Universit\u00e4t G\u00f6ttingen den Maori und dem Te Papa-Tongarewa-Museum in Wellington \u00fcbergeben.\u00a0Seit 1934 z\u00e4hlten die beiden [&hellip;]","og_url":"https:\/\/radioleinewelle.de\/index.php\/2020\/10\/18\/vorfahren-der-maori-kehren-nach-hause-zurueck\/","og_site_name":"Radio Leinewelle","article_publisher":"https:\/\/www.facebook.com\/radioleinewelle","article_author":"https:\/\/www.facebook.com\/radioleinewelle","article_published_time":"2020-10-18T03:50:14+00:00","og_image":[{"width":1500,"height":1099,"url":"https:\/\/radioleinewelle.de\/wp-content\/uploads\/2020\/10\/pic_96756d996a20201015182537.jpg","type":"image\/jpeg"}],"author":"Leinewelle","twitter_card":"summary_large_image","twitter_creator":"@https:\/\/twitter.com\/RLeinewelle?ref_src=twsrcgoogletwcampserptwgrauthor","twitter_site":"@RLeinewelle","twitter_misc":{"Verfasst von":"Leinewelle","Gesch\u00e4tzte Lesezeit":"2\u00a0Minuten"},"schema":{"@context":"https:\/\/schema.org","@graph":[{"@type":"Article","@id":"https:\/\/radioleinewelle.de\/index.php\/2020\/10\/18\/vorfahren-der-maori-kehren-nach-hause-zurueck\/#article","isPartOf":{"@id":"https:\/\/radioleinewelle.de\/index.php\/2020\/10\/18\/vorfahren-der-maori-kehren-nach-hause-zurueck\/"},"author":{"name":"Leinewelle","@id":"https:\/\/radioleinewelle.de\/#\/schema\/person\/45606f348637df637192dc1b68399a63"},"headline":"Vorfahren der Maori kehren nach Hause zur\u00fcck","datePublished":"2020-10-18T03:50:14+00:00","mainEntityOfPage":{"@id":"https:\/\/radioleinewelle.de\/index.php\/2020\/10\/18\/vorfahren-der-maori-kehren-nach-hause-zurueck\/"},"wordCount":373,"publisher":{"@id":"https:\/\/radioleinewelle.de\/#organization"},"image":{"@id":"https:\/\/radioleinewelle.de\/index.php\/2020\/10\/18\/vorfahren-der-maori-kehren-nach-hause-zurueck\/#primaryimage"},"thumbnailUrl":"https:\/\/radioleinewelle.de\/wp-content\/uploads\/2020\/10\/pic_96756d996a20201015182537.jpg","articleSection":["Wissenschaft"],"inLanguage":"de"},{"@type":"WebPage","@id":"https:\/\/radioleinewelle.de\/index.php\/2020\/10\/18\/vorfahren-der-maori-kehren-nach-hause-zurueck\/","url":"https:\/\/radioleinewelle.de\/index.php\/2020\/10\/18\/vorfahren-der-maori-kehren-nach-hause-zurueck\/","name":"Vorfahren der Maori kehren nach Hause zur\u00fcck - Radio Leinewelle","isPartOf":{"@id":"https:\/\/radioleinewelle.de\/#website"},"primaryImageOfPage":{"@id":"https:\/\/radioleinewelle.de\/index.php\/2020\/10\/18\/vorfahren-der-maori-kehren-nach-hause-zurueck\/#primaryimage"},"image":{"@id":"https:\/\/radioleinewelle.de\/index.php\/2020\/10\/18\/vorfahren-der-maori-kehren-nach-hause-zurueck\/#primaryimage"},"thumbnailUrl":"https:\/\/radioleinewelle.de\/wp-content\/uploads\/2020\/10\/pic_96756d996a20201015182537.jpg","datePublished":"2020-10-18T03:50:14+00:00","breadcrumb":{"@id":"https:\/\/radioleinewelle.de\/index.php\/2020\/10\/18\/vorfahren-der-maori-kehren-nach-hause-zurueck\/#breadcrumb"},"inLanguage":"de","potentialAction":[{"@type":"ReadAction","target":["https:\/\/radioleinewelle.de\/index.php\/2020\/10\/18\/vorfahren-der-maori-kehren-nach-hause-zurueck\/"]}]},{"@type":"ImageObject","inLanguage":"de","@id":"https:\/\/radioleinewelle.de\/index.php\/2020\/10\/18\/vorfahren-der-maori-kehren-nach-hause-zurueck\/#primaryimage","url":"https:\/\/radioleinewelle.de\/wp-content\/uploads\/2020\/10\/pic_96756d996a20201015182537.jpg","contentUrl":"https:\/\/radioleinewelle.de\/wp-content\/uploads\/2020\/10\/pic_96756d996a20201015182537.jpg","width":1500,"height":1099},{"@type":"BreadcrumbList","@id":"https:\/\/radioleinewelle.de\/index.php\/2020\/10\/18\/vorfahren-der-maori-kehren-nach-hause-zurueck\/#breadcrumb","itemListElement":[{"@type":"ListItem","position":1,"name":"Startseite","item":"https:\/\/radioleinewelle.de\/"},{"@type":"ListItem","position":2,"name":"Vorfahren der Maori kehren nach Hause zur\u00fcck"}]},{"@type":"WebSite","@id":"https:\/\/radioleinewelle.de\/#website","url":"https:\/\/radioleinewelle.de\/","name":"Radio Leinewelle","description":"","publisher":{"@id":"https:\/\/radioleinewelle.de\/#organization"},"potentialAction":[{"@type":"SearchAction","target":{"@type":"EntryPoint","urlTemplate":"https:\/\/radioleinewelle.de\/?s={search_term_string}"},"query-input":{"@type":"PropertyValueSpecification","valueRequired":true,"valueName":"search_term_string"}}],"inLanguage":"de"},{"@type":"Organization","@id":"https:\/\/radioleinewelle.de\/#organization","name":"Radio Leinewelle","alternateName":"Mein Radio f\u00fcr S\u00fcdniedersachsen","url":"https:\/\/radioleinewelle.de\/","logo":{"@type":"ImageObject","inLanguage":"de","@id":"https:\/\/radioleinewelle.de\/#\/schema\/logo\/image\/","url":"https:\/\/radioleinewelle.de\/wp-content\/uploads\/2023\/11\/cropped-Leinewelle_Logo_weiss.png","contentUrl":"https:\/\/radioleinewelle.de\/wp-content\/uploads\/2023\/11\/cropped-Leinewelle_Logo_weiss.png","width":854,"height":260,"caption":"Radio Leinewelle"},"image":{"@id":"https:\/\/radioleinewelle.de\/#\/schema\/logo\/image\/"},"sameAs":["https:\/\/www.facebook.com\/radioleinewelle","https:\/\/x.com\/RLeinewelle","https:\/\/www.instagram.com\/radioleinewelle\/?hl=de"]},{"@type":"Person","@id":"https:\/\/radioleinewelle.de\/#\/schema\/person\/45606f348637df637192dc1b68399a63","name":"Leinewelle","image":{"@type":"ImageObject","inLanguage":"de","@id":"https:\/\/secure.gravatar.com\/avatar\/05c9a17bc973052ee5d91549bd32fb4dd0dc85b7b85ae94b2e2b4943476bbea5?s=96&d=blank&r=g","url":"https:\/\/secure.gravatar.com\/avatar\/05c9a17bc973052ee5d91549bd32fb4dd0dc85b7b85ae94b2e2b4943476bbea5?s=96&d=blank&r=g","contentUrl":"https:\/\/secure.gravatar.com\/avatar\/05c9a17bc973052ee5d91549bd32fb4dd0dc85b7b85ae94b2e2b4943476bbea5?s=96&d=blank&r=g","caption":"Leinewelle"},"sameAs":["http:\/\/localhost\/radio%20leinewelle\/wordpress","https:\/\/www.facebook.com\/radioleinewelle","https:\/\/www.instagram.com\/radioleinewelle","https:\/\/x.com\/https:\/\/twitter.com\/RLeinewelle?ref_src=twsrcgoogletwcampserptwgrauthor","https:\/\/soundcloud.com\/foerderverein-lokalradio?utm_source=clipboard&utm_medium=text&utm_campaign=social_sharing"],"url":"https:\/\/radioleinewelle.de\/index.php\/author\/leinewelle\/"}]}},"_links":{"self":[{"href":"https:\/\/radioleinewelle.de\/index.php\/wp-json\/wp\/v2\/posts\/2418","targetHints":{"allow":["GET"]}}],"collection":[{"href":"https:\/\/radioleinewelle.de\/index.php\/wp-json\/wp\/v2\/posts"}],"about":[{"href":"https:\/\/radioleinewelle.de\/index.php\/wp-json\/wp\/v2\/types\/post"}],"author":[{"embeddable":true,"href":"https:\/\/radioleinewelle.de\/index.php\/wp-json\/wp\/v2\/users\/1"}],"replies":[{"embeddable":true,"href":"https:\/\/radioleinewelle.de\/index.php\/wp-json\/wp\/v2\/comments?post=2418"}],"version-history":[{"count":0,"href":"https:\/\/radioleinewelle.de\/index.php\/wp-json\/wp\/v2\/posts\/2418\/revisions"}],"wp:featuredmedia":[{"embeddable":true,"href":"https:\/\/radioleinewelle.de\/index.php\/wp-json\/wp\/v2\/media\/2419"}],"wp:attachment":[{"href":"https:\/\/radioleinewelle.de\/index.php\/wp-json\/wp\/v2\/media?parent=2418"}],"wp:term":[{"taxonomy":"category","embeddable":true,"href":"https:\/\/radioleinewelle.de\/index.php\/wp-json\/wp\/v2\/categories?post=2418"},{"taxonomy":"post_tag","embeddable":true,"href":"https:\/\/radioleinewelle.de\/index.php\/wp-json\/wp\/v2\/tags?post=2418"}],"curies":[{"name":"wp","href":"https:\/\/api.w.org\/{rel}","templated":true}]}}