{"id":2438,"date":"2020-10-19T05:35:28","date_gmt":"2020-10-19T03:35:28","guid":{"rendered":"https:\/\/radioleinewelle.de\/?p=2438"},"modified":"2020-10-19T05:35:28","modified_gmt":"2020-10-19T03:35:28","slug":"erfolgreicher-pokalstart-veilchen-besiegen-frankfurt","status":"publish","type":"post","link":"https:\/\/radioleinewelle.de\/index.php\/2020\/10\/19\/erfolgreicher-pokalstart-veilchen-besiegen-frankfurt\/","title":{"rendered":"Erfolgreicher Pokalstart: Veilchen besiegen Frankfurt"},"content":{"rendered":"<p><em>18. Oktober 2020 \u2013<\/em> Die BG G\u00f6ttingen ist mit einem Sieg in den MagentaSport BBL Pokal gestartet. Gegen die FRAPORT SKYLINERS gewann die Mannschaft von BG-Headcoach Roel Moors am Sonntagnachmittag 79:64 (44:31). Die S\u00fcdniedersachsen spielten mit viel Energie und der richtigen Einstellung, insbesondere in der Defensive. Eine kurze Schw\u00e4chephase im zweiten Abschnitt \u00fcberstand die BG und baute ihren Vorsprung zur Halbzeitpause auf 13 Punkte aus. In der zweiten H\u00e4lfte zogen die G\u00f6ttinger dann immer weiter davon und gingen 21 Punkte in Front (63:42\/28.). Im letzten Abschnitt kontrollierte die Moors-Truppe die Partie und gewann am Ende souver\u00e4n. Bester Veilchen-Akteur war Tai Odiase mit einem Double-Double (14 Punkte\/10 Rebounds). F\u00fcr Frankfurt traf Jon Axel Gudmundsson am besten (20 Z\u00e4hler). Das Spiel der regionalen Pokal-Gruppe B wurde im RASTA Dome in Vechta ausgetragen, Zuschauer waren aufgrund der Pandemie nicht zugelassen. In der ersten Partie der Gruppe B besiegte am Samstagabend Gastgeber RASTA Vechta die JobStairs GIESSEN 46ers 99:85.<\/p>\n<p>Der komplette Spielbericht ist unter <a href=\"https:\/\/www.bggoettingen.de\/saison\/news\/\">bggoettingen.de<\/a> zu finden.<\/p>\n<p>Bild von <a href=\"https:\/\/pixabay.com\/de\/users\/pdpics-44804\/?utm_source=link-attribution&amp;utm_medium=referral&amp;utm_campaign=image&amp;utm_content=166964\">PDPics<\/a> auf <a href=\"https:\/\/pixabay.com\/de\/?utm_source=link-attribution&amp;utm_medium=referral&amp;utm_campaign=image&amp;utm_content=166964\">Pixabay<\/a><\/p>\n","protected":false},"excerpt":{"rendered":"<p>18. Oktober 2020 \u2013 Die BG G\u00f6ttingen ist mit einem Sieg in den MagentaSport BBL Pokal gestartet. Gegen die FRAPORT SKYLINERS gewann die Mannschaft von BG-Headcoach Roel Moors am Sonntagnachmittag 79:64 (44:31). Die S\u00fcdniedersachsen spielten mit viel Energie und der richtigen Einstellung, insbesondere in der Defensive. Eine kurze Schw\u00e4chephase im zweiten Abschnitt \u00fcberstand die BG [&hellip;]<\/p>\n","protected":false},"author":1,"featured_media":2442,"comment_status":"closed","ping_status":"closed","sticky":false,"template":"","format":"standard","meta":{"saved_in_kubio":false,"footnotes":""},"categories":[1],"tags":[],"class_list":["post-2438","post","type-post","status-publish","format-standard","has-post-thumbnail","hentry","category-allgemein"],"yoast_head":"<!-- This site is optimized with the Yoast SEO plugin v27.5 - https:\/\/yoast.com\/product\/yoast-seo-wordpress\/ -->\n<title>Erfolgreicher Pokalstart: Veilchen besiegen Frankfurt - Radio Leinewelle<\/title>\n<meta name=\"robots\" content=\"index, follow, max-snippet:-1, max-image-preview:large, max-video-preview:-1\" \/>\n<link rel=\"canonical\" href=\"https:\/\/radioleinewelle.de\/index.php\/2020\/10\/19\/erfolgreicher-pokalstart-veilchen-besiegen-frankfurt\/\" \/>\n<meta property=\"og:locale\" content=\"de_DE\" \/>\n<meta property=\"og:type\" content=\"article\" \/>\n<meta property=\"og:title\" content=\"Erfolgreicher Pokalstart: Veilchen besiegen Frankfurt - Radio Leinewelle\" \/>\n<meta property=\"og:description\" content=\"18. Oktober 2020 \u2013 Die BG G\u00f6ttingen ist mit einem Sieg in den MagentaSport BBL Pokal gestartet. Gegen die FRAPORT SKYLINERS gewann die Mannschaft von BG-Headcoach Roel Moors am Sonntagnachmittag 79:64 (44:31). Die S\u00fcdniedersachsen spielten mit viel Energie und der richtigen Einstellung, insbesondere in der Defensive. Eine kurze Schw\u00e4chephase im zweiten Abschnitt \u00fcberstand die BG [&hellip;]\" \/>\n<meta property=\"og:url\" content=\"https:\/\/radioleinewelle.de\/index.php\/2020\/10\/19\/erfolgreicher-pokalstart-veilchen-besiegen-frankfurt\/\" \/>\n<meta property=\"og:site_name\" content=\"Radio Leinewelle\" \/>\n<meta property=\"article:publisher\" content=\"https:\/\/www.facebook.com\/radioleinewelle\" \/>\n<meta property=\"article:author\" content=\"https:\/\/www.facebook.com\/radioleinewelle\" \/>\n<meta property=\"article:published_time\" content=\"2020-10-19T03:35:28+00:00\" \/>\n<meta property=\"og:image\" content=\"https:\/\/radioleinewelle.de\/wp-content\/uploads\/2020\/10\/basketball-166964_640.jpg\" \/>\n\t<meta property=\"og:image:width\" content=\"640\" \/>\n\t<meta property=\"og:image:height\" content=\"535\" \/>\n\t<meta property=\"og:image:type\" content=\"image\/jpeg\" \/>\n<meta name=\"author\" content=\"Leinewelle\" \/>\n<meta name=\"twitter:card\" content=\"summary_large_image\" \/>\n<meta name=\"twitter:creator\" content=\"@https:\/\/twitter.com\/RLeinewelle?ref_src=twsrcgoogletwcampserptwgrauthor\" \/>\n<meta name=\"twitter:site\" content=\"@RLeinewelle\" \/>\n<meta name=\"twitter:label1\" content=\"Verfasst von\" \/>\n\t<meta name=\"twitter:data1\" content=\"Leinewelle\" \/>\n\t<meta name=\"twitter:label2\" content=\"Gesch\u00e4tzte Lesezeit\" \/>\n\t<meta name=\"twitter:data2\" content=\"1\u00a0Minute\" \/>\n<script type=\"application\/ld+json\" class=\"yoast-schema-graph\">{\"@context\":\"https:\\\/\\\/schema.org\",\"@graph\":[{\"@type\":\"Article\",\"@id\":\"https:\\\/\\\/radioleinewelle.de\\\/index.php\\\/2020\\\/10\\\/19\\\/erfolgreicher-pokalstart-veilchen-besiegen-frankfurt\\\/#article\",\"isPartOf\":{\"@id\":\"https:\\\/\\\/radioleinewelle.de\\\/index.php\\\/2020\\\/10\\\/19\\\/erfolgreicher-pokalstart-veilchen-besiegen-frankfurt\\\/\"},\"author\":{\"name\":\"Leinewelle\",\"@id\":\"https:\\\/\\\/radioleinewelle.de\\\/#\\\/schema\\\/person\\\/45606f348637df637192dc1b68399a63\"},\"headline\":\"Erfolgreicher Pokalstart: Veilchen besiegen Frankfurt\",\"datePublished\":\"2020-10-19T03:35:28+00:00\",\"mainEntityOfPage\":{\"@id\":\"https:\\\/\\\/radioleinewelle.de\\\/index.php\\\/2020\\\/10\\\/19\\\/erfolgreicher-pokalstart-veilchen-besiegen-frankfurt\\\/\"},\"wordCount\":171,\"publisher\":{\"@id\":\"https:\\\/\\\/radioleinewelle.de\\\/#organization\"},\"image\":{\"@id\":\"https:\\\/\\\/radioleinewelle.de\\\/index.php\\\/2020\\\/10\\\/19\\\/erfolgreicher-pokalstart-veilchen-besiegen-frankfurt\\\/#primaryimage\"},\"thumbnailUrl\":\"https:\\\/\\\/radioleinewelle.de\\\/wp-content\\\/uploads\\\/2020\\\/10\\\/basketball-166964_640.jpg\",\"inLanguage\":\"de\"},{\"@type\":\"WebPage\",\"@id\":\"https:\\\/\\\/radioleinewelle.de\\\/index.php\\\/2020\\\/10\\\/19\\\/erfolgreicher-pokalstart-veilchen-besiegen-frankfurt\\\/\",\"url\":\"https:\\\/\\\/radioleinewelle.de\\\/index.php\\\/2020\\\/10\\\/19\\\/erfolgreicher-pokalstart-veilchen-besiegen-frankfurt\\\/\",\"name\":\"Erfolgreicher Pokalstart: Veilchen besiegen Frankfurt - Radio Leinewelle\",\"isPartOf\":{\"@id\":\"https:\\\/\\\/radioleinewelle.de\\\/#website\"},\"primaryImageOfPage\":{\"@id\":\"https:\\\/\\\/radioleinewelle.de\\\/index.php\\\/2020\\\/10\\\/19\\\/erfolgreicher-pokalstart-veilchen-besiegen-frankfurt\\\/#primaryimage\"},\"image\":{\"@id\":\"https:\\\/\\\/radioleinewelle.de\\\/index.php\\\/2020\\\/10\\\/19\\\/erfolgreicher-pokalstart-veilchen-besiegen-frankfurt\\\/#primaryimage\"},\"thumbnailUrl\":\"https:\\\/\\\/radioleinewelle.de\\\/wp-content\\\/uploads\\\/2020\\\/10\\\/basketball-166964_640.jpg\",\"datePublished\":\"2020-10-19T03:35:28+00:00\",\"breadcrumb\":{\"@id\":\"https:\\\/\\\/radioleinewelle.de\\\/index.php\\\/2020\\\/10\\\/19\\\/erfolgreicher-pokalstart-veilchen-besiegen-frankfurt\\\/#breadcrumb\"},\"inLanguage\":\"de\",\"potentialAction\":[{\"@type\":\"ReadAction\",\"target\":[\"https:\\\/\\\/radioleinewelle.de\\\/index.php\\\/2020\\\/10\\\/19\\\/erfolgreicher-pokalstart-veilchen-besiegen-frankfurt\\\/\"]}]},{\"@type\":\"ImageObject\",\"inLanguage\":\"de\",\"@id\":\"https:\\\/\\\/radioleinewelle.de\\\/index.php\\\/2020\\\/10\\\/19\\\/erfolgreicher-pokalstart-veilchen-besiegen-frankfurt\\\/#primaryimage\",\"url\":\"https:\\\/\\\/radioleinewelle.de\\\/wp-content\\\/uploads\\\/2020\\\/10\\\/basketball-166964_640.jpg\",\"contentUrl\":\"https:\\\/\\\/radioleinewelle.de\\\/wp-content\\\/uploads\\\/2020\\\/10\\\/basketball-166964_640.jpg\",\"width\":640,\"height\":535},{\"@type\":\"BreadcrumbList\",\"@id\":\"https:\\\/\\\/radioleinewelle.de\\\/index.php\\\/2020\\\/10\\\/19\\\/erfolgreicher-pokalstart-veilchen-besiegen-frankfurt\\\/#breadcrumb\",\"itemListElement\":[{\"@type\":\"ListItem\",\"position\":1,\"name\":\"Startseite\",\"item\":\"https:\\\/\\\/radioleinewelle.de\\\/\"},{\"@type\":\"ListItem\",\"position\":2,\"name\":\"Erfolgreicher Pokalstart: Veilchen besiegen Frankfurt\"}]},{\"@type\":\"WebSite\",\"@id\":\"https:\\\/\\\/radioleinewelle.de\\\/#website\",\"url\":\"https:\\\/\\\/radioleinewelle.de\\\/\",\"name\":\"Radio Leinewelle\",\"description\":\"\",\"publisher\":{\"@id\":\"https:\\\/\\\/radioleinewelle.de\\\/#organization\"},\"potentialAction\":[{\"@type\":\"SearchAction\",\"target\":{\"@type\":\"EntryPoint\",\"urlTemplate\":\"https:\\\/\\\/radioleinewelle.de\\\/?s={search_term_string}\"},\"query-input\":{\"@type\":\"PropertyValueSpecification\",\"valueRequired\":true,\"valueName\":\"search_term_string\"}}],\"inLanguage\":\"de\"},{\"@type\":\"Organization\",\"@id\":\"https:\\\/\\\/radioleinewelle.de\\\/#organization\",\"name\":\"Radio Leinewelle\",\"alternateName\":\"Mein Radio f\u00fcr S\u00fcdniedersachsen\",\"url\":\"https:\\\/\\\/radioleinewelle.de\\\/\",\"logo\":{\"@type\":\"ImageObject\",\"inLanguage\":\"de\",\"@id\":\"https:\\\/\\\/radioleinewelle.de\\\/#\\\/schema\\\/logo\\\/image\\\/\",\"url\":\"https:\\\/\\\/radioleinewelle.de\\\/wp-content\\\/uploads\\\/2023\\\/11\\\/cropped-Leinewelle_Logo_weiss.png\",\"contentUrl\":\"https:\\\/\\\/radioleinewelle.de\\\/wp-content\\\/uploads\\\/2023\\\/11\\\/cropped-Leinewelle_Logo_weiss.png\",\"width\":854,\"height\":260,\"caption\":\"Radio Leinewelle\"},\"image\":{\"@id\":\"https:\\\/\\\/radioleinewelle.de\\\/#\\\/schema\\\/logo\\\/image\\\/\"},\"sameAs\":[\"https:\\\/\\\/www.facebook.com\\\/radioleinewelle\",\"https:\\\/\\\/x.com\\\/RLeinewelle\",\"https:\\\/\\\/www.instagram.com\\\/radioleinewelle\\\/?hl=de\"]},{\"@type\":\"Person\",\"@id\":\"https:\\\/\\\/radioleinewelle.de\\\/#\\\/schema\\\/person\\\/45606f348637df637192dc1b68399a63\",\"name\":\"Leinewelle\",\"image\":{\"@type\":\"ImageObject\",\"inLanguage\":\"de\",\"@id\":\"https:\\\/\\\/secure.gravatar.com\\\/avatar\\\/05c9a17bc973052ee5d91549bd32fb4dd0dc85b7b85ae94b2e2b4943476bbea5?s=96&d=blank&r=g\",\"url\":\"https:\\\/\\\/secure.gravatar.com\\\/avatar\\\/05c9a17bc973052ee5d91549bd32fb4dd0dc85b7b85ae94b2e2b4943476bbea5?s=96&d=blank&r=g\",\"contentUrl\":\"https:\\\/\\\/secure.gravatar.com\\\/avatar\\\/05c9a17bc973052ee5d91549bd32fb4dd0dc85b7b85ae94b2e2b4943476bbea5?s=96&d=blank&r=g\",\"caption\":\"Leinewelle\"},\"sameAs\":[\"http:\\\/\\\/localhost\\\/radio%20leinewelle\\\/wordpress\",\"https:\\\/\\\/www.facebook.com\\\/radioleinewelle\",\"https:\\\/\\\/www.instagram.com\\\/radioleinewelle\",\"https:\\\/\\\/x.com\\\/https:\\\/\\\/twitter.com\\\/RLeinewelle?ref_src=twsrcgoogletwcampserptwgrauthor\",\"https:\\\/\\\/soundcloud.com\\\/foerderverein-lokalradio?utm_source=clipboard&utm_medium=text&utm_campaign=social_sharing\"],\"url\":\"https:\\\/\\\/radioleinewelle.de\\\/index.php\\\/author\\\/leinewelle\\\/\"}]}<\/script>\n<!-- \/ Yoast SEO plugin. -->","yoast_head_json":{"title":"Erfolgreicher Pokalstart: Veilchen besiegen Frankfurt - Radio Leinewelle","robots":{"index":"index","follow":"follow","max-snippet":"max-snippet:-1","max-image-preview":"max-image-preview:large","max-video-preview":"max-video-preview:-1"},"canonical":"https:\/\/radioleinewelle.de\/index.php\/2020\/10\/19\/erfolgreicher-pokalstart-veilchen-besiegen-frankfurt\/","og_locale":"de_DE","og_type":"article","og_title":"Erfolgreicher Pokalstart: Veilchen besiegen Frankfurt - Radio Leinewelle","og_description":"18. Oktober 2020 \u2013 Die BG G\u00f6ttingen ist mit einem Sieg in den MagentaSport BBL Pokal gestartet. Gegen die FRAPORT SKYLINERS gewann die Mannschaft von BG-Headcoach Roel Moors am Sonntagnachmittag 79:64 (44:31). Die S\u00fcdniedersachsen spielten mit viel Energie und der richtigen Einstellung, insbesondere in der Defensive. Eine kurze Schw\u00e4chephase im zweiten Abschnitt \u00fcberstand die BG [&hellip;]","og_url":"https:\/\/radioleinewelle.de\/index.php\/2020\/10\/19\/erfolgreicher-pokalstart-veilchen-besiegen-frankfurt\/","og_site_name":"Radio Leinewelle","article_publisher":"https:\/\/www.facebook.com\/radioleinewelle","article_author":"https:\/\/www.facebook.com\/radioleinewelle","article_published_time":"2020-10-19T03:35:28+00:00","og_image":[{"width":640,"height":535,"url":"https:\/\/radioleinewelle.de\/wp-content\/uploads\/2020\/10\/basketball-166964_640.jpg","type":"image\/jpeg"}],"author":"Leinewelle","twitter_card":"summary_large_image","twitter_creator":"@https:\/\/twitter.com\/RLeinewelle?ref_src=twsrcgoogletwcampserptwgrauthor","twitter_site":"@RLeinewelle","twitter_misc":{"Verfasst von":"Leinewelle","Gesch\u00e4tzte Lesezeit":"1\u00a0Minute"},"schema":{"@context":"https:\/\/schema.org","@graph":[{"@type":"Article","@id":"https:\/\/radioleinewelle.de\/index.php\/2020\/10\/19\/erfolgreicher-pokalstart-veilchen-besiegen-frankfurt\/#article","isPartOf":{"@id":"https:\/\/radioleinewelle.de\/index.php\/2020\/10\/19\/erfolgreicher-pokalstart-veilchen-besiegen-frankfurt\/"},"author":{"name":"Leinewelle","@id":"https:\/\/radioleinewelle.de\/#\/schema\/person\/45606f348637df637192dc1b68399a63"},"headline":"Erfolgreicher Pokalstart: Veilchen besiegen Frankfurt","datePublished":"2020-10-19T03:35:28+00:00","mainEntityOfPage":{"@id":"https:\/\/radioleinewelle.de\/index.php\/2020\/10\/19\/erfolgreicher-pokalstart-veilchen-besiegen-frankfurt\/"},"wordCount":171,"publisher":{"@id":"https:\/\/radioleinewelle.de\/#organization"},"image":{"@id":"https:\/\/radioleinewelle.de\/index.php\/2020\/10\/19\/erfolgreicher-pokalstart-veilchen-besiegen-frankfurt\/#primaryimage"},"thumbnailUrl":"https:\/\/radioleinewelle.de\/wp-content\/uploads\/2020\/10\/basketball-166964_640.jpg","inLanguage":"de"},{"@type":"WebPage","@id":"https:\/\/radioleinewelle.de\/index.php\/2020\/10\/19\/erfolgreicher-pokalstart-veilchen-besiegen-frankfurt\/","url":"https:\/\/radioleinewelle.de\/index.php\/2020\/10\/19\/erfolgreicher-pokalstart-veilchen-besiegen-frankfurt\/","name":"Erfolgreicher Pokalstart: Veilchen besiegen Frankfurt - Radio Leinewelle","isPartOf":{"@id":"https:\/\/radioleinewelle.de\/#website"},"primaryImageOfPage":{"@id":"https:\/\/radioleinewelle.de\/index.php\/2020\/10\/19\/erfolgreicher-pokalstart-veilchen-besiegen-frankfurt\/#primaryimage"},"image":{"@id":"https:\/\/radioleinewelle.de\/index.php\/2020\/10\/19\/erfolgreicher-pokalstart-veilchen-besiegen-frankfurt\/#primaryimage"},"thumbnailUrl":"https:\/\/radioleinewelle.de\/wp-content\/uploads\/2020\/10\/basketball-166964_640.jpg","datePublished":"2020-10-19T03:35:28+00:00","breadcrumb":{"@id":"https:\/\/radioleinewelle.de\/index.php\/2020\/10\/19\/erfolgreicher-pokalstart-veilchen-besiegen-frankfurt\/#breadcrumb"},"inLanguage":"de","potentialAction":[{"@type":"ReadAction","target":["https:\/\/radioleinewelle.de\/index.php\/2020\/10\/19\/erfolgreicher-pokalstart-veilchen-besiegen-frankfurt\/"]}]},{"@type":"ImageObject","inLanguage":"de","@id":"https:\/\/radioleinewelle.de\/index.php\/2020\/10\/19\/erfolgreicher-pokalstart-veilchen-besiegen-frankfurt\/#primaryimage","url":"https:\/\/radioleinewelle.de\/wp-content\/uploads\/2020\/10\/basketball-166964_640.jpg","contentUrl":"https:\/\/radioleinewelle.de\/wp-content\/uploads\/2020\/10\/basketball-166964_640.jpg","width":640,"height":535},{"@type":"BreadcrumbList","@id":"https:\/\/radioleinewelle.de\/index.php\/2020\/10\/19\/erfolgreicher-pokalstart-veilchen-besiegen-frankfurt\/#breadcrumb","itemListElement":[{"@type":"ListItem","position":1,"name":"Startseite","item":"https:\/\/radioleinewelle.de\/"},{"@type":"ListItem","position":2,"name":"Erfolgreicher Pokalstart: Veilchen besiegen Frankfurt"}]},{"@type":"WebSite","@id":"https:\/\/radioleinewelle.de\/#website","url":"https:\/\/radioleinewelle.de\/","name":"Radio Leinewelle","description":"","publisher":{"@id":"https:\/\/radioleinewelle.de\/#organization"},"potentialAction":[{"@type":"SearchAction","target":{"@type":"EntryPoint","urlTemplate":"https:\/\/radioleinewelle.de\/?s={search_term_string}"},"query-input":{"@type":"PropertyValueSpecification","valueRequired":true,"valueName":"search_term_string"}}],"inLanguage":"de"},{"@type":"Organization","@id":"https:\/\/radioleinewelle.de\/#organization","name":"Radio Leinewelle","alternateName":"Mein Radio f\u00fcr S\u00fcdniedersachsen","url":"https:\/\/radioleinewelle.de\/","logo":{"@type":"ImageObject","inLanguage":"de","@id":"https:\/\/radioleinewelle.de\/#\/schema\/logo\/image\/","url":"https:\/\/radioleinewelle.de\/wp-content\/uploads\/2023\/11\/cropped-Leinewelle_Logo_weiss.png","contentUrl":"https:\/\/radioleinewelle.de\/wp-content\/uploads\/2023\/11\/cropped-Leinewelle_Logo_weiss.png","width":854,"height":260,"caption":"Radio Leinewelle"},"image":{"@id":"https:\/\/radioleinewelle.de\/#\/schema\/logo\/image\/"},"sameAs":["https:\/\/www.facebook.com\/radioleinewelle","https:\/\/x.com\/RLeinewelle","https:\/\/www.instagram.com\/radioleinewelle\/?hl=de"]},{"@type":"Person","@id":"https:\/\/radioleinewelle.de\/#\/schema\/person\/45606f348637df637192dc1b68399a63","name":"Leinewelle","image":{"@type":"ImageObject","inLanguage":"de","@id":"https:\/\/secure.gravatar.com\/avatar\/05c9a17bc973052ee5d91549bd32fb4dd0dc85b7b85ae94b2e2b4943476bbea5?s=96&d=blank&r=g","url":"https:\/\/secure.gravatar.com\/avatar\/05c9a17bc973052ee5d91549bd32fb4dd0dc85b7b85ae94b2e2b4943476bbea5?s=96&d=blank&r=g","contentUrl":"https:\/\/secure.gravatar.com\/avatar\/05c9a17bc973052ee5d91549bd32fb4dd0dc85b7b85ae94b2e2b4943476bbea5?s=96&d=blank&r=g","caption":"Leinewelle"},"sameAs":["http:\/\/localhost\/radio%20leinewelle\/wordpress","https:\/\/www.facebook.com\/radioleinewelle","https:\/\/www.instagram.com\/radioleinewelle","https:\/\/x.com\/https:\/\/twitter.com\/RLeinewelle?ref_src=twsrcgoogletwcampserptwgrauthor","https:\/\/soundcloud.com\/foerderverein-lokalradio?utm_source=clipboard&utm_medium=text&utm_campaign=social_sharing"],"url":"https:\/\/radioleinewelle.de\/index.php\/author\/leinewelle\/"}]}},"_links":{"self":[{"href":"https:\/\/radioleinewelle.de\/index.php\/wp-json\/wp\/v2\/posts\/2438","targetHints":{"allow":["GET"]}}],"collection":[{"href":"https:\/\/radioleinewelle.de\/index.php\/wp-json\/wp\/v2\/posts"}],"about":[{"href":"https:\/\/radioleinewelle.de\/index.php\/wp-json\/wp\/v2\/types\/post"}],"author":[{"embeddable":true,"href":"https:\/\/radioleinewelle.de\/index.php\/wp-json\/wp\/v2\/users\/1"}],"replies":[{"embeddable":true,"href":"https:\/\/radioleinewelle.de\/index.php\/wp-json\/wp\/v2\/comments?post=2438"}],"version-history":[{"count":0,"href":"https:\/\/radioleinewelle.de\/index.php\/wp-json\/wp\/v2\/posts\/2438\/revisions"}],"wp:featuredmedia":[{"embeddable":true,"href":"https:\/\/radioleinewelle.de\/index.php\/wp-json\/wp\/v2\/media\/2442"}],"wp:attachment":[{"href":"https:\/\/radioleinewelle.de\/index.php\/wp-json\/wp\/v2\/media?parent=2438"}],"wp:term":[{"taxonomy":"category","embeddable":true,"href":"https:\/\/radioleinewelle.de\/index.php\/wp-json\/wp\/v2\/categories?post=2438"},{"taxonomy":"post_tag","embeddable":true,"href":"https:\/\/radioleinewelle.de\/index.php\/wp-json\/wp\/v2\/tags?post=2438"}],"curies":[{"name":"wp","href":"https:\/\/api.w.org\/{rel}","templated":true}]}}