{"id":2443,"date":"2020-10-19T05:36:47","date_gmt":"2020-10-19T03:36:47","guid":{"rendered":"https:\/\/radioleinewelle.de\/?p=2443"},"modified":"2020-10-19T05:36:47","modified_gmt":"2020-10-19T03:36:47","slug":"sartorius-waechst-weiter-erstmals-arbeiten-ueber-10-000-mitarbeiter-fuer-das-unternehmen","status":"publish","type":"post","link":"https:\/\/radioleinewelle.de\/index.php\/2020\/10\/19\/sartorius-waechst-weiter-erstmals-arbeiten-ueber-10-000-mitarbeiter-fuer-das-unternehmen\/","title":{"rendered":"Sartorius w\u00e4chst weiter: Erstmals arbeiten \u00fcber 10.000 Mitarbeiter f\u00fcr das Unternehmen"},"content":{"rendered":"<div class=\"page\" title=\"Page 1\">\n<div class=\"section\">\n<div class=\"layoutArea\">\n<div class=\"column\">\n<p>Das Life-Science-Unternehmen Sartorius besch\u00e4ftigt seit Ende September erstmals \u00fcber 10.000 Mitarbeiterinnen und Mitarbeiter weltweit. Im laufenden Gesch\u00e4ftsjahr begr\u00fc\u00dfte der Konzern rund 1.000 neue Kolleginnen und Kollegen, die \u00fcber Neueinstellungen oder Akquisitionen Teil des G\u00f6ttinger Unternehmens wurden. Damit hat Sartorius seine Belegschaft seit 2014 nahezu verdoppelt. Zudem bildet der Konzern derzeit rund 200 junge Menschen in kaufm\u00e4nnischen, gewerblich-technischen, naturwissenschaftlichen und informations-technischen Berufen aus.<\/p>\n<p>Im Zeitraum von 2014 bis 2019 schuf Sartorius aufgrund des dynamischen Wachstums durchschnittlich mehr als 700 neue Arbeitspl\u00e4tze pro Jahr. Aktuell sind \u00fcber 500 Stellen in verschiedenen Bereichen ausgeschrieben.<\/p>\n<p>Foto: Sartorius-Mitarbeiter in Aubagne vor Beginn der Corona-Pandemie \u00a9Sartorius<\/p>\n<\/div>\n<\/div>\n<\/div>\n<\/div>\n","protected":false},"excerpt":{"rendered":"<p>Das Life-Science-Unternehmen Sartorius besch\u00e4ftigt seit Ende September erstmals \u00fcber 10.000 Mitarbeiterinnen und Mitarbeiter weltweit. Im laufenden Gesch\u00e4ftsjahr begr\u00fc\u00dfte der Konzern rund 1.000 neue Kolleginnen und Kollegen, die \u00fcber Neueinstellungen oder Akquisitionen Teil des G\u00f6ttinger Unternehmens wurden. Damit hat Sartorius seine Belegschaft seit 2014 nahezu verdoppelt. Zudem bildet der Konzern derzeit rund 200 junge Menschen in [&hellip;]<\/p>\n","protected":false},"author":1,"featured_media":0,"comment_status":"closed","ping_status":"closed","sticky":false,"template":"","format":"standard","meta":{"saved_in_kubio":false,"footnotes":""},"categories":[1],"tags":[],"class_list":["post-2443","post","type-post","status-publish","format-standard","hentry","category-allgemein"],"yoast_head":"<!-- This site is optimized with the Yoast SEO plugin v27.5 - https:\/\/yoast.com\/product\/yoast-seo-wordpress\/ -->\n<title>Sartorius w\u00e4chst weiter: Erstmals arbeiten \u00fcber 10.000 Mitarbeiter f\u00fcr das Unternehmen - Radio Leinewelle<\/title>\n<meta name=\"robots\" content=\"index, follow, max-snippet:-1, max-image-preview:large, max-video-preview:-1\" \/>\n<link rel=\"canonical\" href=\"https:\/\/radioleinewelle.de\/index.php\/2020\/10\/19\/sartorius-waechst-weiter-erstmals-arbeiten-ueber-10-000-mitarbeiter-fuer-das-unternehmen\/\" \/>\n<meta property=\"og:locale\" content=\"de_DE\" \/>\n<meta property=\"og:type\" content=\"article\" \/>\n<meta property=\"og:title\" content=\"Sartorius w\u00e4chst weiter: Erstmals arbeiten \u00fcber 10.000 Mitarbeiter f\u00fcr das Unternehmen - Radio Leinewelle\" \/>\n<meta property=\"og:description\" content=\"Das Life-Science-Unternehmen Sartorius besch\u00e4ftigt seit Ende September erstmals \u00fcber 10.000 Mitarbeiterinnen und Mitarbeiter weltweit. Im laufenden Gesch\u00e4ftsjahr begr\u00fc\u00dfte der Konzern rund 1.000 neue Kolleginnen und Kollegen, die \u00fcber Neueinstellungen oder Akquisitionen Teil des G\u00f6ttinger Unternehmens wurden. Damit hat Sartorius seine Belegschaft seit 2014 nahezu verdoppelt. Zudem bildet der Konzern derzeit rund 200 junge Menschen in [&hellip;]\" \/>\n<meta property=\"og:url\" content=\"https:\/\/radioleinewelle.de\/index.php\/2020\/10\/19\/sartorius-waechst-weiter-erstmals-arbeiten-ueber-10-000-mitarbeiter-fuer-das-unternehmen\/\" \/>\n<meta property=\"og:site_name\" content=\"Radio Leinewelle\" \/>\n<meta property=\"article:publisher\" content=\"https:\/\/www.facebook.com\/radioleinewelle\" \/>\n<meta property=\"article:author\" content=\"https:\/\/www.facebook.com\/radioleinewelle\" \/>\n<meta property=\"article:published_time\" content=\"2020-10-19T03:36:47+00:00\" \/>\n<meta name=\"author\" content=\"Leinewelle\" \/>\n<meta name=\"twitter:card\" content=\"summary_large_image\" \/>\n<meta name=\"twitter:creator\" content=\"@https:\/\/twitter.com\/RLeinewelle?ref_src=twsrcgoogletwcampserptwgrauthor\" \/>\n<meta name=\"twitter:site\" content=\"@RLeinewelle\" \/>\n<meta name=\"twitter:label1\" content=\"Verfasst von\" \/>\n\t<meta name=\"twitter:data1\" content=\"Leinewelle\" \/>\n<script type=\"application\/ld+json\" class=\"yoast-schema-graph\">{\"@context\":\"https:\\\/\\\/schema.org\",\"@graph\":[{\"@type\":\"Article\",\"@id\":\"https:\\\/\\\/radioleinewelle.de\\\/index.php\\\/2020\\\/10\\\/19\\\/sartorius-waechst-weiter-erstmals-arbeiten-ueber-10-000-mitarbeiter-fuer-das-unternehmen\\\/#article\",\"isPartOf\":{\"@id\":\"https:\\\/\\\/radioleinewelle.de\\\/index.php\\\/2020\\\/10\\\/19\\\/sartorius-waechst-weiter-erstmals-arbeiten-ueber-10-000-mitarbeiter-fuer-das-unternehmen\\\/\"},\"author\":{\"name\":\"Leinewelle\",\"@id\":\"https:\\\/\\\/radioleinewelle.de\\\/#\\\/schema\\\/person\\\/45606f348637df637192dc1b68399a63\"},\"headline\":\"Sartorius w\u00e4chst weiter: Erstmals arbeiten \u00fcber 10.000 Mitarbeiter f\u00fcr das Unternehmen\",\"datePublished\":\"2020-10-19T03:36:47+00:00\",\"mainEntityOfPage\":{\"@id\":\"https:\\\/\\\/radioleinewelle.de\\\/index.php\\\/2020\\\/10\\\/19\\\/sartorius-waechst-weiter-erstmals-arbeiten-ueber-10-000-mitarbeiter-fuer-das-unternehmen\\\/\"},\"wordCount\":110,\"publisher\":{\"@id\":\"https:\\\/\\\/radioleinewelle.de\\\/#organization\"},\"inLanguage\":\"de\"},{\"@type\":\"WebPage\",\"@id\":\"https:\\\/\\\/radioleinewelle.de\\\/index.php\\\/2020\\\/10\\\/19\\\/sartorius-waechst-weiter-erstmals-arbeiten-ueber-10-000-mitarbeiter-fuer-das-unternehmen\\\/\",\"url\":\"https:\\\/\\\/radioleinewelle.de\\\/index.php\\\/2020\\\/10\\\/19\\\/sartorius-waechst-weiter-erstmals-arbeiten-ueber-10-000-mitarbeiter-fuer-das-unternehmen\\\/\",\"name\":\"Sartorius w\u00e4chst weiter: Erstmals arbeiten \u00fcber 10.000 Mitarbeiter f\u00fcr das Unternehmen - Radio Leinewelle\",\"isPartOf\":{\"@id\":\"https:\\\/\\\/radioleinewelle.de\\\/#website\"},\"datePublished\":\"2020-10-19T03:36:47+00:00\",\"breadcrumb\":{\"@id\":\"https:\\\/\\\/radioleinewelle.de\\\/index.php\\\/2020\\\/10\\\/19\\\/sartorius-waechst-weiter-erstmals-arbeiten-ueber-10-000-mitarbeiter-fuer-das-unternehmen\\\/#breadcrumb\"},\"inLanguage\":\"de\",\"potentialAction\":[{\"@type\":\"ReadAction\",\"target\":[\"https:\\\/\\\/radioleinewelle.de\\\/index.php\\\/2020\\\/10\\\/19\\\/sartorius-waechst-weiter-erstmals-arbeiten-ueber-10-000-mitarbeiter-fuer-das-unternehmen\\\/\"]}]},{\"@type\":\"BreadcrumbList\",\"@id\":\"https:\\\/\\\/radioleinewelle.de\\\/index.php\\\/2020\\\/10\\\/19\\\/sartorius-waechst-weiter-erstmals-arbeiten-ueber-10-000-mitarbeiter-fuer-das-unternehmen\\\/#breadcrumb\",\"itemListElement\":[{\"@type\":\"ListItem\",\"position\":1,\"name\":\"Startseite\",\"item\":\"https:\\\/\\\/radioleinewelle.de\\\/\"},{\"@type\":\"ListItem\",\"position\":2,\"name\":\"Sartorius w\u00e4chst weiter: Erstmals arbeiten \u00fcber 10.000 Mitarbeiter f\u00fcr das Unternehmen\"}]},{\"@type\":\"WebSite\",\"@id\":\"https:\\\/\\\/radioleinewelle.de\\\/#website\",\"url\":\"https:\\\/\\\/radioleinewelle.de\\\/\",\"name\":\"Radio Leinewelle\",\"description\":\"\",\"publisher\":{\"@id\":\"https:\\\/\\\/radioleinewelle.de\\\/#organization\"},\"potentialAction\":[{\"@type\":\"SearchAction\",\"target\":{\"@type\":\"EntryPoint\",\"urlTemplate\":\"https:\\\/\\\/radioleinewelle.de\\\/?s={search_term_string}\"},\"query-input\":{\"@type\":\"PropertyValueSpecification\",\"valueRequired\":true,\"valueName\":\"search_term_string\"}}],\"inLanguage\":\"de\"},{\"@type\":\"Organization\",\"@id\":\"https:\\\/\\\/radioleinewelle.de\\\/#organization\",\"name\":\"Radio Leinewelle\",\"alternateName\":\"Mein Radio f\u00fcr S\u00fcdniedersachsen\",\"url\":\"https:\\\/\\\/radioleinewelle.de\\\/\",\"logo\":{\"@type\":\"ImageObject\",\"inLanguage\":\"de\",\"@id\":\"https:\\\/\\\/radioleinewelle.de\\\/#\\\/schema\\\/logo\\\/image\\\/\",\"url\":\"https:\\\/\\\/radioleinewelle.de\\\/wp-content\\\/uploads\\\/2023\\\/11\\\/cropped-Leinewelle_Logo_weiss.png\",\"contentUrl\":\"https:\\\/\\\/radioleinewelle.de\\\/wp-content\\\/uploads\\\/2023\\\/11\\\/cropped-Leinewelle_Logo_weiss.png\",\"width\":854,\"height\":260,\"caption\":\"Radio Leinewelle\"},\"image\":{\"@id\":\"https:\\\/\\\/radioleinewelle.de\\\/#\\\/schema\\\/logo\\\/image\\\/\"},\"sameAs\":[\"https:\\\/\\\/www.facebook.com\\\/radioleinewelle\",\"https:\\\/\\\/x.com\\\/RLeinewelle\",\"https:\\\/\\\/www.instagram.com\\\/radioleinewelle\\\/?hl=de\"]},{\"@type\":\"Person\",\"@id\":\"https:\\\/\\\/radioleinewelle.de\\\/#\\\/schema\\\/person\\\/45606f348637df637192dc1b68399a63\",\"name\":\"Leinewelle\",\"image\":{\"@type\":\"ImageObject\",\"inLanguage\":\"de\",\"@id\":\"https:\\\/\\\/secure.gravatar.com\\\/avatar\\\/05c9a17bc973052ee5d91549bd32fb4dd0dc85b7b85ae94b2e2b4943476bbea5?s=96&d=blank&r=g\",\"url\":\"https:\\\/\\\/secure.gravatar.com\\\/avatar\\\/05c9a17bc973052ee5d91549bd32fb4dd0dc85b7b85ae94b2e2b4943476bbea5?s=96&d=blank&r=g\",\"contentUrl\":\"https:\\\/\\\/secure.gravatar.com\\\/avatar\\\/05c9a17bc973052ee5d91549bd32fb4dd0dc85b7b85ae94b2e2b4943476bbea5?s=96&d=blank&r=g\",\"caption\":\"Leinewelle\"},\"sameAs\":[\"http:\\\/\\\/localhost\\\/radio%20leinewelle\\\/wordpress\",\"https:\\\/\\\/www.facebook.com\\\/radioleinewelle\",\"https:\\\/\\\/www.instagram.com\\\/radioleinewelle\",\"https:\\\/\\\/x.com\\\/https:\\\/\\\/twitter.com\\\/RLeinewelle?ref_src=twsrcgoogletwcampserptwgrauthor\",\"https:\\\/\\\/soundcloud.com\\\/foerderverein-lokalradio?utm_source=clipboard&utm_medium=text&utm_campaign=social_sharing\"],\"url\":\"https:\\\/\\\/radioleinewelle.de\\\/index.php\\\/author\\\/leinewelle\\\/\"}]}<\/script>\n<!-- \/ Yoast SEO plugin. -->","yoast_head_json":{"title":"Sartorius w\u00e4chst weiter: Erstmals arbeiten \u00fcber 10.000 Mitarbeiter f\u00fcr das Unternehmen - Radio Leinewelle","robots":{"index":"index","follow":"follow","max-snippet":"max-snippet:-1","max-image-preview":"max-image-preview:large","max-video-preview":"max-video-preview:-1"},"canonical":"https:\/\/radioleinewelle.de\/index.php\/2020\/10\/19\/sartorius-waechst-weiter-erstmals-arbeiten-ueber-10-000-mitarbeiter-fuer-das-unternehmen\/","og_locale":"de_DE","og_type":"article","og_title":"Sartorius w\u00e4chst weiter: Erstmals arbeiten \u00fcber 10.000 Mitarbeiter f\u00fcr das Unternehmen - Radio Leinewelle","og_description":"Das Life-Science-Unternehmen Sartorius besch\u00e4ftigt seit Ende September erstmals \u00fcber 10.000 Mitarbeiterinnen und Mitarbeiter weltweit. Im laufenden Gesch\u00e4ftsjahr begr\u00fc\u00dfte der Konzern rund 1.000 neue Kolleginnen und Kollegen, die \u00fcber Neueinstellungen oder Akquisitionen Teil des G\u00f6ttinger Unternehmens wurden. Damit hat Sartorius seine Belegschaft seit 2014 nahezu verdoppelt. Zudem bildet der Konzern derzeit rund 200 junge Menschen in [&hellip;]","og_url":"https:\/\/radioleinewelle.de\/index.php\/2020\/10\/19\/sartorius-waechst-weiter-erstmals-arbeiten-ueber-10-000-mitarbeiter-fuer-das-unternehmen\/","og_site_name":"Radio Leinewelle","article_publisher":"https:\/\/www.facebook.com\/radioleinewelle","article_author":"https:\/\/www.facebook.com\/radioleinewelle","article_published_time":"2020-10-19T03:36:47+00:00","author":"Leinewelle","twitter_card":"summary_large_image","twitter_creator":"@https:\/\/twitter.com\/RLeinewelle?ref_src=twsrcgoogletwcampserptwgrauthor","twitter_site":"@RLeinewelle","twitter_misc":{"Verfasst von":"Leinewelle"},"schema":{"@context":"https:\/\/schema.org","@graph":[{"@type":"Article","@id":"https:\/\/radioleinewelle.de\/index.php\/2020\/10\/19\/sartorius-waechst-weiter-erstmals-arbeiten-ueber-10-000-mitarbeiter-fuer-das-unternehmen\/#article","isPartOf":{"@id":"https:\/\/radioleinewelle.de\/index.php\/2020\/10\/19\/sartorius-waechst-weiter-erstmals-arbeiten-ueber-10-000-mitarbeiter-fuer-das-unternehmen\/"},"author":{"name":"Leinewelle","@id":"https:\/\/radioleinewelle.de\/#\/schema\/person\/45606f348637df637192dc1b68399a63"},"headline":"Sartorius w\u00e4chst weiter: Erstmals arbeiten \u00fcber 10.000 Mitarbeiter f\u00fcr das Unternehmen","datePublished":"2020-10-19T03:36:47+00:00","mainEntityOfPage":{"@id":"https:\/\/radioleinewelle.de\/index.php\/2020\/10\/19\/sartorius-waechst-weiter-erstmals-arbeiten-ueber-10-000-mitarbeiter-fuer-das-unternehmen\/"},"wordCount":110,"publisher":{"@id":"https:\/\/radioleinewelle.de\/#organization"},"inLanguage":"de"},{"@type":"WebPage","@id":"https:\/\/radioleinewelle.de\/index.php\/2020\/10\/19\/sartorius-waechst-weiter-erstmals-arbeiten-ueber-10-000-mitarbeiter-fuer-das-unternehmen\/","url":"https:\/\/radioleinewelle.de\/index.php\/2020\/10\/19\/sartorius-waechst-weiter-erstmals-arbeiten-ueber-10-000-mitarbeiter-fuer-das-unternehmen\/","name":"Sartorius w\u00e4chst weiter: Erstmals arbeiten \u00fcber 10.000 Mitarbeiter f\u00fcr das Unternehmen - Radio Leinewelle","isPartOf":{"@id":"https:\/\/radioleinewelle.de\/#website"},"datePublished":"2020-10-19T03:36:47+00:00","breadcrumb":{"@id":"https:\/\/radioleinewelle.de\/index.php\/2020\/10\/19\/sartorius-waechst-weiter-erstmals-arbeiten-ueber-10-000-mitarbeiter-fuer-das-unternehmen\/#breadcrumb"},"inLanguage":"de","potentialAction":[{"@type":"ReadAction","target":["https:\/\/radioleinewelle.de\/index.php\/2020\/10\/19\/sartorius-waechst-weiter-erstmals-arbeiten-ueber-10-000-mitarbeiter-fuer-das-unternehmen\/"]}]},{"@type":"BreadcrumbList","@id":"https:\/\/radioleinewelle.de\/index.php\/2020\/10\/19\/sartorius-waechst-weiter-erstmals-arbeiten-ueber-10-000-mitarbeiter-fuer-das-unternehmen\/#breadcrumb","itemListElement":[{"@type":"ListItem","position":1,"name":"Startseite","item":"https:\/\/radioleinewelle.de\/"},{"@type":"ListItem","position":2,"name":"Sartorius w\u00e4chst weiter: Erstmals arbeiten \u00fcber 10.000 Mitarbeiter f\u00fcr das Unternehmen"}]},{"@type":"WebSite","@id":"https:\/\/radioleinewelle.de\/#website","url":"https:\/\/radioleinewelle.de\/","name":"Radio Leinewelle","description":"","publisher":{"@id":"https:\/\/radioleinewelle.de\/#organization"},"potentialAction":[{"@type":"SearchAction","target":{"@type":"EntryPoint","urlTemplate":"https:\/\/radioleinewelle.de\/?s={search_term_string}"},"query-input":{"@type":"PropertyValueSpecification","valueRequired":true,"valueName":"search_term_string"}}],"inLanguage":"de"},{"@type":"Organization","@id":"https:\/\/radioleinewelle.de\/#organization","name":"Radio Leinewelle","alternateName":"Mein Radio f\u00fcr S\u00fcdniedersachsen","url":"https:\/\/radioleinewelle.de\/","logo":{"@type":"ImageObject","inLanguage":"de","@id":"https:\/\/radioleinewelle.de\/#\/schema\/logo\/image\/","url":"https:\/\/radioleinewelle.de\/wp-content\/uploads\/2023\/11\/cropped-Leinewelle_Logo_weiss.png","contentUrl":"https:\/\/radioleinewelle.de\/wp-content\/uploads\/2023\/11\/cropped-Leinewelle_Logo_weiss.png","width":854,"height":260,"caption":"Radio Leinewelle"},"image":{"@id":"https:\/\/radioleinewelle.de\/#\/schema\/logo\/image\/"},"sameAs":["https:\/\/www.facebook.com\/radioleinewelle","https:\/\/x.com\/RLeinewelle","https:\/\/www.instagram.com\/radioleinewelle\/?hl=de"]},{"@type":"Person","@id":"https:\/\/radioleinewelle.de\/#\/schema\/person\/45606f348637df637192dc1b68399a63","name":"Leinewelle","image":{"@type":"ImageObject","inLanguage":"de","@id":"https:\/\/secure.gravatar.com\/avatar\/05c9a17bc973052ee5d91549bd32fb4dd0dc85b7b85ae94b2e2b4943476bbea5?s=96&d=blank&r=g","url":"https:\/\/secure.gravatar.com\/avatar\/05c9a17bc973052ee5d91549bd32fb4dd0dc85b7b85ae94b2e2b4943476bbea5?s=96&d=blank&r=g","contentUrl":"https:\/\/secure.gravatar.com\/avatar\/05c9a17bc973052ee5d91549bd32fb4dd0dc85b7b85ae94b2e2b4943476bbea5?s=96&d=blank&r=g","caption":"Leinewelle"},"sameAs":["http:\/\/localhost\/radio%20leinewelle\/wordpress","https:\/\/www.facebook.com\/radioleinewelle","https:\/\/www.instagram.com\/radioleinewelle","https:\/\/x.com\/https:\/\/twitter.com\/RLeinewelle?ref_src=twsrcgoogletwcampserptwgrauthor","https:\/\/soundcloud.com\/foerderverein-lokalradio?utm_source=clipboard&utm_medium=text&utm_campaign=social_sharing"],"url":"https:\/\/radioleinewelle.de\/index.php\/author\/leinewelle\/"}]}},"_links":{"self":[{"href":"https:\/\/radioleinewelle.de\/index.php\/wp-json\/wp\/v2\/posts\/2443","targetHints":{"allow":["GET"]}}],"collection":[{"href":"https:\/\/radioleinewelle.de\/index.php\/wp-json\/wp\/v2\/posts"}],"about":[{"href":"https:\/\/radioleinewelle.de\/index.php\/wp-json\/wp\/v2\/types\/post"}],"author":[{"embeddable":true,"href":"https:\/\/radioleinewelle.de\/index.php\/wp-json\/wp\/v2\/users\/1"}],"replies":[{"embeddable":true,"href":"https:\/\/radioleinewelle.de\/index.php\/wp-json\/wp\/v2\/comments?post=2443"}],"version-history":[{"count":0,"href":"https:\/\/radioleinewelle.de\/index.php\/wp-json\/wp\/v2\/posts\/2443\/revisions"}],"wp:attachment":[{"href":"https:\/\/radioleinewelle.de\/index.php\/wp-json\/wp\/v2\/media?parent=2443"}],"wp:term":[{"taxonomy":"category","embeddable":true,"href":"https:\/\/radioleinewelle.de\/index.php\/wp-json\/wp\/v2\/categories?post=2443"},{"taxonomy":"post_tag","embeddable":true,"href":"https:\/\/radioleinewelle.de\/index.php\/wp-json\/wp\/v2\/tags?post=2443"}],"curies":[{"name":"wp","href":"https:\/\/api.w.org\/{rel}","templated":true}]}}