{"id":24519,"date":"2023-11-19T10:35:41","date_gmt":"2023-11-19T09:35:41","guid":{"rendered":"https:\/\/radioleinewelle.de\/?p=24519"},"modified":"2023-11-20T10:37:45","modified_gmt":"2023-11-20T09:37:45","slug":"stolpersteinverlegung-am-20-november","status":"publish","type":"post","link":"https:\/\/radioleinewelle.de\/index.php\/2023\/11\/19\/stolpersteinverlegung-am-20-november\/","title":{"rendered":"Stolpersteinverlegung am 20. November"},"content":{"rendered":"\n<p><strong>Am Montag, 20. November 2023, werden zum achten Mal Stolpersteine in G\u00f6ttingen verlegt, um an j\u00fcdische Mitb\u00fcrger*innen zu erinnern, die Anfang des 20. Jahrhunderts in G\u00f6ttingen gelebt haben und durch die Nationalsozialisten zwischen 1933 und 1945 verfolgt, verhaftet, gefoltert und in vielen F\u00e4llen auch deportiert und ermordet worden sind.\u00a0\u00a0<\/strong><\/p>\n\n\n\n<blockquote class=\"wp-block-quote is-layout-flow wp-block-quote-is-layout-flow\">\n<blockquote class=\"wp-block-quote is-layout-flow wp-block-quote-is-layout-flow\">\n<p> <em>\u201eDie Erinnerung an die G\u00f6ttinger Opfer des Nationalsozialismus und ihre Ermordung ist zentraler Bestandteil unserer, der G\u00f6ttinger Erinnerungskultur. Schritt f\u00fcr Schritt arbeiten wir unsere Vergangenheit auf. Die Stolpersteinverlegungen sind dabei ein wichtiger Baustein der Aufarbeitung. In diesem Jahr k\u00f6nnen wir wieder eine Stolpersteinverlegung mit interessierten Besucher*innen stattfinden lassen. Das freut mich besonders, da sich auch Nachkommen der Familien angek\u00fcndigt haben, die in diesem Jahr Stolpersteine bekommen werden.\u201c<\/em><\/p>\n<\/blockquote>\n<cite><strong>Anja Krause, Dezernentin f\u00fcr Soziales und Kultur<\/strong><\/cite><\/blockquote>\n\n\n\n<p> Wie schon in den letzten Jahren, erfolgt die Verlegung der Stolpersteine in enger Kooperation mit der Gesellschaft f\u00fcr christlich-j\u00fcdischen Zusammenarbeit G\u00f6ttingen e.V. und dem Geschichtsverein f\u00fcr G\u00f6ttingen und Umgebung e.V.<\/p>\n\n\n\n<p><strong>Einladung an alle interessierten B\u00fcrger*innen<\/strong> <br>Beginn der Veranstaltung ist um 13.00 Uhr im Alten Rathaus. Der Musiker Ulrich von Wrochem, der 1. Solobratscher der Mail\u00e4nder Scala, wird mit zwei St\u00fccken j\u00fcdischer Komponisten des 20. Jahrhunderts die Gru\u00dfworte musikalisch einrahmen. Anschlie\u00dfend findet gegen 13.55 Uhr die Verlegung der Stolpersteine f\u00fcr Hermann Fr\u00e4nkel, seine Frau Lilli und ihre drei Kinder Hans, Edith und Brigitte in der M\u00fcnchhausenstra\u00dfe 27 statt. Danach werden gegen 14.20 Uhr Stolpersteine f\u00fcr Toni L\u00f6wenherz, Schwiegertochter Florence L\u00f6wenherz und die Kinder Renate und Vera im Friedl\u00e4nder Weg 26 verlegt.<\/p>\n\n\n\n<p>Ab 15.00 Uhr findet ein Empfang im St\u00e4dtischen Museum statt.<\/p>\n\n\n\n<p>Zu Ehren des bedeutendsten deutsch(-amerikanischen) Klassischen Philologen Hermann Fr\u00e4nkel richtet das Seminar f\u00fcr Klassische Philologie der Universit\u00e4t G\u00f6ttingen ab 16.30 Uhr ein Kolloquium in der Alten Mensa am Wilhelmsplatz im Hannah-Vogt-Saal aus.<\/p>\n\n\n\n<p>Alle interessierten B\u00fcrger*innen sind herzlich eingeladen, an den Stolpersteinverlegungen, dem Empfang sowie am Colloquium teilzunehmen.<\/p>\n\n\n\n<p>Symbolbild von Pixabay<\/p>\n","protected":false},"excerpt":{"rendered":"<p>Am Montag, 20. November 2023, werden zum achten Mal Stolpersteine in G\u00f6ttingen verlegt, um an j\u00fcdische Mitb\u00fcrger*innen zu erinnern, die Anfang des 20. Jahrhunderts in G\u00f6ttingen gelebt haben und durch die Nationalsozialisten zwischen 1933 und 1945 verfolgt, verhaftet, gefoltert und in vielen F\u00e4llen auch deportiert und ermordet worden sind.\u00a0\u00a0 Wie schon in den letzten Jahren, [&hellip;]<\/p>\n","protected":false},"author":1,"featured_media":24524,"comment_status":"open","ping_status":"open","sticky":true,"template":"","format":"standard","meta":{"saved_in_kubio":false,"footnotes":""},"categories":[2081],"tags":[],"class_list":["post-24519","post","type-post","status-publish","format-standard","has-post-thumbnail","hentry","category-geschichte-und-erinnerungskutur"],"yoast_head":"<!-- This site is optimized with the Yoast SEO plugin v27.5 - https:\/\/yoast.com\/product\/yoast-seo-wordpress\/ -->\n<title>Stolpersteinverlegung am 20. November - Radio Leinewelle<\/title>\n<meta name=\"robots\" content=\"index, follow, max-snippet:-1, max-image-preview:large, max-video-preview:-1\" \/>\n<link rel=\"canonical\" href=\"https:\/\/radioleinewelle.de\/index.php\/2023\/11\/19\/stolpersteinverlegung-am-20-november\/\" \/>\n<meta property=\"og:locale\" content=\"de_DE\" \/>\n<meta property=\"og:type\" content=\"article\" \/>\n<meta property=\"og:title\" content=\"Stolpersteinverlegung am 20. November - Radio Leinewelle\" \/>\n<meta property=\"og:description\" content=\"Am Montag, 20. November 2023, werden zum achten Mal Stolpersteine in G\u00f6ttingen verlegt, um an j\u00fcdische Mitb\u00fcrger*innen zu erinnern, die Anfang des 20. Jahrhunderts in G\u00f6ttingen gelebt haben und durch die Nationalsozialisten zwischen 1933 und 1945 verfolgt, verhaftet, gefoltert und in vielen F\u00e4llen auch deportiert und ermordet worden sind.\u00a0\u00a0 Wie schon in den letzten Jahren, [&hellip;]\" \/>\n<meta property=\"og:url\" content=\"https:\/\/radioleinewelle.de\/index.php\/2023\/11\/19\/stolpersteinverlegung-am-20-november\/\" \/>\n<meta property=\"og:site_name\" content=\"Radio Leinewelle\" \/>\n<meta property=\"article:publisher\" content=\"https:\/\/www.facebook.com\/radioleinewelle\" \/>\n<meta property=\"article:author\" content=\"https:\/\/www.facebook.com\/radioleinewelle\" \/>\n<meta property=\"article:published_time\" content=\"2023-11-19T09:35:41+00:00\" \/>\n<meta property=\"article:modified_time\" content=\"2023-11-20T09:37:45+00:00\" \/>\n<meta property=\"og:image\" content=\"https:\/\/radioleinewelle.de\/wp-content\/uploads\/2023\/11\/memorial-837783_1280.jpg\" \/>\n\t<meta property=\"og:image:width\" content=\"1280\" \/>\n\t<meta property=\"og:image:height\" content=\"850\" \/>\n\t<meta property=\"og:image:type\" content=\"image\/jpeg\" \/>\n<meta name=\"author\" content=\"Leinewelle\" \/>\n<meta name=\"twitter:card\" content=\"summary_large_image\" \/>\n<meta name=\"twitter:creator\" content=\"@https:\/\/twitter.com\/RLeinewelle?ref_src=twsrcgoogletwcampserptwgrauthor\" \/>\n<meta name=\"twitter:site\" content=\"@RLeinewelle\" \/>\n<meta name=\"twitter:label1\" content=\"Verfasst von\" \/>\n\t<meta name=\"twitter:data1\" content=\"Leinewelle\" \/>\n\t<meta name=\"twitter:label2\" content=\"Gesch\u00e4tzte Lesezeit\" \/>\n\t<meta name=\"twitter:data2\" content=\"2\u00a0Minuten\" \/>\n<script type=\"application\/ld+json\" class=\"yoast-schema-graph\">{\"@context\":\"https:\\\/\\\/schema.org\",\"@graph\":[{\"@type\":\"Article\",\"@id\":\"https:\\\/\\\/radioleinewelle.de\\\/index.php\\\/2023\\\/11\\\/19\\\/stolpersteinverlegung-am-20-november\\\/#article\",\"isPartOf\":{\"@id\":\"https:\\\/\\\/radioleinewelle.de\\\/index.php\\\/2023\\\/11\\\/19\\\/stolpersteinverlegung-am-20-november\\\/\"},\"author\":{\"name\":\"Leinewelle\",\"@id\":\"https:\\\/\\\/radioleinewelle.de\\\/#\\\/schema\\\/person\\\/45606f348637df637192dc1b68399a63\"},\"headline\":\"Stolpersteinverlegung am 20. November\",\"datePublished\":\"2023-11-19T09:35:41+00:00\",\"dateModified\":\"2023-11-20T09:37:45+00:00\",\"mainEntityOfPage\":{\"@id\":\"https:\\\/\\\/radioleinewelle.de\\\/index.php\\\/2023\\\/11\\\/19\\\/stolpersteinverlegung-am-20-november\\\/\"},\"wordCount\":335,\"commentCount\":0,\"publisher\":{\"@id\":\"https:\\\/\\\/radioleinewelle.de\\\/#organization\"},\"image\":{\"@id\":\"https:\\\/\\\/radioleinewelle.de\\\/index.php\\\/2023\\\/11\\\/19\\\/stolpersteinverlegung-am-20-november\\\/#primaryimage\"},\"thumbnailUrl\":\"https:\\\/\\\/radioleinewelle.de\\\/wp-content\\\/uploads\\\/2023\\\/11\\\/memorial-837783_1280.jpg\",\"articleSection\":[\"Geschichte und Erinnerungskutur\"],\"inLanguage\":\"de\",\"potentialAction\":[{\"@type\":\"CommentAction\",\"name\":\"Comment\",\"target\":[\"https:\\\/\\\/radioleinewelle.de\\\/index.php\\\/2023\\\/11\\\/19\\\/stolpersteinverlegung-am-20-november\\\/#respond\"]}]},{\"@type\":\"WebPage\",\"@id\":\"https:\\\/\\\/radioleinewelle.de\\\/index.php\\\/2023\\\/11\\\/19\\\/stolpersteinverlegung-am-20-november\\\/\",\"url\":\"https:\\\/\\\/radioleinewelle.de\\\/index.php\\\/2023\\\/11\\\/19\\\/stolpersteinverlegung-am-20-november\\\/\",\"name\":\"Stolpersteinverlegung am 20. November - Radio Leinewelle\",\"isPartOf\":{\"@id\":\"https:\\\/\\\/radioleinewelle.de\\\/#website\"},\"primaryImageOfPage\":{\"@id\":\"https:\\\/\\\/radioleinewelle.de\\\/index.php\\\/2023\\\/11\\\/19\\\/stolpersteinverlegung-am-20-november\\\/#primaryimage\"},\"image\":{\"@id\":\"https:\\\/\\\/radioleinewelle.de\\\/index.php\\\/2023\\\/11\\\/19\\\/stolpersteinverlegung-am-20-november\\\/#primaryimage\"},\"thumbnailUrl\":\"https:\\\/\\\/radioleinewelle.de\\\/wp-content\\\/uploads\\\/2023\\\/11\\\/memorial-837783_1280.jpg\",\"datePublished\":\"2023-11-19T09:35:41+00:00\",\"dateModified\":\"2023-11-20T09:37:45+00:00\",\"breadcrumb\":{\"@id\":\"https:\\\/\\\/radioleinewelle.de\\\/index.php\\\/2023\\\/11\\\/19\\\/stolpersteinverlegung-am-20-november\\\/#breadcrumb\"},\"inLanguage\":\"de\",\"potentialAction\":[{\"@type\":\"ReadAction\",\"target\":[\"https:\\\/\\\/radioleinewelle.de\\\/index.php\\\/2023\\\/11\\\/19\\\/stolpersteinverlegung-am-20-november\\\/\"]}]},{\"@type\":\"ImageObject\",\"inLanguage\":\"de\",\"@id\":\"https:\\\/\\\/radioleinewelle.de\\\/index.php\\\/2023\\\/11\\\/19\\\/stolpersteinverlegung-am-20-november\\\/#primaryimage\",\"url\":\"https:\\\/\\\/radioleinewelle.de\\\/wp-content\\\/uploads\\\/2023\\\/11\\\/memorial-837783_1280.jpg\",\"contentUrl\":\"https:\\\/\\\/radioleinewelle.de\\\/wp-content\\\/uploads\\\/2023\\\/11\\\/memorial-837783_1280.jpg\",\"width\":1280,\"height\":850},{\"@type\":\"BreadcrumbList\",\"@id\":\"https:\\\/\\\/radioleinewelle.de\\\/index.php\\\/2023\\\/11\\\/19\\\/stolpersteinverlegung-am-20-november\\\/#breadcrumb\",\"itemListElement\":[{\"@type\":\"ListItem\",\"position\":1,\"name\":\"Startseite\",\"item\":\"https:\\\/\\\/radioleinewelle.de\\\/\"},{\"@type\":\"ListItem\",\"position\":2,\"name\":\"Stolpersteinverlegung am 20. November\"}]},{\"@type\":\"WebSite\",\"@id\":\"https:\\\/\\\/radioleinewelle.de\\\/#website\",\"url\":\"https:\\\/\\\/radioleinewelle.de\\\/\",\"name\":\"Radio Leinewelle\",\"description\":\"\",\"publisher\":{\"@id\":\"https:\\\/\\\/radioleinewelle.de\\\/#organization\"},\"potentialAction\":[{\"@type\":\"SearchAction\",\"target\":{\"@type\":\"EntryPoint\",\"urlTemplate\":\"https:\\\/\\\/radioleinewelle.de\\\/?s={search_term_string}\"},\"query-input\":{\"@type\":\"PropertyValueSpecification\",\"valueRequired\":true,\"valueName\":\"search_term_string\"}}],\"inLanguage\":\"de\"},{\"@type\":\"Organization\",\"@id\":\"https:\\\/\\\/radioleinewelle.de\\\/#organization\",\"name\":\"Radio Leinewelle\",\"alternateName\":\"Mein Radio f\u00fcr S\u00fcdniedersachsen\",\"url\":\"https:\\\/\\\/radioleinewelle.de\\\/\",\"logo\":{\"@type\":\"ImageObject\",\"inLanguage\":\"de\",\"@id\":\"https:\\\/\\\/radioleinewelle.de\\\/#\\\/schema\\\/logo\\\/image\\\/\",\"url\":\"https:\\\/\\\/radioleinewelle.de\\\/wp-content\\\/uploads\\\/2023\\\/11\\\/cropped-Leinewelle_Logo_weiss.png\",\"contentUrl\":\"https:\\\/\\\/radioleinewelle.de\\\/wp-content\\\/uploads\\\/2023\\\/11\\\/cropped-Leinewelle_Logo_weiss.png\",\"width\":854,\"height\":260,\"caption\":\"Radio Leinewelle\"},\"image\":{\"@id\":\"https:\\\/\\\/radioleinewelle.de\\\/#\\\/schema\\\/logo\\\/image\\\/\"},\"sameAs\":[\"https:\\\/\\\/www.facebook.com\\\/radioleinewelle\",\"https:\\\/\\\/x.com\\\/RLeinewelle\",\"https:\\\/\\\/www.instagram.com\\\/radioleinewelle\\\/?hl=de\"]},{\"@type\":\"Person\",\"@id\":\"https:\\\/\\\/radioleinewelle.de\\\/#\\\/schema\\\/person\\\/45606f348637df637192dc1b68399a63\",\"name\":\"Leinewelle\",\"image\":{\"@type\":\"ImageObject\",\"inLanguage\":\"de\",\"@id\":\"https:\\\/\\\/secure.gravatar.com\\\/avatar\\\/05c9a17bc973052ee5d91549bd32fb4dd0dc85b7b85ae94b2e2b4943476bbea5?s=96&d=blank&r=g\",\"url\":\"https:\\\/\\\/secure.gravatar.com\\\/avatar\\\/05c9a17bc973052ee5d91549bd32fb4dd0dc85b7b85ae94b2e2b4943476bbea5?s=96&d=blank&r=g\",\"contentUrl\":\"https:\\\/\\\/secure.gravatar.com\\\/avatar\\\/05c9a17bc973052ee5d91549bd32fb4dd0dc85b7b85ae94b2e2b4943476bbea5?s=96&d=blank&r=g\",\"caption\":\"Leinewelle\"},\"sameAs\":[\"http:\\\/\\\/localhost\\\/radio%20leinewelle\\\/wordpress\",\"https:\\\/\\\/www.facebook.com\\\/radioleinewelle\",\"https:\\\/\\\/www.instagram.com\\\/radioleinewelle\",\"https:\\\/\\\/x.com\\\/https:\\\/\\\/twitter.com\\\/RLeinewelle?ref_src=twsrcgoogletwcampserptwgrauthor\",\"https:\\\/\\\/soundcloud.com\\\/foerderverein-lokalradio?utm_source=clipboard&utm_medium=text&utm_campaign=social_sharing\"],\"url\":\"https:\\\/\\\/radioleinewelle.de\\\/index.php\\\/author\\\/leinewelle\\\/\"}]}<\/script>\n<!-- \/ Yoast SEO plugin. -->","yoast_head_json":{"title":"Stolpersteinverlegung am 20. November - Radio Leinewelle","robots":{"index":"index","follow":"follow","max-snippet":"max-snippet:-1","max-image-preview":"max-image-preview:large","max-video-preview":"max-video-preview:-1"},"canonical":"https:\/\/radioleinewelle.de\/index.php\/2023\/11\/19\/stolpersteinverlegung-am-20-november\/","og_locale":"de_DE","og_type":"article","og_title":"Stolpersteinverlegung am 20. November - Radio Leinewelle","og_description":"Am Montag, 20. November 2023, werden zum achten Mal Stolpersteine in G\u00f6ttingen verlegt, um an j\u00fcdische Mitb\u00fcrger*innen zu erinnern, die Anfang des 20. Jahrhunderts in G\u00f6ttingen gelebt haben und durch die Nationalsozialisten zwischen 1933 und 1945 verfolgt, verhaftet, gefoltert und in vielen F\u00e4llen auch deportiert und ermordet worden sind.\u00a0\u00a0 Wie schon in den letzten Jahren, [&hellip;]","og_url":"https:\/\/radioleinewelle.de\/index.php\/2023\/11\/19\/stolpersteinverlegung-am-20-november\/","og_site_name":"Radio Leinewelle","article_publisher":"https:\/\/www.facebook.com\/radioleinewelle","article_author":"https:\/\/www.facebook.com\/radioleinewelle","article_published_time":"2023-11-19T09:35:41+00:00","article_modified_time":"2023-11-20T09:37:45+00:00","og_image":[{"width":1280,"height":850,"url":"https:\/\/radioleinewelle.de\/wp-content\/uploads\/2023\/11\/memorial-837783_1280.jpg","type":"image\/jpeg"}],"author":"Leinewelle","twitter_card":"summary_large_image","twitter_creator":"@https:\/\/twitter.com\/RLeinewelle?ref_src=twsrcgoogletwcampserptwgrauthor","twitter_site":"@RLeinewelle","twitter_misc":{"Verfasst von":"Leinewelle","Gesch\u00e4tzte Lesezeit":"2\u00a0Minuten"},"schema":{"@context":"https:\/\/schema.org","@graph":[{"@type":"Article","@id":"https:\/\/radioleinewelle.de\/index.php\/2023\/11\/19\/stolpersteinverlegung-am-20-november\/#article","isPartOf":{"@id":"https:\/\/radioleinewelle.de\/index.php\/2023\/11\/19\/stolpersteinverlegung-am-20-november\/"},"author":{"name":"Leinewelle","@id":"https:\/\/radioleinewelle.de\/#\/schema\/person\/45606f348637df637192dc1b68399a63"},"headline":"Stolpersteinverlegung am 20. November","datePublished":"2023-11-19T09:35:41+00:00","dateModified":"2023-11-20T09:37:45+00:00","mainEntityOfPage":{"@id":"https:\/\/radioleinewelle.de\/index.php\/2023\/11\/19\/stolpersteinverlegung-am-20-november\/"},"wordCount":335,"commentCount":0,"publisher":{"@id":"https:\/\/radioleinewelle.de\/#organization"},"image":{"@id":"https:\/\/radioleinewelle.de\/index.php\/2023\/11\/19\/stolpersteinverlegung-am-20-november\/#primaryimage"},"thumbnailUrl":"https:\/\/radioleinewelle.de\/wp-content\/uploads\/2023\/11\/memorial-837783_1280.jpg","articleSection":["Geschichte und Erinnerungskutur"],"inLanguage":"de","potentialAction":[{"@type":"CommentAction","name":"Comment","target":["https:\/\/radioleinewelle.de\/index.php\/2023\/11\/19\/stolpersteinverlegung-am-20-november\/#respond"]}]},{"@type":"WebPage","@id":"https:\/\/radioleinewelle.de\/index.php\/2023\/11\/19\/stolpersteinverlegung-am-20-november\/","url":"https:\/\/radioleinewelle.de\/index.php\/2023\/11\/19\/stolpersteinverlegung-am-20-november\/","name":"Stolpersteinverlegung am 20. November - Radio Leinewelle","isPartOf":{"@id":"https:\/\/radioleinewelle.de\/#website"},"primaryImageOfPage":{"@id":"https:\/\/radioleinewelle.de\/index.php\/2023\/11\/19\/stolpersteinverlegung-am-20-november\/#primaryimage"},"image":{"@id":"https:\/\/radioleinewelle.de\/index.php\/2023\/11\/19\/stolpersteinverlegung-am-20-november\/#primaryimage"},"thumbnailUrl":"https:\/\/radioleinewelle.de\/wp-content\/uploads\/2023\/11\/memorial-837783_1280.jpg","datePublished":"2023-11-19T09:35:41+00:00","dateModified":"2023-11-20T09:37:45+00:00","breadcrumb":{"@id":"https:\/\/radioleinewelle.de\/index.php\/2023\/11\/19\/stolpersteinverlegung-am-20-november\/#breadcrumb"},"inLanguage":"de","potentialAction":[{"@type":"ReadAction","target":["https:\/\/radioleinewelle.de\/index.php\/2023\/11\/19\/stolpersteinverlegung-am-20-november\/"]}]},{"@type":"ImageObject","inLanguage":"de","@id":"https:\/\/radioleinewelle.de\/index.php\/2023\/11\/19\/stolpersteinverlegung-am-20-november\/#primaryimage","url":"https:\/\/radioleinewelle.de\/wp-content\/uploads\/2023\/11\/memorial-837783_1280.jpg","contentUrl":"https:\/\/radioleinewelle.de\/wp-content\/uploads\/2023\/11\/memorial-837783_1280.jpg","width":1280,"height":850},{"@type":"BreadcrumbList","@id":"https:\/\/radioleinewelle.de\/index.php\/2023\/11\/19\/stolpersteinverlegung-am-20-november\/#breadcrumb","itemListElement":[{"@type":"ListItem","position":1,"name":"Startseite","item":"https:\/\/radioleinewelle.de\/"},{"@type":"ListItem","position":2,"name":"Stolpersteinverlegung am 20. November"}]},{"@type":"WebSite","@id":"https:\/\/radioleinewelle.de\/#website","url":"https:\/\/radioleinewelle.de\/","name":"Radio Leinewelle","description":"","publisher":{"@id":"https:\/\/radioleinewelle.de\/#organization"},"potentialAction":[{"@type":"SearchAction","target":{"@type":"EntryPoint","urlTemplate":"https:\/\/radioleinewelle.de\/?s={search_term_string}"},"query-input":{"@type":"PropertyValueSpecification","valueRequired":true,"valueName":"search_term_string"}}],"inLanguage":"de"},{"@type":"Organization","@id":"https:\/\/radioleinewelle.de\/#organization","name":"Radio Leinewelle","alternateName":"Mein Radio f\u00fcr S\u00fcdniedersachsen","url":"https:\/\/radioleinewelle.de\/","logo":{"@type":"ImageObject","inLanguage":"de","@id":"https:\/\/radioleinewelle.de\/#\/schema\/logo\/image\/","url":"https:\/\/radioleinewelle.de\/wp-content\/uploads\/2023\/11\/cropped-Leinewelle_Logo_weiss.png","contentUrl":"https:\/\/radioleinewelle.de\/wp-content\/uploads\/2023\/11\/cropped-Leinewelle_Logo_weiss.png","width":854,"height":260,"caption":"Radio Leinewelle"},"image":{"@id":"https:\/\/radioleinewelle.de\/#\/schema\/logo\/image\/"},"sameAs":["https:\/\/www.facebook.com\/radioleinewelle","https:\/\/x.com\/RLeinewelle","https:\/\/www.instagram.com\/radioleinewelle\/?hl=de"]},{"@type":"Person","@id":"https:\/\/radioleinewelle.de\/#\/schema\/person\/45606f348637df637192dc1b68399a63","name":"Leinewelle","image":{"@type":"ImageObject","inLanguage":"de","@id":"https:\/\/secure.gravatar.com\/avatar\/05c9a17bc973052ee5d91549bd32fb4dd0dc85b7b85ae94b2e2b4943476bbea5?s=96&d=blank&r=g","url":"https:\/\/secure.gravatar.com\/avatar\/05c9a17bc973052ee5d91549bd32fb4dd0dc85b7b85ae94b2e2b4943476bbea5?s=96&d=blank&r=g","contentUrl":"https:\/\/secure.gravatar.com\/avatar\/05c9a17bc973052ee5d91549bd32fb4dd0dc85b7b85ae94b2e2b4943476bbea5?s=96&d=blank&r=g","caption":"Leinewelle"},"sameAs":["http:\/\/localhost\/radio%20leinewelle\/wordpress","https:\/\/www.facebook.com\/radioleinewelle","https:\/\/www.instagram.com\/radioleinewelle","https:\/\/x.com\/https:\/\/twitter.com\/RLeinewelle?ref_src=twsrcgoogletwcampserptwgrauthor","https:\/\/soundcloud.com\/foerderverein-lokalradio?utm_source=clipboard&utm_medium=text&utm_campaign=social_sharing"],"url":"https:\/\/radioleinewelle.de\/index.php\/author\/leinewelle\/"}]}},"_links":{"self":[{"href":"https:\/\/radioleinewelle.de\/index.php\/wp-json\/wp\/v2\/posts\/24519","targetHints":{"allow":["GET"]}}],"collection":[{"href":"https:\/\/radioleinewelle.de\/index.php\/wp-json\/wp\/v2\/posts"}],"about":[{"href":"https:\/\/radioleinewelle.de\/index.php\/wp-json\/wp\/v2\/types\/post"}],"author":[{"embeddable":true,"href":"https:\/\/radioleinewelle.de\/index.php\/wp-json\/wp\/v2\/users\/1"}],"replies":[{"embeddable":true,"href":"https:\/\/radioleinewelle.de\/index.php\/wp-json\/wp\/v2\/comments?post=24519"}],"version-history":[{"count":4,"href":"https:\/\/radioleinewelle.de\/index.php\/wp-json\/wp\/v2\/posts\/24519\/revisions"}],"predecessor-version":[{"id":24523,"href":"https:\/\/radioleinewelle.de\/index.php\/wp-json\/wp\/v2\/posts\/24519\/revisions\/24523"}],"wp:featuredmedia":[{"embeddable":true,"href":"https:\/\/radioleinewelle.de\/index.php\/wp-json\/wp\/v2\/media\/24524"}],"wp:attachment":[{"href":"https:\/\/radioleinewelle.de\/index.php\/wp-json\/wp\/v2\/media?parent=24519"}],"wp:term":[{"taxonomy":"category","embeddable":true,"href":"https:\/\/radioleinewelle.de\/index.php\/wp-json\/wp\/v2\/categories?post=24519"},{"taxonomy":"post_tag","embeddable":true,"href":"https:\/\/radioleinewelle.de\/index.php\/wp-json\/wp\/v2\/tags?post=24519"}],"curies":[{"name":"wp","href":"https:\/\/api.w.org\/{rel}","templated":true}]}}