{"id":24525,"date":"2023-11-20T11:50:22","date_gmt":"2023-11-20T10:50:22","guid":{"rendered":"https:\/\/radioleinewelle.de\/?p=24525"},"modified":"2023-11-20T11:50:23","modified_gmt":"2023-11-20T10:50:23","slug":"ver-di-kuendigt-fuer-diese-woche-streiks-an-umg-stark-betroffen","status":"publish","type":"post","link":"https:\/\/radioleinewelle.de\/index.php\/2023\/11\/20\/ver-di-kuendigt-fuer-diese-woche-streiks-an-umg-stark-betroffen\/","title":{"rendered":"Ver.di k\u00fcndigt f\u00fcr diese Woche Streiks an &#8211; UMG stark betroffen"},"content":{"rendered":"\n<p>In den Verhandlungen \u00fcber die Bezahlung der Besch\u00e4ftigten des \u00f6ffentlichen Dienstes der L\u00e4nder haben die Arbeitgeber bislang kein Angebot vorgelegt. Die Gewerkschaft ver.di fordert eine Entgelterh\u00f6hung wie im \u00f6ffentlichen Dienst von Bund und Kommunen. Auch die Beamt*innen des Landes sind betroffen, denn auf sie wird das Ergebnis der Verhandlungen in der Regel \u00fcbertragen.<\/p>\n\n\n\n<p>In G\u00f6ttingen wird es am 23. und 24. November zu ersten Arbeitsniederlegungen kommen. F\u00fcr den 23.11., ruft ver.di zu einer Streikdemo ab 8.45 Uhr mit dem Startpunkt UMG-Haupteingang auf.\u00a0<em>Sebastian Wertm\u00fcller (Gesch\u00e4ftsf\u00fchrer ver.di-Bezirk Region S\u00fcd-Ost-Niedersachsen)<\/em>: <\/p>\n\n\n\n<blockquote class=\"wp-block-quote is-layout-flow wp-block-quote-is-layout-flow\">\n<p><em>&#8222;Die Kolleg*innen im \u00f6ffentliche Dienst der L\u00e4nder stehen in Verantwortung f\u00fcr unsere Gesellschaft. Sie pflegen Kranke, versorgen Studierende, produzieren Wissen, warten die Stra\u00dfen, sind im Gerichtswesen, unterrichten unsere Kinder, sorgen bei der Polizei f\u00fcr Sicherheit und in vielen \u00c4mtern und Beh\u00f6rden \u00fcbernehmen sie Verwaltungsaufgaben, ohne die in unserer modernen Welt nichts geht. Wir fordern auch einen Tarifvertrag f\u00fcr studentische Hilfskr\u00e4fte, die zu hunderten mit Minil\u00f6hnen, Ultrakurzvertr\u00e4gen und ohne Sicherheiten im Universit\u00e4tsbetrieb besch\u00e4ftigt werden.&#8220;<\/em><\/p>\n<cite><em><strong>Sebastian Wertm\u00fcller <\/strong>(Gesch\u00e4ftsf\u00fchrer ver.di-Bezirk Region S\u00fcd-Ost-Niedersachsen)<\/em>: <\/cite><\/blockquote>\n","protected":false},"excerpt":{"rendered":"<p>In den Verhandlungen \u00fcber die Bezahlung der Besch\u00e4ftigten des \u00f6ffentlichen Dienstes der L\u00e4nder haben die Arbeitgeber bislang kein Angebot vorgelegt. Die Gewerkschaft ver.di fordert eine Entgelterh\u00f6hung wie im \u00f6ffentlichen Dienst von Bund und Kommunen. Auch die Beamt*innen des Landes sind betroffen, denn auf sie wird das Ergebnis der Verhandlungen in der Regel \u00fcbertragen. In G\u00f6ttingen [&hellip;]<\/p>\n","protected":false},"author":1,"featured_media":24526,"comment_status":"open","ping_status":"open","sticky":true,"template":"","format":"standard","meta":{"saved_in_kubio":false,"footnotes":""},"categories":[24],"tags":[],"class_list":["post-24525","post","type-post","status-publish","format-standard","has-post-thumbnail","hentry","category-news"],"yoast_head":"<!-- This site is optimized with the Yoast SEO plugin v27.5 - https:\/\/yoast.com\/product\/yoast-seo-wordpress\/ -->\n<title>Ver.di k\u00fcndigt f\u00fcr diese Woche Streiks an - UMG stark betroffen - Radio Leinewelle<\/title>\n<meta name=\"robots\" content=\"index, follow, max-snippet:-1, max-image-preview:large, max-video-preview:-1\" \/>\n<link rel=\"canonical\" href=\"https:\/\/radioleinewelle.de\/index.php\/2023\/11\/20\/ver-di-kuendigt-fuer-diese-woche-streiks-an-umg-stark-betroffen\/\" \/>\n<meta property=\"og:locale\" content=\"de_DE\" \/>\n<meta property=\"og:type\" content=\"article\" \/>\n<meta property=\"og:title\" content=\"Ver.di k\u00fcndigt f\u00fcr diese Woche Streiks an - UMG stark betroffen - Radio Leinewelle\" \/>\n<meta property=\"og:description\" content=\"In den Verhandlungen \u00fcber die Bezahlung der Besch\u00e4ftigten des \u00f6ffentlichen Dienstes der L\u00e4nder haben die Arbeitgeber bislang kein Angebot vorgelegt. Die Gewerkschaft ver.di fordert eine Entgelterh\u00f6hung wie im \u00f6ffentlichen Dienst von Bund und Kommunen. Auch die Beamt*innen des Landes sind betroffen, denn auf sie wird das Ergebnis der Verhandlungen in der Regel \u00fcbertragen. In G\u00f6ttingen [&hellip;]\" \/>\n<meta property=\"og:url\" content=\"https:\/\/radioleinewelle.de\/index.php\/2023\/11\/20\/ver-di-kuendigt-fuer-diese-woche-streiks-an-umg-stark-betroffen\/\" \/>\n<meta property=\"og:site_name\" content=\"Radio Leinewelle\" \/>\n<meta property=\"article:publisher\" content=\"https:\/\/www.facebook.com\/radioleinewelle\" \/>\n<meta property=\"article:author\" content=\"https:\/\/www.facebook.com\/radioleinewelle\" \/>\n<meta property=\"article:published_time\" content=\"2023-11-20T10:50:22+00:00\" \/>\n<meta property=\"article:modified_time\" content=\"2023-11-20T10:50:23+00:00\" \/>\n<meta property=\"og:image\" content=\"https:\/\/radioleinewelle.de\/wp-content\/uploads\/2023\/11\/Warnstreik-Plakat-ue.jpg\" \/>\n\t<meta property=\"og:image:width\" content=\"1512\" \/>\n\t<meta property=\"og:image:height\" content=\"1545\" \/>\n\t<meta property=\"og:image:type\" content=\"image\/jpeg\" \/>\n<meta name=\"author\" content=\"Leinewelle\" \/>\n<meta name=\"twitter:card\" content=\"summary_large_image\" \/>\n<meta name=\"twitter:creator\" content=\"@https:\/\/twitter.com\/RLeinewelle?ref_src=twsrcgoogletwcampserptwgrauthor\" \/>\n<meta name=\"twitter:site\" content=\"@RLeinewelle\" \/>\n<meta name=\"twitter:label1\" content=\"Verfasst von\" \/>\n\t<meta name=\"twitter:data1\" content=\"Leinewelle\" \/>\n\t<meta name=\"twitter:label2\" content=\"Gesch\u00e4tzte Lesezeit\" \/>\n\t<meta name=\"twitter:data2\" content=\"1\u00a0Minute\" \/>\n<script type=\"application\/ld+json\" class=\"yoast-schema-graph\">{\"@context\":\"https:\\\/\\\/schema.org\",\"@graph\":[{\"@type\":\"Article\",\"@id\":\"https:\\\/\\\/radioleinewelle.de\\\/index.php\\\/2023\\\/11\\\/20\\\/ver-di-kuendigt-fuer-diese-woche-streiks-an-umg-stark-betroffen\\\/#article\",\"isPartOf\":{\"@id\":\"https:\\\/\\\/radioleinewelle.de\\\/index.php\\\/2023\\\/11\\\/20\\\/ver-di-kuendigt-fuer-diese-woche-streiks-an-umg-stark-betroffen\\\/\"},\"author\":{\"name\":\"Leinewelle\",\"@id\":\"https:\\\/\\\/radioleinewelle.de\\\/#\\\/schema\\\/person\\\/45606f348637df637192dc1b68399a63\"},\"headline\":\"Ver.di k\u00fcndigt f\u00fcr diese Woche Streiks an &#8211; UMG stark betroffen\",\"datePublished\":\"2023-11-20T10:50:22+00:00\",\"dateModified\":\"2023-11-20T10:50:23+00:00\",\"mainEntityOfPage\":{\"@id\":\"https:\\\/\\\/radioleinewelle.de\\\/index.php\\\/2023\\\/11\\\/20\\\/ver-di-kuendigt-fuer-diese-woche-streiks-an-umg-stark-betroffen\\\/\"},\"wordCount\":207,\"commentCount\":0,\"publisher\":{\"@id\":\"https:\\\/\\\/radioleinewelle.de\\\/#organization\"},\"image\":{\"@id\":\"https:\\\/\\\/radioleinewelle.de\\\/index.php\\\/2023\\\/11\\\/20\\\/ver-di-kuendigt-fuer-diese-woche-streiks-an-umg-stark-betroffen\\\/#primaryimage\"},\"thumbnailUrl\":\"https:\\\/\\\/radioleinewelle.de\\\/wp-content\\\/uploads\\\/2023\\\/11\\\/Warnstreik-Plakat-ue.jpg\",\"articleSection\":[\"Aktuelle Nachrichten\"],\"inLanguage\":\"de\",\"potentialAction\":[{\"@type\":\"CommentAction\",\"name\":\"Comment\",\"target\":[\"https:\\\/\\\/radioleinewelle.de\\\/index.php\\\/2023\\\/11\\\/20\\\/ver-di-kuendigt-fuer-diese-woche-streiks-an-umg-stark-betroffen\\\/#respond\"]}]},{\"@type\":\"WebPage\",\"@id\":\"https:\\\/\\\/radioleinewelle.de\\\/index.php\\\/2023\\\/11\\\/20\\\/ver-di-kuendigt-fuer-diese-woche-streiks-an-umg-stark-betroffen\\\/\",\"url\":\"https:\\\/\\\/radioleinewelle.de\\\/index.php\\\/2023\\\/11\\\/20\\\/ver-di-kuendigt-fuer-diese-woche-streiks-an-umg-stark-betroffen\\\/\",\"name\":\"Ver.di k\u00fcndigt f\u00fcr diese Woche Streiks an - UMG stark betroffen - Radio Leinewelle\",\"isPartOf\":{\"@id\":\"https:\\\/\\\/radioleinewelle.de\\\/#website\"},\"primaryImageOfPage\":{\"@id\":\"https:\\\/\\\/radioleinewelle.de\\\/index.php\\\/2023\\\/11\\\/20\\\/ver-di-kuendigt-fuer-diese-woche-streiks-an-umg-stark-betroffen\\\/#primaryimage\"},\"image\":{\"@id\":\"https:\\\/\\\/radioleinewelle.de\\\/index.php\\\/2023\\\/11\\\/20\\\/ver-di-kuendigt-fuer-diese-woche-streiks-an-umg-stark-betroffen\\\/#primaryimage\"},\"thumbnailUrl\":\"https:\\\/\\\/radioleinewelle.de\\\/wp-content\\\/uploads\\\/2023\\\/11\\\/Warnstreik-Plakat-ue.jpg\",\"datePublished\":\"2023-11-20T10:50:22+00:00\",\"dateModified\":\"2023-11-20T10:50:23+00:00\",\"breadcrumb\":{\"@id\":\"https:\\\/\\\/radioleinewelle.de\\\/index.php\\\/2023\\\/11\\\/20\\\/ver-di-kuendigt-fuer-diese-woche-streiks-an-umg-stark-betroffen\\\/#breadcrumb\"},\"inLanguage\":\"de\",\"potentialAction\":[{\"@type\":\"ReadAction\",\"target\":[\"https:\\\/\\\/radioleinewelle.de\\\/index.php\\\/2023\\\/11\\\/20\\\/ver-di-kuendigt-fuer-diese-woche-streiks-an-umg-stark-betroffen\\\/\"]}]},{\"@type\":\"ImageObject\",\"inLanguage\":\"de\",\"@id\":\"https:\\\/\\\/radioleinewelle.de\\\/index.php\\\/2023\\\/11\\\/20\\\/ver-di-kuendigt-fuer-diese-woche-streiks-an-umg-stark-betroffen\\\/#primaryimage\",\"url\":\"https:\\\/\\\/radioleinewelle.de\\\/wp-content\\\/uploads\\\/2023\\\/11\\\/Warnstreik-Plakat-ue.jpg\",\"contentUrl\":\"https:\\\/\\\/radioleinewelle.de\\\/wp-content\\\/uploads\\\/2023\\\/11\\\/Warnstreik-Plakat-ue.jpg\",\"width\":1512,\"height\":1545},{\"@type\":\"BreadcrumbList\",\"@id\":\"https:\\\/\\\/radioleinewelle.de\\\/index.php\\\/2023\\\/11\\\/20\\\/ver-di-kuendigt-fuer-diese-woche-streiks-an-umg-stark-betroffen\\\/#breadcrumb\",\"itemListElement\":[{\"@type\":\"ListItem\",\"position\":1,\"name\":\"Startseite\",\"item\":\"https:\\\/\\\/radioleinewelle.de\\\/\"},{\"@type\":\"ListItem\",\"position\":2,\"name\":\"Ver.di k\u00fcndigt f\u00fcr diese Woche Streiks an &#8211; UMG stark betroffen\"}]},{\"@type\":\"WebSite\",\"@id\":\"https:\\\/\\\/radioleinewelle.de\\\/#website\",\"url\":\"https:\\\/\\\/radioleinewelle.de\\\/\",\"name\":\"Radio Leinewelle\",\"description\":\"\",\"publisher\":{\"@id\":\"https:\\\/\\\/radioleinewelle.de\\\/#organization\"},\"potentialAction\":[{\"@type\":\"SearchAction\",\"target\":{\"@type\":\"EntryPoint\",\"urlTemplate\":\"https:\\\/\\\/radioleinewelle.de\\\/?s={search_term_string}\"},\"query-input\":{\"@type\":\"PropertyValueSpecification\",\"valueRequired\":true,\"valueName\":\"search_term_string\"}}],\"inLanguage\":\"de\"},{\"@type\":\"Organization\",\"@id\":\"https:\\\/\\\/radioleinewelle.de\\\/#organization\",\"name\":\"Radio Leinewelle\",\"alternateName\":\"Mein Radio f\u00fcr S\u00fcdniedersachsen\",\"url\":\"https:\\\/\\\/radioleinewelle.de\\\/\",\"logo\":{\"@type\":\"ImageObject\",\"inLanguage\":\"de\",\"@id\":\"https:\\\/\\\/radioleinewelle.de\\\/#\\\/schema\\\/logo\\\/image\\\/\",\"url\":\"https:\\\/\\\/radioleinewelle.de\\\/wp-content\\\/uploads\\\/2023\\\/11\\\/cropped-Leinewelle_Logo_weiss.png\",\"contentUrl\":\"https:\\\/\\\/radioleinewelle.de\\\/wp-content\\\/uploads\\\/2023\\\/11\\\/cropped-Leinewelle_Logo_weiss.png\",\"width\":854,\"height\":260,\"caption\":\"Radio Leinewelle\"},\"image\":{\"@id\":\"https:\\\/\\\/radioleinewelle.de\\\/#\\\/schema\\\/logo\\\/image\\\/\"},\"sameAs\":[\"https:\\\/\\\/www.facebook.com\\\/radioleinewelle\",\"https:\\\/\\\/x.com\\\/RLeinewelle\",\"https:\\\/\\\/www.instagram.com\\\/radioleinewelle\\\/?hl=de\"]},{\"@type\":\"Person\",\"@id\":\"https:\\\/\\\/radioleinewelle.de\\\/#\\\/schema\\\/person\\\/45606f348637df637192dc1b68399a63\",\"name\":\"Leinewelle\",\"image\":{\"@type\":\"ImageObject\",\"inLanguage\":\"de\",\"@id\":\"https:\\\/\\\/secure.gravatar.com\\\/avatar\\\/05c9a17bc973052ee5d91549bd32fb4dd0dc85b7b85ae94b2e2b4943476bbea5?s=96&d=blank&r=g\",\"url\":\"https:\\\/\\\/secure.gravatar.com\\\/avatar\\\/05c9a17bc973052ee5d91549bd32fb4dd0dc85b7b85ae94b2e2b4943476bbea5?s=96&d=blank&r=g\",\"contentUrl\":\"https:\\\/\\\/secure.gravatar.com\\\/avatar\\\/05c9a17bc973052ee5d91549bd32fb4dd0dc85b7b85ae94b2e2b4943476bbea5?s=96&d=blank&r=g\",\"caption\":\"Leinewelle\"},\"sameAs\":[\"http:\\\/\\\/localhost\\\/radio%20leinewelle\\\/wordpress\",\"https:\\\/\\\/www.facebook.com\\\/radioleinewelle\",\"https:\\\/\\\/www.instagram.com\\\/radioleinewelle\",\"https:\\\/\\\/x.com\\\/https:\\\/\\\/twitter.com\\\/RLeinewelle?ref_src=twsrcgoogletwcampserptwgrauthor\",\"https:\\\/\\\/soundcloud.com\\\/foerderverein-lokalradio?utm_source=clipboard&utm_medium=text&utm_campaign=social_sharing\"],\"url\":\"https:\\\/\\\/radioleinewelle.de\\\/index.php\\\/author\\\/leinewelle\\\/\"}]}<\/script>\n<!-- \/ Yoast SEO plugin. -->","yoast_head_json":{"title":"Ver.di k\u00fcndigt f\u00fcr diese Woche Streiks an - UMG stark betroffen - Radio Leinewelle","robots":{"index":"index","follow":"follow","max-snippet":"max-snippet:-1","max-image-preview":"max-image-preview:large","max-video-preview":"max-video-preview:-1"},"canonical":"https:\/\/radioleinewelle.de\/index.php\/2023\/11\/20\/ver-di-kuendigt-fuer-diese-woche-streiks-an-umg-stark-betroffen\/","og_locale":"de_DE","og_type":"article","og_title":"Ver.di k\u00fcndigt f\u00fcr diese Woche Streiks an - UMG stark betroffen - Radio Leinewelle","og_description":"In den Verhandlungen \u00fcber die Bezahlung der Besch\u00e4ftigten des \u00f6ffentlichen Dienstes der L\u00e4nder haben die Arbeitgeber bislang kein Angebot vorgelegt. Die Gewerkschaft ver.di fordert eine Entgelterh\u00f6hung wie im \u00f6ffentlichen Dienst von Bund und Kommunen. Auch die Beamt*innen des Landes sind betroffen, denn auf sie wird das Ergebnis der Verhandlungen in der Regel \u00fcbertragen. In G\u00f6ttingen [&hellip;]","og_url":"https:\/\/radioleinewelle.de\/index.php\/2023\/11\/20\/ver-di-kuendigt-fuer-diese-woche-streiks-an-umg-stark-betroffen\/","og_site_name":"Radio Leinewelle","article_publisher":"https:\/\/www.facebook.com\/radioleinewelle","article_author":"https:\/\/www.facebook.com\/radioleinewelle","article_published_time":"2023-11-20T10:50:22+00:00","article_modified_time":"2023-11-20T10:50:23+00:00","og_image":[{"width":1512,"height":1545,"url":"https:\/\/radioleinewelle.de\/wp-content\/uploads\/2023\/11\/Warnstreik-Plakat-ue.jpg","type":"image\/jpeg"}],"author":"Leinewelle","twitter_card":"summary_large_image","twitter_creator":"@https:\/\/twitter.com\/RLeinewelle?ref_src=twsrcgoogletwcampserptwgrauthor","twitter_site":"@RLeinewelle","twitter_misc":{"Verfasst von":"Leinewelle","Gesch\u00e4tzte Lesezeit":"1\u00a0Minute"},"schema":{"@context":"https:\/\/schema.org","@graph":[{"@type":"Article","@id":"https:\/\/radioleinewelle.de\/index.php\/2023\/11\/20\/ver-di-kuendigt-fuer-diese-woche-streiks-an-umg-stark-betroffen\/#article","isPartOf":{"@id":"https:\/\/radioleinewelle.de\/index.php\/2023\/11\/20\/ver-di-kuendigt-fuer-diese-woche-streiks-an-umg-stark-betroffen\/"},"author":{"name":"Leinewelle","@id":"https:\/\/radioleinewelle.de\/#\/schema\/person\/45606f348637df637192dc1b68399a63"},"headline":"Ver.di k\u00fcndigt f\u00fcr diese Woche Streiks an &#8211; UMG stark betroffen","datePublished":"2023-11-20T10:50:22+00:00","dateModified":"2023-11-20T10:50:23+00:00","mainEntityOfPage":{"@id":"https:\/\/radioleinewelle.de\/index.php\/2023\/11\/20\/ver-di-kuendigt-fuer-diese-woche-streiks-an-umg-stark-betroffen\/"},"wordCount":207,"commentCount":0,"publisher":{"@id":"https:\/\/radioleinewelle.de\/#organization"},"image":{"@id":"https:\/\/radioleinewelle.de\/index.php\/2023\/11\/20\/ver-di-kuendigt-fuer-diese-woche-streiks-an-umg-stark-betroffen\/#primaryimage"},"thumbnailUrl":"https:\/\/radioleinewelle.de\/wp-content\/uploads\/2023\/11\/Warnstreik-Plakat-ue.jpg","articleSection":["Aktuelle Nachrichten"],"inLanguage":"de","potentialAction":[{"@type":"CommentAction","name":"Comment","target":["https:\/\/radioleinewelle.de\/index.php\/2023\/11\/20\/ver-di-kuendigt-fuer-diese-woche-streiks-an-umg-stark-betroffen\/#respond"]}]},{"@type":"WebPage","@id":"https:\/\/radioleinewelle.de\/index.php\/2023\/11\/20\/ver-di-kuendigt-fuer-diese-woche-streiks-an-umg-stark-betroffen\/","url":"https:\/\/radioleinewelle.de\/index.php\/2023\/11\/20\/ver-di-kuendigt-fuer-diese-woche-streiks-an-umg-stark-betroffen\/","name":"Ver.di k\u00fcndigt f\u00fcr diese Woche Streiks an - UMG stark betroffen - Radio Leinewelle","isPartOf":{"@id":"https:\/\/radioleinewelle.de\/#website"},"primaryImageOfPage":{"@id":"https:\/\/radioleinewelle.de\/index.php\/2023\/11\/20\/ver-di-kuendigt-fuer-diese-woche-streiks-an-umg-stark-betroffen\/#primaryimage"},"image":{"@id":"https:\/\/radioleinewelle.de\/index.php\/2023\/11\/20\/ver-di-kuendigt-fuer-diese-woche-streiks-an-umg-stark-betroffen\/#primaryimage"},"thumbnailUrl":"https:\/\/radioleinewelle.de\/wp-content\/uploads\/2023\/11\/Warnstreik-Plakat-ue.jpg","datePublished":"2023-11-20T10:50:22+00:00","dateModified":"2023-11-20T10:50:23+00:00","breadcrumb":{"@id":"https:\/\/radioleinewelle.de\/index.php\/2023\/11\/20\/ver-di-kuendigt-fuer-diese-woche-streiks-an-umg-stark-betroffen\/#breadcrumb"},"inLanguage":"de","potentialAction":[{"@type":"ReadAction","target":["https:\/\/radioleinewelle.de\/index.php\/2023\/11\/20\/ver-di-kuendigt-fuer-diese-woche-streiks-an-umg-stark-betroffen\/"]}]},{"@type":"ImageObject","inLanguage":"de","@id":"https:\/\/radioleinewelle.de\/index.php\/2023\/11\/20\/ver-di-kuendigt-fuer-diese-woche-streiks-an-umg-stark-betroffen\/#primaryimage","url":"https:\/\/radioleinewelle.de\/wp-content\/uploads\/2023\/11\/Warnstreik-Plakat-ue.jpg","contentUrl":"https:\/\/radioleinewelle.de\/wp-content\/uploads\/2023\/11\/Warnstreik-Plakat-ue.jpg","width":1512,"height":1545},{"@type":"BreadcrumbList","@id":"https:\/\/radioleinewelle.de\/index.php\/2023\/11\/20\/ver-di-kuendigt-fuer-diese-woche-streiks-an-umg-stark-betroffen\/#breadcrumb","itemListElement":[{"@type":"ListItem","position":1,"name":"Startseite","item":"https:\/\/radioleinewelle.de\/"},{"@type":"ListItem","position":2,"name":"Ver.di k\u00fcndigt f\u00fcr diese Woche Streiks an &#8211; UMG stark betroffen"}]},{"@type":"WebSite","@id":"https:\/\/radioleinewelle.de\/#website","url":"https:\/\/radioleinewelle.de\/","name":"Radio Leinewelle","description":"","publisher":{"@id":"https:\/\/radioleinewelle.de\/#organization"},"potentialAction":[{"@type":"SearchAction","target":{"@type":"EntryPoint","urlTemplate":"https:\/\/radioleinewelle.de\/?s={search_term_string}"},"query-input":{"@type":"PropertyValueSpecification","valueRequired":true,"valueName":"search_term_string"}}],"inLanguage":"de"},{"@type":"Organization","@id":"https:\/\/radioleinewelle.de\/#organization","name":"Radio Leinewelle","alternateName":"Mein Radio f\u00fcr S\u00fcdniedersachsen","url":"https:\/\/radioleinewelle.de\/","logo":{"@type":"ImageObject","inLanguage":"de","@id":"https:\/\/radioleinewelle.de\/#\/schema\/logo\/image\/","url":"https:\/\/radioleinewelle.de\/wp-content\/uploads\/2023\/11\/cropped-Leinewelle_Logo_weiss.png","contentUrl":"https:\/\/radioleinewelle.de\/wp-content\/uploads\/2023\/11\/cropped-Leinewelle_Logo_weiss.png","width":854,"height":260,"caption":"Radio Leinewelle"},"image":{"@id":"https:\/\/radioleinewelle.de\/#\/schema\/logo\/image\/"},"sameAs":["https:\/\/www.facebook.com\/radioleinewelle","https:\/\/x.com\/RLeinewelle","https:\/\/www.instagram.com\/radioleinewelle\/?hl=de"]},{"@type":"Person","@id":"https:\/\/radioleinewelle.de\/#\/schema\/person\/45606f348637df637192dc1b68399a63","name":"Leinewelle","image":{"@type":"ImageObject","inLanguage":"de","@id":"https:\/\/secure.gravatar.com\/avatar\/05c9a17bc973052ee5d91549bd32fb4dd0dc85b7b85ae94b2e2b4943476bbea5?s=96&d=blank&r=g","url":"https:\/\/secure.gravatar.com\/avatar\/05c9a17bc973052ee5d91549bd32fb4dd0dc85b7b85ae94b2e2b4943476bbea5?s=96&d=blank&r=g","contentUrl":"https:\/\/secure.gravatar.com\/avatar\/05c9a17bc973052ee5d91549bd32fb4dd0dc85b7b85ae94b2e2b4943476bbea5?s=96&d=blank&r=g","caption":"Leinewelle"},"sameAs":["http:\/\/localhost\/radio%20leinewelle\/wordpress","https:\/\/www.facebook.com\/radioleinewelle","https:\/\/www.instagram.com\/radioleinewelle","https:\/\/x.com\/https:\/\/twitter.com\/RLeinewelle?ref_src=twsrcgoogletwcampserptwgrauthor","https:\/\/soundcloud.com\/foerderverein-lokalradio?utm_source=clipboard&utm_medium=text&utm_campaign=social_sharing"],"url":"https:\/\/radioleinewelle.de\/index.php\/author\/leinewelle\/"}]}},"_links":{"self":[{"href":"https:\/\/radioleinewelle.de\/index.php\/wp-json\/wp\/v2\/posts\/24525","targetHints":{"allow":["GET"]}}],"collection":[{"href":"https:\/\/radioleinewelle.de\/index.php\/wp-json\/wp\/v2\/posts"}],"about":[{"href":"https:\/\/radioleinewelle.de\/index.php\/wp-json\/wp\/v2\/types\/post"}],"author":[{"embeddable":true,"href":"https:\/\/radioleinewelle.de\/index.php\/wp-json\/wp\/v2\/users\/1"}],"replies":[{"embeddable":true,"href":"https:\/\/radioleinewelle.de\/index.php\/wp-json\/wp\/v2\/comments?post=24525"}],"version-history":[{"count":1,"href":"https:\/\/radioleinewelle.de\/index.php\/wp-json\/wp\/v2\/posts\/24525\/revisions"}],"predecessor-version":[{"id":24527,"href":"https:\/\/radioleinewelle.de\/index.php\/wp-json\/wp\/v2\/posts\/24525\/revisions\/24527"}],"wp:featuredmedia":[{"embeddable":true,"href":"https:\/\/radioleinewelle.de\/index.php\/wp-json\/wp\/v2\/media\/24526"}],"wp:attachment":[{"href":"https:\/\/radioleinewelle.de\/index.php\/wp-json\/wp\/v2\/media?parent=24525"}],"wp:term":[{"taxonomy":"category","embeddable":true,"href":"https:\/\/radioleinewelle.de\/index.php\/wp-json\/wp\/v2\/categories?post=24525"},{"taxonomy":"post_tag","embeddable":true,"href":"https:\/\/radioleinewelle.de\/index.php\/wp-json\/wp\/v2\/tags?post=24525"}],"curies":[{"name":"wp","href":"https:\/\/api.w.org\/{rel}","templated":true}]}}