{"id":24528,"date":"2023-11-21T10:59:57","date_gmt":"2023-11-21T09:59:57","guid":{"rendered":"https:\/\/radioleinewelle.de\/?p=24528"},"modified":"2023-11-21T10:59:58","modified_gmt":"2023-11-21T09:59:58","slug":"goettinger-spd-laedt-zu-informationsabend-zum-heizungsgesetz-ein","status":"publish","type":"post","link":"https:\/\/radioleinewelle.de\/index.php\/2023\/11\/21\/goettinger-spd-laedt-zu-informationsabend-zum-heizungsgesetz-ein\/","title":{"rendered":"G\u00f6ttinger SPD l\u00e4dt zu Informationsabend zum Heizungsgesetz ein"},"content":{"rendered":"\n<p>Der SPD -Stadtverband G\u00f6ttingen l\u00e4dt ein zu einer \u00f6ffentlichen Veranstaltung zum Geb\u00e4udeenergiegesetz (GEG) kurz Heizungsgesetz genannt.<\/p>\n\n\n\n<p>Unter dem Titel \u201eKlimawandel im Heizungskeller findet sie am 24. Nov. 2023, um 19.00 Uhr in der Weender Festhalle, Ernst-Fahlbusch-Stra\u00dfe 20 statt.<\/p>\n\n\n\n<p>Als Referent*innen nehmen teil: <strong>Frauke Heiligenstadt<\/strong>, die f\u00fcr G\u00f6ttingen zust\u00e4ndige Bundestagsabgeordnete, <strong>Dr. Matthias Miersch<\/strong>, stellvertretender Vorsitzender der SPDBundestagsfraktion f\u00fcr Umwelt, Klimaschutz, Energie, Landwirtschaft und Verbraucherschutz und <strong>Dr. Gerd Rappenecker<\/strong>, Technischer Vorstand Stadtwerke G\u00f6ttingen AG<\/p>\n\n\n\n<p>Das Gesetz hat in diesem Jahr f\u00fcr viel Verwirrung gesorgt. Immer wieder befeuert durch die CDU wurden durchaus vorhandene Unzul\u00e4nglichkeiten aufgebauscht und bei B\u00fcrgern und B\u00fcrgerinnen gro\u00dfe Unsicherheit erzeugt. Eine Unsicherheit, an der das Gesetz zu scheitern drohte. Nach einer \u00dcberarbeitung \u2013 nicht zuletzt durch Intervention der SPD-Fraktion im Deutschen Bundestag \u2013 ist jetzt aber Klarheit geschaffen. Der Bundestag hat im September das Gesetz beschlossen.<\/p>\n\n\n\n<p>Noch immer aber gibt es Unsicherheiten \u00fcber die genauen Regelungen des Gesetzes und vor allem \u00fcber die Auswirkungen: Wof\u00fcr brauchen wir so ein neues Gesetz \u00fcberhaupt? Ab wann gilt es? Muss ich ab 2024 sofort eine neue Heizung einbauen? Was ist, wenn meine Heizung morgen kaputt geht? Muss ich eine neue Gas- oder \u00d6lheizung einbauen oder eine W\u00e4rmepumpe? Kann ich mir das leisten und welche F\u00f6rderung gibt es vom Staat? Werde ich als Mieter besonders gesch\u00fctzt? \u201eDarauf wollen wir mit dieser Veranstaltung kompetente Antworten geben\u201c, umrei\u00dfen die Stadtverbandsvorsitzenden Insa Wiethaup und Dr Cornelius Schley das Ziel des Abends.<\/p>\n\n\n\n<p>Die Referent*innen werden die Hintergr\u00fcnde und die Regelungen des f\u00fcr den Klimaschutz so wichtigen Gesetzes erl\u00e4utert und darstellen, dass f\u00fcr die SPD Klimaschutz nur zusammen mit sozialer Gerechtigkeit gesehen werden kann.<\/p>\n\n\n\n<p>Symbolbild von Pixabay<\/p>\n","protected":false},"excerpt":{"rendered":"<p>Der SPD -Stadtverband G\u00f6ttingen l\u00e4dt ein zu einer \u00f6ffentlichen Veranstaltung zum Geb\u00e4udeenergiegesetz (GEG) kurz Heizungsgesetz genannt. Unter dem Titel \u201eKlimawandel im Heizungskeller findet sie am 24. Nov. 2023, um 19.00 Uhr in der Weender Festhalle, Ernst-Fahlbusch-Stra\u00dfe 20 statt. Als Referent*innen nehmen teil: Frauke Heiligenstadt, die f\u00fcr G\u00f6ttingen zust\u00e4ndige Bundestagsabgeordnete, Dr. Matthias Miersch, stellvertretender Vorsitzender der [&hellip;]<\/p>\n","protected":false},"author":1,"featured_media":24517,"comment_status":"open","ping_status":"open","sticky":true,"template":"","format":"standard","meta":{"saved_in_kubio":false,"footnotes":""},"categories":[2708],"tags":[4108,4107,4109],"class_list":["post-24528","post","type-post","status-publish","format-standard","has-post-thumbnail","hentry","category-energie","tag-geg","tag-heizungsgesetz","tag-waermepumpe"],"yoast_head":"<!-- This site is optimized with the Yoast SEO plugin v27.5 - https:\/\/yoast.com\/product\/yoast-seo-wordpress\/ -->\n<title>G\u00f6ttinger SPD l\u00e4dt zu Informationsabend zum Heizungsgesetz ein - Radio Leinewelle<\/title>\n<meta name=\"robots\" content=\"index, follow, max-snippet:-1, max-image-preview:large, max-video-preview:-1\" \/>\n<link rel=\"canonical\" href=\"https:\/\/radioleinewelle.de\/index.php\/2023\/11\/21\/goettinger-spd-laedt-zu-informationsabend-zum-heizungsgesetz-ein\/\" \/>\n<meta property=\"og:locale\" content=\"de_DE\" \/>\n<meta property=\"og:type\" content=\"article\" \/>\n<meta property=\"og:title\" content=\"G\u00f6ttinger SPD l\u00e4dt zu Informationsabend zum Heizungsgesetz ein - Radio Leinewelle\" \/>\n<meta property=\"og:description\" content=\"Der SPD -Stadtverband G\u00f6ttingen l\u00e4dt ein zu einer \u00f6ffentlichen Veranstaltung zum Geb\u00e4udeenergiegesetz (GEG) kurz Heizungsgesetz genannt. Unter dem Titel \u201eKlimawandel im Heizungskeller findet sie am 24. Nov. 2023, um 19.00 Uhr in der Weender Festhalle, Ernst-Fahlbusch-Stra\u00dfe 20 statt. Als Referent*innen nehmen teil: Frauke Heiligenstadt, die f\u00fcr G\u00f6ttingen zust\u00e4ndige Bundestagsabgeordnete, Dr. Matthias Miersch, stellvertretender Vorsitzender der [&hellip;]\" \/>\n<meta property=\"og:url\" content=\"https:\/\/radioleinewelle.de\/index.php\/2023\/11\/21\/goettinger-spd-laedt-zu-informationsabend-zum-heizungsgesetz-ein\/\" \/>\n<meta property=\"og:site_name\" content=\"Radio Leinewelle\" \/>\n<meta property=\"article:publisher\" content=\"https:\/\/www.facebook.com\/radioleinewelle\" \/>\n<meta property=\"article:author\" content=\"https:\/\/www.facebook.com\/radioleinewelle\" \/>\n<meta property=\"article:published_time\" content=\"2023-11-21T09:59:57+00:00\" \/>\n<meta property=\"article:modified_time\" content=\"2023-11-21T09:59:58+00:00\" \/>\n<meta property=\"og:image\" content=\"https:\/\/radioleinewelle.de\/wp-content\/uploads\/2023\/11\/heat-pump-6209793_1280-1.jpg\" \/>\n\t<meta property=\"og:image:width\" content=\"1280\" \/>\n\t<meta property=\"og:image:height\" content=\"960\" \/>\n\t<meta property=\"og:image:type\" content=\"image\/jpeg\" \/>\n<meta name=\"author\" content=\"Leinewelle\" \/>\n<meta name=\"twitter:card\" content=\"summary_large_image\" \/>\n<meta name=\"twitter:creator\" content=\"@https:\/\/twitter.com\/RLeinewelle?ref_src=twsrcgoogletwcampserptwgrauthor\" \/>\n<meta name=\"twitter:site\" content=\"@RLeinewelle\" \/>\n<meta name=\"twitter:label1\" content=\"Verfasst von\" \/>\n\t<meta name=\"twitter:data1\" content=\"Leinewelle\" \/>\n\t<meta name=\"twitter:label2\" content=\"Gesch\u00e4tzte Lesezeit\" \/>\n\t<meta name=\"twitter:data2\" content=\"2\u00a0Minuten\" \/>\n<script type=\"application\/ld+json\" class=\"yoast-schema-graph\">{\"@context\":\"https:\\\/\\\/schema.org\",\"@graph\":[{\"@type\":\"Article\",\"@id\":\"https:\\\/\\\/radioleinewelle.de\\\/index.php\\\/2023\\\/11\\\/21\\\/goettinger-spd-laedt-zu-informationsabend-zum-heizungsgesetz-ein\\\/#article\",\"isPartOf\":{\"@id\":\"https:\\\/\\\/radioleinewelle.de\\\/index.php\\\/2023\\\/11\\\/21\\\/goettinger-spd-laedt-zu-informationsabend-zum-heizungsgesetz-ein\\\/\"},\"author\":{\"name\":\"Leinewelle\",\"@id\":\"https:\\\/\\\/radioleinewelle.de\\\/#\\\/schema\\\/person\\\/45606f348637df637192dc1b68399a63\"},\"headline\":\"G\u00f6ttinger SPD l\u00e4dt zu Informationsabend zum Heizungsgesetz ein\",\"datePublished\":\"2023-11-21T09:59:57+00:00\",\"dateModified\":\"2023-11-21T09:59:58+00:00\",\"mainEntityOfPage\":{\"@id\":\"https:\\\/\\\/radioleinewelle.de\\\/index.php\\\/2023\\\/11\\\/21\\\/goettinger-spd-laedt-zu-informationsabend-zum-heizungsgesetz-ein\\\/\"},\"wordCount\":297,\"commentCount\":0,\"publisher\":{\"@id\":\"https:\\\/\\\/radioleinewelle.de\\\/#organization\"},\"image\":{\"@id\":\"https:\\\/\\\/radioleinewelle.de\\\/index.php\\\/2023\\\/11\\\/21\\\/goettinger-spd-laedt-zu-informationsabend-zum-heizungsgesetz-ein\\\/#primaryimage\"},\"thumbnailUrl\":\"https:\\\/\\\/radioleinewelle.de\\\/wp-content\\\/uploads\\\/2023\\\/11\\\/heat-pump-6209793_1280-1.jpg\",\"keywords\":[\"GEG\",\"Heizungsgesetz\",\"W\u00e4rmepumpe\"],\"articleSection\":[\"Energie\"],\"inLanguage\":\"de\",\"potentialAction\":[{\"@type\":\"CommentAction\",\"name\":\"Comment\",\"target\":[\"https:\\\/\\\/radioleinewelle.de\\\/index.php\\\/2023\\\/11\\\/21\\\/goettinger-spd-laedt-zu-informationsabend-zum-heizungsgesetz-ein\\\/#respond\"]}]},{\"@type\":\"WebPage\",\"@id\":\"https:\\\/\\\/radioleinewelle.de\\\/index.php\\\/2023\\\/11\\\/21\\\/goettinger-spd-laedt-zu-informationsabend-zum-heizungsgesetz-ein\\\/\",\"url\":\"https:\\\/\\\/radioleinewelle.de\\\/index.php\\\/2023\\\/11\\\/21\\\/goettinger-spd-laedt-zu-informationsabend-zum-heizungsgesetz-ein\\\/\",\"name\":\"G\u00f6ttinger SPD l\u00e4dt zu Informationsabend zum Heizungsgesetz ein - Radio Leinewelle\",\"isPartOf\":{\"@id\":\"https:\\\/\\\/radioleinewelle.de\\\/#website\"},\"primaryImageOfPage\":{\"@id\":\"https:\\\/\\\/radioleinewelle.de\\\/index.php\\\/2023\\\/11\\\/21\\\/goettinger-spd-laedt-zu-informationsabend-zum-heizungsgesetz-ein\\\/#primaryimage\"},\"image\":{\"@id\":\"https:\\\/\\\/radioleinewelle.de\\\/index.php\\\/2023\\\/11\\\/21\\\/goettinger-spd-laedt-zu-informationsabend-zum-heizungsgesetz-ein\\\/#primaryimage\"},\"thumbnailUrl\":\"https:\\\/\\\/radioleinewelle.de\\\/wp-content\\\/uploads\\\/2023\\\/11\\\/heat-pump-6209793_1280-1.jpg\",\"datePublished\":\"2023-11-21T09:59:57+00:00\",\"dateModified\":\"2023-11-21T09:59:58+00:00\",\"breadcrumb\":{\"@id\":\"https:\\\/\\\/radioleinewelle.de\\\/index.php\\\/2023\\\/11\\\/21\\\/goettinger-spd-laedt-zu-informationsabend-zum-heizungsgesetz-ein\\\/#breadcrumb\"},\"inLanguage\":\"de\",\"potentialAction\":[{\"@type\":\"ReadAction\",\"target\":[\"https:\\\/\\\/radioleinewelle.de\\\/index.php\\\/2023\\\/11\\\/21\\\/goettinger-spd-laedt-zu-informationsabend-zum-heizungsgesetz-ein\\\/\"]}]},{\"@type\":\"ImageObject\",\"inLanguage\":\"de\",\"@id\":\"https:\\\/\\\/radioleinewelle.de\\\/index.php\\\/2023\\\/11\\\/21\\\/goettinger-spd-laedt-zu-informationsabend-zum-heizungsgesetz-ein\\\/#primaryimage\",\"url\":\"https:\\\/\\\/radioleinewelle.de\\\/wp-content\\\/uploads\\\/2023\\\/11\\\/heat-pump-6209793_1280-1.jpg\",\"contentUrl\":\"https:\\\/\\\/radioleinewelle.de\\\/wp-content\\\/uploads\\\/2023\\\/11\\\/heat-pump-6209793_1280-1.jpg\",\"width\":1280,\"height\":960},{\"@type\":\"BreadcrumbList\",\"@id\":\"https:\\\/\\\/radioleinewelle.de\\\/index.php\\\/2023\\\/11\\\/21\\\/goettinger-spd-laedt-zu-informationsabend-zum-heizungsgesetz-ein\\\/#breadcrumb\",\"itemListElement\":[{\"@type\":\"ListItem\",\"position\":1,\"name\":\"Startseite\",\"item\":\"https:\\\/\\\/radioleinewelle.de\\\/\"},{\"@type\":\"ListItem\",\"position\":2,\"name\":\"G\u00f6ttinger SPD l\u00e4dt zu Informationsabend zum Heizungsgesetz ein\"}]},{\"@type\":\"WebSite\",\"@id\":\"https:\\\/\\\/radioleinewelle.de\\\/#website\",\"url\":\"https:\\\/\\\/radioleinewelle.de\\\/\",\"name\":\"Radio Leinewelle\",\"description\":\"\",\"publisher\":{\"@id\":\"https:\\\/\\\/radioleinewelle.de\\\/#organization\"},\"potentialAction\":[{\"@type\":\"SearchAction\",\"target\":{\"@type\":\"EntryPoint\",\"urlTemplate\":\"https:\\\/\\\/radioleinewelle.de\\\/?s={search_term_string}\"},\"query-input\":{\"@type\":\"PropertyValueSpecification\",\"valueRequired\":true,\"valueName\":\"search_term_string\"}}],\"inLanguage\":\"de\"},{\"@type\":\"Organization\",\"@id\":\"https:\\\/\\\/radioleinewelle.de\\\/#organization\",\"name\":\"Radio Leinewelle\",\"alternateName\":\"Mein Radio f\u00fcr S\u00fcdniedersachsen\",\"url\":\"https:\\\/\\\/radioleinewelle.de\\\/\",\"logo\":{\"@type\":\"ImageObject\",\"inLanguage\":\"de\",\"@id\":\"https:\\\/\\\/radioleinewelle.de\\\/#\\\/schema\\\/logo\\\/image\\\/\",\"url\":\"https:\\\/\\\/radioleinewelle.de\\\/wp-content\\\/uploads\\\/2023\\\/11\\\/cropped-Leinewelle_Logo_weiss.png\",\"contentUrl\":\"https:\\\/\\\/radioleinewelle.de\\\/wp-content\\\/uploads\\\/2023\\\/11\\\/cropped-Leinewelle_Logo_weiss.png\",\"width\":854,\"height\":260,\"caption\":\"Radio Leinewelle\"},\"image\":{\"@id\":\"https:\\\/\\\/radioleinewelle.de\\\/#\\\/schema\\\/logo\\\/image\\\/\"},\"sameAs\":[\"https:\\\/\\\/www.facebook.com\\\/radioleinewelle\",\"https:\\\/\\\/x.com\\\/RLeinewelle\",\"https:\\\/\\\/www.instagram.com\\\/radioleinewelle\\\/?hl=de\"]},{\"@type\":\"Person\",\"@id\":\"https:\\\/\\\/radioleinewelle.de\\\/#\\\/schema\\\/person\\\/45606f348637df637192dc1b68399a63\",\"name\":\"Leinewelle\",\"image\":{\"@type\":\"ImageObject\",\"inLanguage\":\"de\",\"@id\":\"https:\\\/\\\/secure.gravatar.com\\\/avatar\\\/05c9a17bc973052ee5d91549bd32fb4dd0dc85b7b85ae94b2e2b4943476bbea5?s=96&d=blank&r=g\",\"url\":\"https:\\\/\\\/secure.gravatar.com\\\/avatar\\\/05c9a17bc973052ee5d91549bd32fb4dd0dc85b7b85ae94b2e2b4943476bbea5?s=96&d=blank&r=g\",\"contentUrl\":\"https:\\\/\\\/secure.gravatar.com\\\/avatar\\\/05c9a17bc973052ee5d91549bd32fb4dd0dc85b7b85ae94b2e2b4943476bbea5?s=96&d=blank&r=g\",\"caption\":\"Leinewelle\"},\"sameAs\":[\"http:\\\/\\\/localhost\\\/radio%20leinewelle\\\/wordpress\",\"https:\\\/\\\/www.facebook.com\\\/radioleinewelle\",\"https:\\\/\\\/www.instagram.com\\\/radioleinewelle\",\"https:\\\/\\\/x.com\\\/https:\\\/\\\/twitter.com\\\/RLeinewelle?ref_src=twsrcgoogletwcampserptwgrauthor\",\"https:\\\/\\\/soundcloud.com\\\/foerderverein-lokalradio?utm_source=clipboard&utm_medium=text&utm_campaign=social_sharing\"],\"url\":\"https:\\\/\\\/radioleinewelle.de\\\/index.php\\\/author\\\/leinewelle\\\/\"}]}<\/script>\n<!-- \/ Yoast SEO plugin. -->","yoast_head_json":{"title":"G\u00f6ttinger SPD l\u00e4dt zu Informationsabend zum Heizungsgesetz ein - Radio Leinewelle","robots":{"index":"index","follow":"follow","max-snippet":"max-snippet:-1","max-image-preview":"max-image-preview:large","max-video-preview":"max-video-preview:-1"},"canonical":"https:\/\/radioleinewelle.de\/index.php\/2023\/11\/21\/goettinger-spd-laedt-zu-informationsabend-zum-heizungsgesetz-ein\/","og_locale":"de_DE","og_type":"article","og_title":"G\u00f6ttinger SPD l\u00e4dt zu Informationsabend zum Heizungsgesetz ein - Radio Leinewelle","og_description":"Der SPD -Stadtverband G\u00f6ttingen l\u00e4dt ein zu einer \u00f6ffentlichen Veranstaltung zum Geb\u00e4udeenergiegesetz (GEG) kurz Heizungsgesetz genannt. Unter dem Titel \u201eKlimawandel im Heizungskeller findet sie am 24. Nov. 2023, um 19.00 Uhr in der Weender Festhalle, Ernst-Fahlbusch-Stra\u00dfe 20 statt. Als Referent*innen nehmen teil: Frauke Heiligenstadt, die f\u00fcr G\u00f6ttingen zust\u00e4ndige Bundestagsabgeordnete, Dr. Matthias Miersch, stellvertretender Vorsitzender der [&hellip;]","og_url":"https:\/\/radioleinewelle.de\/index.php\/2023\/11\/21\/goettinger-spd-laedt-zu-informationsabend-zum-heizungsgesetz-ein\/","og_site_name":"Radio Leinewelle","article_publisher":"https:\/\/www.facebook.com\/radioleinewelle","article_author":"https:\/\/www.facebook.com\/radioleinewelle","article_published_time":"2023-11-21T09:59:57+00:00","article_modified_time":"2023-11-21T09:59:58+00:00","og_image":[{"width":1280,"height":960,"url":"https:\/\/radioleinewelle.de\/wp-content\/uploads\/2023\/11\/heat-pump-6209793_1280-1.jpg","type":"image\/jpeg"}],"author":"Leinewelle","twitter_card":"summary_large_image","twitter_creator":"@https:\/\/twitter.com\/RLeinewelle?ref_src=twsrcgoogletwcampserptwgrauthor","twitter_site":"@RLeinewelle","twitter_misc":{"Verfasst von":"Leinewelle","Gesch\u00e4tzte Lesezeit":"2\u00a0Minuten"},"schema":{"@context":"https:\/\/schema.org","@graph":[{"@type":"Article","@id":"https:\/\/radioleinewelle.de\/index.php\/2023\/11\/21\/goettinger-spd-laedt-zu-informationsabend-zum-heizungsgesetz-ein\/#article","isPartOf":{"@id":"https:\/\/radioleinewelle.de\/index.php\/2023\/11\/21\/goettinger-spd-laedt-zu-informationsabend-zum-heizungsgesetz-ein\/"},"author":{"name":"Leinewelle","@id":"https:\/\/radioleinewelle.de\/#\/schema\/person\/45606f348637df637192dc1b68399a63"},"headline":"G\u00f6ttinger SPD l\u00e4dt zu Informationsabend zum Heizungsgesetz ein","datePublished":"2023-11-21T09:59:57+00:00","dateModified":"2023-11-21T09:59:58+00:00","mainEntityOfPage":{"@id":"https:\/\/radioleinewelle.de\/index.php\/2023\/11\/21\/goettinger-spd-laedt-zu-informationsabend-zum-heizungsgesetz-ein\/"},"wordCount":297,"commentCount":0,"publisher":{"@id":"https:\/\/radioleinewelle.de\/#organization"},"image":{"@id":"https:\/\/radioleinewelle.de\/index.php\/2023\/11\/21\/goettinger-spd-laedt-zu-informationsabend-zum-heizungsgesetz-ein\/#primaryimage"},"thumbnailUrl":"https:\/\/radioleinewelle.de\/wp-content\/uploads\/2023\/11\/heat-pump-6209793_1280-1.jpg","keywords":["GEG","Heizungsgesetz","W\u00e4rmepumpe"],"articleSection":["Energie"],"inLanguage":"de","potentialAction":[{"@type":"CommentAction","name":"Comment","target":["https:\/\/radioleinewelle.de\/index.php\/2023\/11\/21\/goettinger-spd-laedt-zu-informationsabend-zum-heizungsgesetz-ein\/#respond"]}]},{"@type":"WebPage","@id":"https:\/\/radioleinewelle.de\/index.php\/2023\/11\/21\/goettinger-spd-laedt-zu-informationsabend-zum-heizungsgesetz-ein\/","url":"https:\/\/radioleinewelle.de\/index.php\/2023\/11\/21\/goettinger-spd-laedt-zu-informationsabend-zum-heizungsgesetz-ein\/","name":"G\u00f6ttinger SPD l\u00e4dt zu Informationsabend zum Heizungsgesetz ein - Radio Leinewelle","isPartOf":{"@id":"https:\/\/radioleinewelle.de\/#website"},"primaryImageOfPage":{"@id":"https:\/\/radioleinewelle.de\/index.php\/2023\/11\/21\/goettinger-spd-laedt-zu-informationsabend-zum-heizungsgesetz-ein\/#primaryimage"},"image":{"@id":"https:\/\/radioleinewelle.de\/index.php\/2023\/11\/21\/goettinger-spd-laedt-zu-informationsabend-zum-heizungsgesetz-ein\/#primaryimage"},"thumbnailUrl":"https:\/\/radioleinewelle.de\/wp-content\/uploads\/2023\/11\/heat-pump-6209793_1280-1.jpg","datePublished":"2023-11-21T09:59:57+00:00","dateModified":"2023-11-21T09:59:58+00:00","breadcrumb":{"@id":"https:\/\/radioleinewelle.de\/index.php\/2023\/11\/21\/goettinger-spd-laedt-zu-informationsabend-zum-heizungsgesetz-ein\/#breadcrumb"},"inLanguage":"de","potentialAction":[{"@type":"ReadAction","target":["https:\/\/radioleinewelle.de\/index.php\/2023\/11\/21\/goettinger-spd-laedt-zu-informationsabend-zum-heizungsgesetz-ein\/"]}]},{"@type":"ImageObject","inLanguage":"de","@id":"https:\/\/radioleinewelle.de\/index.php\/2023\/11\/21\/goettinger-spd-laedt-zu-informationsabend-zum-heizungsgesetz-ein\/#primaryimage","url":"https:\/\/radioleinewelle.de\/wp-content\/uploads\/2023\/11\/heat-pump-6209793_1280-1.jpg","contentUrl":"https:\/\/radioleinewelle.de\/wp-content\/uploads\/2023\/11\/heat-pump-6209793_1280-1.jpg","width":1280,"height":960},{"@type":"BreadcrumbList","@id":"https:\/\/radioleinewelle.de\/index.php\/2023\/11\/21\/goettinger-spd-laedt-zu-informationsabend-zum-heizungsgesetz-ein\/#breadcrumb","itemListElement":[{"@type":"ListItem","position":1,"name":"Startseite","item":"https:\/\/radioleinewelle.de\/"},{"@type":"ListItem","position":2,"name":"G\u00f6ttinger SPD l\u00e4dt zu Informationsabend zum Heizungsgesetz ein"}]},{"@type":"WebSite","@id":"https:\/\/radioleinewelle.de\/#website","url":"https:\/\/radioleinewelle.de\/","name":"Radio Leinewelle","description":"","publisher":{"@id":"https:\/\/radioleinewelle.de\/#organization"},"potentialAction":[{"@type":"SearchAction","target":{"@type":"EntryPoint","urlTemplate":"https:\/\/radioleinewelle.de\/?s={search_term_string}"},"query-input":{"@type":"PropertyValueSpecification","valueRequired":true,"valueName":"search_term_string"}}],"inLanguage":"de"},{"@type":"Organization","@id":"https:\/\/radioleinewelle.de\/#organization","name":"Radio Leinewelle","alternateName":"Mein Radio f\u00fcr S\u00fcdniedersachsen","url":"https:\/\/radioleinewelle.de\/","logo":{"@type":"ImageObject","inLanguage":"de","@id":"https:\/\/radioleinewelle.de\/#\/schema\/logo\/image\/","url":"https:\/\/radioleinewelle.de\/wp-content\/uploads\/2023\/11\/cropped-Leinewelle_Logo_weiss.png","contentUrl":"https:\/\/radioleinewelle.de\/wp-content\/uploads\/2023\/11\/cropped-Leinewelle_Logo_weiss.png","width":854,"height":260,"caption":"Radio Leinewelle"},"image":{"@id":"https:\/\/radioleinewelle.de\/#\/schema\/logo\/image\/"},"sameAs":["https:\/\/www.facebook.com\/radioleinewelle","https:\/\/x.com\/RLeinewelle","https:\/\/www.instagram.com\/radioleinewelle\/?hl=de"]},{"@type":"Person","@id":"https:\/\/radioleinewelle.de\/#\/schema\/person\/45606f348637df637192dc1b68399a63","name":"Leinewelle","image":{"@type":"ImageObject","inLanguage":"de","@id":"https:\/\/secure.gravatar.com\/avatar\/05c9a17bc973052ee5d91549bd32fb4dd0dc85b7b85ae94b2e2b4943476bbea5?s=96&d=blank&r=g","url":"https:\/\/secure.gravatar.com\/avatar\/05c9a17bc973052ee5d91549bd32fb4dd0dc85b7b85ae94b2e2b4943476bbea5?s=96&d=blank&r=g","contentUrl":"https:\/\/secure.gravatar.com\/avatar\/05c9a17bc973052ee5d91549bd32fb4dd0dc85b7b85ae94b2e2b4943476bbea5?s=96&d=blank&r=g","caption":"Leinewelle"},"sameAs":["http:\/\/localhost\/radio%20leinewelle\/wordpress","https:\/\/www.facebook.com\/radioleinewelle","https:\/\/www.instagram.com\/radioleinewelle","https:\/\/x.com\/https:\/\/twitter.com\/RLeinewelle?ref_src=twsrcgoogletwcampserptwgrauthor","https:\/\/soundcloud.com\/foerderverein-lokalradio?utm_source=clipboard&utm_medium=text&utm_campaign=social_sharing"],"url":"https:\/\/radioleinewelle.de\/index.php\/author\/leinewelle\/"}]}},"_links":{"self":[{"href":"https:\/\/radioleinewelle.de\/index.php\/wp-json\/wp\/v2\/posts\/24528","targetHints":{"allow":["GET"]}}],"collection":[{"href":"https:\/\/radioleinewelle.de\/index.php\/wp-json\/wp\/v2\/posts"}],"about":[{"href":"https:\/\/radioleinewelle.de\/index.php\/wp-json\/wp\/v2\/types\/post"}],"author":[{"embeddable":true,"href":"https:\/\/radioleinewelle.de\/index.php\/wp-json\/wp\/v2\/users\/1"}],"replies":[{"embeddable":true,"href":"https:\/\/radioleinewelle.de\/index.php\/wp-json\/wp\/v2\/comments?post=24528"}],"version-history":[{"count":2,"href":"https:\/\/radioleinewelle.de\/index.php\/wp-json\/wp\/v2\/posts\/24528\/revisions"}],"predecessor-version":[{"id":24530,"href":"https:\/\/radioleinewelle.de\/index.php\/wp-json\/wp\/v2\/posts\/24528\/revisions\/24530"}],"wp:featuredmedia":[{"embeddable":true,"href":"https:\/\/radioleinewelle.de\/index.php\/wp-json\/wp\/v2\/media\/24517"}],"wp:attachment":[{"href":"https:\/\/radioleinewelle.de\/index.php\/wp-json\/wp\/v2\/media?parent=24528"}],"wp:term":[{"taxonomy":"category","embeddable":true,"href":"https:\/\/radioleinewelle.de\/index.php\/wp-json\/wp\/v2\/categories?post=24528"},{"taxonomy":"post_tag","embeddable":true,"href":"https:\/\/radioleinewelle.de\/index.php\/wp-json\/wp\/v2\/tags?post=24528"}],"curies":[{"name":"wp","href":"https:\/\/api.w.org\/{rel}","templated":true}]}}