{"id":24532,"date":"2023-11-21T11:38:45","date_gmt":"2023-11-21T10:38:45","guid":{"rendered":"https:\/\/radioleinewelle.de\/?p=24532"},"modified":"2023-11-21T11:38:47","modified_gmt":"2023-11-21T10:38:47","slug":"warnstreiks-an-der-umg-notfallversorgung-bleibt-an-beiden-tagen-gesichert","status":"publish","type":"post","link":"https:\/\/radioleinewelle.de\/index.php\/2023\/11\/21\/warnstreiks-an-der-umg-notfallversorgung-bleibt-an-beiden-tagen-gesichert\/","title":{"rendered":"Warnstreiks an der UMG &#8211; Notfallversorgung  bleibt an beiden Tagen gesichert"},"content":{"rendered":"\n<p>Die Universit\u00e4tsmedizin G\u00f6ttingen (UMG) wird im Zuge der Tarifauseinandersetzungen im \u00d6ffentlichen Dienst am Donnerstag und Freitag, 23. und 24. November 2023, Ziel eines zweit\u00e4gigen Warnstreiks der Gewerkschaft ver.di sein. Die UMG hat dazu mit der Gewerkschaft eine Notdienstvereinbarung abgeschlossen, damit die notwendige medizinische Versorgung der Bev\u00f6lkerung in der Krankenversorgung sichergestellt bleibt. <br>Dies teilte die UMG in einer Pressemitteilung mit. Weiter hei\u00dft es:<\/p>\n\n\n\n<p>Im Zentral-OP der UMG, beim Pflegedienst der Normal-, Intensiv- und IMC-Stationen ist eine Mindestbesetzung vereinbart. Ruf- und Bereitschaftsdienste bleiben erhalten. Auch im Gastronomiebereich muss mit Einschr\u00e4nkungen gerechnet werden.<\/p>\n\n\n\n<blockquote class=\"wp-block-quote is-layout-flow wp-block-quote-is-layout-flow\">\n<p><em>\u201eDie Krankenversorgung der UMG wird durch die Warnstreiks in dieser Woche beeintr\u00e4chtigt werden. Die Sicherheit der Versorgung unserer Patientinnen w\u00e4hrend des zweit\u00e4gigen Warnstreiks an der UMG hat h\u00f6chste Priorit\u00e4t. Dazu haben wir mit einer Notdienstvereinbarung mit der Gewerkschaft ver.di alle notwendigen Vorkehrungen getroffen. Die Notfallversorgung unserer Patientinnen an den beiden Streiktagen bleibt gew\u00e4hrleistet, ebenso wie die Versorgung der bereits aufgenommenen Patient*innen.\u201c<\/em><\/p>\n<cite><strong>Prof. Dr. Lorenz Tr\u00fcmper, Vorstand Krankenversorgung an der UMG<\/strong><\/cite><\/blockquote>\n\n\n\n<p>In einigen Bereichen der Patient<em>innenversorgung, wie beispielsweise im Zentral-OP sowie in der ambulanten und teilstation\u00e4ren Versorgung, kann es am Donnerstag und Freitag zu Verz\u00f6gerungen und Terminausf\u00e4llen kommen. Wenn ein ambulanter Termin oder ein geplanter OP-Termin abgesagt werden muss, werden die Patient<\/em>innen benachrichtigt und ein neuer Termin vereinbart. Dies gilt auch f\u00fcr station\u00e4re Aufnahmen f\u00fcr nicht lebensnotwendige Behandlungen, sofern diese verschoben werden m\u00fcssen.<\/p>\n\n\n\n<p><strong>Foto:<\/strong> Radio Leinewelle (ue)<\/p>\n","protected":false},"excerpt":{"rendered":"<p>Die Universit\u00e4tsmedizin G\u00f6ttingen (UMG) wird im Zuge der Tarifauseinandersetzungen im \u00d6ffentlichen Dienst am Donnerstag und Freitag, 23. und 24. November 2023, Ziel eines zweit\u00e4gigen Warnstreiks der Gewerkschaft ver.di sein. Die UMG hat dazu mit der Gewerkschaft eine Notdienstvereinbarung abgeschlossen, damit die notwendige medizinische Versorgung der Bev\u00f6lkerung in der Krankenversorgung sichergestellt bleibt. Dies teilte die UMG [&hellip;]<\/p>\n","protected":false},"author":1,"featured_media":24534,"comment_status":"open","ping_status":"open","sticky":true,"template":"","format":"standard","meta":{"saved_in_kubio":false,"footnotes":""},"categories":[24],"tags":[],"class_list":["post-24532","post","type-post","status-publish","format-standard","has-post-thumbnail","hentry","category-news"],"yoast_head":"<!-- This site is optimized with the Yoast SEO plugin v27.5 - https:\/\/yoast.com\/product\/yoast-seo-wordpress\/ -->\n<title>Warnstreiks an der UMG - Notfallversorgung bleibt an beiden Tagen gesichert - Radio Leinewelle<\/title>\n<meta name=\"robots\" content=\"index, follow, max-snippet:-1, max-image-preview:large, max-video-preview:-1\" \/>\n<link rel=\"canonical\" href=\"https:\/\/radioleinewelle.de\/index.php\/2023\/11\/21\/warnstreiks-an-der-umg-notfallversorgung-bleibt-an-beiden-tagen-gesichert\/\" \/>\n<meta property=\"og:locale\" content=\"de_DE\" \/>\n<meta property=\"og:type\" content=\"article\" \/>\n<meta property=\"og:title\" content=\"Warnstreiks an der UMG - Notfallversorgung bleibt an beiden Tagen gesichert - Radio Leinewelle\" \/>\n<meta property=\"og:description\" content=\"Die Universit\u00e4tsmedizin G\u00f6ttingen (UMG) wird im Zuge der Tarifauseinandersetzungen im \u00d6ffentlichen Dienst am Donnerstag und Freitag, 23. und 24. November 2023, Ziel eines zweit\u00e4gigen Warnstreiks der Gewerkschaft ver.di sein. Die UMG hat dazu mit der Gewerkschaft eine Notdienstvereinbarung abgeschlossen, damit die notwendige medizinische Versorgung der Bev\u00f6lkerung in der Krankenversorgung sichergestellt bleibt. Dies teilte die UMG [&hellip;]\" \/>\n<meta property=\"og:url\" content=\"https:\/\/radioleinewelle.de\/index.php\/2023\/11\/21\/warnstreiks-an-der-umg-notfallversorgung-bleibt-an-beiden-tagen-gesichert\/\" \/>\n<meta property=\"og:site_name\" content=\"Radio Leinewelle\" \/>\n<meta property=\"article:publisher\" content=\"https:\/\/www.facebook.com\/radioleinewelle\" \/>\n<meta property=\"article:author\" content=\"https:\/\/www.facebook.com\/radioleinewelle\" \/>\n<meta property=\"article:published_time\" content=\"2023-11-21T10:38:45+00:00\" \/>\n<meta property=\"article:modified_time\" content=\"2023-11-21T10:38:47+00:00\" \/>\n<meta property=\"og:image\" content=\"https:\/\/radioleinewelle.de\/wp-content\/uploads\/2023\/11\/IMG_9764-scaled.jpg\" \/>\n\t<meta property=\"og:image:width\" content=\"2560\" \/>\n\t<meta property=\"og:image:height\" content=\"1920\" \/>\n\t<meta property=\"og:image:type\" content=\"image\/jpeg\" \/>\n<meta name=\"author\" content=\"Leinewelle\" \/>\n<meta name=\"twitter:card\" content=\"summary_large_image\" \/>\n<meta name=\"twitter:creator\" content=\"@https:\/\/twitter.com\/RLeinewelle?ref_src=twsrcgoogletwcampserptwgrauthor\" \/>\n<meta name=\"twitter:site\" content=\"@RLeinewelle\" \/>\n<meta name=\"twitter:label1\" content=\"Verfasst von\" \/>\n\t<meta name=\"twitter:data1\" content=\"Leinewelle\" \/>\n\t<meta name=\"twitter:label2\" content=\"Gesch\u00e4tzte Lesezeit\" \/>\n\t<meta name=\"twitter:data2\" content=\"1\u00a0Minute\" \/>\n<script type=\"application\/ld+json\" class=\"yoast-schema-graph\">{\"@context\":\"https:\\\/\\\/schema.org\",\"@graph\":[{\"@type\":\"Article\",\"@id\":\"https:\\\/\\\/radioleinewelle.de\\\/index.php\\\/2023\\\/11\\\/21\\\/warnstreiks-an-der-umg-notfallversorgung-bleibt-an-beiden-tagen-gesichert\\\/#article\",\"isPartOf\":{\"@id\":\"https:\\\/\\\/radioleinewelle.de\\\/index.php\\\/2023\\\/11\\\/21\\\/warnstreiks-an-der-umg-notfallversorgung-bleibt-an-beiden-tagen-gesichert\\\/\"},\"author\":{\"name\":\"Leinewelle\",\"@id\":\"https:\\\/\\\/radioleinewelle.de\\\/#\\\/schema\\\/person\\\/45606f348637df637192dc1b68399a63\"},\"headline\":\"Warnstreiks an der UMG &#8211; Notfallversorgung bleibt an beiden Tagen gesichert\",\"datePublished\":\"2023-11-21T10:38:45+00:00\",\"dateModified\":\"2023-11-21T10:38:47+00:00\",\"mainEntityOfPage\":{\"@id\":\"https:\\\/\\\/radioleinewelle.de\\\/index.php\\\/2023\\\/11\\\/21\\\/warnstreiks-an-der-umg-notfallversorgung-bleibt-an-beiden-tagen-gesichert\\\/\"},\"wordCount\":257,\"commentCount\":0,\"publisher\":{\"@id\":\"https:\\\/\\\/radioleinewelle.de\\\/#organization\"},\"image\":{\"@id\":\"https:\\\/\\\/radioleinewelle.de\\\/index.php\\\/2023\\\/11\\\/21\\\/warnstreiks-an-der-umg-notfallversorgung-bleibt-an-beiden-tagen-gesichert\\\/#primaryimage\"},\"thumbnailUrl\":\"https:\\\/\\\/radioleinewelle.de\\\/wp-content\\\/uploads\\\/2023\\\/11\\\/IMG_9764-scaled.jpg\",\"articleSection\":[\"Aktuelle Nachrichten\"],\"inLanguage\":\"de\",\"potentialAction\":[{\"@type\":\"CommentAction\",\"name\":\"Comment\",\"target\":[\"https:\\\/\\\/radioleinewelle.de\\\/index.php\\\/2023\\\/11\\\/21\\\/warnstreiks-an-der-umg-notfallversorgung-bleibt-an-beiden-tagen-gesichert\\\/#respond\"]}]},{\"@type\":\"WebPage\",\"@id\":\"https:\\\/\\\/radioleinewelle.de\\\/index.php\\\/2023\\\/11\\\/21\\\/warnstreiks-an-der-umg-notfallversorgung-bleibt-an-beiden-tagen-gesichert\\\/\",\"url\":\"https:\\\/\\\/radioleinewelle.de\\\/index.php\\\/2023\\\/11\\\/21\\\/warnstreiks-an-der-umg-notfallversorgung-bleibt-an-beiden-tagen-gesichert\\\/\",\"name\":\"Warnstreiks an der UMG - Notfallversorgung bleibt an beiden Tagen gesichert - Radio Leinewelle\",\"isPartOf\":{\"@id\":\"https:\\\/\\\/radioleinewelle.de\\\/#website\"},\"primaryImageOfPage\":{\"@id\":\"https:\\\/\\\/radioleinewelle.de\\\/index.php\\\/2023\\\/11\\\/21\\\/warnstreiks-an-der-umg-notfallversorgung-bleibt-an-beiden-tagen-gesichert\\\/#primaryimage\"},\"image\":{\"@id\":\"https:\\\/\\\/radioleinewelle.de\\\/index.php\\\/2023\\\/11\\\/21\\\/warnstreiks-an-der-umg-notfallversorgung-bleibt-an-beiden-tagen-gesichert\\\/#primaryimage\"},\"thumbnailUrl\":\"https:\\\/\\\/radioleinewelle.de\\\/wp-content\\\/uploads\\\/2023\\\/11\\\/IMG_9764-scaled.jpg\",\"datePublished\":\"2023-11-21T10:38:45+00:00\",\"dateModified\":\"2023-11-21T10:38:47+00:00\",\"breadcrumb\":{\"@id\":\"https:\\\/\\\/radioleinewelle.de\\\/index.php\\\/2023\\\/11\\\/21\\\/warnstreiks-an-der-umg-notfallversorgung-bleibt-an-beiden-tagen-gesichert\\\/#breadcrumb\"},\"inLanguage\":\"de\",\"potentialAction\":[{\"@type\":\"ReadAction\",\"target\":[\"https:\\\/\\\/radioleinewelle.de\\\/index.php\\\/2023\\\/11\\\/21\\\/warnstreiks-an-der-umg-notfallversorgung-bleibt-an-beiden-tagen-gesichert\\\/\"]}]},{\"@type\":\"ImageObject\",\"inLanguage\":\"de\",\"@id\":\"https:\\\/\\\/radioleinewelle.de\\\/index.php\\\/2023\\\/11\\\/21\\\/warnstreiks-an-der-umg-notfallversorgung-bleibt-an-beiden-tagen-gesichert\\\/#primaryimage\",\"url\":\"https:\\\/\\\/radioleinewelle.de\\\/wp-content\\\/uploads\\\/2023\\\/11\\\/IMG_9764-scaled.jpg\",\"contentUrl\":\"https:\\\/\\\/radioleinewelle.de\\\/wp-content\\\/uploads\\\/2023\\\/11\\\/IMG_9764-scaled.jpg\",\"width\":2560,\"height\":1920},{\"@type\":\"BreadcrumbList\",\"@id\":\"https:\\\/\\\/radioleinewelle.de\\\/index.php\\\/2023\\\/11\\\/21\\\/warnstreiks-an-der-umg-notfallversorgung-bleibt-an-beiden-tagen-gesichert\\\/#breadcrumb\",\"itemListElement\":[{\"@type\":\"ListItem\",\"position\":1,\"name\":\"Startseite\",\"item\":\"https:\\\/\\\/radioleinewelle.de\\\/\"},{\"@type\":\"ListItem\",\"position\":2,\"name\":\"Warnstreiks an der UMG &#8211; Notfallversorgung bleibt an beiden Tagen gesichert\"}]},{\"@type\":\"WebSite\",\"@id\":\"https:\\\/\\\/radioleinewelle.de\\\/#website\",\"url\":\"https:\\\/\\\/radioleinewelle.de\\\/\",\"name\":\"Radio Leinewelle\",\"description\":\"\",\"publisher\":{\"@id\":\"https:\\\/\\\/radioleinewelle.de\\\/#organization\"},\"potentialAction\":[{\"@type\":\"SearchAction\",\"target\":{\"@type\":\"EntryPoint\",\"urlTemplate\":\"https:\\\/\\\/radioleinewelle.de\\\/?s={search_term_string}\"},\"query-input\":{\"@type\":\"PropertyValueSpecification\",\"valueRequired\":true,\"valueName\":\"search_term_string\"}}],\"inLanguage\":\"de\"},{\"@type\":\"Organization\",\"@id\":\"https:\\\/\\\/radioleinewelle.de\\\/#organization\",\"name\":\"Radio Leinewelle\",\"alternateName\":\"Mein Radio f\u00fcr S\u00fcdniedersachsen\",\"url\":\"https:\\\/\\\/radioleinewelle.de\\\/\",\"logo\":{\"@type\":\"ImageObject\",\"inLanguage\":\"de\",\"@id\":\"https:\\\/\\\/radioleinewelle.de\\\/#\\\/schema\\\/logo\\\/image\\\/\",\"url\":\"https:\\\/\\\/radioleinewelle.de\\\/wp-content\\\/uploads\\\/2023\\\/11\\\/cropped-Leinewelle_Logo_weiss.png\",\"contentUrl\":\"https:\\\/\\\/radioleinewelle.de\\\/wp-content\\\/uploads\\\/2023\\\/11\\\/cropped-Leinewelle_Logo_weiss.png\",\"width\":854,\"height\":260,\"caption\":\"Radio Leinewelle\"},\"image\":{\"@id\":\"https:\\\/\\\/radioleinewelle.de\\\/#\\\/schema\\\/logo\\\/image\\\/\"},\"sameAs\":[\"https:\\\/\\\/www.facebook.com\\\/radioleinewelle\",\"https:\\\/\\\/x.com\\\/RLeinewelle\",\"https:\\\/\\\/www.instagram.com\\\/radioleinewelle\\\/?hl=de\"]},{\"@type\":\"Person\",\"@id\":\"https:\\\/\\\/radioleinewelle.de\\\/#\\\/schema\\\/person\\\/45606f348637df637192dc1b68399a63\",\"name\":\"Leinewelle\",\"image\":{\"@type\":\"ImageObject\",\"inLanguage\":\"de\",\"@id\":\"https:\\\/\\\/secure.gravatar.com\\\/avatar\\\/05c9a17bc973052ee5d91549bd32fb4dd0dc85b7b85ae94b2e2b4943476bbea5?s=96&d=blank&r=g\",\"url\":\"https:\\\/\\\/secure.gravatar.com\\\/avatar\\\/05c9a17bc973052ee5d91549bd32fb4dd0dc85b7b85ae94b2e2b4943476bbea5?s=96&d=blank&r=g\",\"contentUrl\":\"https:\\\/\\\/secure.gravatar.com\\\/avatar\\\/05c9a17bc973052ee5d91549bd32fb4dd0dc85b7b85ae94b2e2b4943476bbea5?s=96&d=blank&r=g\",\"caption\":\"Leinewelle\"},\"sameAs\":[\"http:\\\/\\\/localhost\\\/radio%20leinewelle\\\/wordpress\",\"https:\\\/\\\/www.facebook.com\\\/radioleinewelle\",\"https:\\\/\\\/www.instagram.com\\\/radioleinewelle\",\"https:\\\/\\\/x.com\\\/https:\\\/\\\/twitter.com\\\/RLeinewelle?ref_src=twsrcgoogletwcampserptwgrauthor\",\"https:\\\/\\\/soundcloud.com\\\/foerderverein-lokalradio?utm_source=clipboard&utm_medium=text&utm_campaign=social_sharing\"],\"url\":\"https:\\\/\\\/radioleinewelle.de\\\/index.php\\\/author\\\/leinewelle\\\/\"}]}<\/script>\n<!-- \/ Yoast SEO plugin. -->","yoast_head_json":{"title":"Warnstreiks an der UMG - Notfallversorgung bleibt an beiden Tagen gesichert - Radio Leinewelle","robots":{"index":"index","follow":"follow","max-snippet":"max-snippet:-1","max-image-preview":"max-image-preview:large","max-video-preview":"max-video-preview:-1"},"canonical":"https:\/\/radioleinewelle.de\/index.php\/2023\/11\/21\/warnstreiks-an-der-umg-notfallversorgung-bleibt-an-beiden-tagen-gesichert\/","og_locale":"de_DE","og_type":"article","og_title":"Warnstreiks an der UMG - Notfallversorgung bleibt an beiden Tagen gesichert - Radio Leinewelle","og_description":"Die Universit\u00e4tsmedizin G\u00f6ttingen (UMG) wird im Zuge der Tarifauseinandersetzungen im \u00d6ffentlichen Dienst am Donnerstag und Freitag, 23. und 24. November 2023, Ziel eines zweit\u00e4gigen Warnstreiks der Gewerkschaft ver.di sein. Die UMG hat dazu mit der Gewerkschaft eine Notdienstvereinbarung abgeschlossen, damit die notwendige medizinische Versorgung der Bev\u00f6lkerung in der Krankenversorgung sichergestellt bleibt. Dies teilte die UMG [&hellip;]","og_url":"https:\/\/radioleinewelle.de\/index.php\/2023\/11\/21\/warnstreiks-an-der-umg-notfallversorgung-bleibt-an-beiden-tagen-gesichert\/","og_site_name":"Radio Leinewelle","article_publisher":"https:\/\/www.facebook.com\/radioleinewelle","article_author":"https:\/\/www.facebook.com\/radioleinewelle","article_published_time":"2023-11-21T10:38:45+00:00","article_modified_time":"2023-11-21T10:38:47+00:00","og_image":[{"width":2560,"height":1920,"url":"https:\/\/radioleinewelle.de\/wp-content\/uploads\/2023\/11\/IMG_9764-scaled.jpg","type":"image\/jpeg"}],"author":"Leinewelle","twitter_card":"summary_large_image","twitter_creator":"@https:\/\/twitter.com\/RLeinewelle?ref_src=twsrcgoogletwcampserptwgrauthor","twitter_site":"@RLeinewelle","twitter_misc":{"Verfasst von":"Leinewelle","Gesch\u00e4tzte Lesezeit":"1\u00a0Minute"},"schema":{"@context":"https:\/\/schema.org","@graph":[{"@type":"Article","@id":"https:\/\/radioleinewelle.de\/index.php\/2023\/11\/21\/warnstreiks-an-der-umg-notfallversorgung-bleibt-an-beiden-tagen-gesichert\/#article","isPartOf":{"@id":"https:\/\/radioleinewelle.de\/index.php\/2023\/11\/21\/warnstreiks-an-der-umg-notfallversorgung-bleibt-an-beiden-tagen-gesichert\/"},"author":{"name":"Leinewelle","@id":"https:\/\/radioleinewelle.de\/#\/schema\/person\/45606f348637df637192dc1b68399a63"},"headline":"Warnstreiks an der UMG &#8211; Notfallversorgung bleibt an beiden Tagen gesichert","datePublished":"2023-11-21T10:38:45+00:00","dateModified":"2023-11-21T10:38:47+00:00","mainEntityOfPage":{"@id":"https:\/\/radioleinewelle.de\/index.php\/2023\/11\/21\/warnstreiks-an-der-umg-notfallversorgung-bleibt-an-beiden-tagen-gesichert\/"},"wordCount":257,"commentCount":0,"publisher":{"@id":"https:\/\/radioleinewelle.de\/#organization"},"image":{"@id":"https:\/\/radioleinewelle.de\/index.php\/2023\/11\/21\/warnstreiks-an-der-umg-notfallversorgung-bleibt-an-beiden-tagen-gesichert\/#primaryimage"},"thumbnailUrl":"https:\/\/radioleinewelle.de\/wp-content\/uploads\/2023\/11\/IMG_9764-scaled.jpg","articleSection":["Aktuelle Nachrichten"],"inLanguage":"de","potentialAction":[{"@type":"CommentAction","name":"Comment","target":["https:\/\/radioleinewelle.de\/index.php\/2023\/11\/21\/warnstreiks-an-der-umg-notfallversorgung-bleibt-an-beiden-tagen-gesichert\/#respond"]}]},{"@type":"WebPage","@id":"https:\/\/radioleinewelle.de\/index.php\/2023\/11\/21\/warnstreiks-an-der-umg-notfallversorgung-bleibt-an-beiden-tagen-gesichert\/","url":"https:\/\/radioleinewelle.de\/index.php\/2023\/11\/21\/warnstreiks-an-der-umg-notfallversorgung-bleibt-an-beiden-tagen-gesichert\/","name":"Warnstreiks an der UMG - Notfallversorgung bleibt an beiden Tagen gesichert - Radio Leinewelle","isPartOf":{"@id":"https:\/\/radioleinewelle.de\/#website"},"primaryImageOfPage":{"@id":"https:\/\/radioleinewelle.de\/index.php\/2023\/11\/21\/warnstreiks-an-der-umg-notfallversorgung-bleibt-an-beiden-tagen-gesichert\/#primaryimage"},"image":{"@id":"https:\/\/radioleinewelle.de\/index.php\/2023\/11\/21\/warnstreiks-an-der-umg-notfallversorgung-bleibt-an-beiden-tagen-gesichert\/#primaryimage"},"thumbnailUrl":"https:\/\/radioleinewelle.de\/wp-content\/uploads\/2023\/11\/IMG_9764-scaled.jpg","datePublished":"2023-11-21T10:38:45+00:00","dateModified":"2023-11-21T10:38:47+00:00","breadcrumb":{"@id":"https:\/\/radioleinewelle.de\/index.php\/2023\/11\/21\/warnstreiks-an-der-umg-notfallversorgung-bleibt-an-beiden-tagen-gesichert\/#breadcrumb"},"inLanguage":"de","potentialAction":[{"@type":"ReadAction","target":["https:\/\/radioleinewelle.de\/index.php\/2023\/11\/21\/warnstreiks-an-der-umg-notfallversorgung-bleibt-an-beiden-tagen-gesichert\/"]}]},{"@type":"ImageObject","inLanguage":"de","@id":"https:\/\/radioleinewelle.de\/index.php\/2023\/11\/21\/warnstreiks-an-der-umg-notfallversorgung-bleibt-an-beiden-tagen-gesichert\/#primaryimage","url":"https:\/\/radioleinewelle.de\/wp-content\/uploads\/2023\/11\/IMG_9764-scaled.jpg","contentUrl":"https:\/\/radioleinewelle.de\/wp-content\/uploads\/2023\/11\/IMG_9764-scaled.jpg","width":2560,"height":1920},{"@type":"BreadcrumbList","@id":"https:\/\/radioleinewelle.de\/index.php\/2023\/11\/21\/warnstreiks-an-der-umg-notfallversorgung-bleibt-an-beiden-tagen-gesichert\/#breadcrumb","itemListElement":[{"@type":"ListItem","position":1,"name":"Startseite","item":"https:\/\/radioleinewelle.de\/"},{"@type":"ListItem","position":2,"name":"Warnstreiks an der UMG &#8211; Notfallversorgung bleibt an beiden Tagen gesichert"}]},{"@type":"WebSite","@id":"https:\/\/radioleinewelle.de\/#website","url":"https:\/\/radioleinewelle.de\/","name":"Radio Leinewelle","description":"","publisher":{"@id":"https:\/\/radioleinewelle.de\/#organization"},"potentialAction":[{"@type":"SearchAction","target":{"@type":"EntryPoint","urlTemplate":"https:\/\/radioleinewelle.de\/?s={search_term_string}"},"query-input":{"@type":"PropertyValueSpecification","valueRequired":true,"valueName":"search_term_string"}}],"inLanguage":"de"},{"@type":"Organization","@id":"https:\/\/radioleinewelle.de\/#organization","name":"Radio Leinewelle","alternateName":"Mein Radio f\u00fcr S\u00fcdniedersachsen","url":"https:\/\/radioleinewelle.de\/","logo":{"@type":"ImageObject","inLanguage":"de","@id":"https:\/\/radioleinewelle.de\/#\/schema\/logo\/image\/","url":"https:\/\/radioleinewelle.de\/wp-content\/uploads\/2023\/11\/cropped-Leinewelle_Logo_weiss.png","contentUrl":"https:\/\/radioleinewelle.de\/wp-content\/uploads\/2023\/11\/cropped-Leinewelle_Logo_weiss.png","width":854,"height":260,"caption":"Radio Leinewelle"},"image":{"@id":"https:\/\/radioleinewelle.de\/#\/schema\/logo\/image\/"},"sameAs":["https:\/\/www.facebook.com\/radioleinewelle","https:\/\/x.com\/RLeinewelle","https:\/\/www.instagram.com\/radioleinewelle\/?hl=de"]},{"@type":"Person","@id":"https:\/\/radioleinewelle.de\/#\/schema\/person\/45606f348637df637192dc1b68399a63","name":"Leinewelle","image":{"@type":"ImageObject","inLanguage":"de","@id":"https:\/\/secure.gravatar.com\/avatar\/05c9a17bc973052ee5d91549bd32fb4dd0dc85b7b85ae94b2e2b4943476bbea5?s=96&d=blank&r=g","url":"https:\/\/secure.gravatar.com\/avatar\/05c9a17bc973052ee5d91549bd32fb4dd0dc85b7b85ae94b2e2b4943476bbea5?s=96&d=blank&r=g","contentUrl":"https:\/\/secure.gravatar.com\/avatar\/05c9a17bc973052ee5d91549bd32fb4dd0dc85b7b85ae94b2e2b4943476bbea5?s=96&d=blank&r=g","caption":"Leinewelle"},"sameAs":["http:\/\/localhost\/radio%20leinewelle\/wordpress","https:\/\/www.facebook.com\/radioleinewelle","https:\/\/www.instagram.com\/radioleinewelle","https:\/\/x.com\/https:\/\/twitter.com\/RLeinewelle?ref_src=twsrcgoogletwcampserptwgrauthor","https:\/\/soundcloud.com\/foerderverein-lokalradio?utm_source=clipboard&utm_medium=text&utm_campaign=social_sharing"],"url":"https:\/\/radioleinewelle.de\/index.php\/author\/leinewelle\/"}]}},"_links":{"self":[{"href":"https:\/\/radioleinewelle.de\/index.php\/wp-json\/wp\/v2\/posts\/24532","targetHints":{"allow":["GET"]}}],"collection":[{"href":"https:\/\/radioleinewelle.de\/index.php\/wp-json\/wp\/v2\/posts"}],"about":[{"href":"https:\/\/radioleinewelle.de\/index.php\/wp-json\/wp\/v2\/types\/post"}],"author":[{"embeddable":true,"href":"https:\/\/radioleinewelle.de\/index.php\/wp-json\/wp\/v2\/users\/1"}],"replies":[{"embeddable":true,"href":"https:\/\/radioleinewelle.de\/index.php\/wp-json\/wp\/v2\/comments?post=24532"}],"version-history":[{"count":3,"href":"https:\/\/radioleinewelle.de\/index.php\/wp-json\/wp\/v2\/posts\/24532\/revisions"}],"predecessor-version":[{"id":24536,"href":"https:\/\/radioleinewelle.de\/index.php\/wp-json\/wp\/v2\/posts\/24532\/revisions\/24536"}],"wp:featuredmedia":[{"embeddable":true,"href":"https:\/\/radioleinewelle.de\/index.php\/wp-json\/wp\/v2\/media\/24534"}],"wp:attachment":[{"href":"https:\/\/radioleinewelle.de\/index.php\/wp-json\/wp\/v2\/media?parent=24532"}],"wp:term":[{"taxonomy":"category","embeddable":true,"href":"https:\/\/radioleinewelle.de\/index.php\/wp-json\/wp\/v2\/categories?post=24532"},{"taxonomy":"post_tag","embeddable":true,"href":"https:\/\/radioleinewelle.de\/index.php\/wp-json\/wp\/v2\/tags?post=24532"}],"curies":[{"name":"wp","href":"https:\/\/api.w.org\/{rel}","templated":true}]}}