{"id":24539,"date":"2023-11-22T07:29:05","date_gmt":"2023-11-22T06:29:05","guid":{"rendered":"https:\/\/radioleinewelle.de\/?p=24539"},"modified":"2023-11-22T07:29:07","modified_gmt":"2023-11-22T06:29:07","slug":"landesregierung-setzt-klares-zeichen-gegen-antisemitismus-und-fuer-den-schutz-juedischen-lebens","status":"publish","type":"post","link":"https:\/\/radioleinewelle.de\/index.php\/2023\/11\/22\/landesregierung-setzt-klares-zeichen-gegen-antisemitismus-und-fuer-den-schutz-juedischen-lebens\/","title":{"rendered":"Landesregierung setzt klares Zeichen gegen Antisemitismus und f\u00fcr den Schutz j\u00fcdischen Lebens"},"content":{"rendered":"\n<p>Um Antisemitismus, egal von wem und in welcher Form, zu bek\u00e4mpfen, muss er fr\u00fchzeitig erkannt werden. Gesellschaft und staatliche Akteure m\u00fcssen gezielt f\u00fcr die verschiedenen Erscheinungsformen von Antisemitismus sensibilisiert werden. Das gilt heute umso mehr, als Antisemitismus sich aktuell verst\u00e4rkt und in verschiedenen Auspr\u00e4gungen zeigt und teils auch verdeckt auftritt.<\/p>\n\n\n\n<p>Die Nieders\u00e4chsische Landesregierung hat gestern mit Beschluss die Arbeitsdefinition von Antisemitismus der International Holocaust Remembrance Alliance (IHRA) verabschiedet. Mit der Annahme der Definition untermauert die Nieders\u00e4chsische Landesregierung ihre Verantwortung, f\u00fcr den Schutz j\u00fcdischen Lebens einzutreten und Antisemitismus in all seinen Facetten entschieden entgegenzutreten.<\/p>\n\n\n\n<p>Die International Holocaust Remembrance Alliance ist eine internationale Institution mit insgesamt 34 Mitgliedsstaaten, darunter auch Deutschland. Sie wurde 1998 auf schwedische Initiative als Task Force f\u00fcr Internationale Zusammenarbeit f\u00fcr Bildung, Gedenken und Forschung zum Holocaust gegr\u00fcndet. <\/p>\n\n\n\n<p>Die Definition lautet: \u201eAntisemitismus ist eine bestimmte Wahrnehmung von J\u00fcdinnen und Juden, die sich als Hass gegen\u00fcber J\u00fcdinnen und Juden ausdr\u00fccken kann. Der Antisemitismus richtet sich in Wort oder Tat gegen j\u00fcdische oder nichtj\u00fcdische Einzelpersonen und\/oder deren Eigentum sowie gegen j\u00fcdische Gemeindeinstitutionen oder religi\u00f6se Einrichtungen. Dar\u00fcber hinaus kann auch der Staat Israel, der dabei als j\u00fcdisches Kollektiv verstanden wird, Ziel solcher Angriffe sein.\u201c<\/p>\n\n\n\n<p>Mit dem gestrigen Kabinettsbeschluss wird nun auch Niedersachsen diese Arbeitsdefinition als Grundlage seines Regierungshandelns \u00fcbernehmen. Damit wird ein einheitlicher Arbeitsbegriff geschaffen, der ressort\u00fcbergreifend, etwa in den Bereichen Bildung, Justiz, Polizei und Schule, Orientierungshilfe beim Erkennen von Antisemitismus geben wird.<\/p>\n\n\n\n<p>Bild von <a href=\"https:\/\/pixabay.com\/de\/users\/tamar_tal-8628154\/?utm_source=link-attribution&amp;utm_medium=referral&amp;utm_campaign=image&amp;utm_content=3301729\">Tamar_Tal<\/a> auf <a href=\"https:\/\/pixabay.com\/de\/\/?utm_source=link-attribution&amp;utm_medium=referral&amp;utm_campaign=image&amp;utm_content=3301729\">Pixabay<\/a><\/p>\n","protected":false},"excerpt":{"rendered":"<p>Um Antisemitismus, egal von wem und in welcher Form, zu bek\u00e4mpfen, muss er fr\u00fchzeitig erkannt werden. Gesellschaft und staatliche Akteure m\u00fcssen gezielt f\u00fcr die verschiedenen Erscheinungsformen von Antisemitismus sensibilisiert werden. Das gilt heute umso mehr, als Antisemitismus sich aktuell verst\u00e4rkt und in verschiedenen Auspr\u00e4gungen zeigt und teils auch verdeckt auftritt. Die Nieders\u00e4chsische Landesregierung hat gestern [&hellip;]<\/p>\n","protected":false},"author":1,"featured_media":24541,"comment_status":"open","ping_status":"open","sticky":true,"template":"","format":"standard","meta":{"saved_in_kubio":false,"footnotes":""},"categories":[24],"tags":[1077,4110],"class_list":["post-24539","post","type-post","status-publish","format-standard","has-post-thumbnail","hentry","category-news","tag-antisemitismus","tag-ihra"],"yoast_head":"<!-- This site is optimized with the Yoast SEO plugin v27.5 - https:\/\/yoast.com\/product\/yoast-seo-wordpress\/ -->\n<title>Landesregierung setzt klares Zeichen gegen Antisemitismus und f\u00fcr den Schutz j\u00fcdischen Lebens - Radio Leinewelle<\/title>\n<meta name=\"robots\" content=\"index, follow, max-snippet:-1, max-image-preview:large, max-video-preview:-1\" \/>\n<link rel=\"canonical\" href=\"https:\/\/radioleinewelle.de\/index.php\/2023\/11\/22\/landesregierung-setzt-klares-zeichen-gegen-antisemitismus-und-fuer-den-schutz-juedischen-lebens\/\" \/>\n<meta property=\"og:locale\" content=\"de_DE\" \/>\n<meta property=\"og:type\" content=\"article\" \/>\n<meta property=\"og:title\" content=\"Landesregierung setzt klares Zeichen gegen Antisemitismus und f\u00fcr den Schutz j\u00fcdischen Lebens - Radio Leinewelle\" \/>\n<meta property=\"og:description\" content=\"Um Antisemitismus, egal von wem und in welcher Form, zu bek\u00e4mpfen, muss er fr\u00fchzeitig erkannt werden. Gesellschaft und staatliche Akteure m\u00fcssen gezielt f\u00fcr die verschiedenen Erscheinungsformen von Antisemitismus sensibilisiert werden. Das gilt heute umso mehr, als Antisemitismus sich aktuell verst\u00e4rkt und in verschiedenen Auspr\u00e4gungen zeigt und teils auch verdeckt auftritt. Die Nieders\u00e4chsische Landesregierung hat gestern [&hellip;]\" \/>\n<meta property=\"og:url\" content=\"https:\/\/radioleinewelle.de\/index.php\/2023\/11\/22\/landesregierung-setzt-klares-zeichen-gegen-antisemitismus-und-fuer-den-schutz-juedischen-lebens\/\" \/>\n<meta property=\"og:site_name\" content=\"Radio Leinewelle\" \/>\n<meta property=\"article:publisher\" content=\"https:\/\/www.facebook.com\/radioleinewelle\" \/>\n<meta property=\"article:author\" content=\"https:\/\/www.facebook.com\/radioleinewelle\" \/>\n<meta property=\"article:published_time\" content=\"2023-11-22T06:29:05+00:00\" \/>\n<meta property=\"article:modified_time\" content=\"2023-11-22T06:29:07+00:00\" \/>\n<meta property=\"og:image\" content=\"https:\/\/radioleinewelle.de\/wp-content\/uploads\/2023\/11\/street-3301729_1280.jpg\" \/>\n\t<meta property=\"og:image:width\" content=\"1280\" \/>\n\t<meta property=\"og:image:height\" content=\"850\" \/>\n\t<meta property=\"og:image:type\" content=\"image\/jpeg\" \/>\n<meta name=\"author\" content=\"Leinewelle\" \/>\n<meta name=\"twitter:card\" content=\"summary_large_image\" \/>\n<meta name=\"twitter:creator\" content=\"@https:\/\/twitter.com\/RLeinewelle?ref_src=twsrcgoogletwcampserptwgrauthor\" \/>\n<meta name=\"twitter:site\" content=\"@RLeinewelle\" \/>\n<meta name=\"twitter:label1\" content=\"Verfasst von\" \/>\n\t<meta name=\"twitter:data1\" content=\"Leinewelle\" \/>\n\t<meta name=\"twitter:label2\" content=\"Gesch\u00e4tzte Lesezeit\" \/>\n\t<meta name=\"twitter:data2\" content=\"2\u00a0Minuten\" \/>\n<script type=\"application\/ld+json\" class=\"yoast-schema-graph\">{\"@context\":\"https:\\\/\\\/schema.org\",\"@graph\":[{\"@type\":\"Article\",\"@id\":\"https:\\\/\\\/radioleinewelle.de\\\/index.php\\\/2023\\\/11\\\/22\\\/landesregierung-setzt-klares-zeichen-gegen-antisemitismus-und-fuer-den-schutz-juedischen-lebens\\\/#article\",\"isPartOf\":{\"@id\":\"https:\\\/\\\/radioleinewelle.de\\\/index.php\\\/2023\\\/11\\\/22\\\/landesregierung-setzt-klares-zeichen-gegen-antisemitismus-und-fuer-den-schutz-juedischen-lebens\\\/\"},\"author\":{\"name\":\"Leinewelle\",\"@id\":\"https:\\\/\\\/radioleinewelle.de\\\/#\\\/schema\\\/person\\\/45606f348637df637192dc1b68399a63\"},\"headline\":\"Landesregierung setzt klares Zeichen gegen Antisemitismus und f\u00fcr den Schutz j\u00fcdischen Lebens\",\"datePublished\":\"2023-11-22T06:29:05+00:00\",\"dateModified\":\"2023-11-22T06:29:07+00:00\",\"mainEntityOfPage\":{\"@id\":\"https:\\\/\\\/radioleinewelle.de\\\/index.php\\\/2023\\\/11\\\/22\\\/landesregierung-setzt-klares-zeichen-gegen-antisemitismus-und-fuer-den-schutz-juedischen-lebens\\\/\"},\"wordCount\":274,\"commentCount\":0,\"publisher\":{\"@id\":\"https:\\\/\\\/radioleinewelle.de\\\/#organization\"},\"image\":{\"@id\":\"https:\\\/\\\/radioleinewelle.de\\\/index.php\\\/2023\\\/11\\\/22\\\/landesregierung-setzt-klares-zeichen-gegen-antisemitismus-und-fuer-den-schutz-juedischen-lebens\\\/#primaryimage\"},\"thumbnailUrl\":\"https:\\\/\\\/radioleinewelle.de\\\/wp-content\\\/uploads\\\/2023\\\/11\\\/street-3301729_1280.jpg\",\"keywords\":[\"Antisemitismus\",\"IHRA\"],\"articleSection\":[\"Aktuelle Nachrichten\"],\"inLanguage\":\"de\",\"potentialAction\":[{\"@type\":\"CommentAction\",\"name\":\"Comment\",\"target\":[\"https:\\\/\\\/radioleinewelle.de\\\/index.php\\\/2023\\\/11\\\/22\\\/landesregierung-setzt-klares-zeichen-gegen-antisemitismus-und-fuer-den-schutz-juedischen-lebens\\\/#respond\"]}]},{\"@type\":\"WebPage\",\"@id\":\"https:\\\/\\\/radioleinewelle.de\\\/index.php\\\/2023\\\/11\\\/22\\\/landesregierung-setzt-klares-zeichen-gegen-antisemitismus-und-fuer-den-schutz-juedischen-lebens\\\/\",\"url\":\"https:\\\/\\\/radioleinewelle.de\\\/index.php\\\/2023\\\/11\\\/22\\\/landesregierung-setzt-klares-zeichen-gegen-antisemitismus-und-fuer-den-schutz-juedischen-lebens\\\/\",\"name\":\"Landesregierung setzt klares Zeichen gegen Antisemitismus und f\u00fcr den Schutz j\u00fcdischen Lebens - Radio Leinewelle\",\"isPartOf\":{\"@id\":\"https:\\\/\\\/radioleinewelle.de\\\/#website\"},\"primaryImageOfPage\":{\"@id\":\"https:\\\/\\\/radioleinewelle.de\\\/index.php\\\/2023\\\/11\\\/22\\\/landesregierung-setzt-klares-zeichen-gegen-antisemitismus-und-fuer-den-schutz-juedischen-lebens\\\/#primaryimage\"},\"image\":{\"@id\":\"https:\\\/\\\/radioleinewelle.de\\\/index.php\\\/2023\\\/11\\\/22\\\/landesregierung-setzt-klares-zeichen-gegen-antisemitismus-und-fuer-den-schutz-juedischen-lebens\\\/#primaryimage\"},\"thumbnailUrl\":\"https:\\\/\\\/radioleinewelle.de\\\/wp-content\\\/uploads\\\/2023\\\/11\\\/street-3301729_1280.jpg\",\"datePublished\":\"2023-11-22T06:29:05+00:00\",\"dateModified\":\"2023-11-22T06:29:07+00:00\",\"breadcrumb\":{\"@id\":\"https:\\\/\\\/radioleinewelle.de\\\/index.php\\\/2023\\\/11\\\/22\\\/landesregierung-setzt-klares-zeichen-gegen-antisemitismus-und-fuer-den-schutz-juedischen-lebens\\\/#breadcrumb\"},\"inLanguage\":\"de\",\"potentialAction\":[{\"@type\":\"ReadAction\",\"target\":[\"https:\\\/\\\/radioleinewelle.de\\\/index.php\\\/2023\\\/11\\\/22\\\/landesregierung-setzt-klares-zeichen-gegen-antisemitismus-und-fuer-den-schutz-juedischen-lebens\\\/\"]}]},{\"@type\":\"ImageObject\",\"inLanguage\":\"de\",\"@id\":\"https:\\\/\\\/radioleinewelle.de\\\/index.php\\\/2023\\\/11\\\/22\\\/landesregierung-setzt-klares-zeichen-gegen-antisemitismus-und-fuer-den-schutz-juedischen-lebens\\\/#primaryimage\",\"url\":\"https:\\\/\\\/radioleinewelle.de\\\/wp-content\\\/uploads\\\/2023\\\/11\\\/street-3301729_1280.jpg\",\"contentUrl\":\"https:\\\/\\\/radioleinewelle.de\\\/wp-content\\\/uploads\\\/2023\\\/11\\\/street-3301729_1280.jpg\",\"width\":1280,\"height\":850},{\"@type\":\"BreadcrumbList\",\"@id\":\"https:\\\/\\\/radioleinewelle.de\\\/index.php\\\/2023\\\/11\\\/22\\\/landesregierung-setzt-klares-zeichen-gegen-antisemitismus-und-fuer-den-schutz-juedischen-lebens\\\/#breadcrumb\",\"itemListElement\":[{\"@type\":\"ListItem\",\"position\":1,\"name\":\"Startseite\",\"item\":\"https:\\\/\\\/radioleinewelle.de\\\/\"},{\"@type\":\"ListItem\",\"position\":2,\"name\":\"Landesregierung setzt klares Zeichen gegen Antisemitismus und f\u00fcr den Schutz j\u00fcdischen Lebens\"}]},{\"@type\":\"WebSite\",\"@id\":\"https:\\\/\\\/radioleinewelle.de\\\/#website\",\"url\":\"https:\\\/\\\/radioleinewelle.de\\\/\",\"name\":\"Radio Leinewelle\",\"description\":\"\",\"publisher\":{\"@id\":\"https:\\\/\\\/radioleinewelle.de\\\/#organization\"},\"potentialAction\":[{\"@type\":\"SearchAction\",\"target\":{\"@type\":\"EntryPoint\",\"urlTemplate\":\"https:\\\/\\\/radioleinewelle.de\\\/?s={search_term_string}\"},\"query-input\":{\"@type\":\"PropertyValueSpecification\",\"valueRequired\":true,\"valueName\":\"search_term_string\"}}],\"inLanguage\":\"de\"},{\"@type\":\"Organization\",\"@id\":\"https:\\\/\\\/radioleinewelle.de\\\/#organization\",\"name\":\"Radio Leinewelle\",\"alternateName\":\"Mein Radio f\u00fcr S\u00fcdniedersachsen\",\"url\":\"https:\\\/\\\/radioleinewelle.de\\\/\",\"logo\":{\"@type\":\"ImageObject\",\"inLanguage\":\"de\",\"@id\":\"https:\\\/\\\/radioleinewelle.de\\\/#\\\/schema\\\/logo\\\/image\\\/\",\"url\":\"https:\\\/\\\/radioleinewelle.de\\\/wp-content\\\/uploads\\\/2023\\\/11\\\/cropped-Leinewelle_Logo_weiss.png\",\"contentUrl\":\"https:\\\/\\\/radioleinewelle.de\\\/wp-content\\\/uploads\\\/2023\\\/11\\\/cropped-Leinewelle_Logo_weiss.png\",\"width\":854,\"height\":260,\"caption\":\"Radio Leinewelle\"},\"image\":{\"@id\":\"https:\\\/\\\/radioleinewelle.de\\\/#\\\/schema\\\/logo\\\/image\\\/\"},\"sameAs\":[\"https:\\\/\\\/www.facebook.com\\\/radioleinewelle\",\"https:\\\/\\\/x.com\\\/RLeinewelle\",\"https:\\\/\\\/www.instagram.com\\\/radioleinewelle\\\/?hl=de\"]},{\"@type\":\"Person\",\"@id\":\"https:\\\/\\\/radioleinewelle.de\\\/#\\\/schema\\\/person\\\/45606f348637df637192dc1b68399a63\",\"name\":\"Leinewelle\",\"image\":{\"@type\":\"ImageObject\",\"inLanguage\":\"de\",\"@id\":\"https:\\\/\\\/secure.gravatar.com\\\/avatar\\\/05c9a17bc973052ee5d91549bd32fb4dd0dc85b7b85ae94b2e2b4943476bbea5?s=96&d=blank&r=g\",\"url\":\"https:\\\/\\\/secure.gravatar.com\\\/avatar\\\/05c9a17bc973052ee5d91549bd32fb4dd0dc85b7b85ae94b2e2b4943476bbea5?s=96&d=blank&r=g\",\"contentUrl\":\"https:\\\/\\\/secure.gravatar.com\\\/avatar\\\/05c9a17bc973052ee5d91549bd32fb4dd0dc85b7b85ae94b2e2b4943476bbea5?s=96&d=blank&r=g\",\"caption\":\"Leinewelle\"},\"sameAs\":[\"http:\\\/\\\/localhost\\\/radio%20leinewelle\\\/wordpress\",\"https:\\\/\\\/www.facebook.com\\\/radioleinewelle\",\"https:\\\/\\\/www.instagram.com\\\/radioleinewelle\",\"https:\\\/\\\/x.com\\\/https:\\\/\\\/twitter.com\\\/RLeinewelle?ref_src=twsrcgoogletwcampserptwgrauthor\",\"https:\\\/\\\/soundcloud.com\\\/foerderverein-lokalradio?utm_source=clipboard&utm_medium=text&utm_campaign=social_sharing\"],\"url\":\"https:\\\/\\\/radioleinewelle.de\\\/index.php\\\/author\\\/leinewelle\\\/\"}]}<\/script>\n<!-- \/ Yoast SEO plugin. -->","yoast_head_json":{"title":"Landesregierung setzt klares Zeichen gegen Antisemitismus und f\u00fcr den Schutz j\u00fcdischen Lebens - Radio Leinewelle","robots":{"index":"index","follow":"follow","max-snippet":"max-snippet:-1","max-image-preview":"max-image-preview:large","max-video-preview":"max-video-preview:-1"},"canonical":"https:\/\/radioleinewelle.de\/index.php\/2023\/11\/22\/landesregierung-setzt-klares-zeichen-gegen-antisemitismus-und-fuer-den-schutz-juedischen-lebens\/","og_locale":"de_DE","og_type":"article","og_title":"Landesregierung setzt klares Zeichen gegen Antisemitismus und f\u00fcr den Schutz j\u00fcdischen Lebens - Radio Leinewelle","og_description":"Um Antisemitismus, egal von wem und in welcher Form, zu bek\u00e4mpfen, muss er fr\u00fchzeitig erkannt werden. Gesellschaft und staatliche Akteure m\u00fcssen gezielt f\u00fcr die verschiedenen Erscheinungsformen von Antisemitismus sensibilisiert werden. Das gilt heute umso mehr, als Antisemitismus sich aktuell verst\u00e4rkt und in verschiedenen Auspr\u00e4gungen zeigt und teils auch verdeckt auftritt. Die Nieders\u00e4chsische Landesregierung hat gestern [&hellip;]","og_url":"https:\/\/radioleinewelle.de\/index.php\/2023\/11\/22\/landesregierung-setzt-klares-zeichen-gegen-antisemitismus-und-fuer-den-schutz-juedischen-lebens\/","og_site_name":"Radio Leinewelle","article_publisher":"https:\/\/www.facebook.com\/radioleinewelle","article_author":"https:\/\/www.facebook.com\/radioleinewelle","article_published_time":"2023-11-22T06:29:05+00:00","article_modified_time":"2023-11-22T06:29:07+00:00","og_image":[{"width":1280,"height":850,"url":"https:\/\/radioleinewelle.de\/wp-content\/uploads\/2023\/11\/street-3301729_1280.jpg","type":"image\/jpeg"}],"author":"Leinewelle","twitter_card":"summary_large_image","twitter_creator":"@https:\/\/twitter.com\/RLeinewelle?ref_src=twsrcgoogletwcampserptwgrauthor","twitter_site":"@RLeinewelle","twitter_misc":{"Verfasst von":"Leinewelle","Gesch\u00e4tzte Lesezeit":"2\u00a0Minuten"},"schema":{"@context":"https:\/\/schema.org","@graph":[{"@type":"Article","@id":"https:\/\/radioleinewelle.de\/index.php\/2023\/11\/22\/landesregierung-setzt-klares-zeichen-gegen-antisemitismus-und-fuer-den-schutz-juedischen-lebens\/#article","isPartOf":{"@id":"https:\/\/radioleinewelle.de\/index.php\/2023\/11\/22\/landesregierung-setzt-klares-zeichen-gegen-antisemitismus-und-fuer-den-schutz-juedischen-lebens\/"},"author":{"name":"Leinewelle","@id":"https:\/\/radioleinewelle.de\/#\/schema\/person\/45606f348637df637192dc1b68399a63"},"headline":"Landesregierung setzt klares Zeichen gegen Antisemitismus und f\u00fcr den Schutz j\u00fcdischen Lebens","datePublished":"2023-11-22T06:29:05+00:00","dateModified":"2023-11-22T06:29:07+00:00","mainEntityOfPage":{"@id":"https:\/\/radioleinewelle.de\/index.php\/2023\/11\/22\/landesregierung-setzt-klares-zeichen-gegen-antisemitismus-und-fuer-den-schutz-juedischen-lebens\/"},"wordCount":274,"commentCount":0,"publisher":{"@id":"https:\/\/radioleinewelle.de\/#organization"},"image":{"@id":"https:\/\/radioleinewelle.de\/index.php\/2023\/11\/22\/landesregierung-setzt-klares-zeichen-gegen-antisemitismus-und-fuer-den-schutz-juedischen-lebens\/#primaryimage"},"thumbnailUrl":"https:\/\/radioleinewelle.de\/wp-content\/uploads\/2023\/11\/street-3301729_1280.jpg","keywords":["Antisemitismus","IHRA"],"articleSection":["Aktuelle Nachrichten"],"inLanguage":"de","potentialAction":[{"@type":"CommentAction","name":"Comment","target":["https:\/\/radioleinewelle.de\/index.php\/2023\/11\/22\/landesregierung-setzt-klares-zeichen-gegen-antisemitismus-und-fuer-den-schutz-juedischen-lebens\/#respond"]}]},{"@type":"WebPage","@id":"https:\/\/radioleinewelle.de\/index.php\/2023\/11\/22\/landesregierung-setzt-klares-zeichen-gegen-antisemitismus-und-fuer-den-schutz-juedischen-lebens\/","url":"https:\/\/radioleinewelle.de\/index.php\/2023\/11\/22\/landesregierung-setzt-klares-zeichen-gegen-antisemitismus-und-fuer-den-schutz-juedischen-lebens\/","name":"Landesregierung setzt klares Zeichen gegen Antisemitismus und f\u00fcr den Schutz j\u00fcdischen Lebens - Radio Leinewelle","isPartOf":{"@id":"https:\/\/radioleinewelle.de\/#website"},"primaryImageOfPage":{"@id":"https:\/\/radioleinewelle.de\/index.php\/2023\/11\/22\/landesregierung-setzt-klares-zeichen-gegen-antisemitismus-und-fuer-den-schutz-juedischen-lebens\/#primaryimage"},"image":{"@id":"https:\/\/radioleinewelle.de\/index.php\/2023\/11\/22\/landesregierung-setzt-klares-zeichen-gegen-antisemitismus-und-fuer-den-schutz-juedischen-lebens\/#primaryimage"},"thumbnailUrl":"https:\/\/radioleinewelle.de\/wp-content\/uploads\/2023\/11\/street-3301729_1280.jpg","datePublished":"2023-11-22T06:29:05+00:00","dateModified":"2023-11-22T06:29:07+00:00","breadcrumb":{"@id":"https:\/\/radioleinewelle.de\/index.php\/2023\/11\/22\/landesregierung-setzt-klares-zeichen-gegen-antisemitismus-und-fuer-den-schutz-juedischen-lebens\/#breadcrumb"},"inLanguage":"de","potentialAction":[{"@type":"ReadAction","target":["https:\/\/radioleinewelle.de\/index.php\/2023\/11\/22\/landesregierung-setzt-klares-zeichen-gegen-antisemitismus-und-fuer-den-schutz-juedischen-lebens\/"]}]},{"@type":"ImageObject","inLanguage":"de","@id":"https:\/\/radioleinewelle.de\/index.php\/2023\/11\/22\/landesregierung-setzt-klares-zeichen-gegen-antisemitismus-und-fuer-den-schutz-juedischen-lebens\/#primaryimage","url":"https:\/\/radioleinewelle.de\/wp-content\/uploads\/2023\/11\/street-3301729_1280.jpg","contentUrl":"https:\/\/radioleinewelle.de\/wp-content\/uploads\/2023\/11\/street-3301729_1280.jpg","width":1280,"height":850},{"@type":"BreadcrumbList","@id":"https:\/\/radioleinewelle.de\/index.php\/2023\/11\/22\/landesregierung-setzt-klares-zeichen-gegen-antisemitismus-und-fuer-den-schutz-juedischen-lebens\/#breadcrumb","itemListElement":[{"@type":"ListItem","position":1,"name":"Startseite","item":"https:\/\/radioleinewelle.de\/"},{"@type":"ListItem","position":2,"name":"Landesregierung setzt klares Zeichen gegen Antisemitismus und f\u00fcr den Schutz j\u00fcdischen Lebens"}]},{"@type":"WebSite","@id":"https:\/\/radioleinewelle.de\/#website","url":"https:\/\/radioleinewelle.de\/","name":"Radio Leinewelle","description":"","publisher":{"@id":"https:\/\/radioleinewelle.de\/#organization"},"potentialAction":[{"@type":"SearchAction","target":{"@type":"EntryPoint","urlTemplate":"https:\/\/radioleinewelle.de\/?s={search_term_string}"},"query-input":{"@type":"PropertyValueSpecification","valueRequired":true,"valueName":"search_term_string"}}],"inLanguage":"de"},{"@type":"Organization","@id":"https:\/\/radioleinewelle.de\/#organization","name":"Radio Leinewelle","alternateName":"Mein Radio f\u00fcr S\u00fcdniedersachsen","url":"https:\/\/radioleinewelle.de\/","logo":{"@type":"ImageObject","inLanguage":"de","@id":"https:\/\/radioleinewelle.de\/#\/schema\/logo\/image\/","url":"https:\/\/radioleinewelle.de\/wp-content\/uploads\/2023\/11\/cropped-Leinewelle_Logo_weiss.png","contentUrl":"https:\/\/radioleinewelle.de\/wp-content\/uploads\/2023\/11\/cropped-Leinewelle_Logo_weiss.png","width":854,"height":260,"caption":"Radio Leinewelle"},"image":{"@id":"https:\/\/radioleinewelle.de\/#\/schema\/logo\/image\/"},"sameAs":["https:\/\/www.facebook.com\/radioleinewelle","https:\/\/x.com\/RLeinewelle","https:\/\/www.instagram.com\/radioleinewelle\/?hl=de"]},{"@type":"Person","@id":"https:\/\/radioleinewelle.de\/#\/schema\/person\/45606f348637df637192dc1b68399a63","name":"Leinewelle","image":{"@type":"ImageObject","inLanguage":"de","@id":"https:\/\/secure.gravatar.com\/avatar\/05c9a17bc973052ee5d91549bd32fb4dd0dc85b7b85ae94b2e2b4943476bbea5?s=96&d=blank&r=g","url":"https:\/\/secure.gravatar.com\/avatar\/05c9a17bc973052ee5d91549bd32fb4dd0dc85b7b85ae94b2e2b4943476bbea5?s=96&d=blank&r=g","contentUrl":"https:\/\/secure.gravatar.com\/avatar\/05c9a17bc973052ee5d91549bd32fb4dd0dc85b7b85ae94b2e2b4943476bbea5?s=96&d=blank&r=g","caption":"Leinewelle"},"sameAs":["http:\/\/localhost\/radio%20leinewelle\/wordpress","https:\/\/www.facebook.com\/radioleinewelle","https:\/\/www.instagram.com\/radioleinewelle","https:\/\/x.com\/https:\/\/twitter.com\/RLeinewelle?ref_src=twsrcgoogletwcampserptwgrauthor","https:\/\/soundcloud.com\/foerderverein-lokalradio?utm_source=clipboard&utm_medium=text&utm_campaign=social_sharing"],"url":"https:\/\/radioleinewelle.de\/index.php\/author\/leinewelle\/"}]}},"_links":{"self":[{"href":"https:\/\/radioleinewelle.de\/index.php\/wp-json\/wp\/v2\/posts\/24539","targetHints":{"allow":["GET"]}}],"collection":[{"href":"https:\/\/radioleinewelle.de\/index.php\/wp-json\/wp\/v2\/posts"}],"about":[{"href":"https:\/\/radioleinewelle.de\/index.php\/wp-json\/wp\/v2\/types\/post"}],"author":[{"embeddable":true,"href":"https:\/\/radioleinewelle.de\/index.php\/wp-json\/wp\/v2\/users\/1"}],"replies":[{"embeddable":true,"href":"https:\/\/radioleinewelle.de\/index.php\/wp-json\/wp\/v2\/comments?post=24539"}],"version-history":[{"count":2,"href":"https:\/\/radioleinewelle.de\/index.php\/wp-json\/wp\/v2\/posts\/24539\/revisions"}],"predecessor-version":[{"id":24542,"href":"https:\/\/radioleinewelle.de\/index.php\/wp-json\/wp\/v2\/posts\/24539\/revisions\/24542"}],"wp:featuredmedia":[{"embeddable":true,"href":"https:\/\/radioleinewelle.de\/index.php\/wp-json\/wp\/v2\/media\/24541"}],"wp:attachment":[{"href":"https:\/\/radioleinewelle.de\/index.php\/wp-json\/wp\/v2\/media?parent=24539"}],"wp:term":[{"taxonomy":"category","embeddable":true,"href":"https:\/\/radioleinewelle.de\/index.php\/wp-json\/wp\/v2\/categories?post=24539"},{"taxonomy":"post_tag","embeddable":true,"href":"https:\/\/radioleinewelle.de\/index.php\/wp-json\/wp\/v2\/tags?post=24539"}],"curies":[{"name":"wp","href":"https:\/\/api.w.org\/{rel}","templated":true}]}}