{"id":24548,"date":"2023-11-24T08:01:12","date_gmt":"2023-11-24T07:01:12","guid":{"rendered":"https:\/\/radioleinewelle.de\/?p=24548"},"modified":"2023-11-27T17:22:23","modified_gmt":"2023-11-27T16:22:23","slug":"filmbuero-goettingen-praesentiert-startalk-anekdoten-vom-film","status":"publish","type":"post","link":"https:\/\/radioleinewelle.de\/index.php\/2023\/11\/24\/filmbuero-goettingen-praesentiert-startalk-anekdoten-vom-film\/","title":{"rendered":"Heute Abend: Filmb\u00fcro G\u00f6ttingen pr\u00e4sentiert  \u201eStartalk \u2013 Anekdoten vom Film\u201c"},"content":{"rendered":"\n<p>Im Rahmen derVeranstaltungsreihe 75 Jahre Filmstadt G\u00f6ttingen findet diesen Freitag folgende Veranstaltung im Alten Rathaus statt:\u00a0<strong>\u201eStartalk \u2013 Anekdoten vom Film\u201c<\/strong>\u00a0mit unseren G\u00e4sten\u00a0<strong>Elke Aberle<\/strong>,\u00a0<strong>Kornelia Boje<\/strong>,\u00a0<strong>Brigitte Grothum<\/strong>\u00a0und\u00a0<strong>Frank R\u00f6th<\/strong>. Moderiert wird der Abend von\u00a0<strong>Markus Riese<\/strong>. F\u00fcr gepflegte Getr\u00e4nke sorgt die\u00a0<strong>Weinhandlung Bremer<\/strong>.<\/p>\n\n\n<div class=\"wp-block-image\">\n<figure class=\"aligncenter size-large is-resized\"><img loading=\"lazy\" decoding=\"async\" width=\"725\" height=\"1024\" src=\"https:\/\/radioleinewelle.de\/wp-content\/uploads\/2023\/11\/Plakat-Startalk-Anekdoten-vom-Film-WEB-725x1024.png\" alt=\"\" class=\"wp-image-24550\" style=\"width:430px;height:auto\" srcset=\"https:\/\/radioleinewelle.de\/wp-content\/uploads\/2023\/11\/Plakat-Startalk-Anekdoten-vom-Film-WEB-725x1024.png 725w, https:\/\/radioleinewelle.de\/wp-content\/uploads\/2023\/11\/Plakat-Startalk-Anekdoten-vom-Film-WEB-212x300.png 212w, https:\/\/radioleinewelle.de\/wp-content\/uploads\/2023\/11\/Plakat-Startalk-Anekdoten-vom-Film-WEB-768x1085.png 768w, https:\/\/radioleinewelle.de\/wp-content\/uploads\/2023\/11\/Plakat-Startalk-Anekdoten-vom-Film-WEB-765x1080.png 765w, https:\/\/radioleinewelle.de\/wp-content\/uploads\/2023\/11\/Plakat-Startalk-Anekdoten-vom-Film-WEB.png 853w\" sizes=\"(max-width: 725px) 100vw, 725px\" \/><\/figure>\n<\/div>\n\n\n<p> Beginn ist um 18 Uhr, Einlass ab 17.30 Uhr. Karten zu 10,- Euro (erm\u00e4\u00dfigt: 8,- Euro) gibt&#8217;s ab sofort in der\u00a0<strong>Stadtbibliothek G\u00f6ttingen<\/strong>, die den H\u00f6hepunkt des diesj\u00e4hrigen Jubil\u00e4umsprogramms gemeinsam mit uns pr\u00e4sentiert.\u00a0<em>\u00d6ffnungszeiten: montags, dienstags, donnerstags und freitags jeweils von 10 bis 19 Uhr, samstags von 10 bis 16 Uhr, mittwochs geschlossen.<\/em><\/p>\n\n\n\n<p>Mehr unter: <a href=\"http:\/\/filmstadt-goettingen.de\">filmstadt-goettingen.de<\/a><\/p>\n\n\n\n<p><strong>Foto und Plakat:<\/strong> Filmb\u00fcro G\u00f6ttingen<\/p>\n","protected":false},"excerpt":{"rendered":"<p>Im Rahmen derVeranstaltungsreihe 75 Jahre Filmstadt G\u00f6ttingen findet diesen Freitag folgende Veranstaltung im Alten Rathaus statt:\u00a0\u201eStartalk \u2013 Anekdoten vom Film\u201c\u00a0mit unseren G\u00e4sten\u00a0Elke Aberle,\u00a0Kornelia Boje,\u00a0Brigitte Grothum\u00a0und\u00a0Frank R\u00f6th. Moderiert wird der Abend von\u00a0Markus Riese. F\u00fcr gepflegte Getr\u00e4nke sorgt die\u00a0Weinhandlung Bremer. Beginn ist um 18 Uhr, Einlass ab 17.30 Uhr. Karten zu 10,- Euro (erm\u00e4\u00dfigt: 8,- Euro) gibt&#8217;s [&hellip;]<\/p>\n","protected":false},"author":1,"featured_media":24552,"comment_status":"open","ping_status":"open","sticky":false,"template":"","format":"standard","meta":{"saved_in_kubio":false,"footnotes":""},"categories":[41],"tags":[],"class_list":["post-24548","post","type-post","status-publish","format-standard","has-post-thumbnail","hentry","category-veranstaltungen"],"yoast_head":"<!-- This site is optimized with the Yoast SEO plugin v27.5 - https:\/\/yoast.com\/product\/yoast-seo-wordpress\/ -->\n<title>Heute Abend: Filmb\u00fcro G\u00f6ttingen pr\u00e4sentiert \u201eStartalk \u2013 Anekdoten vom Film\u201c - Radio Leinewelle<\/title>\n<meta name=\"robots\" content=\"index, follow, max-snippet:-1, max-image-preview:large, max-video-preview:-1\" \/>\n<link rel=\"canonical\" href=\"https:\/\/radioleinewelle.de\/index.php\/2023\/11\/24\/filmbuero-goettingen-praesentiert-startalk-anekdoten-vom-film\/\" \/>\n<meta property=\"og:locale\" content=\"de_DE\" \/>\n<meta property=\"og:type\" content=\"article\" \/>\n<meta property=\"og:title\" content=\"Heute Abend: Filmb\u00fcro G\u00f6ttingen pr\u00e4sentiert \u201eStartalk \u2013 Anekdoten vom Film\u201c - Radio Leinewelle\" \/>\n<meta property=\"og:description\" content=\"Im Rahmen derVeranstaltungsreihe 75 Jahre Filmstadt G\u00f6ttingen findet diesen Freitag folgende Veranstaltung im Alten Rathaus statt:\u00a0\u201eStartalk \u2013 Anekdoten vom Film\u201c\u00a0mit unseren G\u00e4sten\u00a0Elke Aberle,\u00a0Kornelia Boje,\u00a0Brigitte Grothum\u00a0und\u00a0Frank R\u00f6th. Moderiert wird der Abend von\u00a0Markus Riese. F\u00fcr gepflegte Getr\u00e4nke sorgt die\u00a0Weinhandlung Bremer. Beginn ist um 18 Uhr, Einlass ab 17.30 Uhr. Karten zu 10,- Euro (erm\u00e4\u00dfigt: 8,- Euro) gibt&#8217;s [&hellip;]\" \/>\n<meta property=\"og:url\" content=\"https:\/\/radioleinewelle.de\/index.php\/2023\/11\/24\/filmbuero-goettingen-praesentiert-startalk-anekdoten-vom-film\/\" \/>\n<meta property=\"og:site_name\" content=\"Radio Leinewelle\" \/>\n<meta property=\"article:publisher\" content=\"https:\/\/www.facebook.com\/radioleinewelle\" \/>\n<meta property=\"article:author\" content=\"https:\/\/www.facebook.com\/radioleinewelle\" \/>\n<meta property=\"article:published_time\" content=\"2023-11-24T07:01:12+00:00\" \/>\n<meta property=\"article:modified_time\" content=\"2023-11-27T16:22:23+00:00\" \/>\n<meta property=\"og:image\" content=\"https:\/\/radioleinewelle.de\/wp-content\/uploads\/2023\/11\/Elke-Aberle-mit-Heinz-Erhardt-1-957-\u00a9-Slg.-Stefan-Helfrich-scaled.jpeg\" \/>\n\t<meta property=\"og:image:width\" content=\"2560\" \/>\n\t<meta property=\"og:image:height\" content=\"1807\" \/>\n\t<meta property=\"og:image:type\" content=\"image\/jpeg\" \/>\n<meta name=\"author\" content=\"Leinewelle\" \/>\n<meta name=\"twitter:card\" content=\"summary_large_image\" \/>\n<meta name=\"twitter:creator\" content=\"@https:\/\/twitter.com\/RLeinewelle?ref_src=twsrcgoogletwcampserptwgrauthor\" \/>\n<meta name=\"twitter:site\" content=\"@RLeinewelle\" \/>\n<meta name=\"twitter:label1\" content=\"Verfasst von\" \/>\n\t<meta name=\"twitter:data1\" content=\"Leinewelle\" \/>\n<script type=\"application\/ld+json\" class=\"yoast-schema-graph\">{\"@context\":\"https:\\\/\\\/schema.org\",\"@graph\":[{\"@type\":\"Article\",\"@id\":\"https:\\\/\\\/radioleinewelle.de\\\/index.php\\\/2023\\\/11\\\/24\\\/filmbuero-goettingen-praesentiert-startalk-anekdoten-vom-film\\\/#article\",\"isPartOf\":{\"@id\":\"https:\\\/\\\/radioleinewelle.de\\\/index.php\\\/2023\\\/11\\\/24\\\/filmbuero-goettingen-praesentiert-startalk-anekdoten-vom-film\\\/\"},\"author\":{\"name\":\"Leinewelle\",\"@id\":\"https:\\\/\\\/radioleinewelle.de\\\/#\\\/schema\\\/person\\\/45606f348637df637192dc1b68399a63\"},\"headline\":\"Heute Abend: Filmb\u00fcro G\u00f6ttingen pr\u00e4sentiert \u201eStartalk \u2013 Anekdoten vom Film\u201c\",\"datePublished\":\"2023-11-24T07:01:12+00:00\",\"dateModified\":\"2023-11-27T16:22:23+00:00\",\"mainEntityOfPage\":{\"@id\":\"https:\\\/\\\/radioleinewelle.de\\\/index.php\\\/2023\\\/11\\\/24\\\/filmbuero-goettingen-praesentiert-startalk-anekdoten-vom-film\\\/\"},\"wordCount\":127,\"commentCount\":0,\"publisher\":{\"@id\":\"https:\\\/\\\/radioleinewelle.de\\\/#organization\"},\"image\":{\"@id\":\"https:\\\/\\\/radioleinewelle.de\\\/index.php\\\/2023\\\/11\\\/24\\\/filmbuero-goettingen-praesentiert-startalk-anekdoten-vom-film\\\/#primaryimage\"},\"thumbnailUrl\":\"https:\\\/\\\/radioleinewelle.de\\\/wp-content\\\/uploads\\\/2023\\\/11\\\/Elke-Aberle-mit-Heinz-Erhardt-1-957-\u00a9-Slg.-Stefan-Helfrich-scaled.jpeg\",\"articleSection\":[\"Veranstaltungen\"],\"inLanguage\":\"de\",\"potentialAction\":[{\"@type\":\"CommentAction\",\"name\":\"Comment\",\"target\":[\"https:\\\/\\\/radioleinewelle.de\\\/index.php\\\/2023\\\/11\\\/24\\\/filmbuero-goettingen-praesentiert-startalk-anekdoten-vom-film\\\/#respond\"]}]},{\"@type\":\"WebPage\",\"@id\":\"https:\\\/\\\/radioleinewelle.de\\\/index.php\\\/2023\\\/11\\\/24\\\/filmbuero-goettingen-praesentiert-startalk-anekdoten-vom-film\\\/\",\"url\":\"https:\\\/\\\/radioleinewelle.de\\\/index.php\\\/2023\\\/11\\\/24\\\/filmbuero-goettingen-praesentiert-startalk-anekdoten-vom-film\\\/\",\"name\":\"Heute Abend: Filmb\u00fcro G\u00f6ttingen pr\u00e4sentiert \u201eStartalk \u2013 Anekdoten vom Film\u201c - Radio Leinewelle\",\"isPartOf\":{\"@id\":\"https:\\\/\\\/radioleinewelle.de\\\/#website\"},\"primaryImageOfPage\":{\"@id\":\"https:\\\/\\\/radioleinewelle.de\\\/index.php\\\/2023\\\/11\\\/24\\\/filmbuero-goettingen-praesentiert-startalk-anekdoten-vom-film\\\/#primaryimage\"},\"image\":{\"@id\":\"https:\\\/\\\/radioleinewelle.de\\\/index.php\\\/2023\\\/11\\\/24\\\/filmbuero-goettingen-praesentiert-startalk-anekdoten-vom-film\\\/#primaryimage\"},\"thumbnailUrl\":\"https:\\\/\\\/radioleinewelle.de\\\/wp-content\\\/uploads\\\/2023\\\/11\\\/Elke-Aberle-mit-Heinz-Erhardt-1-957-\u00a9-Slg.-Stefan-Helfrich-scaled.jpeg\",\"datePublished\":\"2023-11-24T07:01:12+00:00\",\"dateModified\":\"2023-11-27T16:22:23+00:00\",\"breadcrumb\":{\"@id\":\"https:\\\/\\\/radioleinewelle.de\\\/index.php\\\/2023\\\/11\\\/24\\\/filmbuero-goettingen-praesentiert-startalk-anekdoten-vom-film\\\/#breadcrumb\"},\"inLanguage\":\"de\",\"potentialAction\":[{\"@type\":\"ReadAction\",\"target\":[\"https:\\\/\\\/radioleinewelle.de\\\/index.php\\\/2023\\\/11\\\/24\\\/filmbuero-goettingen-praesentiert-startalk-anekdoten-vom-film\\\/\"]}]},{\"@type\":\"ImageObject\",\"inLanguage\":\"de\",\"@id\":\"https:\\\/\\\/radioleinewelle.de\\\/index.php\\\/2023\\\/11\\\/24\\\/filmbuero-goettingen-praesentiert-startalk-anekdoten-vom-film\\\/#primaryimage\",\"url\":\"https:\\\/\\\/radioleinewelle.de\\\/wp-content\\\/uploads\\\/2023\\\/11\\\/Elke-Aberle-mit-Heinz-Erhardt-1-957-\u00a9-Slg.-Stefan-Helfrich-scaled.jpeg\",\"contentUrl\":\"https:\\\/\\\/radioleinewelle.de\\\/wp-content\\\/uploads\\\/2023\\\/11\\\/Elke-Aberle-mit-Heinz-Erhardt-1-957-\u00a9-Slg.-Stefan-Helfrich-scaled.jpeg\",\"width\":2560,\"height\":1807},{\"@type\":\"BreadcrumbList\",\"@id\":\"https:\\\/\\\/radioleinewelle.de\\\/index.php\\\/2023\\\/11\\\/24\\\/filmbuero-goettingen-praesentiert-startalk-anekdoten-vom-film\\\/#breadcrumb\",\"itemListElement\":[{\"@type\":\"ListItem\",\"position\":1,\"name\":\"Startseite\",\"item\":\"https:\\\/\\\/radioleinewelle.de\\\/\"},{\"@type\":\"ListItem\",\"position\":2,\"name\":\"Heute Abend: Filmb\u00fcro G\u00f6ttingen pr\u00e4sentiert \u201eStartalk \u2013 Anekdoten vom Film\u201c\"}]},{\"@type\":\"WebSite\",\"@id\":\"https:\\\/\\\/radioleinewelle.de\\\/#website\",\"url\":\"https:\\\/\\\/radioleinewelle.de\\\/\",\"name\":\"Radio Leinewelle\",\"description\":\"\",\"publisher\":{\"@id\":\"https:\\\/\\\/radioleinewelle.de\\\/#organization\"},\"potentialAction\":[{\"@type\":\"SearchAction\",\"target\":{\"@type\":\"EntryPoint\",\"urlTemplate\":\"https:\\\/\\\/radioleinewelle.de\\\/?s={search_term_string}\"},\"query-input\":{\"@type\":\"PropertyValueSpecification\",\"valueRequired\":true,\"valueName\":\"search_term_string\"}}],\"inLanguage\":\"de\"},{\"@type\":\"Organization\",\"@id\":\"https:\\\/\\\/radioleinewelle.de\\\/#organization\",\"name\":\"Radio Leinewelle\",\"alternateName\":\"Mein Radio f\u00fcr S\u00fcdniedersachsen\",\"url\":\"https:\\\/\\\/radioleinewelle.de\\\/\",\"logo\":{\"@type\":\"ImageObject\",\"inLanguage\":\"de\",\"@id\":\"https:\\\/\\\/radioleinewelle.de\\\/#\\\/schema\\\/logo\\\/image\\\/\",\"url\":\"https:\\\/\\\/radioleinewelle.de\\\/wp-content\\\/uploads\\\/2023\\\/11\\\/cropped-Leinewelle_Logo_weiss.png\",\"contentUrl\":\"https:\\\/\\\/radioleinewelle.de\\\/wp-content\\\/uploads\\\/2023\\\/11\\\/cropped-Leinewelle_Logo_weiss.png\",\"width\":854,\"height\":260,\"caption\":\"Radio Leinewelle\"},\"image\":{\"@id\":\"https:\\\/\\\/radioleinewelle.de\\\/#\\\/schema\\\/logo\\\/image\\\/\"},\"sameAs\":[\"https:\\\/\\\/www.facebook.com\\\/radioleinewelle\",\"https:\\\/\\\/x.com\\\/RLeinewelle\",\"https:\\\/\\\/www.instagram.com\\\/radioleinewelle\\\/?hl=de\"]},{\"@type\":\"Person\",\"@id\":\"https:\\\/\\\/radioleinewelle.de\\\/#\\\/schema\\\/person\\\/45606f348637df637192dc1b68399a63\",\"name\":\"Leinewelle\",\"image\":{\"@type\":\"ImageObject\",\"inLanguage\":\"de\",\"@id\":\"https:\\\/\\\/secure.gravatar.com\\\/avatar\\\/05c9a17bc973052ee5d91549bd32fb4dd0dc85b7b85ae94b2e2b4943476bbea5?s=96&d=blank&r=g\",\"url\":\"https:\\\/\\\/secure.gravatar.com\\\/avatar\\\/05c9a17bc973052ee5d91549bd32fb4dd0dc85b7b85ae94b2e2b4943476bbea5?s=96&d=blank&r=g\",\"contentUrl\":\"https:\\\/\\\/secure.gravatar.com\\\/avatar\\\/05c9a17bc973052ee5d91549bd32fb4dd0dc85b7b85ae94b2e2b4943476bbea5?s=96&d=blank&r=g\",\"caption\":\"Leinewelle\"},\"sameAs\":[\"http:\\\/\\\/localhost\\\/radio%20leinewelle\\\/wordpress\",\"https:\\\/\\\/www.facebook.com\\\/radioleinewelle\",\"https:\\\/\\\/www.instagram.com\\\/radioleinewelle\",\"https:\\\/\\\/x.com\\\/https:\\\/\\\/twitter.com\\\/RLeinewelle?ref_src=twsrcgoogletwcampserptwgrauthor\",\"https:\\\/\\\/soundcloud.com\\\/foerderverein-lokalradio?utm_source=clipboard&utm_medium=text&utm_campaign=social_sharing\"],\"url\":\"https:\\\/\\\/radioleinewelle.de\\\/index.php\\\/author\\\/leinewelle\\\/\"}]}<\/script>\n<!-- \/ Yoast SEO plugin. -->","yoast_head_json":{"title":"Heute Abend: Filmb\u00fcro G\u00f6ttingen pr\u00e4sentiert \u201eStartalk \u2013 Anekdoten vom Film\u201c - Radio Leinewelle","robots":{"index":"index","follow":"follow","max-snippet":"max-snippet:-1","max-image-preview":"max-image-preview:large","max-video-preview":"max-video-preview:-1"},"canonical":"https:\/\/radioleinewelle.de\/index.php\/2023\/11\/24\/filmbuero-goettingen-praesentiert-startalk-anekdoten-vom-film\/","og_locale":"de_DE","og_type":"article","og_title":"Heute Abend: Filmb\u00fcro G\u00f6ttingen pr\u00e4sentiert \u201eStartalk \u2013 Anekdoten vom Film\u201c - Radio Leinewelle","og_description":"Im Rahmen derVeranstaltungsreihe 75 Jahre Filmstadt G\u00f6ttingen findet diesen Freitag folgende Veranstaltung im Alten Rathaus statt:\u00a0\u201eStartalk \u2013 Anekdoten vom Film\u201c\u00a0mit unseren G\u00e4sten\u00a0Elke Aberle,\u00a0Kornelia Boje,\u00a0Brigitte Grothum\u00a0und\u00a0Frank R\u00f6th. Moderiert wird der Abend von\u00a0Markus Riese. F\u00fcr gepflegte Getr\u00e4nke sorgt die\u00a0Weinhandlung Bremer. Beginn ist um 18 Uhr, Einlass ab 17.30 Uhr. Karten zu 10,- Euro (erm\u00e4\u00dfigt: 8,- Euro) gibt&#8217;s [&hellip;]","og_url":"https:\/\/radioleinewelle.de\/index.php\/2023\/11\/24\/filmbuero-goettingen-praesentiert-startalk-anekdoten-vom-film\/","og_site_name":"Radio Leinewelle","article_publisher":"https:\/\/www.facebook.com\/radioleinewelle","article_author":"https:\/\/www.facebook.com\/radioleinewelle","article_published_time":"2023-11-24T07:01:12+00:00","article_modified_time":"2023-11-27T16:22:23+00:00","og_image":[{"width":2560,"height":1807,"url":"https:\/\/radioleinewelle.de\/wp-content\/uploads\/2023\/11\/Elke-Aberle-mit-Heinz-Erhardt-1-957-\u00a9-Slg.-Stefan-Helfrich-scaled.jpeg","type":"image\/jpeg"}],"author":"Leinewelle","twitter_card":"summary_large_image","twitter_creator":"@https:\/\/twitter.com\/RLeinewelle?ref_src=twsrcgoogletwcampserptwgrauthor","twitter_site":"@RLeinewelle","twitter_misc":{"Verfasst von":"Leinewelle"},"schema":{"@context":"https:\/\/schema.org","@graph":[{"@type":"Article","@id":"https:\/\/radioleinewelle.de\/index.php\/2023\/11\/24\/filmbuero-goettingen-praesentiert-startalk-anekdoten-vom-film\/#article","isPartOf":{"@id":"https:\/\/radioleinewelle.de\/index.php\/2023\/11\/24\/filmbuero-goettingen-praesentiert-startalk-anekdoten-vom-film\/"},"author":{"name":"Leinewelle","@id":"https:\/\/radioleinewelle.de\/#\/schema\/person\/45606f348637df637192dc1b68399a63"},"headline":"Heute Abend: Filmb\u00fcro G\u00f6ttingen pr\u00e4sentiert \u201eStartalk \u2013 Anekdoten vom Film\u201c","datePublished":"2023-11-24T07:01:12+00:00","dateModified":"2023-11-27T16:22:23+00:00","mainEntityOfPage":{"@id":"https:\/\/radioleinewelle.de\/index.php\/2023\/11\/24\/filmbuero-goettingen-praesentiert-startalk-anekdoten-vom-film\/"},"wordCount":127,"commentCount":0,"publisher":{"@id":"https:\/\/radioleinewelle.de\/#organization"},"image":{"@id":"https:\/\/radioleinewelle.de\/index.php\/2023\/11\/24\/filmbuero-goettingen-praesentiert-startalk-anekdoten-vom-film\/#primaryimage"},"thumbnailUrl":"https:\/\/radioleinewelle.de\/wp-content\/uploads\/2023\/11\/Elke-Aberle-mit-Heinz-Erhardt-1-957-\u00a9-Slg.-Stefan-Helfrich-scaled.jpeg","articleSection":["Veranstaltungen"],"inLanguage":"de","potentialAction":[{"@type":"CommentAction","name":"Comment","target":["https:\/\/radioleinewelle.de\/index.php\/2023\/11\/24\/filmbuero-goettingen-praesentiert-startalk-anekdoten-vom-film\/#respond"]}]},{"@type":"WebPage","@id":"https:\/\/radioleinewelle.de\/index.php\/2023\/11\/24\/filmbuero-goettingen-praesentiert-startalk-anekdoten-vom-film\/","url":"https:\/\/radioleinewelle.de\/index.php\/2023\/11\/24\/filmbuero-goettingen-praesentiert-startalk-anekdoten-vom-film\/","name":"Heute Abend: Filmb\u00fcro G\u00f6ttingen pr\u00e4sentiert \u201eStartalk \u2013 Anekdoten vom Film\u201c - Radio Leinewelle","isPartOf":{"@id":"https:\/\/radioleinewelle.de\/#website"},"primaryImageOfPage":{"@id":"https:\/\/radioleinewelle.de\/index.php\/2023\/11\/24\/filmbuero-goettingen-praesentiert-startalk-anekdoten-vom-film\/#primaryimage"},"image":{"@id":"https:\/\/radioleinewelle.de\/index.php\/2023\/11\/24\/filmbuero-goettingen-praesentiert-startalk-anekdoten-vom-film\/#primaryimage"},"thumbnailUrl":"https:\/\/radioleinewelle.de\/wp-content\/uploads\/2023\/11\/Elke-Aberle-mit-Heinz-Erhardt-1-957-\u00a9-Slg.-Stefan-Helfrich-scaled.jpeg","datePublished":"2023-11-24T07:01:12+00:00","dateModified":"2023-11-27T16:22:23+00:00","breadcrumb":{"@id":"https:\/\/radioleinewelle.de\/index.php\/2023\/11\/24\/filmbuero-goettingen-praesentiert-startalk-anekdoten-vom-film\/#breadcrumb"},"inLanguage":"de","potentialAction":[{"@type":"ReadAction","target":["https:\/\/radioleinewelle.de\/index.php\/2023\/11\/24\/filmbuero-goettingen-praesentiert-startalk-anekdoten-vom-film\/"]}]},{"@type":"ImageObject","inLanguage":"de","@id":"https:\/\/radioleinewelle.de\/index.php\/2023\/11\/24\/filmbuero-goettingen-praesentiert-startalk-anekdoten-vom-film\/#primaryimage","url":"https:\/\/radioleinewelle.de\/wp-content\/uploads\/2023\/11\/Elke-Aberle-mit-Heinz-Erhardt-1-957-\u00a9-Slg.-Stefan-Helfrich-scaled.jpeg","contentUrl":"https:\/\/radioleinewelle.de\/wp-content\/uploads\/2023\/11\/Elke-Aberle-mit-Heinz-Erhardt-1-957-\u00a9-Slg.-Stefan-Helfrich-scaled.jpeg","width":2560,"height":1807},{"@type":"BreadcrumbList","@id":"https:\/\/radioleinewelle.de\/index.php\/2023\/11\/24\/filmbuero-goettingen-praesentiert-startalk-anekdoten-vom-film\/#breadcrumb","itemListElement":[{"@type":"ListItem","position":1,"name":"Startseite","item":"https:\/\/radioleinewelle.de\/"},{"@type":"ListItem","position":2,"name":"Heute Abend: Filmb\u00fcro G\u00f6ttingen pr\u00e4sentiert \u201eStartalk \u2013 Anekdoten vom Film\u201c"}]},{"@type":"WebSite","@id":"https:\/\/radioleinewelle.de\/#website","url":"https:\/\/radioleinewelle.de\/","name":"Radio Leinewelle","description":"","publisher":{"@id":"https:\/\/radioleinewelle.de\/#organization"},"potentialAction":[{"@type":"SearchAction","target":{"@type":"EntryPoint","urlTemplate":"https:\/\/radioleinewelle.de\/?s={search_term_string}"},"query-input":{"@type":"PropertyValueSpecification","valueRequired":true,"valueName":"search_term_string"}}],"inLanguage":"de"},{"@type":"Organization","@id":"https:\/\/radioleinewelle.de\/#organization","name":"Radio Leinewelle","alternateName":"Mein Radio f\u00fcr S\u00fcdniedersachsen","url":"https:\/\/radioleinewelle.de\/","logo":{"@type":"ImageObject","inLanguage":"de","@id":"https:\/\/radioleinewelle.de\/#\/schema\/logo\/image\/","url":"https:\/\/radioleinewelle.de\/wp-content\/uploads\/2023\/11\/cropped-Leinewelle_Logo_weiss.png","contentUrl":"https:\/\/radioleinewelle.de\/wp-content\/uploads\/2023\/11\/cropped-Leinewelle_Logo_weiss.png","width":854,"height":260,"caption":"Radio Leinewelle"},"image":{"@id":"https:\/\/radioleinewelle.de\/#\/schema\/logo\/image\/"},"sameAs":["https:\/\/www.facebook.com\/radioleinewelle","https:\/\/x.com\/RLeinewelle","https:\/\/www.instagram.com\/radioleinewelle\/?hl=de"]},{"@type":"Person","@id":"https:\/\/radioleinewelle.de\/#\/schema\/person\/45606f348637df637192dc1b68399a63","name":"Leinewelle","image":{"@type":"ImageObject","inLanguage":"de","@id":"https:\/\/secure.gravatar.com\/avatar\/05c9a17bc973052ee5d91549bd32fb4dd0dc85b7b85ae94b2e2b4943476bbea5?s=96&d=blank&r=g","url":"https:\/\/secure.gravatar.com\/avatar\/05c9a17bc973052ee5d91549bd32fb4dd0dc85b7b85ae94b2e2b4943476bbea5?s=96&d=blank&r=g","contentUrl":"https:\/\/secure.gravatar.com\/avatar\/05c9a17bc973052ee5d91549bd32fb4dd0dc85b7b85ae94b2e2b4943476bbea5?s=96&d=blank&r=g","caption":"Leinewelle"},"sameAs":["http:\/\/localhost\/radio%20leinewelle\/wordpress","https:\/\/www.facebook.com\/radioleinewelle","https:\/\/www.instagram.com\/radioleinewelle","https:\/\/x.com\/https:\/\/twitter.com\/RLeinewelle?ref_src=twsrcgoogletwcampserptwgrauthor","https:\/\/soundcloud.com\/foerderverein-lokalradio?utm_source=clipboard&utm_medium=text&utm_campaign=social_sharing"],"url":"https:\/\/radioleinewelle.de\/index.php\/author\/leinewelle\/"}]}},"_links":{"self":[{"href":"https:\/\/radioleinewelle.de\/index.php\/wp-json\/wp\/v2\/posts\/24548","targetHints":{"allow":["GET"]}}],"collection":[{"href":"https:\/\/radioleinewelle.de\/index.php\/wp-json\/wp\/v2\/posts"}],"about":[{"href":"https:\/\/radioleinewelle.de\/index.php\/wp-json\/wp\/v2\/types\/post"}],"author":[{"embeddable":true,"href":"https:\/\/radioleinewelle.de\/index.php\/wp-json\/wp\/v2\/users\/1"}],"replies":[{"embeddable":true,"href":"https:\/\/radioleinewelle.de\/index.php\/wp-json\/wp\/v2\/comments?post=24548"}],"version-history":[{"count":5,"href":"https:\/\/radioleinewelle.de\/index.php\/wp-json\/wp\/v2\/posts\/24548\/revisions"}],"predecessor-version":[{"id":24560,"href":"https:\/\/radioleinewelle.de\/index.php\/wp-json\/wp\/v2\/posts\/24548\/revisions\/24560"}],"wp:featuredmedia":[{"embeddable":true,"href":"https:\/\/radioleinewelle.de\/index.php\/wp-json\/wp\/v2\/media\/24552"}],"wp:attachment":[{"href":"https:\/\/radioleinewelle.de\/index.php\/wp-json\/wp\/v2\/media?parent=24548"}],"wp:term":[{"taxonomy":"category","embeddable":true,"href":"https:\/\/radioleinewelle.de\/index.php\/wp-json\/wp\/v2\/categories?post=24548"},{"taxonomy":"post_tag","embeddable":true,"href":"https:\/\/radioleinewelle.de\/index.php\/wp-json\/wp\/v2\/tags?post=24548"}],"curies":[{"name":"wp","href":"https:\/\/api.w.org\/{rel}","templated":true}]}}