{"id":24561,"date":"2023-11-23T10:45:00","date_gmt":"2023-11-23T09:45:00","guid":{"rendered":"https:\/\/radioleinewelle.de\/?p=24561"},"modified":"2023-11-24T11:10:07","modified_gmt":"2023-11-24T10:10:07","slug":"umg-leuchtet-am-welt-fruehgeborenen-tag","status":"publish","type":"post","link":"https:\/\/radioleinewelle.de\/index.php\/2023\/11\/23\/umg-leuchtet-am-welt-fruehgeborenen-tag\/","title":{"rendered":"UMG leuchtet am Welt-Fr\u00fchgeborenen Tag"},"content":{"rendered":"\n<p>Kleine L\u00f6wen e.V. und die Neonatologie der Klinik f\u00fcr P\u00e4diatrische Kardiologie, Intensivmedizin und Neonatologie der Universit\u00e4tsmedizin G\u00f6ttingen (UMG) organisierten anl\u00e4sslich des Welt-Fr\u00fchgeborenen-Tags am 17. November 2023 einen Laternenumzug um das lila beleuchtete Klinikum.<\/p>\n\n\n\n<p><strong> \u201eDort oben leuchten die Sterne, hier unten leuchten wir\u201c<\/strong><br> Am Welt-Fr\u00fchgeborenen-Tag erhellten viele gro\u00dfe und kleine Laternenl\u00e4ufer<em>innen ihren Weg rund um das Universit\u00e4tsklinikum \u2013 darunter viele ehemalige Patient<\/em>innen sowie Maskottchen Pauli aus der Kinderherzklinik der Universit\u00e4tsmedizin G\u00f6ttingen (UMG).  Unter den kleinen Laternenl\u00e4uferinnen sind auch Vinn und Derik. Die Zwillinge sind am 28. Februar 2020 in der 28. Schwangerschaftswoche in der UMG zur Welt gekommen. Mutter Vanessa Lasota aus Seulingen begleitete ihr heute dreieinhalb Jahre alten S\u00f6hne. Sie sind zwei der j\u00e4hrlich fast 70.000 Fr\u00fchgeborenen in Deutschland. Damit sind Fr\u00fchgeborene die gr\u00f6\u00dfte Kinderpatientinnengruppe Deutschlands. Dennoch werden Probleme und Risiken dieser Kinder f\u00fcr die weitere Entwicklung h\u00e4ufig nicht in entsprechendem Ma\u00df wahrgenommen. Daher machen weltweit j\u00e4hrlich am 17. November Elternvertreter*innen auf die Belange von Fr\u00fchgeborenen und ihren Familien aufmerksam.<\/p>\n\n\n\n<p><em>\u201eMit dieser Aktion m\u00f6chten wir ein Zeichen setzen. Denn eines von zehn Neugeborenen ist ein Fr\u00fchgeborenes. Diese Kinder ben\u00f6tigen besondere Unterst\u00fctzung beim Start in ihr Leben\u201c<\/em><br><strong>Priv. Doz. Dr. Jana Dieks, Klinik f\u00fcr P\u00e4diatrische Kardiologie, UMG<\/strong><\/p>\n\n\n\n<blockquote class=\"wp-block-quote is-layout-flow wp-block-quote-is-layout-flow\">\n<p><strong>UMG leuchtet in purpurnem Licht<\/strong><br>Aus diesem Anlass leuchteten daher nicht nur die Laternen hell, sondern auch die UMG im lila Licht, der Farbe der Aktion \u201ePurple for Preemies\u201c, initiiert von der amerikanischen Organisation March of Dimes. <\/p>\n\n\n\n<p><strong>Hintergrundinformationen<\/strong><br>In der Neonatologie im Perinatalzentrum (Level 1) der UMG werden Kinder behandelt, die zu fr\u00fch zur Welt kommen oder aufgrund einer Anpassungsst\u00f6rung, einer Infektion oder einer anderen Erkrankung medizinische Betreuung ben\u00f6tigen. In enger Zusammenarbeit mit der Geburtshilfe der Klinik f\u00fcr Gyn\u00e4kologie und Geburtshilfe der UMG k\u00fcmmert sich ein Team aus Neonatolog*innen und Kinderkrankenpflegekr\u00e4ften um die Kinder und ihre Eltern. Der Verein Kleine L\u00f6wen e.V. unterst\u00fctzt und ber\u00e4t Eltern Fr\u00fchgeborener und arbeitet dabei eng mit dem Team der Neonatologie der UMG zusammen.<\/p>\n<\/blockquote>\n\n\n\n<p>Weitere Informationen:<\/p>\n\n\n\n<ul class=\"wp-block-list\">\n<li>Neonatologie der UMG: <a href=\"http:\/\/herzzentrum.umg.eu\/neonatologie\/\">herzzentrum.umg.eu\/neonatologie\/<\/a><\/li>\n\n\n\n<li>Kleine L\u00f6wen e.V.: <a href=\"http:\/\/kleineloewen.de\">kleineloewen.de<\/a><\/li>\n<\/ul>\n\n\n\n<p><strong>Foto:<\/strong> umg\/hzg<\/p>\n","protected":false},"excerpt":{"rendered":"<p>Kleine L\u00f6wen e.V. und die Neonatologie der Klinik f\u00fcr P\u00e4diatrische Kardiologie, Intensivmedizin und Neonatologie der Universit\u00e4tsmedizin G\u00f6ttingen (UMG) organisierten anl\u00e4sslich des Welt-Fr\u00fchgeborenen-Tags am 17. November 2023 einen Laternenumzug um das lila beleuchtete Klinikum. \u201eDort oben leuchten die Sterne, hier unten leuchten wir\u201c Am Welt-Fr\u00fchgeborenen-Tag erhellten viele gro\u00dfe und kleine Laternenl\u00e4uferinnen ihren Weg rund um das [&hellip;]<\/p>\n","protected":false},"author":1,"featured_media":24566,"comment_status":"open","ping_status":"open","sticky":true,"template":"","format":"standard","meta":{"saved_in_kubio":false,"footnotes":""},"categories":[35],"tags":[],"class_list":["post-24561","post","type-post","status-publish","format-standard","has-post-thumbnail","hentry","category-universitaet"],"yoast_head":"<!-- This site is optimized with the Yoast SEO plugin v27.5 - https:\/\/yoast.com\/product\/yoast-seo-wordpress\/ -->\n<title>UMG leuchtet am Welt-Fr\u00fchgeborenen Tag - Radio Leinewelle<\/title>\n<meta name=\"robots\" content=\"index, follow, max-snippet:-1, max-image-preview:large, max-video-preview:-1\" \/>\n<link rel=\"canonical\" href=\"https:\/\/radioleinewelle.de\/index.php\/2023\/11\/23\/umg-leuchtet-am-welt-fruehgeborenen-tag\/\" \/>\n<meta property=\"og:locale\" content=\"de_DE\" \/>\n<meta property=\"og:type\" content=\"article\" \/>\n<meta property=\"og:title\" content=\"UMG leuchtet am Welt-Fr\u00fchgeborenen Tag - Radio Leinewelle\" \/>\n<meta property=\"og:description\" content=\"Kleine L\u00f6wen e.V. und die Neonatologie der Klinik f\u00fcr P\u00e4diatrische Kardiologie, Intensivmedizin und Neonatologie der Universit\u00e4tsmedizin G\u00f6ttingen (UMG) organisierten anl\u00e4sslich des Welt-Fr\u00fchgeborenen-Tags am 17. November 2023 einen Laternenumzug um das lila beleuchtete Klinikum. \u201eDort oben leuchten die Sterne, hier unten leuchten wir\u201c Am Welt-Fr\u00fchgeborenen-Tag erhellten viele gro\u00dfe und kleine Laternenl\u00e4uferinnen ihren Weg rund um das [&hellip;]\" \/>\n<meta property=\"og:url\" content=\"https:\/\/radioleinewelle.de\/index.php\/2023\/11\/23\/umg-leuchtet-am-welt-fruehgeborenen-tag\/\" \/>\n<meta property=\"og:site_name\" content=\"Radio Leinewelle\" \/>\n<meta property=\"article:publisher\" content=\"https:\/\/www.facebook.com\/radioleinewelle\" \/>\n<meta property=\"article:author\" content=\"https:\/\/www.facebook.com\/radioleinewelle\" \/>\n<meta property=\"article:published_time\" content=\"2023-11-23T09:45:00+00:00\" \/>\n<meta property=\"article:modified_time\" content=\"2023-11-24T10:10:07+00:00\" \/>\n<meta property=\"og:image\" content=\"https:\/\/radioleinewelle.de\/wp-content\/uploads\/2023\/11\/PIC-145_Pauli_Luftballons_Querformat_klein-1.jpg\" \/>\n\t<meta property=\"og:image:width\" content=\"1181\" \/>\n\t<meta property=\"og:image:height\" content=\"787\" \/>\n\t<meta property=\"og:image:type\" content=\"image\/jpeg\" \/>\n<meta name=\"author\" content=\"Leinewelle\" \/>\n<meta name=\"twitter:card\" content=\"summary_large_image\" \/>\n<meta name=\"twitter:creator\" content=\"@https:\/\/twitter.com\/RLeinewelle?ref_src=twsrcgoogletwcampserptwgrauthor\" \/>\n<meta name=\"twitter:site\" content=\"@RLeinewelle\" \/>\n<meta name=\"twitter:label1\" content=\"Verfasst von\" \/>\n\t<meta name=\"twitter:data1\" content=\"Leinewelle\" \/>\n\t<meta name=\"twitter:label2\" content=\"Gesch\u00e4tzte Lesezeit\" \/>\n\t<meta name=\"twitter:data2\" content=\"2\u00a0Minuten\" \/>\n<script type=\"application\/ld+json\" class=\"yoast-schema-graph\">{\"@context\":\"https:\\\/\\\/schema.org\",\"@graph\":[{\"@type\":\"Article\",\"@id\":\"https:\\\/\\\/radioleinewelle.de\\\/index.php\\\/2023\\\/11\\\/23\\\/umg-leuchtet-am-welt-fruehgeborenen-tag\\\/#article\",\"isPartOf\":{\"@id\":\"https:\\\/\\\/radioleinewelle.de\\\/index.php\\\/2023\\\/11\\\/23\\\/umg-leuchtet-am-welt-fruehgeborenen-tag\\\/\"},\"author\":{\"name\":\"Leinewelle\",\"@id\":\"https:\\\/\\\/radioleinewelle.de\\\/#\\\/schema\\\/person\\\/45606f348637df637192dc1b68399a63\"},\"headline\":\"UMG leuchtet am Welt-Fr\u00fchgeborenen Tag\",\"datePublished\":\"2023-11-23T09:45:00+00:00\",\"dateModified\":\"2023-11-24T10:10:07+00:00\",\"mainEntityOfPage\":{\"@id\":\"https:\\\/\\\/radioleinewelle.de\\\/index.php\\\/2023\\\/11\\\/23\\\/umg-leuchtet-am-welt-fruehgeborenen-tag\\\/\"},\"wordCount\":375,\"commentCount\":0,\"publisher\":{\"@id\":\"https:\\\/\\\/radioleinewelle.de\\\/#organization\"},\"image\":{\"@id\":\"https:\\\/\\\/radioleinewelle.de\\\/index.php\\\/2023\\\/11\\\/23\\\/umg-leuchtet-am-welt-fruehgeborenen-tag\\\/#primaryimage\"},\"thumbnailUrl\":\"https:\\\/\\\/radioleinewelle.de\\\/wp-content\\\/uploads\\\/2023\\\/11\\\/PIC-145_Pauli_Luftballons_Querformat_klein-1.jpg\",\"articleSection\":[\"Universit\u00e4t\"],\"inLanguage\":\"de\",\"potentialAction\":[{\"@type\":\"CommentAction\",\"name\":\"Comment\",\"target\":[\"https:\\\/\\\/radioleinewelle.de\\\/index.php\\\/2023\\\/11\\\/23\\\/umg-leuchtet-am-welt-fruehgeborenen-tag\\\/#respond\"]}]},{\"@type\":\"WebPage\",\"@id\":\"https:\\\/\\\/radioleinewelle.de\\\/index.php\\\/2023\\\/11\\\/23\\\/umg-leuchtet-am-welt-fruehgeborenen-tag\\\/\",\"url\":\"https:\\\/\\\/radioleinewelle.de\\\/index.php\\\/2023\\\/11\\\/23\\\/umg-leuchtet-am-welt-fruehgeborenen-tag\\\/\",\"name\":\"UMG leuchtet am Welt-Fr\u00fchgeborenen Tag - Radio Leinewelle\",\"isPartOf\":{\"@id\":\"https:\\\/\\\/radioleinewelle.de\\\/#website\"},\"primaryImageOfPage\":{\"@id\":\"https:\\\/\\\/radioleinewelle.de\\\/index.php\\\/2023\\\/11\\\/23\\\/umg-leuchtet-am-welt-fruehgeborenen-tag\\\/#primaryimage\"},\"image\":{\"@id\":\"https:\\\/\\\/radioleinewelle.de\\\/index.php\\\/2023\\\/11\\\/23\\\/umg-leuchtet-am-welt-fruehgeborenen-tag\\\/#primaryimage\"},\"thumbnailUrl\":\"https:\\\/\\\/radioleinewelle.de\\\/wp-content\\\/uploads\\\/2023\\\/11\\\/PIC-145_Pauli_Luftballons_Querformat_klein-1.jpg\",\"datePublished\":\"2023-11-23T09:45:00+00:00\",\"dateModified\":\"2023-11-24T10:10:07+00:00\",\"breadcrumb\":{\"@id\":\"https:\\\/\\\/radioleinewelle.de\\\/index.php\\\/2023\\\/11\\\/23\\\/umg-leuchtet-am-welt-fruehgeborenen-tag\\\/#breadcrumb\"},\"inLanguage\":\"de\",\"potentialAction\":[{\"@type\":\"ReadAction\",\"target\":[\"https:\\\/\\\/radioleinewelle.de\\\/index.php\\\/2023\\\/11\\\/23\\\/umg-leuchtet-am-welt-fruehgeborenen-tag\\\/\"]}]},{\"@type\":\"ImageObject\",\"inLanguage\":\"de\",\"@id\":\"https:\\\/\\\/radioleinewelle.de\\\/index.php\\\/2023\\\/11\\\/23\\\/umg-leuchtet-am-welt-fruehgeborenen-tag\\\/#primaryimage\",\"url\":\"https:\\\/\\\/radioleinewelle.de\\\/wp-content\\\/uploads\\\/2023\\\/11\\\/PIC-145_Pauli_Luftballons_Querformat_klein-1.jpg\",\"contentUrl\":\"https:\\\/\\\/radioleinewelle.de\\\/wp-content\\\/uploads\\\/2023\\\/11\\\/PIC-145_Pauli_Luftballons_Querformat_klein-1.jpg\",\"width\":1181,\"height\":787},{\"@type\":\"BreadcrumbList\",\"@id\":\"https:\\\/\\\/radioleinewelle.de\\\/index.php\\\/2023\\\/11\\\/23\\\/umg-leuchtet-am-welt-fruehgeborenen-tag\\\/#breadcrumb\",\"itemListElement\":[{\"@type\":\"ListItem\",\"position\":1,\"name\":\"Startseite\",\"item\":\"https:\\\/\\\/radioleinewelle.de\\\/\"},{\"@type\":\"ListItem\",\"position\":2,\"name\":\"UMG leuchtet am Welt-Fr\u00fchgeborenen Tag\"}]},{\"@type\":\"WebSite\",\"@id\":\"https:\\\/\\\/radioleinewelle.de\\\/#website\",\"url\":\"https:\\\/\\\/radioleinewelle.de\\\/\",\"name\":\"Radio Leinewelle\",\"description\":\"\",\"publisher\":{\"@id\":\"https:\\\/\\\/radioleinewelle.de\\\/#organization\"},\"potentialAction\":[{\"@type\":\"SearchAction\",\"target\":{\"@type\":\"EntryPoint\",\"urlTemplate\":\"https:\\\/\\\/radioleinewelle.de\\\/?s={search_term_string}\"},\"query-input\":{\"@type\":\"PropertyValueSpecification\",\"valueRequired\":true,\"valueName\":\"search_term_string\"}}],\"inLanguage\":\"de\"},{\"@type\":\"Organization\",\"@id\":\"https:\\\/\\\/radioleinewelle.de\\\/#organization\",\"name\":\"Radio Leinewelle\",\"alternateName\":\"Mein Radio f\u00fcr S\u00fcdniedersachsen\",\"url\":\"https:\\\/\\\/radioleinewelle.de\\\/\",\"logo\":{\"@type\":\"ImageObject\",\"inLanguage\":\"de\",\"@id\":\"https:\\\/\\\/radioleinewelle.de\\\/#\\\/schema\\\/logo\\\/image\\\/\",\"url\":\"https:\\\/\\\/radioleinewelle.de\\\/wp-content\\\/uploads\\\/2023\\\/11\\\/cropped-Leinewelle_Logo_weiss.png\",\"contentUrl\":\"https:\\\/\\\/radioleinewelle.de\\\/wp-content\\\/uploads\\\/2023\\\/11\\\/cropped-Leinewelle_Logo_weiss.png\",\"width\":854,\"height\":260,\"caption\":\"Radio Leinewelle\"},\"image\":{\"@id\":\"https:\\\/\\\/radioleinewelle.de\\\/#\\\/schema\\\/logo\\\/image\\\/\"},\"sameAs\":[\"https:\\\/\\\/www.facebook.com\\\/radioleinewelle\",\"https:\\\/\\\/x.com\\\/RLeinewelle\",\"https:\\\/\\\/www.instagram.com\\\/radioleinewelle\\\/?hl=de\"]},{\"@type\":\"Person\",\"@id\":\"https:\\\/\\\/radioleinewelle.de\\\/#\\\/schema\\\/person\\\/45606f348637df637192dc1b68399a63\",\"name\":\"Leinewelle\",\"image\":{\"@type\":\"ImageObject\",\"inLanguage\":\"de\",\"@id\":\"https:\\\/\\\/secure.gravatar.com\\\/avatar\\\/05c9a17bc973052ee5d91549bd32fb4dd0dc85b7b85ae94b2e2b4943476bbea5?s=96&d=blank&r=g\",\"url\":\"https:\\\/\\\/secure.gravatar.com\\\/avatar\\\/05c9a17bc973052ee5d91549bd32fb4dd0dc85b7b85ae94b2e2b4943476bbea5?s=96&d=blank&r=g\",\"contentUrl\":\"https:\\\/\\\/secure.gravatar.com\\\/avatar\\\/05c9a17bc973052ee5d91549bd32fb4dd0dc85b7b85ae94b2e2b4943476bbea5?s=96&d=blank&r=g\",\"caption\":\"Leinewelle\"},\"sameAs\":[\"http:\\\/\\\/localhost\\\/radio%20leinewelle\\\/wordpress\",\"https:\\\/\\\/www.facebook.com\\\/radioleinewelle\",\"https:\\\/\\\/www.instagram.com\\\/radioleinewelle\",\"https:\\\/\\\/x.com\\\/https:\\\/\\\/twitter.com\\\/RLeinewelle?ref_src=twsrcgoogletwcampserptwgrauthor\",\"https:\\\/\\\/soundcloud.com\\\/foerderverein-lokalradio?utm_source=clipboard&utm_medium=text&utm_campaign=social_sharing\"],\"url\":\"https:\\\/\\\/radioleinewelle.de\\\/index.php\\\/author\\\/leinewelle\\\/\"}]}<\/script>\n<!-- \/ Yoast SEO plugin. -->","yoast_head_json":{"title":"UMG leuchtet am Welt-Fr\u00fchgeborenen Tag - Radio Leinewelle","robots":{"index":"index","follow":"follow","max-snippet":"max-snippet:-1","max-image-preview":"max-image-preview:large","max-video-preview":"max-video-preview:-1"},"canonical":"https:\/\/radioleinewelle.de\/index.php\/2023\/11\/23\/umg-leuchtet-am-welt-fruehgeborenen-tag\/","og_locale":"de_DE","og_type":"article","og_title":"UMG leuchtet am Welt-Fr\u00fchgeborenen Tag - Radio Leinewelle","og_description":"Kleine L\u00f6wen e.V. und die Neonatologie der Klinik f\u00fcr P\u00e4diatrische Kardiologie, Intensivmedizin und Neonatologie der Universit\u00e4tsmedizin G\u00f6ttingen (UMG) organisierten anl\u00e4sslich des Welt-Fr\u00fchgeborenen-Tags am 17. November 2023 einen Laternenumzug um das lila beleuchtete Klinikum. \u201eDort oben leuchten die Sterne, hier unten leuchten wir\u201c Am Welt-Fr\u00fchgeborenen-Tag erhellten viele gro\u00dfe und kleine Laternenl\u00e4uferinnen ihren Weg rund um das [&hellip;]","og_url":"https:\/\/radioleinewelle.de\/index.php\/2023\/11\/23\/umg-leuchtet-am-welt-fruehgeborenen-tag\/","og_site_name":"Radio Leinewelle","article_publisher":"https:\/\/www.facebook.com\/radioleinewelle","article_author":"https:\/\/www.facebook.com\/radioleinewelle","article_published_time":"2023-11-23T09:45:00+00:00","article_modified_time":"2023-11-24T10:10:07+00:00","og_image":[{"width":1181,"height":787,"url":"https:\/\/radioleinewelle.de\/wp-content\/uploads\/2023\/11\/PIC-145_Pauli_Luftballons_Querformat_klein-1.jpg","type":"image\/jpeg"}],"author":"Leinewelle","twitter_card":"summary_large_image","twitter_creator":"@https:\/\/twitter.com\/RLeinewelle?ref_src=twsrcgoogletwcampserptwgrauthor","twitter_site":"@RLeinewelle","twitter_misc":{"Verfasst von":"Leinewelle","Gesch\u00e4tzte Lesezeit":"2\u00a0Minuten"},"schema":{"@context":"https:\/\/schema.org","@graph":[{"@type":"Article","@id":"https:\/\/radioleinewelle.de\/index.php\/2023\/11\/23\/umg-leuchtet-am-welt-fruehgeborenen-tag\/#article","isPartOf":{"@id":"https:\/\/radioleinewelle.de\/index.php\/2023\/11\/23\/umg-leuchtet-am-welt-fruehgeborenen-tag\/"},"author":{"name":"Leinewelle","@id":"https:\/\/radioleinewelle.de\/#\/schema\/person\/45606f348637df637192dc1b68399a63"},"headline":"UMG leuchtet am Welt-Fr\u00fchgeborenen Tag","datePublished":"2023-11-23T09:45:00+00:00","dateModified":"2023-11-24T10:10:07+00:00","mainEntityOfPage":{"@id":"https:\/\/radioleinewelle.de\/index.php\/2023\/11\/23\/umg-leuchtet-am-welt-fruehgeborenen-tag\/"},"wordCount":375,"commentCount":0,"publisher":{"@id":"https:\/\/radioleinewelle.de\/#organization"},"image":{"@id":"https:\/\/radioleinewelle.de\/index.php\/2023\/11\/23\/umg-leuchtet-am-welt-fruehgeborenen-tag\/#primaryimage"},"thumbnailUrl":"https:\/\/radioleinewelle.de\/wp-content\/uploads\/2023\/11\/PIC-145_Pauli_Luftballons_Querformat_klein-1.jpg","articleSection":["Universit\u00e4t"],"inLanguage":"de","potentialAction":[{"@type":"CommentAction","name":"Comment","target":["https:\/\/radioleinewelle.de\/index.php\/2023\/11\/23\/umg-leuchtet-am-welt-fruehgeborenen-tag\/#respond"]}]},{"@type":"WebPage","@id":"https:\/\/radioleinewelle.de\/index.php\/2023\/11\/23\/umg-leuchtet-am-welt-fruehgeborenen-tag\/","url":"https:\/\/radioleinewelle.de\/index.php\/2023\/11\/23\/umg-leuchtet-am-welt-fruehgeborenen-tag\/","name":"UMG leuchtet am Welt-Fr\u00fchgeborenen Tag - Radio Leinewelle","isPartOf":{"@id":"https:\/\/radioleinewelle.de\/#website"},"primaryImageOfPage":{"@id":"https:\/\/radioleinewelle.de\/index.php\/2023\/11\/23\/umg-leuchtet-am-welt-fruehgeborenen-tag\/#primaryimage"},"image":{"@id":"https:\/\/radioleinewelle.de\/index.php\/2023\/11\/23\/umg-leuchtet-am-welt-fruehgeborenen-tag\/#primaryimage"},"thumbnailUrl":"https:\/\/radioleinewelle.de\/wp-content\/uploads\/2023\/11\/PIC-145_Pauli_Luftballons_Querformat_klein-1.jpg","datePublished":"2023-11-23T09:45:00+00:00","dateModified":"2023-11-24T10:10:07+00:00","breadcrumb":{"@id":"https:\/\/radioleinewelle.de\/index.php\/2023\/11\/23\/umg-leuchtet-am-welt-fruehgeborenen-tag\/#breadcrumb"},"inLanguage":"de","potentialAction":[{"@type":"ReadAction","target":["https:\/\/radioleinewelle.de\/index.php\/2023\/11\/23\/umg-leuchtet-am-welt-fruehgeborenen-tag\/"]}]},{"@type":"ImageObject","inLanguage":"de","@id":"https:\/\/radioleinewelle.de\/index.php\/2023\/11\/23\/umg-leuchtet-am-welt-fruehgeborenen-tag\/#primaryimage","url":"https:\/\/radioleinewelle.de\/wp-content\/uploads\/2023\/11\/PIC-145_Pauli_Luftballons_Querformat_klein-1.jpg","contentUrl":"https:\/\/radioleinewelle.de\/wp-content\/uploads\/2023\/11\/PIC-145_Pauli_Luftballons_Querformat_klein-1.jpg","width":1181,"height":787},{"@type":"BreadcrumbList","@id":"https:\/\/radioleinewelle.de\/index.php\/2023\/11\/23\/umg-leuchtet-am-welt-fruehgeborenen-tag\/#breadcrumb","itemListElement":[{"@type":"ListItem","position":1,"name":"Startseite","item":"https:\/\/radioleinewelle.de\/"},{"@type":"ListItem","position":2,"name":"UMG leuchtet am Welt-Fr\u00fchgeborenen Tag"}]},{"@type":"WebSite","@id":"https:\/\/radioleinewelle.de\/#website","url":"https:\/\/radioleinewelle.de\/","name":"Radio Leinewelle","description":"","publisher":{"@id":"https:\/\/radioleinewelle.de\/#organization"},"potentialAction":[{"@type":"SearchAction","target":{"@type":"EntryPoint","urlTemplate":"https:\/\/radioleinewelle.de\/?s={search_term_string}"},"query-input":{"@type":"PropertyValueSpecification","valueRequired":true,"valueName":"search_term_string"}}],"inLanguage":"de"},{"@type":"Organization","@id":"https:\/\/radioleinewelle.de\/#organization","name":"Radio Leinewelle","alternateName":"Mein Radio f\u00fcr S\u00fcdniedersachsen","url":"https:\/\/radioleinewelle.de\/","logo":{"@type":"ImageObject","inLanguage":"de","@id":"https:\/\/radioleinewelle.de\/#\/schema\/logo\/image\/","url":"https:\/\/radioleinewelle.de\/wp-content\/uploads\/2023\/11\/cropped-Leinewelle_Logo_weiss.png","contentUrl":"https:\/\/radioleinewelle.de\/wp-content\/uploads\/2023\/11\/cropped-Leinewelle_Logo_weiss.png","width":854,"height":260,"caption":"Radio Leinewelle"},"image":{"@id":"https:\/\/radioleinewelle.de\/#\/schema\/logo\/image\/"},"sameAs":["https:\/\/www.facebook.com\/radioleinewelle","https:\/\/x.com\/RLeinewelle","https:\/\/www.instagram.com\/radioleinewelle\/?hl=de"]},{"@type":"Person","@id":"https:\/\/radioleinewelle.de\/#\/schema\/person\/45606f348637df637192dc1b68399a63","name":"Leinewelle","image":{"@type":"ImageObject","inLanguage":"de","@id":"https:\/\/secure.gravatar.com\/avatar\/05c9a17bc973052ee5d91549bd32fb4dd0dc85b7b85ae94b2e2b4943476bbea5?s=96&d=blank&r=g","url":"https:\/\/secure.gravatar.com\/avatar\/05c9a17bc973052ee5d91549bd32fb4dd0dc85b7b85ae94b2e2b4943476bbea5?s=96&d=blank&r=g","contentUrl":"https:\/\/secure.gravatar.com\/avatar\/05c9a17bc973052ee5d91549bd32fb4dd0dc85b7b85ae94b2e2b4943476bbea5?s=96&d=blank&r=g","caption":"Leinewelle"},"sameAs":["http:\/\/localhost\/radio%20leinewelle\/wordpress","https:\/\/www.facebook.com\/radioleinewelle","https:\/\/www.instagram.com\/radioleinewelle","https:\/\/x.com\/https:\/\/twitter.com\/RLeinewelle?ref_src=twsrcgoogletwcampserptwgrauthor","https:\/\/soundcloud.com\/foerderverein-lokalradio?utm_source=clipboard&utm_medium=text&utm_campaign=social_sharing"],"url":"https:\/\/radioleinewelle.de\/index.php\/author\/leinewelle\/"}]}},"_links":{"self":[{"href":"https:\/\/radioleinewelle.de\/index.php\/wp-json\/wp\/v2\/posts\/24561","targetHints":{"allow":["GET"]}}],"collection":[{"href":"https:\/\/radioleinewelle.de\/index.php\/wp-json\/wp\/v2\/posts"}],"about":[{"href":"https:\/\/radioleinewelle.de\/index.php\/wp-json\/wp\/v2\/types\/post"}],"author":[{"embeddable":true,"href":"https:\/\/radioleinewelle.de\/index.php\/wp-json\/wp\/v2\/users\/1"}],"replies":[{"embeddable":true,"href":"https:\/\/radioleinewelle.de\/index.php\/wp-json\/wp\/v2\/comments?post=24561"}],"version-history":[{"count":10,"href":"https:\/\/radioleinewelle.de\/index.php\/wp-json\/wp\/v2\/posts\/24561\/revisions"}],"predecessor-version":[{"id":24576,"href":"https:\/\/radioleinewelle.de\/index.php\/wp-json\/wp\/v2\/posts\/24561\/revisions\/24576"}],"wp:featuredmedia":[{"embeddable":true,"href":"https:\/\/radioleinewelle.de\/index.php\/wp-json\/wp\/v2\/media\/24566"}],"wp:attachment":[{"href":"https:\/\/radioleinewelle.de\/index.php\/wp-json\/wp\/v2\/media?parent=24561"}],"wp:term":[{"taxonomy":"category","embeddable":true,"href":"https:\/\/radioleinewelle.de\/index.php\/wp-json\/wp\/v2\/categories?post=24561"},{"taxonomy":"post_tag","embeddable":true,"href":"https:\/\/radioleinewelle.de\/index.php\/wp-json\/wp\/v2\/tags?post=24561"}],"curies":[{"name":"wp","href":"https:\/\/api.w.org\/{rel}","templated":true}]}}