{"id":24625,"date":"2023-11-30T11:31:45","date_gmt":"2023-11-30T10:31:45","guid":{"rendered":"https:\/\/radioleinewelle.de\/?p=24625"},"modified":"2023-11-30T11:31:46","modified_gmt":"2023-11-30T10:31:46","slug":"un-klimakonferenz-jugenddelegierte-zum-ersten-mal-teil-der-offiziellen-deutschen-delegation","status":"publish","type":"post","link":"https:\/\/radioleinewelle.de\/index.php\/2023\/11\/30\/un-klimakonferenz-jugenddelegierte-zum-ersten-mal-teil-der-offiziellen-deutschen-delegation\/","title":{"rendered":"UN-Klimakonferenz: Jugenddelegierte zum ersten Mal Teil der offiziellen deutschen Delegation"},"content":{"rendered":"\n<p><strong><em>Zum ersten Mal in der Geschichte der Bundesrepublik wird in diesem Jahr eine deutsche Jugenddelegation als Teil der offiziellen deutschen Delegation an der Weltklimakonferenz teilnehmen, um die Stimmen junger Menschen im Rahmen der COP28 einzubringen. Dar\u00fcber hinaus soll sie in Dubai eine beratende Funktion f\u00fcr die Vertreter:innen der deutschen Bundesregierung und Bundesbeh\u00f6rden einnehmen. Die drei Jugenddelegierten \u2013 Carla Kienel (NAJU Naturschutzjugend im NABU), Leon Janas (BUNDjugend) und Dante Davis (BUNDjugend) \u2013 wollen dabei insbesondere Aspekte zivilgesellschaftlicher Partizipation und Klimagerechtigkeit hervorheben.<\/em><\/strong><\/p>\n\n\n\n<p>Unmittelbar vor der Reise der Delegation nach Dubai empfing Staatssekret\u00e4rin Jennifer Morgan die drei Jugenddelegierten sowie weitere Mitglieder der Arbeitsgruppe Jugend &amp; Klimaau\u00dfenpolitik im Ausw\u00e4rtigen Amt zur \u00dcbergabe eines\u00a0<strong><a href=\"https:\/\/www.progressives-zentrum.org\/wp-content\/uploads\/2023\/11\/231120_Climate_Action_Paper.pdf\">Climate Action Papers<\/a><\/strong>, in dem die AG Forderungen f\u00fcr eine generationengerechte Klimaau\u00dfenpolitik formuliert. Dabei betonte Jennifer Morgan, wie wichtig die Teilnahme der Jugenddelegation ist: \u201cJunge Menschen haben entschieden dazu beigetragen, dass das Thema Klimaschutz oben auf der Regierungsagenda steht. Als zivilgesellschaftliches Korrektiv ist ihre Perspektive sowohl f\u00fcr unsere Arbeit als auch f\u00fcr die gesamtgesellschaftliche Debatte wichtig. Durch die erstmalige Beteiligung einer Jugenddelegation m\u00f6chten wir die Stimme und die Expertise junger Menschen st\u00e4rker in den Aushandlungsprozess der COP28 einbinden.\u201d<\/p>\n\n\n\n<p><strong>Foto:<\/strong>\u00a0(Photo by COP28 \/ Mahmoud Khaled)<\/p>\n\n\n\n<p><\/p>\n","protected":false},"excerpt":{"rendered":"<p>Zum ersten Mal in der Geschichte der Bundesrepublik wird in diesem Jahr eine deutsche Jugenddelegation als Teil der offiziellen deutschen Delegation an der Weltklimakonferenz teilnehmen, um die Stimmen junger Menschen im Rahmen der COP28 einzubringen. Dar\u00fcber hinaus soll sie in Dubai eine beratende Funktion f\u00fcr die Vertreter:innen der deutschen Bundesregierung und Bundesbeh\u00f6rden einnehmen. Die drei [&hellip;]<\/p>\n","protected":false},"author":1,"featured_media":24628,"comment_status":"open","ping_status":"open","sticky":true,"template":"","format":"standard","meta":{"saved_in_kubio":false,"footnotes":""},"categories":[1,520,32],"tags":[],"class_list":["post-24625","post","type-post","status-publish","format-standard","has-post-thumbnail","hentry","category-allgemein","category-klimawandel","category-natur-umwelt"],"yoast_head":"<!-- This site is optimized with the Yoast SEO plugin v27.5 - https:\/\/yoast.com\/product\/yoast-seo-wordpress\/ -->\n<title>UN-Klimakonferenz: Jugenddelegierte zum ersten Mal Teil der offiziellen deutschen Delegation - Radio Leinewelle<\/title>\n<meta name=\"robots\" content=\"index, follow, max-snippet:-1, max-image-preview:large, max-video-preview:-1\" \/>\n<link rel=\"canonical\" href=\"https:\/\/radioleinewelle.de\/index.php\/2023\/11\/30\/un-klimakonferenz-jugenddelegierte-zum-ersten-mal-teil-der-offiziellen-deutschen-delegation\/\" \/>\n<meta property=\"og:locale\" content=\"de_DE\" \/>\n<meta property=\"og:type\" content=\"article\" \/>\n<meta property=\"og:title\" content=\"UN-Klimakonferenz: Jugenddelegierte zum ersten Mal Teil der offiziellen deutschen Delegation - Radio Leinewelle\" \/>\n<meta property=\"og:description\" content=\"Zum ersten Mal in der Geschichte der Bundesrepublik wird in diesem Jahr eine deutsche Jugenddelegation als Teil der offiziellen deutschen Delegation an der Weltklimakonferenz teilnehmen, um die Stimmen junger Menschen im Rahmen der COP28 einzubringen. Dar\u00fcber hinaus soll sie in Dubai eine beratende Funktion f\u00fcr die Vertreter:innen der deutschen Bundesregierung und Bundesbeh\u00f6rden einnehmen. Die drei [&hellip;]\" \/>\n<meta property=\"og:url\" content=\"https:\/\/radioleinewelle.de\/index.php\/2023\/11\/30\/un-klimakonferenz-jugenddelegierte-zum-ersten-mal-teil-der-offiziellen-deutschen-delegation\/\" \/>\n<meta property=\"og:site_name\" content=\"Radio Leinewelle\" \/>\n<meta property=\"article:publisher\" content=\"https:\/\/www.facebook.com\/radioleinewelle\" \/>\n<meta property=\"article:author\" content=\"https:\/\/www.facebook.com\/radioleinewelle\" \/>\n<meta property=\"article:published_time\" content=\"2023-11-30T10:31:45+00:00\" \/>\n<meta property=\"article:modified_time\" content=\"2023-11-30T10:31:46+00:00\" \/>\n<meta property=\"og:image\" content=\"https:\/\/radioleinewelle.de\/wp-content\/uploads\/2023\/11\/53365691971_2e4cb65279_c.jpg\" \/>\n\t<meta property=\"og:image:width\" content=\"799\" \/>\n\t<meta property=\"og:image:height\" content=\"533\" \/>\n\t<meta property=\"og:image:type\" content=\"image\/jpeg\" \/>\n<meta name=\"author\" content=\"Leinewelle\" \/>\n<meta name=\"twitter:card\" content=\"summary_large_image\" \/>\n<meta name=\"twitter:creator\" content=\"@https:\/\/twitter.com\/RLeinewelle?ref_src=twsrcgoogletwcampserptwgrauthor\" \/>\n<meta name=\"twitter:site\" content=\"@RLeinewelle\" \/>\n<meta name=\"twitter:label1\" content=\"Verfasst von\" \/>\n\t<meta name=\"twitter:data1\" content=\"Leinewelle\" \/>\n\t<meta name=\"twitter:label2\" content=\"Gesch\u00e4tzte Lesezeit\" \/>\n\t<meta name=\"twitter:data2\" content=\"2\u00a0Minuten\" \/>\n<script type=\"application\/ld+json\" class=\"yoast-schema-graph\">{\"@context\":\"https:\\\/\\\/schema.org\",\"@graph\":[{\"@type\":\"Article\",\"@id\":\"https:\\\/\\\/radioleinewelle.de\\\/index.php\\\/2023\\\/11\\\/30\\\/un-klimakonferenz-jugenddelegierte-zum-ersten-mal-teil-der-offiziellen-deutschen-delegation\\\/#article\",\"isPartOf\":{\"@id\":\"https:\\\/\\\/radioleinewelle.de\\\/index.php\\\/2023\\\/11\\\/30\\\/un-klimakonferenz-jugenddelegierte-zum-ersten-mal-teil-der-offiziellen-deutschen-delegation\\\/\"},\"author\":{\"name\":\"Leinewelle\",\"@id\":\"https:\\\/\\\/radioleinewelle.de\\\/#\\\/schema\\\/person\\\/45606f348637df637192dc1b68399a63\"},\"headline\":\"UN-Klimakonferenz: Jugenddelegierte zum ersten Mal Teil der offiziellen deutschen Delegation\",\"datePublished\":\"2023-11-30T10:31:45+00:00\",\"dateModified\":\"2023-11-30T10:31:46+00:00\",\"mainEntityOfPage\":{\"@id\":\"https:\\\/\\\/radioleinewelle.de\\\/index.php\\\/2023\\\/11\\\/30\\\/un-klimakonferenz-jugenddelegierte-zum-ersten-mal-teil-der-offiziellen-deutschen-delegation\\\/\"},\"wordCount\":214,\"commentCount\":0,\"publisher\":{\"@id\":\"https:\\\/\\\/radioleinewelle.de\\\/#organization\"},\"image\":{\"@id\":\"https:\\\/\\\/radioleinewelle.de\\\/index.php\\\/2023\\\/11\\\/30\\\/un-klimakonferenz-jugenddelegierte-zum-ersten-mal-teil-der-offiziellen-deutschen-delegation\\\/#primaryimage\"},\"thumbnailUrl\":\"https:\\\/\\\/radioleinewelle.de\\\/wp-content\\\/uploads\\\/2023\\\/11\\\/53365691971_2e4cb65279_c.jpg\",\"articleSection\":{\"1\":\"Klimawandel\",\"2\":\"Natur &amp; Umwelt\"},\"inLanguage\":\"de\",\"potentialAction\":[{\"@type\":\"CommentAction\",\"name\":\"Comment\",\"target\":[\"https:\\\/\\\/radioleinewelle.de\\\/index.php\\\/2023\\\/11\\\/30\\\/un-klimakonferenz-jugenddelegierte-zum-ersten-mal-teil-der-offiziellen-deutschen-delegation\\\/#respond\"]}]},{\"@type\":\"WebPage\",\"@id\":\"https:\\\/\\\/radioleinewelle.de\\\/index.php\\\/2023\\\/11\\\/30\\\/un-klimakonferenz-jugenddelegierte-zum-ersten-mal-teil-der-offiziellen-deutschen-delegation\\\/\",\"url\":\"https:\\\/\\\/radioleinewelle.de\\\/index.php\\\/2023\\\/11\\\/30\\\/un-klimakonferenz-jugenddelegierte-zum-ersten-mal-teil-der-offiziellen-deutschen-delegation\\\/\",\"name\":\"UN-Klimakonferenz: Jugenddelegierte zum ersten Mal Teil der offiziellen deutschen Delegation - Radio Leinewelle\",\"isPartOf\":{\"@id\":\"https:\\\/\\\/radioleinewelle.de\\\/#website\"},\"primaryImageOfPage\":{\"@id\":\"https:\\\/\\\/radioleinewelle.de\\\/index.php\\\/2023\\\/11\\\/30\\\/un-klimakonferenz-jugenddelegierte-zum-ersten-mal-teil-der-offiziellen-deutschen-delegation\\\/#primaryimage\"},\"image\":{\"@id\":\"https:\\\/\\\/radioleinewelle.de\\\/index.php\\\/2023\\\/11\\\/30\\\/un-klimakonferenz-jugenddelegierte-zum-ersten-mal-teil-der-offiziellen-deutschen-delegation\\\/#primaryimage\"},\"thumbnailUrl\":\"https:\\\/\\\/radioleinewelle.de\\\/wp-content\\\/uploads\\\/2023\\\/11\\\/53365691971_2e4cb65279_c.jpg\",\"datePublished\":\"2023-11-30T10:31:45+00:00\",\"dateModified\":\"2023-11-30T10:31:46+00:00\",\"breadcrumb\":{\"@id\":\"https:\\\/\\\/radioleinewelle.de\\\/index.php\\\/2023\\\/11\\\/30\\\/un-klimakonferenz-jugenddelegierte-zum-ersten-mal-teil-der-offiziellen-deutschen-delegation\\\/#breadcrumb\"},\"inLanguage\":\"de\",\"potentialAction\":[{\"@type\":\"ReadAction\",\"target\":[\"https:\\\/\\\/radioleinewelle.de\\\/index.php\\\/2023\\\/11\\\/30\\\/un-klimakonferenz-jugenddelegierte-zum-ersten-mal-teil-der-offiziellen-deutschen-delegation\\\/\"]}]},{\"@type\":\"ImageObject\",\"inLanguage\":\"de\",\"@id\":\"https:\\\/\\\/radioleinewelle.de\\\/index.php\\\/2023\\\/11\\\/30\\\/un-klimakonferenz-jugenddelegierte-zum-ersten-mal-teil-der-offiziellen-deutschen-delegation\\\/#primaryimage\",\"url\":\"https:\\\/\\\/radioleinewelle.de\\\/wp-content\\\/uploads\\\/2023\\\/11\\\/53365691971_2e4cb65279_c.jpg\",\"contentUrl\":\"https:\\\/\\\/radioleinewelle.de\\\/wp-content\\\/uploads\\\/2023\\\/11\\\/53365691971_2e4cb65279_c.jpg\",\"width\":799,\"height\":533},{\"@type\":\"BreadcrumbList\",\"@id\":\"https:\\\/\\\/radioleinewelle.de\\\/index.php\\\/2023\\\/11\\\/30\\\/un-klimakonferenz-jugenddelegierte-zum-ersten-mal-teil-der-offiziellen-deutschen-delegation\\\/#breadcrumb\",\"itemListElement\":[{\"@type\":\"ListItem\",\"position\":1,\"name\":\"Startseite\",\"item\":\"https:\\\/\\\/radioleinewelle.de\\\/\"},{\"@type\":\"ListItem\",\"position\":2,\"name\":\"UN-Klimakonferenz: Jugenddelegierte zum ersten Mal Teil der offiziellen deutschen Delegation\"}]},{\"@type\":\"WebSite\",\"@id\":\"https:\\\/\\\/radioleinewelle.de\\\/#website\",\"url\":\"https:\\\/\\\/radioleinewelle.de\\\/\",\"name\":\"Radio Leinewelle\",\"description\":\"\",\"publisher\":{\"@id\":\"https:\\\/\\\/radioleinewelle.de\\\/#organization\"},\"potentialAction\":[{\"@type\":\"SearchAction\",\"target\":{\"@type\":\"EntryPoint\",\"urlTemplate\":\"https:\\\/\\\/radioleinewelle.de\\\/?s={search_term_string}\"},\"query-input\":{\"@type\":\"PropertyValueSpecification\",\"valueRequired\":true,\"valueName\":\"search_term_string\"}}],\"inLanguage\":\"de\"},{\"@type\":\"Organization\",\"@id\":\"https:\\\/\\\/radioleinewelle.de\\\/#organization\",\"name\":\"Radio Leinewelle\",\"alternateName\":\"Mein Radio f\u00fcr S\u00fcdniedersachsen\",\"url\":\"https:\\\/\\\/radioleinewelle.de\\\/\",\"logo\":{\"@type\":\"ImageObject\",\"inLanguage\":\"de\",\"@id\":\"https:\\\/\\\/radioleinewelle.de\\\/#\\\/schema\\\/logo\\\/image\\\/\",\"url\":\"https:\\\/\\\/radioleinewelle.de\\\/wp-content\\\/uploads\\\/2023\\\/11\\\/cropped-Leinewelle_Logo_weiss.png\",\"contentUrl\":\"https:\\\/\\\/radioleinewelle.de\\\/wp-content\\\/uploads\\\/2023\\\/11\\\/cropped-Leinewelle_Logo_weiss.png\",\"width\":854,\"height\":260,\"caption\":\"Radio Leinewelle\"},\"image\":{\"@id\":\"https:\\\/\\\/radioleinewelle.de\\\/#\\\/schema\\\/logo\\\/image\\\/\"},\"sameAs\":[\"https:\\\/\\\/www.facebook.com\\\/radioleinewelle\",\"https:\\\/\\\/x.com\\\/RLeinewelle\",\"https:\\\/\\\/www.instagram.com\\\/radioleinewelle\\\/?hl=de\"]},{\"@type\":\"Person\",\"@id\":\"https:\\\/\\\/radioleinewelle.de\\\/#\\\/schema\\\/person\\\/45606f348637df637192dc1b68399a63\",\"name\":\"Leinewelle\",\"image\":{\"@type\":\"ImageObject\",\"inLanguage\":\"de\",\"@id\":\"https:\\\/\\\/secure.gravatar.com\\\/avatar\\\/05c9a17bc973052ee5d91549bd32fb4dd0dc85b7b85ae94b2e2b4943476bbea5?s=96&d=blank&r=g\",\"url\":\"https:\\\/\\\/secure.gravatar.com\\\/avatar\\\/05c9a17bc973052ee5d91549bd32fb4dd0dc85b7b85ae94b2e2b4943476bbea5?s=96&d=blank&r=g\",\"contentUrl\":\"https:\\\/\\\/secure.gravatar.com\\\/avatar\\\/05c9a17bc973052ee5d91549bd32fb4dd0dc85b7b85ae94b2e2b4943476bbea5?s=96&d=blank&r=g\",\"caption\":\"Leinewelle\"},\"sameAs\":[\"http:\\\/\\\/localhost\\\/radio%20leinewelle\\\/wordpress\",\"https:\\\/\\\/www.facebook.com\\\/radioleinewelle\",\"https:\\\/\\\/www.instagram.com\\\/radioleinewelle\",\"https:\\\/\\\/x.com\\\/https:\\\/\\\/twitter.com\\\/RLeinewelle?ref_src=twsrcgoogletwcampserptwgrauthor\",\"https:\\\/\\\/soundcloud.com\\\/foerderverein-lokalradio?utm_source=clipboard&utm_medium=text&utm_campaign=social_sharing\"],\"url\":\"https:\\\/\\\/radioleinewelle.de\\\/index.php\\\/author\\\/leinewelle\\\/\"}]}<\/script>\n<!-- \/ Yoast SEO plugin. -->","yoast_head_json":{"title":"UN-Klimakonferenz: Jugenddelegierte zum ersten Mal Teil der offiziellen deutschen Delegation - Radio Leinewelle","robots":{"index":"index","follow":"follow","max-snippet":"max-snippet:-1","max-image-preview":"max-image-preview:large","max-video-preview":"max-video-preview:-1"},"canonical":"https:\/\/radioleinewelle.de\/index.php\/2023\/11\/30\/un-klimakonferenz-jugenddelegierte-zum-ersten-mal-teil-der-offiziellen-deutschen-delegation\/","og_locale":"de_DE","og_type":"article","og_title":"UN-Klimakonferenz: Jugenddelegierte zum ersten Mal Teil der offiziellen deutschen Delegation - Radio Leinewelle","og_description":"Zum ersten Mal in der Geschichte der Bundesrepublik wird in diesem Jahr eine deutsche Jugenddelegation als Teil der offiziellen deutschen Delegation an der Weltklimakonferenz teilnehmen, um die Stimmen junger Menschen im Rahmen der COP28 einzubringen. Dar\u00fcber hinaus soll sie in Dubai eine beratende Funktion f\u00fcr die Vertreter:innen der deutschen Bundesregierung und Bundesbeh\u00f6rden einnehmen. Die drei [&hellip;]","og_url":"https:\/\/radioleinewelle.de\/index.php\/2023\/11\/30\/un-klimakonferenz-jugenddelegierte-zum-ersten-mal-teil-der-offiziellen-deutschen-delegation\/","og_site_name":"Radio Leinewelle","article_publisher":"https:\/\/www.facebook.com\/radioleinewelle","article_author":"https:\/\/www.facebook.com\/radioleinewelle","article_published_time":"2023-11-30T10:31:45+00:00","article_modified_time":"2023-11-30T10:31:46+00:00","og_image":[{"width":799,"height":533,"url":"https:\/\/radioleinewelle.de\/wp-content\/uploads\/2023\/11\/53365691971_2e4cb65279_c.jpg","type":"image\/jpeg"}],"author":"Leinewelle","twitter_card":"summary_large_image","twitter_creator":"@https:\/\/twitter.com\/RLeinewelle?ref_src=twsrcgoogletwcampserptwgrauthor","twitter_site":"@RLeinewelle","twitter_misc":{"Verfasst von":"Leinewelle","Gesch\u00e4tzte Lesezeit":"2\u00a0Minuten"},"schema":{"@context":"https:\/\/schema.org","@graph":[{"@type":"Article","@id":"https:\/\/radioleinewelle.de\/index.php\/2023\/11\/30\/un-klimakonferenz-jugenddelegierte-zum-ersten-mal-teil-der-offiziellen-deutschen-delegation\/#article","isPartOf":{"@id":"https:\/\/radioleinewelle.de\/index.php\/2023\/11\/30\/un-klimakonferenz-jugenddelegierte-zum-ersten-mal-teil-der-offiziellen-deutschen-delegation\/"},"author":{"name":"Leinewelle","@id":"https:\/\/radioleinewelle.de\/#\/schema\/person\/45606f348637df637192dc1b68399a63"},"headline":"UN-Klimakonferenz: Jugenddelegierte zum ersten Mal Teil der offiziellen deutschen Delegation","datePublished":"2023-11-30T10:31:45+00:00","dateModified":"2023-11-30T10:31:46+00:00","mainEntityOfPage":{"@id":"https:\/\/radioleinewelle.de\/index.php\/2023\/11\/30\/un-klimakonferenz-jugenddelegierte-zum-ersten-mal-teil-der-offiziellen-deutschen-delegation\/"},"wordCount":214,"commentCount":0,"publisher":{"@id":"https:\/\/radioleinewelle.de\/#organization"},"image":{"@id":"https:\/\/radioleinewelle.de\/index.php\/2023\/11\/30\/un-klimakonferenz-jugenddelegierte-zum-ersten-mal-teil-der-offiziellen-deutschen-delegation\/#primaryimage"},"thumbnailUrl":"https:\/\/radioleinewelle.de\/wp-content\/uploads\/2023\/11\/53365691971_2e4cb65279_c.jpg","articleSection":{"1":"Klimawandel","2":"Natur &amp; Umwelt"},"inLanguage":"de","potentialAction":[{"@type":"CommentAction","name":"Comment","target":["https:\/\/radioleinewelle.de\/index.php\/2023\/11\/30\/un-klimakonferenz-jugenddelegierte-zum-ersten-mal-teil-der-offiziellen-deutschen-delegation\/#respond"]}]},{"@type":"WebPage","@id":"https:\/\/radioleinewelle.de\/index.php\/2023\/11\/30\/un-klimakonferenz-jugenddelegierte-zum-ersten-mal-teil-der-offiziellen-deutschen-delegation\/","url":"https:\/\/radioleinewelle.de\/index.php\/2023\/11\/30\/un-klimakonferenz-jugenddelegierte-zum-ersten-mal-teil-der-offiziellen-deutschen-delegation\/","name":"UN-Klimakonferenz: Jugenddelegierte zum ersten Mal Teil der offiziellen deutschen Delegation - Radio Leinewelle","isPartOf":{"@id":"https:\/\/radioleinewelle.de\/#website"},"primaryImageOfPage":{"@id":"https:\/\/radioleinewelle.de\/index.php\/2023\/11\/30\/un-klimakonferenz-jugenddelegierte-zum-ersten-mal-teil-der-offiziellen-deutschen-delegation\/#primaryimage"},"image":{"@id":"https:\/\/radioleinewelle.de\/index.php\/2023\/11\/30\/un-klimakonferenz-jugenddelegierte-zum-ersten-mal-teil-der-offiziellen-deutschen-delegation\/#primaryimage"},"thumbnailUrl":"https:\/\/radioleinewelle.de\/wp-content\/uploads\/2023\/11\/53365691971_2e4cb65279_c.jpg","datePublished":"2023-11-30T10:31:45+00:00","dateModified":"2023-11-30T10:31:46+00:00","breadcrumb":{"@id":"https:\/\/radioleinewelle.de\/index.php\/2023\/11\/30\/un-klimakonferenz-jugenddelegierte-zum-ersten-mal-teil-der-offiziellen-deutschen-delegation\/#breadcrumb"},"inLanguage":"de","potentialAction":[{"@type":"ReadAction","target":["https:\/\/radioleinewelle.de\/index.php\/2023\/11\/30\/un-klimakonferenz-jugenddelegierte-zum-ersten-mal-teil-der-offiziellen-deutschen-delegation\/"]}]},{"@type":"ImageObject","inLanguage":"de","@id":"https:\/\/radioleinewelle.de\/index.php\/2023\/11\/30\/un-klimakonferenz-jugenddelegierte-zum-ersten-mal-teil-der-offiziellen-deutschen-delegation\/#primaryimage","url":"https:\/\/radioleinewelle.de\/wp-content\/uploads\/2023\/11\/53365691971_2e4cb65279_c.jpg","contentUrl":"https:\/\/radioleinewelle.de\/wp-content\/uploads\/2023\/11\/53365691971_2e4cb65279_c.jpg","width":799,"height":533},{"@type":"BreadcrumbList","@id":"https:\/\/radioleinewelle.de\/index.php\/2023\/11\/30\/un-klimakonferenz-jugenddelegierte-zum-ersten-mal-teil-der-offiziellen-deutschen-delegation\/#breadcrumb","itemListElement":[{"@type":"ListItem","position":1,"name":"Startseite","item":"https:\/\/radioleinewelle.de\/"},{"@type":"ListItem","position":2,"name":"UN-Klimakonferenz: Jugenddelegierte zum ersten Mal Teil der offiziellen deutschen Delegation"}]},{"@type":"WebSite","@id":"https:\/\/radioleinewelle.de\/#website","url":"https:\/\/radioleinewelle.de\/","name":"Radio Leinewelle","description":"","publisher":{"@id":"https:\/\/radioleinewelle.de\/#organization"},"potentialAction":[{"@type":"SearchAction","target":{"@type":"EntryPoint","urlTemplate":"https:\/\/radioleinewelle.de\/?s={search_term_string}"},"query-input":{"@type":"PropertyValueSpecification","valueRequired":true,"valueName":"search_term_string"}}],"inLanguage":"de"},{"@type":"Organization","@id":"https:\/\/radioleinewelle.de\/#organization","name":"Radio Leinewelle","alternateName":"Mein Radio f\u00fcr S\u00fcdniedersachsen","url":"https:\/\/radioleinewelle.de\/","logo":{"@type":"ImageObject","inLanguage":"de","@id":"https:\/\/radioleinewelle.de\/#\/schema\/logo\/image\/","url":"https:\/\/radioleinewelle.de\/wp-content\/uploads\/2023\/11\/cropped-Leinewelle_Logo_weiss.png","contentUrl":"https:\/\/radioleinewelle.de\/wp-content\/uploads\/2023\/11\/cropped-Leinewelle_Logo_weiss.png","width":854,"height":260,"caption":"Radio Leinewelle"},"image":{"@id":"https:\/\/radioleinewelle.de\/#\/schema\/logo\/image\/"},"sameAs":["https:\/\/www.facebook.com\/radioleinewelle","https:\/\/x.com\/RLeinewelle","https:\/\/www.instagram.com\/radioleinewelle\/?hl=de"]},{"@type":"Person","@id":"https:\/\/radioleinewelle.de\/#\/schema\/person\/45606f348637df637192dc1b68399a63","name":"Leinewelle","image":{"@type":"ImageObject","inLanguage":"de","@id":"https:\/\/secure.gravatar.com\/avatar\/05c9a17bc973052ee5d91549bd32fb4dd0dc85b7b85ae94b2e2b4943476bbea5?s=96&d=blank&r=g","url":"https:\/\/secure.gravatar.com\/avatar\/05c9a17bc973052ee5d91549bd32fb4dd0dc85b7b85ae94b2e2b4943476bbea5?s=96&d=blank&r=g","contentUrl":"https:\/\/secure.gravatar.com\/avatar\/05c9a17bc973052ee5d91549bd32fb4dd0dc85b7b85ae94b2e2b4943476bbea5?s=96&d=blank&r=g","caption":"Leinewelle"},"sameAs":["http:\/\/localhost\/radio%20leinewelle\/wordpress","https:\/\/www.facebook.com\/radioleinewelle","https:\/\/www.instagram.com\/radioleinewelle","https:\/\/x.com\/https:\/\/twitter.com\/RLeinewelle?ref_src=twsrcgoogletwcampserptwgrauthor","https:\/\/soundcloud.com\/foerderverein-lokalradio?utm_source=clipboard&utm_medium=text&utm_campaign=social_sharing"],"url":"https:\/\/radioleinewelle.de\/index.php\/author\/leinewelle\/"}]}},"_links":{"self":[{"href":"https:\/\/radioleinewelle.de\/index.php\/wp-json\/wp\/v2\/posts\/24625","targetHints":{"allow":["GET"]}}],"collection":[{"href":"https:\/\/radioleinewelle.de\/index.php\/wp-json\/wp\/v2\/posts"}],"about":[{"href":"https:\/\/radioleinewelle.de\/index.php\/wp-json\/wp\/v2\/types\/post"}],"author":[{"embeddable":true,"href":"https:\/\/radioleinewelle.de\/index.php\/wp-json\/wp\/v2\/users\/1"}],"replies":[{"embeddable":true,"href":"https:\/\/radioleinewelle.de\/index.php\/wp-json\/wp\/v2\/comments?post=24625"}],"version-history":[{"count":4,"href":"https:\/\/radioleinewelle.de\/index.php\/wp-json\/wp\/v2\/posts\/24625\/revisions"}],"predecessor-version":[{"id":24630,"href":"https:\/\/radioleinewelle.de\/index.php\/wp-json\/wp\/v2\/posts\/24625\/revisions\/24630"}],"wp:featuredmedia":[{"embeddable":true,"href":"https:\/\/radioleinewelle.de\/index.php\/wp-json\/wp\/v2\/media\/24628"}],"wp:attachment":[{"href":"https:\/\/radioleinewelle.de\/index.php\/wp-json\/wp\/v2\/media?parent=24625"}],"wp:term":[{"taxonomy":"category","embeddable":true,"href":"https:\/\/radioleinewelle.de\/index.php\/wp-json\/wp\/v2\/categories?post=24625"},{"taxonomy":"post_tag","embeddable":true,"href":"https:\/\/radioleinewelle.de\/index.php\/wp-json\/wp\/v2\/tags?post=24625"}],"curies":[{"name":"wp","href":"https:\/\/api.w.org\/{rel}","templated":true}]}}