{"id":2465,"date":"2020-10-21T05:20:15","date_gmt":"2020-10-21T03:20:15","guid":{"rendered":"https:\/\/radioleinewelle.de\/?p=2465"},"modified":"2020-10-21T05:20:15","modified_gmt":"2020-10-21T03:20:15","slug":"warnstreik-am-21-10-2020-hat-auswirkungen-auf-die-muellabfuhr-im-landkreis","status":"publish","type":"post","link":"https:\/\/radioleinewelle.de\/index.php\/2020\/10\/21\/warnstreik-am-21-10-2020-hat-auswirkungen-auf-die-muellabfuhr-im-landkreis\/","title":{"rendered":"Warnstreik am 21.10.2020 hat Auswirkungen auf die M\u00fcllabfuhr im Landkreis"},"content":{"rendered":"<div class=\"page\" title=\"Page 1\">\n<div class=\"layoutArea\">\n<div class=\"column\">\n<p>Anl\u00e4sslich des Warnstreiks am Mittwoch, 21.10.2020, ist mit Auswirkungen auf die Abfallentsorgung im Landkreis G\u00f6ttingen zu rechnen. Voraussichtlich wird die MBA des Abfallzweckverbandes in Deiderode bestreikt. Damit sind Abfallanlieferungen zur Entsorgungsanlage Deiderode nicht m\u00f6glich.\u00a0Der Warnstreik kann ebenfalls Auswirkungen auf die Leerung der Restabfallbeh\u00e4lter im Altkreis G\u00f6ttingen haben. M\u00f6glicherweise werden einige Restabfallbeh\u00e4lter gef\u00fcllt stehen bleiben. In diesen F\u00e4llen w\u00fcrde die Leerung zeitnah nachgeholt werden. M\u00f6glicherweise werden auch Sperrm\u00fcll und Altholz im Altkreis G\u00f6ttingen nicht vollst\u00e4ndig abgefahren. Auch hier w\u00fcrde die Abholung zeitnah nachgeholt.\u00a0Die M\u00fcllabfuhr im Altkreis Osterode ist von dem Warnstreik voraussichtlich nicht betroffen und wird ohne Einschr\u00e4nkungen stattfinden k\u00f6nnen.<br \/>\nDie Entsorgungsanlagen in Breitenberg und Dransfeld werden voraussichtlich ge\u00f6ffnet sein. Die Leerung der Komposttonnen ist damit gesichert. Anlieferungen von Boden und Bauschutt sowie von Gr\u00fcnabf\u00e4llen sind ebenfalls m\u00f6glich. Es k\u00f6nnen jedoch m\u00f6glicherweise Wartezeiten auftreten.\u00a0Die Entsorgungsanlage Hattorf am Harz wird absehbar ge\u00f6ffnet sein. Damit ist auch dort die Anlieferung von Abf\u00e4llen m\u00f6glich. Wertstoffs\u00e4cke und Altpapier werden planm\u00e4\u00dfig abgeholt.<\/p>\n<p>Bild von <a href=\"https:\/\/pixabay.com\/de\/users\/efes-18331\/?utm_source=link-attribution&amp;utm_medium=referral&amp;utm_campaign=image&amp;utm_content=594412\">Efes Kitap<\/a> auf <a href=\"https:\/\/pixabay.com\/de\/?utm_source=link-attribution&amp;utm_medium=referral&amp;utm_campaign=image&amp;utm_content=594412\">Pixabay<\/a><\/p>\n<\/div>\n<\/div>\n<\/div>\n","protected":false},"excerpt":{"rendered":"<p>Anl\u00e4sslich des Warnstreiks am Mittwoch, 21.10.2020, ist mit Auswirkungen auf die Abfallentsorgung im Landkreis G\u00f6ttingen zu rechnen. Voraussichtlich wird die MBA des Abfallzweckverbandes in Deiderode bestreikt. Damit sind Abfallanlieferungen zur Entsorgungsanlage Deiderode nicht m\u00f6glich.\u00a0Der Warnstreik kann ebenfalls Auswirkungen auf die Leerung der Restabfallbeh\u00e4lter im Altkreis G\u00f6ttingen haben. M\u00f6glicherweise werden einige Restabfallbeh\u00e4lter gef\u00fcllt stehen bleiben. In [&hellip;]<\/p>\n","protected":false},"author":1,"featured_media":0,"comment_status":"closed","ping_status":"closed","sticky":false,"template":"","format":"standard","meta":{"saved_in_kubio":false,"footnotes":""},"categories":[24],"tags":[],"class_list":["post-2465","post","type-post","status-publish","format-standard","hentry","category-news"],"yoast_head":"<!-- This site is optimized with the Yoast SEO plugin v27.5 - https:\/\/yoast.com\/product\/yoast-seo-wordpress\/ -->\n<title>Warnstreik am 21.10.2020 hat Auswirkungen auf die M\u00fcllabfuhr im Landkreis - Radio Leinewelle<\/title>\n<meta name=\"robots\" content=\"index, follow, max-snippet:-1, max-image-preview:large, max-video-preview:-1\" \/>\n<link rel=\"canonical\" href=\"https:\/\/radioleinewelle.de\/index.php\/2020\/10\/21\/warnstreik-am-21-10-2020-hat-auswirkungen-auf-die-muellabfuhr-im-landkreis\/\" \/>\n<meta property=\"og:locale\" content=\"de_DE\" \/>\n<meta property=\"og:type\" content=\"article\" \/>\n<meta property=\"og:title\" content=\"Warnstreik am 21.10.2020 hat Auswirkungen auf die M\u00fcllabfuhr im Landkreis - Radio Leinewelle\" \/>\n<meta property=\"og:description\" content=\"Anl\u00e4sslich des Warnstreiks am Mittwoch, 21.10.2020, ist mit Auswirkungen auf die Abfallentsorgung im Landkreis G\u00f6ttingen zu rechnen. Voraussichtlich wird die MBA des Abfallzweckverbandes in Deiderode bestreikt. Damit sind Abfallanlieferungen zur Entsorgungsanlage Deiderode nicht m\u00f6glich.\u00a0Der Warnstreik kann ebenfalls Auswirkungen auf die Leerung der Restabfallbeh\u00e4lter im Altkreis G\u00f6ttingen haben. M\u00f6glicherweise werden einige Restabfallbeh\u00e4lter gef\u00fcllt stehen bleiben. In [&hellip;]\" \/>\n<meta property=\"og:url\" content=\"https:\/\/radioleinewelle.de\/index.php\/2020\/10\/21\/warnstreik-am-21-10-2020-hat-auswirkungen-auf-die-muellabfuhr-im-landkreis\/\" \/>\n<meta property=\"og:site_name\" content=\"Radio Leinewelle\" \/>\n<meta property=\"article:publisher\" content=\"https:\/\/www.facebook.com\/radioleinewelle\" \/>\n<meta property=\"article:author\" content=\"https:\/\/www.facebook.com\/radioleinewelle\" \/>\n<meta property=\"article:published_time\" content=\"2020-10-21T03:20:15+00:00\" \/>\n<meta name=\"author\" content=\"Leinewelle\" \/>\n<meta name=\"twitter:card\" content=\"summary_large_image\" \/>\n<meta name=\"twitter:creator\" content=\"@https:\/\/twitter.com\/RLeinewelle?ref_src=twsrcgoogletwcampserptwgrauthor\" \/>\n<meta name=\"twitter:site\" content=\"@RLeinewelle\" \/>\n<meta name=\"twitter:label1\" content=\"Verfasst von\" \/>\n\t<meta name=\"twitter:data1\" content=\"Leinewelle\" \/>\n\t<meta name=\"twitter:label2\" content=\"Gesch\u00e4tzte Lesezeit\" \/>\n\t<meta name=\"twitter:data2\" content=\"1\u00a0Minute\" \/>\n<script type=\"application\/ld+json\" class=\"yoast-schema-graph\">{\"@context\":\"https:\\\/\\\/schema.org\",\"@graph\":[{\"@type\":\"Article\",\"@id\":\"https:\\\/\\\/radioleinewelle.de\\\/index.php\\\/2020\\\/10\\\/21\\\/warnstreik-am-21-10-2020-hat-auswirkungen-auf-die-muellabfuhr-im-landkreis\\\/#article\",\"isPartOf\":{\"@id\":\"https:\\\/\\\/radioleinewelle.de\\\/index.php\\\/2020\\\/10\\\/21\\\/warnstreik-am-21-10-2020-hat-auswirkungen-auf-die-muellabfuhr-im-landkreis\\\/\"},\"author\":{\"name\":\"Leinewelle\",\"@id\":\"https:\\\/\\\/radioleinewelle.de\\\/#\\\/schema\\\/person\\\/45606f348637df637192dc1b68399a63\"},\"headline\":\"Warnstreik am 21.10.2020 hat Auswirkungen auf die M\u00fcllabfuhr im Landkreis\",\"datePublished\":\"2020-10-21T03:20:15+00:00\",\"mainEntityOfPage\":{\"@id\":\"https:\\\/\\\/radioleinewelle.de\\\/index.php\\\/2020\\\/10\\\/21\\\/warnstreik-am-21-10-2020-hat-auswirkungen-auf-die-muellabfuhr-im-landkreis\\\/\"},\"wordCount\":203,\"publisher\":{\"@id\":\"https:\\\/\\\/radioleinewelle.de\\\/#organization\"},\"articleSection\":[\"Aktuelle Nachrichten\"],\"inLanguage\":\"de\"},{\"@type\":\"WebPage\",\"@id\":\"https:\\\/\\\/radioleinewelle.de\\\/index.php\\\/2020\\\/10\\\/21\\\/warnstreik-am-21-10-2020-hat-auswirkungen-auf-die-muellabfuhr-im-landkreis\\\/\",\"url\":\"https:\\\/\\\/radioleinewelle.de\\\/index.php\\\/2020\\\/10\\\/21\\\/warnstreik-am-21-10-2020-hat-auswirkungen-auf-die-muellabfuhr-im-landkreis\\\/\",\"name\":\"Warnstreik am 21.10.2020 hat Auswirkungen auf die M\u00fcllabfuhr im Landkreis - Radio Leinewelle\",\"isPartOf\":{\"@id\":\"https:\\\/\\\/radioleinewelle.de\\\/#website\"},\"datePublished\":\"2020-10-21T03:20:15+00:00\",\"breadcrumb\":{\"@id\":\"https:\\\/\\\/radioleinewelle.de\\\/index.php\\\/2020\\\/10\\\/21\\\/warnstreik-am-21-10-2020-hat-auswirkungen-auf-die-muellabfuhr-im-landkreis\\\/#breadcrumb\"},\"inLanguage\":\"de\",\"potentialAction\":[{\"@type\":\"ReadAction\",\"target\":[\"https:\\\/\\\/radioleinewelle.de\\\/index.php\\\/2020\\\/10\\\/21\\\/warnstreik-am-21-10-2020-hat-auswirkungen-auf-die-muellabfuhr-im-landkreis\\\/\"]}]},{\"@type\":\"BreadcrumbList\",\"@id\":\"https:\\\/\\\/radioleinewelle.de\\\/index.php\\\/2020\\\/10\\\/21\\\/warnstreik-am-21-10-2020-hat-auswirkungen-auf-die-muellabfuhr-im-landkreis\\\/#breadcrumb\",\"itemListElement\":[{\"@type\":\"ListItem\",\"position\":1,\"name\":\"Startseite\",\"item\":\"https:\\\/\\\/radioleinewelle.de\\\/\"},{\"@type\":\"ListItem\",\"position\":2,\"name\":\"Warnstreik am 21.10.2020 hat Auswirkungen auf die M\u00fcllabfuhr im Landkreis\"}]},{\"@type\":\"WebSite\",\"@id\":\"https:\\\/\\\/radioleinewelle.de\\\/#website\",\"url\":\"https:\\\/\\\/radioleinewelle.de\\\/\",\"name\":\"Radio Leinewelle\",\"description\":\"\",\"publisher\":{\"@id\":\"https:\\\/\\\/radioleinewelle.de\\\/#organization\"},\"potentialAction\":[{\"@type\":\"SearchAction\",\"target\":{\"@type\":\"EntryPoint\",\"urlTemplate\":\"https:\\\/\\\/radioleinewelle.de\\\/?s={search_term_string}\"},\"query-input\":{\"@type\":\"PropertyValueSpecification\",\"valueRequired\":true,\"valueName\":\"search_term_string\"}}],\"inLanguage\":\"de\"},{\"@type\":\"Organization\",\"@id\":\"https:\\\/\\\/radioleinewelle.de\\\/#organization\",\"name\":\"Radio Leinewelle\",\"alternateName\":\"Mein Radio f\u00fcr S\u00fcdniedersachsen\",\"url\":\"https:\\\/\\\/radioleinewelle.de\\\/\",\"logo\":{\"@type\":\"ImageObject\",\"inLanguage\":\"de\",\"@id\":\"https:\\\/\\\/radioleinewelle.de\\\/#\\\/schema\\\/logo\\\/image\\\/\",\"url\":\"https:\\\/\\\/radioleinewelle.de\\\/wp-content\\\/uploads\\\/2023\\\/11\\\/cropped-Leinewelle_Logo_weiss.png\",\"contentUrl\":\"https:\\\/\\\/radioleinewelle.de\\\/wp-content\\\/uploads\\\/2023\\\/11\\\/cropped-Leinewelle_Logo_weiss.png\",\"width\":854,\"height\":260,\"caption\":\"Radio Leinewelle\"},\"image\":{\"@id\":\"https:\\\/\\\/radioleinewelle.de\\\/#\\\/schema\\\/logo\\\/image\\\/\"},\"sameAs\":[\"https:\\\/\\\/www.facebook.com\\\/radioleinewelle\",\"https:\\\/\\\/x.com\\\/RLeinewelle\",\"https:\\\/\\\/www.instagram.com\\\/radioleinewelle\\\/?hl=de\"]},{\"@type\":\"Person\",\"@id\":\"https:\\\/\\\/radioleinewelle.de\\\/#\\\/schema\\\/person\\\/45606f348637df637192dc1b68399a63\",\"name\":\"Leinewelle\",\"image\":{\"@type\":\"ImageObject\",\"inLanguage\":\"de\",\"@id\":\"https:\\\/\\\/secure.gravatar.com\\\/avatar\\\/05c9a17bc973052ee5d91549bd32fb4dd0dc85b7b85ae94b2e2b4943476bbea5?s=96&d=blank&r=g\",\"url\":\"https:\\\/\\\/secure.gravatar.com\\\/avatar\\\/05c9a17bc973052ee5d91549bd32fb4dd0dc85b7b85ae94b2e2b4943476bbea5?s=96&d=blank&r=g\",\"contentUrl\":\"https:\\\/\\\/secure.gravatar.com\\\/avatar\\\/05c9a17bc973052ee5d91549bd32fb4dd0dc85b7b85ae94b2e2b4943476bbea5?s=96&d=blank&r=g\",\"caption\":\"Leinewelle\"},\"sameAs\":[\"http:\\\/\\\/localhost\\\/radio%20leinewelle\\\/wordpress\",\"https:\\\/\\\/www.facebook.com\\\/radioleinewelle\",\"https:\\\/\\\/www.instagram.com\\\/radioleinewelle\",\"https:\\\/\\\/x.com\\\/https:\\\/\\\/twitter.com\\\/RLeinewelle?ref_src=twsrcgoogletwcampserptwgrauthor\",\"https:\\\/\\\/soundcloud.com\\\/foerderverein-lokalradio?utm_source=clipboard&utm_medium=text&utm_campaign=social_sharing\"],\"url\":\"https:\\\/\\\/radioleinewelle.de\\\/index.php\\\/author\\\/leinewelle\\\/\"}]}<\/script>\n<!-- \/ Yoast SEO plugin. -->","yoast_head_json":{"title":"Warnstreik am 21.10.2020 hat Auswirkungen auf die M\u00fcllabfuhr im Landkreis - Radio Leinewelle","robots":{"index":"index","follow":"follow","max-snippet":"max-snippet:-1","max-image-preview":"max-image-preview:large","max-video-preview":"max-video-preview:-1"},"canonical":"https:\/\/radioleinewelle.de\/index.php\/2020\/10\/21\/warnstreik-am-21-10-2020-hat-auswirkungen-auf-die-muellabfuhr-im-landkreis\/","og_locale":"de_DE","og_type":"article","og_title":"Warnstreik am 21.10.2020 hat Auswirkungen auf die M\u00fcllabfuhr im Landkreis - Radio Leinewelle","og_description":"Anl\u00e4sslich des Warnstreiks am Mittwoch, 21.10.2020, ist mit Auswirkungen auf die Abfallentsorgung im Landkreis G\u00f6ttingen zu rechnen. Voraussichtlich wird die MBA des Abfallzweckverbandes in Deiderode bestreikt. Damit sind Abfallanlieferungen zur Entsorgungsanlage Deiderode nicht m\u00f6glich.\u00a0Der Warnstreik kann ebenfalls Auswirkungen auf die Leerung der Restabfallbeh\u00e4lter im Altkreis G\u00f6ttingen haben. M\u00f6glicherweise werden einige Restabfallbeh\u00e4lter gef\u00fcllt stehen bleiben. In [&hellip;]","og_url":"https:\/\/radioleinewelle.de\/index.php\/2020\/10\/21\/warnstreik-am-21-10-2020-hat-auswirkungen-auf-die-muellabfuhr-im-landkreis\/","og_site_name":"Radio Leinewelle","article_publisher":"https:\/\/www.facebook.com\/radioleinewelle","article_author":"https:\/\/www.facebook.com\/radioleinewelle","article_published_time":"2020-10-21T03:20:15+00:00","author":"Leinewelle","twitter_card":"summary_large_image","twitter_creator":"@https:\/\/twitter.com\/RLeinewelle?ref_src=twsrcgoogletwcampserptwgrauthor","twitter_site":"@RLeinewelle","twitter_misc":{"Verfasst von":"Leinewelle","Gesch\u00e4tzte Lesezeit":"1\u00a0Minute"},"schema":{"@context":"https:\/\/schema.org","@graph":[{"@type":"Article","@id":"https:\/\/radioleinewelle.de\/index.php\/2020\/10\/21\/warnstreik-am-21-10-2020-hat-auswirkungen-auf-die-muellabfuhr-im-landkreis\/#article","isPartOf":{"@id":"https:\/\/radioleinewelle.de\/index.php\/2020\/10\/21\/warnstreik-am-21-10-2020-hat-auswirkungen-auf-die-muellabfuhr-im-landkreis\/"},"author":{"name":"Leinewelle","@id":"https:\/\/radioleinewelle.de\/#\/schema\/person\/45606f348637df637192dc1b68399a63"},"headline":"Warnstreik am 21.10.2020 hat Auswirkungen auf die M\u00fcllabfuhr im Landkreis","datePublished":"2020-10-21T03:20:15+00:00","mainEntityOfPage":{"@id":"https:\/\/radioleinewelle.de\/index.php\/2020\/10\/21\/warnstreik-am-21-10-2020-hat-auswirkungen-auf-die-muellabfuhr-im-landkreis\/"},"wordCount":203,"publisher":{"@id":"https:\/\/radioleinewelle.de\/#organization"},"articleSection":["Aktuelle Nachrichten"],"inLanguage":"de"},{"@type":"WebPage","@id":"https:\/\/radioleinewelle.de\/index.php\/2020\/10\/21\/warnstreik-am-21-10-2020-hat-auswirkungen-auf-die-muellabfuhr-im-landkreis\/","url":"https:\/\/radioleinewelle.de\/index.php\/2020\/10\/21\/warnstreik-am-21-10-2020-hat-auswirkungen-auf-die-muellabfuhr-im-landkreis\/","name":"Warnstreik am 21.10.2020 hat Auswirkungen auf die M\u00fcllabfuhr im Landkreis - Radio Leinewelle","isPartOf":{"@id":"https:\/\/radioleinewelle.de\/#website"},"datePublished":"2020-10-21T03:20:15+00:00","breadcrumb":{"@id":"https:\/\/radioleinewelle.de\/index.php\/2020\/10\/21\/warnstreik-am-21-10-2020-hat-auswirkungen-auf-die-muellabfuhr-im-landkreis\/#breadcrumb"},"inLanguage":"de","potentialAction":[{"@type":"ReadAction","target":["https:\/\/radioleinewelle.de\/index.php\/2020\/10\/21\/warnstreik-am-21-10-2020-hat-auswirkungen-auf-die-muellabfuhr-im-landkreis\/"]}]},{"@type":"BreadcrumbList","@id":"https:\/\/radioleinewelle.de\/index.php\/2020\/10\/21\/warnstreik-am-21-10-2020-hat-auswirkungen-auf-die-muellabfuhr-im-landkreis\/#breadcrumb","itemListElement":[{"@type":"ListItem","position":1,"name":"Startseite","item":"https:\/\/radioleinewelle.de\/"},{"@type":"ListItem","position":2,"name":"Warnstreik am 21.10.2020 hat Auswirkungen auf die M\u00fcllabfuhr im Landkreis"}]},{"@type":"WebSite","@id":"https:\/\/radioleinewelle.de\/#website","url":"https:\/\/radioleinewelle.de\/","name":"Radio Leinewelle","description":"","publisher":{"@id":"https:\/\/radioleinewelle.de\/#organization"},"potentialAction":[{"@type":"SearchAction","target":{"@type":"EntryPoint","urlTemplate":"https:\/\/radioleinewelle.de\/?s={search_term_string}"},"query-input":{"@type":"PropertyValueSpecification","valueRequired":true,"valueName":"search_term_string"}}],"inLanguage":"de"},{"@type":"Organization","@id":"https:\/\/radioleinewelle.de\/#organization","name":"Radio Leinewelle","alternateName":"Mein Radio f\u00fcr S\u00fcdniedersachsen","url":"https:\/\/radioleinewelle.de\/","logo":{"@type":"ImageObject","inLanguage":"de","@id":"https:\/\/radioleinewelle.de\/#\/schema\/logo\/image\/","url":"https:\/\/radioleinewelle.de\/wp-content\/uploads\/2023\/11\/cropped-Leinewelle_Logo_weiss.png","contentUrl":"https:\/\/radioleinewelle.de\/wp-content\/uploads\/2023\/11\/cropped-Leinewelle_Logo_weiss.png","width":854,"height":260,"caption":"Radio Leinewelle"},"image":{"@id":"https:\/\/radioleinewelle.de\/#\/schema\/logo\/image\/"},"sameAs":["https:\/\/www.facebook.com\/radioleinewelle","https:\/\/x.com\/RLeinewelle","https:\/\/www.instagram.com\/radioleinewelle\/?hl=de"]},{"@type":"Person","@id":"https:\/\/radioleinewelle.de\/#\/schema\/person\/45606f348637df637192dc1b68399a63","name":"Leinewelle","image":{"@type":"ImageObject","inLanguage":"de","@id":"https:\/\/secure.gravatar.com\/avatar\/05c9a17bc973052ee5d91549bd32fb4dd0dc85b7b85ae94b2e2b4943476bbea5?s=96&d=blank&r=g","url":"https:\/\/secure.gravatar.com\/avatar\/05c9a17bc973052ee5d91549bd32fb4dd0dc85b7b85ae94b2e2b4943476bbea5?s=96&d=blank&r=g","contentUrl":"https:\/\/secure.gravatar.com\/avatar\/05c9a17bc973052ee5d91549bd32fb4dd0dc85b7b85ae94b2e2b4943476bbea5?s=96&d=blank&r=g","caption":"Leinewelle"},"sameAs":["http:\/\/localhost\/radio%20leinewelle\/wordpress","https:\/\/www.facebook.com\/radioleinewelle","https:\/\/www.instagram.com\/radioleinewelle","https:\/\/x.com\/https:\/\/twitter.com\/RLeinewelle?ref_src=twsrcgoogletwcampserptwgrauthor","https:\/\/soundcloud.com\/foerderverein-lokalradio?utm_source=clipboard&utm_medium=text&utm_campaign=social_sharing"],"url":"https:\/\/radioleinewelle.de\/index.php\/author\/leinewelle\/"}]}},"_links":{"self":[{"href":"https:\/\/radioleinewelle.de\/index.php\/wp-json\/wp\/v2\/posts\/2465","targetHints":{"allow":["GET"]}}],"collection":[{"href":"https:\/\/radioleinewelle.de\/index.php\/wp-json\/wp\/v2\/posts"}],"about":[{"href":"https:\/\/radioleinewelle.de\/index.php\/wp-json\/wp\/v2\/types\/post"}],"author":[{"embeddable":true,"href":"https:\/\/radioleinewelle.de\/index.php\/wp-json\/wp\/v2\/users\/1"}],"replies":[{"embeddable":true,"href":"https:\/\/radioleinewelle.de\/index.php\/wp-json\/wp\/v2\/comments?post=2465"}],"version-history":[{"count":0,"href":"https:\/\/radioleinewelle.de\/index.php\/wp-json\/wp\/v2\/posts\/2465\/revisions"}],"wp:attachment":[{"href":"https:\/\/radioleinewelle.de\/index.php\/wp-json\/wp\/v2\/media?parent=2465"}],"wp:term":[{"taxonomy":"category","embeddable":true,"href":"https:\/\/radioleinewelle.de\/index.php\/wp-json\/wp\/v2\/categories?post=2465"},{"taxonomy":"post_tag","embeddable":true,"href":"https:\/\/radioleinewelle.de\/index.php\/wp-json\/wp\/v2\/tags?post=2465"}],"curies":[{"name":"wp","href":"https:\/\/api.w.org\/{rel}","templated":true}]}}