{"id":24657,"date":"2023-12-07T15:32:05","date_gmt":"2023-12-07T14:32:05","guid":{"rendered":"https:\/\/radioleinewelle.de\/?p=24657"},"modified":"2023-12-07T15:32:07","modified_gmt":"2023-12-07T14:32:07","slug":"johanniter-spenden-sheltersuits-fuer-obdachlosenhilfe","status":"publish","type":"post","link":"https:\/\/radioleinewelle.de\/index.php\/2023\/12\/07\/johanniter-spenden-sheltersuits-fuer-obdachlosenhilfe\/","title":{"rendered":"Johanniter spenden Sheltersuits f\u00fcr Obdachlosenhilfe"},"content":{"rendered":"\n<p>Die Stra\u00dfensozialarbeit (Straso), eine Einrichtung des Diakonieverbands im Ev.\u2010luth. Kirchenkreis G\u00f6ttingen\u2010M\u00fcnden, hat f\u00fcnf Sheltersuits f\u00fcr ihre Klient:innen von der Johanniter Hilfsgemeinschaft G\u00f6ttingen (JHG) erhalten.<\/p>\n\n\n\n<p>Der Sheltersuit wurde von einer niederl\u00e4ndischen Stiftung entwickelt und ist eine wind\u2010 und wasserdichte Jacke mit einem durch einen Rei\u00dfverschluss angekoppelten Schlafsackaufsatz, verpackt in einem Seesack. Die Jacke besteht aus hochwertigem, atmungsaktivem Zeltstoff. Das Innenfutter besteht aus Upcycling\u2010Schlafs\u00e4cken. Die gro\u00dfe Kapuze sch\u00fctzt das Gesicht vor Regen und Stra\u00dfenlaternen und enth\u00e4lt einen integrierten Schal. Der Schutzanzug wurde entwickelt, um in kalten Klimazonen getragen zu werden. Er h\u00e4lt Temperaturen bis zu minus 30 Grad aus und hat einen Wert von rund 300 Euro.<\/p>\n\n\n\n<p>\u201eIch habe den Sheltersuit bei der Bundestagung der Johanniter kennengelernt\u201c, so der zweite Vorsitzende der JHG Gerhard von Hugo. \u201eDa wir uns schon sehr lange vielf\u00e4ltig f\u00fcr die Stra\u00dfensozialarbeit G\u00f6ttingen engagieren, habe ich sofort Kontakt zu Mike Wacker aufgenommen und schnell waren wir uns einig erst einmal f\u00fcnf Sheltersuits f\u00fcr die Straso zu spenden und Menschen in Not, gerade im kommenden Winter, zu unterst\u00fctzen.\u201c Mit der Ausgabe der Sheltersuits wurde bereits begonnen. Sollten noch mehr ben\u00f6tigt werden, stehe die JHG bereit, erg\u00e4nzt der erste Vorsitzende der JHG Arnold von Zepelin.<\/p>\n\n\n\n<p>\u201eWir haben uns \u00fcber die gro\u00dfz\u00fcgige Spende der JHG sehr gefreut\u201c, so der Leiter der Stra\u00dfensozialarbeit Mike Wacker. \u201eZwei wohnungslose M\u00e4nner testen den Schlafsack bereits und sind sich nach vier Wochen einig: Er sei sehr warm, besonders durch den integrierten Schal, und eine gro\u00dfe Verbesserung zum Schlafsack, da man die Jacke auch tags\u00fcber einzeln tragen kann. Da der Sheltersuit unten nur mit Druckkn\u00f6pfen verschlossen ist, kann man sich auch bei Gefahrensituationen schnell daraus befreien.\u201c Dennoch gibt Wacker zu bedenken, dass der Sheltersuit das letzte Mittel ist, bevor man erfriert. \u201eDie Stadt G\u00f6ttingen und die Heilsarmee bieten Notschlafpl\u00e4tze an und unser \u00fcbergeordnetes Ziel ist es, die Menschen sicher unterzubringen. Die Anz\u00fcge sind f\u00fcr die Menschen gedacht, die eine solche Unterkunft aus den unterschiedlichsten Gr\u00fcnden nicht nutzen k\u00f6nnen oder wollen.\u201c<\/p>\n\n\n\n<p>Das Werk des evangelischen Johanniterordens engagiert sich seit \u00fcber sechs Jahren f\u00fcr die Straso. Sie stiftet beispielsweise das Essen f\u00fcr die Weihnachtsfeier und engagiert sich finanziell und personell f\u00fcr verschiedene Projekte der Straso.<\/p>\n\n\n\n<p><strong>Foto v.l.: <\/strong>Mike Wacker (Leiter der Stra\u00dfensozialarbeit), Arnold von Zepelin (1. Vorsitzende der\u00a0Johanniter-Hilfsgemeinschaft G\u00f6ttingen) und Gerhard von Hugo\u00a0(2. Vorsitzende der\u00a0Johanniter-Hilfsgemeinschaft G\u00f6ttingen)\u00a0(Quelle: Jeanine Rudat)<\/p>\n","protected":false},"excerpt":{"rendered":"<p>Die Stra\u00dfensozialarbeit (Straso), eine Einrichtung des Diakonieverbands im Ev.\u2010luth. Kirchenkreis G\u00f6ttingen\u2010M\u00fcnden, hat f\u00fcnf Sheltersuits f\u00fcr ihre Klient:innen von der Johanniter Hilfsgemeinschaft G\u00f6ttingen (JHG) erhalten. Der Sheltersuit wurde von einer niederl\u00e4ndischen Stiftung entwickelt und ist eine wind\u2010 und wasserdichte Jacke mit einem durch einen Rei\u00dfverschluss angekoppelten Schlafsackaufsatz, verpackt in einem Seesack. Die Jacke besteht aus hochwertigem, [&hellip;]<\/p>\n","protected":false},"author":1,"featured_media":24660,"comment_status":"open","ping_status":"open","sticky":true,"template":"","format":"standard","meta":{"saved_in_kubio":false,"footnotes":""},"categories":[49],"tags":[],"class_list":["post-24657","post","type-post","status-publish","format-standard","has-post-thumbnail","hentry","category-charity"],"yoast_head":"<!-- This site is optimized with the Yoast SEO plugin v27.5 - https:\/\/yoast.com\/product\/yoast-seo-wordpress\/ -->\n<title>Johanniter spenden Sheltersuits f\u00fcr Obdachlosenhilfe - Radio Leinewelle<\/title>\n<meta name=\"robots\" content=\"index, follow, max-snippet:-1, max-image-preview:large, max-video-preview:-1\" \/>\n<link rel=\"canonical\" href=\"https:\/\/radioleinewelle.de\/index.php\/2023\/12\/07\/johanniter-spenden-sheltersuits-fuer-obdachlosenhilfe\/\" \/>\n<meta property=\"og:locale\" content=\"de_DE\" \/>\n<meta property=\"og:type\" content=\"article\" \/>\n<meta property=\"og:title\" content=\"Johanniter spenden Sheltersuits f\u00fcr Obdachlosenhilfe - Radio Leinewelle\" \/>\n<meta property=\"og:description\" content=\"Die Stra\u00dfensozialarbeit (Straso), eine Einrichtung des Diakonieverbands im Ev.\u2010luth. Kirchenkreis G\u00f6ttingen\u2010M\u00fcnden, hat f\u00fcnf Sheltersuits f\u00fcr ihre Klient:innen von der Johanniter Hilfsgemeinschaft G\u00f6ttingen (JHG) erhalten. Der Sheltersuit wurde von einer niederl\u00e4ndischen Stiftung entwickelt und ist eine wind\u2010 und wasserdichte Jacke mit einem durch einen Rei\u00dfverschluss angekoppelten Schlafsackaufsatz, verpackt in einem Seesack. Die Jacke besteht aus hochwertigem, [&hellip;]\" \/>\n<meta property=\"og:url\" content=\"https:\/\/radioleinewelle.de\/index.php\/2023\/12\/07\/johanniter-spenden-sheltersuits-fuer-obdachlosenhilfe\/\" \/>\n<meta property=\"og:site_name\" content=\"Radio Leinewelle\" \/>\n<meta property=\"article:publisher\" content=\"https:\/\/www.facebook.com\/radioleinewelle\" \/>\n<meta property=\"article:author\" content=\"https:\/\/www.facebook.com\/radioleinewelle\" \/>\n<meta property=\"article:published_time\" content=\"2023-12-07T14:32:05+00:00\" \/>\n<meta property=\"article:modified_time\" content=\"2023-12-07T14:32:07+00:00\" \/>\n<meta property=\"og:image\" content=\"https:\/\/radioleinewelle.de\/wp-content\/uploads\/2023\/12\/JHG-spendet-Sheltersuits-scaled-e1701959503245.jpg\" \/>\n\t<meta property=\"og:image:width\" content=\"1000\" \/>\n\t<meta property=\"og:image:height\" content=\"667\" \/>\n\t<meta property=\"og:image:type\" content=\"image\/jpeg\" \/>\n<meta name=\"author\" content=\"Leinewelle\" \/>\n<meta name=\"twitter:card\" content=\"summary_large_image\" \/>\n<meta name=\"twitter:creator\" content=\"@https:\/\/twitter.com\/RLeinewelle?ref_src=twsrcgoogletwcampserptwgrauthor\" \/>\n<meta name=\"twitter:site\" content=\"@RLeinewelle\" \/>\n<meta name=\"twitter:label1\" content=\"Verfasst von\" \/>\n\t<meta name=\"twitter:data1\" content=\"Leinewelle\" \/>\n\t<meta name=\"twitter:label2\" content=\"Gesch\u00e4tzte Lesezeit\" \/>\n\t<meta name=\"twitter:data2\" content=\"3\u00a0Minuten\" \/>\n<script type=\"application\/ld+json\" class=\"yoast-schema-graph\">{\"@context\":\"https:\\\/\\\/schema.org\",\"@graph\":[{\"@type\":\"Article\",\"@id\":\"https:\\\/\\\/radioleinewelle.de\\\/index.php\\\/2023\\\/12\\\/07\\\/johanniter-spenden-sheltersuits-fuer-obdachlosenhilfe\\\/#article\",\"isPartOf\":{\"@id\":\"https:\\\/\\\/radioleinewelle.de\\\/index.php\\\/2023\\\/12\\\/07\\\/johanniter-spenden-sheltersuits-fuer-obdachlosenhilfe\\\/\"},\"author\":{\"name\":\"Leinewelle\",\"@id\":\"https:\\\/\\\/radioleinewelle.de\\\/#\\\/schema\\\/person\\\/45606f348637df637192dc1b68399a63\"},\"headline\":\"Johanniter spenden Sheltersuits f\u00fcr Obdachlosenhilfe\",\"datePublished\":\"2023-12-07T14:32:05+00:00\",\"dateModified\":\"2023-12-07T14:32:07+00:00\",\"mainEntityOfPage\":{\"@id\":\"https:\\\/\\\/radioleinewelle.de\\\/index.php\\\/2023\\\/12\\\/07\\\/johanniter-spenden-sheltersuits-fuer-obdachlosenhilfe\\\/\"},\"wordCount\":432,\"commentCount\":0,\"publisher\":{\"@id\":\"https:\\\/\\\/radioleinewelle.de\\\/#organization\"},\"image\":{\"@id\":\"https:\\\/\\\/radioleinewelle.de\\\/index.php\\\/2023\\\/12\\\/07\\\/johanniter-spenden-sheltersuits-fuer-obdachlosenhilfe\\\/#primaryimage\"},\"thumbnailUrl\":\"https:\\\/\\\/radioleinewelle.de\\\/wp-content\\\/uploads\\\/2023\\\/12\\\/JHG-spendet-Sheltersuits-scaled-e1701959503245.jpg\",\"articleSection\":[\"Charity\"],\"inLanguage\":\"de\",\"potentialAction\":[{\"@type\":\"CommentAction\",\"name\":\"Comment\",\"target\":[\"https:\\\/\\\/radioleinewelle.de\\\/index.php\\\/2023\\\/12\\\/07\\\/johanniter-spenden-sheltersuits-fuer-obdachlosenhilfe\\\/#respond\"]}]},{\"@type\":\"WebPage\",\"@id\":\"https:\\\/\\\/radioleinewelle.de\\\/index.php\\\/2023\\\/12\\\/07\\\/johanniter-spenden-sheltersuits-fuer-obdachlosenhilfe\\\/\",\"url\":\"https:\\\/\\\/radioleinewelle.de\\\/index.php\\\/2023\\\/12\\\/07\\\/johanniter-spenden-sheltersuits-fuer-obdachlosenhilfe\\\/\",\"name\":\"Johanniter spenden Sheltersuits f\u00fcr Obdachlosenhilfe - Radio Leinewelle\",\"isPartOf\":{\"@id\":\"https:\\\/\\\/radioleinewelle.de\\\/#website\"},\"primaryImageOfPage\":{\"@id\":\"https:\\\/\\\/radioleinewelle.de\\\/index.php\\\/2023\\\/12\\\/07\\\/johanniter-spenden-sheltersuits-fuer-obdachlosenhilfe\\\/#primaryimage\"},\"image\":{\"@id\":\"https:\\\/\\\/radioleinewelle.de\\\/index.php\\\/2023\\\/12\\\/07\\\/johanniter-spenden-sheltersuits-fuer-obdachlosenhilfe\\\/#primaryimage\"},\"thumbnailUrl\":\"https:\\\/\\\/radioleinewelle.de\\\/wp-content\\\/uploads\\\/2023\\\/12\\\/JHG-spendet-Sheltersuits-scaled-e1701959503245.jpg\",\"datePublished\":\"2023-12-07T14:32:05+00:00\",\"dateModified\":\"2023-12-07T14:32:07+00:00\",\"breadcrumb\":{\"@id\":\"https:\\\/\\\/radioleinewelle.de\\\/index.php\\\/2023\\\/12\\\/07\\\/johanniter-spenden-sheltersuits-fuer-obdachlosenhilfe\\\/#breadcrumb\"},\"inLanguage\":\"de\",\"potentialAction\":[{\"@type\":\"ReadAction\",\"target\":[\"https:\\\/\\\/radioleinewelle.de\\\/index.php\\\/2023\\\/12\\\/07\\\/johanniter-spenden-sheltersuits-fuer-obdachlosenhilfe\\\/\"]}]},{\"@type\":\"ImageObject\",\"inLanguage\":\"de\",\"@id\":\"https:\\\/\\\/radioleinewelle.de\\\/index.php\\\/2023\\\/12\\\/07\\\/johanniter-spenden-sheltersuits-fuer-obdachlosenhilfe\\\/#primaryimage\",\"url\":\"https:\\\/\\\/radioleinewelle.de\\\/wp-content\\\/uploads\\\/2023\\\/12\\\/JHG-spendet-Sheltersuits-scaled-e1701959503245.jpg\",\"contentUrl\":\"https:\\\/\\\/radioleinewelle.de\\\/wp-content\\\/uploads\\\/2023\\\/12\\\/JHG-spendet-Sheltersuits-scaled-e1701959503245.jpg\",\"width\":1000,\"height\":667},{\"@type\":\"BreadcrumbList\",\"@id\":\"https:\\\/\\\/radioleinewelle.de\\\/index.php\\\/2023\\\/12\\\/07\\\/johanniter-spenden-sheltersuits-fuer-obdachlosenhilfe\\\/#breadcrumb\",\"itemListElement\":[{\"@type\":\"ListItem\",\"position\":1,\"name\":\"Startseite\",\"item\":\"https:\\\/\\\/radioleinewelle.de\\\/\"},{\"@type\":\"ListItem\",\"position\":2,\"name\":\"Johanniter spenden Sheltersuits f\u00fcr Obdachlosenhilfe\"}]},{\"@type\":\"WebSite\",\"@id\":\"https:\\\/\\\/radioleinewelle.de\\\/#website\",\"url\":\"https:\\\/\\\/radioleinewelle.de\\\/\",\"name\":\"Radio Leinewelle\",\"description\":\"\",\"publisher\":{\"@id\":\"https:\\\/\\\/radioleinewelle.de\\\/#organization\"},\"potentialAction\":[{\"@type\":\"SearchAction\",\"target\":{\"@type\":\"EntryPoint\",\"urlTemplate\":\"https:\\\/\\\/radioleinewelle.de\\\/?s={search_term_string}\"},\"query-input\":{\"@type\":\"PropertyValueSpecification\",\"valueRequired\":true,\"valueName\":\"search_term_string\"}}],\"inLanguage\":\"de\"},{\"@type\":\"Organization\",\"@id\":\"https:\\\/\\\/radioleinewelle.de\\\/#organization\",\"name\":\"Radio Leinewelle\",\"alternateName\":\"Mein Radio f\u00fcr S\u00fcdniedersachsen\",\"url\":\"https:\\\/\\\/radioleinewelle.de\\\/\",\"logo\":{\"@type\":\"ImageObject\",\"inLanguage\":\"de\",\"@id\":\"https:\\\/\\\/radioleinewelle.de\\\/#\\\/schema\\\/logo\\\/image\\\/\",\"url\":\"https:\\\/\\\/radioleinewelle.de\\\/wp-content\\\/uploads\\\/2023\\\/11\\\/cropped-Leinewelle_Logo_weiss.png\",\"contentUrl\":\"https:\\\/\\\/radioleinewelle.de\\\/wp-content\\\/uploads\\\/2023\\\/11\\\/cropped-Leinewelle_Logo_weiss.png\",\"width\":854,\"height\":260,\"caption\":\"Radio Leinewelle\"},\"image\":{\"@id\":\"https:\\\/\\\/radioleinewelle.de\\\/#\\\/schema\\\/logo\\\/image\\\/\"},\"sameAs\":[\"https:\\\/\\\/www.facebook.com\\\/radioleinewelle\",\"https:\\\/\\\/x.com\\\/RLeinewelle\",\"https:\\\/\\\/www.instagram.com\\\/radioleinewelle\\\/?hl=de\"]},{\"@type\":\"Person\",\"@id\":\"https:\\\/\\\/radioleinewelle.de\\\/#\\\/schema\\\/person\\\/45606f348637df637192dc1b68399a63\",\"name\":\"Leinewelle\",\"image\":{\"@type\":\"ImageObject\",\"inLanguage\":\"de\",\"@id\":\"https:\\\/\\\/secure.gravatar.com\\\/avatar\\\/05c9a17bc973052ee5d91549bd32fb4dd0dc85b7b85ae94b2e2b4943476bbea5?s=96&d=blank&r=g\",\"url\":\"https:\\\/\\\/secure.gravatar.com\\\/avatar\\\/05c9a17bc973052ee5d91549bd32fb4dd0dc85b7b85ae94b2e2b4943476bbea5?s=96&d=blank&r=g\",\"contentUrl\":\"https:\\\/\\\/secure.gravatar.com\\\/avatar\\\/05c9a17bc973052ee5d91549bd32fb4dd0dc85b7b85ae94b2e2b4943476bbea5?s=96&d=blank&r=g\",\"caption\":\"Leinewelle\"},\"sameAs\":[\"http:\\\/\\\/localhost\\\/radio%20leinewelle\\\/wordpress\",\"https:\\\/\\\/www.facebook.com\\\/radioleinewelle\",\"https:\\\/\\\/www.instagram.com\\\/radioleinewelle\",\"https:\\\/\\\/x.com\\\/https:\\\/\\\/twitter.com\\\/RLeinewelle?ref_src=twsrcgoogletwcampserptwgrauthor\",\"https:\\\/\\\/soundcloud.com\\\/foerderverein-lokalradio?utm_source=clipboard&utm_medium=text&utm_campaign=social_sharing\"],\"url\":\"https:\\\/\\\/radioleinewelle.de\\\/index.php\\\/author\\\/leinewelle\\\/\"}]}<\/script>\n<!-- \/ Yoast SEO plugin. -->","yoast_head_json":{"title":"Johanniter spenden Sheltersuits f\u00fcr Obdachlosenhilfe - Radio Leinewelle","robots":{"index":"index","follow":"follow","max-snippet":"max-snippet:-1","max-image-preview":"max-image-preview:large","max-video-preview":"max-video-preview:-1"},"canonical":"https:\/\/radioleinewelle.de\/index.php\/2023\/12\/07\/johanniter-spenden-sheltersuits-fuer-obdachlosenhilfe\/","og_locale":"de_DE","og_type":"article","og_title":"Johanniter spenden Sheltersuits f\u00fcr Obdachlosenhilfe - Radio Leinewelle","og_description":"Die Stra\u00dfensozialarbeit (Straso), eine Einrichtung des Diakonieverbands im Ev.\u2010luth. Kirchenkreis G\u00f6ttingen\u2010M\u00fcnden, hat f\u00fcnf Sheltersuits f\u00fcr ihre Klient:innen von der Johanniter Hilfsgemeinschaft G\u00f6ttingen (JHG) erhalten. Der Sheltersuit wurde von einer niederl\u00e4ndischen Stiftung entwickelt und ist eine wind\u2010 und wasserdichte Jacke mit einem durch einen Rei\u00dfverschluss angekoppelten Schlafsackaufsatz, verpackt in einem Seesack. Die Jacke besteht aus hochwertigem, [&hellip;]","og_url":"https:\/\/radioleinewelle.de\/index.php\/2023\/12\/07\/johanniter-spenden-sheltersuits-fuer-obdachlosenhilfe\/","og_site_name":"Radio Leinewelle","article_publisher":"https:\/\/www.facebook.com\/radioleinewelle","article_author":"https:\/\/www.facebook.com\/radioleinewelle","article_published_time":"2023-12-07T14:32:05+00:00","article_modified_time":"2023-12-07T14:32:07+00:00","og_image":[{"width":1000,"height":667,"url":"https:\/\/radioleinewelle.de\/wp-content\/uploads\/2023\/12\/JHG-spendet-Sheltersuits-scaled-e1701959503245.jpg","type":"image\/jpeg"}],"author":"Leinewelle","twitter_card":"summary_large_image","twitter_creator":"@https:\/\/twitter.com\/RLeinewelle?ref_src=twsrcgoogletwcampserptwgrauthor","twitter_site":"@RLeinewelle","twitter_misc":{"Verfasst von":"Leinewelle","Gesch\u00e4tzte Lesezeit":"3\u00a0Minuten"},"schema":{"@context":"https:\/\/schema.org","@graph":[{"@type":"Article","@id":"https:\/\/radioleinewelle.de\/index.php\/2023\/12\/07\/johanniter-spenden-sheltersuits-fuer-obdachlosenhilfe\/#article","isPartOf":{"@id":"https:\/\/radioleinewelle.de\/index.php\/2023\/12\/07\/johanniter-spenden-sheltersuits-fuer-obdachlosenhilfe\/"},"author":{"name":"Leinewelle","@id":"https:\/\/radioleinewelle.de\/#\/schema\/person\/45606f348637df637192dc1b68399a63"},"headline":"Johanniter spenden Sheltersuits f\u00fcr Obdachlosenhilfe","datePublished":"2023-12-07T14:32:05+00:00","dateModified":"2023-12-07T14:32:07+00:00","mainEntityOfPage":{"@id":"https:\/\/radioleinewelle.de\/index.php\/2023\/12\/07\/johanniter-spenden-sheltersuits-fuer-obdachlosenhilfe\/"},"wordCount":432,"commentCount":0,"publisher":{"@id":"https:\/\/radioleinewelle.de\/#organization"},"image":{"@id":"https:\/\/radioleinewelle.de\/index.php\/2023\/12\/07\/johanniter-spenden-sheltersuits-fuer-obdachlosenhilfe\/#primaryimage"},"thumbnailUrl":"https:\/\/radioleinewelle.de\/wp-content\/uploads\/2023\/12\/JHG-spendet-Sheltersuits-scaled-e1701959503245.jpg","articleSection":["Charity"],"inLanguage":"de","potentialAction":[{"@type":"CommentAction","name":"Comment","target":["https:\/\/radioleinewelle.de\/index.php\/2023\/12\/07\/johanniter-spenden-sheltersuits-fuer-obdachlosenhilfe\/#respond"]}]},{"@type":"WebPage","@id":"https:\/\/radioleinewelle.de\/index.php\/2023\/12\/07\/johanniter-spenden-sheltersuits-fuer-obdachlosenhilfe\/","url":"https:\/\/radioleinewelle.de\/index.php\/2023\/12\/07\/johanniter-spenden-sheltersuits-fuer-obdachlosenhilfe\/","name":"Johanniter spenden Sheltersuits f\u00fcr Obdachlosenhilfe - Radio Leinewelle","isPartOf":{"@id":"https:\/\/radioleinewelle.de\/#website"},"primaryImageOfPage":{"@id":"https:\/\/radioleinewelle.de\/index.php\/2023\/12\/07\/johanniter-spenden-sheltersuits-fuer-obdachlosenhilfe\/#primaryimage"},"image":{"@id":"https:\/\/radioleinewelle.de\/index.php\/2023\/12\/07\/johanniter-spenden-sheltersuits-fuer-obdachlosenhilfe\/#primaryimage"},"thumbnailUrl":"https:\/\/radioleinewelle.de\/wp-content\/uploads\/2023\/12\/JHG-spendet-Sheltersuits-scaled-e1701959503245.jpg","datePublished":"2023-12-07T14:32:05+00:00","dateModified":"2023-12-07T14:32:07+00:00","breadcrumb":{"@id":"https:\/\/radioleinewelle.de\/index.php\/2023\/12\/07\/johanniter-spenden-sheltersuits-fuer-obdachlosenhilfe\/#breadcrumb"},"inLanguage":"de","potentialAction":[{"@type":"ReadAction","target":["https:\/\/radioleinewelle.de\/index.php\/2023\/12\/07\/johanniter-spenden-sheltersuits-fuer-obdachlosenhilfe\/"]}]},{"@type":"ImageObject","inLanguage":"de","@id":"https:\/\/radioleinewelle.de\/index.php\/2023\/12\/07\/johanniter-spenden-sheltersuits-fuer-obdachlosenhilfe\/#primaryimage","url":"https:\/\/radioleinewelle.de\/wp-content\/uploads\/2023\/12\/JHG-spendet-Sheltersuits-scaled-e1701959503245.jpg","contentUrl":"https:\/\/radioleinewelle.de\/wp-content\/uploads\/2023\/12\/JHG-spendet-Sheltersuits-scaled-e1701959503245.jpg","width":1000,"height":667},{"@type":"BreadcrumbList","@id":"https:\/\/radioleinewelle.de\/index.php\/2023\/12\/07\/johanniter-spenden-sheltersuits-fuer-obdachlosenhilfe\/#breadcrumb","itemListElement":[{"@type":"ListItem","position":1,"name":"Startseite","item":"https:\/\/radioleinewelle.de\/"},{"@type":"ListItem","position":2,"name":"Johanniter spenden Sheltersuits f\u00fcr Obdachlosenhilfe"}]},{"@type":"WebSite","@id":"https:\/\/radioleinewelle.de\/#website","url":"https:\/\/radioleinewelle.de\/","name":"Radio Leinewelle","description":"","publisher":{"@id":"https:\/\/radioleinewelle.de\/#organization"},"potentialAction":[{"@type":"SearchAction","target":{"@type":"EntryPoint","urlTemplate":"https:\/\/radioleinewelle.de\/?s={search_term_string}"},"query-input":{"@type":"PropertyValueSpecification","valueRequired":true,"valueName":"search_term_string"}}],"inLanguage":"de"},{"@type":"Organization","@id":"https:\/\/radioleinewelle.de\/#organization","name":"Radio Leinewelle","alternateName":"Mein Radio f\u00fcr S\u00fcdniedersachsen","url":"https:\/\/radioleinewelle.de\/","logo":{"@type":"ImageObject","inLanguage":"de","@id":"https:\/\/radioleinewelle.de\/#\/schema\/logo\/image\/","url":"https:\/\/radioleinewelle.de\/wp-content\/uploads\/2023\/11\/cropped-Leinewelle_Logo_weiss.png","contentUrl":"https:\/\/radioleinewelle.de\/wp-content\/uploads\/2023\/11\/cropped-Leinewelle_Logo_weiss.png","width":854,"height":260,"caption":"Radio Leinewelle"},"image":{"@id":"https:\/\/radioleinewelle.de\/#\/schema\/logo\/image\/"},"sameAs":["https:\/\/www.facebook.com\/radioleinewelle","https:\/\/x.com\/RLeinewelle","https:\/\/www.instagram.com\/radioleinewelle\/?hl=de"]},{"@type":"Person","@id":"https:\/\/radioleinewelle.de\/#\/schema\/person\/45606f348637df637192dc1b68399a63","name":"Leinewelle","image":{"@type":"ImageObject","inLanguage":"de","@id":"https:\/\/secure.gravatar.com\/avatar\/05c9a17bc973052ee5d91549bd32fb4dd0dc85b7b85ae94b2e2b4943476bbea5?s=96&d=blank&r=g","url":"https:\/\/secure.gravatar.com\/avatar\/05c9a17bc973052ee5d91549bd32fb4dd0dc85b7b85ae94b2e2b4943476bbea5?s=96&d=blank&r=g","contentUrl":"https:\/\/secure.gravatar.com\/avatar\/05c9a17bc973052ee5d91549bd32fb4dd0dc85b7b85ae94b2e2b4943476bbea5?s=96&d=blank&r=g","caption":"Leinewelle"},"sameAs":["http:\/\/localhost\/radio%20leinewelle\/wordpress","https:\/\/www.facebook.com\/radioleinewelle","https:\/\/www.instagram.com\/radioleinewelle","https:\/\/x.com\/https:\/\/twitter.com\/RLeinewelle?ref_src=twsrcgoogletwcampserptwgrauthor","https:\/\/soundcloud.com\/foerderverein-lokalradio?utm_source=clipboard&utm_medium=text&utm_campaign=social_sharing"],"url":"https:\/\/radioleinewelle.de\/index.php\/author\/leinewelle\/"}]}},"_links":{"self":[{"href":"https:\/\/radioleinewelle.de\/index.php\/wp-json\/wp\/v2\/posts\/24657","targetHints":{"allow":["GET"]}}],"collection":[{"href":"https:\/\/radioleinewelle.de\/index.php\/wp-json\/wp\/v2\/posts"}],"about":[{"href":"https:\/\/radioleinewelle.de\/index.php\/wp-json\/wp\/v2\/types\/post"}],"author":[{"embeddable":true,"href":"https:\/\/radioleinewelle.de\/index.php\/wp-json\/wp\/v2\/users\/1"}],"replies":[{"embeddable":true,"href":"https:\/\/radioleinewelle.de\/index.php\/wp-json\/wp\/v2\/comments?post=24657"}],"version-history":[{"count":3,"href":"https:\/\/radioleinewelle.de\/index.php\/wp-json\/wp\/v2\/posts\/24657\/revisions"}],"predecessor-version":[{"id":24661,"href":"https:\/\/radioleinewelle.de\/index.php\/wp-json\/wp\/v2\/posts\/24657\/revisions\/24661"}],"wp:featuredmedia":[{"embeddable":true,"href":"https:\/\/radioleinewelle.de\/index.php\/wp-json\/wp\/v2\/media\/24660"}],"wp:attachment":[{"href":"https:\/\/radioleinewelle.de\/index.php\/wp-json\/wp\/v2\/media?parent=24657"}],"wp:term":[{"taxonomy":"category","embeddable":true,"href":"https:\/\/radioleinewelle.de\/index.php\/wp-json\/wp\/v2\/categories?post=24657"},{"taxonomy":"post_tag","embeddable":true,"href":"https:\/\/radioleinewelle.de\/index.php\/wp-json\/wp\/v2\/tags?post=24657"}],"curies":[{"name":"wp","href":"https:\/\/api.w.org\/{rel}","templated":true}]}}