{"id":24665,"date":"2023-12-08T10:57:39","date_gmt":"2023-12-08T09:57:39","guid":{"rendered":"https:\/\/radioleinewelle.de\/?p=24665"},"modified":"2023-12-08T10:57:41","modified_gmt":"2023-12-08T09:57:41","slug":"weender-visite-die-last-mit-den-harnsteinen","status":"publish","type":"post","link":"https:\/\/radioleinewelle.de\/index.php\/2023\/12\/08\/weender-visite-die-last-mit-den-harnsteinen\/","title":{"rendered":"Weender Visite &#8211; Die Last mit den Harnsteinen"},"content":{"rendered":"\n<p>Wenn Steine plagen, den Weg nach Weende erfragen\u201c \u2013 so lautet das Motto der Weender Visite am Dienstag, 12. Dezember, um 18 Uhr. Bei der Patienten-Informationsveranstaltung geht es in diesem Monat um Harnsteine. Diese k\u00f6nnen sich auf sehr schmerzhafte Art und Weise bemerkbar machen. Im schlimmsten Fall blockieren sie die Harnwege, was zu schweren Koliken f\u00fchrt. Je nachdem, wo sich die Harnsteine befinden, variieren die Symptome. Sie k\u00f6nnen sich im Nierenbereich befinden, in den Harnleitern, der Blase oder auch der Harnr\u00f6hre. Harnsteine sind ein Volksleiden, f\u00fcnf bis zehn Prozent der Bev\u00f6lkerung sind betroffen. Tendenz: steigend. Die Ursachen daf\u00fcr sind vor allem ungesunde Ern\u00e4hrung und Bewegungsmangel. Die gute Nachricht: Es gibt zahlreiche M\u00f6glichkeiten, die Patienten von diesem schmerzhaften Leiden zu befreien. Unter anderem dar\u00fcber geht es in dem Experten-Vortrag.<\/p>\n\n\n\n<p><strong>Weender Visite:&nbsp;<\/strong>\u201e<strong>Wenn Steine plagen, den Weg nach Weende erfragen \u2013 Die Last mit den Harnsteinen<\/strong>\u201c<\/p>\n\n\n\n<p><strong>Datum:\u00a0Dienstag, 12. Dezember 2023, 18 Uhr<\/strong><br><strong>Referent:\u00a0Prof. Dr. Hans-Werner Gottfried, Stellv. Chefarzt Urologie und Kinderurologie, EKW<\/strong><br><strong>Ort:\u00a0Krankenhaus Neu-Mariahilf, Waldweg 9, 37073 G\u00f6ttingen, Seminarraum im UG<\/strong><\/p>\n\n\n\n<p><strong>Eintritt frei!<\/strong><\/p>\n\n\n\n<p><strong>Foto:<\/strong> Prof. Dr. Hans-Werner Gottfried \u00a9EKW<\/p>\n","protected":false},"excerpt":{"rendered":"<p>Wenn Steine plagen, den Weg nach Weende erfragen\u201c \u2013 so lautet das Motto der Weender Visite am Dienstag, 12. Dezember, um 18 Uhr. Bei der Patienten-Informationsveranstaltung geht es in diesem Monat um Harnsteine. Diese k\u00f6nnen sich auf sehr schmerzhafte Art und Weise bemerkbar machen. Im schlimmsten Fall blockieren sie die Harnwege, was zu schweren Koliken [&hellip;]<\/p>\n","protected":false},"author":1,"featured_media":24667,"comment_status":"open","ping_status":"open","sticky":true,"template":"","format":"standard","meta":{"saved_in_kubio":false,"footnotes":""},"categories":[40],"tags":[],"class_list":["post-24665","post","type-post","status-publish","format-standard","has-post-thumbnail","hentry","category-gesundheit"],"yoast_head":"<!-- This site is optimized with the Yoast SEO plugin v27.5 - https:\/\/yoast.com\/product\/yoast-seo-wordpress\/ -->\n<title>Weender Visite - Die Last mit den Harnsteinen - Radio Leinewelle<\/title>\n<meta name=\"robots\" content=\"index, follow, max-snippet:-1, max-image-preview:large, max-video-preview:-1\" \/>\n<link rel=\"canonical\" href=\"https:\/\/radioleinewelle.de\/index.php\/2023\/12\/08\/weender-visite-die-last-mit-den-harnsteinen\/\" \/>\n<meta property=\"og:locale\" content=\"de_DE\" \/>\n<meta property=\"og:type\" content=\"article\" \/>\n<meta property=\"og:title\" content=\"Weender Visite - Die Last mit den Harnsteinen - Radio Leinewelle\" \/>\n<meta property=\"og:description\" content=\"Wenn Steine plagen, den Weg nach Weende erfragen\u201c \u2013 so lautet das Motto der Weender Visite am Dienstag, 12. Dezember, um 18 Uhr. Bei der Patienten-Informationsveranstaltung geht es in diesem Monat um Harnsteine. Diese k\u00f6nnen sich auf sehr schmerzhafte Art und Weise bemerkbar machen. Im schlimmsten Fall blockieren sie die Harnwege, was zu schweren Koliken [&hellip;]\" \/>\n<meta property=\"og:url\" content=\"https:\/\/radioleinewelle.de\/index.php\/2023\/12\/08\/weender-visite-die-last-mit-den-harnsteinen\/\" \/>\n<meta property=\"og:site_name\" content=\"Radio Leinewelle\" \/>\n<meta property=\"article:publisher\" content=\"https:\/\/www.facebook.com\/radioleinewelle\" \/>\n<meta property=\"article:author\" content=\"https:\/\/www.facebook.com\/radioleinewelle\" \/>\n<meta property=\"article:published_time\" content=\"2023-12-08T09:57:39+00:00\" \/>\n<meta property=\"article:modified_time\" content=\"2023-12-08T09:57:41+00:00\" \/>\n<meta property=\"og:image\" content=\"https:\/\/radioleinewelle.de\/wp-content\/uploads\/2023\/12\/Prof.-Dr.-Hans-Werner-Gottfried_EKW-e1702029333826.jpg\" \/>\n\t<meta property=\"og:image:width\" content=\"1000\" \/>\n\t<meta property=\"og:image:height\" content=\"667\" \/>\n\t<meta property=\"og:image:type\" content=\"image\/jpeg\" \/>\n<meta name=\"author\" content=\"Leinewelle\" \/>\n<meta name=\"twitter:card\" content=\"summary_large_image\" \/>\n<meta name=\"twitter:creator\" content=\"@https:\/\/twitter.com\/RLeinewelle?ref_src=twsrcgoogletwcampserptwgrauthor\" \/>\n<meta name=\"twitter:site\" content=\"@RLeinewelle\" \/>\n<meta name=\"twitter:label1\" content=\"Verfasst von\" \/>\n\t<meta name=\"twitter:data1\" content=\"Leinewelle\" \/>\n\t<meta name=\"twitter:label2\" content=\"Gesch\u00e4tzte Lesezeit\" \/>\n\t<meta name=\"twitter:data2\" content=\"1\u00a0Minute\" \/>\n<script type=\"application\/ld+json\" class=\"yoast-schema-graph\">{\"@context\":\"https:\\\/\\\/schema.org\",\"@graph\":[{\"@type\":\"Article\",\"@id\":\"https:\\\/\\\/radioleinewelle.de\\\/index.php\\\/2023\\\/12\\\/08\\\/weender-visite-die-last-mit-den-harnsteinen\\\/#article\",\"isPartOf\":{\"@id\":\"https:\\\/\\\/radioleinewelle.de\\\/index.php\\\/2023\\\/12\\\/08\\\/weender-visite-die-last-mit-den-harnsteinen\\\/\"},\"author\":{\"name\":\"Leinewelle\",\"@id\":\"https:\\\/\\\/radioleinewelle.de\\\/#\\\/schema\\\/person\\\/45606f348637df637192dc1b68399a63\"},\"headline\":\"Weender Visite &#8211; Die Last mit den Harnsteinen\",\"datePublished\":\"2023-12-08T09:57:39+00:00\",\"dateModified\":\"2023-12-08T09:57:41+00:00\",\"mainEntityOfPage\":{\"@id\":\"https:\\\/\\\/radioleinewelle.de\\\/index.php\\\/2023\\\/12\\\/08\\\/weender-visite-die-last-mit-den-harnsteinen\\\/\"},\"wordCount\":191,\"commentCount\":0,\"publisher\":{\"@id\":\"https:\\\/\\\/radioleinewelle.de\\\/#organization\"},\"image\":{\"@id\":\"https:\\\/\\\/radioleinewelle.de\\\/index.php\\\/2023\\\/12\\\/08\\\/weender-visite-die-last-mit-den-harnsteinen\\\/#primaryimage\"},\"thumbnailUrl\":\"https:\\\/\\\/radioleinewelle.de\\\/wp-content\\\/uploads\\\/2023\\\/12\\\/Prof.-Dr.-Hans-Werner-Gottfried_EKW-e1702029333826.jpg\",\"articleSection\":[\"Gesundheit\"],\"inLanguage\":\"de\",\"potentialAction\":[{\"@type\":\"CommentAction\",\"name\":\"Comment\",\"target\":[\"https:\\\/\\\/radioleinewelle.de\\\/index.php\\\/2023\\\/12\\\/08\\\/weender-visite-die-last-mit-den-harnsteinen\\\/#respond\"]}]},{\"@type\":\"WebPage\",\"@id\":\"https:\\\/\\\/radioleinewelle.de\\\/index.php\\\/2023\\\/12\\\/08\\\/weender-visite-die-last-mit-den-harnsteinen\\\/\",\"url\":\"https:\\\/\\\/radioleinewelle.de\\\/index.php\\\/2023\\\/12\\\/08\\\/weender-visite-die-last-mit-den-harnsteinen\\\/\",\"name\":\"Weender Visite - Die Last mit den Harnsteinen - Radio Leinewelle\",\"isPartOf\":{\"@id\":\"https:\\\/\\\/radioleinewelle.de\\\/#website\"},\"primaryImageOfPage\":{\"@id\":\"https:\\\/\\\/radioleinewelle.de\\\/index.php\\\/2023\\\/12\\\/08\\\/weender-visite-die-last-mit-den-harnsteinen\\\/#primaryimage\"},\"image\":{\"@id\":\"https:\\\/\\\/radioleinewelle.de\\\/index.php\\\/2023\\\/12\\\/08\\\/weender-visite-die-last-mit-den-harnsteinen\\\/#primaryimage\"},\"thumbnailUrl\":\"https:\\\/\\\/radioleinewelle.de\\\/wp-content\\\/uploads\\\/2023\\\/12\\\/Prof.-Dr.-Hans-Werner-Gottfried_EKW-e1702029333826.jpg\",\"datePublished\":\"2023-12-08T09:57:39+00:00\",\"dateModified\":\"2023-12-08T09:57:41+00:00\",\"breadcrumb\":{\"@id\":\"https:\\\/\\\/radioleinewelle.de\\\/index.php\\\/2023\\\/12\\\/08\\\/weender-visite-die-last-mit-den-harnsteinen\\\/#breadcrumb\"},\"inLanguage\":\"de\",\"potentialAction\":[{\"@type\":\"ReadAction\",\"target\":[\"https:\\\/\\\/radioleinewelle.de\\\/index.php\\\/2023\\\/12\\\/08\\\/weender-visite-die-last-mit-den-harnsteinen\\\/\"]}]},{\"@type\":\"ImageObject\",\"inLanguage\":\"de\",\"@id\":\"https:\\\/\\\/radioleinewelle.de\\\/index.php\\\/2023\\\/12\\\/08\\\/weender-visite-die-last-mit-den-harnsteinen\\\/#primaryimage\",\"url\":\"https:\\\/\\\/radioleinewelle.de\\\/wp-content\\\/uploads\\\/2023\\\/12\\\/Prof.-Dr.-Hans-Werner-Gottfried_EKW-e1702029333826.jpg\",\"contentUrl\":\"https:\\\/\\\/radioleinewelle.de\\\/wp-content\\\/uploads\\\/2023\\\/12\\\/Prof.-Dr.-Hans-Werner-Gottfried_EKW-e1702029333826.jpg\",\"width\":1000,\"height\":667},{\"@type\":\"BreadcrumbList\",\"@id\":\"https:\\\/\\\/radioleinewelle.de\\\/index.php\\\/2023\\\/12\\\/08\\\/weender-visite-die-last-mit-den-harnsteinen\\\/#breadcrumb\",\"itemListElement\":[{\"@type\":\"ListItem\",\"position\":1,\"name\":\"Startseite\",\"item\":\"https:\\\/\\\/radioleinewelle.de\\\/\"},{\"@type\":\"ListItem\",\"position\":2,\"name\":\"Weender Visite &#8211; Die Last mit den Harnsteinen\"}]},{\"@type\":\"WebSite\",\"@id\":\"https:\\\/\\\/radioleinewelle.de\\\/#website\",\"url\":\"https:\\\/\\\/radioleinewelle.de\\\/\",\"name\":\"Radio Leinewelle\",\"description\":\"\",\"publisher\":{\"@id\":\"https:\\\/\\\/radioleinewelle.de\\\/#organization\"},\"potentialAction\":[{\"@type\":\"SearchAction\",\"target\":{\"@type\":\"EntryPoint\",\"urlTemplate\":\"https:\\\/\\\/radioleinewelle.de\\\/?s={search_term_string}\"},\"query-input\":{\"@type\":\"PropertyValueSpecification\",\"valueRequired\":true,\"valueName\":\"search_term_string\"}}],\"inLanguage\":\"de\"},{\"@type\":\"Organization\",\"@id\":\"https:\\\/\\\/radioleinewelle.de\\\/#organization\",\"name\":\"Radio Leinewelle\",\"alternateName\":\"Mein Radio f\u00fcr S\u00fcdniedersachsen\",\"url\":\"https:\\\/\\\/radioleinewelle.de\\\/\",\"logo\":{\"@type\":\"ImageObject\",\"inLanguage\":\"de\",\"@id\":\"https:\\\/\\\/radioleinewelle.de\\\/#\\\/schema\\\/logo\\\/image\\\/\",\"url\":\"https:\\\/\\\/radioleinewelle.de\\\/wp-content\\\/uploads\\\/2023\\\/11\\\/cropped-Leinewelle_Logo_weiss.png\",\"contentUrl\":\"https:\\\/\\\/radioleinewelle.de\\\/wp-content\\\/uploads\\\/2023\\\/11\\\/cropped-Leinewelle_Logo_weiss.png\",\"width\":854,\"height\":260,\"caption\":\"Radio Leinewelle\"},\"image\":{\"@id\":\"https:\\\/\\\/radioleinewelle.de\\\/#\\\/schema\\\/logo\\\/image\\\/\"},\"sameAs\":[\"https:\\\/\\\/www.facebook.com\\\/radioleinewelle\",\"https:\\\/\\\/x.com\\\/RLeinewelle\",\"https:\\\/\\\/www.instagram.com\\\/radioleinewelle\\\/?hl=de\"]},{\"@type\":\"Person\",\"@id\":\"https:\\\/\\\/radioleinewelle.de\\\/#\\\/schema\\\/person\\\/45606f348637df637192dc1b68399a63\",\"name\":\"Leinewelle\",\"image\":{\"@type\":\"ImageObject\",\"inLanguage\":\"de\",\"@id\":\"https:\\\/\\\/secure.gravatar.com\\\/avatar\\\/05c9a17bc973052ee5d91549bd32fb4dd0dc85b7b85ae94b2e2b4943476bbea5?s=96&d=blank&r=g\",\"url\":\"https:\\\/\\\/secure.gravatar.com\\\/avatar\\\/05c9a17bc973052ee5d91549bd32fb4dd0dc85b7b85ae94b2e2b4943476bbea5?s=96&d=blank&r=g\",\"contentUrl\":\"https:\\\/\\\/secure.gravatar.com\\\/avatar\\\/05c9a17bc973052ee5d91549bd32fb4dd0dc85b7b85ae94b2e2b4943476bbea5?s=96&d=blank&r=g\",\"caption\":\"Leinewelle\"},\"sameAs\":[\"http:\\\/\\\/localhost\\\/radio%20leinewelle\\\/wordpress\",\"https:\\\/\\\/www.facebook.com\\\/radioleinewelle\",\"https:\\\/\\\/www.instagram.com\\\/radioleinewelle\",\"https:\\\/\\\/x.com\\\/https:\\\/\\\/twitter.com\\\/RLeinewelle?ref_src=twsrcgoogletwcampserptwgrauthor\",\"https:\\\/\\\/soundcloud.com\\\/foerderverein-lokalradio?utm_source=clipboard&utm_medium=text&utm_campaign=social_sharing\"],\"url\":\"https:\\\/\\\/radioleinewelle.de\\\/index.php\\\/author\\\/leinewelle\\\/\"}]}<\/script>\n<!-- \/ Yoast SEO plugin. -->","yoast_head_json":{"title":"Weender Visite - Die Last mit den Harnsteinen - Radio Leinewelle","robots":{"index":"index","follow":"follow","max-snippet":"max-snippet:-1","max-image-preview":"max-image-preview:large","max-video-preview":"max-video-preview:-1"},"canonical":"https:\/\/radioleinewelle.de\/index.php\/2023\/12\/08\/weender-visite-die-last-mit-den-harnsteinen\/","og_locale":"de_DE","og_type":"article","og_title":"Weender Visite - Die Last mit den Harnsteinen - Radio Leinewelle","og_description":"Wenn Steine plagen, den Weg nach Weende erfragen\u201c \u2013 so lautet das Motto der Weender Visite am Dienstag, 12. Dezember, um 18 Uhr. Bei der Patienten-Informationsveranstaltung geht es in diesem Monat um Harnsteine. Diese k\u00f6nnen sich auf sehr schmerzhafte Art und Weise bemerkbar machen. Im schlimmsten Fall blockieren sie die Harnwege, was zu schweren Koliken [&hellip;]","og_url":"https:\/\/radioleinewelle.de\/index.php\/2023\/12\/08\/weender-visite-die-last-mit-den-harnsteinen\/","og_site_name":"Radio Leinewelle","article_publisher":"https:\/\/www.facebook.com\/radioleinewelle","article_author":"https:\/\/www.facebook.com\/radioleinewelle","article_published_time":"2023-12-08T09:57:39+00:00","article_modified_time":"2023-12-08T09:57:41+00:00","og_image":[{"width":1000,"height":667,"url":"https:\/\/radioleinewelle.de\/wp-content\/uploads\/2023\/12\/Prof.-Dr.-Hans-Werner-Gottfried_EKW-e1702029333826.jpg","type":"image\/jpeg"}],"author":"Leinewelle","twitter_card":"summary_large_image","twitter_creator":"@https:\/\/twitter.com\/RLeinewelle?ref_src=twsrcgoogletwcampserptwgrauthor","twitter_site":"@RLeinewelle","twitter_misc":{"Verfasst von":"Leinewelle","Gesch\u00e4tzte Lesezeit":"1\u00a0Minute"},"schema":{"@context":"https:\/\/schema.org","@graph":[{"@type":"Article","@id":"https:\/\/radioleinewelle.de\/index.php\/2023\/12\/08\/weender-visite-die-last-mit-den-harnsteinen\/#article","isPartOf":{"@id":"https:\/\/radioleinewelle.de\/index.php\/2023\/12\/08\/weender-visite-die-last-mit-den-harnsteinen\/"},"author":{"name":"Leinewelle","@id":"https:\/\/radioleinewelle.de\/#\/schema\/person\/45606f348637df637192dc1b68399a63"},"headline":"Weender Visite &#8211; Die Last mit den Harnsteinen","datePublished":"2023-12-08T09:57:39+00:00","dateModified":"2023-12-08T09:57:41+00:00","mainEntityOfPage":{"@id":"https:\/\/radioleinewelle.de\/index.php\/2023\/12\/08\/weender-visite-die-last-mit-den-harnsteinen\/"},"wordCount":191,"commentCount":0,"publisher":{"@id":"https:\/\/radioleinewelle.de\/#organization"},"image":{"@id":"https:\/\/radioleinewelle.de\/index.php\/2023\/12\/08\/weender-visite-die-last-mit-den-harnsteinen\/#primaryimage"},"thumbnailUrl":"https:\/\/radioleinewelle.de\/wp-content\/uploads\/2023\/12\/Prof.-Dr.-Hans-Werner-Gottfried_EKW-e1702029333826.jpg","articleSection":["Gesundheit"],"inLanguage":"de","potentialAction":[{"@type":"CommentAction","name":"Comment","target":["https:\/\/radioleinewelle.de\/index.php\/2023\/12\/08\/weender-visite-die-last-mit-den-harnsteinen\/#respond"]}]},{"@type":"WebPage","@id":"https:\/\/radioleinewelle.de\/index.php\/2023\/12\/08\/weender-visite-die-last-mit-den-harnsteinen\/","url":"https:\/\/radioleinewelle.de\/index.php\/2023\/12\/08\/weender-visite-die-last-mit-den-harnsteinen\/","name":"Weender Visite - Die Last mit den Harnsteinen - Radio Leinewelle","isPartOf":{"@id":"https:\/\/radioleinewelle.de\/#website"},"primaryImageOfPage":{"@id":"https:\/\/radioleinewelle.de\/index.php\/2023\/12\/08\/weender-visite-die-last-mit-den-harnsteinen\/#primaryimage"},"image":{"@id":"https:\/\/radioleinewelle.de\/index.php\/2023\/12\/08\/weender-visite-die-last-mit-den-harnsteinen\/#primaryimage"},"thumbnailUrl":"https:\/\/radioleinewelle.de\/wp-content\/uploads\/2023\/12\/Prof.-Dr.-Hans-Werner-Gottfried_EKW-e1702029333826.jpg","datePublished":"2023-12-08T09:57:39+00:00","dateModified":"2023-12-08T09:57:41+00:00","breadcrumb":{"@id":"https:\/\/radioleinewelle.de\/index.php\/2023\/12\/08\/weender-visite-die-last-mit-den-harnsteinen\/#breadcrumb"},"inLanguage":"de","potentialAction":[{"@type":"ReadAction","target":["https:\/\/radioleinewelle.de\/index.php\/2023\/12\/08\/weender-visite-die-last-mit-den-harnsteinen\/"]}]},{"@type":"ImageObject","inLanguage":"de","@id":"https:\/\/radioleinewelle.de\/index.php\/2023\/12\/08\/weender-visite-die-last-mit-den-harnsteinen\/#primaryimage","url":"https:\/\/radioleinewelle.de\/wp-content\/uploads\/2023\/12\/Prof.-Dr.-Hans-Werner-Gottfried_EKW-e1702029333826.jpg","contentUrl":"https:\/\/radioleinewelle.de\/wp-content\/uploads\/2023\/12\/Prof.-Dr.-Hans-Werner-Gottfried_EKW-e1702029333826.jpg","width":1000,"height":667},{"@type":"BreadcrumbList","@id":"https:\/\/radioleinewelle.de\/index.php\/2023\/12\/08\/weender-visite-die-last-mit-den-harnsteinen\/#breadcrumb","itemListElement":[{"@type":"ListItem","position":1,"name":"Startseite","item":"https:\/\/radioleinewelle.de\/"},{"@type":"ListItem","position":2,"name":"Weender Visite &#8211; Die Last mit den Harnsteinen"}]},{"@type":"WebSite","@id":"https:\/\/radioleinewelle.de\/#website","url":"https:\/\/radioleinewelle.de\/","name":"Radio Leinewelle","description":"","publisher":{"@id":"https:\/\/radioleinewelle.de\/#organization"},"potentialAction":[{"@type":"SearchAction","target":{"@type":"EntryPoint","urlTemplate":"https:\/\/radioleinewelle.de\/?s={search_term_string}"},"query-input":{"@type":"PropertyValueSpecification","valueRequired":true,"valueName":"search_term_string"}}],"inLanguage":"de"},{"@type":"Organization","@id":"https:\/\/radioleinewelle.de\/#organization","name":"Radio Leinewelle","alternateName":"Mein Radio f\u00fcr S\u00fcdniedersachsen","url":"https:\/\/radioleinewelle.de\/","logo":{"@type":"ImageObject","inLanguage":"de","@id":"https:\/\/radioleinewelle.de\/#\/schema\/logo\/image\/","url":"https:\/\/radioleinewelle.de\/wp-content\/uploads\/2023\/11\/cropped-Leinewelle_Logo_weiss.png","contentUrl":"https:\/\/radioleinewelle.de\/wp-content\/uploads\/2023\/11\/cropped-Leinewelle_Logo_weiss.png","width":854,"height":260,"caption":"Radio Leinewelle"},"image":{"@id":"https:\/\/radioleinewelle.de\/#\/schema\/logo\/image\/"},"sameAs":["https:\/\/www.facebook.com\/radioleinewelle","https:\/\/x.com\/RLeinewelle","https:\/\/www.instagram.com\/radioleinewelle\/?hl=de"]},{"@type":"Person","@id":"https:\/\/radioleinewelle.de\/#\/schema\/person\/45606f348637df637192dc1b68399a63","name":"Leinewelle","image":{"@type":"ImageObject","inLanguage":"de","@id":"https:\/\/secure.gravatar.com\/avatar\/05c9a17bc973052ee5d91549bd32fb4dd0dc85b7b85ae94b2e2b4943476bbea5?s=96&d=blank&r=g","url":"https:\/\/secure.gravatar.com\/avatar\/05c9a17bc973052ee5d91549bd32fb4dd0dc85b7b85ae94b2e2b4943476bbea5?s=96&d=blank&r=g","contentUrl":"https:\/\/secure.gravatar.com\/avatar\/05c9a17bc973052ee5d91549bd32fb4dd0dc85b7b85ae94b2e2b4943476bbea5?s=96&d=blank&r=g","caption":"Leinewelle"},"sameAs":["http:\/\/localhost\/radio%20leinewelle\/wordpress","https:\/\/www.facebook.com\/radioleinewelle","https:\/\/www.instagram.com\/radioleinewelle","https:\/\/x.com\/https:\/\/twitter.com\/RLeinewelle?ref_src=twsrcgoogletwcampserptwgrauthor","https:\/\/soundcloud.com\/foerderverein-lokalradio?utm_source=clipboard&utm_medium=text&utm_campaign=social_sharing"],"url":"https:\/\/radioleinewelle.de\/index.php\/author\/leinewelle\/"}]}},"_links":{"self":[{"href":"https:\/\/radioleinewelle.de\/index.php\/wp-json\/wp\/v2\/posts\/24665","targetHints":{"allow":["GET"]}}],"collection":[{"href":"https:\/\/radioleinewelle.de\/index.php\/wp-json\/wp\/v2\/posts"}],"about":[{"href":"https:\/\/radioleinewelle.de\/index.php\/wp-json\/wp\/v2\/types\/post"}],"author":[{"embeddable":true,"href":"https:\/\/radioleinewelle.de\/index.php\/wp-json\/wp\/v2\/users\/1"}],"replies":[{"embeddable":true,"href":"https:\/\/radioleinewelle.de\/index.php\/wp-json\/wp\/v2\/comments?post=24665"}],"version-history":[{"count":2,"href":"https:\/\/radioleinewelle.de\/index.php\/wp-json\/wp\/v2\/posts\/24665\/revisions"}],"predecessor-version":[{"id":24668,"href":"https:\/\/radioleinewelle.de\/index.php\/wp-json\/wp\/v2\/posts\/24665\/revisions\/24668"}],"wp:featuredmedia":[{"embeddable":true,"href":"https:\/\/radioleinewelle.de\/index.php\/wp-json\/wp\/v2\/media\/24667"}],"wp:attachment":[{"href":"https:\/\/radioleinewelle.de\/index.php\/wp-json\/wp\/v2\/media?parent=24665"}],"wp:term":[{"taxonomy":"category","embeddable":true,"href":"https:\/\/radioleinewelle.de\/index.php\/wp-json\/wp\/v2\/categories?post=24665"},{"taxonomy":"post_tag","embeddable":true,"href":"https:\/\/radioleinewelle.de\/index.php\/wp-json\/wp\/v2\/tags?post=24665"}],"curies":[{"name":"wp","href":"https:\/\/api.w.org\/{rel}","templated":true}]}}