{"id":24669,"date":"2023-12-08T11:17:43","date_gmt":"2023-12-08T10:17:43","guid":{"rendered":"https:\/\/radioleinewelle.de\/?p=24669"},"modified":"2023-12-08T11:19:29","modified_gmt":"2023-12-08T10:19:29","slug":"24669","status":"publish","type":"post","link":"https:\/\/radioleinewelle.de\/index.php\/2023\/12\/08\/24669\/","title":{"rendered":"Stadtf\u00fchrungen zur Geschichte der Juden in Seesen"},"content":{"rendered":"\n<p>Die Stadt Seesen hat in enger Zusammenarbeit mit dem Israel Jacobson Netzwerk e.V. ein in S\u00fcdniedersachsen einzigartiges kulturtouristisches Angebot geschaffen: Auf drei thematisch unterschiedlichen Stadtrundg\u00e4ngen k\u00f6nnen Besucherinnen und Besucher v\u00f6llig neue Einblicke in das einst so bl\u00fchende j\u00fcdische Leben in Seesen gewinnen und so den unbekanntesten unter den weltber\u00fchmten Orten mit j\u00fcdischer Geschichte entdecken.<\/p>\n\n\n\n<p>Wie haben j\u00fcdische Familien hier gelebt und ihren Alltag verbracht? Welche religi\u00f6sen Einrichtungen waren zentral f\u00fcr die j\u00fcdische Gemeinde in Seesen und wo befinden sich Erinnerungsorte an die Zeit des Nationalsozialismus? \u201eAls ein Ursprungsort des modernen Judentums und zentrale Wirkst\u00e4tte des Aufkl\u00e4rers und Reformers Israel Jacobson geh\u00f6rt Seesen international zu einem der wichtigsten Orte der j\u00fcdischen Welt\u201c, erkl\u00e4rt Dr. J\u00f6rg Munzel, Vorstand des Israel Jacobson Netzwerks, die Bedeutung Seesens. \u201eB\u00fcrger wie Besucher k\u00f6nnen in drei Streifz\u00fcgen auf Entdeckungsreise gehen und ab sofort eine der faszinierendsten St\u00e4tten j\u00fcdischer Geschichte in Deutschland kennenlernen.\u201c<\/p>\n\n\n\n<p>Das Besondere: \u00fcber angebotene Links k\u00f6nnen sich Besucher zu jedem Streifzug und jeder Station vertiefende Informationen einholen. Gespickt mit pers\u00f6nlichen und zugleich beeindruckenden Geschichten j\u00fcdischer Familien geben die Stadtrundg\u00e4nge einen ganz besonders authentischen Einblick in die Lebensweise und das j\u00fcdische Leben rund um das 19. Jahrhundert in Seesen.<\/p>\n\n\n\n<p>So f\u00fchrt der Streifzug \u201eReligi\u00f6se Orte\u201c vorbei an wesentlichen baulichen Einrichtungen wie der einstigen Synagoge oder dem noch heute erhaltenen J\u00fcdischen Friedhof in Seesen und erkl\u00e4rt anschaulich Hintergr\u00fcnde und rituelle Abl\u00e4ufe wie zum Beispiel die einstige Mikwe, das Tauchbad. Besonders im Fokus dieses Rundgangs steht dabei der Jacobsontempel mit seinen besonderen baulichen Eigenschaften, die auf eine reformierte Nutzung des Gotteshauses abzielten. Was damals als Weltsensation galt, ist heute kaum bekannt.<\/p>\n\n\n\n<p>\u201eIch freue mich sehr, dass wir durch die neuen Stadtrundg\u00e4nge die j\u00fcdische Vergangenheit Seesens in unsere Gegenwart transportieren und unseren B\u00fcrgern sowie Besuchern die M\u00f6glichkeit geben, unsere Stadt auf einmalige Art und Weise neu zu entdecken. Durch die intensive Zusammenarbeit mit dem Israel Jacobson Netzwerk e.V. sowie vielen weiteren beteiligten Personen und der F\u00f6rderung durch das Amt f\u00fcr regionale Landesentwicklung ist es gelungen, ganz besondere Einblicke in das eher unbekannte j\u00fcdische Leben bei uns zu&nbsp;gewinnen\u201c, erkl\u00e4rt B\u00fcrgermeister Erik Homann. \u201eDadurch wird ein einzigartiges St\u00fcck Stadtgeschichte erlebbar gemacht.\u201c<\/p>\n\n\n\n<p>Die drei Rundwege sind \u00fcber die Website <strong><a href=\"http:\/\/www.juedisches-niedersachsen.de\">www.juedisches-niedersachsen.de<\/a><\/strong> \u00fcber alle digitalen Endger\u00e4te abrufbar, die Wegef\u00fchrung ist einfach, besondere Vorkenntnisse sind nicht erforderlich.<\/p>\n\n\n\n<p><strong>Foto:<\/strong> J\u00fcdischer Friedhof Pforte \u00a9Stadt Seesen<\/p>\n","protected":false},"excerpt":{"rendered":"<p>Die Stadt Seesen hat in enger Zusammenarbeit mit dem Israel Jacobson Netzwerk e.V. ein in S\u00fcdniedersachsen einzigartiges kulturtouristisches Angebot geschaffen: Auf drei thematisch unterschiedlichen Stadtrundg\u00e4ngen k\u00f6nnen Besucherinnen und Besucher v\u00f6llig neue Einblicke in das einst so bl\u00fchende j\u00fcdische Leben in Seesen gewinnen und so den unbekanntesten unter den weltber\u00fchmten Orten mit j\u00fcdischer Geschichte entdecken. Wie [&hellip;]<\/p>\n","protected":false},"author":1,"featured_media":24671,"comment_status":"open","ping_status":"open","sticky":true,"template":"","format":"standard","meta":{"saved_in_kubio":false,"footnotes":""},"categories":[4122],"tags":[],"class_list":["post-24669","post","type-post","status-publish","format-standard","has-post-thumbnail","hentry","category-geschichte-und-erinnerungskultur"],"yoast_head":"<!-- This site is optimized with the Yoast SEO plugin v27.5 - https:\/\/yoast.com\/product\/yoast-seo-wordpress\/ -->\n<title>Stadtf\u00fchrungen zur Geschichte der Juden in Seesen - Radio Leinewelle<\/title>\n<meta name=\"robots\" content=\"index, follow, max-snippet:-1, max-image-preview:large, max-video-preview:-1\" \/>\n<link rel=\"canonical\" href=\"https:\/\/radioleinewelle.de\/index.php\/2023\/12\/08\/24669\/\" \/>\n<meta property=\"og:locale\" content=\"de_DE\" \/>\n<meta property=\"og:type\" content=\"article\" \/>\n<meta property=\"og:title\" content=\"Stadtf\u00fchrungen zur Geschichte der Juden in Seesen - Radio Leinewelle\" \/>\n<meta property=\"og:description\" content=\"Die Stadt Seesen hat in enger Zusammenarbeit mit dem Israel Jacobson Netzwerk e.V. ein in S\u00fcdniedersachsen einzigartiges kulturtouristisches Angebot geschaffen: Auf drei thematisch unterschiedlichen Stadtrundg\u00e4ngen k\u00f6nnen Besucherinnen und Besucher v\u00f6llig neue Einblicke in das einst so bl\u00fchende j\u00fcdische Leben in Seesen gewinnen und so den unbekanntesten unter den weltber\u00fchmten Orten mit j\u00fcdischer Geschichte entdecken. Wie [&hellip;]\" \/>\n<meta property=\"og:url\" content=\"https:\/\/radioleinewelle.de\/index.php\/2023\/12\/08\/24669\/\" \/>\n<meta property=\"og:site_name\" content=\"Radio Leinewelle\" \/>\n<meta property=\"article:publisher\" content=\"https:\/\/www.facebook.com\/radioleinewelle\" \/>\n<meta property=\"article:author\" content=\"https:\/\/www.facebook.com\/radioleinewelle\" \/>\n<meta property=\"article:published_time\" content=\"2023-12-08T10:17:43+00:00\" \/>\n<meta property=\"article:modified_time\" content=\"2023-12-08T10:19:29+00:00\" \/>\n<meta property=\"og:image\" content=\"https:\/\/radioleinewelle.de\/wp-content\/uploads\/2023\/12\/juedischer-friedhof-pforte-e1702030155615.webp\" \/>\n\t<meta property=\"og:image:width\" content=\"1000\" \/>\n\t<meta property=\"og:image:height\" content=\"750\" \/>\n\t<meta property=\"og:image:type\" content=\"image\/webp\" \/>\n<meta name=\"author\" content=\"Leinewelle\" \/>\n<meta name=\"twitter:card\" content=\"summary_large_image\" \/>\n<meta name=\"twitter:creator\" content=\"@https:\/\/twitter.com\/RLeinewelle?ref_src=twsrcgoogletwcampserptwgrauthor\" \/>\n<meta name=\"twitter:site\" content=\"@RLeinewelle\" \/>\n<meta name=\"twitter:label1\" content=\"Verfasst von\" \/>\n\t<meta name=\"twitter:data1\" content=\"Leinewelle\" \/>\n\t<meta name=\"twitter:label2\" content=\"Gesch\u00e4tzte Lesezeit\" \/>\n\t<meta name=\"twitter:data2\" content=\"3\u00a0Minuten\" \/>\n<script type=\"application\/ld+json\" class=\"yoast-schema-graph\">{\"@context\":\"https:\\\/\\\/schema.org\",\"@graph\":[{\"@type\":\"Article\",\"@id\":\"https:\\\/\\\/radioleinewelle.de\\\/index.php\\\/2023\\\/12\\\/08\\\/24669\\\/#article\",\"isPartOf\":{\"@id\":\"https:\\\/\\\/radioleinewelle.de\\\/index.php\\\/2023\\\/12\\\/08\\\/24669\\\/\"},\"author\":{\"name\":\"Leinewelle\",\"@id\":\"https:\\\/\\\/radioleinewelle.de\\\/#\\\/schema\\\/person\\\/45606f348637df637192dc1b68399a63\"},\"headline\":\"Stadtf\u00fchrungen zur Geschichte der Juden in Seesen\",\"datePublished\":\"2023-12-08T10:17:43+00:00\",\"dateModified\":\"2023-12-08T10:19:29+00:00\",\"mainEntityOfPage\":{\"@id\":\"https:\\\/\\\/radioleinewelle.de\\\/index.php\\\/2023\\\/12\\\/08\\\/24669\\\/\"},\"wordCount\":438,\"commentCount\":0,\"publisher\":{\"@id\":\"https:\\\/\\\/radioleinewelle.de\\\/#organization\"},\"image\":{\"@id\":\"https:\\\/\\\/radioleinewelle.de\\\/index.php\\\/2023\\\/12\\\/08\\\/24669\\\/#primaryimage\"},\"thumbnailUrl\":\"https:\\\/\\\/radioleinewelle.de\\\/wp-content\\\/uploads\\\/2023\\\/12\\\/juedischer-friedhof-pforte-e1702030155615.webp\",\"articleSection\":[\"Geschichte und Erinnerungskultur\"],\"inLanguage\":\"de\",\"potentialAction\":[{\"@type\":\"CommentAction\",\"name\":\"Comment\",\"target\":[\"https:\\\/\\\/radioleinewelle.de\\\/index.php\\\/2023\\\/12\\\/08\\\/24669\\\/#respond\"]}]},{\"@type\":\"WebPage\",\"@id\":\"https:\\\/\\\/radioleinewelle.de\\\/index.php\\\/2023\\\/12\\\/08\\\/24669\\\/\",\"url\":\"https:\\\/\\\/radioleinewelle.de\\\/index.php\\\/2023\\\/12\\\/08\\\/24669\\\/\",\"name\":\"Stadtf\u00fchrungen zur Geschichte der Juden in Seesen - Radio Leinewelle\",\"isPartOf\":{\"@id\":\"https:\\\/\\\/radioleinewelle.de\\\/#website\"},\"primaryImageOfPage\":{\"@id\":\"https:\\\/\\\/radioleinewelle.de\\\/index.php\\\/2023\\\/12\\\/08\\\/24669\\\/#primaryimage\"},\"image\":{\"@id\":\"https:\\\/\\\/radioleinewelle.de\\\/index.php\\\/2023\\\/12\\\/08\\\/24669\\\/#primaryimage\"},\"thumbnailUrl\":\"https:\\\/\\\/radioleinewelle.de\\\/wp-content\\\/uploads\\\/2023\\\/12\\\/juedischer-friedhof-pforte-e1702030155615.webp\",\"datePublished\":\"2023-12-08T10:17:43+00:00\",\"dateModified\":\"2023-12-08T10:19:29+00:00\",\"breadcrumb\":{\"@id\":\"https:\\\/\\\/radioleinewelle.de\\\/index.php\\\/2023\\\/12\\\/08\\\/24669\\\/#breadcrumb\"},\"inLanguage\":\"de\",\"potentialAction\":[{\"@type\":\"ReadAction\",\"target\":[\"https:\\\/\\\/radioleinewelle.de\\\/index.php\\\/2023\\\/12\\\/08\\\/24669\\\/\"]}]},{\"@type\":\"ImageObject\",\"inLanguage\":\"de\",\"@id\":\"https:\\\/\\\/radioleinewelle.de\\\/index.php\\\/2023\\\/12\\\/08\\\/24669\\\/#primaryimage\",\"url\":\"https:\\\/\\\/radioleinewelle.de\\\/wp-content\\\/uploads\\\/2023\\\/12\\\/juedischer-friedhof-pforte-e1702030155615.webp\",\"contentUrl\":\"https:\\\/\\\/radioleinewelle.de\\\/wp-content\\\/uploads\\\/2023\\\/12\\\/juedischer-friedhof-pforte-e1702030155615.webp\",\"width\":1000,\"height\":750},{\"@type\":\"BreadcrumbList\",\"@id\":\"https:\\\/\\\/radioleinewelle.de\\\/index.php\\\/2023\\\/12\\\/08\\\/24669\\\/#breadcrumb\",\"itemListElement\":[{\"@type\":\"ListItem\",\"position\":1,\"name\":\"Startseite\",\"item\":\"https:\\\/\\\/radioleinewelle.de\\\/\"},{\"@type\":\"ListItem\",\"position\":2,\"name\":\"Stadtf\u00fchrungen zur Geschichte der Juden in Seesen\"}]},{\"@type\":\"WebSite\",\"@id\":\"https:\\\/\\\/radioleinewelle.de\\\/#website\",\"url\":\"https:\\\/\\\/radioleinewelle.de\\\/\",\"name\":\"Radio Leinewelle\",\"description\":\"\",\"publisher\":{\"@id\":\"https:\\\/\\\/radioleinewelle.de\\\/#organization\"},\"potentialAction\":[{\"@type\":\"SearchAction\",\"target\":{\"@type\":\"EntryPoint\",\"urlTemplate\":\"https:\\\/\\\/radioleinewelle.de\\\/?s={search_term_string}\"},\"query-input\":{\"@type\":\"PropertyValueSpecification\",\"valueRequired\":true,\"valueName\":\"search_term_string\"}}],\"inLanguage\":\"de\"},{\"@type\":\"Organization\",\"@id\":\"https:\\\/\\\/radioleinewelle.de\\\/#organization\",\"name\":\"Radio Leinewelle\",\"alternateName\":\"Mein Radio f\u00fcr S\u00fcdniedersachsen\",\"url\":\"https:\\\/\\\/radioleinewelle.de\\\/\",\"logo\":{\"@type\":\"ImageObject\",\"inLanguage\":\"de\",\"@id\":\"https:\\\/\\\/radioleinewelle.de\\\/#\\\/schema\\\/logo\\\/image\\\/\",\"url\":\"https:\\\/\\\/radioleinewelle.de\\\/wp-content\\\/uploads\\\/2023\\\/11\\\/cropped-Leinewelle_Logo_weiss.png\",\"contentUrl\":\"https:\\\/\\\/radioleinewelle.de\\\/wp-content\\\/uploads\\\/2023\\\/11\\\/cropped-Leinewelle_Logo_weiss.png\",\"width\":854,\"height\":260,\"caption\":\"Radio Leinewelle\"},\"image\":{\"@id\":\"https:\\\/\\\/radioleinewelle.de\\\/#\\\/schema\\\/logo\\\/image\\\/\"},\"sameAs\":[\"https:\\\/\\\/www.facebook.com\\\/radioleinewelle\",\"https:\\\/\\\/x.com\\\/RLeinewelle\",\"https:\\\/\\\/www.instagram.com\\\/radioleinewelle\\\/?hl=de\"]},{\"@type\":\"Person\",\"@id\":\"https:\\\/\\\/radioleinewelle.de\\\/#\\\/schema\\\/person\\\/45606f348637df637192dc1b68399a63\",\"name\":\"Leinewelle\",\"image\":{\"@type\":\"ImageObject\",\"inLanguage\":\"de\",\"@id\":\"https:\\\/\\\/secure.gravatar.com\\\/avatar\\\/05c9a17bc973052ee5d91549bd32fb4dd0dc85b7b85ae94b2e2b4943476bbea5?s=96&d=blank&r=g\",\"url\":\"https:\\\/\\\/secure.gravatar.com\\\/avatar\\\/05c9a17bc973052ee5d91549bd32fb4dd0dc85b7b85ae94b2e2b4943476bbea5?s=96&d=blank&r=g\",\"contentUrl\":\"https:\\\/\\\/secure.gravatar.com\\\/avatar\\\/05c9a17bc973052ee5d91549bd32fb4dd0dc85b7b85ae94b2e2b4943476bbea5?s=96&d=blank&r=g\",\"caption\":\"Leinewelle\"},\"sameAs\":[\"http:\\\/\\\/localhost\\\/radio%20leinewelle\\\/wordpress\",\"https:\\\/\\\/www.facebook.com\\\/radioleinewelle\",\"https:\\\/\\\/www.instagram.com\\\/radioleinewelle\",\"https:\\\/\\\/x.com\\\/https:\\\/\\\/twitter.com\\\/RLeinewelle?ref_src=twsrcgoogletwcampserptwgrauthor\",\"https:\\\/\\\/soundcloud.com\\\/foerderverein-lokalradio?utm_source=clipboard&utm_medium=text&utm_campaign=social_sharing\"],\"url\":\"https:\\\/\\\/radioleinewelle.de\\\/index.php\\\/author\\\/leinewelle\\\/\"}]}<\/script>\n<!-- \/ Yoast SEO plugin. -->","yoast_head_json":{"title":"Stadtf\u00fchrungen zur Geschichte der Juden in Seesen - Radio Leinewelle","robots":{"index":"index","follow":"follow","max-snippet":"max-snippet:-1","max-image-preview":"max-image-preview:large","max-video-preview":"max-video-preview:-1"},"canonical":"https:\/\/radioleinewelle.de\/index.php\/2023\/12\/08\/24669\/","og_locale":"de_DE","og_type":"article","og_title":"Stadtf\u00fchrungen zur Geschichte der Juden in Seesen - Radio Leinewelle","og_description":"Die Stadt Seesen hat in enger Zusammenarbeit mit dem Israel Jacobson Netzwerk e.V. ein in S\u00fcdniedersachsen einzigartiges kulturtouristisches Angebot geschaffen: Auf drei thematisch unterschiedlichen Stadtrundg\u00e4ngen k\u00f6nnen Besucherinnen und Besucher v\u00f6llig neue Einblicke in das einst so bl\u00fchende j\u00fcdische Leben in Seesen gewinnen und so den unbekanntesten unter den weltber\u00fchmten Orten mit j\u00fcdischer Geschichte entdecken. Wie [&hellip;]","og_url":"https:\/\/radioleinewelle.de\/index.php\/2023\/12\/08\/24669\/","og_site_name":"Radio Leinewelle","article_publisher":"https:\/\/www.facebook.com\/radioleinewelle","article_author":"https:\/\/www.facebook.com\/radioleinewelle","article_published_time":"2023-12-08T10:17:43+00:00","article_modified_time":"2023-12-08T10:19:29+00:00","og_image":[{"width":1000,"height":750,"url":"https:\/\/radioleinewelle.de\/wp-content\/uploads\/2023\/12\/juedischer-friedhof-pforte-e1702030155615.webp","type":"image\/webp"}],"author":"Leinewelle","twitter_card":"summary_large_image","twitter_creator":"@https:\/\/twitter.com\/RLeinewelle?ref_src=twsrcgoogletwcampserptwgrauthor","twitter_site":"@RLeinewelle","twitter_misc":{"Verfasst von":"Leinewelle","Gesch\u00e4tzte Lesezeit":"3\u00a0Minuten"},"schema":{"@context":"https:\/\/schema.org","@graph":[{"@type":"Article","@id":"https:\/\/radioleinewelle.de\/index.php\/2023\/12\/08\/24669\/#article","isPartOf":{"@id":"https:\/\/radioleinewelle.de\/index.php\/2023\/12\/08\/24669\/"},"author":{"name":"Leinewelle","@id":"https:\/\/radioleinewelle.de\/#\/schema\/person\/45606f348637df637192dc1b68399a63"},"headline":"Stadtf\u00fchrungen zur Geschichte der Juden in Seesen","datePublished":"2023-12-08T10:17:43+00:00","dateModified":"2023-12-08T10:19:29+00:00","mainEntityOfPage":{"@id":"https:\/\/radioleinewelle.de\/index.php\/2023\/12\/08\/24669\/"},"wordCount":438,"commentCount":0,"publisher":{"@id":"https:\/\/radioleinewelle.de\/#organization"},"image":{"@id":"https:\/\/radioleinewelle.de\/index.php\/2023\/12\/08\/24669\/#primaryimage"},"thumbnailUrl":"https:\/\/radioleinewelle.de\/wp-content\/uploads\/2023\/12\/juedischer-friedhof-pforte-e1702030155615.webp","articleSection":["Geschichte und Erinnerungskultur"],"inLanguage":"de","potentialAction":[{"@type":"CommentAction","name":"Comment","target":["https:\/\/radioleinewelle.de\/index.php\/2023\/12\/08\/24669\/#respond"]}]},{"@type":"WebPage","@id":"https:\/\/radioleinewelle.de\/index.php\/2023\/12\/08\/24669\/","url":"https:\/\/radioleinewelle.de\/index.php\/2023\/12\/08\/24669\/","name":"Stadtf\u00fchrungen zur Geschichte der Juden in Seesen - Radio Leinewelle","isPartOf":{"@id":"https:\/\/radioleinewelle.de\/#website"},"primaryImageOfPage":{"@id":"https:\/\/radioleinewelle.de\/index.php\/2023\/12\/08\/24669\/#primaryimage"},"image":{"@id":"https:\/\/radioleinewelle.de\/index.php\/2023\/12\/08\/24669\/#primaryimage"},"thumbnailUrl":"https:\/\/radioleinewelle.de\/wp-content\/uploads\/2023\/12\/juedischer-friedhof-pforte-e1702030155615.webp","datePublished":"2023-12-08T10:17:43+00:00","dateModified":"2023-12-08T10:19:29+00:00","breadcrumb":{"@id":"https:\/\/radioleinewelle.de\/index.php\/2023\/12\/08\/24669\/#breadcrumb"},"inLanguage":"de","potentialAction":[{"@type":"ReadAction","target":["https:\/\/radioleinewelle.de\/index.php\/2023\/12\/08\/24669\/"]}]},{"@type":"ImageObject","inLanguage":"de","@id":"https:\/\/radioleinewelle.de\/index.php\/2023\/12\/08\/24669\/#primaryimage","url":"https:\/\/radioleinewelle.de\/wp-content\/uploads\/2023\/12\/juedischer-friedhof-pforte-e1702030155615.webp","contentUrl":"https:\/\/radioleinewelle.de\/wp-content\/uploads\/2023\/12\/juedischer-friedhof-pforte-e1702030155615.webp","width":1000,"height":750},{"@type":"BreadcrumbList","@id":"https:\/\/radioleinewelle.de\/index.php\/2023\/12\/08\/24669\/#breadcrumb","itemListElement":[{"@type":"ListItem","position":1,"name":"Startseite","item":"https:\/\/radioleinewelle.de\/"},{"@type":"ListItem","position":2,"name":"Stadtf\u00fchrungen zur Geschichte der Juden in Seesen"}]},{"@type":"WebSite","@id":"https:\/\/radioleinewelle.de\/#website","url":"https:\/\/radioleinewelle.de\/","name":"Radio Leinewelle","description":"","publisher":{"@id":"https:\/\/radioleinewelle.de\/#organization"},"potentialAction":[{"@type":"SearchAction","target":{"@type":"EntryPoint","urlTemplate":"https:\/\/radioleinewelle.de\/?s={search_term_string}"},"query-input":{"@type":"PropertyValueSpecification","valueRequired":true,"valueName":"search_term_string"}}],"inLanguage":"de"},{"@type":"Organization","@id":"https:\/\/radioleinewelle.de\/#organization","name":"Radio Leinewelle","alternateName":"Mein Radio f\u00fcr S\u00fcdniedersachsen","url":"https:\/\/radioleinewelle.de\/","logo":{"@type":"ImageObject","inLanguage":"de","@id":"https:\/\/radioleinewelle.de\/#\/schema\/logo\/image\/","url":"https:\/\/radioleinewelle.de\/wp-content\/uploads\/2023\/11\/cropped-Leinewelle_Logo_weiss.png","contentUrl":"https:\/\/radioleinewelle.de\/wp-content\/uploads\/2023\/11\/cropped-Leinewelle_Logo_weiss.png","width":854,"height":260,"caption":"Radio Leinewelle"},"image":{"@id":"https:\/\/radioleinewelle.de\/#\/schema\/logo\/image\/"},"sameAs":["https:\/\/www.facebook.com\/radioleinewelle","https:\/\/x.com\/RLeinewelle","https:\/\/www.instagram.com\/radioleinewelle\/?hl=de"]},{"@type":"Person","@id":"https:\/\/radioleinewelle.de\/#\/schema\/person\/45606f348637df637192dc1b68399a63","name":"Leinewelle","image":{"@type":"ImageObject","inLanguage":"de","@id":"https:\/\/secure.gravatar.com\/avatar\/05c9a17bc973052ee5d91549bd32fb4dd0dc85b7b85ae94b2e2b4943476bbea5?s=96&d=blank&r=g","url":"https:\/\/secure.gravatar.com\/avatar\/05c9a17bc973052ee5d91549bd32fb4dd0dc85b7b85ae94b2e2b4943476bbea5?s=96&d=blank&r=g","contentUrl":"https:\/\/secure.gravatar.com\/avatar\/05c9a17bc973052ee5d91549bd32fb4dd0dc85b7b85ae94b2e2b4943476bbea5?s=96&d=blank&r=g","caption":"Leinewelle"},"sameAs":["http:\/\/localhost\/radio%20leinewelle\/wordpress","https:\/\/www.facebook.com\/radioleinewelle","https:\/\/www.instagram.com\/radioleinewelle","https:\/\/x.com\/https:\/\/twitter.com\/RLeinewelle?ref_src=twsrcgoogletwcampserptwgrauthor","https:\/\/soundcloud.com\/foerderverein-lokalradio?utm_source=clipboard&utm_medium=text&utm_campaign=social_sharing"],"url":"https:\/\/radioleinewelle.de\/index.php\/author\/leinewelle\/"}]}},"_links":{"self":[{"href":"https:\/\/radioleinewelle.de\/index.php\/wp-json\/wp\/v2\/posts\/24669","targetHints":{"allow":["GET"]}}],"collection":[{"href":"https:\/\/radioleinewelle.de\/index.php\/wp-json\/wp\/v2\/posts"}],"about":[{"href":"https:\/\/radioleinewelle.de\/index.php\/wp-json\/wp\/v2\/types\/post"}],"author":[{"embeddable":true,"href":"https:\/\/radioleinewelle.de\/index.php\/wp-json\/wp\/v2\/users\/1"}],"replies":[{"embeddable":true,"href":"https:\/\/radioleinewelle.de\/index.php\/wp-json\/wp\/v2\/comments?post=24669"}],"version-history":[{"count":4,"href":"https:\/\/radioleinewelle.de\/index.php\/wp-json\/wp\/v2\/posts\/24669\/revisions"}],"predecessor-version":[{"id":24674,"href":"https:\/\/radioleinewelle.de\/index.php\/wp-json\/wp\/v2\/posts\/24669\/revisions\/24674"}],"wp:featuredmedia":[{"embeddable":true,"href":"https:\/\/radioleinewelle.de\/index.php\/wp-json\/wp\/v2\/media\/24671"}],"wp:attachment":[{"href":"https:\/\/radioleinewelle.de\/index.php\/wp-json\/wp\/v2\/media?parent=24669"}],"wp:term":[{"taxonomy":"category","embeddable":true,"href":"https:\/\/radioleinewelle.de\/index.php\/wp-json\/wp\/v2\/categories?post=24669"},{"taxonomy":"post_tag","embeddable":true,"href":"https:\/\/radioleinewelle.de\/index.php\/wp-json\/wp\/v2\/tags?post=24669"}],"curies":[{"name":"wp","href":"https:\/\/api.w.org\/{rel}","templated":true}]}}