{"id":24692,"date":"2023-12-14T12:50:55","date_gmt":"2023-12-14T11:50:55","guid":{"rendered":"https:\/\/radioleinewelle.de\/?p=24692"},"modified":"2023-12-14T12:50:56","modified_gmt":"2023-12-14T11:50:56","slug":"aktion-gegen-die-goettinger-auslaenderbehoerde","status":"publish","type":"post","link":"https:\/\/radioleinewelle.de\/index.php\/2023\/12\/14\/aktion-gegen-die-goettinger-auslaenderbehoerde\/","title":{"rendered":"Aktion gegen die G\u00f6ttinger Ausl\u00e4nderbeh\u00f6rde"},"content":{"rendered":"\n<p>Die G\u00f6ttinger Ausl\u00e4nderbeh\u00f6rde stand gestern im Fokus von politischen Aktivist*innen. Dazu teilt die G\u00f6ttinger Polizeiinspektion folgendes mit.<\/p>\n\n\n\n<p>Etwa 15 bis 20 Personen haben am gestrigen Mittwochmorgen  im Flur vor der Ausl\u00e4nderbeh\u00f6rde der Stadt G\u00f6ttingen am Hiroshimaplatz u. a. Tischtennisb\u00e4lle verteilt und B\u00e4nder \u00fcber den Gang gespannt. Eine Blockade der R\u00e4umlichkeiten im eigentlichen Sinne fand nicht statt. Die Aktion l\u00f6ste einen Polizeieinsatz aus. An der Au\u00dfenfassade des Neuen Rathauses wurde zudem ein Banner mit der Aufschrift &#8222;Ausl\u00e4nderbeh\u00f6rde abschaffen &#8211; Bleiberecht f\u00fcr alle&#8220; aufgeh\u00e4ngt. Mit Eintreffen der ersten Funkstreifenwagen entfernten sich die Demonstrierenden vom Ort. Zu Zwischenf\u00e4llen kam es nicht.<\/p>\n\n\n\n<p><strong>Fassade von Au\u00dfenstelle des Landkreises mit Parolen beschmiert<\/strong><br>Bereits in der Nacht zu Mittwoch haben Unbekannte au\u00dferdem die Fassade einer Au\u00dfenstelle des Landkreises G\u00f6ttingen in der Carl-Zeiss-Stra\u00dfe an mehreren Stellen mit roter Farbe beschmiert. Die festgestellten Parolen beziehen sich inhaltlich u. a. auch auf die Ausl\u00e4nderbeh\u00f6rde. Die H\u00f6he des verursachten Sachschadens ist noch offen. Das Staatsschutzkommissariat ermittelt.<\/p>\n\n\n\n<p><strong>Foto:<\/strong> \u00a9Radio Leinewelle (ue)<\/p>\n","protected":false},"excerpt":{"rendered":"<p>Die G\u00f6ttinger Ausl\u00e4nderbeh\u00f6rde stand gestern im Fokus von politischen Aktivist*innen. Dazu teilt die G\u00f6ttinger Polizeiinspektion folgendes mit. Etwa 15 bis 20 Personen haben am gestrigen Mittwochmorgen im Flur vor der Ausl\u00e4nderbeh\u00f6rde der Stadt G\u00f6ttingen am Hiroshimaplatz u. a. Tischtennisb\u00e4lle verteilt und B\u00e4nder \u00fcber den Gang gespannt. Eine Blockade der R\u00e4umlichkeiten im eigentlichen Sinne fand nicht [&hellip;]<\/p>\n","protected":false},"author":1,"featured_media":24693,"comment_status":"open","ping_status":"open","sticky":true,"template":"","format":"standard","meta":{"saved_in_kubio":false,"footnotes":""},"categories":[24],"tags":[],"class_list":["post-24692","post","type-post","status-publish","format-standard","has-post-thumbnail","hentry","category-news"],"yoast_head":"<!-- This site is optimized with the Yoast SEO plugin v27.5 - https:\/\/yoast.com\/product\/yoast-seo-wordpress\/ -->\n<title>Aktion gegen die G\u00f6ttinger Ausl\u00e4nderbeh\u00f6rde - Radio Leinewelle<\/title>\n<meta name=\"robots\" content=\"index, follow, max-snippet:-1, max-image-preview:large, max-video-preview:-1\" \/>\n<link rel=\"canonical\" href=\"https:\/\/radioleinewelle.de\/index.php\/2023\/12\/14\/aktion-gegen-die-goettinger-auslaenderbehoerde\/\" \/>\n<meta property=\"og:locale\" content=\"de_DE\" \/>\n<meta property=\"og:type\" content=\"article\" \/>\n<meta property=\"og:title\" content=\"Aktion gegen die G\u00f6ttinger Ausl\u00e4nderbeh\u00f6rde - Radio Leinewelle\" \/>\n<meta property=\"og:description\" content=\"Die G\u00f6ttinger Ausl\u00e4nderbeh\u00f6rde stand gestern im Fokus von politischen Aktivist*innen. Dazu teilt die G\u00f6ttinger Polizeiinspektion folgendes mit. Etwa 15 bis 20 Personen haben am gestrigen Mittwochmorgen im Flur vor der Ausl\u00e4nderbeh\u00f6rde der Stadt G\u00f6ttingen am Hiroshimaplatz u. a. Tischtennisb\u00e4lle verteilt und B\u00e4nder \u00fcber den Gang gespannt. Eine Blockade der R\u00e4umlichkeiten im eigentlichen Sinne fand nicht [&hellip;]\" \/>\n<meta property=\"og:url\" content=\"https:\/\/radioleinewelle.de\/index.php\/2023\/12\/14\/aktion-gegen-die-goettinger-auslaenderbehoerde\/\" \/>\n<meta property=\"og:site_name\" content=\"Radio Leinewelle\" \/>\n<meta property=\"article:publisher\" content=\"https:\/\/www.facebook.com\/radioleinewelle\" \/>\n<meta property=\"article:author\" content=\"https:\/\/www.facebook.com\/radioleinewelle\" \/>\n<meta property=\"article:published_time\" content=\"2023-12-14T11:50:55+00:00\" \/>\n<meta property=\"article:modified_time\" content=\"2023-12-14T11:50:56+00:00\" \/>\n<meta property=\"og:image\" content=\"https:\/\/radioleinewelle.de\/wp-content\/uploads\/2023\/12\/Neues-Rathaus-Goe-Eingang-e1702554123644.jpg\" \/>\n\t<meta property=\"og:image:width\" content=\"1000\" \/>\n\t<meta property=\"og:image:height\" content=\"750\" \/>\n\t<meta property=\"og:image:type\" content=\"image\/jpeg\" \/>\n<meta name=\"author\" content=\"Leinewelle\" \/>\n<meta name=\"twitter:card\" content=\"summary_large_image\" \/>\n<meta name=\"twitter:creator\" content=\"@https:\/\/twitter.com\/RLeinewelle?ref_src=twsrcgoogletwcampserptwgrauthor\" \/>\n<meta name=\"twitter:site\" content=\"@RLeinewelle\" \/>\n<meta name=\"twitter:label1\" content=\"Verfasst von\" \/>\n\t<meta name=\"twitter:data1\" content=\"Leinewelle\" \/>\n\t<meta name=\"twitter:label2\" content=\"Gesch\u00e4tzte Lesezeit\" \/>\n\t<meta name=\"twitter:data2\" content=\"1\u00a0Minute\" \/>\n<script type=\"application\/ld+json\" class=\"yoast-schema-graph\">{\"@context\":\"https:\\\/\\\/schema.org\",\"@graph\":[{\"@type\":\"Article\",\"@id\":\"https:\\\/\\\/radioleinewelle.de\\\/index.php\\\/2023\\\/12\\\/14\\\/aktion-gegen-die-goettinger-auslaenderbehoerde\\\/#article\",\"isPartOf\":{\"@id\":\"https:\\\/\\\/radioleinewelle.de\\\/index.php\\\/2023\\\/12\\\/14\\\/aktion-gegen-die-goettinger-auslaenderbehoerde\\\/\"},\"author\":{\"name\":\"Leinewelle\",\"@id\":\"https:\\\/\\\/radioleinewelle.de\\\/#\\\/schema\\\/person\\\/45606f348637df637192dc1b68399a63\"},\"headline\":\"Aktion gegen die G\u00f6ttinger Ausl\u00e4nderbeh\u00f6rde\",\"datePublished\":\"2023-12-14T11:50:55+00:00\",\"dateModified\":\"2023-12-14T11:50:56+00:00\",\"mainEntityOfPage\":{\"@id\":\"https:\\\/\\\/radioleinewelle.de\\\/index.php\\\/2023\\\/12\\\/14\\\/aktion-gegen-die-goettinger-auslaenderbehoerde\\\/\"},\"wordCount\":191,\"commentCount\":0,\"publisher\":{\"@id\":\"https:\\\/\\\/radioleinewelle.de\\\/#organization\"},\"image\":{\"@id\":\"https:\\\/\\\/radioleinewelle.de\\\/index.php\\\/2023\\\/12\\\/14\\\/aktion-gegen-die-goettinger-auslaenderbehoerde\\\/#primaryimage\"},\"thumbnailUrl\":\"https:\\\/\\\/radioleinewelle.de\\\/wp-content\\\/uploads\\\/2023\\\/12\\\/Neues-Rathaus-Goe-Eingang-e1702554123644.jpg\",\"articleSection\":[\"Aktuelle Nachrichten\"],\"inLanguage\":\"de\",\"potentialAction\":[{\"@type\":\"CommentAction\",\"name\":\"Comment\",\"target\":[\"https:\\\/\\\/radioleinewelle.de\\\/index.php\\\/2023\\\/12\\\/14\\\/aktion-gegen-die-goettinger-auslaenderbehoerde\\\/#respond\"]}]},{\"@type\":\"WebPage\",\"@id\":\"https:\\\/\\\/radioleinewelle.de\\\/index.php\\\/2023\\\/12\\\/14\\\/aktion-gegen-die-goettinger-auslaenderbehoerde\\\/\",\"url\":\"https:\\\/\\\/radioleinewelle.de\\\/index.php\\\/2023\\\/12\\\/14\\\/aktion-gegen-die-goettinger-auslaenderbehoerde\\\/\",\"name\":\"Aktion gegen die G\u00f6ttinger Ausl\u00e4nderbeh\u00f6rde - Radio Leinewelle\",\"isPartOf\":{\"@id\":\"https:\\\/\\\/radioleinewelle.de\\\/#website\"},\"primaryImageOfPage\":{\"@id\":\"https:\\\/\\\/radioleinewelle.de\\\/index.php\\\/2023\\\/12\\\/14\\\/aktion-gegen-die-goettinger-auslaenderbehoerde\\\/#primaryimage\"},\"image\":{\"@id\":\"https:\\\/\\\/radioleinewelle.de\\\/index.php\\\/2023\\\/12\\\/14\\\/aktion-gegen-die-goettinger-auslaenderbehoerde\\\/#primaryimage\"},\"thumbnailUrl\":\"https:\\\/\\\/radioleinewelle.de\\\/wp-content\\\/uploads\\\/2023\\\/12\\\/Neues-Rathaus-Goe-Eingang-e1702554123644.jpg\",\"datePublished\":\"2023-12-14T11:50:55+00:00\",\"dateModified\":\"2023-12-14T11:50:56+00:00\",\"breadcrumb\":{\"@id\":\"https:\\\/\\\/radioleinewelle.de\\\/index.php\\\/2023\\\/12\\\/14\\\/aktion-gegen-die-goettinger-auslaenderbehoerde\\\/#breadcrumb\"},\"inLanguage\":\"de\",\"potentialAction\":[{\"@type\":\"ReadAction\",\"target\":[\"https:\\\/\\\/radioleinewelle.de\\\/index.php\\\/2023\\\/12\\\/14\\\/aktion-gegen-die-goettinger-auslaenderbehoerde\\\/\"]}]},{\"@type\":\"ImageObject\",\"inLanguage\":\"de\",\"@id\":\"https:\\\/\\\/radioleinewelle.de\\\/index.php\\\/2023\\\/12\\\/14\\\/aktion-gegen-die-goettinger-auslaenderbehoerde\\\/#primaryimage\",\"url\":\"https:\\\/\\\/radioleinewelle.de\\\/wp-content\\\/uploads\\\/2023\\\/12\\\/Neues-Rathaus-Goe-Eingang-e1702554123644.jpg\",\"contentUrl\":\"https:\\\/\\\/radioleinewelle.de\\\/wp-content\\\/uploads\\\/2023\\\/12\\\/Neues-Rathaus-Goe-Eingang-e1702554123644.jpg\",\"width\":1000,\"height\":750},{\"@type\":\"BreadcrumbList\",\"@id\":\"https:\\\/\\\/radioleinewelle.de\\\/index.php\\\/2023\\\/12\\\/14\\\/aktion-gegen-die-goettinger-auslaenderbehoerde\\\/#breadcrumb\",\"itemListElement\":[{\"@type\":\"ListItem\",\"position\":1,\"name\":\"Startseite\",\"item\":\"https:\\\/\\\/radioleinewelle.de\\\/\"},{\"@type\":\"ListItem\",\"position\":2,\"name\":\"Aktion gegen die G\u00f6ttinger Ausl\u00e4nderbeh\u00f6rde\"}]},{\"@type\":\"WebSite\",\"@id\":\"https:\\\/\\\/radioleinewelle.de\\\/#website\",\"url\":\"https:\\\/\\\/radioleinewelle.de\\\/\",\"name\":\"Radio Leinewelle\",\"description\":\"\",\"publisher\":{\"@id\":\"https:\\\/\\\/radioleinewelle.de\\\/#organization\"},\"potentialAction\":[{\"@type\":\"SearchAction\",\"target\":{\"@type\":\"EntryPoint\",\"urlTemplate\":\"https:\\\/\\\/radioleinewelle.de\\\/?s={search_term_string}\"},\"query-input\":{\"@type\":\"PropertyValueSpecification\",\"valueRequired\":true,\"valueName\":\"search_term_string\"}}],\"inLanguage\":\"de\"},{\"@type\":\"Organization\",\"@id\":\"https:\\\/\\\/radioleinewelle.de\\\/#organization\",\"name\":\"Radio Leinewelle\",\"alternateName\":\"Mein Radio f\u00fcr S\u00fcdniedersachsen\",\"url\":\"https:\\\/\\\/radioleinewelle.de\\\/\",\"logo\":{\"@type\":\"ImageObject\",\"inLanguage\":\"de\",\"@id\":\"https:\\\/\\\/radioleinewelle.de\\\/#\\\/schema\\\/logo\\\/image\\\/\",\"url\":\"https:\\\/\\\/radioleinewelle.de\\\/wp-content\\\/uploads\\\/2023\\\/11\\\/cropped-Leinewelle_Logo_weiss.png\",\"contentUrl\":\"https:\\\/\\\/radioleinewelle.de\\\/wp-content\\\/uploads\\\/2023\\\/11\\\/cropped-Leinewelle_Logo_weiss.png\",\"width\":854,\"height\":260,\"caption\":\"Radio Leinewelle\"},\"image\":{\"@id\":\"https:\\\/\\\/radioleinewelle.de\\\/#\\\/schema\\\/logo\\\/image\\\/\"},\"sameAs\":[\"https:\\\/\\\/www.facebook.com\\\/radioleinewelle\",\"https:\\\/\\\/x.com\\\/RLeinewelle\",\"https:\\\/\\\/www.instagram.com\\\/radioleinewelle\\\/?hl=de\"]},{\"@type\":\"Person\",\"@id\":\"https:\\\/\\\/radioleinewelle.de\\\/#\\\/schema\\\/person\\\/45606f348637df637192dc1b68399a63\",\"name\":\"Leinewelle\",\"image\":{\"@type\":\"ImageObject\",\"inLanguage\":\"de\",\"@id\":\"https:\\\/\\\/secure.gravatar.com\\\/avatar\\\/05c9a17bc973052ee5d91549bd32fb4dd0dc85b7b85ae94b2e2b4943476bbea5?s=96&d=blank&r=g\",\"url\":\"https:\\\/\\\/secure.gravatar.com\\\/avatar\\\/05c9a17bc973052ee5d91549bd32fb4dd0dc85b7b85ae94b2e2b4943476bbea5?s=96&d=blank&r=g\",\"contentUrl\":\"https:\\\/\\\/secure.gravatar.com\\\/avatar\\\/05c9a17bc973052ee5d91549bd32fb4dd0dc85b7b85ae94b2e2b4943476bbea5?s=96&d=blank&r=g\",\"caption\":\"Leinewelle\"},\"sameAs\":[\"http:\\\/\\\/localhost\\\/radio%20leinewelle\\\/wordpress\",\"https:\\\/\\\/www.facebook.com\\\/radioleinewelle\",\"https:\\\/\\\/www.instagram.com\\\/radioleinewelle\",\"https:\\\/\\\/x.com\\\/https:\\\/\\\/twitter.com\\\/RLeinewelle?ref_src=twsrcgoogletwcampserptwgrauthor\",\"https:\\\/\\\/soundcloud.com\\\/foerderverein-lokalradio?utm_source=clipboard&utm_medium=text&utm_campaign=social_sharing\"],\"url\":\"https:\\\/\\\/radioleinewelle.de\\\/index.php\\\/author\\\/leinewelle\\\/\"}]}<\/script>\n<!-- \/ Yoast SEO plugin. -->","yoast_head_json":{"title":"Aktion gegen die G\u00f6ttinger Ausl\u00e4nderbeh\u00f6rde - Radio Leinewelle","robots":{"index":"index","follow":"follow","max-snippet":"max-snippet:-1","max-image-preview":"max-image-preview:large","max-video-preview":"max-video-preview:-1"},"canonical":"https:\/\/radioleinewelle.de\/index.php\/2023\/12\/14\/aktion-gegen-die-goettinger-auslaenderbehoerde\/","og_locale":"de_DE","og_type":"article","og_title":"Aktion gegen die G\u00f6ttinger Ausl\u00e4nderbeh\u00f6rde - Radio Leinewelle","og_description":"Die G\u00f6ttinger Ausl\u00e4nderbeh\u00f6rde stand gestern im Fokus von politischen Aktivist*innen. Dazu teilt die G\u00f6ttinger Polizeiinspektion folgendes mit. Etwa 15 bis 20 Personen haben am gestrigen Mittwochmorgen im Flur vor der Ausl\u00e4nderbeh\u00f6rde der Stadt G\u00f6ttingen am Hiroshimaplatz u. a. Tischtennisb\u00e4lle verteilt und B\u00e4nder \u00fcber den Gang gespannt. Eine Blockade der R\u00e4umlichkeiten im eigentlichen Sinne fand nicht [&hellip;]","og_url":"https:\/\/radioleinewelle.de\/index.php\/2023\/12\/14\/aktion-gegen-die-goettinger-auslaenderbehoerde\/","og_site_name":"Radio Leinewelle","article_publisher":"https:\/\/www.facebook.com\/radioleinewelle","article_author":"https:\/\/www.facebook.com\/radioleinewelle","article_published_time":"2023-12-14T11:50:55+00:00","article_modified_time":"2023-12-14T11:50:56+00:00","og_image":[{"width":1000,"height":750,"url":"https:\/\/radioleinewelle.de\/wp-content\/uploads\/2023\/12\/Neues-Rathaus-Goe-Eingang-e1702554123644.jpg","type":"image\/jpeg"}],"author":"Leinewelle","twitter_card":"summary_large_image","twitter_creator":"@https:\/\/twitter.com\/RLeinewelle?ref_src=twsrcgoogletwcampserptwgrauthor","twitter_site":"@RLeinewelle","twitter_misc":{"Verfasst von":"Leinewelle","Gesch\u00e4tzte Lesezeit":"1\u00a0Minute"},"schema":{"@context":"https:\/\/schema.org","@graph":[{"@type":"Article","@id":"https:\/\/radioleinewelle.de\/index.php\/2023\/12\/14\/aktion-gegen-die-goettinger-auslaenderbehoerde\/#article","isPartOf":{"@id":"https:\/\/radioleinewelle.de\/index.php\/2023\/12\/14\/aktion-gegen-die-goettinger-auslaenderbehoerde\/"},"author":{"name":"Leinewelle","@id":"https:\/\/radioleinewelle.de\/#\/schema\/person\/45606f348637df637192dc1b68399a63"},"headline":"Aktion gegen die G\u00f6ttinger Ausl\u00e4nderbeh\u00f6rde","datePublished":"2023-12-14T11:50:55+00:00","dateModified":"2023-12-14T11:50:56+00:00","mainEntityOfPage":{"@id":"https:\/\/radioleinewelle.de\/index.php\/2023\/12\/14\/aktion-gegen-die-goettinger-auslaenderbehoerde\/"},"wordCount":191,"commentCount":0,"publisher":{"@id":"https:\/\/radioleinewelle.de\/#organization"},"image":{"@id":"https:\/\/radioleinewelle.de\/index.php\/2023\/12\/14\/aktion-gegen-die-goettinger-auslaenderbehoerde\/#primaryimage"},"thumbnailUrl":"https:\/\/radioleinewelle.de\/wp-content\/uploads\/2023\/12\/Neues-Rathaus-Goe-Eingang-e1702554123644.jpg","articleSection":["Aktuelle Nachrichten"],"inLanguage":"de","potentialAction":[{"@type":"CommentAction","name":"Comment","target":["https:\/\/radioleinewelle.de\/index.php\/2023\/12\/14\/aktion-gegen-die-goettinger-auslaenderbehoerde\/#respond"]}]},{"@type":"WebPage","@id":"https:\/\/radioleinewelle.de\/index.php\/2023\/12\/14\/aktion-gegen-die-goettinger-auslaenderbehoerde\/","url":"https:\/\/radioleinewelle.de\/index.php\/2023\/12\/14\/aktion-gegen-die-goettinger-auslaenderbehoerde\/","name":"Aktion gegen die G\u00f6ttinger Ausl\u00e4nderbeh\u00f6rde - Radio Leinewelle","isPartOf":{"@id":"https:\/\/radioleinewelle.de\/#website"},"primaryImageOfPage":{"@id":"https:\/\/radioleinewelle.de\/index.php\/2023\/12\/14\/aktion-gegen-die-goettinger-auslaenderbehoerde\/#primaryimage"},"image":{"@id":"https:\/\/radioleinewelle.de\/index.php\/2023\/12\/14\/aktion-gegen-die-goettinger-auslaenderbehoerde\/#primaryimage"},"thumbnailUrl":"https:\/\/radioleinewelle.de\/wp-content\/uploads\/2023\/12\/Neues-Rathaus-Goe-Eingang-e1702554123644.jpg","datePublished":"2023-12-14T11:50:55+00:00","dateModified":"2023-12-14T11:50:56+00:00","breadcrumb":{"@id":"https:\/\/radioleinewelle.de\/index.php\/2023\/12\/14\/aktion-gegen-die-goettinger-auslaenderbehoerde\/#breadcrumb"},"inLanguage":"de","potentialAction":[{"@type":"ReadAction","target":["https:\/\/radioleinewelle.de\/index.php\/2023\/12\/14\/aktion-gegen-die-goettinger-auslaenderbehoerde\/"]}]},{"@type":"ImageObject","inLanguage":"de","@id":"https:\/\/radioleinewelle.de\/index.php\/2023\/12\/14\/aktion-gegen-die-goettinger-auslaenderbehoerde\/#primaryimage","url":"https:\/\/radioleinewelle.de\/wp-content\/uploads\/2023\/12\/Neues-Rathaus-Goe-Eingang-e1702554123644.jpg","contentUrl":"https:\/\/radioleinewelle.de\/wp-content\/uploads\/2023\/12\/Neues-Rathaus-Goe-Eingang-e1702554123644.jpg","width":1000,"height":750},{"@type":"BreadcrumbList","@id":"https:\/\/radioleinewelle.de\/index.php\/2023\/12\/14\/aktion-gegen-die-goettinger-auslaenderbehoerde\/#breadcrumb","itemListElement":[{"@type":"ListItem","position":1,"name":"Startseite","item":"https:\/\/radioleinewelle.de\/"},{"@type":"ListItem","position":2,"name":"Aktion gegen die G\u00f6ttinger Ausl\u00e4nderbeh\u00f6rde"}]},{"@type":"WebSite","@id":"https:\/\/radioleinewelle.de\/#website","url":"https:\/\/radioleinewelle.de\/","name":"Radio Leinewelle","description":"","publisher":{"@id":"https:\/\/radioleinewelle.de\/#organization"},"potentialAction":[{"@type":"SearchAction","target":{"@type":"EntryPoint","urlTemplate":"https:\/\/radioleinewelle.de\/?s={search_term_string}"},"query-input":{"@type":"PropertyValueSpecification","valueRequired":true,"valueName":"search_term_string"}}],"inLanguage":"de"},{"@type":"Organization","@id":"https:\/\/radioleinewelle.de\/#organization","name":"Radio Leinewelle","alternateName":"Mein Radio f\u00fcr S\u00fcdniedersachsen","url":"https:\/\/radioleinewelle.de\/","logo":{"@type":"ImageObject","inLanguage":"de","@id":"https:\/\/radioleinewelle.de\/#\/schema\/logo\/image\/","url":"https:\/\/radioleinewelle.de\/wp-content\/uploads\/2023\/11\/cropped-Leinewelle_Logo_weiss.png","contentUrl":"https:\/\/radioleinewelle.de\/wp-content\/uploads\/2023\/11\/cropped-Leinewelle_Logo_weiss.png","width":854,"height":260,"caption":"Radio Leinewelle"},"image":{"@id":"https:\/\/radioleinewelle.de\/#\/schema\/logo\/image\/"},"sameAs":["https:\/\/www.facebook.com\/radioleinewelle","https:\/\/x.com\/RLeinewelle","https:\/\/www.instagram.com\/radioleinewelle\/?hl=de"]},{"@type":"Person","@id":"https:\/\/radioleinewelle.de\/#\/schema\/person\/45606f348637df637192dc1b68399a63","name":"Leinewelle","image":{"@type":"ImageObject","inLanguage":"de","@id":"https:\/\/secure.gravatar.com\/avatar\/05c9a17bc973052ee5d91549bd32fb4dd0dc85b7b85ae94b2e2b4943476bbea5?s=96&d=blank&r=g","url":"https:\/\/secure.gravatar.com\/avatar\/05c9a17bc973052ee5d91549bd32fb4dd0dc85b7b85ae94b2e2b4943476bbea5?s=96&d=blank&r=g","contentUrl":"https:\/\/secure.gravatar.com\/avatar\/05c9a17bc973052ee5d91549bd32fb4dd0dc85b7b85ae94b2e2b4943476bbea5?s=96&d=blank&r=g","caption":"Leinewelle"},"sameAs":["http:\/\/localhost\/radio%20leinewelle\/wordpress","https:\/\/www.facebook.com\/radioleinewelle","https:\/\/www.instagram.com\/radioleinewelle","https:\/\/x.com\/https:\/\/twitter.com\/RLeinewelle?ref_src=twsrcgoogletwcampserptwgrauthor","https:\/\/soundcloud.com\/foerderverein-lokalradio?utm_source=clipboard&utm_medium=text&utm_campaign=social_sharing"],"url":"https:\/\/radioleinewelle.de\/index.php\/author\/leinewelle\/"}]}},"_links":{"self":[{"href":"https:\/\/radioleinewelle.de\/index.php\/wp-json\/wp\/v2\/posts\/24692","targetHints":{"allow":["GET"]}}],"collection":[{"href":"https:\/\/radioleinewelle.de\/index.php\/wp-json\/wp\/v2\/posts"}],"about":[{"href":"https:\/\/radioleinewelle.de\/index.php\/wp-json\/wp\/v2\/types\/post"}],"author":[{"embeddable":true,"href":"https:\/\/radioleinewelle.de\/index.php\/wp-json\/wp\/v2\/users\/1"}],"replies":[{"embeddable":true,"href":"https:\/\/radioleinewelle.de\/index.php\/wp-json\/wp\/v2\/comments?post=24692"}],"version-history":[{"count":1,"href":"https:\/\/radioleinewelle.de\/index.php\/wp-json\/wp\/v2\/posts\/24692\/revisions"}],"predecessor-version":[{"id":24694,"href":"https:\/\/radioleinewelle.de\/index.php\/wp-json\/wp\/v2\/posts\/24692\/revisions\/24694"}],"wp:featuredmedia":[{"embeddable":true,"href":"https:\/\/radioleinewelle.de\/index.php\/wp-json\/wp\/v2\/media\/24693"}],"wp:attachment":[{"href":"https:\/\/radioleinewelle.de\/index.php\/wp-json\/wp\/v2\/media?parent=24692"}],"wp:term":[{"taxonomy":"category","embeddable":true,"href":"https:\/\/radioleinewelle.de\/index.php\/wp-json\/wp\/v2\/categories?post=24692"},{"taxonomy":"post_tag","embeddable":true,"href":"https:\/\/radioleinewelle.de\/index.php\/wp-json\/wp\/v2\/tags?post=24692"}],"curies":[{"name":"wp","href":"https:\/\/api.w.org\/{rel}","templated":true}]}}