{"id":24714,"date":"2023-12-22T09:34:20","date_gmt":"2023-12-22T08:34:20","guid":{"rendered":"https:\/\/radioleinewelle.de\/?p=24714"},"modified":"2023-12-22T09:39:58","modified_gmt":"2023-12-22T08:39:58","slug":"damit-die-kirche-im-dorf-bleibt","status":"publish","type":"post","link":"https:\/\/radioleinewelle.de\/index.php\/2023\/12\/22\/damit-die-kirche-im-dorf-bleibt\/","title":{"rendered":"Damit die Kirche im Dorf bleibt"},"content":{"rendered":"\n<p>In der historischen Kirche St. Pancratius in Gelliehausen (Gemeinde Gleichen) trafen sich Ende November 35 Einwohnerinnen und Einwohner, um den neuen Verein Gelich e.V. \u2013 Kirchen- und Kulturverein f\u00fcr Gelliehausen\u201c zu gr\u00fcnden.\u00a0<\/p>\n\n\n\n<p>\u201eUnser gemeinsamer Antrieb f\u00fcr die Gr\u00fcndung des Vereins ist der Erhalt der Kirche und die F\u00f6rderung des kulturellen Lebens in Gelliehausen.\u201c, betont der neu gew\u00e4hlte erste Vorsitzende G\u00fcnter Hoffmeister.&nbsp;<\/p>\n\n\n\n<p>Dr. Frank Uhlhorn, Superintendent des Kirchenkreises G\u00f6ttingen-M\u00fcnden freut sich \u00fcber das Engagement der Dorfgemeinschaft: \u201eEs ist wichtig, dass die Menschen sich aufmachen und sich f\u00fcr ihre Themen einsetzen. Die Vereinsgr\u00fcndung ist ein echter Schritt f\u00fcr die Zukunft.<\/p>\n\n\n\n<p>Satzungsziel von Gelich e.V. ist \u201edie F\u00f6rderung von Kunst und Kultur.\u201c Geplant sind unter anderem Konzerte, Workshops und Ausstellungen, die wieder mehr Leben in die Kirche, aber auch in die Dorfgemeinschaft bringen sollen. Beides war zuletzt auch unter dem Eindruck der Corona-Pandemie zur\u00fcckgegangen.&nbsp;<\/p>\n\n\n\n<p>Ansto\u00df f\u00fcr die jetzige Gr\u00fcndung sind Sparma\u00dfnahmen der Landeskirche, in dessen Rahmen auch die Mittel f\u00fcr den Erhalt der Kirchenbauten auf den Pr\u00fcfstand kommen. Nach verschiedenen Kriterien untersucht erhalten diese den Status \u201eBestands-\u201c oder \u201ePr\u00fcfkirche\u201c. Pr\u00fcfkirchen m\u00fcssen mit einer Einstellung der finanziellen F\u00f6rderung rechnen.<\/p>\n\n\n\n<p><strong>Foto:<\/strong> Die zehnk\u00f6pfige Arbeitsgruppe, die den neuen Verein aus der Wiege gehoben hat. G\u00fcnter Hoffmeister (5.v.l.) wurde einstimmig zum ersten Vorsitzenden gew\u00e4hlt.\u00a0\u00a0<\/p>\n","protected":false},"excerpt":{"rendered":"<p>In der historischen Kirche St. Pancratius in Gelliehausen (Gemeinde Gleichen) trafen sich Ende November 35 Einwohnerinnen und Einwohner, um den neuen Verein Gelich e.V. \u2013 Kirchen- und Kulturverein f\u00fcr Gelliehausen\u201c zu gr\u00fcnden.\u00a0 \u201eUnser gemeinsamer Antrieb f\u00fcr die Gr\u00fcndung des Vereins ist der Erhalt der Kirche und die F\u00f6rderung des kulturellen Lebens in Gelliehausen.\u201c, betont der [&hellip;]<\/p>\n","protected":false},"author":1,"featured_media":24717,"comment_status":"open","ping_status":"open","sticky":true,"template":"","format":"standard","meta":{"saved_in_kubio":false,"footnotes":""},"categories":[836],"tags":[4123],"class_list":["post-24714","post","type-post","status-publish","format-standard","has-post-thumbnail","hentry","category-laendliche-region","tag-kirche-gelliehausen"],"yoast_head":"<!-- This site is optimized with the Yoast SEO plugin v27.5 - https:\/\/yoast.com\/product\/yoast-seo-wordpress\/ -->\n<title>Damit die Kirche im Dorf bleibt - Radio Leinewelle<\/title>\n<meta name=\"robots\" content=\"index, follow, max-snippet:-1, max-image-preview:large, max-video-preview:-1\" \/>\n<link rel=\"canonical\" href=\"https:\/\/radioleinewelle.de\/index.php\/2023\/12\/22\/damit-die-kirche-im-dorf-bleibt\/\" \/>\n<meta property=\"og:locale\" content=\"de_DE\" \/>\n<meta property=\"og:type\" content=\"article\" \/>\n<meta property=\"og:title\" content=\"Damit die Kirche im Dorf bleibt - Radio Leinewelle\" \/>\n<meta property=\"og:description\" content=\"In der historischen Kirche St. Pancratius in Gelliehausen (Gemeinde Gleichen) trafen sich Ende November 35 Einwohnerinnen und Einwohner, um den neuen Verein Gelich e.V. \u2013 Kirchen- und Kulturverein f\u00fcr Gelliehausen\u201c zu gr\u00fcnden.\u00a0 \u201eUnser gemeinsamer Antrieb f\u00fcr die Gr\u00fcndung des Vereins ist der Erhalt der Kirche und die F\u00f6rderung des kulturellen Lebens in Gelliehausen.\u201c, betont der [&hellip;]\" \/>\n<meta property=\"og:url\" content=\"https:\/\/radioleinewelle.de\/index.php\/2023\/12\/22\/damit-die-kirche-im-dorf-bleibt\/\" \/>\n<meta property=\"og:site_name\" content=\"Radio Leinewelle\" \/>\n<meta property=\"article:publisher\" content=\"https:\/\/www.facebook.com\/radioleinewelle\" \/>\n<meta property=\"article:author\" content=\"https:\/\/www.facebook.com\/radioleinewelle\" \/>\n<meta property=\"article:published_time\" content=\"2023-12-22T08:34:20+00:00\" \/>\n<meta property=\"article:modified_time\" content=\"2023-12-22T08:39:58+00:00\" \/>\n<meta property=\"og:image\" content=\"https:\/\/radioleinewelle.de\/wp-content\/uploads\/2023\/12\/Arbeitsgruppe-Gelich-1024x683.jpg\" \/>\n\t<meta property=\"og:image:width\" content=\"1024\" \/>\n\t<meta property=\"og:image:height\" content=\"683\" \/>\n\t<meta property=\"og:image:type\" content=\"image\/jpeg\" \/>\n<meta name=\"author\" content=\"Leinewelle\" \/>\n<meta name=\"twitter:card\" content=\"summary_large_image\" \/>\n<meta name=\"twitter:creator\" content=\"@https:\/\/twitter.com\/RLeinewelle?ref_src=twsrcgoogletwcampserptwgrauthor\" \/>\n<meta name=\"twitter:site\" content=\"@RLeinewelle\" \/>\n<meta name=\"twitter:label1\" content=\"Verfasst von\" \/>\n\t<meta name=\"twitter:data1\" content=\"Leinewelle\" \/>\n\t<meta name=\"twitter:label2\" content=\"Gesch\u00e4tzte Lesezeit\" \/>\n\t<meta name=\"twitter:data2\" content=\"2\u00a0Minuten\" \/>\n<script type=\"application\/ld+json\" class=\"yoast-schema-graph\">{\"@context\":\"https:\\\/\\\/schema.org\",\"@graph\":[{\"@type\":\"Article\",\"@id\":\"https:\\\/\\\/radioleinewelle.de\\\/index.php\\\/2023\\\/12\\\/22\\\/damit-die-kirche-im-dorf-bleibt\\\/#article\",\"isPartOf\":{\"@id\":\"https:\\\/\\\/radioleinewelle.de\\\/index.php\\\/2023\\\/12\\\/22\\\/damit-die-kirche-im-dorf-bleibt\\\/\"},\"author\":{\"name\":\"Leinewelle\",\"@id\":\"https:\\\/\\\/radioleinewelle.de\\\/#\\\/schema\\\/person\\\/45606f348637df637192dc1b68399a63\"},\"headline\":\"Damit die Kirche im Dorf bleibt\",\"datePublished\":\"2023-12-22T08:34:20+00:00\",\"dateModified\":\"2023-12-22T08:39:58+00:00\",\"mainEntityOfPage\":{\"@id\":\"https:\\\/\\\/radioleinewelle.de\\\/index.php\\\/2023\\\/12\\\/22\\\/damit-die-kirche-im-dorf-bleibt\\\/\"},\"wordCount\":242,\"commentCount\":0,\"publisher\":{\"@id\":\"https:\\\/\\\/radioleinewelle.de\\\/#organization\"},\"image\":{\"@id\":\"https:\\\/\\\/radioleinewelle.de\\\/index.php\\\/2023\\\/12\\\/22\\\/damit-die-kirche-im-dorf-bleibt\\\/#primaryimage\"},\"thumbnailUrl\":\"https:\\\/\\\/radioleinewelle.de\\\/wp-content\\\/uploads\\\/2023\\\/12\\\/Arbeitsgruppe-Gelich-e1703234146328.jpg\",\"keywords\":[\"Kirche Gelliehausen\"],\"articleSection\":[\"L\u00e4ndliche Region\"],\"inLanguage\":\"de\",\"potentialAction\":[{\"@type\":\"CommentAction\",\"name\":\"Comment\",\"target\":[\"https:\\\/\\\/radioleinewelle.de\\\/index.php\\\/2023\\\/12\\\/22\\\/damit-die-kirche-im-dorf-bleibt\\\/#respond\"]}]},{\"@type\":\"WebPage\",\"@id\":\"https:\\\/\\\/radioleinewelle.de\\\/index.php\\\/2023\\\/12\\\/22\\\/damit-die-kirche-im-dorf-bleibt\\\/\",\"url\":\"https:\\\/\\\/radioleinewelle.de\\\/index.php\\\/2023\\\/12\\\/22\\\/damit-die-kirche-im-dorf-bleibt\\\/\",\"name\":\"Damit die Kirche im Dorf bleibt - Radio Leinewelle\",\"isPartOf\":{\"@id\":\"https:\\\/\\\/radioleinewelle.de\\\/#website\"},\"primaryImageOfPage\":{\"@id\":\"https:\\\/\\\/radioleinewelle.de\\\/index.php\\\/2023\\\/12\\\/22\\\/damit-die-kirche-im-dorf-bleibt\\\/#primaryimage\"},\"image\":{\"@id\":\"https:\\\/\\\/radioleinewelle.de\\\/index.php\\\/2023\\\/12\\\/22\\\/damit-die-kirche-im-dorf-bleibt\\\/#primaryimage\"},\"thumbnailUrl\":\"https:\\\/\\\/radioleinewelle.de\\\/wp-content\\\/uploads\\\/2023\\\/12\\\/Arbeitsgruppe-Gelich-e1703234146328.jpg\",\"datePublished\":\"2023-12-22T08:34:20+00:00\",\"dateModified\":\"2023-12-22T08:39:58+00:00\",\"breadcrumb\":{\"@id\":\"https:\\\/\\\/radioleinewelle.de\\\/index.php\\\/2023\\\/12\\\/22\\\/damit-die-kirche-im-dorf-bleibt\\\/#breadcrumb\"},\"inLanguage\":\"de\",\"potentialAction\":[{\"@type\":\"ReadAction\",\"target\":[\"https:\\\/\\\/radioleinewelle.de\\\/index.php\\\/2023\\\/12\\\/22\\\/damit-die-kirche-im-dorf-bleibt\\\/\"]}]},{\"@type\":\"ImageObject\",\"inLanguage\":\"de\",\"@id\":\"https:\\\/\\\/radioleinewelle.de\\\/index.php\\\/2023\\\/12\\\/22\\\/damit-die-kirche-im-dorf-bleibt\\\/#primaryimage\",\"url\":\"https:\\\/\\\/radioleinewelle.de\\\/wp-content\\\/uploads\\\/2023\\\/12\\\/Arbeitsgruppe-Gelich-e1703234146328.jpg\",\"contentUrl\":\"https:\\\/\\\/radioleinewelle.de\\\/wp-content\\\/uploads\\\/2023\\\/12\\\/Arbeitsgruppe-Gelich-e1703234146328.jpg\",\"width\":985,\"height\":568},{\"@type\":\"BreadcrumbList\",\"@id\":\"https:\\\/\\\/radioleinewelle.de\\\/index.php\\\/2023\\\/12\\\/22\\\/damit-die-kirche-im-dorf-bleibt\\\/#breadcrumb\",\"itemListElement\":[{\"@type\":\"ListItem\",\"position\":1,\"name\":\"Startseite\",\"item\":\"https:\\\/\\\/radioleinewelle.de\\\/\"},{\"@type\":\"ListItem\",\"position\":2,\"name\":\"Damit die Kirche im Dorf bleibt\"}]},{\"@type\":\"WebSite\",\"@id\":\"https:\\\/\\\/radioleinewelle.de\\\/#website\",\"url\":\"https:\\\/\\\/radioleinewelle.de\\\/\",\"name\":\"Radio Leinewelle\",\"description\":\"\",\"publisher\":{\"@id\":\"https:\\\/\\\/radioleinewelle.de\\\/#organization\"},\"potentialAction\":[{\"@type\":\"SearchAction\",\"target\":{\"@type\":\"EntryPoint\",\"urlTemplate\":\"https:\\\/\\\/radioleinewelle.de\\\/?s={search_term_string}\"},\"query-input\":{\"@type\":\"PropertyValueSpecification\",\"valueRequired\":true,\"valueName\":\"search_term_string\"}}],\"inLanguage\":\"de\"},{\"@type\":\"Organization\",\"@id\":\"https:\\\/\\\/radioleinewelle.de\\\/#organization\",\"name\":\"Radio Leinewelle\",\"alternateName\":\"Mein Radio f\u00fcr S\u00fcdniedersachsen\",\"url\":\"https:\\\/\\\/radioleinewelle.de\\\/\",\"logo\":{\"@type\":\"ImageObject\",\"inLanguage\":\"de\",\"@id\":\"https:\\\/\\\/radioleinewelle.de\\\/#\\\/schema\\\/logo\\\/image\\\/\",\"url\":\"https:\\\/\\\/radioleinewelle.de\\\/wp-content\\\/uploads\\\/2023\\\/11\\\/cropped-Leinewelle_Logo_weiss.png\",\"contentUrl\":\"https:\\\/\\\/radioleinewelle.de\\\/wp-content\\\/uploads\\\/2023\\\/11\\\/cropped-Leinewelle_Logo_weiss.png\",\"width\":854,\"height\":260,\"caption\":\"Radio Leinewelle\"},\"image\":{\"@id\":\"https:\\\/\\\/radioleinewelle.de\\\/#\\\/schema\\\/logo\\\/image\\\/\"},\"sameAs\":[\"https:\\\/\\\/www.facebook.com\\\/radioleinewelle\",\"https:\\\/\\\/x.com\\\/RLeinewelle\",\"https:\\\/\\\/www.instagram.com\\\/radioleinewelle\\\/?hl=de\"]},{\"@type\":\"Person\",\"@id\":\"https:\\\/\\\/radioleinewelle.de\\\/#\\\/schema\\\/person\\\/45606f348637df637192dc1b68399a63\",\"name\":\"Leinewelle\",\"image\":{\"@type\":\"ImageObject\",\"inLanguage\":\"de\",\"@id\":\"https:\\\/\\\/secure.gravatar.com\\\/avatar\\\/05c9a17bc973052ee5d91549bd32fb4dd0dc85b7b85ae94b2e2b4943476bbea5?s=96&d=blank&r=g\",\"url\":\"https:\\\/\\\/secure.gravatar.com\\\/avatar\\\/05c9a17bc973052ee5d91549bd32fb4dd0dc85b7b85ae94b2e2b4943476bbea5?s=96&d=blank&r=g\",\"contentUrl\":\"https:\\\/\\\/secure.gravatar.com\\\/avatar\\\/05c9a17bc973052ee5d91549bd32fb4dd0dc85b7b85ae94b2e2b4943476bbea5?s=96&d=blank&r=g\",\"caption\":\"Leinewelle\"},\"sameAs\":[\"http:\\\/\\\/localhost\\\/radio%20leinewelle\\\/wordpress\",\"https:\\\/\\\/www.facebook.com\\\/radioleinewelle\",\"https:\\\/\\\/www.instagram.com\\\/radioleinewelle\",\"https:\\\/\\\/x.com\\\/https:\\\/\\\/twitter.com\\\/RLeinewelle?ref_src=twsrcgoogletwcampserptwgrauthor\",\"https:\\\/\\\/soundcloud.com\\\/foerderverein-lokalradio?utm_source=clipboard&utm_medium=text&utm_campaign=social_sharing\"],\"url\":\"https:\\\/\\\/radioleinewelle.de\\\/index.php\\\/author\\\/leinewelle\\\/\"}]}<\/script>\n<!-- \/ Yoast SEO plugin. -->","yoast_head_json":{"title":"Damit die Kirche im Dorf bleibt - Radio Leinewelle","robots":{"index":"index","follow":"follow","max-snippet":"max-snippet:-1","max-image-preview":"max-image-preview:large","max-video-preview":"max-video-preview:-1"},"canonical":"https:\/\/radioleinewelle.de\/index.php\/2023\/12\/22\/damit-die-kirche-im-dorf-bleibt\/","og_locale":"de_DE","og_type":"article","og_title":"Damit die Kirche im Dorf bleibt - Radio Leinewelle","og_description":"In der historischen Kirche St. Pancratius in Gelliehausen (Gemeinde Gleichen) trafen sich Ende November 35 Einwohnerinnen und Einwohner, um den neuen Verein Gelich e.V. \u2013 Kirchen- und Kulturverein f\u00fcr Gelliehausen\u201c zu gr\u00fcnden.\u00a0 \u201eUnser gemeinsamer Antrieb f\u00fcr die Gr\u00fcndung des Vereins ist der Erhalt der Kirche und die F\u00f6rderung des kulturellen Lebens in Gelliehausen.\u201c, betont der [&hellip;]","og_url":"https:\/\/radioleinewelle.de\/index.php\/2023\/12\/22\/damit-die-kirche-im-dorf-bleibt\/","og_site_name":"Radio Leinewelle","article_publisher":"https:\/\/www.facebook.com\/radioleinewelle","article_author":"https:\/\/www.facebook.com\/radioleinewelle","article_published_time":"2023-12-22T08:34:20+00:00","article_modified_time":"2023-12-22T08:39:58+00:00","og_image":[{"width":1024,"height":683,"url":"https:\/\/radioleinewelle.de\/wp-content\/uploads\/2023\/12\/Arbeitsgruppe-Gelich-1024x683.jpg","type":"image\/jpeg"}],"author":"Leinewelle","twitter_card":"summary_large_image","twitter_creator":"@https:\/\/twitter.com\/RLeinewelle?ref_src=twsrcgoogletwcampserptwgrauthor","twitter_site":"@RLeinewelle","twitter_misc":{"Verfasst von":"Leinewelle","Gesch\u00e4tzte Lesezeit":"2\u00a0Minuten"},"schema":{"@context":"https:\/\/schema.org","@graph":[{"@type":"Article","@id":"https:\/\/radioleinewelle.de\/index.php\/2023\/12\/22\/damit-die-kirche-im-dorf-bleibt\/#article","isPartOf":{"@id":"https:\/\/radioleinewelle.de\/index.php\/2023\/12\/22\/damit-die-kirche-im-dorf-bleibt\/"},"author":{"name":"Leinewelle","@id":"https:\/\/radioleinewelle.de\/#\/schema\/person\/45606f348637df637192dc1b68399a63"},"headline":"Damit die Kirche im Dorf bleibt","datePublished":"2023-12-22T08:34:20+00:00","dateModified":"2023-12-22T08:39:58+00:00","mainEntityOfPage":{"@id":"https:\/\/radioleinewelle.de\/index.php\/2023\/12\/22\/damit-die-kirche-im-dorf-bleibt\/"},"wordCount":242,"commentCount":0,"publisher":{"@id":"https:\/\/radioleinewelle.de\/#organization"},"image":{"@id":"https:\/\/radioleinewelle.de\/index.php\/2023\/12\/22\/damit-die-kirche-im-dorf-bleibt\/#primaryimage"},"thumbnailUrl":"https:\/\/radioleinewelle.de\/wp-content\/uploads\/2023\/12\/Arbeitsgruppe-Gelich-e1703234146328.jpg","keywords":["Kirche Gelliehausen"],"articleSection":["L\u00e4ndliche Region"],"inLanguage":"de","potentialAction":[{"@type":"CommentAction","name":"Comment","target":["https:\/\/radioleinewelle.de\/index.php\/2023\/12\/22\/damit-die-kirche-im-dorf-bleibt\/#respond"]}]},{"@type":"WebPage","@id":"https:\/\/radioleinewelle.de\/index.php\/2023\/12\/22\/damit-die-kirche-im-dorf-bleibt\/","url":"https:\/\/radioleinewelle.de\/index.php\/2023\/12\/22\/damit-die-kirche-im-dorf-bleibt\/","name":"Damit die Kirche im Dorf bleibt - Radio Leinewelle","isPartOf":{"@id":"https:\/\/radioleinewelle.de\/#website"},"primaryImageOfPage":{"@id":"https:\/\/radioleinewelle.de\/index.php\/2023\/12\/22\/damit-die-kirche-im-dorf-bleibt\/#primaryimage"},"image":{"@id":"https:\/\/radioleinewelle.de\/index.php\/2023\/12\/22\/damit-die-kirche-im-dorf-bleibt\/#primaryimage"},"thumbnailUrl":"https:\/\/radioleinewelle.de\/wp-content\/uploads\/2023\/12\/Arbeitsgruppe-Gelich-e1703234146328.jpg","datePublished":"2023-12-22T08:34:20+00:00","dateModified":"2023-12-22T08:39:58+00:00","breadcrumb":{"@id":"https:\/\/radioleinewelle.de\/index.php\/2023\/12\/22\/damit-die-kirche-im-dorf-bleibt\/#breadcrumb"},"inLanguage":"de","potentialAction":[{"@type":"ReadAction","target":["https:\/\/radioleinewelle.de\/index.php\/2023\/12\/22\/damit-die-kirche-im-dorf-bleibt\/"]}]},{"@type":"ImageObject","inLanguage":"de","@id":"https:\/\/radioleinewelle.de\/index.php\/2023\/12\/22\/damit-die-kirche-im-dorf-bleibt\/#primaryimage","url":"https:\/\/radioleinewelle.de\/wp-content\/uploads\/2023\/12\/Arbeitsgruppe-Gelich-e1703234146328.jpg","contentUrl":"https:\/\/radioleinewelle.de\/wp-content\/uploads\/2023\/12\/Arbeitsgruppe-Gelich-e1703234146328.jpg","width":985,"height":568},{"@type":"BreadcrumbList","@id":"https:\/\/radioleinewelle.de\/index.php\/2023\/12\/22\/damit-die-kirche-im-dorf-bleibt\/#breadcrumb","itemListElement":[{"@type":"ListItem","position":1,"name":"Startseite","item":"https:\/\/radioleinewelle.de\/"},{"@type":"ListItem","position":2,"name":"Damit die Kirche im Dorf bleibt"}]},{"@type":"WebSite","@id":"https:\/\/radioleinewelle.de\/#website","url":"https:\/\/radioleinewelle.de\/","name":"Radio Leinewelle","description":"","publisher":{"@id":"https:\/\/radioleinewelle.de\/#organization"},"potentialAction":[{"@type":"SearchAction","target":{"@type":"EntryPoint","urlTemplate":"https:\/\/radioleinewelle.de\/?s={search_term_string}"},"query-input":{"@type":"PropertyValueSpecification","valueRequired":true,"valueName":"search_term_string"}}],"inLanguage":"de"},{"@type":"Organization","@id":"https:\/\/radioleinewelle.de\/#organization","name":"Radio Leinewelle","alternateName":"Mein Radio f\u00fcr S\u00fcdniedersachsen","url":"https:\/\/radioleinewelle.de\/","logo":{"@type":"ImageObject","inLanguage":"de","@id":"https:\/\/radioleinewelle.de\/#\/schema\/logo\/image\/","url":"https:\/\/radioleinewelle.de\/wp-content\/uploads\/2023\/11\/cropped-Leinewelle_Logo_weiss.png","contentUrl":"https:\/\/radioleinewelle.de\/wp-content\/uploads\/2023\/11\/cropped-Leinewelle_Logo_weiss.png","width":854,"height":260,"caption":"Radio Leinewelle"},"image":{"@id":"https:\/\/radioleinewelle.de\/#\/schema\/logo\/image\/"},"sameAs":["https:\/\/www.facebook.com\/radioleinewelle","https:\/\/x.com\/RLeinewelle","https:\/\/www.instagram.com\/radioleinewelle\/?hl=de"]},{"@type":"Person","@id":"https:\/\/radioleinewelle.de\/#\/schema\/person\/45606f348637df637192dc1b68399a63","name":"Leinewelle","image":{"@type":"ImageObject","inLanguage":"de","@id":"https:\/\/secure.gravatar.com\/avatar\/05c9a17bc973052ee5d91549bd32fb4dd0dc85b7b85ae94b2e2b4943476bbea5?s=96&d=blank&r=g","url":"https:\/\/secure.gravatar.com\/avatar\/05c9a17bc973052ee5d91549bd32fb4dd0dc85b7b85ae94b2e2b4943476bbea5?s=96&d=blank&r=g","contentUrl":"https:\/\/secure.gravatar.com\/avatar\/05c9a17bc973052ee5d91549bd32fb4dd0dc85b7b85ae94b2e2b4943476bbea5?s=96&d=blank&r=g","caption":"Leinewelle"},"sameAs":["http:\/\/localhost\/radio%20leinewelle\/wordpress","https:\/\/www.facebook.com\/radioleinewelle","https:\/\/www.instagram.com\/radioleinewelle","https:\/\/x.com\/https:\/\/twitter.com\/RLeinewelle?ref_src=twsrcgoogletwcampserptwgrauthor","https:\/\/soundcloud.com\/foerderverein-lokalradio?utm_source=clipboard&utm_medium=text&utm_campaign=social_sharing"],"url":"https:\/\/radioleinewelle.de\/index.php\/author\/leinewelle\/"}]}},"_links":{"self":[{"href":"https:\/\/radioleinewelle.de\/index.php\/wp-json\/wp\/v2\/posts\/24714","targetHints":{"allow":["GET"]}}],"collection":[{"href":"https:\/\/radioleinewelle.de\/index.php\/wp-json\/wp\/v2\/posts"}],"about":[{"href":"https:\/\/radioleinewelle.de\/index.php\/wp-json\/wp\/v2\/types\/post"}],"author":[{"embeddable":true,"href":"https:\/\/radioleinewelle.de\/index.php\/wp-json\/wp\/v2\/users\/1"}],"replies":[{"embeddable":true,"href":"https:\/\/radioleinewelle.de\/index.php\/wp-json\/wp\/v2\/comments?post=24714"}],"version-history":[{"count":3,"href":"https:\/\/radioleinewelle.de\/index.php\/wp-json\/wp\/v2\/posts\/24714\/revisions"}],"predecessor-version":[{"id":24718,"href":"https:\/\/radioleinewelle.de\/index.php\/wp-json\/wp\/v2\/posts\/24714\/revisions\/24718"}],"wp:featuredmedia":[{"embeddable":true,"href":"https:\/\/radioleinewelle.de\/index.php\/wp-json\/wp\/v2\/media\/24717"}],"wp:attachment":[{"href":"https:\/\/radioleinewelle.de\/index.php\/wp-json\/wp\/v2\/media?parent=24714"}],"wp:term":[{"taxonomy":"category","embeddable":true,"href":"https:\/\/radioleinewelle.de\/index.php\/wp-json\/wp\/v2\/categories?post=24714"},{"taxonomy":"post_tag","embeddable":true,"href":"https:\/\/radioleinewelle.de\/index.php\/wp-json\/wp\/v2\/tags?post=24714"}],"curies":[{"name":"wp","href":"https:\/\/api.w.org\/{rel}","templated":true}]}}