{"id":24755,"date":"2023-12-27T11:20:04","date_gmt":"2023-12-27T10:20:04","guid":{"rendered":"https:\/\/radioleinewelle.de\/?p=24755"},"modified":"2023-12-27T11:21:33","modified_gmt":"2023-12-27T10:21:33","slug":"hochwasserlage-im-landkreis-entspannt-sich-feuerwehrkraefte-unterstuetzen-im-lk-hildesheim","status":"publish","type":"post","link":"https:\/\/radioleinewelle.de\/index.php\/2023\/12\/27\/hochwasserlage-im-landkreis-entspannt-sich-feuerwehrkraefte-unterstuetzen-im-lk-hildesheim\/","title":{"rendered":"Hochwasserlage im Landkreis entspannt sich &#8211; Feuerwehrkr\u00e4fte unterst\u00fctzen im LK Hildesheim"},"content":{"rendered":"\n<p>W\u00e4hrend sich die Hochwasserlage, die sich seit dem 23. Dezember 2023 im Kreisgebiet G\u00f6ttingen entwickelt hatte, langsam entspannt, ben\u00f6tigt der Landkreis Hildesheim dringend Unterst\u00fctzung. Mittwochnacht, 27. Dezember 2023, startete das Nieders\u00e4chsische Innenministerium um 0.15 Uhr einen Unterst\u00fctzungsaufruf. Bereits um 4 Uhr startete daraufhin die Kreisfeuerwehrbereitschaft des Abschnitts II unter der Leitung von Kreisbrandmeister Karsten Kr\u00fcgener und seines Stellvertreters Claus Bode, um in Grasdorf und Holle von 6:00-18:00 Uhr unter anderem bei Pumparbeiten zu unterst\u00fctzen und Sands\u00e4cke zu f\u00fcllen. Die Bereitschaft, die bei dem Einsatz 122 Personen umfasst, setzt sich aus Einheiten der Stadt Duderstadt, der Samtgemeinden Gieboldehausen und Radolfshausen, der Flecken Bovenden und Adelebsen sowie der Gemeinde Gleichen zusammen.<\/p>\n\n\n\n<p>Kreisr\u00e4tin Marlies Dornieden: \u201eBei uns hat sich die Lage erfreulicher Weise dadurch entspannt, dass der Regen ausgesetzt hat. Wir befinden uns deshalb, bis auf die Rhume, maximal auf Hochwasser-Pegelmeldestufe 2. Auch die Talsperren im Harz verzeichnen mehr Ab- als Zulauf. Das macht uns eine Unterst\u00fctzung m\u00f6glich.\u201c<\/p>\n\n\n\n<p><strong>Foto:<\/strong> Symbolbild von <a href=\"https:\/\/pixabay.com\/de\/users\/4073527-4073527\/?utm_source=link-attribution&amp;utm_medium=referral&amp;utm_campaign=image&amp;utm_content=1923196\">4073527<\/a> auf <a href=\"https:\/\/pixabay.com\/de\/\/?utm_source=link-attribution&amp;utm_medium=referral&amp;utm_campaign=image&amp;utm_content=1923196\">Pixabay<\/a><\/p>\n","protected":false},"excerpt":{"rendered":"<p>W\u00e4hrend sich die Hochwasserlage, die sich seit dem 23. Dezember 2023 im Kreisgebiet G\u00f6ttingen entwickelt hatte, langsam entspannt, ben\u00f6tigt der Landkreis Hildesheim dringend Unterst\u00fctzung. Mittwochnacht, 27. Dezember 2023, startete das Nieders\u00e4chsische Innenministerium um 0.15 Uhr einen Unterst\u00fctzungsaufruf. Bereits um 4 Uhr startete daraufhin die Kreisfeuerwehrbereitschaft des Abschnitts II unter der Leitung von Kreisbrandmeister Karsten Kr\u00fcgener [&hellip;]<\/p>\n","protected":false},"author":1,"featured_media":24758,"comment_status":"open","ping_status":"open","sticky":true,"template":"","format":"standard","meta":{"saved_in_kubio":false,"footnotes":""},"categories":[24],"tags":[],"class_list":["post-24755","post","type-post","status-publish","format-standard","has-post-thumbnail","hentry","category-news"],"yoast_head":"<!-- This site is optimized with the Yoast SEO plugin v27.5 - https:\/\/yoast.com\/product\/yoast-seo-wordpress\/ -->\n<title>Hochwasserlage im Landkreis entspannt sich - Feuerwehrkr\u00e4fte unterst\u00fctzen im LK Hildesheim - Radio Leinewelle<\/title>\n<meta name=\"robots\" content=\"index, follow, max-snippet:-1, max-image-preview:large, max-video-preview:-1\" \/>\n<link rel=\"canonical\" href=\"https:\/\/radioleinewelle.de\/index.php\/2023\/12\/27\/hochwasserlage-im-landkreis-entspannt-sich-feuerwehrkraefte-unterstuetzen-im-lk-hildesheim\/\" \/>\n<meta property=\"og:locale\" content=\"de_DE\" \/>\n<meta property=\"og:type\" content=\"article\" \/>\n<meta property=\"og:title\" content=\"Hochwasserlage im Landkreis entspannt sich - Feuerwehrkr\u00e4fte unterst\u00fctzen im LK Hildesheim - Radio Leinewelle\" \/>\n<meta property=\"og:description\" content=\"W\u00e4hrend sich die Hochwasserlage, die sich seit dem 23. Dezember 2023 im Kreisgebiet G\u00f6ttingen entwickelt hatte, langsam entspannt, ben\u00f6tigt der Landkreis Hildesheim dringend Unterst\u00fctzung. Mittwochnacht, 27. Dezember 2023, startete das Nieders\u00e4chsische Innenministerium um 0.15 Uhr einen Unterst\u00fctzungsaufruf. Bereits um 4 Uhr startete daraufhin die Kreisfeuerwehrbereitschaft des Abschnitts II unter der Leitung von Kreisbrandmeister Karsten Kr\u00fcgener [&hellip;]\" \/>\n<meta property=\"og:url\" content=\"https:\/\/radioleinewelle.de\/index.php\/2023\/12\/27\/hochwasserlage-im-landkreis-entspannt-sich-feuerwehrkraefte-unterstuetzen-im-lk-hildesheim\/\" \/>\n<meta property=\"og:site_name\" content=\"Radio Leinewelle\" \/>\n<meta property=\"article:publisher\" content=\"https:\/\/www.facebook.com\/radioleinewelle\" \/>\n<meta property=\"article:author\" content=\"https:\/\/www.facebook.com\/radioleinewelle\" \/>\n<meta property=\"article:published_time\" content=\"2023-12-27T10:20:04+00:00\" \/>\n<meta property=\"article:modified_time\" content=\"2023-12-27T10:21:33+00:00\" \/>\n<meta property=\"og:image\" content=\"https:\/\/radioleinewelle.de\/wp-content\/uploads\/2023\/12\/flood-1923196_1280.jpg\" \/>\n\t<meta property=\"og:image:width\" content=\"1280\" \/>\n\t<meta property=\"og:image:height\" content=\"720\" \/>\n\t<meta property=\"og:image:type\" content=\"image\/jpeg\" \/>\n<meta name=\"author\" content=\"Leinewelle\" \/>\n<meta name=\"twitter:card\" content=\"summary_large_image\" \/>\n<meta name=\"twitter:creator\" content=\"@https:\/\/twitter.com\/RLeinewelle?ref_src=twsrcgoogletwcampserptwgrauthor\" \/>\n<meta name=\"twitter:site\" content=\"@RLeinewelle\" \/>\n<meta name=\"twitter:label1\" content=\"Verfasst von\" \/>\n\t<meta name=\"twitter:data1\" content=\"Leinewelle\" \/>\n\t<meta name=\"twitter:label2\" content=\"Gesch\u00e4tzte Lesezeit\" \/>\n\t<meta name=\"twitter:data2\" content=\"1\u00a0Minute\" \/>\n<script type=\"application\/ld+json\" class=\"yoast-schema-graph\">{\"@context\":\"https:\\\/\\\/schema.org\",\"@graph\":[{\"@type\":\"Article\",\"@id\":\"https:\\\/\\\/radioleinewelle.de\\\/index.php\\\/2023\\\/12\\\/27\\\/hochwasserlage-im-landkreis-entspannt-sich-feuerwehrkraefte-unterstuetzen-im-lk-hildesheim\\\/#article\",\"isPartOf\":{\"@id\":\"https:\\\/\\\/radioleinewelle.de\\\/index.php\\\/2023\\\/12\\\/27\\\/hochwasserlage-im-landkreis-entspannt-sich-feuerwehrkraefte-unterstuetzen-im-lk-hildesheim\\\/\"},\"author\":{\"name\":\"Leinewelle\",\"@id\":\"https:\\\/\\\/radioleinewelle.de\\\/#\\\/schema\\\/person\\\/45606f348637df637192dc1b68399a63\"},\"headline\":\"Hochwasserlage im Landkreis entspannt sich &#8211; Feuerwehrkr\u00e4fte unterst\u00fctzen im LK Hildesheim\",\"datePublished\":\"2023-12-27T10:20:04+00:00\",\"dateModified\":\"2023-12-27T10:21:33+00:00\",\"mainEntityOfPage\":{\"@id\":\"https:\\\/\\\/radioleinewelle.de\\\/index.php\\\/2023\\\/12\\\/27\\\/hochwasserlage-im-landkreis-entspannt-sich-feuerwehrkraefte-unterstuetzen-im-lk-hildesheim\\\/\"},\"wordCount\":178,\"commentCount\":0,\"publisher\":{\"@id\":\"https:\\\/\\\/radioleinewelle.de\\\/#organization\"},\"image\":{\"@id\":\"https:\\\/\\\/radioleinewelle.de\\\/index.php\\\/2023\\\/12\\\/27\\\/hochwasserlage-im-landkreis-entspannt-sich-feuerwehrkraefte-unterstuetzen-im-lk-hildesheim\\\/#primaryimage\"},\"thumbnailUrl\":\"https:\\\/\\\/radioleinewelle.de\\\/wp-content\\\/uploads\\\/2023\\\/12\\\/flood-1923196_1280.jpg\",\"articleSection\":[\"Aktuelle Nachrichten\"],\"inLanguage\":\"de\",\"potentialAction\":[{\"@type\":\"CommentAction\",\"name\":\"Comment\",\"target\":[\"https:\\\/\\\/radioleinewelle.de\\\/index.php\\\/2023\\\/12\\\/27\\\/hochwasserlage-im-landkreis-entspannt-sich-feuerwehrkraefte-unterstuetzen-im-lk-hildesheim\\\/#respond\"]}]},{\"@type\":\"WebPage\",\"@id\":\"https:\\\/\\\/radioleinewelle.de\\\/index.php\\\/2023\\\/12\\\/27\\\/hochwasserlage-im-landkreis-entspannt-sich-feuerwehrkraefte-unterstuetzen-im-lk-hildesheim\\\/\",\"url\":\"https:\\\/\\\/radioleinewelle.de\\\/index.php\\\/2023\\\/12\\\/27\\\/hochwasserlage-im-landkreis-entspannt-sich-feuerwehrkraefte-unterstuetzen-im-lk-hildesheim\\\/\",\"name\":\"Hochwasserlage im Landkreis entspannt sich - Feuerwehrkr\u00e4fte unterst\u00fctzen im LK Hildesheim - Radio Leinewelle\",\"isPartOf\":{\"@id\":\"https:\\\/\\\/radioleinewelle.de\\\/#website\"},\"primaryImageOfPage\":{\"@id\":\"https:\\\/\\\/radioleinewelle.de\\\/index.php\\\/2023\\\/12\\\/27\\\/hochwasserlage-im-landkreis-entspannt-sich-feuerwehrkraefte-unterstuetzen-im-lk-hildesheim\\\/#primaryimage\"},\"image\":{\"@id\":\"https:\\\/\\\/radioleinewelle.de\\\/index.php\\\/2023\\\/12\\\/27\\\/hochwasserlage-im-landkreis-entspannt-sich-feuerwehrkraefte-unterstuetzen-im-lk-hildesheim\\\/#primaryimage\"},\"thumbnailUrl\":\"https:\\\/\\\/radioleinewelle.de\\\/wp-content\\\/uploads\\\/2023\\\/12\\\/flood-1923196_1280.jpg\",\"datePublished\":\"2023-12-27T10:20:04+00:00\",\"dateModified\":\"2023-12-27T10:21:33+00:00\",\"breadcrumb\":{\"@id\":\"https:\\\/\\\/radioleinewelle.de\\\/index.php\\\/2023\\\/12\\\/27\\\/hochwasserlage-im-landkreis-entspannt-sich-feuerwehrkraefte-unterstuetzen-im-lk-hildesheim\\\/#breadcrumb\"},\"inLanguage\":\"de\",\"potentialAction\":[{\"@type\":\"ReadAction\",\"target\":[\"https:\\\/\\\/radioleinewelle.de\\\/index.php\\\/2023\\\/12\\\/27\\\/hochwasserlage-im-landkreis-entspannt-sich-feuerwehrkraefte-unterstuetzen-im-lk-hildesheim\\\/\"]}]},{\"@type\":\"ImageObject\",\"inLanguage\":\"de\",\"@id\":\"https:\\\/\\\/radioleinewelle.de\\\/index.php\\\/2023\\\/12\\\/27\\\/hochwasserlage-im-landkreis-entspannt-sich-feuerwehrkraefte-unterstuetzen-im-lk-hildesheim\\\/#primaryimage\",\"url\":\"https:\\\/\\\/radioleinewelle.de\\\/wp-content\\\/uploads\\\/2023\\\/12\\\/flood-1923196_1280.jpg\",\"contentUrl\":\"https:\\\/\\\/radioleinewelle.de\\\/wp-content\\\/uploads\\\/2023\\\/12\\\/flood-1923196_1280.jpg\",\"width\":1280,\"height\":720},{\"@type\":\"BreadcrumbList\",\"@id\":\"https:\\\/\\\/radioleinewelle.de\\\/index.php\\\/2023\\\/12\\\/27\\\/hochwasserlage-im-landkreis-entspannt-sich-feuerwehrkraefte-unterstuetzen-im-lk-hildesheim\\\/#breadcrumb\",\"itemListElement\":[{\"@type\":\"ListItem\",\"position\":1,\"name\":\"Startseite\",\"item\":\"https:\\\/\\\/radioleinewelle.de\\\/\"},{\"@type\":\"ListItem\",\"position\":2,\"name\":\"Hochwasserlage im Landkreis entspannt sich &#8211; Feuerwehrkr\u00e4fte unterst\u00fctzen im LK Hildesheim\"}]},{\"@type\":\"WebSite\",\"@id\":\"https:\\\/\\\/radioleinewelle.de\\\/#website\",\"url\":\"https:\\\/\\\/radioleinewelle.de\\\/\",\"name\":\"Radio Leinewelle\",\"description\":\"\",\"publisher\":{\"@id\":\"https:\\\/\\\/radioleinewelle.de\\\/#organization\"},\"potentialAction\":[{\"@type\":\"SearchAction\",\"target\":{\"@type\":\"EntryPoint\",\"urlTemplate\":\"https:\\\/\\\/radioleinewelle.de\\\/?s={search_term_string}\"},\"query-input\":{\"@type\":\"PropertyValueSpecification\",\"valueRequired\":true,\"valueName\":\"search_term_string\"}}],\"inLanguage\":\"de\"},{\"@type\":\"Organization\",\"@id\":\"https:\\\/\\\/radioleinewelle.de\\\/#organization\",\"name\":\"Radio Leinewelle\",\"alternateName\":\"Mein Radio f\u00fcr S\u00fcdniedersachsen\",\"url\":\"https:\\\/\\\/radioleinewelle.de\\\/\",\"logo\":{\"@type\":\"ImageObject\",\"inLanguage\":\"de\",\"@id\":\"https:\\\/\\\/radioleinewelle.de\\\/#\\\/schema\\\/logo\\\/image\\\/\",\"url\":\"https:\\\/\\\/radioleinewelle.de\\\/wp-content\\\/uploads\\\/2023\\\/11\\\/cropped-Leinewelle_Logo_weiss.png\",\"contentUrl\":\"https:\\\/\\\/radioleinewelle.de\\\/wp-content\\\/uploads\\\/2023\\\/11\\\/cropped-Leinewelle_Logo_weiss.png\",\"width\":854,\"height\":260,\"caption\":\"Radio Leinewelle\"},\"image\":{\"@id\":\"https:\\\/\\\/radioleinewelle.de\\\/#\\\/schema\\\/logo\\\/image\\\/\"},\"sameAs\":[\"https:\\\/\\\/www.facebook.com\\\/radioleinewelle\",\"https:\\\/\\\/x.com\\\/RLeinewelle\",\"https:\\\/\\\/www.instagram.com\\\/radioleinewelle\\\/?hl=de\"]},{\"@type\":\"Person\",\"@id\":\"https:\\\/\\\/radioleinewelle.de\\\/#\\\/schema\\\/person\\\/45606f348637df637192dc1b68399a63\",\"name\":\"Leinewelle\",\"image\":{\"@type\":\"ImageObject\",\"inLanguage\":\"de\",\"@id\":\"https:\\\/\\\/secure.gravatar.com\\\/avatar\\\/05c9a17bc973052ee5d91549bd32fb4dd0dc85b7b85ae94b2e2b4943476bbea5?s=96&d=blank&r=g\",\"url\":\"https:\\\/\\\/secure.gravatar.com\\\/avatar\\\/05c9a17bc973052ee5d91549bd32fb4dd0dc85b7b85ae94b2e2b4943476bbea5?s=96&d=blank&r=g\",\"contentUrl\":\"https:\\\/\\\/secure.gravatar.com\\\/avatar\\\/05c9a17bc973052ee5d91549bd32fb4dd0dc85b7b85ae94b2e2b4943476bbea5?s=96&d=blank&r=g\",\"caption\":\"Leinewelle\"},\"sameAs\":[\"http:\\\/\\\/localhost\\\/radio%20leinewelle\\\/wordpress\",\"https:\\\/\\\/www.facebook.com\\\/radioleinewelle\",\"https:\\\/\\\/www.instagram.com\\\/radioleinewelle\",\"https:\\\/\\\/x.com\\\/https:\\\/\\\/twitter.com\\\/RLeinewelle?ref_src=twsrcgoogletwcampserptwgrauthor\",\"https:\\\/\\\/soundcloud.com\\\/foerderverein-lokalradio?utm_source=clipboard&utm_medium=text&utm_campaign=social_sharing\"],\"url\":\"https:\\\/\\\/radioleinewelle.de\\\/index.php\\\/author\\\/leinewelle\\\/\"}]}<\/script>\n<!-- \/ Yoast SEO plugin. -->","yoast_head_json":{"title":"Hochwasserlage im Landkreis entspannt sich - Feuerwehrkr\u00e4fte unterst\u00fctzen im LK Hildesheim - Radio Leinewelle","robots":{"index":"index","follow":"follow","max-snippet":"max-snippet:-1","max-image-preview":"max-image-preview:large","max-video-preview":"max-video-preview:-1"},"canonical":"https:\/\/radioleinewelle.de\/index.php\/2023\/12\/27\/hochwasserlage-im-landkreis-entspannt-sich-feuerwehrkraefte-unterstuetzen-im-lk-hildesheim\/","og_locale":"de_DE","og_type":"article","og_title":"Hochwasserlage im Landkreis entspannt sich - Feuerwehrkr\u00e4fte unterst\u00fctzen im LK Hildesheim - Radio Leinewelle","og_description":"W\u00e4hrend sich die Hochwasserlage, die sich seit dem 23. Dezember 2023 im Kreisgebiet G\u00f6ttingen entwickelt hatte, langsam entspannt, ben\u00f6tigt der Landkreis Hildesheim dringend Unterst\u00fctzung. Mittwochnacht, 27. Dezember 2023, startete das Nieders\u00e4chsische Innenministerium um 0.15 Uhr einen Unterst\u00fctzungsaufruf. Bereits um 4 Uhr startete daraufhin die Kreisfeuerwehrbereitschaft des Abschnitts II unter der Leitung von Kreisbrandmeister Karsten Kr\u00fcgener [&hellip;]","og_url":"https:\/\/radioleinewelle.de\/index.php\/2023\/12\/27\/hochwasserlage-im-landkreis-entspannt-sich-feuerwehrkraefte-unterstuetzen-im-lk-hildesheim\/","og_site_name":"Radio Leinewelle","article_publisher":"https:\/\/www.facebook.com\/radioleinewelle","article_author":"https:\/\/www.facebook.com\/radioleinewelle","article_published_time":"2023-12-27T10:20:04+00:00","article_modified_time":"2023-12-27T10:21:33+00:00","og_image":[{"width":1280,"height":720,"url":"https:\/\/radioleinewelle.de\/wp-content\/uploads\/2023\/12\/flood-1923196_1280.jpg","type":"image\/jpeg"}],"author":"Leinewelle","twitter_card":"summary_large_image","twitter_creator":"@https:\/\/twitter.com\/RLeinewelle?ref_src=twsrcgoogletwcampserptwgrauthor","twitter_site":"@RLeinewelle","twitter_misc":{"Verfasst von":"Leinewelle","Gesch\u00e4tzte Lesezeit":"1\u00a0Minute"},"schema":{"@context":"https:\/\/schema.org","@graph":[{"@type":"Article","@id":"https:\/\/radioleinewelle.de\/index.php\/2023\/12\/27\/hochwasserlage-im-landkreis-entspannt-sich-feuerwehrkraefte-unterstuetzen-im-lk-hildesheim\/#article","isPartOf":{"@id":"https:\/\/radioleinewelle.de\/index.php\/2023\/12\/27\/hochwasserlage-im-landkreis-entspannt-sich-feuerwehrkraefte-unterstuetzen-im-lk-hildesheim\/"},"author":{"name":"Leinewelle","@id":"https:\/\/radioleinewelle.de\/#\/schema\/person\/45606f348637df637192dc1b68399a63"},"headline":"Hochwasserlage im Landkreis entspannt sich &#8211; Feuerwehrkr\u00e4fte unterst\u00fctzen im LK Hildesheim","datePublished":"2023-12-27T10:20:04+00:00","dateModified":"2023-12-27T10:21:33+00:00","mainEntityOfPage":{"@id":"https:\/\/radioleinewelle.de\/index.php\/2023\/12\/27\/hochwasserlage-im-landkreis-entspannt-sich-feuerwehrkraefte-unterstuetzen-im-lk-hildesheim\/"},"wordCount":178,"commentCount":0,"publisher":{"@id":"https:\/\/radioleinewelle.de\/#organization"},"image":{"@id":"https:\/\/radioleinewelle.de\/index.php\/2023\/12\/27\/hochwasserlage-im-landkreis-entspannt-sich-feuerwehrkraefte-unterstuetzen-im-lk-hildesheim\/#primaryimage"},"thumbnailUrl":"https:\/\/radioleinewelle.de\/wp-content\/uploads\/2023\/12\/flood-1923196_1280.jpg","articleSection":["Aktuelle Nachrichten"],"inLanguage":"de","potentialAction":[{"@type":"CommentAction","name":"Comment","target":["https:\/\/radioleinewelle.de\/index.php\/2023\/12\/27\/hochwasserlage-im-landkreis-entspannt-sich-feuerwehrkraefte-unterstuetzen-im-lk-hildesheim\/#respond"]}]},{"@type":"WebPage","@id":"https:\/\/radioleinewelle.de\/index.php\/2023\/12\/27\/hochwasserlage-im-landkreis-entspannt-sich-feuerwehrkraefte-unterstuetzen-im-lk-hildesheim\/","url":"https:\/\/radioleinewelle.de\/index.php\/2023\/12\/27\/hochwasserlage-im-landkreis-entspannt-sich-feuerwehrkraefte-unterstuetzen-im-lk-hildesheim\/","name":"Hochwasserlage im Landkreis entspannt sich - Feuerwehrkr\u00e4fte unterst\u00fctzen im LK Hildesheim - Radio Leinewelle","isPartOf":{"@id":"https:\/\/radioleinewelle.de\/#website"},"primaryImageOfPage":{"@id":"https:\/\/radioleinewelle.de\/index.php\/2023\/12\/27\/hochwasserlage-im-landkreis-entspannt-sich-feuerwehrkraefte-unterstuetzen-im-lk-hildesheim\/#primaryimage"},"image":{"@id":"https:\/\/radioleinewelle.de\/index.php\/2023\/12\/27\/hochwasserlage-im-landkreis-entspannt-sich-feuerwehrkraefte-unterstuetzen-im-lk-hildesheim\/#primaryimage"},"thumbnailUrl":"https:\/\/radioleinewelle.de\/wp-content\/uploads\/2023\/12\/flood-1923196_1280.jpg","datePublished":"2023-12-27T10:20:04+00:00","dateModified":"2023-12-27T10:21:33+00:00","breadcrumb":{"@id":"https:\/\/radioleinewelle.de\/index.php\/2023\/12\/27\/hochwasserlage-im-landkreis-entspannt-sich-feuerwehrkraefte-unterstuetzen-im-lk-hildesheim\/#breadcrumb"},"inLanguage":"de","potentialAction":[{"@type":"ReadAction","target":["https:\/\/radioleinewelle.de\/index.php\/2023\/12\/27\/hochwasserlage-im-landkreis-entspannt-sich-feuerwehrkraefte-unterstuetzen-im-lk-hildesheim\/"]}]},{"@type":"ImageObject","inLanguage":"de","@id":"https:\/\/radioleinewelle.de\/index.php\/2023\/12\/27\/hochwasserlage-im-landkreis-entspannt-sich-feuerwehrkraefte-unterstuetzen-im-lk-hildesheim\/#primaryimage","url":"https:\/\/radioleinewelle.de\/wp-content\/uploads\/2023\/12\/flood-1923196_1280.jpg","contentUrl":"https:\/\/radioleinewelle.de\/wp-content\/uploads\/2023\/12\/flood-1923196_1280.jpg","width":1280,"height":720},{"@type":"BreadcrumbList","@id":"https:\/\/radioleinewelle.de\/index.php\/2023\/12\/27\/hochwasserlage-im-landkreis-entspannt-sich-feuerwehrkraefte-unterstuetzen-im-lk-hildesheim\/#breadcrumb","itemListElement":[{"@type":"ListItem","position":1,"name":"Startseite","item":"https:\/\/radioleinewelle.de\/"},{"@type":"ListItem","position":2,"name":"Hochwasserlage im Landkreis entspannt sich &#8211; Feuerwehrkr\u00e4fte unterst\u00fctzen im LK Hildesheim"}]},{"@type":"WebSite","@id":"https:\/\/radioleinewelle.de\/#website","url":"https:\/\/radioleinewelle.de\/","name":"Radio Leinewelle","description":"","publisher":{"@id":"https:\/\/radioleinewelle.de\/#organization"},"potentialAction":[{"@type":"SearchAction","target":{"@type":"EntryPoint","urlTemplate":"https:\/\/radioleinewelle.de\/?s={search_term_string}"},"query-input":{"@type":"PropertyValueSpecification","valueRequired":true,"valueName":"search_term_string"}}],"inLanguage":"de"},{"@type":"Organization","@id":"https:\/\/radioleinewelle.de\/#organization","name":"Radio Leinewelle","alternateName":"Mein Radio f\u00fcr S\u00fcdniedersachsen","url":"https:\/\/radioleinewelle.de\/","logo":{"@type":"ImageObject","inLanguage":"de","@id":"https:\/\/radioleinewelle.de\/#\/schema\/logo\/image\/","url":"https:\/\/radioleinewelle.de\/wp-content\/uploads\/2023\/11\/cropped-Leinewelle_Logo_weiss.png","contentUrl":"https:\/\/radioleinewelle.de\/wp-content\/uploads\/2023\/11\/cropped-Leinewelle_Logo_weiss.png","width":854,"height":260,"caption":"Radio Leinewelle"},"image":{"@id":"https:\/\/radioleinewelle.de\/#\/schema\/logo\/image\/"},"sameAs":["https:\/\/www.facebook.com\/radioleinewelle","https:\/\/x.com\/RLeinewelle","https:\/\/www.instagram.com\/radioleinewelle\/?hl=de"]},{"@type":"Person","@id":"https:\/\/radioleinewelle.de\/#\/schema\/person\/45606f348637df637192dc1b68399a63","name":"Leinewelle","image":{"@type":"ImageObject","inLanguage":"de","@id":"https:\/\/secure.gravatar.com\/avatar\/05c9a17bc973052ee5d91549bd32fb4dd0dc85b7b85ae94b2e2b4943476bbea5?s=96&d=blank&r=g","url":"https:\/\/secure.gravatar.com\/avatar\/05c9a17bc973052ee5d91549bd32fb4dd0dc85b7b85ae94b2e2b4943476bbea5?s=96&d=blank&r=g","contentUrl":"https:\/\/secure.gravatar.com\/avatar\/05c9a17bc973052ee5d91549bd32fb4dd0dc85b7b85ae94b2e2b4943476bbea5?s=96&d=blank&r=g","caption":"Leinewelle"},"sameAs":["http:\/\/localhost\/radio%20leinewelle\/wordpress","https:\/\/www.facebook.com\/radioleinewelle","https:\/\/www.instagram.com\/radioleinewelle","https:\/\/x.com\/https:\/\/twitter.com\/RLeinewelle?ref_src=twsrcgoogletwcampserptwgrauthor","https:\/\/soundcloud.com\/foerderverein-lokalradio?utm_source=clipboard&utm_medium=text&utm_campaign=social_sharing"],"url":"https:\/\/radioleinewelle.de\/index.php\/author\/leinewelle\/"}]}},"_links":{"self":[{"href":"https:\/\/radioleinewelle.de\/index.php\/wp-json\/wp\/v2\/posts\/24755","targetHints":{"allow":["GET"]}}],"collection":[{"href":"https:\/\/radioleinewelle.de\/index.php\/wp-json\/wp\/v2\/posts"}],"about":[{"href":"https:\/\/radioleinewelle.de\/index.php\/wp-json\/wp\/v2\/types\/post"}],"author":[{"embeddable":true,"href":"https:\/\/radioleinewelle.de\/index.php\/wp-json\/wp\/v2\/users\/1"}],"replies":[{"embeddable":true,"href":"https:\/\/radioleinewelle.de\/index.php\/wp-json\/wp\/v2\/comments?post=24755"}],"version-history":[{"count":2,"href":"https:\/\/radioleinewelle.de\/index.php\/wp-json\/wp\/v2\/posts\/24755\/revisions"}],"predecessor-version":[{"id":24757,"href":"https:\/\/radioleinewelle.de\/index.php\/wp-json\/wp\/v2\/posts\/24755\/revisions\/24757"}],"wp:featuredmedia":[{"embeddable":true,"href":"https:\/\/radioleinewelle.de\/index.php\/wp-json\/wp\/v2\/media\/24758"}],"wp:attachment":[{"href":"https:\/\/radioleinewelle.de\/index.php\/wp-json\/wp\/v2\/media?parent=24755"}],"wp:term":[{"taxonomy":"category","embeddable":true,"href":"https:\/\/radioleinewelle.de\/index.php\/wp-json\/wp\/v2\/categories?post=24755"},{"taxonomy":"post_tag","embeddable":true,"href":"https:\/\/radioleinewelle.de\/index.php\/wp-json\/wp\/v2\/tags?post=24755"}],"curies":[{"name":"wp","href":"https:\/\/api.w.org\/{rel}","templated":true}]}}