{"id":2477,"date":"2020-10-21T05:00:39","date_gmt":"2020-10-21T03:00:39","guid":{"rendered":"https:\/\/radioleinewelle.de\/?p=2477"},"modified":"2020-10-21T05:00:39","modified_gmt":"2020-10-21T03:00:39","slug":"vertreter-des-mittelstandes-kritisieren-die-kultusministerkonferenz","status":"publish","type":"post","link":"https:\/\/radioleinewelle.de\/index.php\/2020\/10\/21\/vertreter-des-mittelstandes-kritisieren-die-kultusministerkonferenz\/","title":{"rendered":"Vertreter des Mittelstandes kritisieren die Kultusministerkonferenz"},"content":{"rendered":"<div class=\"page\" title=\"Page 1\">\n<div class=\"layoutArea\">\n<div class=\"column\">\n<p>Berlin \u2013 In einer gemeinsamen Presseerkl\u00e4rung \u00e4u\u00dfern sich Mittelstandspr\u00e4sident Mario Ohoven, der Bundesvorsitzende des Deutschen Realschullehrerverbandes, J\u00fcrgen B\u00f6hm, und der Generalsekret\u00e4r der Bildungsallianz des Mittelstandes*, Patrick Meinhardt, zu den aktuellen Beschl\u00fcssen der Kultusministerkonferenz (KMK):<\/p>\n<p>\u201eDie Euphorie \u00fcber die Beschl\u00fcsse der Kultusministerkonferenz k\u00f6nnen wir nicht teilen. Die Tatsache, dass dieKMK 50 Jahre gebraucht hat, um eine L\u00e4ndervereinbarung neu zu formulieren, sagt schon alles und macht deutlich, dass die KMK nicht auf der H\u00f6he der Zeit ist.\u00a0Der wichtigsten Aufgabe hat sich die KMK nicht gestellt: sich selbst zu modernisieren. Hierzu f\u00e4llt in den 44 Artikeln kein Wort. Wir h\u00e4tten klare Worte und mehr Mut zur h\u00f6heren Eigenverantwortung und Gestaltungsfreiheit von Schulen, zur St\u00e4rkung der Beruflichen Bildung und zur Aufwertung von Haupt- und Realschulabschl\u00fcs- sen erwartet.\u00a0Ein gemeinsames Ziel ist es, die Vergleichbarkeit von allen Schulabschl\u00fcssen, nicht nur des Abiturs, sicherzustellen. Dies darf aber unter keinen Umst\u00e4nden dazu f\u00fchren, dass es eine Vereinheitlichung auf einem abgesenkten Niveau gibt, nur damit alle 16 Bundesl\u00e4nder an Bord sind.\u00a0F\u00fcr die Zukunft muss ausgeschlossen werden, dass Kultusminister politisch Noten ver\u00e4ndern k\u00f6nnen, weil aus ihrer Sicht das Leistungsniveau ungerecht hoch ist. Den beschrittenen Weg einer L\u00e4ndervereinbarung halten wir f\u00fcr den falschen Weg. Richtig w\u00e4re ein Bildungsstaatsvertrag gewesen, in dem Verantwortlichkeiten, Ziele und auch Finanzen klar geregelt werden, und bei dem die Kommunen, die ein hohes Ma\u00df an Bildungsverantwortung tragen, eingebunden gewesen w\u00e4ren.\u201c<\/p>\n<p>* Info: Die Bildungsallianz des Mittelstandes ist das gr\u00f6\u00dfte Bildungsnetzwerk in Deutschland zwischen dem BVMW und 21 Bildungsverb\u00e4nden, die f\u00fcr 380.000 Lehrerinnen und Lehrer, Erzieherinnen und Erzieher und Dozenten sprechen.<\/p>\n<\/div>\n<\/div>\n<\/div>\n","protected":false},"excerpt":{"rendered":"<p>Berlin \u2013 In einer gemeinsamen Presseerkl\u00e4rung \u00e4u\u00dfern sich Mittelstandspr\u00e4sident Mario Ohoven, der Bundesvorsitzende des Deutschen Realschullehrerverbandes, J\u00fcrgen B\u00f6hm, und der Generalsekret\u00e4r der Bildungsallianz des Mittelstandes*, Patrick Meinhardt, zu den aktuellen Beschl\u00fcssen der Kultusministerkonferenz (KMK): \u201eDie Euphorie \u00fcber die Beschl\u00fcsse der Kultusministerkonferenz k\u00f6nnen wir nicht teilen. Die Tatsache, dass dieKMK 50 Jahre gebraucht hat, um eine [&hellip;]<\/p>\n","protected":false},"author":1,"featured_media":0,"comment_status":"closed","ping_status":"closed","sticky":false,"template":"","format":"standard","meta":{"saved_in_kubio":false,"footnotes":""},"categories":[38],"tags":[],"class_list":["post-2477","post","type-post","status-publish","format-standard","hentry","category-wirtschaft"],"yoast_head":"<!-- This site is optimized with the Yoast SEO plugin v27.5 - https:\/\/yoast.com\/product\/yoast-seo-wordpress\/ -->\n<title>Vertreter des Mittelstandes kritisieren die Kultusministerkonferenz - Radio Leinewelle<\/title>\n<meta name=\"robots\" content=\"index, follow, max-snippet:-1, max-image-preview:large, max-video-preview:-1\" \/>\n<link rel=\"canonical\" href=\"https:\/\/radioleinewelle.de\/index.php\/2020\/10\/21\/vertreter-des-mittelstandes-kritisieren-die-kultusministerkonferenz\/\" \/>\n<meta property=\"og:locale\" content=\"de_DE\" \/>\n<meta property=\"og:type\" content=\"article\" \/>\n<meta property=\"og:title\" content=\"Vertreter des Mittelstandes kritisieren die Kultusministerkonferenz - Radio Leinewelle\" \/>\n<meta property=\"og:description\" content=\"Berlin \u2013 In einer gemeinsamen Presseerkl\u00e4rung \u00e4u\u00dfern sich Mittelstandspr\u00e4sident Mario Ohoven, der Bundesvorsitzende des Deutschen Realschullehrerverbandes, J\u00fcrgen B\u00f6hm, und der Generalsekret\u00e4r der Bildungsallianz des Mittelstandes*, Patrick Meinhardt, zu den aktuellen Beschl\u00fcssen der Kultusministerkonferenz (KMK): \u201eDie Euphorie \u00fcber die Beschl\u00fcsse der Kultusministerkonferenz k\u00f6nnen wir nicht teilen. Die Tatsache, dass dieKMK 50 Jahre gebraucht hat, um eine [&hellip;]\" \/>\n<meta property=\"og:url\" content=\"https:\/\/radioleinewelle.de\/index.php\/2020\/10\/21\/vertreter-des-mittelstandes-kritisieren-die-kultusministerkonferenz\/\" \/>\n<meta property=\"og:site_name\" content=\"Radio Leinewelle\" \/>\n<meta property=\"article:publisher\" content=\"https:\/\/www.facebook.com\/radioleinewelle\" \/>\n<meta property=\"article:author\" content=\"https:\/\/www.facebook.com\/radioleinewelle\" \/>\n<meta property=\"article:published_time\" content=\"2020-10-21T03:00:39+00:00\" \/>\n<meta name=\"author\" content=\"Leinewelle\" \/>\n<meta name=\"twitter:card\" content=\"summary_large_image\" \/>\n<meta name=\"twitter:creator\" content=\"@https:\/\/twitter.com\/RLeinewelle?ref_src=twsrcgoogletwcampserptwgrauthor\" \/>\n<meta name=\"twitter:site\" content=\"@RLeinewelle\" \/>\n<meta name=\"twitter:label1\" content=\"Verfasst von\" \/>\n\t<meta name=\"twitter:data1\" content=\"Leinewelle\" \/>\n\t<meta name=\"twitter:label2\" content=\"Gesch\u00e4tzte Lesezeit\" \/>\n\t<meta name=\"twitter:data2\" content=\"1\u00a0Minute\" \/>\n<script type=\"application\/ld+json\" class=\"yoast-schema-graph\">{\"@context\":\"https:\\\/\\\/schema.org\",\"@graph\":[{\"@type\":\"Article\",\"@id\":\"https:\\\/\\\/radioleinewelle.de\\\/index.php\\\/2020\\\/10\\\/21\\\/vertreter-des-mittelstandes-kritisieren-die-kultusministerkonferenz\\\/#article\",\"isPartOf\":{\"@id\":\"https:\\\/\\\/radioleinewelle.de\\\/index.php\\\/2020\\\/10\\\/21\\\/vertreter-des-mittelstandes-kritisieren-die-kultusministerkonferenz\\\/\"},\"author\":{\"name\":\"Leinewelle\",\"@id\":\"https:\\\/\\\/radioleinewelle.de\\\/#\\\/schema\\\/person\\\/45606f348637df637192dc1b68399a63\"},\"headline\":\"Vertreter des Mittelstandes kritisieren die Kultusministerkonferenz\",\"datePublished\":\"2020-10-21T03:00:39+00:00\",\"mainEntityOfPage\":{\"@id\":\"https:\\\/\\\/radioleinewelle.de\\\/index.php\\\/2020\\\/10\\\/21\\\/vertreter-des-mittelstandes-kritisieren-die-kultusministerkonferenz\\\/\"},\"wordCount\":285,\"publisher\":{\"@id\":\"https:\\\/\\\/radioleinewelle.de\\\/#organization\"},\"articleSection\":[\"Wirtschaft\"],\"inLanguage\":\"de\"},{\"@type\":\"WebPage\",\"@id\":\"https:\\\/\\\/radioleinewelle.de\\\/index.php\\\/2020\\\/10\\\/21\\\/vertreter-des-mittelstandes-kritisieren-die-kultusministerkonferenz\\\/\",\"url\":\"https:\\\/\\\/radioleinewelle.de\\\/index.php\\\/2020\\\/10\\\/21\\\/vertreter-des-mittelstandes-kritisieren-die-kultusministerkonferenz\\\/\",\"name\":\"Vertreter des Mittelstandes kritisieren die Kultusministerkonferenz - Radio Leinewelle\",\"isPartOf\":{\"@id\":\"https:\\\/\\\/radioleinewelle.de\\\/#website\"},\"datePublished\":\"2020-10-21T03:00:39+00:00\",\"breadcrumb\":{\"@id\":\"https:\\\/\\\/radioleinewelle.de\\\/index.php\\\/2020\\\/10\\\/21\\\/vertreter-des-mittelstandes-kritisieren-die-kultusministerkonferenz\\\/#breadcrumb\"},\"inLanguage\":\"de\",\"potentialAction\":[{\"@type\":\"ReadAction\",\"target\":[\"https:\\\/\\\/radioleinewelle.de\\\/index.php\\\/2020\\\/10\\\/21\\\/vertreter-des-mittelstandes-kritisieren-die-kultusministerkonferenz\\\/\"]}]},{\"@type\":\"BreadcrumbList\",\"@id\":\"https:\\\/\\\/radioleinewelle.de\\\/index.php\\\/2020\\\/10\\\/21\\\/vertreter-des-mittelstandes-kritisieren-die-kultusministerkonferenz\\\/#breadcrumb\",\"itemListElement\":[{\"@type\":\"ListItem\",\"position\":1,\"name\":\"Startseite\",\"item\":\"https:\\\/\\\/radioleinewelle.de\\\/\"},{\"@type\":\"ListItem\",\"position\":2,\"name\":\"Vertreter des Mittelstandes kritisieren die Kultusministerkonferenz\"}]},{\"@type\":\"WebSite\",\"@id\":\"https:\\\/\\\/radioleinewelle.de\\\/#website\",\"url\":\"https:\\\/\\\/radioleinewelle.de\\\/\",\"name\":\"Radio Leinewelle\",\"description\":\"\",\"publisher\":{\"@id\":\"https:\\\/\\\/radioleinewelle.de\\\/#organization\"},\"potentialAction\":[{\"@type\":\"SearchAction\",\"target\":{\"@type\":\"EntryPoint\",\"urlTemplate\":\"https:\\\/\\\/radioleinewelle.de\\\/?s={search_term_string}\"},\"query-input\":{\"@type\":\"PropertyValueSpecification\",\"valueRequired\":true,\"valueName\":\"search_term_string\"}}],\"inLanguage\":\"de\"},{\"@type\":\"Organization\",\"@id\":\"https:\\\/\\\/radioleinewelle.de\\\/#organization\",\"name\":\"Radio Leinewelle\",\"alternateName\":\"Mein Radio f\u00fcr S\u00fcdniedersachsen\",\"url\":\"https:\\\/\\\/radioleinewelle.de\\\/\",\"logo\":{\"@type\":\"ImageObject\",\"inLanguage\":\"de\",\"@id\":\"https:\\\/\\\/radioleinewelle.de\\\/#\\\/schema\\\/logo\\\/image\\\/\",\"url\":\"https:\\\/\\\/radioleinewelle.de\\\/wp-content\\\/uploads\\\/2023\\\/11\\\/cropped-Leinewelle_Logo_weiss.png\",\"contentUrl\":\"https:\\\/\\\/radioleinewelle.de\\\/wp-content\\\/uploads\\\/2023\\\/11\\\/cropped-Leinewelle_Logo_weiss.png\",\"width\":854,\"height\":260,\"caption\":\"Radio Leinewelle\"},\"image\":{\"@id\":\"https:\\\/\\\/radioleinewelle.de\\\/#\\\/schema\\\/logo\\\/image\\\/\"},\"sameAs\":[\"https:\\\/\\\/www.facebook.com\\\/radioleinewelle\",\"https:\\\/\\\/x.com\\\/RLeinewelle\",\"https:\\\/\\\/www.instagram.com\\\/radioleinewelle\\\/?hl=de\"]},{\"@type\":\"Person\",\"@id\":\"https:\\\/\\\/radioleinewelle.de\\\/#\\\/schema\\\/person\\\/45606f348637df637192dc1b68399a63\",\"name\":\"Leinewelle\",\"image\":{\"@type\":\"ImageObject\",\"inLanguage\":\"de\",\"@id\":\"https:\\\/\\\/secure.gravatar.com\\\/avatar\\\/05c9a17bc973052ee5d91549bd32fb4dd0dc85b7b85ae94b2e2b4943476bbea5?s=96&d=blank&r=g\",\"url\":\"https:\\\/\\\/secure.gravatar.com\\\/avatar\\\/05c9a17bc973052ee5d91549bd32fb4dd0dc85b7b85ae94b2e2b4943476bbea5?s=96&d=blank&r=g\",\"contentUrl\":\"https:\\\/\\\/secure.gravatar.com\\\/avatar\\\/05c9a17bc973052ee5d91549bd32fb4dd0dc85b7b85ae94b2e2b4943476bbea5?s=96&d=blank&r=g\",\"caption\":\"Leinewelle\"},\"sameAs\":[\"http:\\\/\\\/localhost\\\/radio%20leinewelle\\\/wordpress\",\"https:\\\/\\\/www.facebook.com\\\/radioleinewelle\",\"https:\\\/\\\/www.instagram.com\\\/radioleinewelle\",\"https:\\\/\\\/x.com\\\/https:\\\/\\\/twitter.com\\\/RLeinewelle?ref_src=twsrcgoogletwcampserptwgrauthor\",\"https:\\\/\\\/soundcloud.com\\\/foerderverein-lokalradio?utm_source=clipboard&utm_medium=text&utm_campaign=social_sharing\"],\"url\":\"https:\\\/\\\/radioleinewelle.de\\\/index.php\\\/author\\\/leinewelle\\\/\"}]}<\/script>\n<!-- \/ Yoast SEO plugin. -->","yoast_head_json":{"title":"Vertreter des Mittelstandes kritisieren die Kultusministerkonferenz - Radio Leinewelle","robots":{"index":"index","follow":"follow","max-snippet":"max-snippet:-1","max-image-preview":"max-image-preview:large","max-video-preview":"max-video-preview:-1"},"canonical":"https:\/\/radioleinewelle.de\/index.php\/2020\/10\/21\/vertreter-des-mittelstandes-kritisieren-die-kultusministerkonferenz\/","og_locale":"de_DE","og_type":"article","og_title":"Vertreter des Mittelstandes kritisieren die Kultusministerkonferenz - Radio Leinewelle","og_description":"Berlin \u2013 In einer gemeinsamen Presseerkl\u00e4rung \u00e4u\u00dfern sich Mittelstandspr\u00e4sident Mario Ohoven, der Bundesvorsitzende des Deutschen Realschullehrerverbandes, J\u00fcrgen B\u00f6hm, und der Generalsekret\u00e4r der Bildungsallianz des Mittelstandes*, Patrick Meinhardt, zu den aktuellen Beschl\u00fcssen der Kultusministerkonferenz (KMK): \u201eDie Euphorie \u00fcber die Beschl\u00fcsse der Kultusministerkonferenz k\u00f6nnen wir nicht teilen. Die Tatsache, dass dieKMK 50 Jahre gebraucht hat, um eine [&hellip;]","og_url":"https:\/\/radioleinewelle.de\/index.php\/2020\/10\/21\/vertreter-des-mittelstandes-kritisieren-die-kultusministerkonferenz\/","og_site_name":"Radio Leinewelle","article_publisher":"https:\/\/www.facebook.com\/radioleinewelle","article_author":"https:\/\/www.facebook.com\/radioleinewelle","article_published_time":"2020-10-21T03:00:39+00:00","author":"Leinewelle","twitter_card":"summary_large_image","twitter_creator":"@https:\/\/twitter.com\/RLeinewelle?ref_src=twsrcgoogletwcampserptwgrauthor","twitter_site":"@RLeinewelle","twitter_misc":{"Verfasst von":"Leinewelle","Gesch\u00e4tzte Lesezeit":"1\u00a0Minute"},"schema":{"@context":"https:\/\/schema.org","@graph":[{"@type":"Article","@id":"https:\/\/radioleinewelle.de\/index.php\/2020\/10\/21\/vertreter-des-mittelstandes-kritisieren-die-kultusministerkonferenz\/#article","isPartOf":{"@id":"https:\/\/radioleinewelle.de\/index.php\/2020\/10\/21\/vertreter-des-mittelstandes-kritisieren-die-kultusministerkonferenz\/"},"author":{"name":"Leinewelle","@id":"https:\/\/radioleinewelle.de\/#\/schema\/person\/45606f348637df637192dc1b68399a63"},"headline":"Vertreter des Mittelstandes kritisieren die Kultusministerkonferenz","datePublished":"2020-10-21T03:00:39+00:00","mainEntityOfPage":{"@id":"https:\/\/radioleinewelle.de\/index.php\/2020\/10\/21\/vertreter-des-mittelstandes-kritisieren-die-kultusministerkonferenz\/"},"wordCount":285,"publisher":{"@id":"https:\/\/radioleinewelle.de\/#organization"},"articleSection":["Wirtschaft"],"inLanguage":"de"},{"@type":"WebPage","@id":"https:\/\/radioleinewelle.de\/index.php\/2020\/10\/21\/vertreter-des-mittelstandes-kritisieren-die-kultusministerkonferenz\/","url":"https:\/\/radioleinewelle.de\/index.php\/2020\/10\/21\/vertreter-des-mittelstandes-kritisieren-die-kultusministerkonferenz\/","name":"Vertreter des Mittelstandes kritisieren die Kultusministerkonferenz - Radio Leinewelle","isPartOf":{"@id":"https:\/\/radioleinewelle.de\/#website"},"datePublished":"2020-10-21T03:00:39+00:00","breadcrumb":{"@id":"https:\/\/radioleinewelle.de\/index.php\/2020\/10\/21\/vertreter-des-mittelstandes-kritisieren-die-kultusministerkonferenz\/#breadcrumb"},"inLanguage":"de","potentialAction":[{"@type":"ReadAction","target":["https:\/\/radioleinewelle.de\/index.php\/2020\/10\/21\/vertreter-des-mittelstandes-kritisieren-die-kultusministerkonferenz\/"]}]},{"@type":"BreadcrumbList","@id":"https:\/\/radioleinewelle.de\/index.php\/2020\/10\/21\/vertreter-des-mittelstandes-kritisieren-die-kultusministerkonferenz\/#breadcrumb","itemListElement":[{"@type":"ListItem","position":1,"name":"Startseite","item":"https:\/\/radioleinewelle.de\/"},{"@type":"ListItem","position":2,"name":"Vertreter des Mittelstandes kritisieren die Kultusministerkonferenz"}]},{"@type":"WebSite","@id":"https:\/\/radioleinewelle.de\/#website","url":"https:\/\/radioleinewelle.de\/","name":"Radio Leinewelle","description":"","publisher":{"@id":"https:\/\/radioleinewelle.de\/#organization"},"potentialAction":[{"@type":"SearchAction","target":{"@type":"EntryPoint","urlTemplate":"https:\/\/radioleinewelle.de\/?s={search_term_string}"},"query-input":{"@type":"PropertyValueSpecification","valueRequired":true,"valueName":"search_term_string"}}],"inLanguage":"de"},{"@type":"Organization","@id":"https:\/\/radioleinewelle.de\/#organization","name":"Radio Leinewelle","alternateName":"Mein Radio f\u00fcr S\u00fcdniedersachsen","url":"https:\/\/radioleinewelle.de\/","logo":{"@type":"ImageObject","inLanguage":"de","@id":"https:\/\/radioleinewelle.de\/#\/schema\/logo\/image\/","url":"https:\/\/radioleinewelle.de\/wp-content\/uploads\/2023\/11\/cropped-Leinewelle_Logo_weiss.png","contentUrl":"https:\/\/radioleinewelle.de\/wp-content\/uploads\/2023\/11\/cropped-Leinewelle_Logo_weiss.png","width":854,"height":260,"caption":"Radio Leinewelle"},"image":{"@id":"https:\/\/radioleinewelle.de\/#\/schema\/logo\/image\/"},"sameAs":["https:\/\/www.facebook.com\/radioleinewelle","https:\/\/x.com\/RLeinewelle","https:\/\/www.instagram.com\/radioleinewelle\/?hl=de"]},{"@type":"Person","@id":"https:\/\/radioleinewelle.de\/#\/schema\/person\/45606f348637df637192dc1b68399a63","name":"Leinewelle","image":{"@type":"ImageObject","inLanguage":"de","@id":"https:\/\/secure.gravatar.com\/avatar\/05c9a17bc973052ee5d91549bd32fb4dd0dc85b7b85ae94b2e2b4943476bbea5?s=96&d=blank&r=g","url":"https:\/\/secure.gravatar.com\/avatar\/05c9a17bc973052ee5d91549bd32fb4dd0dc85b7b85ae94b2e2b4943476bbea5?s=96&d=blank&r=g","contentUrl":"https:\/\/secure.gravatar.com\/avatar\/05c9a17bc973052ee5d91549bd32fb4dd0dc85b7b85ae94b2e2b4943476bbea5?s=96&d=blank&r=g","caption":"Leinewelle"},"sameAs":["http:\/\/localhost\/radio%20leinewelle\/wordpress","https:\/\/www.facebook.com\/radioleinewelle","https:\/\/www.instagram.com\/radioleinewelle","https:\/\/x.com\/https:\/\/twitter.com\/RLeinewelle?ref_src=twsrcgoogletwcampserptwgrauthor","https:\/\/soundcloud.com\/foerderverein-lokalradio?utm_source=clipboard&utm_medium=text&utm_campaign=social_sharing"],"url":"https:\/\/radioleinewelle.de\/index.php\/author\/leinewelle\/"}]}},"_links":{"self":[{"href":"https:\/\/radioleinewelle.de\/index.php\/wp-json\/wp\/v2\/posts\/2477","targetHints":{"allow":["GET"]}}],"collection":[{"href":"https:\/\/radioleinewelle.de\/index.php\/wp-json\/wp\/v2\/posts"}],"about":[{"href":"https:\/\/radioleinewelle.de\/index.php\/wp-json\/wp\/v2\/types\/post"}],"author":[{"embeddable":true,"href":"https:\/\/radioleinewelle.de\/index.php\/wp-json\/wp\/v2\/users\/1"}],"replies":[{"embeddable":true,"href":"https:\/\/radioleinewelle.de\/index.php\/wp-json\/wp\/v2\/comments?post=2477"}],"version-history":[{"count":0,"href":"https:\/\/radioleinewelle.de\/index.php\/wp-json\/wp\/v2\/posts\/2477\/revisions"}],"wp:attachment":[{"href":"https:\/\/radioleinewelle.de\/index.php\/wp-json\/wp\/v2\/media?parent=2477"}],"wp:term":[{"taxonomy":"category","embeddable":true,"href":"https:\/\/radioleinewelle.de\/index.php\/wp-json\/wp\/v2\/categories?post=2477"},{"taxonomy":"post_tag","embeddable":true,"href":"https:\/\/radioleinewelle.de\/index.php\/wp-json\/wp\/v2\/tags?post=2477"}],"curies":[{"name":"wp","href":"https:\/\/api.w.org\/{rel}","templated":true}]}}