{"id":24781,"date":"2024-01-03T10:53:13","date_gmt":"2024-01-03T09:53:13","guid":{"rendered":"https:\/\/radioleinewelle.de\/?p=24781"},"modified":"2024-01-03T10:53:14","modified_gmt":"2024-01-03T09:53:14","slug":"ein-zeitraum-fuer-schmuck-kunst-design","status":"publish","type":"post","link":"https:\/\/radioleinewelle.de\/index.php\/2024\/01\/03\/ein-zeitraum-fuer-schmuck-kunst-design\/","title":{"rendered":"Ein &#8222;Zeitraum&#8220; f\u00fcr Schmuck &#8211; Kunst &#8211; Design"},"content":{"rendered":"\n<p>Eine Gesch\u00e4ftsgalerie  f\u00fcr regionale K\u00fcnstler und Designer, diese L\u00fccke f\u00fcllt der &#8222;Zeitraum&#8220; der Schmuckdesignerin Rita Franze in der Johannisstr. 25b in G\u00f6ttingen.<\/p>\n\n\n\n<figure class=\"wp-block-gallery has-nested-images columns-default is-cropped wp-block-gallery-1 is-layout-flex wp-block-gallery-is-layout-flex\">\n<figure class=\"wp-block-image size-large\"><img loading=\"lazy\" decoding=\"async\" width=\"1024\" height=\"768\" data-id=\"24783\" src=\"https:\/\/radioleinewelle.de\/wp-content\/uploads\/2024\/01\/Zeitraum-2.jpg\" alt=\"\" class=\"wp-image-24783\" srcset=\"https:\/\/radioleinewelle.de\/wp-content\/uploads\/2024\/01\/Zeitraum-2.jpg 1024w, https:\/\/radioleinewelle.de\/wp-content\/uploads\/2024\/01\/Zeitraum-2-300x225.jpg 300w, https:\/\/radioleinewelle.de\/wp-content\/uploads\/2024\/01\/Zeitraum-2-768x576.jpg 768w\" sizes=\"(max-width: 1024px) 100vw, 1024px\" \/><\/figure>\n\n\n\n<figure class=\"wp-block-image size-large\"><img loading=\"lazy\" decoding=\"async\" width=\"1024\" height=\"768\" data-id=\"24782\" src=\"https:\/\/radioleinewelle.de\/wp-content\/uploads\/2024\/01\/Zeitraum-3.jpg\" alt=\"\" class=\"wp-image-24782\" srcset=\"https:\/\/radioleinewelle.de\/wp-content\/uploads\/2024\/01\/Zeitraum-3.jpg 1024w, https:\/\/radioleinewelle.de\/wp-content\/uploads\/2024\/01\/Zeitraum-3-300x225.jpg 300w, https:\/\/radioleinewelle.de\/wp-content\/uploads\/2024\/01\/Zeitraum-3-768x576.jpg 768w\" sizes=\"(max-width: 1024px) 100vw, 1024px\" \/><\/figure>\n\n\n\n<figure class=\"wp-block-image size-large\"><img loading=\"lazy\" decoding=\"async\" width=\"1024\" height=\"768\" data-id=\"24784\" src=\"https:\/\/radioleinewelle.de\/wp-content\/uploads\/2024\/01\/Zeitraum-4.jpg\" alt=\"\" class=\"wp-image-24784\" srcset=\"https:\/\/radioleinewelle.de\/wp-content\/uploads\/2024\/01\/Zeitraum-4.jpg 1024w, https:\/\/radioleinewelle.de\/wp-content\/uploads\/2024\/01\/Zeitraum-4-300x225.jpg 300w, https:\/\/radioleinewelle.de\/wp-content\/uploads\/2024\/01\/Zeitraum-4-768x576.jpg 768w\" sizes=\"(max-width: 1024px) 100vw, 1024px\" \/><\/figure>\n\n\n\n<figure class=\"wp-block-image size-large\"><img loading=\"lazy\" decoding=\"async\" width=\"1024\" height=\"768\" data-id=\"24785\" src=\"https:\/\/radioleinewelle.de\/wp-content\/uploads\/2024\/01\/Zeitraum-5.jpg\" alt=\"\" class=\"wp-image-24785\" srcset=\"https:\/\/radioleinewelle.de\/wp-content\/uploads\/2024\/01\/Zeitraum-5.jpg 1024w, https:\/\/radioleinewelle.de\/wp-content\/uploads\/2024\/01\/Zeitraum-5-300x225.jpg 300w, https:\/\/radioleinewelle.de\/wp-content\/uploads\/2024\/01\/Zeitraum-5-768x576.jpg 768w\" sizes=\"(max-width: 1024px) 100vw, 1024px\" \/><\/figure>\n\n\n\n<figure class=\"wp-block-image size-large\"><img loading=\"lazy\" decoding=\"async\" width=\"1024\" height=\"768\" data-id=\"24786\" src=\"https:\/\/radioleinewelle.de\/wp-content\/uploads\/2024\/01\/Zeitraum-6.jpg\" alt=\"\" class=\"wp-image-24786\" srcset=\"https:\/\/radioleinewelle.de\/wp-content\/uploads\/2024\/01\/Zeitraum-6.jpg 1024w, https:\/\/radioleinewelle.de\/wp-content\/uploads\/2024\/01\/Zeitraum-6-300x225.jpg 300w, https:\/\/radioleinewelle.de\/wp-content\/uploads\/2024\/01\/Zeitraum-6-768x576.jpg 768w\" sizes=\"(max-width: 1024px) 100vw, 1024px\" \/><\/figure>\n<\/figure>\n\n\n\n<p>Wir haben mit der Inhaberin und Schmuckdesignerin Rita Franze \u00fcber das befristete Projekt gesprochen. Hier noch einmal unser Radiobeitrag vom 22.12.23:<\/p>\n\n\n\n<figure class=\"wp-block-audio\"><audio controls src=\"https:\/\/radioleinewelle.de\/wp-content\/uploads\/2024\/01\/Rita-Franze-Popup-Store-Zeitraum.mp3\"><\/audio><\/figure>\n\n\n\n<p>Wer die Galerie besuchen m\u00f6chte, muss sich beeilen: der &#8222;Zeitraum&#8220; ist noch bis Ende Januar ge\u00f6ffnet und bietet f\u00fcr jeden Geldbeutel etwas. Die \u00d6ffnungszeiten:<br>Mi. und Fr. 15-18.30 Uhr<br>Do. 11-18.30 Uhr<br>Sa. ab 11.00 Uhr<br>nach tel. Vereinbarung 0179-6762604<br><a href=\"http:\/\/www.rita-franze.de\">www.rita-franze.de<\/a><\/p>\n\n\n\n<p><strong>Fotos:<\/strong> \u00a9Radio Leinewelle, <em>Jutta Engelmayer<\/em><\/p>\n\n\n\n<p><\/p>\n","protected":false},"excerpt":{"rendered":"<p>Eine Gesch\u00e4ftsgalerie f\u00fcr regionale K\u00fcnstler und Designer, diese L\u00fccke f\u00fcllt der &#8222;Zeitraum&#8220; der Schmuckdesignerin Rita Franze in der Johannisstr. 25b in G\u00f6ttingen. Wir haben mit der Inhaberin und Schmuckdesignerin Rita Franze \u00fcber das befristete Projekt gesprochen. Hier noch einmal unser Radiobeitrag vom 22.12.23: Wer die Galerie besuchen m\u00f6chte, muss sich beeilen: der &#8222;Zeitraum&#8220; ist noch [&hellip;]<\/p>\n","protected":false},"author":1,"featured_media":24787,"comment_status":"open","ping_status":"open","sticky":true,"template":"","format":"standard","meta":{"saved_in_kubio":false,"footnotes":""},"categories":[3990,45],"tags":[],"class_list":["post-24781","post","type-post","status-publish","format-standard","has-post-thumbnail","hentry","category-bildende-kuenstler-der-region","category-kultur"],"yoast_head":"<!-- This site is optimized with the Yoast SEO plugin v27.5 - https:\/\/yoast.com\/product\/yoast-seo-wordpress\/ -->\n<title>Ein &quot;Zeitraum&quot; f\u00fcr Schmuck - Kunst - Design - Radio Leinewelle<\/title>\n<meta name=\"robots\" content=\"index, follow, max-snippet:-1, max-image-preview:large, max-video-preview:-1\" \/>\n<link rel=\"canonical\" href=\"https:\/\/radioleinewelle.de\/index.php\/2024\/01\/03\/ein-zeitraum-fuer-schmuck-kunst-design\/\" \/>\n<meta property=\"og:locale\" content=\"de_DE\" \/>\n<meta property=\"og:type\" content=\"article\" \/>\n<meta property=\"og:title\" content=\"Ein &quot;Zeitraum&quot; f\u00fcr Schmuck - Kunst - Design - Radio Leinewelle\" \/>\n<meta property=\"og:description\" content=\"Eine Gesch\u00e4ftsgalerie f\u00fcr regionale K\u00fcnstler und Designer, diese L\u00fccke f\u00fcllt der &#8222;Zeitraum&#8220; der Schmuckdesignerin Rita Franze in der Johannisstr. 25b in G\u00f6ttingen. Wir haben mit der Inhaberin und Schmuckdesignerin Rita Franze \u00fcber das befristete Projekt gesprochen. Hier noch einmal unser Radiobeitrag vom 22.12.23: Wer die Galerie besuchen m\u00f6chte, muss sich beeilen: der &#8222;Zeitraum&#8220; ist noch [&hellip;]\" \/>\n<meta property=\"og:url\" content=\"https:\/\/radioleinewelle.de\/index.php\/2024\/01\/03\/ein-zeitraum-fuer-schmuck-kunst-design\/\" \/>\n<meta property=\"og:site_name\" content=\"Radio Leinewelle\" \/>\n<meta property=\"article:publisher\" content=\"https:\/\/www.facebook.com\/radioleinewelle\" \/>\n<meta property=\"article:author\" content=\"https:\/\/www.facebook.com\/radioleinewelle\" \/>\n<meta property=\"article:published_time\" content=\"2024-01-03T09:53:13+00:00\" \/>\n<meta property=\"article:modified_time\" content=\"2024-01-03T09:53:14+00:00\" \/>\n<meta property=\"og:image\" content=\"https:\/\/radioleinewelle.de\/wp-content\/uploads\/2024\/01\/Zeitraum-1.jpg\" \/>\n\t<meta property=\"og:image:width\" content=\"1024\" \/>\n\t<meta property=\"og:image:height\" content=\"768\" \/>\n\t<meta property=\"og:image:type\" content=\"image\/jpeg\" \/>\n<meta name=\"author\" content=\"Leinewelle\" \/>\n<meta name=\"twitter:card\" content=\"summary_large_image\" \/>\n<meta name=\"twitter:creator\" content=\"@https:\/\/twitter.com\/RLeinewelle?ref_src=twsrcgoogletwcampserptwgrauthor\" \/>\n<meta name=\"twitter:site\" content=\"@RLeinewelle\" \/>\n<meta name=\"twitter:label1\" content=\"Verfasst von\" \/>\n\t<meta name=\"twitter:data1\" content=\"Leinewelle\" \/>\n\t<meta name=\"twitter:label2\" content=\"Gesch\u00e4tzte Lesezeit\" \/>\n\t<meta name=\"twitter:data2\" content=\"2\u00a0Minuten\" \/>\n<script type=\"application\/ld+json\" class=\"yoast-schema-graph\">{\"@context\":\"https:\\\/\\\/schema.org\",\"@graph\":[{\"@type\":\"Article\",\"@id\":\"https:\\\/\\\/radioleinewelle.de\\\/index.php\\\/2024\\\/01\\\/03\\\/ein-zeitraum-fuer-schmuck-kunst-design\\\/#article\",\"isPartOf\":{\"@id\":\"https:\\\/\\\/radioleinewelle.de\\\/index.php\\\/2024\\\/01\\\/03\\\/ein-zeitraum-fuer-schmuck-kunst-design\\\/\"},\"author\":{\"name\":\"Leinewelle\",\"@id\":\"https:\\\/\\\/radioleinewelle.de\\\/#\\\/schema\\\/person\\\/45606f348637df637192dc1b68399a63\"},\"headline\":\"Ein &#8222;Zeitraum&#8220; f\u00fcr Schmuck &#8211; Kunst &#8211; Design\",\"datePublished\":\"2024-01-03T09:53:13+00:00\",\"dateModified\":\"2024-01-03T09:53:14+00:00\",\"mainEntityOfPage\":{\"@id\":\"https:\\\/\\\/radioleinewelle.de\\\/index.php\\\/2024\\\/01\\\/03\\\/ein-zeitraum-fuer-schmuck-kunst-design\\\/\"},\"wordCount\":104,\"commentCount\":0,\"publisher\":{\"@id\":\"https:\\\/\\\/radioleinewelle.de\\\/#organization\"},\"image\":{\"@id\":\"https:\\\/\\\/radioleinewelle.de\\\/index.php\\\/2024\\\/01\\\/03\\\/ein-zeitraum-fuer-schmuck-kunst-design\\\/#primaryimage\"},\"thumbnailUrl\":\"https:\\\/\\\/radioleinewelle.de\\\/wp-content\\\/uploads\\\/2024\\\/01\\\/Zeitraum-1.jpg\",\"articleSection\":[\"Bildende K\u00fcnstler der Region\",\"Kultur\"],\"inLanguage\":\"de\",\"potentialAction\":[{\"@type\":\"CommentAction\",\"name\":\"Comment\",\"target\":[\"https:\\\/\\\/radioleinewelle.de\\\/index.php\\\/2024\\\/01\\\/03\\\/ein-zeitraum-fuer-schmuck-kunst-design\\\/#respond\"]}]},{\"@type\":\"WebPage\",\"@id\":\"https:\\\/\\\/radioleinewelle.de\\\/index.php\\\/2024\\\/01\\\/03\\\/ein-zeitraum-fuer-schmuck-kunst-design\\\/\",\"url\":\"https:\\\/\\\/radioleinewelle.de\\\/index.php\\\/2024\\\/01\\\/03\\\/ein-zeitraum-fuer-schmuck-kunst-design\\\/\",\"name\":\"Ein \\\"Zeitraum\\\" f\u00fcr Schmuck - Kunst - Design - Radio Leinewelle\",\"isPartOf\":{\"@id\":\"https:\\\/\\\/radioleinewelle.de\\\/#website\"},\"primaryImageOfPage\":{\"@id\":\"https:\\\/\\\/radioleinewelle.de\\\/index.php\\\/2024\\\/01\\\/03\\\/ein-zeitraum-fuer-schmuck-kunst-design\\\/#primaryimage\"},\"image\":{\"@id\":\"https:\\\/\\\/radioleinewelle.de\\\/index.php\\\/2024\\\/01\\\/03\\\/ein-zeitraum-fuer-schmuck-kunst-design\\\/#primaryimage\"},\"thumbnailUrl\":\"https:\\\/\\\/radioleinewelle.de\\\/wp-content\\\/uploads\\\/2024\\\/01\\\/Zeitraum-1.jpg\",\"datePublished\":\"2024-01-03T09:53:13+00:00\",\"dateModified\":\"2024-01-03T09:53:14+00:00\",\"breadcrumb\":{\"@id\":\"https:\\\/\\\/radioleinewelle.de\\\/index.php\\\/2024\\\/01\\\/03\\\/ein-zeitraum-fuer-schmuck-kunst-design\\\/#breadcrumb\"},\"inLanguage\":\"de\",\"potentialAction\":[{\"@type\":\"ReadAction\",\"target\":[\"https:\\\/\\\/radioleinewelle.de\\\/index.php\\\/2024\\\/01\\\/03\\\/ein-zeitraum-fuer-schmuck-kunst-design\\\/\"]}]},{\"@type\":\"ImageObject\",\"inLanguage\":\"de\",\"@id\":\"https:\\\/\\\/radioleinewelle.de\\\/index.php\\\/2024\\\/01\\\/03\\\/ein-zeitraum-fuer-schmuck-kunst-design\\\/#primaryimage\",\"url\":\"https:\\\/\\\/radioleinewelle.de\\\/wp-content\\\/uploads\\\/2024\\\/01\\\/Zeitraum-1.jpg\",\"contentUrl\":\"https:\\\/\\\/radioleinewelle.de\\\/wp-content\\\/uploads\\\/2024\\\/01\\\/Zeitraum-1.jpg\",\"width\":1024,\"height\":768},{\"@type\":\"BreadcrumbList\",\"@id\":\"https:\\\/\\\/radioleinewelle.de\\\/index.php\\\/2024\\\/01\\\/03\\\/ein-zeitraum-fuer-schmuck-kunst-design\\\/#breadcrumb\",\"itemListElement\":[{\"@type\":\"ListItem\",\"position\":1,\"name\":\"Startseite\",\"item\":\"https:\\\/\\\/radioleinewelle.de\\\/\"},{\"@type\":\"ListItem\",\"position\":2,\"name\":\"Ein &#8220;Zeitraum&#8221; f\u00fcr Schmuck &#8211; Kunst &#8211; Design\"}]},{\"@type\":\"WebSite\",\"@id\":\"https:\\\/\\\/radioleinewelle.de\\\/#website\",\"url\":\"https:\\\/\\\/radioleinewelle.de\\\/\",\"name\":\"Radio Leinewelle\",\"description\":\"\",\"publisher\":{\"@id\":\"https:\\\/\\\/radioleinewelle.de\\\/#organization\"},\"potentialAction\":[{\"@type\":\"SearchAction\",\"target\":{\"@type\":\"EntryPoint\",\"urlTemplate\":\"https:\\\/\\\/radioleinewelle.de\\\/?s={search_term_string}\"},\"query-input\":{\"@type\":\"PropertyValueSpecification\",\"valueRequired\":true,\"valueName\":\"search_term_string\"}}],\"inLanguage\":\"de\"},{\"@type\":\"Organization\",\"@id\":\"https:\\\/\\\/radioleinewelle.de\\\/#organization\",\"name\":\"Radio Leinewelle\",\"alternateName\":\"Mein Radio f\u00fcr S\u00fcdniedersachsen\",\"url\":\"https:\\\/\\\/radioleinewelle.de\\\/\",\"logo\":{\"@type\":\"ImageObject\",\"inLanguage\":\"de\",\"@id\":\"https:\\\/\\\/radioleinewelle.de\\\/#\\\/schema\\\/logo\\\/image\\\/\",\"url\":\"https:\\\/\\\/radioleinewelle.de\\\/wp-content\\\/uploads\\\/2023\\\/11\\\/cropped-Leinewelle_Logo_weiss.png\",\"contentUrl\":\"https:\\\/\\\/radioleinewelle.de\\\/wp-content\\\/uploads\\\/2023\\\/11\\\/cropped-Leinewelle_Logo_weiss.png\",\"width\":854,\"height\":260,\"caption\":\"Radio Leinewelle\"},\"image\":{\"@id\":\"https:\\\/\\\/radioleinewelle.de\\\/#\\\/schema\\\/logo\\\/image\\\/\"},\"sameAs\":[\"https:\\\/\\\/www.facebook.com\\\/radioleinewelle\",\"https:\\\/\\\/x.com\\\/RLeinewelle\",\"https:\\\/\\\/www.instagram.com\\\/radioleinewelle\\\/?hl=de\"]},{\"@type\":\"Person\",\"@id\":\"https:\\\/\\\/radioleinewelle.de\\\/#\\\/schema\\\/person\\\/45606f348637df637192dc1b68399a63\",\"name\":\"Leinewelle\",\"image\":{\"@type\":\"ImageObject\",\"inLanguage\":\"de\",\"@id\":\"https:\\\/\\\/secure.gravatar.com\\\/avatar\\\/05c9a17bc973052ee5d91549bd32fb4dd0dc85b7b85ae94b2e2b4943476bbea5?s=96&d=blank&r=g\",\"url\":\"https:\\\/\\\/secure.gravatar.com\\\/avatar\\\/05c9a17bc973052ee5d91549bd32fb4dd0dc85b7b85ae94b2e2b4943476bbea5?s=96&d=blank&r=g\",\"contentUrl\":\"https:\\\/\\\/secure.gravatar.com\\\/avatar\\\/05c9a17bc973052ee5d91549bd32fb4dd0dc85b7b85ae94b2e2b4943476bbea5?s=96&d=blank&r=g\",\"caption\":\"Leinewelle\"},\"sameAs\":[\"http:\\\/\\\/localhost\\\/radio%20leinewelle\\\/wordpress\",\"https:\\\/\\\/www.facebook.com\\\/radioleinewelle\",\"https:\\\/\\\/www.instagram.com\\\/radioleinewelle\",\"https:\\\/\\\/x.com\\\/https:\\\/\\\/twitter.com\\\/RLeinewelle?ref_src=twsrcgoogletwcampserptwgrauthor\",\"https:\\\/\\\/soundcloud.com\\\/foerderverein-lokalradio?utm_source=clipboard&utm_medium=text&utm_campaign=social_sharing\"],\"url\":\"https:\\\/\\\/radioleinewelle.de\\\/index.php\\\/author\\\/leinewelle\\\/\"}]}<\/script>\n<!-- \/ Yoast SEO plugin. -->","yoast_head_json":{"title":"Ein \"Zeitraum\" f\u00fcr Schmuck - Kunst - Design - Radio Leinewelle","robots":{"index":"index","follow":"follow","max-snippet":"max-snippet:-1","max-image-preview":"max-image-preview:large","max-video-preview":"max-video-preview:-1"},"canonical":"https:\/\/radioleinewelle.de\/index.php\/2024\/01\/03\/ein-zeitraum-fuer-schmuck-kunst-design\/","og_locale":"de_DE","og_type":"article","og_title":"Ein \"Zeitraum\" f\u00fcr Schmuck - Kunst - Design - Radio Leinewelle","og_description":"Eine Gesch\u00e4ftsgalerie f\u00fcr regionale K\u00fcnstler und Designer, diese L\u00fccke f\u00fcllt der &#8222;Zeitraum&#8220; der Schmuckdesignerin Rita Franze in der Johannisstr. 25b in G\u00f6ttingen. Wir haben mit der Inhaberin und Schmuckdesignerin Rita Franze \u00fcber das befristete Projekt gesprochen. Hier noch einmal unser Radiobeitrag vom 22.12.23: Wer die Galerie besuchen m\u00f6chte, muss sich beeilen: der &#8222;Zeitraum&#8220; ist noch [&hellip;]","og_url":"https:\/\/radioleinewelle.de\/index.php\/2024\/01\/03\/ein-zeitraum-fuer-schmuck-kunst-design\/","og_site_name":"Radio Leinewelle","article_publisher":"https:\/\/www.facebook.com\/radioleinewelle","article_author":"https:\/\/www.facebook.com\/radioleinewelle","article_published_time":"2024-01-03T09:53:13+00:00","article_modified_time":"2024-01-03T09:53:14+00:00","og_image":[{"width":1024,"height":768,"url":"https:\/\/radioleinewelle.de\/wp-content\/uploads\/2024\/01\/Zeitraum-1.jpg","type":"image\/jpeg"}],"author":"Leinewelle","twitter_card":"summary_large_image","twitter_creator":"@https:\/\/twitter.com\/RLeinewelle?ref_src=twsrcgoogletwcampserptwgrauthor","twitter_site":"@RLeinewelle","twitter_misc":{"Verfasst von":"Leinewelle","Gesch\u00e4tzte Lesezeit":"2\u00a0Minuten"},"schema":{"@context":"https:\/\/schema.org","@graph":[{"@type":"Article","@id":"https:\/\/radioleinewelle.de\/index.php\/2024\/01\/03\/ein-zeitraum-fuer-schmuck-kunst-design\/#article","isPartOf":{"@id":"https:\/\/radioleinewelle.de\/index.php\/2024\/01\/03\/ein-zeitraum-fuer-schmuck-kunst-design\/"},"author":{"name":"Leinewelle","@id":"https:\/\/radioleinewelle.de\/#\/schema\/person\/45606f348637df637192dc1b68399a63"},"headline":"Ein &#8222;Zeitraum&#8220; f\u00fcr Schmuck &#8211; Kunst &#8211; Design","datePublished":"2024-01-03T09:53:13+00:00","dateModified":"2024-01-03T09:53:14+00:00","mainEntityOfPage":{"@id":"https:\/\/radioleinewelle.de\/index.php\/2024\/01\/03\/ein-zeitraum-fuer-schmuck-kunst-design\/"},"wordCount":104,"commentCount":0,"publisher":{"@id":"https:\/\/radioleinewelle.de\/#organization"},"image":{"@id":"https:\/\/radioleinewelle.de\/index.php\/2024\/01\/03\/ein-zeitraum-fuer-schmuck-kunst-design\/#primaryimage"},"thumbnailUrl":"https:\/\/radioleinewelle.de\/wp-content\/uploads\/2024\/01\/Zeitraum-1.jpg","articleSection":["Bildende K\u00fcnstler der Region","Kultur"],"inLanguage":"de","potentialAction":[{"@type":"CommentAction","name":"Comment","target":["https:\/\/radioleinewelle.de\/index.php\/2024\/01\/03\/ein-zeitraum-fuer-schmuck-kunst-design\/#respond"]}]},{"@type":"WebPage","@id":"https:\/\/radioleinewelle.de\/index.php\/2024\/01\/03\/ein-zeitraum-fuer-schmuck-kunst-design\/","url":"https:\/\/radioleinewelle.de\/index.php\/2024\/01\/03\/ein-zeitraum-fuer-schmuck-kunst-design\/","name":"Ein \"Zeitraum\" f\u00fcr Schmuck - Kunst - Design - Radio Leinewelle","isPartOf":{"@id":"https:\/\/radioleinewelle.de\/#website"},"primaryImageOfPage":{"@id":"https:\/\/radioleinewelle.de\/index.php\/2024\/01\/03\/ein-zeitraum-fuer-schmuck-kunst-design\/#primaryimage"},"image":{"@id":"https:\/\/radioleinewelle.de\/index.php\/2024\/01\/03\/ein-zeitraum-fuer-schmuck-kunst-design\/#primaryimage"},"thumbnailUrl":"https:\/\/radioleinewelle.de\/wp-content\/uploads\/2024\/01\/Zeitraum-1.jpg","datePublished":"2024-01-03T09:53:13+00:00","dateModified":"2024-01-03T09:53:14+00:00","breadcrumb":{"@id":"https:\/\/radioleinewelle.de\/index.php\/2024\/01\/03\/ein-zeitraum-fuer-schmuck-kunst-design\/#breadcrumb"},"inLanguage":"de","potentialAction":[{"@type":"ReadAction","target":["https:\/\/radioleinewelle.de\/index.php\/2024\/01\/03\/ein-zeitraum-fuer-schmuck-kunst-design\/"]}]},{"@type":"ImageObject","inLanguage":"de","@id":"https:\/\/radioleinewelle.de\/index.php\/2024\/01\/03\/ein-zeitraum-fuer-schmuck-kunst-design\/#primaryimage","url":"https:\/\/radioleinewelle.de\/wp-content\/uploads\/2024\/01\/Zeitraum-1.jpg","contentUrl":"https:\/\/radioleinewelle.de\/wp-content\/uploads\/2024\/01\/Zeitraum-1.jpg","width":1024,"height":768},{"@type":"BreadcrumbList","@id":"https:\/\/radioleinewelle.de\/index.php\/2024\/01\/03\/ein-zeitraum-fuer-schmuck-kunst-design\/#breadcrumb","itemListElement":[{"@type":"ListItem","position":1,"name":"Startseite","item":"https:\/\/radioleinewelle.de\/"},{"@type":"ListItem","position":2,"name":"Ein &#8220;Zeitraum&#8221; f\u00fcr Schmuck &#8211; Kunst &#8211; Design"}]},{"@type":"WebSite","@id":"https:\/\/radioleinewelle.de\/#website","url":"https:\/\/radioleinewelle.de\/","name":"Radio Leinewelle","description":"","publisher":{"@id":"https:\/\/radioleinewelle.de\/#organization"},"potentialAction":[{"@type":"SearchAction","target":{"@type":"EntryPoint","urlTemplate":"https:\/\/radioleinewelle.de\/?s={search_term_string}"},"query-input":{"@type":"PropertyValueSpecification","valueRequired":true,"valueName":"search_term_string"}}],"inLanguage":"de"},{"@type":"Organization","@id":"https:\/\/radioleinewelle.de\/#organization","name":"Radio Leinewelle","alternateName":"Mein Radio f\u00fcr S\u00fcdniedersachsen","url":"https:\/\/radioleinewelle.de\/","logo":{"@type":"ImageObject","inLanguage":"de","@id":"https:\/\/radioleinewelle.de\/#\/schema\/logo\/image\/","url":"https:\/\/radioleinewelle.de\/wp-content\/uploads\/2023\/11\/cropped-Leinewelle_Logo_weiss.png","contentUrl":"https:\/\/radioleinewelle.de\/wp-content\/uploads\/2023\/11\/cropped-Leinewelle_Logo_weiss.png","width":854,"height":260,"caption":"Radio Leinewelle"},"image":{"@id":"https:\/\/radioleinewelle.de\/#\/schema\/logo\/image\/"},"sameAs":["https:\/\/www.facebook.com\/radioleinewelle","https:\/\/x.com\/RLeinewelle","https:\/\/www.instagram.com\/radioleinewelle\/?hl=de"]},{"@type":"Person","@id":"https:\/\/radioleinewelle.de\/#\/schema\/person\/45606f348637df637192dc1b68399a63","name":"Leinewelle","image":{"@type":"ImageObject","inLanguage":"de","@id":"https:\/\/secure.gravatar.com\/avatar\/05c9a17bc973052ee5d91549bd32fb4dd0dc85b7b85ae94b2e2b4943476bbea5?s=96&d=blank&r=g","url":"https:\/\/secure.gravatar.com\/avatar\/05c9a17bc973052ee5d91549bd32fb4dd0dc85b7b85ae94b2e2b4943476bbea5?s=96&d=blank&r=g","contentUrl":"https:\/\/secure.gravatar.com\/avatar\/05c9a17bc973052ee5d91549bd32fb4dd0dc85b7b85ae94b2e2b4943476bbea5?s=96&d=blank&r=g","caption":"Leinewelle"},"sameAs":["http:\/\/localhost\/radio%20leinewelle\/wordpress","https:\/\/www.facebook.com\/radioleinewelle","https:\/\/www.instagram.com\/radioleinewelle","https:\/\/x.com\/https:\/\/twitter.com\/RLeinewelle?ref_src=twsrcgoogletwcampserptwgrauthor","https:\/\/soundcloud.com\/foerderverein-lokalradio?utm_source=clipboard&utm_medium=text&utm_campaign=social_sharing"],"url":"https:\/\/radioleinewelle.de\/index.php\/author\/leinewelle\/"}]}},"_links":{"self":[{"href":"https:\/\/radioleinewelle.de\/index.php\/wp-json\/wp\/v2\/posts\/24781","targetHints":{"allow":["GET"]}}],"collection":[{"href":"https:\/\/radioleinewelle.de\/index.php\/wp-json\/wp\/v2\/posts"}],"about":[{"href":"https:\/\/radioleinewelle.de\/index.php\/wp-json\/wp\/v2\/types\/post"}],"author":[{"embeddable":true,"href":"https:\/\/radioleinewelle.de\/index.php\/wp-json\/wp\/v2\/users\/1"}],"replies":[{"embeddable":true,"href":"https:\/\/radioleinewelle.de\/index.php\/wp-json\/wp\/v2\/comments?post=24781"}],"version-history":[{"count":2,"href":"https:\/\/radioleinewelle.de\/index.php\/wp-json\/wp\/v2\/posts\/24781\/revisions"}],"predecessor-version":[{"id":24790,"href":"https:\/\/radioleinewelle.de\/index.php\/wp-json\/wp\/v2\/posts\/24781\/revisions\/24790"}],"wp:featuredmedia":[{"embeddable":true,"href":"https:\/\/radioleinewelle.de\/index.php\/wp-json\/wp\/v2\/media\/24787"}],"wp:attachment":[{"href":"https:\/\/radioleinewelle.de\/index.php\/wp-json\/wp\/v2\/media?parent=24781"}],"wp:term":[{"taxonomy":"category","embeddable":true,"href":"https:\/\/radioleinewelle.de\/index.php\/wp-json\/wp\/v2\/categories?post=24781"},{"taxonomy":"post_tag","embeddable":true,"href":"https:\/\/radioleinewelle.de\/index.php\/wp-json\/wp\/v2\/tags?post=24781"}],"curies":[{"name":"wp","href":"https:\/\/api.w.org\/{rel}","templated":true}]}}