{"id":2480,"date":"2020-10-21T05:15:34","date_gmt":"2020-10-21T03:15:34","guid":{"rendered":"https:\/\/radioleinewelle.de\/?p=2480"},"modified":"2020-10-21T05:15:34","modified_gmt":"2020-10-21T03:15:34","slug":"optische-erkennung-des-coronavirus-volkswagenstiftung-foerdert-projekt-an-universitaet-und-umg","status":"publish","type":"post","link":"https:\/\/radioleinewelle.de\/index.php\/2020\/10\/21\/optische-erkennung-des-coronavirus-volkswagenstiftung-foerdert-projekt-an-universitaet-und-umg\/","title":{"rendered":"Optische Erkennung des Coronavirus &#8211; VolkswagenStiftung f\u00f6rdert Projekt an Universit\u00e4t und UMG"},"content":{"rendered":"<p>Die Erkennung und Diagnostik des Coronavirus ist eine der wichtigsten Ma\u00dfnahmen zur Bek\u00e4mpfung der Pandemie. Allerdings ist die bisher genutzte Technologie bei Weitem noch nicht so schnell, pr\u00e4zise und verf\u00fcgbar wie es w\u00fcnschenswert w\u00e4re. Die VolkswagenStiftung f\u00f6rdert nun im Rahmen ihrer Anti-Corona-Initiative ein Projekt an der Universit\u00e4t und Universit\u00e4tsmedizin G\u00f6ttingen (UMG), in dem Nanosensoren zur schnellen optischen Erkennung des Virus entwickelt werden. F\u00fcr die zus\u00e4tzliche und schnelle Forschung im kommenden Jahr hat die VolkswagenStiftung 120 000 Euro bereitgestellt.<\/p>\n<p>Die winzigen Sensoren werden aus Materialien aufgebaut, die in einem f\u00fcr den Menschen nicht sichtbaren Bereich des Lichts (nahes Infrarot) leuchten. Diese Materialien werden chemisch so modifiziert, dass sie virale Bausteine erkennen und unterscheiden k\u00f6nnen. Sobald das Virus oder virales Material in ihrer Umgebung auftaucht, ver\u00e4ndern sie ihr optisches Signal und erlauben so den direkten und vor allem schnellen Nachweis.<\/p>\n<p>\u201eMit diesem Ansatz wollen wir einerseits die grunds\u00e4tzliche Anwesenheit des Virus erkennen, aber auch Hinweise auf die Infekti\u00f6sit\u00e4t des Virus und die Infektionsgefahr f\u00fcr Patienten gewinnen\u201c, so die Projektleiter Dr. Sebastian Kruss vom Institut f\u00fcr Physikalische Chemie der Universit\u00e4t G\u00f6ttingen und Prof. Dr. Uwe Gro\u00df, Direktor des Instituts f\u00fcr Medizinische Mikrobiologie der UMG. \u201eDadurch k\u00f6nnte eine schnelle, unkomplizierte Vor-Ort-Diagnostik ohne Bedarf f\u00fcr gr\u00f6\u00dfere Laborger\u00e4te erm\u00f6glicht werden.\u201c<\/p>\n<p>Das Projekt baut auf bereits seit drei Jahren laufender Forschung und Technologie zur ber\u00fchrungsfreien optischen Detektion von anderen Krankheitserregern, wie Bakterien, auf, die ebenfalls von der VolkswagenStiftung gef\u00f6rdert wird. Dadurch soll schon innerhalb der einj\u00e4hrigen Projektlaufzeit evaluiert werden, ob diese neue Technologie eine breite Anwendung finden und einen Beitrag zur Bew\u00e4ltigung der Pandemie\u00a0leisten kann.<br \/>\nFoto\u00a0Das Team will Nanosensoren zur schnellen optischen Erkennung des Virus entwickeln. \u00a9Universit\u00e4t G\u00f6ttingen<\/p>\n","protected":false},"excerpt":{"rendered":"<p>Die Erkennung und Diagnostik des Coronavirus ist eine der wichtigsten Ma\u00dfnahmen zur Bek\u00e4mpfung der Pandemie. Allerdings ist die bisher genutzte Technologie bei Weitem noch nicht so schnell, pr\u00e4zise und verf\u00fcgbar wie es w\u00fcnschenswert w\u00e4re. Die VolkswagenStiftung f\u00f6rdert nun im Rahmen ihrer Anti-Corona-Initiative ein Projekt an der Universit\u00e4t und Universit\u00e4tsmedizin G\u00f6ttingen (UMG), in dem Nanosensoren zur [&hellip;]<\/p>\n","protected":false},"author":1,"featured_media":2484,"comment_status":"closed","ping_status":"closed","sticky":false,"template":"","format":"standard","meta":{"saved_in_kubio":false,"footnotes":""},"categories":[44],"tags":[],"class_list":["post-2480","post","type-post","status-publish","format-standard","has-post-thumbnail","hentry","category-wissenschaft"],"yoast_head":"<!-- This site is optimized with the Yoast SEO plugin v27.5 - https:\/\/yoast.com\/product\/yoast-seo-wordpress\/ -->\n<title>Optische Erkennung des Coronavirus - VolkswagenStiftung f\u00f6rdert Projekt an Universit\u00e4t und UMG - Radio Leinewelle<\/title>\n<meta name=\"robots\" content=\"index, follow, max-snippet:-1, max-image-preview:large, max-video-preview:-1\" \/>\n<link rel=\"canonical\" href=\"https:\/\/radioleinewelle.de\/index.php\/2020\/10\/21\/optische-erkennung-des-coronavirus-volkswagenstiftung-foerdert-projekt-an-universitaet-und-umg\/\" \/>\n<meta property=\"og:locale\" content=\"de_DE\" \/>\n<meta property=\"og:type\" content=\"article\" \/>\n<meta property=\"og:title\" content=\"Optische Erkennung des Coronavirus - VolkswagenStiftung f\u00f6rdert Projekt an Universit\u00e4t und UMG - Radio Leinewelle\" \/>\n<meta property=\"og:description\" content=\"Die Erkennung und Diagnostik des Coronavirus ist eine der wichtigsten Ma\u00dfnahmen zur Bek\u00e4mpfung der Pandemie. Allerdings ist die bisher genutzte Technologie bei Weitem noch nicht so schnell, pr\u00e4zise und verf\u00fcgbar wie es w\u00fcnschenswert w\u00e4re. Die VolkswagenStiftung f\u00f6rdert nun im Rahmen ihrer Anti-Corona-Initiative ein Projekt an der Universit\u00e4t und Universit\u00e4tsmedizin G\u00f6ttingen (UMG), in dem Nanosensoren zur [&hellip;]\" \/>\n<meta property=\"og:url\" content=\"https:\/\/radioleinewelle.de\/index.php\/2020\/10\/21\/optische-erkennung-des-coronavirus-volkswagenstiftung-foerdert-projekt-an-universitaet-und-umg\/\" \/>\n<meta property=\"og:site_name\" content=\"Radio Leinewelle\" \/>\n<meta property=\"article:publisher\" content=\"https:\/\/www.facebook.com\/radioleinewelle\" \/>\n<meta property=\"article:author\" content=\"https:\/\/www.facebook.com\/radioleinewelle\" \/>\n<meta property=\"article:published_time\" content=\"2020-10-21T03:15:34+00:00\" \/>\n<meta property=\"og:image\" content=\"https:\/\/radioleinewelle.de\/wp-content\/uploads\/2020\/10\/pic_c71f3209d720201020114723.jpg\" \/>\n\t<meta property=\"og:image:width\" content=\"1500\" \/>\n\t<meta property=\"og:image:height\" content=\"568\" \/>\n\t<meta property=\"og:image:type\" content=\"image\/jpeg\" \/>\n<meta name=\"author\" content=\"Leinewelle\" \/>\n<meta name=\"twitter:card\" content=\"summary_large_image\" \/>\n<meta name=\"twitter:creator\" content=\"@https:\/\/twitter.com\/RLeinewelle?ref_src=twsrcgoogletwcampserptwgrauthor\" \/>\n<meta name=\"twitter:site\" content=\"@RLeinewelle\" \/>\n<meta name=\"twitter:label1\" content=\"Verfasst von\" \/>\n\t<meta name=\"twitter:data1\" content=\"Leinewelle\" \/>\n\t<meta name=\"twitter:label2\" content=\"Gesch\u00e4tzte Lesezeit\" \/>\n\t<meta name=\"twitter:data2\" content=\"2\u00a0Minuten\" \/>\n<script type=\"application\/ld+json\" class=\"yoast-schema-graph\">{\"@context\":\"https:\\\/\\\/schema.org\",\"@graph\":[{\"@type\":\"Article\",\"@id\":\"https:\\\/\\\/radioleinewelle.de\\\/index.php\\\/2020\\\/10\\\/21\\\/optische-erkennung-des-coronavirus-volkswagenstiftung-foerdert-projekt-an-universitaet-und-umg\\\/#article\",\"isPartOf\":{\"@id\":\"https:\\\/\\\/radioleinewelle.de\\\/index.php\\\/2020\\\/10\\\/21\\\/optische-erkennung-des-coronavirus-volkswagenstiftung-foerdert-projekt-an-universitaet-und-umg\\\/\"},\"author\":{\"name\":\"Leinewelle\",\"@id\":\"https:\\\/\\\/radioleinewelle.de\\\/#\\\/schema\\\/person\\\/45606f348637df637192dc1b68399a63\"},\"headline\":\"Optische Erkennung des Coronavirus &#8211; VolkswagenStiftung f\u00f6rdert Projekt an Universit\u00e4t und UMG\",\"datePublished\":\"2020-10-21T03:15:34+00:00\",\"mainEntityOfPage\":{\"@id\":\"https:\\\/\\\/radioleinewelle.de\\\/index.php\\\/2020\\\/10\\\/21\\\/optische-erkennung-des-coronavirus-volkswagenstiftung-foerdert-projekt-an-universitaet-und-umg\\\/\"},\"wordCount\":319,\"publisher\":{\"@id\":\"https:\\\/\\\/radioleinewelle.de\\\/#organization\"},\"image\":{\"@id\":\"https:\\\/\\\/radioleinewelle.de\\\/index.php\\\/2020\\\/10\\\/21\\\/optische-erkennung-des-coronavirus-volkswagenstiftung-foerdert-projekt-an-universitaet-und-umg\\\/#primaryimage\"},\"thumbnailUrl\":\"https:\\\/\\\/radioleinewelle.de\\\/wp-content\\\/uploads\\\/2020\\\/10\\\/pic_c71f3209d720201020114723.jpg\",\"articleSection\":[\"Wissenschaft\"],\"inLanguage\":\"de\"},{\"@type\":\"WebPage\",\"@id\":\"https:\\\/\\\/radioleinewelle.de\\\/index.php\\\/2020\\\/10\\\/21\\\/optische-erkennung-des-coronavirus-volkswagenstiftung-foerdert-projekt-an-universitaet-und-umg\\\/\",\"url\":\"https:\\\/\\\/radioleinewelle.de\\\/index.php\\\/2020\\\/10\\\/21\\\/optische-erkennung-des-coronavirus-volkswagenstiftung-foerdert-projekt-an-universitaet-und-umg\\\/\",\"name\":\"Optische Erkennung des Coronavirus - VolkswagenStiftung f\u00f6rdert Projekt an Universit\u00e4t und UMG - Radio Leinewelle\",\"isPartOf\":{\"@id\":\"https:\\\/\\\/radioleinewelle.de\\\/#website\"},\"primaryImageOfPage\":{\"@id\":\"https:\\\/\\\/radioleinewelle.de\\\/index.php\\\/2020\\\/10\\\/21\\\/optische-erkennung-des-coronavirus-volkswagenstiftung-foerdert-projekt-an-universitaet-und-umg\\\/#primaryimage\"},\"image\":{\"@id\":\"https:\\\/\\\/radioleinewelle.de\\\/index.php\\\/2020\\\/10\\\/21\\\/optische-erkennung-des-coronavirus-volkswagenstiftung-foerdert-projekt-an-universitaet-und-umg\\\/#primaryimage\"},\"thumbnailUrl\":\"https:\\\/\\\/radioleinewelle.de\\\/wp-content\\\/uploads\\\/2020\\\/10\\\/pic_c71f3209d720201020114723.jpg\",\"datePublished\":\"2020-10-21T03:15:34+00:00\",\"breadcrumb\":{\"@id\":\"https:\\\/\\\/radioleinewelle.de\\\/index.php\\\/2020\\\/10\\\/21\\\/optische-erkennung-des-coronavirus-volkswagenstiftung-foerdert-projekt-an-universitaet-und-umg\\\/#breadcrumb\"},\"inLanguage\":\"de\",\"potentialAction\":[{\"@type\":\"ReadAction\",\"target\":[\"https:\\\/\\\/radioleinewelle.de\\\/index.php\\\/2020\\\/10\\\/21\\\/optische-erkennung-des-coronavirus-volkswagenstiftung-foerdert-projekt-an-universitaet-und-umg\\\/\"]}]},{\"@type\":\"ImageObject\",\"inLanguage\":\"de\",\"@id\":\"https:\\\/\\\/radioleinewelle.de\\\/index.php\\\/2020\\\/10\\\/21\\\/optische-erkennung-des-coronavirus-volkswagenstiftung-foerdert-projekt-an-universitaet-und-umg\\\/#primaryimage\",\"url\":\"https:\\\/\\\/radioleinewelle.de\\\/wp-content\\\/uploads\\\/2020\\\/10\\\/pic_c71f3209d720201020114723.jpg\",\"contentUrl\":\"https:\\\/\\\/radioleinewelle.de\\\/wp-content\\\/uploads\\\/2020\\\/10\\\/pic_c71f3209d720201020114723.jpg\",\"width\":1500,\"height\":568},{\"@type\":\"BreadcrumbList\",\"@id\":\"https:\\\/\\\/radioleinewelle.de\\\/index.php\\\/2020\\\/10\\\/21\\\/optische-erkennung-des-coronavirus-volkswagenstiftung-foerdert-projekt-an-universitaet-und-umg\\\/#breadcrumb\",\"itemListElement\":[{\"@type\":\"ListItem\",\"position\":1,\"name\":\"Startseite\",\"item\":\"https:\\\/\\\/radioleinewelle.de\\\/\"},{\"@type\":\"ListItem\",\"position\":2,\"name\":\"Optische Erkennung des Coronavirus &#8211; VolkswagenStiftung f\u00f6rdert Projekt an Universit\u00e4t und UMG\"}]},{\"@type\":\"WebSite\",\"@id\":\"https:\\\/\\\/radioleinewelle.de\\\/#website\",\"url\":\"https:\\\/\\\/radioleinewelle.de\\\/\",\"name\":\"Radio Leinewelle\",\"description\":\"\",\"publisher\":{\"@id\":\"https:\\\/\\\/radioleinewelle.de\\\/#organization\"},\"potentialAction\":[{\"@type\":\"SearchAction\",\"target\":{\"@type\":\"EntryPoint\",\"urlTemplate\":\"https:\\\/\\\/radioleinewelle.de\\\/?s={search_term_string}\"},\"query-input\":{\"@type\":\"PropertyValueSpecification\",\"valueRequired\":true,\"valueName\":\"search_term_string\"}}],\"inLanguage\":\"de\"},{\"@type\":\"Organization\",\"@id\":\"https:\\\/\\\/radioleinewelle.de\\\/#organization\",\"name\":\"Radio Leinewelle\",\"alternateName\":\"Mein Radio f\u00fcr S\u00fcdniedersachsen\",\"url\":\"https:\\\/\\\/radioleinewelle.de\\\/\",\"logo\":{\"@type\":\"ImageObject\",\"inLanguage\":\"de\",\"@id\":\"https:\\\/\\\/radioleinewelle.de\\\/#\\\/schema\\\/logo\\\/image\\\/\",\"url\":\"https:\\\/\\\/radioleinewelle.de\\\/wp-content\\\/uploads\\\/2023\\\/11\\\/cropped-Leinewelle_Logo_weiss.png\",\"contentUrl\":\"https:\\\/\\\/radioleinewelle.de\\\/wp-content\\\/uploads\\\/2023\\\/11\\\/cropped-Leinewelle_Logo_weiss.png\",\"width\":854,\"height\":260,\"caption\":\"Radio Leinewelle\"},\"image\":{\"@id\":\"https:\\\/\\\/radioleinewelle.de\\\/#\\\/schema\\\/logo\\\/image\\\/\"},\"sameAs\":[\"https:\\\/\\\/www.facebook.com\\\/radioleinewelle\",\"https:\\\/\\\/x.com\\\/RLeinewelle\",\"https:\\\/\\\/www.instagram.com\\\/radioleinewelle\\\/?hl=de\"]},{\"@type\":\"Person\",\"@id\":\"https:\\\/\\\/radioleinewelle.de\\\/#\\\/schema\\\/person\\\/45606f348637df637192dc1b68399a63\",\"name\":\"Leinewelle\",\"image\":{\"@type\":\"ImageObject\",\"inLanguage\":\"de\",\"@id\":\"https:\\\/\\\/secure.gravatar.com\\\/avatar\\\/05c9a17bc973052ee5d91549bd32fb4dd0dc85b7b85ae94b2e2b4943476bbea5?s=96&d=blank&r=g\",\"url\":\"https:\\\/\\\/secure.gravatar.com\\\/avatar\\\/05c9a17bc973052ee5d91549bd32fb4dd0dc85b7b85ae94b2e2b4943476bbea5?s=96&d=blank&r=g\",\"contentUrl\":\"https:\\\/\\\/secure.gravatar.com\\\/avatar\\\/05c9a17bc973052ee5d91549bd32fb4dd0dc85b7b85ae94b2e2b4943476bbea5?s=96&d=blank&r=g\",\"caption\":\"Leinewelle\"},\"sameAs\":[\"http:\\\/\\\/localhost\\\/radio%20leinewelle\\\/wordpress\",\"https:\\\/\\\/www.facebook.com\\\/radioleinewelle\",\"https:\\\/\\\/www.instagram.com\\\/radioleinewelle\",\"https:\\\/\\\/x.com\\\/https:\\\/\\\/twitter.com\\\/RLeinewelle?ref_src=twsrcgoogletwcampserptwgrauthor\",\"https:\\\/\\\/soundcloud.com\\\/foerderverein-lokalradio?utm_source=clipboard&utm_medium=text&utm_campaign=social_sharing\"],\"url\":\"https:\\\/\\\/radioleinewelle.de\\\/index.php\\\/author\\\/leinewelle\\\/\"}]}<\/script>\n<!-- \/ Yoast SEO plugin. -->","yoast_head_json":{"title":"Optische Erkennung des Coronavirus - VolkswagenStiftung f\u00f6rdert Projekt an Universit\u00e4t und UMG - Radio Leinewelle","robots":{"index":"index","follow":"follow","max-snippet":"max-snippet:-1","max-image-preview":"max-image-preview:large","max-video-preview":"max-video-preview:-1"},"canonical":"https:\/\/radioleinewelle.de\/index.php\/2020\/10\/21\/optische-erkennung-des-coronavirus-volkswagenstiftung-foerdert-projekt-an-universitaet-und-umg\/","og_locale":"de_DE","og_type":"article","og_title":"Optische Erkennung des Coronavirus - VolkswagenStiftung f\u00f6rdert Projekt an Universit\u00e4t und UMG - Radio Leinewelle","og_description":"Die Erkennung und Diagnostik des Coronavirus ist eine der wichtigsten Ma\u00dfnahmen zur Bek\u00e4mpfung der Pandemie. Allerdings ist die bisher genutzte Technologie bei Weitem noch nicht so schnell, pr\u00e4zise und verf\u00fcgbar wie es w\u00fcnschenswert w\u00e4re. Die VolkswagenStiftung f\u00f6rdert nun im Rahmen ihrer Anti-Corona-Initiative ein Projekt an der Universit\u00e4t und Universit\u00e4tsmedizin G\u00f6ttingen (UMG), in dem Nanosensoren zur [&hellip;]","og_url":"https:\/\/radioleinewelle.de\/index.php\/2020\/10\/21\/optische-erkennung-des-coronavirus-volkswagenstiftung-foerdert-projekt-an-universitaet-und-umg\/","og_site_name":"Radio Leinewelle","article_publisher":"https:\/\/www.facebook.com\/radioleinewelle","article_author":"https:\/\/www.facebook.com\/radioleinewelle","article_published_time":"2020-10-21T03:15:34+00:00","og_image":[{"width":1500,"height":568,"url":"https:\/\/radioleinewelle.de\/wp-content\/uploads\/2020\/10\/pic_c71f3209d720201020114723.jpg","type":"image\/jpeg"}],"author":"Leinewelle","twitter_card":"summary_large_image","twitter_creator":"@https:\/\/twitter.com\/RLeinewelle?ref_src=twsrcgoogletwcampserptwgrauthor","twitter_site":"@RLeinewelle","twitter_misc":{"Verfasst von":"Leinewelle","Gesch\u00e4tzte Lesezeit":"2\u00a0Minuten"},"schema":{"@context":"https:\/\/schema.org","@graph":[{"@type":"Article","@id":"https:\/\/radioleinewelle.de\/index.php\/2020\/10\/21\/optische-erkennung-des-coronavirus-volkswagenstiftung-foerdert-projekt-an-universitaet-und-umg\/#article","isPartOf":{"@id":"https:\/\/radioleinewelle.de\/index.php\/2020\/10\/21\/optische-erkennung-des-coronavirus-volkswagenstiftung-foerdert-projekt-an-universitaet-und-umg\/"},"author":{"name":"Leinewelle","@id":"https:\/\/radioleinewelle.de\/#\/schema\/person\/45606f348637df637192dc1b68399a63"},"headline":"Optische Erkennung des Coronavirus &#8211; VolkswagenStiftung f\u00f6rdert Projekt an Universit\u00e4t und UMG","datePublished":"2020-10-21T03:15:34+00:00","mainEntityOfPage":{"@id":"https:\/\/radioleinewelle.de\/index.php\/2020\/10\/21\/optische-erkennung-des-coronavirus-volkswagenstiftung-foerdert-projekt-an-universitaet-und-umg\/"},"wordCount":319,"publisher":{"@id":"https:\/\/radioleinewelle.de\/#organization"},"image":{"@id":"https:\/\/radioleinewelle.de\/index.php\/2020\/10\/21\/optische-erkennung-des-coronavirus-volkswagenstiftung-foerdert-projekt-an-universitaet-und-umg\/#primaryimage"},"thumbnailUrl":"https:\/\/radioleinewelle.de\/wp-content\/uploads\/2020\/10\/pic_c71f3209d720201020114723.jpg","articleSection":["Wissenschaft"],"inLanguage":"de"},{"@type":"WebPage","@id":"https:\/\/radioleinewelle.de\/index.php\/2020\/10\/21\/optische-erkennung-des-coronavirus-volkswagenstiftung-foerdert-projekt-an-universitaet-und-umg\/","url":"https:\/\/radioleinewelle.de\/index.php\/2020\/10\/21\/optische-erkennung-des-coronavirus-volkswagenstiftung-foerdert-projekt-an-universitaet-und-umg\/","name":"Optische Erkennung des Coronavirus - VolkswagenStiftung f\u00f6rdert Projekt an Universit\u00e4t und UMG - Radio Leinewelle","isPartOf":{"@id":"https:\/\/radioleinewelle.de\/#website"},"primaryImageOfPage":{"@id":"https:\/\/radioleinewelle.de\/index.php\/2020\/10\/21\/optische-erkennung-des-coronavirus-volkswagenstiftung-foerdert-projekt-an-universitaet-und-umg\/#primaryimage"},"image":{"@id":"https:\/\/radioleinewelle.de\/index.php\/2020\/10\/21\/optische-erkennung-des-coronavirus-volkswagenstiftung-foerdert-projekt-an-universitaet-und-umg\/#primaryimage"},"thumbnailUrl":"https:\/\/radioleinewelle.de\/wp-content\/uploads\/2020\/10\/pic_c71f3209d720201020114723.jpg","datePublished":"2020-10-21T03:15:34+00:00","breadcrumb":{"@id":"https:\/\/radioleinewelle.de\/index.php\/2020\/10\/21\/optische-erkennung-des-coronavirus-volkswagenstiftung-foerdert-projekt-an-universitaet-und-umg\/#breadcrumb"},"inLanguage":"de","potentialAction":[{"@type":"ReadAction","target":["https:\/\/radioleinewelle.de\/index.php\/2020\/10\/21\/optische-erkennung-des-coronavirus-volkswagenstiftung-foerdert-projekt-an-universitaet-und-umg\/"]}]},{"@type":"ImageObject","inLanguage":"de","@id":"https:\/\/radioleinewelle.de\/index.php\/2020\/10\/21\/optische-erkennung-des-coronavirus-volkswagenstiftung-foerdert-projekt-an-universitaet-und-umg\/#primaryimage","url":"https:\/\/radioleinewelle.de\/wp-content\/uploads\/2020\/10\/pic_c71f3209d720201020114723.jpg","contentUrl":"https:\/\/radioleinewelle.de\/wp-content\/uploads\/2020\/10\/pic_c71f3209d720201020114723.jpg","width":1500,"height":568},{"@type":"BreadcrumbList","@id":"https:\/\/radioleinewelle.de\/index.php\/2020\/10\/21\/optische-erkennung-des-coronavirus-volkswagenstiftung-foerdert-projekt-an-universitaet-und-umg\/#breadcrumb","itemListElement":[{"@type":"ListItem","position":1,"name":"Startseite","item":"https:\/\/radioleinewelle.de\/"},{"@type":"ListItem","position":2,"name":"Optische Erkennung des Coronavirus &#8211; VolkswagenStiftung f\u00f6rdert Projekt an Universit\u00e4t und UMG"}]},{"@type":"WebSite","@id":"https:\/\/radioleinewelle.de\/#website","url":"https:\/\/radioleinewelle.de\/","name":"Radio Leinewelle","description":"","publisher":{"@id":"https:\/\/radioleinewelle.de\/#organization"},"potentialAction":[{"@type":"SearchAction","target":{"@type":"EntryPoint","urlTemplate":"https:\/\/radioleinewelle.de\/?s={search_term_string}"},"query-input":{"@type":"PropertyValueSpecification","valueRequired":true,"valueName":"search_term_string"}}],"inLanguage":"de"},{"@type":"Organization","@id":"https:\/\/radioleinewelle.de\/#organization","name":"Radio Leinewelle","alternateName":"Mein Radio f\u00fcr S\u00fcdniedersachsen","url":"https:\/\/radioleinewelle.de\/","logo":{"@type":"ImageObject","inLanguage":"de","@id":"https:\/\/radioleinewelle.de\/#\/schema\/logo\/image\/","url":"https:\/\/radioleinewelle.de\/wp-content\/uploads\/2023\/11\/cropped-Leinewelle_Logo_weiss.png","contentUrl":"https:\/\/radioleinewelle.de\/wp-content\/uploads\/2023\/11\/cropped-Leinewelle_Logo_weiss.png","width":854,"height":260,"caption":"Radio Leinewelle"},"image":{"@id":"https:\/\/radioleinewelle.de\/#\/schema\/logo\/image\/"},"sameAs":["https:\/\/www.facebook.com\/radioleinewelle","https:\/\/x.com\/RLeinewelle","https:\/\/www.instagram.com\/radioleinewelle\/?hl=de"]},{"@type":"Person","@id":"https:\/\/radioleinewelle.de\/#\/schema\/person\/45606f348637df637192dc1b68399a63","name":"Leinewelle","image":{"@type":"ImageObject","inLanguage":"de","@id":"https:\/\/secure.gravatar.com\/avatar\/05c9a17bc973052ee5d91549bd32fb4dd0dc85b7b85ae94b2e2b4943476bbea5?s=96&d=blank&r=g","url":"https:\/\/secure.gravatar.com\/avatar\/05c9a17bc973052ee5d91549bd32fb4dd0dc85b7b85ae94b2e2b4943476bbea5?s=96&d=blank&r=g","contentUrl":"https:\/\/secure.gravatar.com\/avatar\/05c9a17bc973052ee5d91549bd32fb4dd0dc85b7b85ae94b2e2b4943476bbea5?s=96&d=blank&r=g","caption":"Leinewelle"},"sameAs":["http:\/\/localhost\/radio%20leinewelle\/wordpress","https:\/\/www.facebook.com\/radioleinewelle","https:\/\/www.instagram.com\/radioleinewelle","https:\/\/x.com\/https:\/\/twitter.com\/RLeinewelle?ref_src=twsrcgoogletwcampserptwgrauthor","https:\/\/soundcloud.com\/foerderverein-lokalradio?utm_source=clipboard&utm_medium=text&utm_campaign=social_sharing"],"url":"https:\/\/radioleinewelle.de\/index.php\/author\/leinewelle\/"}]}},"_links":{"self":[{"href":"https:\/\/radioleinewelle.de\/index.php\/wp-json\/wp\/v2\/posts\/2480","targetHints":{"allow":["GET"]}}],"collection":[{"href":"https:\/\/radioleinewelle.de\/index.php\/wp-json\/wp\/v2\/posts"}],"about":[{"href":"https:\/\/radioleinewelle.de\/index.php\/wp-json\/wp\/v2\/types\/post"}],"author":[{"embeddable":true,"href":"https:\/\/radioleinewelle.de\/index.php\/wp-json\/wp\/v2\/users\/1"}],"replies":[{"embeddable":true,"href":"https:\/\/radioleinewelle.de\/index.php\/wp-json\/wp\/v2\/comments?post=2480"}],"version-history":[{"count":0,"href":"https:\/\/radioleinewelle.de\/index.php\/wp-json\/wp\/v2\/posts\/2480\/revisions"}],"wp:featuredmedia":[{"embeddable":true,"href":"https:\/\/radioleinewelle.de\/index.php\/wp-json\/wp\/v2\/media\/2484"}],"wp:attachment":[{"href":"https:\/\/radioleinewelle.de\/index.php\/wp-json\/wp\/v2\/media?parent=2480"}],"wp:term":[{"taxonomy":"category","embeddable":true,"href":"https:\/\/radioleinewelle.de\/index.php\/wp-json\/wp\/v2\/categories?post=2480"},{"taxonomy":"post_tag","embeddable":true,"href":"https:\/\/radioleinewelle.de\/index.php\/wp-json\/wp\/v2\/tags?post=2480"}],"curies":[{"name":"wp","href":"https:\/\/api.w.org\/{rel}","templated":true}]}}